{"id":20915,"date":"2024-03-01T12:46:47","date_gmt":"2024-03-01T15:46:47","guid":{"rendered":"http:\/\/diarioprincipios.com\/?p=20915"},"modified":"2024-03-01T12:46:49","modified_gmt":"2024-03-01T15:46:49","slug":"el-patio-de-tango-y-folclore-le-puso-el-broche-final-al-ciclo-de-verano-2024","status":"publish","type":"post","link":"https:\/\/diarioprincipios.com\/index.php\/2024\/03\/01\/el-patio-de-tango-y-folclore-le-puso-el-broche-final-al-ciclo-de-verano-2024\/","title":{"rendered":"El Patio de Tango y Folclore le puso el broche final al Ciclo de Verano 2024"},"content":{"rendered":"\n<p><strong>Se realiz\u00f3 el \u00faltimo Patio de Tango y Folclore correspondiente al Ciclo Municipal de Verano 2024, en una velada que cont\u00f3 con la presencia del intendente de Berazategui, Juan Jos\u00e9 Mussi. Adem\u00e1s, se presentaron D\u00fao M\u00edstica y Tanguarro. Durante todo el Ciclo, realizado en enero y febrero, m\u00e1s de 10 mil vecinos y vecinas bailaron y disfrutaron los viernes en el Centro Municipal de Actividades Roberto De Vicenzo.<\/strong><\/p>\n\n\n\n<p>\u201cQueremos que sigan bailando, por eso en agosto vamos a festejar el D\u00eda de la Chacarera. Ustedes saben que esto es absolutamente gratuito, es una forma de alegrar los corazones de nuestros ciudadanos\u201d, asegur\u00f3 Mussi.<\/p>\n\n\n\n<figure class=\"wp-block-image size-large\"><img loading=\"lazy\" decoding=\"async\" width=\"1024\" height=\"683\" src=\"https:\/\/diarioprincipios.com\/wp-content\/uploads\/2024\/03\/20240223_Patio_Tango_Folklore_NM_367-1024x683.jpg\" alt=\"\" class=\"wp-image-20916\" srcset=\"https:\/\/diarioprincipios.com\/wp-content\/uploads\/2024\/03\/20240223_Patio_Tango_Folklore_NM_367-1024x683.jpg 1024w, https:\/\/diarioprincipios.com\/wp-content\/uploads\/2024\/03\/20240223_Patio_Tango_Folklore_NM_367-300x200.jpg 300w, https:\/\/diarioprincipios.com\/wp-content\/uploads\/2024\/03\/20240223_Patio_Tango_Folklore_NM_367-768x512.jpg 768w, https:\/\/diarioprincipios.com\/wp-content\/uploads\/2024\/03\/20240223_Patio_Tango_Folklore_NM_367-1536x1024.jpg 1536w, https:\/\/diarioprincipios.com\/wp-content\/uploads\/2024\/03\/20240223_Patio_Tango_Folklore_NM_367.jpg 1920w\" sizes=\"auto, (max-width: 1024px) 100vw, 1024px\" \/><\/figure>\n\n\n\n<p>Adem\u00e1s, el Intendente remarc\u00f3: \u201cAqu\u00ed, en Berazategui, tratamos de que las crisis no se sientan tanto, de que nos podamos sentir m\u00e1s felices bailando, haciendo lo que nos gusta. Se los ofrecemos de coraz\u00f3n, porque sabemos que lo disfrutan. Con esta aceptaci\u00f3n queremos seguir creando cada vez m\u00e1s cosas para nuestros vecinos. Agradezco a todos los que hacen esto posible y a los y las berazateguenses, infinitamente, la recepci\u00f3n y la alegr\u00eda\u201d.<\/p>\n\n\n\n<figure class=\"wp-block-image size-large\"><img loading=\"lazy\" decoding=\"async\" width=\"1024\" height=\"683\" src=\"https:\/\/diarioprincipios.com\/wp-content\/uploads\/2024\/03\/20240223_Patio_Tango_Folklore_NM_227-1024x683.jpg\" alt=\"\" class=\"wp-image-20918\" srcset=\"https:\/\/diarioprincipios.com\/wp-content\/uploads\/2024\/03\/20240223_Patio_Tango_Folklore_NM_227-1024x683.jpg 1024w, https:\/\/diarioprincipios.com\/wp-content\/uploads\/2024\/03\/20240223_Patio_Tango_Folklore_NM_227-300x200.jpg 300w, https:\/\/diarioprincipios.com\/wp-content\/uploads\/2024\/03\/20240223_Patio_Tango_Folklore_NM_227-768x512.jpg 768w, https:\/\/diarioprincipios.com\/wp-content\/uploads\/2024\/03\/20240223_Patio_Tango_Folklore_NM_227-1536x1024.jpg 1536w, https:\/\/diarioprincipios.com\/wp-content\/uploads\/2024\/03\/20240223_Patio_Tango_Folklore_NM_227.jpg 1920w\" sizes=\"auto, (max-width: 1024px) 100vw, 1024px\" \/><\/figure>\n\n\n\n<p>A lo largo del ciclo, el Patio de Tango y Folclore cont\u00f3 con las presentaciones en vivo de la Orquesta Municipal de Tango, Braian \u201cEl Cantor de los Fogones\u201d, Cuarteto Mulenga, Erika Cabral, Abel Maza, Daniel Barone, Pablo Ramos y los Herederos del Comp\u00e1s, y el Grupo Ser\u00e1. Adem\u00e1s, hubo clases abiertas de folclore, tango, contempor\u00e1neo y zapateo; todo acompa\u00f1ado de la mejor oferta gastron\u00f3mica de los food trucks.<\/p>\n\n\n\n<p>Tambi\u00e9n particip\u00f3 el secretario de Cultura y Educaci\u00f3n municipal, Federico L\u00f3pez, junto a otros integrantes del Gabinete.<\/p>\n","protected":false},"excerpt":{"rendered":"<p>Se realiz\u00f3 el \u00faltimo Patio de Tango y Folclore correspondiente al Ciclo Municipal de Verano 2024, en una velada que cont\u00f3 con la presencia del intendente de Berazategui, Juan Jos\u00e9 Mussi. Adem\u00e1s, se presentaron D\u00fao M\u00edstica y Tanguarro. Durante todo el Ciclo, realizado en enero y febrero, m\u00e1s de 10 mil vecinos y vecinas bailaron&#8230;<\/p>\n","protected":false},"author":2,"featured_media":20919,"comment_status":"open","ping_status":"open","sticky":false,"template":"","format":"standard","meta":{"footnotes":""},"categories":[3],"tags":[],"class_list":["post-20915","post","type-post","status-publish","format-standard","has-post-thumbnail","hentry","category-berazategui"],"featured_image_src":"https:\/\/diarioprincipios.com\/wp-content\/uploads\/2024\/03\/20240223_Patio_Tango_Folklore_NM_199-1024x683.jpg","blog_images":{"medium":"https:\/\/diarioprincipios.com\/wp-content\/uploads\/2024\/03\/20240223_Patio_Tango_Folklore_NM_199-300x200.jpg","large":"https:\/\/diarioprincipios.com\/wp-content\/uploads\/2024\/03\/20240223_Patio_Tango_Folklore_NM_199-1024x683.jpg"},"ams_acf":[],"yoast_head":"<!-- This site is optimized with the Yoast SEO plugin v27.3 - https:\/\/yoast.com\/product\/yoast-seo-wordpress\/ -->\n<title>El Patio de Tango y Folclore le puso el broche final al Ciclo de Verano 2024 - Principios<\/title>\n<meta name=\"robots\" content=\"index, follow, max-snippet:-1, max-image-preview:large, max-video-preview:-1\" \/>\n<link rel=\"canonical\" href=\"https:\/\/diarioprincipios.com\/index.php\/2024\/03\/01\/el-patio-de-tango-y-folclore-le-puso-el-broche-final-al-ciclo-de-verano-2024\/\" \/>\n<meta property=\"og:locale\" content=\"es_ES\" \/>\n<meta property=\"og:type\" content=\"article\" \/>\n<meta property=\"og:title\" content=\"El Patio de Tango y Folclore le puso el broche final al Ciclo de Verano 2024 - Principios\" \/>\n<meta property=\"og:description\" content=\"Se realiz\u00f3 el \u00faltimo Patio de Tango y Folclore correspondiente al Ciclo Municipal de Verano 2024, en una velada que cont\u00f3 con la presencia del intendente de Berazategui, Juan Jos\u00e9 Mussi. Adem\u00e1s, se presentaron D\u00fao M\u00edstica y Tanguarro. Durante todo el Ciclo, realizado en enero y febrero, m\u00e1s de 10 mil vecinos y vecinas bailaron...\" \/>\n<meta property=\"og:url\" content=\"https:\/\/diarioprincipios.com\/index.php\/2024\/03\/01\/el-patio-de-tango-y-folclore-le-puso-el-broche-final-al-ciclo-de-verano-2024\/\" \/>\n<meta property=\"og:site_name\" content=\"Principios\" \/>\n<meta property=\"article:published_time\" content=\"2024-03-01T15:46:47+00:00\" \/>\n<meta property=\"article:modified_time\" content=\"2024-03-01T15:46:49+00:00\" \/>\n<meta property=\"og:image\" content=\"https:\/\/diarioprincipios.com\/wp-content\/uploads\/2024\/03\/20240223_Patio_Tango_Folklore_NM_199.jpg\" \/>\n\t<meta property=\"og:image:width\" content=\"1920\" \/>\n\t<meta property=\"og:image:height\" content=\"1280\" \/>\n\t<meta property=\"og:image:type\" content=\"image\/jpeg\" \/>\n<meta name=\"author\" content=\"Hern\u00e1n L\u00f3pez\" \/>\n<meta name=\"twitter:card\" content=\"summary_large_image\" \/>\n<meta name=\"twitter:label1\" content=\"Escrito por\" \/>\n\t<meta name=\"twitter:data1\" content=\"Hern\u00e1n L\u00f3pez\" \/>\n\t<meta name=\"twitter:label2\" content=\"Tiempo de lectura\" \/>\n\t<meta name=\"twitter:data2\" content=\"2 minutos\" \/>\n<script type=\"application\/ld+json\" class=\"yoast-schema-graph\">{\"@context\":\"https:\\\/\\\/schema.org\",\"@graph\":[{\"@type\":\"Article\",\"@id\":\"https:\\\/\\\/diarioprincipios.com\\\/index.php\\\/2024\\\/03\\\/01\\\/el-patio-de-tango-y-folclore-le-puso-el-broche-final-al-ciclo-de-verano-2024\\\/#article\",\"isPartOf\":{\"@id\":\"https:\\\/\\\/diarioprincipios.com\\\/index.php\\\/2024\\\/03\\\/01\\\/el-patio-de-tango-y-folclore-le-puso-el-broche-final-al-ciclo-de-verano-2024\\\/\"},\"author\":{\"name\":\"Hern\u00e1n L\u00f3pez\",\"@id\":\"https:\\\/\\\/diarioprincipios.com\\\/#\\\/schema\\\/person\\\/436d5a1fd41a5e250e23ff5a6a7cb080\"},\"headline\":\"El Patio de Tango y Folclore le puso el broche final al Ciclo de Verano 2024\",\"datePublished\":\"2024-03-01T15:46:47+00:00\",\"dateModified\":\"2024-03-01T15:46:49+00:00\",\"mainEntityOfPage\":{\"@id\":\"https:\\\/\\\/diarioprincipios.com\\\/index.php\\\/2024\\\/03\\\/01\\\/el-patio-de-tango-y-folclore-le-puso-el-broche-final-al-ciclo-de-verano-2024\\\/\"},\"wordCount\":294,\"commentCount\":0,\"publisher\":{\"@id\":\"https:\\\/\\\/diarioprincipios.com\\\/#organization\"},\"image\":{\"@id\":\"https:\\\/\\\/diarioprincipios.com\\\/index.php\\\/2024\\\/03\\\/01\\\/el-patio-de-tango-y-folclore-le-puso-el-broche-final-al-ciclo-de-verano-2024\\\/#primaryimage\"},\"thumbnailUrl\":\"https:\\\/\\\/diarioprincipios.com\\\/wp-content\\\/uploads\\\/2024\\\/03\\\/20240223_Patio_Tango_Folklore_NM_199.jpg\",\"articleSection\":[\"Berazategui\"],\"inLanguage\":\"es\",\"potentialAction\":[{\"@type\":\"CommentAction\",\"name\":\"Comment\",\"target\":[\"https:\\\/\\\/diarioprincipios.com\\\/index.php\\\/2024\\\/03\\\/01\\\/el-patio-de-tango-y-folclore-le-puso-el-broche-final-al-ciclo-de-verano-2024\\\/#respond\"]}]},{\"@type\":\"WebPage\",\"@id\":\"https:\\\/\\\/diarioprincipios.com\\\/index.php\\\/2024\\\/03\\\/01\\\/el-patio-de-tango-y-folclore-le-puso-el-broche-final-al-ciclo-de-verano-2024\\\/\",\"url\":\"https:\\\/\\\/diarioprincipios.com\\\/index.php\\\/2024\\\/03\\\/01\\\/el-patio-de-tango-y-folclore-le-puso-el-broche-final-al-ciclo-de-verano-2024\\\/\",\"name\":\"El Patio de Tango y Folclore le puso el broche final al Ciclo de Verano 2024 - Principios\",\"isPartOf\":{\"@id\":\"https:\\\/\\\/diarioprincipios.com\\\/#website\"},\"primaryImageOfPage\":{\"@id\":\"https:\\\/\\\/diarioprincipios.com\\\/index.php\\\/2024\\\/03\\\/01\\\/el-patio-de-tango-y-folclore-le-puso-el-broche-final-al-ciclo-de-verano-2024\\\/#primaryimage\"},\"image\":{\"@id\":\"https:\\\/\\\/diarioprincipios.com\\\/index.php\\\/2024\\\/03\\\/01\\\/el-patio-de-tango-y-folclore-le-puso-el-broche-final-al-ciclo-de-verano-2024\\\/#primaryimage\"},\"thumbnailUrl\":\"https:\\\/\\\/diarioprincipios.com\\\/wp-content\\\/uploads\\\/2024\\\/03\\\/20240223_Patio_Tango_Folklore_NM_199.jpg\",\"datePublished\":\"2024-03-01T15:46:47+00:00\",\"dateModified\":\"2024-03-01T15:46:49+00:00\",\"breadcrumb\":{\"@id\":\"https:\\\/\\\/diarioprincipios.com\\\/index.php\\\/2024\\\/03\\\/01\\\/el-patio-de-tango-y-folclore-le-puso-el-broche-final-al-ciclo-de-verano-2024\\\/#breadcrumb\"},\"inLanguage\":\"es\",\"potentialAction\":[{\"@type\":\"ReadAction\",\"target\":[\"https:\\\/\\\/diarioprincipios.com\\\/index.php\\\/2024\\\/03\\\/01\\\/el-patio-de-tango-y-folclore-le-puso-el-broche-final-al-ciclo-de-verano-2024\\\/\"]}]},{\"@type\":\"ImageObject\",\"inLanguage\":\"es\",\"@id\":\"https:\\\/\\\/diarioprincipios.com\\\/index.php\\\/2024\\\/03\\\/01\\\/el-patio-de-tango-y-folclore-le-puso-el-broche-final-al-ciclo-de-verano-2024\\\/#primaryimage\",\"url\":\"https:\\\/\\\/diarioprincipios.com\\\/wp-content\\\/uploads\\\/2024\\\/03\\\/20240223_Patio_Tango_Folklore_NM_199.jpg\",\"contentUrl\":\"https:\\\/\\\/diarioprincipios.com\\\/wp-content\\\/uploads\\\/2024\\\/03\\\/20240223_Patio_Tango_Folklore_NM_199.jpg\",\"width\":1920,\"height\":1280},{\"@type\":\"BreadcrumbList\",\"@id\":\"https:\\\/\\\/diarioprincipios.com\\\/index.php\\\/2024\\\/03\\\/01\\\/el-patio-de-tango-y-folclore-le-puso-el-broche-final-al-ciclo-de-verano-2024\\\/#breadcrumb\",\"itemListElement\":[{\"@type\":\"ListItem\",\"position\":1,\"name\":\"Portada\",\"item\":\"https:\\\/\\\/diarioprincipios.com\\\/\"},{\"@type\":\"ListItem\",\"position\":2,\"name\":\"El Patio de Tango y Folclore le puso el broche final al Ciclo de Verano 2024\"}]},{\"@type\":\"WebSite\",\"@id\":\"https:\\\/\\\/diarioprincipios.com\\\/#website\",\"url\":\"https:\\\/\\\/diarioprincipios.com\\\/\",\"name\":\"Principios\",\"description\":\"Principios Diario\",\"publisher\":{\"@id\":\"https:\\\/\\\/diarioprincipios.com\\\/#organization\"},\"potentialAction\":[{\"@type\":\"SearchAction\",\"target\":{\"@type\":\"EntryPoint\",\"urlTemplate\":\"https:\\\/\\\/diarioprincipios.com\\\/?s={search_term_string}\"},\"query-input\":{\"@type\":\"PropertyValueSpecification\",\"valueRequired\":true,\"valueName\":\"search_term_string\"}}],\"inLanguage\":\"es\"},{\"@type\":\"Organization\",\"@id\":\"https:\\\/\\\/diarioprincipios.com\\\/#organization\",\"name\":\"Principios\",\"url\":\"https:\\\/\\\/diarioprincipios.com\\\/\",\"logo\":{\"@type\":\"ImageObject\",\"inLanguage\":\"es\",\"@id\":\"https:\\\/\\\/diarioprincipios.com\\\/#\\\/schema\\\/logo\\\/image\\\/\",\"url\":\"https:\\\/\\\/diarioprincipios.com\\\/wp-content\\\/uploads\\\/2024\\\/04\\\/cropped-www.diarioprincipios.com_-1.png\",\"contentUrl\":\"https:\\\/\\\/diarioprincipios.com\\\/wp-content\\\/uploads\\\/2024\\\/04\\\/cropped-www.diarioprincipios.com_-1.png\",\"width\":5325,\"height\":1454,\"caption\":\"Principios\"},\"image\":{\"@id\":\"https:\\\/\\\/diarioprincipios.com\\\/#\\\/schema\\\/logo\\\/image\\\/\"}},{\"@type\":\"Person\",\"@id\":\"https:\\\/\\\/diarioprincipios.com\\\/#\\\/schema\\\/person\\\/436d5a1fd41a5e250e23ff5a6a7cb080\",\"name\":\"Hern\u00e1n L\u00f3pez\",\"image\":{\"@type\":\"ImageObject\",\"inLanguage\":\"es\",\"@id\":\"https:\\\/\\\/diarioprincipios.com\\\/wp-content\\\/litespeed\\\/avatar\\\/11ddfe5610ff3bd100522525b2571f48.jpg?ver=1777653193\",\"url\":\"https:\\\/\\\/diarioprincipios.com\\\/wp-content\\\/litespeed\\\/avatar\\\/11ddfe5610ff3bd100522525b2571f48.jpg?ver=1777653193\",\"contentUrl\":\"https:\\\/\\\/diarioprincipios.com\\\/wp-content\\\/litespeed\\\/avatar\\\/11ddfe5610ff3bd100522525b2571f48.jpg?ver=1777653193\",\"caption\":\"Hern\u00e1n L\u00f3pez\"},\"url\":\"https:\\\/\\\/diarioprincipios.com\\\/index.php\\\/author\\\/hernan\\\/\"}]}<\/script>\n<!-- \/ Yoast SEO plugin. -->","yoast_head_json":{"title":"El Patio de Tango y Folclore le puso el broche final al Ciclo de Verano 2024 - Principios","robots":{"index":"index","follow":"follow","max-snippet":"max-snippet:-1","max-image-preview":"max-image-preview:large","max-video-preview":"max-video-preview:-1"},"canonical":"https:\/\/diarioprincipios.com\/index.php\/2024\/03\/01\/el-patio-de-tango-y-folclore-le-puso-el-broche-final-al-ciclo-de-verano-2024\/","og_locale":"es_ES","og_type":"article","og_title":"El Patio de Tango y Folclore le puso el broche final al Ciclo de Verano 2024 - Principios","og_description":"Se realiz\u00f3 el \u00faltimo Patio de Tango y Folclore correspondiente al Ciclo Municipal de Verano 2024, en una velada que cont\u00f3 con la presencia del intendente de Berazategui, Juan Jos\u00e9 Mussi. Adem\u00e1s, se presentaron D\u00fao M\u00edstica y Tanguarro. Durante todo el Ciclo, realizado en enero y febrero, m\u00e1s de 10 mil vecinos y vecinas bailaron...","og_url":"https:\/\/diarioprincipios.com\/index.php\/2024\/03\/01\/el-patio-de-tango-y-folclore-le-puso-el-broche-final-al-ciclo-de-verano-2024\/","og_site_name":"Principios","article_published_time":"2024-03-01T15:46:47+00:00","article_modified_time":"2024-03-01T15:46:49+00:00","og_image":[{"width":1920,"height":1280,"url":"https:\/\/diarioprincipios.com\/wp-content\/uploads\/2024\/03\/20240223_Patio_Tango_Folklore_NM_199.jpg","type":"image\/jpeg"}],"author":"Hern\u00e1n L\u00f3pez","twitter_card":"summary_large_image","twitter_misc":{"Escrito por":"Hern\u00e1n L\u00f3pez","Tiempo de lectura":"2 minutos"},"schema":{"@context":"https:\/\/schema.org","@graph":[{"@type":"Article","@id":"https:\/\/diarioprincipios.com\/index.php\/2024\/03\/01\/el-patio-de-tango-y-folclore-le-puso-el-broche-final-al-ciclo-de-verano-2024\/#article","isPartOf":{"@id":"https:\/\/diarioprincipios.com\/index.php\/2024\/03\/01\/el-patio-de-tango-y-folclore-le-puso-el-broche-final-al-ciclo-de-verano-2024\/"},"author":{"name":"Hern\u00e1n L\u00f3pez","@id":"https:\/\/diarioprincipios.com\/#\/schema\/person\/436d5a1fd41a5e250e23ff5a6a7cb080"},"headline":"El Patio de Tango y Folclore le puso el broche final al Ciclo de Verano 2024","datePublished":"2024-03-01T15:46:47+00:00","dateModified":"2024-03-01T15:46:49+00:00","mainEntityOfPage":{"@id":"https:\/\/diarioprincipios.com\/index.php\/2024\/03\/01\/el-patio-de-tango-y-folclore-le-puso-el-broche-final-al-ciclo-de-verano-2024\/"},"wordCount":294,"commentCount":0,"publisher":{"@id":"https:\/\/diarioprincipios.com\/#organization"},"image":{"@id":"https:\/\/diarioprincipios.com\/index.php\/2024\/03\/01\/el-patio-de-tango-y-folclore-le-puso-el-broche-final-al-ciclo-de-verano-2024\/#primaryimage"},"thumbnailUrl":"https:\/\/diarioprincipios.com\/wp-content\/uploads\/2024\/03\/20240223_Patio_Tango_Folklore_NM_199.jpg","articleSection":["Berazategui"],"inLanguage":"es","potentialAction":[{"@type":"CommentAction","name":"Comment","target":["https:\/\/diarioprincipios.com\/index.php\/2024\/03\/01\/el-patio-de-tango-y-folclore-le-puso-el-broche-final-al-ciclo-de-verano-2024\/#respond"]}]},{"@type":"WebPage","@id":"https:\/\/diarioprincipios.com\/index.php\/2024\/03\/01\/el-patio-de-tango-y-folclore-le-puso-el-broche-final-al-ciclo-de-verano-2024\/","url":"https:\/\/diarioprincipios.com\/index.php\/2024\/03\/01\/el-patio-de-tango-y-folclore-le-puso-el-broche-final-al-ciclo-de-verano-2024\/","name":"El Patio de Tango y Folclore le puso el broche final al Ciclo de Verano 2024 - Principios","isPartOf":{"@id":"https:\/\/diarioprincipios.com\/#website"},"primaryImageOfPage":{"@id":"https:\/\/diarioprincipios.com\/index.php\/2024\/03\/01\/el-patio-de-tango-y-folclore-le-puso-el-broche-final-al-ciclo-de-verano-2024\/#primaryimage"},"image":{"@id":"https:\/\/diarioprincipios.com\/index.php\/2024\/03\/01\/el-patio-de-tango-y-folclore-le-puso-el-broche-final-al-ciclo-de-verano-2024\/#primaryimage"},"thumbnailUrl":"https:\/\/diarioprincipios.com\/wp-content\/uploads\/2024\/03\/20240223_Patio_Tango_Folklore_NM_199.jpg","datePublished":"2024-03-01T15:46:47+00:00","dateModified":"2024-03-01T15:46:49+00:00","breadcrumb":{"@id":"https:\/\/diarioprincipios.com\/index.php\/2024\/03\/01\/el-patio-de-tango-y-folclore-le-puso-el-broche-final-al-ciclo-de-verano-2024\/#breadcrumb"},"inLanguage":"es","potentialAction":[{"@type":"ReadAction","target":["https:\/\/diarioprincipios.com\/index.php\/2024\/03\/01\/el-patio-de-tango-y-folclore-le-puso-el-broche-final-al-ciclo-de-verano-2024\/"]}]},{"@type":"ImageObject","inLanguage":"es","@id":"https:\/\/diarioprincipios.com\/index.php\/2024\/03\/01\/el-patio-de-tango-y-folclore-le-puso-el-broche-final-al-ciclo-de-verano-2024\/#primaryimage","url":"https:\/\/diarioprincipios.com\/wp-content\/uploads\/2024\/03\/20240223_Patio_Tango_Folklore_NM_199.jpg","contentUrl":"https:\/\/diarioprincipios.com\/wp-content\/uploads\/2024\/03\/20240223_Patio_Tango_Folklore_NM_199.jpg","width":1920,"height":1280},{"@type":"BreadcrumbList","@id":"https:\/\/diarioprincipios.com\/index.php\/2024\/03\/01\/el-patio-de-tango-y-folclore-le-puso-el-broche-final-al-ciclo-de-verano-2024\/#breadcrumb","itemListElement":[{"@type":"ListItem","position":1,"name":"Portada","item":"https:\/\/diarioprincipios.com\/"},{"@type":"ListItem","position":2,"name":"El Patio de Tango y Folclore le puso el broche final al Ciclo de Verano 2024"}]},{"@type":"WebSite","@id":"https:\/\/diarioprincipios.com\/#website","url":"https:\/\/diarioprincipios.com\/","name":"Principios","description":"Principios Diario","publisher":{"@id":"https:\/\/diarioprincipios.com\/#organization"},"potentialAction":[{"@type":"SearchAction","target":{"@type":"EntryPoint","urlTemplate":"https:\/\/diarioprincipios.com\/?s={search_term_string}"},"query-input":{"@type":"PropertyValueSpecification","valueRequired":true,"valueName":"search_term_string"}}],"inLanguage":"es"},{"@type":"Organization","@id":"https:\/\/diarioprincipios.com\/#organization","name":"Principios","url":"https:\/\/diarioprincipios.com\/","logo":{"@type":"ImageObject","inLanguage":"es","@id":"https:\/\/diarioprincipios.com\/#\/schema\/logo\/image\/","url":"https:\/\/diarioprincipios.com\/wp-content\/uploads\/2024\/04\/cropped-www.diarioprincipios.com_-1.png","contentUrl":"https:\/\/diarioprincipios.com\/wp-content\/uploads\/2024\/04\/cropped-www.diarioprincipios.com_-1.png","width":5325,"height":1454,"caption":"Principios"},"image":{"@id":"https:\/\/diarioprincipios.com\/#\/schema\/logo\/image\/"}},{"@type":"Person","@id":"https:\/\/diarioprincipios.com\/#\/schema\/person\/436d5a1fd41a5e250e23ff5a6a7cb080","name":"Hern\u00e1n L\u00f3pez","image":{"@type":"ImageObject","inLanguage":"es","@id":"https:\/\/diarioprincipios.com\/wp-content\/litespeed\/avatar\/11ddfe5610ff3bd100522525b2571f48.jpg?ver=1777653193","url":"https:\/\/diarioprincipios.com\/wp-content\/litespeed\/avatar\/11ddfe5610ff3bd100522525b2571f48.jpg?ver=1777653193","contentUrl":"https:\/\/diarioprincipios.com\/wp-content\/litespeed\/avatar\/11ddfe5610ff3bd100522525b2571f48.jpg?ver=1777653193","caption":"Hern\u00e1n L\u00f3pez"},"url":"https:\/\/diarioprincipios.com\/index.php\/author\/hernan\/"}]}},"jetpack_featured_media_url":"https:\/\/diarioprincipios.com\/wp-content\/uploads\/2024\/03\/20240223_Patio_Tango_Folklore_NM_199.jpg","_links":{"self":[{"href":"https:\/\/diarioprincipios.com\/index.php\/wp-json\/wp\/v2\/posts\/20915","targetHints":{"allow":["GET"]}}],"collection":[{"href":"https:\/\/diarioprincipios.com\/index.php\/wp-json\/wp\/v2\/posts"}],"about":[{"href":"https:\/\/diarioprincipios.com\/index.php\/wp-json\/wp\/v2\/types\/post"}],"author":[{"embeddable":true,"href":"https:\/\/diarioprincipios.com\/index.php\/wp-json\/wp\/v2\/users\/2"}],"replies":[{"embeddable":true,"href":"https:\/\/diarioprincipios.com\/index.php\/wp-json\/wp\/v2\/comments?post=20915"}],"version-history":[{"count":1,"href":"https:\/\/diarioprincipios.com\/index.php\/wp-json\/wp\/v2\/posts\/20915\/revisions"}],"predecessor-version":[{"id":20920,"href":"https:\/\/diarioprincipios.com\/index.php\/wp-json\/wp\/v2\/posts\/20915\/revisions\/20920"}],"wp:featuredmedia":[{"embeddable":true,"href":"https:\/\/diarioprincipios.com\/index.php\/wp-json\/wp\/v2\/media\/20919"}],"wp:attachment":[{"href":"https:\/\/diarioprincipios.com\/index.php\/wp-json\/wp\/v2\/media?parent=20915"}],"wp:term":[{"taxonomy":"category","embeddable":true,"href":"https:\/\/diarioprincipios.com\/index.php\/wp-json\/wp\/v2\/categories?post=20915"},{"taxonomy":"post_tag","embeddable":true,"href":"https:\/\/diarioprincipios.com\/index.php\/wp-json\/wp\/v2\/tags?post=20915"}],"curies":[{"name":"wp","href":"https:\/\/api.w.org\/{rel}","templated":true}]}}