{"id":209,"date":"2020-03-06T15:56:36","date_gmt":"2020-03-06T15:56:36","guid":{"rendered":"http:\/\/diarioprincipios.com\/?p=209"},"modified":"2020-03-06T15:57:14","modified_gmt":"2020-03-06T15:57:14","slug":"berazategui-conmenora-el-mes-de-la-mujer","status":"publish","type":"post","link":"https:\/\/diarioprincipios.com\/index.php\/2020\/03\/06\/berazategui-conmenora-el-mes-de-la-mujer\/","title":{"rendered":"Berazategui conmemora el Mes de la Mujer"},"content":{"rendered":"\n<p><strong>La Municipalidad de Berazategui invita a todos los vecinos y vecinas a las diferentes actividades que se realizar\u00e1n durante marzo y abril en el marco del Mes de la Mujer. Habr\u00e1 muestras, homenajes, charlas, jornadas de salud, obras de teatro y mucho m\u00e1s. &nbsp;&nbsp;<\/strong><\/p>\n\n\n\n<h4 class=\"wp-block-heading\">A trav\u00e9s de varias \u00e1reas del Municipio, se estar\u00e1n acercando a los vecinos opciones que comenzaron el viernes 6 de marzo y continuar\u00e1n hasta los primeros d\u00edas de abril. Las mismas se pueden conocer en detalle, ingresando a&nbsp;<a rel=\"noreferrer noopener\" target=\"_blank\" href=\"http:\/\/berazategui.gob.ar\/mesdelamujer\">berazategui.gob.ar\/mesdelamujer<\/a>.<\/h4>\n\n\n\n<h4 class=\"wp-block-heading\">6\/3: Apertura de la muestra sobre Julieta Lanteri \u201cLos derechos no se mendigan, se conquistan\u201d, realizada por artistas del Laboratorio municipal de Artes Gr\u00e1ficas. Tendr\u00e1 lugar en la planta baja de la Municipalidad de Berazategui (14 entre 131 y 131 A).<\/h4>\n\n\n\n<h4 class=\"wp-block-heading\">12\/3: Desde las 20.30 se proyectar\u00e1 la pel\u00edcula \u201cLa teta Asustada\u201d en el Complejo Cultural Rigolleau (calle 15&nbsp;N\u00b0 5675).<\/h4>\n\n\n\n<h4 class=\"wp-block-heading\">14\/3: Inauguraci\u00f3n de la muestra \u201cPiedras en la Boca\u201d, de Paola Ferraris, sobre violencia de g\u00e9nero y trata de personas. Permanecer\u00e1 abierta hasta el 5 de abril en el Complejo Cultural El Patio (149 e\/15 y 15 A).<\/h4>\n\n\n\n<h4 class=\"wp-block-heading\">15\/3: 10\u00b0 Festival Internacional de poes\u00eda y arte \u201cGrito de Mujer\u201d, desde las 19.00, en el Complejo Cultural San Francisco (calle 23 y 149).<\/h4>\n\n\n\n<h4 class=\"wp-block-heading\">18\/3: Charla sobre Violencia en adultos mayores. Desde las 18.30 en el Complejo Cultural El Patio.<\/h4>\n\n\n\n<h4 class=\"wp-block-heading\">19\/3: \u201cEncuentro de Experiencias Productivas. Mujeres productoras locales\u201d. Desde las 18.00, en Centro Cultural Do\u00f1a Conce y Don Santiago (calle 10 y 144).<\/h4>\n\n\n\n<h4 class=\"wp-block-heading\">Desde las 20.30 se proyectar\u00e1 la pel\u00edcula \u201cM\u00eda\u201d, en el Complejo Cultural Rigolleau (calle 15&nbsp;N\u00b0 5675).<\/h4>\n\n\n\n<h4 class=\"wp-block-heading\">20\/3: Se presenta la Obra teatral \u201cCulpa &#8211; Destejiendo la madeja para matar al Minotauro\u201d, de la compa\u00f1\u00eda NosTemenArtistas, a las 21.00 en el Complejo Cultural Rigolleau. Entradas anticipadas.<\/h4>\n\n\n\n<h4 class=\"wp-block-heading\">Taller abierto de escritura: Experiencia en di\u00e1logo con las piezas de Paola Ferraris. Desde las 18.00 en el Complejo Cultural El Patio.<\/h4>\n\n\n\n<h4 class=\"wp-block-heading\">25\/3: Charla sobre Violencia en el noviazgo, desde las 18.30 en el Complejo Cultural El Patio.<\/h4>\n\n\n\n<h4 class=\"wp-block-heading\">27\/3: Tendr\u00e1 lugar la Obra teatral \u201c25 de noviembre o el Comportamiento de las Mariposas\u201d, de Jimena Coppolino, desde las 20.30 en el Complejo Cultural Rigolleau. La entrada es gratuita.&nbsp;<\/h4>\n\n\n\n<h4 class=\"wp-block-heading\">Encuentro de lectura: \u00abEllas dichas por ellas\u00bb, en el Complejo Cultural&nbsp; El Patio, desde las 18.30. Gratis.<\/h4>\n\n\n\n<h4 class=\"wp-block-heading\">28\/3: Charla \u201cPoniendo el cuerpo: mujeres, sectores populares y alfabetizaci\u00f3n en El Pato\u201d, a cargo de Camila L\u00f3pez y Agustina Battiaglia. A las 18.00 en el Complejo Cultural&nbsp; El Patio. La entrada es gratuita.<\/h4>\n\n\n\n<h4 class=\"wp-block-heading\">1\/4: Charla sobre \u201cNuevas femeneidades, nuevas masculinidades\u201d. Con la presencia de Thelma Fardin. Ser\u00e1 desde las 18.30, en el Complejo Cultural El Patio.<\/h4>\n\n\n\n<h4 class=\"wp-block-heading\">3\/4: Charla con Noel Puebla, \u201cFotograf\u00eda y Cine\u201d. Desde las 18.30, en el Complejo Cultural El Patio.<\/h4>\n\n\n\n<h4 class=\"wp-block-heading\">4\/4: Presentaci\u00f3n del libro \u201cMaldici\u00f3n\u201d, de Cecilia Spadafora, en el Complejo Cultural&nbsp; Rigolleau.&nbsp;<\/h4>\n\n\n\n<h4 class=\"wp-block-heading\">Jornadas de salud<\/h4>\n\n\n\n<p>Asimismo, se realizar\u00e1n jornadas integrales de salud que contar\u00e1n con distintas actividades de acuerdo al siguiente cronograma:<\/p>\n\n\n\n<p>Jornadas de sensibilizaci\u00f3n en la v\u00eda p\u00fablica:<\/p>\n\n\n\n<p>-10\/03 en Berazategui centro (Av. 14 y 147) de 9.00 a 13.00.<\/p>\n\n\n\n<p>-11\/03 en Guti\u00e9rrez, Plaza del CAPS N\u00b0 3 (calle 457 y 415) de 9.00 a 13.00.<\/p>\n\n\n\n<p>Ambas jornadas contaran con la presencia de las siguientes \u00e1reas:<\/p>\n\n\n\n<p>\u2022 Salud Mental: Entrega de folleter\u00eda, mural ambulante \u201cMujeres importantes\u201d (armado de mural colectivo con las personas que visiten el stand), charla &#8211; radio abierta: \u201cMujeres, ayer y hoy\u201d. Exposici\u00f3n de trabajos de usuarios y usuarias del Centro\u201d, y sublimaci\u00f3n de remeras con frases de Julieta Lanteri.<\/p>\n\n\n\n<p>\u2022 Coordinaci\u00f3n Integral de Prevenci\u00f3n y Asistencia a las Violencias (CIPAV): charlas de asesoramiento e informativas referentes al funcionamiento del Centro. Entrega de folleter\u00eda.<\/p>\n\n\n\n<p>\u2022 Direcci\u00f3n de Materno Infantil: Prevenci\u00f3n de c\u00e1ncer de mama y cuello de \u00fatero (con la participaci\u00f3n de Asociaci\u00f3n Berazateguense Prevenci\u00f3n Camamas), informaci\u00f3n sobre la t\u00e9cnica de micropigmentaci\u00f3n, consejer\u00eda de m\u00e9todos anticonceptivos y espacio de lactancia materna. Turnos para mamograf\u00eda, pap y colpo.<\/p>\n\n\n\n<p>\u2022 Coordinaci\u00f3n de Atenci\u00f3n Primaria para la Salud (CAPSA) y enfermer\u00eda<\/p>\n\n\n\n<p>Test r\u00e1pido de VIH.<\/p>\n\n\n\n<p>Control de peso, \u00edndice de masa corporal y control de tensi\u00f3n arterial.<\/p>\n\n\n\n<p>\u2022 Servicio de Emergencias M\u00e9dicas (CEM)<\/p>\n\n\n\n<p>Capacitaci\u00f3n en RCP y primeros auxilios.<\/p>\n\n\n\n<p>\u2022 Vacunaci\u00f3n (solo en la jornada del 10\/3).<\/p>\n\n\n\n<p>-13\/03 en Rotonda del barrio Mar\u00edtimo, de 9.00 a 15.00, junto al Programa Nacional \u201cEstado en tu Barrio\u201d.<\/p>\n\n\n\n<p>\u2022 Test r\u00e1pido de VIH.<\/p>\n\n\n\n<p>\u2022 CEM y enfermer\u00eda: Controles, capacitaci\u00f3n en RCP y primeros auxilios.<\/p>\n\n\n\n<p>\u2022 Medicina preventiva, vacunaci\u00f3n.<\/p>\n\n\n\n<p>\u2022 Control de libretas sanitarias, entrega de leche y medicaci\u00f3n.<\/p>\n\n\n\n<p>\u2022 Adem\u00e1s, se sumar\u00e1 el stand de Salud Mental&nbsp; y CIPAV, para brindar asesor\u00eda y entregar folleter\u00eda informativa.<\/p>\n\n\n\n<p>-12\/03 en la Escuela EP N\u00b012 (El Pato) de 9.00 a 13.00, jornada integral de salud.<\/p>\n\n\n\n<p>-27\/03: Escuela Agraria N\u00b01 (Paraje Santa Rosa, Parque Pereyra Iraola) de 9.00 a 13.00.<\/p>\n\n\n\n<p>Las jornadas integrales en las escuelas cuentan con la participaci\u00f3n de las siguientes \u00e1reas:<\/p>\n\n\n\n<p>\u2022 CAPSA, que tendr\u00e1 atenci\u00f3n m\u00e9dica en diferentes especialidades, vacunaci\u00f3n, RCP y primeros auxilios.<\/p>\n\n\n\n<p>\u2022 Salud Mental.<\/p>\n\n\n\n<p>\u2022 Actividades recreativas de la Secretar\u00eda de Cultura y Educaci\u00f3n.<\/p>\n","protected":false},"excerpt":{"rendered":"<p>La Municipalidad de Berazategui invita a todos los vecinos y vecinas a las diferentes actividades que se realizar\u00e1n durante marzo y abril en el marco del Mes de la Mujer. Habr\u00e1 muestras, homenajes, charlas, jornadas de salud, obras de teatro y mucho m\u00e1s. &nbsp;&nbsp; A trav\u00e9s de varias \u00e1reas del Municipio, se estar\u00e1n acercando a&#8230;<\/p>\n","protected":false},"author":2,"featured_media":210,"comment_status":"open","ping_status":"open","sticky":false,"template":"","format":"standard","meta":{"footnotes":""},"categories":[3],"tags":[],"class_list":["post-209","post","type-post","status-publish","format-standard","has-post-thumbnail","hentry","category-berazategui"],"featured_image_src":"https:\/\/diarioprincipios.com\/wp-content\/uploads\/2020\/03\/BERAZATEGUI-CONMEMORA-EL-MES-DE-LA-MUJER-1024x683.jpg","blog_images":{"medium":"https:\/\/diarioprincipios.com\/wp-content\/uploads\/2020\/03\/BERAZATEGUI-CONMEMORA-EL-MES-DE-LA-MUJER-300x200.jpg","large":"https:\/\/diarioprincipios.com\/wp-content\/uploads\/2020\/03\/BERAZATEGUI-CONMEMORA-EL-MES-DE-LA-MUJER-1024x683.jpg"},"ams_acf":[],"yoast_head":"<!-- This site is optimized with the Yoast SEO plugin v27.3 - https:\/\/yoast.com\/product\/yoast-seo-wordpress\/ -->\n<title>Berazategui conmemora el Mes de la Mujer - Principios<\/title>\n<meta name=\"robots\" content=\"index, follow, max-snippet:-1, max-image-preview:large, max-video-preview:-1\" \/>\n<link rel=\"canonical\" href=\"https:\/\/diarioprincipios.com\/index.php\/2020\/03\/06\/berazategui-conmenora-el-mes-de-la-mujer\/\" \/>\n<meta property=\"og:locale\" content=\"es_ES\" \/>\n<meta property=\"og:type\" content=\"article\" \/>\n<meta property=\"og:title\" content=\"Berazategui conmemora el Mes de la Mujer - Principios\" \/>\n<meta property=\"og:description\" content=\"La Municipalidad de Berazategui invita a todos los vecinos y vecinas a las diferentes actividades que se realizar\u00e1n durante marzo y abril en el marco del Mes de la Mujer. Habr\u00e1 muestras, homenajes, charlas, jornadas de salud, obras de teatro y mucho m\u00e1s. &nbsp;&nbsp; A trav\u00e9s de varias \u00e1reas del Municipio, se estar\u00e1n acercando a...\" \/>\n<meta property=\"og:url\" content=\"https:\/\/diarioprincipios.com\/index.php\/2020\/03\/06\/berazategui-conmenora-el-mes-de-la-mujer\/\" \/>\n<meta property=\"og:site_name\" content=\"Principios\" \/>\n<meta property=\"article:published_time\" content=\"2020-03-06T15:56:36+00:00\" \/>\n<meta property=\"article:modified_time\" content=\"2020-03-06T15:57:14+00:00\" \/>\n<meta property=\"og:image\" content=\"https:\/\/diarioprincipios.com\/wp-content\/uploads\/2020\/03\/BERAZATEGUI-CONMEMORA-EL-MES-DE-LA-MUJER.jpg\" \/>\n\t<meta property=\"og:image:width\" content=\"1920\" \/>\n\t<meta property=\"og:image:height\" content=\"1280\" \/>\n\t<meta property=\"og:image:type\" content=\"image\/jpeg\" \/>\n<meta name=\"author\" content=\"Hern\u00e1n L\u00f3pez\" \/>\n<meta name=\"twitter:card\" content=\"summary_large_image\" \/>\n<meta name=\"twitter:label1\" content=\"Escrito por\" \/>\n\t<meta name=\"twitter:data1\" content=\"Hern\u00e1n L\u00f3pez\" \/>\n\t<meta name=\"twitter:label2\" content=\"Tiempo de lectura\" \/>\n\t<meta name=\"twitter:data2\" content=\"4 minutos\" \/>\n<script type=\"application\/ld+json\" class=\"yoast-schema-graph\">{\"@context\":\"https:\\\/\\\/schema.org\",\"@graph\":[{\"@type\":\"Article\",\"@id\":\"https:\\\/\\\/diarioprincipios.com\\\/index.php\\\/2020\\\/03\\\/06\\\/berazategui-conmenora-el-mes-de-la-mujer\\\/#article\",\"isPartOf\":{\"@id\":\"https:\\\/\\\/diarioprincipios.com\\\/index.php\\\/2020\\\/03\\\/06\\\/berazategui-conmenora-el-mes-de-la-mujer\\\/\"},\"author\":{\"name\":\"Hern\u00e1n L\u00f3pez\",\"@id\":\"https:\\\/\\\/diarioprincipios.com\\\/#\\\/schema\\\/person\\\/436d5a1fd41a5e250e23ff5a6a7cb080\"},\"headline\":\"Berazategui conmemora el Mes de la Mujer\",\"datePublished\":\"2020-03-06T15:56:36+00:00\",\"dateModified\":\"2020-03-06T15:57:14+00:00\",\"mainEntityOfPage\":{\"@id\":\"https:\\\/\\\/diarioprincipios.com\\\/index.php\\\/2020\\\/03\\\/06\\\/berazategui-conmenora-el-mes-de-la-mujer\\\/\"},\"wordCount\":841,\"commentCount\":0,\"publisher\":{\"@id\":\"https:\\\/\\\/diarioprincipios.com\\\/#organization\"},\"image\":{\"@id\":\"https:\\\/\\\/diarioprincipios.com\\\/index.php\\\/2020\\\/03\\\/06\\\/berazategui-conmenora-el-mes-de-la-mujer\\\/#primaryimage\"},\"thumbnailUrl\":\"https:\\\/\\\/diarioprincipios.com\\\/wp-content\\\/uploads\\\/2020\\\/03\\\/BERAZATEGUI-CONMEMORA-EL-MES-DE-LA-MUJER.jpg\",\"articleSection\":[\"Berazategui\"],\"inLanguage\":\"es\",\"potentialAction\":[{\"@type\":\"CommentAction\",\"name\":\"Comment\",\"target\":[\"https:\\\/\\\/diarioprincipios.com\\\/index.php\\\/2020\\\/03\\\/06\\\/berazategui-conmenora-el-mes-de-la-mujer\\\/#respond\"]}]},{\"@type\":\"WebPage\",\"@id\":\"https:\\\/\\\/diarioprincipios.com\\\/index.php\\\/2020\\\/03\\\/06\\\/berazategui-conmenora-el-mes-de-la-mujer\\\/\",\"url\":\"https:\\\/\\\/diarioprincipios.com\\\/index.php\\\/2020\\\/03\\\/06\\\/berazategui-conmenora-el-mes-de-la-mujer\\\/\",\"name\":\"Berazategui conmemora el Mes de la Mujer - Principios\",\"isPartOf\":{\"@id\":\"https:\\\/\\\/diarioprincipios.com\\\/#website\"},\"primaryImageOfPage\":{\"@id\":\"https:\\\/\\\/diarioprincipios.com\\\/index.php\\\/2020\\\/03\\\/06\\\/berazategui-conmenora-el-mes-de-la-mujer\\\/#primaryimage\"},\"image\":{\"@id\":\"https:\\\/\\\/diarioprincipios.com\\\/index.php\\\/2020\\\/03\\\/06\\\/berazategui-conmenora-el-mes-de-la-mujer\\\/#primaryimage\"},\"thumbnailUrl\":\"https:\\\/\\\/diarioprincipios.com\\\/wp-content\\\/uploads\\\/2020\\\/03\\\/BERAZATEGUI-CONMEMORA-EL-MES-DE-LA-MUJER.jpg\",\"datePublished\":\"2020-03-06T15:56:36+00:00\",\"dateModified\":\"2020-03-06T15:57:14+00:00\",\"breadcrumb\":{\"@id\":\"https:\\\/\\\/diarioprincipios.com\\\/index.php\\\/2020\\\/03\\\/06\\\/berazategui-conmenora-el-mes-de-la-mujer\\\/#breadcrumb\"},\"inLanguage\":\"es\",\"potentialAction\":[{\"@type\":\"ReadAction\",\"target\":[\"https:\\\/\\\/diarioprincipios.com\\\/index.php\\\/2020\\\/03\\\/06\\\/berazategui-conmenora-el-mes-de-la-mujer\\\/\"]}]},{\"@type\":\"ImageObject\",\"inLanguage\":\"es\",\"@id\":\"https:\\\/\\\/diarioprincipios.com\\\/index.php\\\/2020\\\/03\\\/06\\\/berazategui-conmenora-el-mes-de-la-mujer\\\/#primaryimage\",\"url\":\"https:\\\/\\\/diarioprincipios.com\\\/wp-content\\\/uploads\\\/2020\\\/03\\\/BERAZATEGUI-CONMEMORA-EL-MES-DE-LA-MUJER.jpg\",\"contentUrl\":\"https:\\\/\\\/diarioprincipios.com\\\/wp-content\\\/uploads\\\/2020\\\/03\\\/BERAZATEGUI-CONMEMORA-EL-MES-DE-LA-MUJER.jpg\",\"width\":1920,\"height\":1280},{\"@type\":\"BreadcrumbList\",\"@id\":\"https:\\\/\\\/diarioprincipios.com\\\/index.php\\\/2020\\\/03\\\/06\\\/berazategui-conmenora-el-mes-de-la-mujer\\\/#breadcrumb\",\"itemListElement\":[{\"@type\":\"ListItem\",\"position\":1,\"name\":\"Portada\",\"item\":\"https:\\\/\\\/diarioprincipios.com\\\/\"},{\"@type\":\"ListItem\",\"position\":2,\"name\":\"Berazategui conmemora el Mes de la Mujer\"}]},{\"@type\":\"WebSite\",\"@id\":\"https:\\\/\\\/diarioprincipios.com\\\/#website\",\"url\":\"https:\\\/\\\/diarioprincipios.com\\\/\",\"name\":\"Principios\",\"description\":\"Principios Diario\",\"publisher\":{\"@id\":\"https:\\\/\\\/diarioprincipios.com\\\/#organization\"},\"potentialAction\":[{\"@type\":\"SearchAction\",\"target\":{\"@type\":\"EntryPoint\",\"urlTemplate\":\"https:\\\/\\\/diarioprincipios.com\\\/?s={search_term_string}\"},\"query-input\":{\"@type\":\"PropertyValueSpecification\",\"valueRequired\":true,\"valueName\":\"search_term_string\"}}],\"inLanguage\":\"es\"},{\"@type\":\"Organization\",\"@id\":\"https:\\\/\\\/diarioprincipios.com\\\/#organization\",\"name\":\"Principios\",\"url\":\"https:\\\/\\\/diarioprincipios.com\\\/\",\"logo\":{\"@type\":\"ImageObject\",\"inLanguage\":\"es\",\"@id\":\"https:\\\/\\\/diarioprincipios.com\\\/#\\\/schema\\\/logo\\\/image\\\/\",\"url\":\"https:\\\/\\\/diarioprincipios.com\\\/wp-content\\\/uploads\\\/2024\\\/04\\\/cropped-www.diarioprincipios.com_-1.png\",\"contentUrl\":\"https:\\\/\\\/diarioprincipios.com\\\/wp-content\\\/uploads\\\/2024\\\/04\\\/cropped-www.diarioprincipios.com_-1.png\",\"width\":5325,\"height\":1454,\"caption\":\"Principios\"},\"image\":{\"@id\":\"https:\\\/\\\/diarioprincipios.com\\\/#\\\/schema\\\/logo\\\/image\\\/\"}},{\"@type\":\"Person\",\"@id\":\"https:\\\/\\\/diarioprincipios.com\\\/#\\\/schema\\\/person\\\/436d5a1fd41a5e250e23ff5a6a7cb080\",\"name\":\"Hern\u00e1n L\u00f3pez\",\"image\":{\"@type\":\"ImageObject\",\"inLanguage\":\"es\",\"@id\":\"https:\\\/\\\/diarioprincipios.com\\\/wp-content\\\/litespeed\\\/avatar\\\/11ddfe5610ff3bd100522525b2571f48.jpg?ver=1777653193\",\"url\":\"https:\\\/\\\/diarioprincipios.com\\\/wp-content\\\/litespeed\\\/avatar\\\/11ddfe5610ff3bd100522525b2571f48.jpg?ver=1777653193\",\"contentUrl\":\"https:\\\/\\\/diarioprincipios.com\\\/wp-content\\\/litespeed\\\/avatar\\\/11ddfe5610ff3bd100522525b2571f48.jpg?ver=1777653193\",\"caption\":\"Hern\u00e1n L\u00f3pez\"},\"url\":\"https:\\\/\\\/diarioprincipios.com\\\/index.php\\\/author\\\/hernan\\\/\"}]}<\/script>\n<!-- \/ Yoast SEO plugin. -->","yoast_head_json":{"title":"Berazategui conmemora el Mes de la Mujer - Principios","robots":{"index":"index","follow":"follow","max-snippet":"max-snippet:-1","max-image-preview":"max-image-preview:large","max-video-preview":"max-video-preview:-1"},"canonical":"https:\/\/diarioprincipios.com\/index.php\/2020\/03\/06\/berazategui-conmenora-el-mes-de-la-mujer\/","og_locale":"es_ES","og_type":"article","og_title":"Berazategui conmemora el Mes de la Mujer - Principios","og_description":"La Municipalidad de Berazategui invita a todos los vecinos y vecinas a las diferentes actividades que se realizar\u00e1n durante marzo y abril en el marco del Mes de la Mujer. Habr\u00e1 muestras, homenajes, charlas, jornadas de salud, obras de teatro y mucho m\u00e1s. &nbsp;&nbsp; A trav\u00e9s de varias \u00e1reas del Municipio, se estar\u00e1n acercando a...","og_url":"https:\/\/diarioprincipios.com\/index.php\/2020\/03\/06\/berazategui-conmenora-el-mes-de-la-mujer\/","og_site_name":"Principios","article_published_time":"2020-03-06T15:56:36+00:00","article_modified_time":"2020-03-06T15:57:14+00:00","og_image":[{"width":1920,"height":1280,"url":"https:\/\/diarioprincipios.com\/wp-content\/uploads\/2020\/03\/BERAZATEGUI-CONMEMORA-EL-MES-DE-LA-MUJER.jpg","type":"image\/jpeg"}],"author":"Hern\u00e1n L\u00f3pez","twitter_card":"summary_large_image","twitter_misc":{"Escrito por":"Hern\u00e1n L\u00f3pez","Tiempo de lectura":"4 minutos"},"schema":{"@context":"https:\/\/schema.org","@graph":[{"@type":"Article","@id":"https:\/\/diarioprincipios.com\/index.php\/2020\/03\/06\/berazategui-conmenora-el-mes-de-la-mujer\/#article","isPartOf":{"@id":"https:\/\/diarioprincipios.com\/index.php\/2020\/03\/06\/berazategui-conmenora-el-mes-de-la-mujer\/"},"author":{"name":"Hern\u00e1n L\u00f3pez","@id":"https:\/\/diarioprincipios.com\/#\/schema\/person\/436d5a1fd41a5e250e23ff5a6a7cb080"},"headline":"Berazategui conmemora el Mes de la Mujer","datePublished":"2020-03-06T15:56:36+00:00","dateModified":"2020-03-06T15:57:14+00:00","mainEntityOfPage":{"@id":"https:\/\/diarioprincipios.com\/index.php\/2020\/03\/06\/berazategui-conmenora-el-mes-de-la-mujer\/"},"wordCount":841,"commentCount":0,"publisher":{"@id":"https:\/\/diarioprincipios.com\/#organization"},"image":{"@id":"https:\/\/diarioprincipios.com\/index.php\/2020\/03\/06\/berazategui-conmenora-el-mes-de-la-mujer\/#primaryimage"},"thumbnailUrl":"https:\/\/diarioprincipios.com\/wp-content\/uploads\/2020\/03\/BERAZATEGUI-CONMEMORA-EL-MES-DE-LA-MUJER.jpg","articleSection":["Berazategui"],"inLanguage":"es","potentialAction":[{"@type":"CommentAction","name":"Comment","target":["https:\/\/diarioprincipios.com\/index.php\/2020\/03\/06\/berazategui-conmenora-el-mes-de-la-mujer\/#respond"]}]},{"@type":"WebPage","@id":"https:\/\/diarioprincipios.com\/index.php\/2020\/03\/06\/berazategui-conmenora-el-mes-de-la-mujer\/","url":"https:\/\/diarioprincipios.com\/index.php\/2020\/03\/06\/berazategui-conmenora-el-mes-de-la-mujer\/","name":"Berazategui conmemora el Mes de la Mujer - Principios","isPartOf":{"@id":"https:\/\/diarioprincipios.com\/#website"},"primaryImageOfPage":{"@id":"https:\/\/diarioprincipios.com\/index.php\/2020\/03\/06\/berazategui-conmenora-el-mes-de-la-mujer\/#primaryimage"},"image":{"@id":"https:\/\/diarioprincipios.com\/index.php\/2020\/03\/06\/berazategui-conmenora-el-mes-de-la-mujer\/#primaryimage"},"thumbnailUrl":"https:\/\/diarioprincipios.com\/wp-content\/uploads\/2020\/03\/BERAZATEGUI-CONMEMORA-EL-MES-DE-LA-MUJER.jpg","datePublished":"2020-03-06T15:56:36+00:00","dateModified":"2020-03-06T15:57:14+00:00","breadcrumb":{"@id":"https:\/\/diarioprincipios.com\/index.php\/2020\/03\/06\/berazategui-conmenora-el-mes-de-la-mujer\/#breadcrumb"},"inLanguage":"es","potentialAction":[{"@type":"ReadAction","target":["https:\/\/diarioprincipios.com\/index.php\/2020\/03\/06\/berazategui-conmenora-el-mes-de-la-mujer\/"]}]},{"@type":"ImageObject","inLanguage":"es","@id":"https:\/\/diarioprincipios.com\/index.php\/2020\/03\/06\/berazategui-conmenora-el-mes-de-la-mujer\/#primaryimage","url":"https:\/\/diarioprincipios.com\/wp-content\/uploads\/2020\/03\/BERAZATEGUI-CONMEMORA-EL-MES-DE-LA-MUJER.jpg","contentUrl":"https:\/\/diarioprincipios.com\/wp-content\/uploads\/2020\/03\/BERAZATEGUI-CONMEMORA-EL-MES-DE-LA-MUJER.jpg","width":1920,"height":1280},{"@type":"BreadcrumbList","@id":"https:\/\/diarioprincipios.com\/index.php\/2020\/03\/06\/berazategui-conmenora-el-mes-de-la-mujer\/#breadcrumb","itemListElement":[{"@type":"ListItem","position":1,"name":"Portada","item":"https:\/\/diarioprincipios.com\/"},{"@type":"ListItem","position":2,"name":"Berazategui conmemora el Mes de la Mujer"}]},{"@type":"WebSite","@id":"https:\/\/diarioprincipios.com\/#website","url":"https:\/\/diarioprincipios.com\/","name":"Principios","description":"Principios Diario","publisher":{"@id":"https:\/\/diarioprincipios.com\/#organization"},"potentialAction":[{"@type":"SearchAction","target":{"@type":"EntryPoint","urlTemplate":"https:\/\/diarioprincipios.com\/?s={search_term_string}"},"query-input":{"@type":"PropertyValueSpecification","valueRequired":true,"valueName":"search_term_string"}}],"inLanguage":"es"},{"@type":"Organization","@id":"https:\/\/diarioprincipios.com\/#organization","name":"Principios","url":"https:\/\/diarioprincipios.com\/","logo":{"@type":"ImageObject","inLanguage":"es","@id":"https:\/\/diarioprincipios.com\/#\/schema\/logo\/image\/","url":"https:\/\/diarioprincipios.com\/wp-content\/uploads\/2024\/04\/cropped-www.diarioprincipios.com_-1.png","contentUrl":"https:\/\/diarioprincipios.com\/wp-content\/uploads\/2024\/04\/cropped-www.diarioprincipios.com_-1.png","width":5325,"height":1454,"caption":"Principios"},"image":{"@id":"https:\/\/diarioprincipios.com\/#\/schema\/logo\/image\/"}},{"@type":"Person","@id":"https:\/\/diarioprincipios.com\/#\/schema\/person\/436d5a1fd41a5e250e23ff5a6a7cb080","name":"Hern\u00e1n L\u00f3pez","image":{"@type":"ImageObject","inLanguage":"es","@id":"https:\/\/diarioprincipios.com\/wp-content\/litespeed\/avatar\/11ddfe5610ff3bd100522525b2571f48.jpg?ver=1777653193","url":"https:\/\/diarioprincipios.com\/wp-content\/litespeed\/avatar\/11ddfe5610ff3bd100522525b2571f48.jpg?ver=1777653193","contentUrl":"https:\/\/diarioprincipios.com\/wp-content\/litespeed\/avatar\/11ddfe5610ff3bd100522525b2571f48.jpg?ver=1777653193","caption":"Hern\u00e1n L\u00f3pez"},"url":"https:\/\/diarioprincipios.com\/index.php\/author\/hernan\/"}]}},"jetpack_featured_media_url":"https:\/\/diarioprincipios.com\/wp-content\/uploads\/2020\/03\/BERAZATEGUI-CONMEMORA-EL-MES-DE-LA-MUJER.jpg","_links":{"self":[{"href":"https:\/\/diarioprincipios.com\/index.php\/wp-json\/wp\/v2\/posts\/209","targetHints":{"allow":["GET"]}}],"collection":[{"href":"https:\/\/diarioprincipios.com\/index.php\/wp-json\/wp\/v2\/posts"}],"about":[{"href":"https:\/\/diarioprincipios.com\/index.php\/wp-json\/wp\/v2\/types\/post"}],"author":[{"embeddable":true,"href":"https:\/\/diarioprincipios.com\/index.php\/wp-json\/wp\/v2\/users\/2"}],"replies":[{"embeddable":true,"href":"https:\/\/diarioprincipios.com\/index.php\/wp-json\/wp\/v2\/comments?post=209"}],"version-history":[{"count":2,"href":"https:\/\/diarioprincipios.com\/index.php\/wp-json\/wp\/v2\/posts\/209\/revisions"}],"predecessor-version":[{"id":212,"href":"https:\/\/diarioprincipios.com\/index.php\/wp-json\/wp\/v2\/posts\/209\/revisions\/212"}],"wp:featuredmedia":[{"embeddable":true,"href":"https:\/\/diarioprincipios.com\/index.php\/wp-json\/wp\/v2\/media\/210"}],"wp:attachment":[{"href":"https:\/\/diarioprincipios.com\/index.php\/wp-json\/wp\/v2\/media?parent=209"}],"wp:term":[{"taxonomy":"category","embeddable":true,"href":"https:\/\/diarioprincipios.com\/index.php\/wp-json\/wp\/v2\/categories?post=209"},{"taxonomy":"post_tag","embeddable":true,"href":"https:\/\/diarioprincipios.com\/index.php\/wp-json\/wp\/v2\/tags?post=209"}],"curies":[{"name":"wp","href":"https:\/\/api.w.org\/{rel}","templated":true}]}}