{"id":20897,"date":"2024-02-29T19:21:16","date_gmt":"2024-02-29T22:21:16","guid":{"rendered":"http:\/\/diarioprincipios.com\/?p=20897"},"modified":"2024-02-29T19:21:19","modified_gmt":"2024-02-29T22:21:19","slug":"comenzo-la-inscripcion-para-cursos-y-talleres-gratuitos","status":"publish","type":"post","link":"https:\/\/diarioprincipios.com\/index.php\/2024\/02\/29\/comenzo-la-inscripcion-para-cursos-y-talleres-gratuitos\/","title":{"rendered":"Comenz\u00f3 la inscripci\u00f3n para cursos y talleres gratuitos"},"content":{"rendered":"\n<p><strong>Ya est\u00e1 abierta la inscripci\u00f3n para sumarse a alguno de los cursos y talleres de capacitaci\u00f3n en oficios que brinda la Secretar\u00eda de Organizaciones No Gubernamentales (ONG) de la Municipalidad de Berazategui.<\/strong><\/p>\n\n\n\n<figure class=\"wp-block-image size-large\"><img loading=\"lazy\" decoding=\"async\" width=\"1024\" height=\"683\" src=\"https:\/\/diarioprincipios.com\/wp-content\/uploads\/2024\/02\/COMENZO-LA-INSCRIPCION-PARA-CURSOS-Y-TALLERES-GRATUITOS_4-1024x683.jpg\" alt=\"\" class=\"wp-image-20899\" srcset=\"https:\/\/diarioprincipios.com\/wp-content\/uploads\/2024\/02\/COMENZO-LA-INSCRIPCION-PARA-CURSOS-Y-TALLERES-GRATUITOS_4-1024x683.jpg 1024w, https:\/\/diarioprincipios.com\/wp-content\/uploads\/2024\/02\/COMENZO-LA-INSCRIPCION-PARA-CURSOS-Y-TALLERES-GRATUITOS_4-300x200.jpg 300w, https:\/\/diarioprincipios.com\/wp-content\/uploads\/2024\/02\/COMENZO-LA-INSCRIPCION-PARA-CURSOS-Y-TALLERES-GRATUITOS_4-768x512.jpg 768w, https:\/\/diarioprincipios.com\/wp-content\/uploads\/2024\/02\/COMENZO-LA-INSCRIPCION-PARA-CURSOS-Y-TALLERES-GRATUITOS_4-1536x1024.jpg 1536w, https:\/\/diarioprincipios.com\/wp-content\/uploads\/2024\/02\/COMENZO-LA-INSCRIPCION-PARA-CURSOS-Y-TALLERES-GRATUITOS_4-2048x1365.jpg 2048w\" sizes=\"auto, (max-width: 1024px) 100vw, 1024px\" \/><\/figure>\n\n\n\n<p>El objetivo es facilitarle a los vecinos y vecinas el ingreso al mundo laboral y brindarles nuevas herramientas para generar sus propios microemprendimientos. Las capacitaciones se llevan a cabo en 38 instituciones de distintos barrios del distrito y, tambi\u00e9n, de manera virtual. Algunas de ellas son: Maquillaje, Oratoria, Franc\u00e9s, Peluquer\u00eda, Color y Nutrici\u00f3n, Autopeinado y Cuidado del Cabello, Podoest\u00e9tica, capacitaci\u00f3n para Mozo, Pasteler\u00eda, Elaboraci\u00f3n de Pastas y Salsas, Panader\u00eda, Cocteler\u00eda, Pizzer\u00eda, Spa y Belleza de manos y Esmaltado semipermanente, entre otras.<\/p>\n\n\n\n<figure class=\"wp-block-image size-large is-resized\"><img loading=\"lazy\" decoding=\"async\" width=\"819\" height=\"1024\" src=\"https:\/\/diarioprincipios.com\/wp-content\/uploads\/2024\/02\/COMENZO-LA-INSCRIPCION-PARA-CURSOS-Y-TALLERES-GRATUITOS_1-819x1024.jpeg\" alt=\"\" class=\"wp-image-20898\" style=\"width:396px;height:auto\" srcset=\"https:\/\/diarioprincipios.com\/wp-content\/uploads\/2024\/02\/COMENZO-LA-INSCRIPCION-PARA-CURSOS-Y-TALLERES-GRATUITOS_1-819x1024.jpeg 819w, https:\/\/diarioprincipios.com\/wp-content\/uploads\/2024\/02\/COMENZO-LA-INSCRIPCION-PARA-CURSOS-Y-TALLERES-GRATUITOS_1-240x300.jpeg 240w, https:\/\/diarioprincipios.com\/wp-content\/uploads\/2024\/02\/COMENZO-LA-INSCRIPCION-PARA-CURSOS-Y-TALLERES-GRATUITOS_1-768x960.jpeg 768w, https:\/\/diarioprincipios.com\/wp-content\/uploads\/2024\/02\/COMENZO-LA-INSCRIPCION-PARA-CURSOS-Y-TALLERES-GRATUITOS_1-1229x1536.jpeg 1229w, https:\/\/diarioprincipios.com\/wp-content\/uploads\/2024\/02\/COMENZO-LA-INSCRIPCION-PARA-CURSOS-Y-TALLERES-GRATUITOS_1.jpeg 1280w\" sizes=\"auto, (max-width: 819px) 100vw, 819px\" \/><\/figure>\n\n\n\n<p>Estos cursos y talleres tienen capacidad limitada y est\u00e1n dirigidos a mayores de 16 a\u00f1os, excepto los de Esmaltado semipermanente, Oratoria y Cocteler\u00eda, que son para mayores de 18.<\/p>\n\n\n\n<p>Estas capacitaciones se brindan desde el a\u00f1o 2008 y ya suman cerca de 28 mil berazateguenses egresados hasta la actualidad.<\/p>\n\n\n\n<p>Para informarse y realizar la inscripci\u00f3n, los interesados pueden ingresar a&nbsp;<a rel=\"noreferrer noopener\" target=\"_blank\" href=\"http:\/\/berazategui.gob.ar\/cursosycapacitaciones\">berazategui.gob.ar\/cursosycapacitaciones<\/a>.<\/p>\n","protected":false},"excerpt":{"rendered":"<p>Ya est\u00e1 abierta la inscripci\u00f3n para sumarse a alguno de los cursos y talleres de capacitaci\u00f3n en oficios que brinda la Secretar\u00eda de Organizaciones No Gubernamentales (ONG) de la Municipalidad de Berazategui. El objetivo es facilitarle a los vecinos y vecinas el ingreso al mundo laboral y brindarles nuevas herramientas para generar sus propios microemprendimientos&#8230;.<\/p>\n","protected":false},"author":2,"featured_media":20900,"comment_status":"open","ping_status":"open","sticky":false,"template":"","format":"standard","meta":{"footnotes":""},"categories":[3],"tags":[],"class_list":["post-20897","post","type-post","status-publish","format-standard","has-post-thumbnail","hentry","category-berazategui"],"featured_image_src":"https:\/\/diarioprincipios.com\/wp-content\/uploads\/2024\/02\/COMENZO-LA-INSCRIPCION-PARA-CURSOS-Y-TALLERES-GRATUITOS_3-1024x683.jpg","blog_images":{"medium":"https:\/\/diarioprincipios.com\/wp-content\/uploads\/2024\/02\/COMENZO-LA-INSCRIPCION-PARA-CURSOS-Y-TALLERES-GRATUITOS_3-300x200.jpg","large":"https:\/\/diarioprincipios.com\/wp-content\/uploads\/2024\/02\/COMENZO-LA-INSCRIPCION-PARA-CURSOS-Y-TALLERES-GRATUITOS_3-1024x683.jpg"},"ams_acf":[],"yoast_head":"<!-- This site is optimized with the Yoast SEO plugin v27.3 - https:\/\/yoast.com\/product\/yoast-seo-wordpress\/ -->\n<title>Comenz\u00f3 la inscripci\u00f3n para cursos y talleres gratuitos - Principios<\/title>\n<meta name=\"robots\" content=\"index, follow, max-snippet:-1, max-image-preview:large, max-video-preview:-1\" \/>\n<link rel=\"canonical\" href=\"https:\/\/diarioprincipios.com\/index.php\/2024\/02\/29\/comenzo-la-inscripcion-para-cursos-y-talleres-gratuitos\/\" \/>\n<meta property=\"og:locale\" content=\"es_ES\" \/>\n<meta property=\"og:type\" content=\"article\" \/>\n<meta property=\"og:title\" content=\"Comenz\u00f3 la inscripci\u00f3n para cursos y talleres gratuitos - Principios\" \/>\n<meta property=\"og:description\" content=\"Ya est\u00e1 abierta la inscripci\u00f3n para sumarse a alguno de los cursos y talleres de capacitaci\u00f3n en oficios que brinda la Secretar\u00eda de Organizaciones No Gubernamentales (ONG) de la Municipalidad de Berazategui. El objetivo es facilitarle a los vecinos y vecinas el ingreso al mundo laboral y brindarles nuevas herramientas para generar sus propios microemprendimientos....\" \/>\n<meta property=\"og:url\" content=\"https:\/\/diarioprincipios.com\/index.php\/2024\/02\/29\/comenzo-la-inscripcion-para-cursos-y-talleres-gratuitos\/\" \/>\n<meta property=\"og:site_name\" content=\"Principios\" \/>\n<meta property=\"article:published_time\" content=\"2024-02-29T22:21:16+00:00\" \/>\n<meta property=\"article:modified_time\" content=\"2024-02-29T22:21:19+00:00\" \/>\n<meta property=\"og:image\" content=\"https:\/\/diarioprincipios.com\/wp-content\/uploads\/2024\/02\/COMENZO-LA-INSCRIPCION-PARA-CURSOS-Y-TALLERES-GRATUITOS_3.jpg\" \/>\n\t<meta property=\"og:image:width\" content=\"1920\" \/>\n\t<meta property=\"og:image:height\" content=\"1280\" \/>\n\t<meta property=\"og:image:type\" content=\"image\/jpeg\" \/>\n<meta name=\"author\" content=\"Hern\u00e1n L\u00f3pez\" \/>\n<meta name=\"twitter:card\" content=\"summary_large_image\" \/>\n<meta name=\"twitter:label1\" content=\"Escrito por\" \/>\n\t<meta name=\"twitter:data1\" content=\"Hern\u00e1n L\u00f3pez\" \/>\n\t<meta name=\"twitter:label2\" content=\"Tiempo de lectura\" \/>\n\t<meta name=\"twitter:data2\" content=\"2 minutos\" \/>\n<script type=\"application\/ld+json\" class=\"yoast-schema-graph\">{\"@context\":\"https:\\\/\\\/schema.org\",\"@graph\":[{\"@type\":\"Article\",\"@id\":\"https:\\\/\\\/diarioprincipios.com\\\/index.php\\\/2024\\\/02\\\/29\\\/comenzo-la-inscripcion-para-cursos-y-talleres-gratuitos\\\/#article\",\"isPartOf\":{\"@id\":\"https:\\\/\\\/diarioprincipios.com\\\/index.php\\\/2024\\\/02\\\/29\\\/comenzo-la-inscripcion-para-cursos-y-talleres-gratuitos\\\/\"},\"author\":{\"name\":\"Hern\u00e1n L\u00f3pez\",\"@id\":\"https:\\\/\\\/diarioprincipios.com\\\/#\\\/schema\\\/person\\\/436d5a1fd41a5e250e23ff5a6a7cb080\"},\"headline\":\"Comenz\u00f3 la inscripci\u00f3n para cursos y talleres gratuitos\",\"datePublished\":\"2024-02-29T22:21:16+00:00\",\"dateModified\":\"2024-02-29T22:21:19+00:00\",\"mainEntityOfPage\":{\"@id\":\"https:\\\/\\\/diarioprincipios.com\\\/index.php\\\/2024\\\/02\\\/29\\\/comenzo-la-inscripcion-para-cursos-y-talleres-gratuitos\\\/\"},\"wordCount\":201,\"commentCount\":0,\"publisher\":{\"@id\":\"https:\\\/\\\/diarioprincipios.com\\\/#organization\"},\"image\":{\"@id\":\"https:\\\/\\\/diarioprincipios.com\\\/index.php\\\/2024\\\/02\\\/29\\\/comenzo-la-inscripcion-para-cursos-y-talleres-gratuitos\\\/#primaryimage\"},\"thumbnailUrl\":\"https:\\\/\\\/diarioprincipios.com\\\/wp-content\\\/uploads\\\/2024\\\/02\\\/COMENZO-LA-INSCRIPCION-PARA-CURSOS-Y-TALLERES-GRATUITOS_3.jpg\",\"articleSection\":[\"Berazategui\"],\"inLanguage\":\"es\",\"potentialAction\":[{\"@type\":\"CommentAction\",\"name\":\"Comment\",\"target\":[\"https:\\\/\\\/diarioprincipios.com\\\/index.php\\\/2024\\\/02\\\/29\\\/comenzo-la-inscripcion-para-cursos-y-talleres-gratuitos\\\/#respond\"]}]},{\"@type\":\"WebPage\",\"@id\":\"https:\\\/\\\/diarioprincipios.com\\\/index.php\\\/2024\\\/02\\\/29\\\/comenzo-la-inscripcion-para-cursos-y-talleres-gratuitos\\\/\",\"url\":\"https:\\\/\\\/diarioprincipios.com\\\/index.php\\\/2024\\\/02\\\/29\\\/comenzo-la-inscripcion-para-cursos-y-talleres-gratuitos\\\/\",\"name\":\"Comenz\u00f3 la inscripci\u00f3n para cursos y talleres gratuitos - Principios\",\"isPartOf\":{\"@id\":\"https:\\\/\\\/diarioprincipios.com\\\/#website\"},\"primaryImageOfPage\":{\"@id\":\"https:\\\/\\\/diarioprincipios.com\\\/index.php\\\/2024\\\/02\\\/29\\\/comenzo-la-inscripcion-para-cursos-y-talleres-gratuitos\\\/#primaryimage\"},\"image\":{\"@id\":\"https:\\\/\\\/diarioprincipios.com\\\/index.php\\\/2024\\\/02\\\/29\\\/comenzo-la-inscripcion-para-cursos-y-talleres-gratuitos\\\/#primaryimage\"},\"thumbnailUrl\":\"https:\\\/\\\/diarioprincipios.com\\\/wp-content\\\/uploads\\\/2024\\\/02\\\/COMENZO-LA-INSCRIPCION-PARA-CURSOS-Y-TALLERES-GRATUITOS_3.jpg\",\"datePublished\":\"2024-02-29T22:21:16+00:00\",\"dateModified\":\"2024-02-29T22:21:19+00:00\",\"breadcrumb\":{\"@id\":\"https:\\\/\\\/diarioprincipios.com\\\/index.php\\\/2024\\\/02\\\/29\\\/comenzo-la-inscripcion-para-cursos-y-talleres-gratuitos\\\/#breadcrumb\"},\"inLanguage\":\"es\",\"potentialAction\":[{\"@type\":\"ReadAction\",\"target\":[\"https:\\\/\\\/diarioprincipios.com\\\/index.php\\\/2024\\\/02\\\/29\\\/comenzo-la-inscripcion-para-cursos-y-talleres-gratuitos\\\/\"]}]},{\"@type\":\"ImageObject\",\"inLanguage\":\"es\",\"@id\":\"https:\\\/\\\/diarioprincipios.com\\\/index.php\\\/2024\\\/02\\\/29\\\/comenzo-la-inscripcion-para-cursos-y-talleres-gratuitos\\\/#primaryimage\",\"url\":\"https:\\\/\\\/diarioprincipios.com\\\/wp-content\\\/uploads\\\/2024\\\/02\\\/COMENZO-LA-INSCRIPCION-PARA-CURSOS-Y-TALLERES-GRATUITOS_3.jpg\",\"contentUrl\":\"https:\\\/\\\/diarioprincipios.com\\\/wp-content\\\/uploads\\\/2024\\\/02\\\/COMENZO-LA-INSCRIPCION-PARA-CURSOS-Y-TALLERES-GRATUITOS_3.jpg\",\"width\":1920,\"height\":1280},{\"@type\":\"BreadcrumbList\",\"@id\":\"https:\\\/\\\/diarioprincipios.com\\\/index.php\\\/2024\\\/02\\\/29\\\/comenzo-la-inscripcion-para-cursos-y-talleres-gratuitos\\\/#breadcrumb\",\"itemListElement\":[{\"@type\":\"ListItem\",\"position\":1,\"name\":\"Portada\",\"item\":\"https:\\\/\\\/diarioprincipios.com\\\/\"},{\"@type\":\"ListItem\",\"position\":2,\"name\":\"Comenz\u00f3 la inscripci\u00f3n para cursos y talleres gratuitos\"}]},{\"@type\":\"WebSite\",\"@id\":\"https:\\\/\\\/diarioprincipios.com\\\/#website\",\"url\":\"https:\\\/\\\/diarioprincipios.com\\\/\",\"name\":\"Principios\",\"description\":\"Principios Diario\",\"publisher\":{\"@id\":\"https:\\\/\\\/diarioprincipios.com\\\/#organization\"},\"potentialAction\":[{\"@type\":\"SearchAction\",\"target\":{\"@type\":\"EntryPoint\",\"urlTemplate\":\"https:\\\/\\\/diarioprincipios.com\\\/?s={search_term_string}\"},\"query-input\":{\"@type\":\"PropertyValueSpecification\",\"valueRequired\":true,\"valueName\":\"search_term_string\"}}],\"inLanguage\":\"es\"},{\"@type\":\"Organization\",\"@id\":\"https:\\\/\\\/diarioprincipios.com\\\/#organization\",\"name\":\"Principios\",\"url\":\"https:\\\/\\\/diarioprincipios.com\\\/\",\"logo\":{\"@type\":\"ImageObject\",\"inLanguage\":\"es\",\"@id\":\"https:\\\/\\\/diarioprincipios.com\\\/#\\\/schema\\\/logo\\\/image\\\/\",\"url\":\"https:\\\/\\\/diarioprincipios.com\\\/wp-content\\\/uploads\\\/2024\\\/04\\\/cropped-www.diarioprincipios.com_-1.png\",\"contentUrl\":\"https:\\\/\\\/diarioprincipios.com\\\/wp-content\\\/uploads\\\/2024\\\/04\\\/cropped-www.diarioprincipios.com_-1.png\",\"width\":5325,\"height\":1454,\"caption\":\"Principios\"},\"image\":{\"@id\":\"https:\\\/\\\/diarioprincipios.com\\\/#\\\/schema\\\/logo\\\/image\\\/\"}},{\"@type\":\"Person\",\"@id\":\"https:\\\/\\\/diarioprincipios.com\\\/#\\\/schema\\\/person\\\/436d5a1fd41a5e250e23ff5a6a7cb080\",\"name\":\"Hern\u00e1n L\u00f3pez\",\"image\":{\"@type\":\"ImageObject\",\"inLanguage\":\"es\",\"@id\":\"https:\\\/\\\/diarioprincipios.com\\\/wp-content\\\/litespeed\\\/avatar\\\/11ddfe5610ff3bd100522525b2571f48.jpg?ver=1777653193\",\"url\":\"https:\\\/\\\/diarioprincipios.com\\\/wp-content\\\/litespeed\\\/avatar\\\/11ddfe5610ff3bd100522525b2571f48.jpg?ver=1777653193\",\"contentUrl\":\"https:\\\/\\\/diarioprincipios.com\\\/wp-content\\\/litespeed\\\/avatar\\\/11ddfe5610ff3bd100522525b2571f48.jpg?ver=1777653193\",\"caption\":\"Hern\u00e1n L\u00f3pez\"},\"url\":\"https:\\\/\\\/diarioprincipios.com\\\/index.php\\\/author\\\/hernan\\\/\"}]}<\/script>\n<!-- \/ Yoast SEO plugin. -->","yoast_head_json":{"title":"Comenz\u00f3 la inscripci\u00f3n para cursos y talleres gratuitos - Principios","robots":{"index":"index","follow":"follow","max-snippet":"max-snippet:-1","max-image-preview":"max-image-preview:large","max-video-preview":"max-video-preview:-1"},"canonical":"https:\/\/diarioprincipios.com\/index.php\/2024\/02\/29\/comenzo-la-inscripcion-para-cursos-y-talleres-gratuitos\/","og_locale":"es_ES","og_type":"article","og_title":"Comenz\u00f3 la inscripci\u00f3n para cursos y talleres gratuitos - Principios","og_description":"Ya est\u00e1 abierta la inscripci\u00f3n para sumarse a alguno de los cursos y talleres de capacitaci\u00f3n en oficios que brinda la Secretar\u00eda de Organizaciones No Gubernamentales (ONG) de la Municipalidad de Berazategui. El objetivo es facilitarle a los vecinos y vecinas el ingreso al mundo laboral y brindarles nuevas herramientas para generar sus propios microemprendimientos....","og_url":"https:\/\/diarioprincipios.com\/index.php\/2024\/02\/29\/comenzo-la-inscripcion-para-cursos-y-talleres-gratuitos\/","og_site_name":"Principios","article_published_time":"2024-02-29T22:21:16+00:00","article_modified_time":"2024-02-29T22:21:19+00:00","og_image":[{"width":1920,"height":1280,"url":"https:\/\/diarioprincipios.com\/wp-content\/uploads\/2024\/02\/COMENZO-LA-INSCRIPCION-PARA-CURSOS-Y-TALLERES-GRATUITOS_3.jpg","type":"image\/jpeg"}],"author":"Hern\u00e1n L\u00f3pez","twitter_card":"summary_large_image","twitter_misc":{"Escrito por":"Hern\u00e1n L\u00f3pez","Tiempo de lectura":"2 minutos"},"schema":{"@context":"https:\/\/schema.org","@graph":[{"@type":"Article","@id":"https:\/\/diarioprincipios.com\/index.php\/2024\/02\/29\/comenzo-la-inscripcion-para-cursos-y-talleres-gratuitos\/#article","isPartOf":{"@id":"https:\/\/diarioprincipios.com\/index.php\/2024\/02\/29\/comenzo-la-inscripcion-para-cursos-y-talleres-gratuitos\/"},"author":{"name":"Hern\u00e1n L\u00f3pez","@id":"https:\/\/diarioprincipios.com\/#\/schema\/person\/436d5a1fd41a5e250e23ff5a6a7cb080"},"headline":"Comenz\u00f3 la inscripci\u00f3n para cursos y talleres gratuitos","datePublished":"2024-02-29T22:21:16+00:00","dateModified":"2024-02-29T22:21:19+00:00","mainEntityOfPage":{"@id":"https:\/\/diarioprincipios.com\/index.php\/2024\/02\/29\/comenzo-la-inscripcion-para-cursos-y-talleres-gratuitos\/"},"wordCount":201,"commentCount":0,"publisher":{"@id":"https:\/\/diarioprincipios.com\/#organization"},"image":{"@id":"https:\/\/diarioprincipios.com\/index.php\/2024\/02\/29\/comenzo-la-inscripcion-para-cursos-y-talleres-gratuitos\/#primaryimage"},"thumbnailUrl":"https:\/\/diarioprincipios.com\/wp-content\/uploads\/2024\/02\/COMENZO-LA-INSCRIPCION-PARA-CURSOS-Y-TALLERES-GRATUITOS_3.jpg","articleSection":["Berazategui"],"inLanguage":"es","potentialAction":[{"@type":"CommentAction","name":"Comment","target":["https:\/\/diarioprincipios.com\/index.php\/2024\/02\/29\/comenzo-la-inscripcion-para-cursos-y-talleres-gratuitos\/#respond"]}]},{"@type":"WebPage","@id":"https:\/\/diarioprincipios.com\/index.php\/2024\/02\/29\/comenzo-la-inscripcion-para-cursos-y-talleres-gratuitos\/","url":"https:\/\/diarioprincipios.com\/index.php\/2024\/02\/29\/comenzo-la-inscripcion-para-cursos-y-talleres-gratuitos\/","name":"Comenz\u00f3 la inscripci\u00f3n para cursos y talleres gratuitos - Principios","isPartOf":{"@id":"https:\/\/diarioprincipios.com\/#website"},"primaryImageOfPage":{"@id":"https:\/\/diarioprincipios.com\/index.php\/2024\/02\/29\/comenzo-la-inscripcion-para-cursos-y-talleres-gratuitos\/#primaryimage"},"image":{"@id":"https:\/\/diarioprincipios.com\/index.php\/2024\/02\/29\/comenzo-la-inscripcion-para-cursos-y-talleres-gratuitos\/#primaryimage"},"thumbnailUrl":"https:\/\/diarioprincipios.com\/wp-content\/uploads\/2024\/02\/COMENZO-LA-INSCRIPCION-PARA-CURSOS-Y-TALLERES-GRATUITOS_3.jpg","datePublished":"2024-02-29T22:21:16+00:00","dateModified":"2024-02-29T22:21:19+00:00","breadcrumb":{"@id":"https:\/\/diarioprincipios.com\/index.php\/2024\/02\/29\/comenzo-la-inscripcion-para-cursos-y-talleres-gratuitos\/#breadcrumb"},"inLanguage":"es","potentialAction":[{"@type":"ReadAction","target":["https:\/\/diarioprincipios.com\/index.php\/2024\/02\/29\/comenzo-la-inscripcion-para-cursos-y-talleres-gratuitos\/"]}]},{"@type":"ImageObject","inLanguage":"es","@id":"https:\/\/diarioprincipios.com\/index.php\/2024\/02\/29\/comenzo-la-inscripcion-para-cursos-y-talleres-gratuitos\/#primaryimage","url":"https:\/\/diarioprincipios.com\/wp-content\/uploads\/2024\/02\/COMENZO-LA-INSCRIPCION-PARA-CURSOS-Y-TALLERES-GRATUITOS_3.jpg","contentUrl":"https:\/\/diarioprincipios.com\/wp-content\/uploads\/2024\/02\/COMENZO-LA-INSCRIPCION-PARA-CURSOS-Y-TALLERES-GRATUITOS_3.jpg","width":1920,"height":1280},{"@type":"BreadcrumbList","@id":"https:\/\/diarioprincipios.com\/index.php\/2024\/02\/29\/comenzo-la-inscripcion-para-cursos-y-talleres-gratuitos\/#breadcrumb","itemListElement":[{"@type":"ListItem","position":1,"name":"Portada","item":"https:\/\/diarioprincipios.com\/"},{"@type":"ListItem","position":2,"name":"Comenz\u00f3 la inscripci\u00f3n para cursos y talleres gratuitos"}]},{"@type":"WebSite","@id":"https:\/\/diarioprincipios.com\/#website","url":"https:\/\/diarioprincipios.com\/","name":"Principios","description":"Principios Diario","publisher":{"@id":"https:\/\/diarioprincipios.com\/#organization"},"potentialAction":[{"@type":"SearchAction","target":{"@type":"EntryPoint","urlTemplate":"https:\/\/diarioprincipios.com\/?s={search_term_string}"},"query-input":{"@type":"PropertyValueSpecification","valueRequired":true,"valueName":"search_term_string"}}],"inLanguage":"es"},{"@type":"Organization","@id":"https:\/\/diarioprincipios.com\/#organization","name":"Principios","url":"https:\/\/diarioprincipios.com\/","logo":{"@type":"ImageObject","inLanguage":"es","@id":"https:\/\/diarioprincipios.com\/#\/schema\/logo\/image\/","url":"https:\/\/diarioprincipios.com\/wp-content\/uploads\/2024\/04\/cropped-www.diarioprincipios.com_-1.png","contentUrl":"https:\/\/diarioprincipios.com\/wp-content\/uploads\/2024\/04\/cropped-www.diarioprincipios.com_-1.png","width":5325,"height":1454,"caption":"Principios"},"image":{"@id":"https:\/\/diarioprincipios.com\/#\/schema\/logo\/image\/"}},{"@type":"Person","@id":"https:\/\/diarioprincipios.com\/#\/schema\/person\/436d5a1fd41a5e250e23ff5a6a7cb080","name":"Hern\u00e1n L\u00f3pez","image":{"@type":"ImageObject","inLanguage":"es","@id":"https:\/\/diarioprincipios.com\/wp-content\/litespeed\/avatar\/11ddfe5610ff3bd100522525b2571f48.jpg?ver=1777653193","url":"https:\/\/diarioprincipios.com\/wp-content\/litespeed\/avatar\/11ddfe5610ff3bd100522525b2571f48.jpg?ver=1777653193","contentUrl":"https:\/\/diarioprincipios.com\/wp-content\/litespeed\/avatar\/11ddfe5610ff3bd100522525b2571f48.jpg?ver=1777653193","caption":"Hern\u00e1n L\u00f3pez"},"url":"https:\/\/diarioprincipios.com\/index.php\/author\/hernan\/"}]}},"jetpack_featured_media_url":"https:\/\/diarioprincipios.com\/wp-content\/uploads\/2024\/02\/COMENZO-LA-INSCRIPCION-PARA-CURSOS-Y-TALLERES-GRATUITOS_3.jpg","_links":{"self":[{"href":"https:\/\/diarioprincipios.com\/index.php\/wp-json\/wp\/v2\/posts\/20897","targetHints":{"allow":["GET"]}}],"collection":[{"href":"https:\/\/diarioprincipios.com\/index.php\/wp-json\/wp\/v2\/posts"}],"about":[{"href":"https:\/\/diarioprincipios.com\/index.php\/wp-json\/wp\/v2\/types\/post"}],"author":[{"embeddable":true,"href":"https:\/\/diarioprincipios.com\/index.php\/wp-json\/wp\/v2\/users\/2"}],"replies":[{"embeddable":true,"href":"https:\/\/diarioprincipios.com\/index.php\/wp-json\/wp\/v2\/comments?post=20897"}],"version-history":[{"count":1,"href":"https:\/\/diarioprincipios.com\/index.php\/wp-json\/wp\/v2\/posts\/20897\/revisions"}],"predecessor-version":[{"id":20901,"href":"https:\/\/diarioprincipios.com\/index.php\/wp-json\/wp\/v2\/posts\/20897\/revisions\/20901"}],"wp:featuredmedia":[{"embeddable":true,"href":"https:\/\/diarioprincipios.com\/index.php\/wp-json\/wp\/v2\/media\/20900"}],"wp:attachment":[{"href":"https:\/\/diarioprincipios.com\/index.php\/wp-json\/wp\/v2\/media?parent=20897"}],"wp:term":[{"taxonomy":"category","embeddable":true,"href":"https:\/\/diarioprincipios.com\/index.php\/wp-json\/wp\/v2\/categories?post=20897"},{"taxonomy":"post_tag","embeddable":true,"href":"https:\/\/diarioprincipios.com\/index.php\/wp-json\/wp\/v2\/tags?post=20897"}],"curies":[{"name":"wp","href":"https:\/\/api.w.org\/{rel}","templated":true}]}}