{"id":20893,"date":"2024-02-28T15:09:10","date_gmt":"2024-02-28T18:09:10","guid":{"rendered":"http:\/\/diarioprincipios.com\/?p=20893"},"modified":"2024-02-28T15:09:13","modified_gmt":"2024-02-28T18:09:13","slug":"homenaje-a-maria-elena-walsh","status":"publish","type":"post","link":"https:\/\/diarioprincipios.com\/index.php\/2024\/02\/28\/homenaje-a-maria-elena-walsh\/","title":{"rendered":"Homenaje a Maria Elena Walsh"},"content":{"rendered":"\n<p><strong>Una gran cantidad de vecinos participaron de la primera edici\u00f3n del Ciclo Municipal \u201cLa Calle celebra\u201d del a\u00f1o, esta vez en honor a Mar\u00eda Elena Walsh. La jornada se realiz\u00f3 en el exterior del Complejo Cultural Municipal La Calle, con entrada gratuita, donde artistas locales interpretaron canciones de la compositora.<br>Uno de los vecinos presentes, Claudio Santiago, afirm\u00f3: \u201cConozco a Mar\u00eda Elena desde muy chiquito porque mi mam\u00e1 es maestra jardinera y hoy escucho sus canciones con mis dos hijos. As\u00ed que poder cantar en esta celebraci\u00f3n es un homenaje a Mar\u00eda Elena, a mi mam\u00e1 y a mis hijos tambi\u00e9n\u201d.<\/strong><\/p>\n\n\n\n<figure class=\"wp-block-image size-large\"><img loading=\"lazy\" decoding=\"async\" width=\"1024\" height=\"683\" src=\"https:\/\/diarioprincipios.com\/wp-content\/uploads\/2024\/02\/BERAZATEGUI-HOMENAJEO-A-MARIA-ELENA-WALSH-1024x683.jpg\" alt=\"\" class=\"wp-image-20894\" srcset=\"https:\/\/diarioprincipios.com\/wp-content\/uploads\/2024\/02\/BERAZATEGUI-HOMENAJEO-A-MARIA-ELENA-WALSH-1024x683.jpg 1024w, https:\/\/diarioprincipios.com\/wp-content\/uploads\/2024\/02\/BERAZATEGUI-HOMENAJEO-A-MARIA-ELENA-WALSH-300x200.jpg 300w, https:\/\/diarioprincipios.com\/wp-content\/uploads\/2024\/02\/BERAZATEGUI-HOMENAJEO-A-MARIA-ELENA-WALSH-768x512.jpg 768w, https:\/\/diarioprincipios.com\/wp-content\/uploads\/2024\/02\/BERAZATEGUI-HOMENAJEO-A-MARIA-ELENA-WALSH-1536x1024.jpg 1536w, https:\/\/diarioprincipios.com\/wp-content\/uploads\/2024\/02\/BERAZATEGUI-HOMENAJEO-A-MARIA-ELENA-WALSH.jpg 1920w\" sizes=\"auto, (max-width: 1024px) 100vw, 1024px\" \/><\/figure>\n\n\n\n<p><br>Y agreg\u00f3: \u201cEste tipo de eventos nos da la posibilidad de expresarnos y disfrutar de la m\u00fasica en comunidad. Son muy lindos\u201d.<br>A lo largo de la celebraci\u00f3n, quienes se acercaron pudieron estampar sus remeras con la cara de Mar\u00eda Elena, adem\u00e1s de participar de otras actividades -como ilustraciones- y recorrer la Feria Regal\u00e1 Cultura.<br>El Ciclo \u201cLa Calle celebra\u201d es una propuesta gratuita de la Secretar\u00eda de Cultura y Educaci\u00f3n de la Municipalidad de Berazategui para reconocer a artistas populares argentinos.<\/p>\n","protected":false},"excerpt":{"rendered":"<p>Una gran cantidad de vecinos participaron de la primera edici\u00f3n del Ciclo Municipal \u201cLa Calle celebra\u201d del a\u00f1o, esta vez en honor a Mar\u00eda Elena Walsh. La jornada se realiz\u00f3 en el exterior del Complejo Cultural Municipal La Calle, con entrada gratuita, donde artistas locales interpretaron canciones de la compositora.Uno de los vecinos presentes, Claudio&#8230;<\/p>\n","protected":false},"author":2,"featured_media":20895,"comment_status":"open","ping_status":"open","sticky":false,"template":"","format":"standard","meta":{"footnotes":""},"categories":[3],"tags":[],"class_list":["post-20893","post","type-post","status-publish","format-standard","has-post-thumbnail","hentry","category-berazategui"],"featured_image_src":"https:\/\/diarioprincipios.com\/wp-content\/uploads\/2024\/02\/BERAZATEGUI-HOMENAJEO-A-MARIA-ELENA-WALSH2-1024x683.jpg","blog_images":{"medium":"https:\/\/diarioprincipios.com\/wp-content\/uploads\/2024\/02\/BERAZATEGUI-HOMENAJEO-A-MARIA-ELENA-WALSH2-300x200.jpg","large":"https:\/\/diarioprincipios.com\/wp-content\/uploads\/2024\/02\/BERAZATEGUI-HOMENAJEO-A-MARIA-ELENA-WALSH2-1024x683.jpg"},"ams_acf":[],"yoast_head":"<!-- This site is optimized with the Yoast SEO plugin v27.3 - https:\/\/yoast.com\/product\/yoast-seo-wordpress\/ -->\n<title>Homenaje a Maria Elena Walsh - Principios<\/title>\n<meta name=\"robots\" content=\"index, follow, max-snippet:-1, max-image-preview:large, max-video-preview:-1\" \/>\n<link rel=\"canonical\" href=\"https:\/\/diarioprincipios.com\/index.php\/2024\/02\/28\/homenaje-a-maria-elena-walsh\/\" \/>\n<meta property=\"og:locale\" content=\"es_ES\" \/>\n<meta property=\"og:type\" content=\"article\" \/>\n<meta property=\"og:title\" content=\"Homenaje a Maria Elena Walsh - Principios\" \/>\n<meta property=\"og:description\" content=\"Una gran cantidad de vecinos participaron de la primera edici\u00f3n del Ciclo Municipal \u201cLa Calle celebra\u201d del a\u00f1o, esta vez en honor a Mar\u00eda Elena Walsh. La jornada se realiz\u00f3 en el exterior del Complejo Cultural Municipal La Calle, con entrada gratuita, donde artistas locales interpretaron canciones de la compositora.Uno de los vecinos presentes, Claudio...\" \/>\n<meta property=\"og:url\" content=\"https:\/\/diarioprincipios.com\/index.php\/2024\/02\/28\/homenaje-a-maria-elena-walsh\/\" \/>\n<meta property=\"og:site_name\" content=\"Principios\" \/>\n<meta property=\"article:published_time\" content=\"2024-02-28T18:09:10+00:00\" \/>\n<meta property=\"article:modified_time\" content=\"2024-02-28T18:09:13+00:00\" \/>\n<meta property=\"og:image\" content=\"https:\/\/diarioprincipios.com\/wp-content\/uploads\/2024\/02\/BERAZATEGUI-HOMENAJEO-A-MARIA-ELENA-WALSH2.jpg\" \/>\n\t<meta property=\"og:image:width\" content=\"1920\" \/>\n\t<meta property=\"og:image:height\" content=\"1280\" \/>\n\t<meta property=\"og:image:type\" content=\"image\/jpeg\" \/>\n<meta name=\"author\" content=\"Hern\u00e1n L\u00f3pez\" \/>\n<meta name=\"twitter:card\" content=\"summary_large_image\" \/>\n<meta name=\"twitter:label1\" content=\"Escrito por\" \/>\n\t<meta name=\"twitter:data1\" content=\"Hern\u00e1n L\u00f3pez\" \/>\n\t<meta name=\"twitter:label2\" content=\"Tiempo de lectura\" \/>\n\t<meta name=\"twitter:data2\" content=\"2 minutos\" \/>\n<script type=\"application\/ld+json\" class=\"yoast-schema-graph\">{\"@context\":\"https:\\\/\\\/schema.org\",\"@graph\":[{\"@type\":\"Article\",\"@id\":\"https:\\\/\\\/diarioprincipios.com\\\/index.php\\\/2024\\\/02\\\/28\\\/homenaje-a-maria-elena-walsh\\\/#article\",\"isPartOf\":{\"@id\":\"https:\\\/\\\/diarioprincipios.com\\\/index.php\\\/2024\\\/02\\\/28\\\/homenaje-a-maria-elena-walsh\\\/\"},\"author\":{\"name\":\"Hern\u00e1n L\u00f3pez\",\"@id\":\"https:\\\/\\\/diarioprincipios.com\\\/#\\\/schema\\\/person\\\/436d5a1fd41a5e250e23ff5a6a7cb080\"},\"headline\":\"Homenaje a Maria Elena Walsh\",\"datePublished\":\"2024-02-28T18:09:10+00:00\",\"dateModified\":\"2024-02-28T18:09:13+00:00\",\"mainEntityOfPage\":{\"@id\":\"https:\\\/\\\/diarioprincipios.com\\\/index.php\\\/2024\\\/02\\\/28\\\/homenaje-a-maria-elena-walsh\\\/\"},\"wordCount\":201,\"commentCount\":0,\"publisher\":{\"@id\":\"https:\\\/\\\/diarioprincipios.com\\\/#organization\"},\"image\":{\"@id\":\"https:\\\/\\\/diarioprincipios.com\\\/index.php\\\/2024\\\/02\\\/28\\\/homenaje-a-maria-elena-walsh\\\/#primaryimage\"},\"thumbnailUrl\":\"https:\\\/\\\/diarioprincipios.com\\\/wp-content\\\/uploads\\\/2024\\\/02\\\/BERAZATEGUI-HOMENAJEO-A-MARIA-ELENA-WALSH2.jpg\",\"articleSection\":[\"Berazategui\"],\"inLanguage\":\"es\",\"potentialAction\":[{\"@type\":\"CommentAction\",\"name\":\"Comment\",\"target\":[\"https:\\\/\\\/diarioprincipios.com\\\/index.php\\\/2024\\\/02\\\/28\\\/homenaje-a-maria-elena-walsh\\\/#respond\"]}]},{\"@type\":\"WebPage\",\"@id\":\"https:\\\/\\\/diarioprincipios.com\\\/index.php\\\/2024\\\/02\\\/28\\\/homenaje-a-maria-elena-walsh\\\/\",\"url\":\"https:\\\/\\\/diarioprincipios.com\\\/index.php\\\/2024\\\/02\\\/28\\\/homenaje-a-maria-elena-walsh\\\/\",\"name\":\"Homenaje a Maria Elena Walsh - Principios\",\"isPartOf\":{\"@id\":\"https:\\\/\\\/diarioprincipios.com\\\/#website\"},\"primaryImageOfPage\":{\"@id\":\"https:\\\/\\\/diarioprincipios.com\\\/index.php\\\/2024\\\/02\\\/28\\\/homenaje-a-maria-elena-walsh\\\/#primaryimage\"},\"image\":{\"@id\":\"https:\\\/\\\/diarioprincipios.com\\\/index.php\\\/2024\\\/02\\\/28\\\/homenaje-a-maria-elena-walsh\\\/#primaryimage\"},\"thumbnailUrl\":\"https:\\\/\\\/diarioprincipios.com\\\/wp-content\\\/uploads\\\/2024\\\/02\\\/BERAZATEGUI-HOMENAJEO-A-MARIA-ELENA-WALSH2.jpg\",\"datePublished\":\"2024-02-28T18:09:10+00:00\",\"dateModified\":\"2024-02-28T18:09:13+00:00\",\"breadcrumb\":{\"@id\":\"https:\\\/\\\/diarioprincipios.com\\\/index.php\\\/2024\\\/02\\\/28\\\/homenaje-a-maria-elena-walsh\\\/#breadcrumb\"},\"inLanguage\":\"es\",\"potentialAction\":[{\"@type\":\"ReadAction\",\"target\":[\"https:\\\/\\\/diarioprincipios.com\\\/index.php\\\/2024\\\/02\\\/28\\\/homenaje-a-maria-elena-walsh\\\/\"]}]},{\"@type\":\"ImageObject\",\"inLanguage\":\"es\",\"@id\":\"https:\\\/\\\/diarioprincipios.com\\\/index.php\\\/2024\\\/02\\\/28\\\/homenaje-a-maria-elena-walsh\\\/#primaryimage\",\"url\":\"https:\\\/\\\/diarioprincipios.com\\\/wp-content\\\/uploads\\\/2024\\\/02\\\/BERAZATEGUI-HOMENAJEO-A-MARIA-ELENA-WALSH2.jpg\",\"contentUrl\":\"https:\\\/\\\/diarioprincipios.com\\\/wp-content\\\/uploads\\\/2024\\\/02\\\/BERAZATEGUI-HOMENAJEO-A-MARIA-ELENA-WALSH2.jpg\",\"width\":1920,\"height\":1280},{\"@type\":\"BreadcrumbList\",\"@id\":\"https:\\\/\\\/diarioprincipios.com\\\/index.php\\\/2024\\\/02\\\/28\\\/homenaje-a-maria-elena-walsh\\\/#breadcrumb\",\"itemListElement\":[{\"@type\":\"ListItem\",\"position\":1,\"name\":\"Portada\",\"item\":\"https:\\\/\\\/diarioprincipios.com\\\/\"},{\"@type\":\"ListItem\",\"position\":2,\"name\":\"Homenaje a Maria Elena Walsh\"}]},{\"@type\":\"WebSite\",\"@id\":\"https:\\\/\\\/diarioprincipios.com\\\/#website\",\"url\":\"https:\\\/\\\/diarioprincipios.com\\\/\",\"name\":\"Principios\",\"description\":\"Principios Diario\",\"publisher\":{\"@id\":\"https:\\\/\\\/diarioprincipios.com\\\/#organization\"},\"potentialAction\":[{\"@type\":\"SearchAction\",\"target\":{\"@type\":\"EntryPoint\",\"urlTemplate\":\"https:\\\/\\\/diarioprincipios.com\\\/?s={search_term_string}\"},\"query-input\":{\"@type\":\"PropertyValueSpecification\",\"valueRequired\":true,\"valueName\":\"search_term_string\"}}],\"inLanguage\":\"es\"},{\"@type\":\"Organization\",\"@id\":\"https:\\\/\\\/diarioprincipios.com\\\/#organization\",\"name\":\"Principios\",\"url\":\"https:\\\/\\\/diarioprincipios.com\\\/\",\"logo\":{\"@type\":\"ImageObject\",\"inLanguage\":\"es\",\"@id\":\"https:\\\/\\\/diarioprincipios.com\\\/#\\\/schema\\\/logo\\\/image\\\/\",\"url\":\"https:\\\/\\\/diarioprincipios.com\\\/wp-content\\\/uploads\\\/2024\\\/04\\\/cropped-www.diarioprincipios.com_-1.png\",\"contentUrl\":\"https:\\\/\\\/diarioprincipios.com\\\/wp-content\\\/uploads\\\/2024\\\/04\\\/cropped-www.diarioprincipios.com_-1.png\",\"width\":5325,\"height\":1454,\"caption\":\"Principios\"},\"image\":{\"@id\":\"https:\\\/\\\/diarioprincipios.com\\\/#\\\/schema\\\/logo\\\/image\\\/\"}},{\"@type\":\"Person\",\"@id\":\"https:\\\/\\\/diarioprincipios.com\\\/#\\\/schema\\\/person\\\/436d5a1fd41a5e250e23ff5a6a7cb080\",\"name\":\"Hern\u00e1n L\u00f3pez\",\"image\":{\"@type\":\"ImageObject\",\"inLanguage\":\"es\",\"@id\":\"https:\\\/\\\/diarioprincipios.com\\\/wp-content\\\/litespeed\\\/avatar\\\/11ddfe5610ff3bd100522525b2571f48.jpg?ver=1777048341\",\"url\":\"https:\\\/\\\/diarioprincipios.com\\\/wp-content\\\/litespeed\\\/avatar\\\/11ddfe5610ff3bd100522525b2571f48.jpg?ver=1777048341\",\"contentUrl\":\"https:\\\/\\\/diarioprincipios.com\\\/wp-content\\\/litespeed\\\/avatar\\\/11ddfe5610ff3bd100522525b2571f48.jpg?ver=1777048341\",\"caption\":\"Hern\u00e1n L\u00f3pez\"},\"url\":\"https:\\\/\\\/diarioprincipios.com\\\/index.php\\\/author\\\/hernan\\\/\"}]}<\/script>\n<!-- \/ Yoast SEO plugin. -->","yoast_head_json":{"title":"Homenaje a Maria Elena Walsh - Principios","robots":{"index":"index","follow":"follow","max-snippet":"max-snippet:-1","max-image-preview":"max-image-preview:large","max-video-preview":"max-video-preview:-1"},"canonical":"https:\/\/diarioprincipios.com\/index.php\/2024\/02\/28\/homenaje-a-maria-elena-walsh\/","og_locale":"es_ES","og_type":"article","og_title":"Homenaje a Maria Elena Walsh - Principios","og_description":"Una gran cantidad de vecinos participaron de la primera edici\u00f3n del Ciclo Municipal \u201cLa Calle celebra\u201d del a\u00f1o, esta vez en honor a Mar\u00eda Elena Walsh. La jornada se realiz\u00f3 en el exterior del Complejo Cultural Municipal La Calle, con entrada gratuita, donde artistas locales interpretaron canciones de la compositora.Uno de los vecinos presentes, Claudio...","og_url":"https:\/\/diarioprincipios.com\/index.php\/2024\/02\/28\/homenaje-a-maria-elena-walsh\/","og_site_name":"Principios","article_published_time":"2024-02-28T18:09:10+00:00","article_modified_time":"2024-02-28T18:09:13+00:00","og_image":[{"width":1920,"height":1280,"url":"https:\/\/diarioprincipios.com\/wp-content\/uploads\/2024\/02\/BERAZATEGUI-HOMENAJEO-A-MARIA-ELENA-WALSH2.jpg","type":"image\/jpeg"}],"author":"Hern\u00e1n L\u00f3pez","twitter_card":"summary_large_image","twitter_misc":{"Escrito por":"Hern\u00e1n L\u00f3pez","Tiempo de lectura":"2 minutos"},"schema":{"@context":"https:\/\/schema.org","@graph":[{"@type":"Article","@id":"https:\/\/diarioprincipios.com\/index.php\/2024\/02\/28\/homenaje-a-maria-elena-walsh\/#article","isPartOf":{"@id":"https:\/\/diarioprincipios.com\/index.php\/2024\/02\/28\/homenaje-a-maria-elena-walsh\/"},"author":{"name":"Hern\u00e1n L\u00f3pez","@id":"https:\/\/diarioprincipios.com\/#\/schema\/person\/436d5a1fd41a5e250e23ff5a6a7cb080"},"headline":"Homenaje a Maria Elena Walsh","datePublished":"2024-02-28T18:09:10+00:00","dateModified":"2024-02-28T18:09:13+00:00","mainEntityOfPage":{"@id":"https:\/\/diarioprincipios.com\/index.php\/2024\/02\/28\/homenaje-a-maria-elena-walsh\/"},"wordCount":201,"commentCount":0,"publisher":{"@id":"https:\/\/diarioprincipios.com\/#organization"},"image":{"@id":"https:\/\/diarioprincipios.com\/index.php\/2024\/02\/28\/homenaje-a-maria-elena-walsh\/#primaryimage"},"thumbnailUrl":"https:\/\/diarioprincipios.com\/wp-content\/uploads\/2024\/02\/BERAZATEGUI-HOMENAJEO-A-MARIA-ELENA-WALSH2.jpg","articleSection":["Berazategui"],"inLanguage":"es","potentialAction":[{"@type":"CommentAction","name":"Comment","target":["https:\/\/diarioprincipios.com\/index.php\/2024\/02\/28\/homenaje-a-maria-elena-walsh\/#respond"]}]},{"@type":"WebPage","@id":"https:\/\/diarioprincipios.com\/index.php\/2024\/02\/28\/homenaje-a-maria-elena-walsh\/","url":"https:\/\/diarioprincipios.com\/index.php\/2024\/02\/28\/homenaje-a-maria-elena-walsh\/","name":"Homenaje a Maria Elena Walsh - Principios","isPartOf":{"@id":"https:\/\/diarioprincipios.com\/#website"},"primaryImageOfPage":{"@id":"https:\/\/diarioprincipios.com\/index.php\/2024\/02\/28\/homenaje-a-maria-elena-walsh\/#primaryimage"},"image":{"@id":"https:\/\/diarioprincipios.com\/index.php\/2024\/02\/28\/homenaje-a-maria-elena-walsh\/#primaryimage"},"thumbnailUrl":"https:\/\/diarioprincipios.com\/wp-content\/uploads\/2024\/02\/BERAZATEGUI-HOMENAJEO-A-MARIA-ELENA-WALSH2.jpg","datePublished":"2024-02-28T18:09:10+00:00","dateModified":"2024-02-28T18:09:13+00:00","breadcrumb":{"@id":"https:\/\/diarioprincipios.com\/index.php\/2024\/02\/28\/homenaje-a-maria-elena-walsh\/#breadcrumb"},"inLanguage":"es","potentialAction":[{"@type":"ReadAction","target":["https:\/\/diarioprincipios.com\/index.php\/2024\/02\/28\/homenaje-a-maria-elena-walsh\/"]}]},{"@type":"ImageObject","inLanguage":"es","@id":"https:\/\/diarioprincipios.com\/index.php\/2024\/02\/28\/homenaje-a-maria-elena-walsh\/#primaryimage","url":"https:\/\/diarioprincipios.com\/wp-content\/uploads\/2024\/02\/BERAZATEGUI-HOMENAJEO-A-MARIA-ELENA-WALSH2.jpg","contentUrl":"https:\/\/diarioprincipios.com\/wp-content\/uploads\/2024\/02\/BERAZATEGUI-HOMENAJEO-A-MARIA-ELENA-WALSH2.jpg","width":1920,"height":1280},{"@type":"BreadcrumbList","@id":"https:\/\/diarioprincipios.com\/index.php\/2024\/02\/28\/homenaje-a-maria-elena-walsh\/#breadcrumb","itemListElement":[{"@type":"ListItem","position":1,"name":"Portada","item":"https:\/\/diarioprincipios.com\/"},{"@type":"ListItem","position":2,"name":"Homenaje a Maria Elena Walsh"}]},{"@type":"WebSite","@id":"https:\/\/diarioprincipios.com\/#website","url":"https:\/\/diarioprincipios.com\/","name":"Principios","description":"Principios Diario","publisher":{"@id":"https:\/\/diarioprincipios.com\/#organization"},"potentialAction":[{"@type":"SearchAction","target":{"@type":"EntryPoint","urlTemplate":"https:\/\/diarioprincipios.com\/?s={search_term_string}"},"query-input":{"@type":"PropertyValueSpecification","valueRequired":true,"valueName":"search_term_string"}}],"inLanguage":"es"},{"@type":"Organization","@id":"https:\/\/diarioprincipios.com\/#organization","name":"Principios","url":"https:\/\/diarioprincipios.com\/","logo":{"@type":"ImageObject","inLanguage":"es","@id":"https:\/\/diarioprincipios.com\/#\/schema\/logo\/image\/","url":"https:\/\/diarioprincipios.com\/wp-content\/uploads\/2024\/04\/cropped-www.diarioprincipios.com_-1.png","contentUrl":"https:\/\/diarioprincipios.com\/wp-content\/uploads\/2024\/04\/cropped-www.diarioprincipios.com_-1.png","width":5325,"height":1454,"caption":"Principios"},"image":{"@id":"https:\/\/diarioprincipios.com\/#\/schema\/logo\/image\/"}},{"@type":"Person","@id":"https:\/\/diarioprincipios.com\/#\/schema\/person\/436d5a1fd41a5e250e23ff5a6a7cb080","name":"Hern\u00e1n L\u00f3pez","image":{"@type":"ImageObject","inLanguage":"es","@id":"https:\/\/diarioprincipios.com\/wp-content\/litespeed\/avatar\/11ddfe5610ff3bd100522525b2571f48.jpg?ver=1777048341","url":"https:\/\/diarioprincipios.com\/wp-content\/litespeed\/avatar\/11ddfe5610ff3bd100522525b2571f48.jpg?ver=1777048341","contentUrl":"https:\/\/diarioprincipios.com\/wp-content\/litespeed\/avatar\/11ddfe5610ff3bd100522525b2571f48.jpg?ver=1777048341","caption":"Hern\u00e1n L\u00f3pez"},"url":"https:\/\/diarioprincipios.com\/index.php\/author\/hernan\/"}]}},"jetpack_featured_media_url":"https:\/\/diarioprincipios.com\/wp-content\/uploads\/2024\/02\/BERAZATEGUI-HOMENAJEO-A-MARIA-ELENA-WALSH2.jpg","_links":{"self":[{"href":"https:\/\/diarioprincipios.com\/index.php\/wp-json\/wp\/v2\/posts\/20893","targetHints":{"allow":["GET"]}}],"collection":[{"href":"https:\/\/diarioprincipios.com\/index.php\/wp-json\/wp\/v2\/posts"}],"about":[{"href":"https:\/\/diarioprincipios.com\/index.php\/wp-json\/wp\/v2\/types\/post"}],"author":[{"embeddable":true,"href":"https:\/\/diarioprincipios.com\/index.php\/wp-json\/wp\/v2\/users\/2"}],"replies":[{"embeddable":true,"href":"https:\/\/diarioprincipios.com\/index.php\/wp-json\/wp\/v2\/comments?post=20893"}],"version-history":[{"count":1,"href":"https:\/\/diarioprincipios.com\/index.php\/wp-json\/wp\/v2\/posts\/20893\/revisions"}],"predecessor-version":[{"id":20896,"href":"https:\/\/diarioprincipios.com\/index.php\/wp-json\/wp\/v2\/posts\/20893\/revisions\/20896"}],"wp:featuredmedia":[{"embeddable":true,"href":"https:\/\/diarioprincipios.com\/index.php\/wp-json\/wp\/v2\/media\/20895"}],"wp:attachment":[{"href":"https:\/\/diarioprincipios.com\/index.php\/wp-json\/wp\/v2\/media?parent=20893"}],"wp:term":[{"taxonomy":"category","embeddable":true,"href":"https:\/\/diarioprincipios.com\/index.php\/wp-json\/wp\/v2\/categories?post=20893"},{"taxonomy":"post_tag","embeddable":true,"href":"https:\/\/diarioprincipios.com\/index.php\/wp-json\/wp\/v2\/tags?post=20893"}],"curies":[{"name":"wp","href":"https:\/\/api.w.org\/{rel}","templated":true}]}}