{"id":20889,"date":"2024-02-28T14:41:08","date_gmt":"2024-02-28T17:41:08","guid":{"rendered":"http:\/\/diarioprincipios.com\/?p=20889"},"modified":"2024-02-28T14:41:12","modified_gmt":"2024-02-28T17:41:12","slug":"acuerdo-para-la-recomposicion-salarial-de-los-trabajadores-municipales","status":"publish","type":"post","link":"https:\/\/diarioprincipios.com\/index.php\/2024\/02\/28\/acuerdo-para-la-recomposicion-salarial-de-los-trabajadores-municipales\/","title":{"rendered":"Acuerdo para la recomposici\u00f3n salarial de los trabajadores municipales"},"content":{"rendered":"\n<p>Luego de intensas negociaciones con el departamento ejecutivo, el Sindicato de Trabajadores Municipales de Berazategui alcanz\u00f3 un acuerdo en materia salarial para la recomposici\u00f3n de los sueldos de todos los trabajadores municipales del distrito.<\/p>\n\n\n\n<p>En tal sentido, con los haberes correspondientes al mes de febrero, los trabajadores municipales percibir\u00e1n un incremento que alcanzar\u00e1 a todas las escalas y categor\u00edas del escalaf\u00f3n de la siguiente manera:<\/p>\n\n\n\n<ul class=\"wp-block-list\">\n<li>Un aumento del 20% para las escalas m\u00e1s bajas.<\/li>\n\n\n\n<li>Un incremento del 18% para las escalas medias.<\/li>\n\n\n\n<li>Una suba del 13% para las escalas m\u00e1s altas.<\/li>\n<\/ul>\n\n\n\n<figure class=\"wp-block-image size-large\"><img loading=\"lazy\" decoding=\"async\" width=\"1024\" height=\"1024\" src=\"https:\/\/diarioprincipios.com\/wp-content\/uploads\/2024\/02\/28-02-2024-recomposicion-salarial-1024x1024.jpeg\" alt=\"\" class=\"wp-image-20890\" srcset=\"https:\/\/diarioprincipios.com\/wp-content\/uploads\/2024\/02\/28-02-2024-recomposicion-salarial-1024x1024.jpeg 1024w, https:\/\/diarioprincipios.com\/wp-content\/uploads\/2024\/02\/28-02-2024-recomposicion-salarial-300x300.jpeg 300w, https:\/\/diarioprincipios.com\/wp-content\/uploads\/2024\/02\/28-02-2024-recomposicion-salarial-150x150.jpeg 150w, https:\/\/diarioprincipios.com\/wp-content\/uploads\/2024\/02\/28-02-2024-recomposicion-salarial-768x768.jpeg 768w, https:\/\/diarioprincipios.com\/wp-content\/uploads\/2024\/02\/28-02-2024-recomposicion-salarial.jpeg 1200w\" sizes=\"auto, (max-width: 1024px) 100vw, 1024px\" \/><\/figure>\n\n\n\n<p>Estos porcentajes se calcular\u00e1n sobre la base del sueldo b\u00e1sico correspondiente al mes de enero.<\/p>\n\n\n\n<p>Adem\u00e1s, todos los trabajadores con hijos en edad escolar estar\u00e1n percibiendo la ayuda por escolaridad anunciada por el gobierno nacional, que asciende a la suma de setenta mil pesos, contra la entrega del certificado correspondiente otorgado por la autoridad competente.<br><br>Al respecto, el Secretario General del STMB Gabriel Carril Campusano expres\u00f3:\u00a0<em>\u201cReconocemos que la situaci\u00f3n econ\u00f3mica actual presenta desaf\u00edos significativos; sin embargo, confiamos en que esta recomposici\u00f3n ayudar\u00e1 a mitigar las dificultades que enfrentamos, a la vez que continuamos trabajando incansablemente para mejorar las condiciones laborales y salariales de nuestros compa\u00f1eros\u201d.<\/em><\/p>\n","protected":false},"excerpt":{"rendered":"<p>Luego de intensas negociaciones con el departamento ejecutivo, el Sindicato de Trabajadores Municipales de Berazategui alcanz\u00f3 un acuerdo en materia salarial para la recomposici\u00f3n de los sueldos de todos los trabajadores municipales del distrito. En tal sentido, con los haberes correspondientes al mes de febrero, los trabajadores municipales percibir\u00e1n un incremento que alcanzar\u00e1 a todas&#8230;<\/p>\n","protected":false},"author":2,"featured_media":20891,"comment_status":"open","ping_status":"open","sticky":false,"template":"","format":"standard","meta":{"footnotes":""},"categories":[3],"tags":[],"class_list":["post-20889","post","type-post","status-publish","format-standard","has-post-thumbnail","hentry","category-berazategui"],"featured_image_src":"https:\/\/diarioprincipios.com\/wp-content\/uploads\/2024\/02\/28-02-2024-acuerdo-de-recomposicion-salaria-1024x473.png","blog_images":{"medium":"https:\/\/diarioprincipios.com\/wp-content\/uploads\/2024\/02\/28-02-2024-acuerdo-de-recomposicion-salaria-300x139.png","large":"https:\/\/diarioprincipios.com\/wp-content\/uploads\/2024\/02\/28-02-2024-acuerdo-de-recomposicion-salaria-1024x473.png"},"ams_acf":[],"yoast_head":"<!-- This site is optimized with the Yoast SEO plugin v27.3 - https:\/\/yoast.com\/product\/yoast-seo-wordpress\/ -->\n<title>Acuerdo para la recomposici\u00f3n salarial de los trabajadores municipales - Principios<\/title>\n<meta name=\"robots\" content=\"index, follow, max-snippet:-1, max-image-preview:large, max-video-preview:-1\" \/>\n<link rel=\"canonical\" href=\"https:\/\/diarioprincipios.com\/index.php\/2024\/02\/28\/acuerdo-para-la-recomposicion-salarial-de-los-trabajadores-municipales\/\" \/>\n<meta property=\"og:locale\" content=\"es_ES\" \/>\n<meta property=\"og:type\" content=\"article\" \/>\n<meta property=\"og:title\" content=\"Acuerdo para la recomposici\u00f3n salarial de los trabajadores municipales - Principios\" \/>\n<meta property=\"og:description\" content=\"Luego de intensas negociaciones con el departamento ejecutivo, el Sindicato de Trabajadores Municipales de Berazategui alcanz\u00f3 un acuerdo en materia salarial para la recomposici\u00f3n de los sueldos de todos los trabajadores municipales del distrito. En tal sentido, con los haberes correspondientes al mes de febrero, los trabajadores municipales percibir\u00e1n un incremento que alcanzar\u00e1 a todas...\" \/>\n<meta property=\"og:url\" content=\"https:\/\/diarioprincipios.com\/index.php\/2024\/02\/28\/acuerdo-para-la-recomposicion-salarial-de-los-trabajadores-municipales\/\" \/>\n<meta property=\"og:site_name\" content=\"Principios\" \/>\n<meta property=\"article:published_time\" content=\"2024-02-28T17:41:08+00:00\" \/>\n<meta property=\"article:modified_time\" content=\"2024-02-28T17:41:12+00:00\" \/>\n<meta property=\"og:image\" content=\"https:\/\/diarioprincipios.com\/wp-content\/uploads\/2024\/02\/28-02-2024-acuerdo-de-recomposicion-salaria.png\" \/>\n\t<meta property=\"og:image:width\" content=\"1280\" \/>\n\t<meta property=\"og:image:height\" content=\"591\" \/>\n\t<meta property=\"og:image:type\" content=\"image\/png\" \/>\n<meta name=\"author\" content=\"Hern\u00e1n L\u00f3pez\" \/>\n<meta name=\"twitter:card\" content=\"summary_large_image\" \/>\n<meta name=\"twitter:label1\" content=\"Escrito por\" \/>\n\t<meta name=\"twitter:data1\" content=\"Hern\u00e1n L\u00f3pez\" \/>\n\t<meta name=\"twitter:label2\" content=\"Tiempo de lectura\" \/>\n\t<meta name=\"twitter:data2\" content=\"2 minutos\" \/>\n<script type=\"application\/ld+json\" class=\"yoast-schema-graph\">{\"@context\":\"https:\\\/\\\/schema.org\",\"@graph\":[{\"@type\":\"Article\",\"@id\":\"https:\\\/\\\/diarioprincipios.com\\\/index.php\\\/2024\\\/02\\\/28\\\/acuerdo-para-la-recomposicion-salarial-de-los-trabajadores-municipales\\\/#article\",\"isPartOf\":{\"@id\":\"https:\\\/\\\/diarioprincipios.com\\\/index.php\\\/2024\\\/02\\\/28\\\/acuerdo-para-la-recomposicion-salarial-de-los-trabajadores-municipales\\\/\"},\"author\":{\"name\":\"Hern\u00e1n L\u00f3pez\",\"@id\":\"https:\\\/\\\/diarioprincipios.com\\\/#\\\/schema\\\/person\\\/436d5a1fd41a5e250e23ff5a6a7cb080\"},\"headline\":\"Acuerdo para la recomposici\u00f3n salarial de los trabajadores municipales\",\"datePublished\":\"2024-02-28T17:41:08+00:00\",\"dateModified\":\"2024-02-28T17:41:12+00:00\",\"mainEntityOfPage\":{\"@id\":\"https:\\\/\\\/diarioprincipios.com\\\/index.php\\\/2024\\\/02\\\/28\\\/acuerdo-para-la-recomposicion-salarial-de-los-trabajadores-municipales\\\/\"},\"wordCount\":219,\"commentCount\":0,\"publisher\":{\"@id\":\"https:\\\/\\\/diarioprincipios.com\\\/#organization\"},\"image\":{\"@id\":\"https:\\\/\\\/diarioprincipios.com\\\/index.php\\\/2024\\\/02\\\/28\\\/acuerdo-para-la-recomposicion-salarial-de-los-trabajadores-municipales\\\/#primaryimage\"},\"thumbnailUrl\":\"https:\\\/\\\/diarioprincipios.com\\\/wp-content\\\/uploads\\\/2024\\\/02\\\/28-02-2024-acuerdo-de-recomposicion-salaria.png\",\"articleSection\":[\"Berazategui\"],\"inLanguage\":\"es\",\"potentialAction\":[{\"@type\":\"CommentAction\",\"name\":\"Comment\",\"target\":[\"https:\\\/\\\/diarioprincipios.com\\\/index.php\\\/2024\\\/02\\\/28\\\/acuerdo-para-la-recomposicion-salarial-de-los-trabajadores-municipales\\\/#respond\"]}]},{\"@type\":\"WebPage\",\"@id\":\"https:\\\/\\\/diarioprincipios.com\\\/index.php\\\/2024\\\/02\\\/28\\\/acuerdo-para-la-recomposicion-salarial-de-los-trabajadores-municipales\\\/\",\"url\":\"https:\\\/\\\/diarioprincipios.com\\\/index.php\\\/2024\\\/02\\\/28\\\/acuerdo-para-la-recomposicion-salarial-de-los-trabajadores-municipales\\\/\",\"name\":\"Acuerdo para la recomposici\u00f3n salarial de los trabajadores municipales - Principios\",\"isPartOf\":{\"@id\":\"https:\\\/\\\/diarioprincipios.com\\\/#website\"},\"primaryImageOfPage\":{\"@id\":\"https:\\\/\\\/diarioprincipios.com\\\/index.php\\\/2024\\\/02\\\/28\\\/acuerdo-para-la-recomposicion-salarial-de-los-trabajadores-municipales\\\/#primaryimage\"},\"image\":{\"@id\":\"https:\\\/\\\/diarioprincipios.com\\\/index.php\\\/2024\\\/02\\\/28\\\/acuerdo-para-la-recomposicion-salarial-de-los-trabajadores-municipales\\\/#primaryimage\"},\"thumbnailUrl\":\"https:\\\/\\\/diarioprincipios.com\\\/wp-content\\\/uploads\\\/2024\\\/02\\\/28-02-2024-acuerdo-de-recomposicion-salaria.png\",\"datePublished\":\"2024-02-28T17:41:08+00:00\",\"dateModified\":\"2024-02-28T17:41:12+00:00\",\"breadcrumb\":{\"@id\":\"https:\\\/\\\/diarioprincipios.com\\\/index.php\\\/2024\\\/02\\\/28\\\/acuerdo-para-la-recomposicion-salarial-de-los-trabajadores-municipales\\\/#breadcrumb\"},\"inLanguage\":\"es\",\"potentialAction\":[{\"@type\":\"ReadAction\",\"target\":[\"https:\\\/\\\/diarioprincipios.com\\\/index.php\\\/2024\\\/02\\\/28\\\/acuerdo-para-la-recomposicion-salarial-de-los-trabajadores-municipales\\\/\"]}]},{\"@type\":\"ImageObject\",\"inLanguage\":\"es\",\"@id\":\"https:\\\/\\\/diarioprincipios.com\\\/index.php\\\/2024\\\/02\\\/28\\\/acuerdo-para-la-recomposicion-salarial-de-los-trabajadores-municipales\\\/#primaryimage\",\"url\":\"https:\\\/\\\/diarioprincipios.com\\\/wp-content\\\/uploads\\\/2024\\\/02\\\/28-02-2024-acuerdo-de-recomposicion-salaria.png\",\"contentUrl\":\"https:\\\/\\\/diarioprincipios.com\\\/wp-content\\\/uploads\\\/2024\\\/02\\\/28-02-2024-acuerdo-de-recomposicion-salaria.png\",\"width\":1280,\"height\":591},{\"@type\":\"BreadcrumbList\",\"@id\":\"https:\\\/\\\/diarioprincipios.com\\\/index.php\\\/2024\\\/02\\\/28\\\/acuerdo-para-la-recomposicion-salarial-de-los-trabajadores-municipales\\\/#breadcrumb\",\"itemListElement\":[{\"@type\":\"ListItem\",\"position\":1,\"name\":\"Portada\",\"item\":\"https:\\\/\\\/diarioprincipios.com\\\/\"},{\"@type\":\"ListItem\",\"position\":2,\"name\":\"Acuerdo para la recomposici\u00f3n salarial de los trabajadores municipales\"}]},{\"@type\":\"WebSite\",\"@id\":\"https:\\\/\\\/diarioprincipios.com\\\/#website\",\"url\":\"https:\\\/\\\/diarioprincipios.com\\\/\",\"name\":\"Principios\",\"description\":\"Principios Diario\",\"publisher\":{\"@id\":\"https:\\\/\\\/diarioprincipios.com\\\/#organization\"},\"potentialAction\":[{\"@type\":\"SearchAction\",\"target\":{\"@type\":\"EntryPoint\",\"urlTemplate\":\"https:\\\/\\\/diarioprincipios.com\\\/?s={search_term_string}\"},\"query-input\":{\"@type\":\"PropertyValueSpecification\",\"valueRequired\":true,\"valueName\":\"search_term_string\"}}],\"inLanguage\":\"es\"},{\"@type\":\"Organization\",\"@id\":\"https:\\\/\\\/diarioprincipios.com\\\/#organization\",\"name\":\"Principios\",\"url\":\"https:\\\/\\\/diarioprincipios.com\\\/\",\"logo\":{\"@type\":\"ImageObject\",\"inLanguage\":\"es\",\"@id\":\"https:\\\/\\\/diarioprincipios.com\\\/#\\\/schema\\\/logo\\\/image\\\/\",\"url\":\"https:\\\/\\\/diarioprincipios.com\\\/wp-content\\\/uploads\\\/2024\\\/04\\\/cropped-www.diarioprincipios.com_-1.png\",\"contentUrl\":\"https:\\\/\\\/diarioprincipios.com\\\/wp-content\\\/uploads\\\/2024\\\/04\\\/cropped-www.diarioprincipios.com_-1.png\",\"width\":5325,\"height\":1454,\"caption\":\"Principios\"},\"image\":{\"@id\":\"https:\\\/\\\/diarioprincipios.com\\\/#\\\/schema\\\/logo\\\/image\\\/\"}},{\"@type\":\"Person\",\"@id\":\"https:\\\/\\\/diarioprincipios.com\\\/#\\\/schema\\\/person\\\/436d5a1fd41a5e250e23ff5a6a7cb080\",\"name\":\"Hern\u00e1n L\u00f3pez\",\"image\":{\"@type\":\"ImageObject\",\"inLanguage\":\"es\",\"@id\":\"https:\\\/\\\/diarioprincipios.com\\\/wp-content\\\/litespeed\\\/avatar\\\/11ddfe5610ff3bd100522525b2571f48.jpg?ver=1777653193\",\"url\":\"https:\\\/\\\/diarioprincipios.com\\\/wp-content\\\/litespeed\\\/avatar\\\/11ddfe5610ff3bd100522525b2571f48.jpg?ver=1777653193\",\"contentUrl\":\"https:\\\/\\\/diarioprincipios.com\\\/wp-content\\\/litespeed\\\/avatar\\\/11ddfe5610ff3bd100522525b2571f48.jpg?ver=1777653193\",\"caption\":\"Hern\u00e1n L\u00f3pez\"},\"url\":\"https:\\\/\\\/diarioprincipios.com\\\/index.php\\\/author\\\/hernan\\\/\"}]}<\/script>\n<!-- \/ Yoast SEO plugin. -->","yoast_head_json":{"title":"Acuerdo para la recomposici\u00f3n salarial de los trabajadores municipales - Principios","robots":{"index":"index","follow":"follow","max-snippet":"max-snippet:-1","max-image-preview":"max-image-preview:large","max-video-preview":"max-video-preview:-1"},"canonical":"https:\/\/diarioprincipios.com\/index.php\/2024\/02\/28\/acuerdo-para-la-recomposicion-salarial-de-los-trabajadores-municipales\/","og_locale":"es_ES","og_type":"article","og_title":"Acuerdo para la recomposici\u00f3n salarial de los trabajadores municipales - Principios","og_description":"Luego de intensas negociaciones con el departamento ejecutivo, el Sindicato de Trabajadores Municipales de Berazategui alcanz\u00f3 un acuerdo en materia salarial para la recomposici\u00f3n de los sueldos de todos los trabajadores municipales del distrito. En tal sentido, con los haberes correspondientes al mes de febrero, los trabajadores municipales percibir\u00e1n un incremento que alcanzar\u00e1 a todas...","og_url":"https:\/\/diarioprincipios.com\/index.php\/2024\/02\/28\/acuerdo-para-la-recomposicion-salarial-de-los-trabajadores-municipales\/","og_site_name":"Principios","article_published_time":"2024-02-28T17:41:08+00:00","article_modified_time":"2024-02-28T17:41:12+00:00","og_image":[{"width":1280,"height":591,"url":"https:\/\/diarioprincipios.com\/wp-content\/uploads\/2024\/02\/28-02-2024-acuerdo-de-recomposicion-salaria.png","type":"image\/png"}],"author":"Hern\u00e1n L\u00f3pez","twitter_card":"summary_large_image","twitter_misc":{"Escrito por":"Hern\u00e1n L\u00f3pez","Tiempo de lectura":"2 minutos"},"schema":{"@context":"https:\/\/schema.org","@graph":[{"@type":"Article","@id":"https:\/\/diarioprincipios.com\/index.php\/2024\/02\/28\/acuerdo-para-la-recomposicion-salarial-de-los-trabajadores-municipales\/#article","isPartOf":{"@id":"https:\/\/diarioprincipios.com\/index.php\/2024\/02\/28\/acuerdo-para-la-recomposicion-salarial-de-los-trabajadores-municipales\/"},"author":{"name":"Hern\u00e1n L\u00f3pez","@id":"https:\/\/diarioprincipios.com\/#\/schema\/person\/436d5a1fd41a5e250e23ff5a6a7cb080"},"headline":"Acuerdo para la recomposici\u00f3n salarial de los trabajadores municipales","datePublished":"2024-02-28T17:41:08+00:00","dateModified":"2024-02-28T17:41:12+00:00","mainEntityOfPage":{"@id":"https:\/\/diarioprincipios.com\/index.php\/2024\/02\/28\/acuerdo-para-la-recomposicion-salarial-de-los-trabajadores-municipales\/"},"wordCount":219,"commentCount":0,"publisher":{"@id":"https:\/\/diarioprincipios.com\/#organization"},"image":{"@id":"https:\/\/diarioprincipios.com\/index.php\/2024\/02\/28\/acuerdo-para-la-recomposicion-salarial-de-los-trabajadores-municipales\/#primaryimage"},"thumbnailUrl":"https:\/\/diarioprincipios.com\/wp-content\/uploads\/2024\/02\/28-02-2024-acuerdo-de-recomposicion-salaria.png","articleSection":["Berazategui"],"inLanguage":"es","potentialAction":[{"@type":"CommentAction","name":"Comment","target":["https:\/\/diarioprincipios.com\/index.php\/2024\/02\/28\/acuerdo-para-la-recomposicion-salarial-de-los-trabajadores-municipales\/#respond"]}]},{"@type":"WebPage","@id":"https:\/\/diarioprincipios.com\/index.php\/2024\/02\/28\/acuerdo-para-la-recomposicion-salarial-de-los-trabajadores-municipales\/","url":"https:\/\/diarioprincipios.com\/index.php\/2024\/02\/28\/acuerdo-para-la-recomposicion-salarial-de-los-trabajadores-municipales\/","name":"Acuerdo para la recomposici\u00f3n salarial de los trabajadores municipales - Principios","isPartOf":{"@id":"https:\/\/diarioprincipios.com\/#website"},"primaryImageOfPage":{"@id":"https:\/\/diarioprincipios.com\/index.php\/2024\/02\/28\/acuerdo-para-la-recomposicion-salarial-de-los-trabajadores-municipales\/#primaryimage"},"image":{"@id":"https:\/\/diarioprincipios.com\/index.php\/2024\/02\/28\/acuerdo-para-la-recomposicion-salarial-de-los-trabajadores-municipales\/#primaryimage"},"thumbnailUrl":"https:\/\/diarioprincipios.com\/wp-content\/uploads\/2024\/02\/28-02-2024-acuerdo-de-recomposicion-salaria.png","datePublished":"2024-02-28T17:41:08+00:00","dateModified":"2024-02-28T17:41:12+00:00","breadcrumb":{"@id":"https:\/\/diarioprincipios.com\/index.php\/2024\/02\/28\/acuerdo-para-la-recomposicion-salarial-de-los-trabajadores-municipales\/#breadcrumb"},"inLanguage":"es","potentialAction":[{"@type":"ReadAction","target":["https:\/\/diarioprincipios.com\/index.php\/2024\/02\/28\/acuerdo-para-la-recomposicion-salarial-de-los-trabajadores-municipales\/"]}]},{"@type":"ImageObject","inLanguage":"es","@id":"https:\/\/diarioprincipios.com\/index.php\/2024\/02\/28\/acuerdo-para-la-recomposicion-salarial-de-los-trabajadores-municipales\/#primaryimage","url":"https:\/\/diarioprincipios.com\/wp-content\/uploads\/2024\/02\/28-02-2024-acuerdo-de-recomposicion-salaria.png","contentUrl":"https:\/\/diarioprincipios.com\/wp-content\/uploads\/2024\/02\/28-02-2024-acuerdo-de-recomposicion-salaria.png","width":1280,"height":591},{"@type":"BreadcrumbList","@id":"https:\/\/diarioprincipios.com\/index.php\/2024\/02\/28\/acuerdo-para-la-recomposicion-salarial-de-los-trabajadores-municipales\/#breadcrumb","itemListElement":[{"@type":"ListItem","position":1,"name":"Portada","item":"https:\/\/diarioprincipios.com\/"},{"@type":"ListItem","position":2,"name":"Acuerdo para la recomposici\u00f3n salarial de los trabajadores municipales"}]},{"@type":"WebSite","@id":"https:\/\/diarioprincipios.com\/#website","url":"https:\/\/diarioprincipios.com\/","name":"Principios","description":"Principios Diario","publisher":{"@id":"https:\/\/diarioprincipios.com\/#organization"},"potentialAction":[{"@type":"SearchAction","target":{"@type":"EntryPoint","urlTemplate":"https:\/\/diarioprincipios.com\/?s={search_term_string}"},"query-input":{"@type":"PropertyValueSpecification","valueRequired":true,"valueName":"search_term_string"}}],"inLanguage":"es"},{"@type":"Organization","@id":"https:\/\/diarioprincipios.com\/#organization","name":"Principios","url":"https:\/\/diarioprincipios.com\/","logo":{"@type":"ImageObject","inLanguage":"es","@id":"https:\/\/diarioprincipios.com\/#\/schema\/logo\/image\/","url":"https:\/\/diarioprincipios.com\/wp-content\/uploads\/2024\/04\/cropped-www.diarioprincipios.com_-1.png","contentUrl":"https:\/\/diarioprincipios.com\/wp-content\/uploads\/2024\/04\/cropped-www.diarioprincipios.com_-1.png","width":5325,"height":1454,"caption":"Principios"},"image":{"@id":"https:\/\/diarioprincipios.com\/#\/schema\/logo\/image\/"}},{"@type":"Person","@id":"https:\/\/diarioprincipios.com\/#\/schema\/person\/436d5a1fd41a5e250e23ff5a6a7cb080","name":"Hern\u00e1n L\u00f3pez","image":{"@type":"ImageObject","inLanguage":"es","@id":"https:\/\/diarioprincipios.com\/wp-content\/litespeed\/avatar\/11ddfe5610ff3bd100522525b2571f48.jpg?ver=1777653193","url":"https:\/\/diarioprincipios.com\/wp-content\/litespeed\/avatar\/11ddfe5610ff3bd100522525b2571f48.jpg?ver=1777653193","contentUrl":"https:\/\/diarioprincipios.com\/wp-content\/litespeed\/avatar\/11ddfe5610ff3bd100522525b2571f48.jpg?ver=1777653193","caption":"Hern\u00e1n L\u00f3pez"},"url":"https:\/\/diarioprincipios.com\/index.php\/author\/hernan\/"}]}},"jetpack_featured_media_url":"https:\/\/diarioprincipios.com\/wp-content\/uploads\/2024\/02\/28-02-2024-acuerdo-de-recomposicion-salaria.png","_links":{"self":[{"href":"https:\/\/diarioprincipios.com\/index.php\/wp-json\/wp\/v2\/posts\/20889","targetHints":{"allow":["GET"]}}],"collection":[{"href":"https:\/\/diarioprincipios.com\/index.php\/wp-json\/wp\/v2\/posts"}],"about":[{"href":"https:\/\/diarioprincipios.com\/index.php\/wp-json\/wp\/v2\/types\/post"}],"author":[{"embeddable":true,"href":"https:\/\/diarioprincipios.com\/index.php\/wp-json\/wp\/v2\/users\/2"}],"replies":[{"embeddable":true,"href":"https:\/\/diarioprincipios.com\/index.php\/wp-json\/wp\/v2\/comments?post=20889"}],"version-history":[{"count":1,"href":"https:\/\/diarioprincipios.com\/index.php\/wp-json\/wp\/v2\/posts\/20889\/revisions"}],"predecessor-version":[{"id":20892,"href":"https:\/\/diarioprincipios.com\/index.php\/wp-json\/wp\/v2\/posts\/20889\/revisions\/20892"}],"wp:featuredmedia":[{"embeddable":true,"href":"https:\/\/diarioprincipios.com\/index.php\/wp-json\/wp\/v2\/media\/20891"}],"wp:attachment":[{"href":"https:\/\/diarioprincipios.com\/index.php\/wp-json\/wp\/v2\/media?parent=20889"}],"wp:term":[{"taxonomy":"category","embeddable":true,"href":"https:\/\/diarioprincipios.com\/index.php\/wp-json\/wp\/v2\/categories?post=20889"},{"taxonomy":"post_tag","embeddable":true,"href":"https:\/\/diarioprincipios.com\/index.php\/wp-json\/wp\/v2\/tags?post=20889"}],"curies":[{"name":"wp","href":"https:\/\/api.w.org\/{rel}","templated":true}]}}