{"id":20878,"date":"2024-02-27T17:37:07","date_gmt":"2024-02-27T20:37:07","guid":{"rendered":"http:\/\/diarioprincipios.com\/?p=20878"},"modified":"2024-02-27T17:49:44","modified_gmt":"2024-02-27T20:49:44","slug":"con-la-visita-de-chiqui-tapia-berazategui-inauguro-nueva-tribuna-con-capacidad-para-4500-espectadores","status":"publish","type":"post","link":"https:\/\/diarioprincipios.com\/index.php\/2024\/02\/27\/con-la-visita-de-chiqui-tapia-berazategui-inauguro-nueva-tribuna-con-capacidad-para-4500-espectadores\/","title":{"rendered":"Con la presencia de \u00abChiqui\u00bb Tapia Berazategui inaugur\u00f3 nueva tribuna con capacidad para 4500 espectadores"},"content":{"rendered":"\n<p>Esta tarde, previo al partido con Luj\u00e1n por la cuarta fecha del campeonato de la Primera C, Berazategui realiz\u00f3 una gran ceremonia de inauguraci\u00f3n de su nueva tribuna en el Norman Lee, la cual tiene una capacidad para 4500 espectadores.<\/p>\n\n\n\n<figure class=\"wp-block-image size-large\"><img loading=\"lazy\" decoding=\"async\" width=\"1024\" height=\"461\" src=\"https:\/\/diarioprincipios.com\/wp-content\/uploads\/2024\/02\/IMG-20240227-WA0083-1024x461.jpg\" alt=\"\" class=\"wp-image-20879\" srcset=\"https:\/\/diarioprincipios.com\/wp-content\/uploads\/2024\/02\/IMG-20240227-WA0083-1024x461.jpg 1024w, https:\/\/diarioprincipios.com\/wp-content\/uploads\/2024\/02\/IMG-20240227-WA0083-300x135.jpg 300w, https:\/\/diarioprincipios.com\/wp-content\/uploads\/2024\/02\/IMG-20240227-WA0083-768x346.jpg 768w, https:\/\/diarioprincipios.com\/wp-content\/uploads\/2024\/02\/IMG-20240227-WA0083-1536x691.jpg 1536w, https:\/\/diarioprincipios.com\/wp-content\/uploads\/2024\/02\/IMG-20240227-WA0083.jpg 1600w\" sizes=\"auto, (max-width: 1024px) 100vw, 1024px\" \/><\/figure>\n\n\n\n<p>El acto fue encabezado por el presidente de la ADB, el exitoso dirigente mercantil Roberto \u00abMata\u00bb Rodriguez quien estuvo acompa\u00f1ado por el intendente de Berazategui Dr. Juan Jos\u00e9 Mussi y el presidente de la AFA, Claudio \u00abChiqui\u00bb Tapia.<\/p>\n\n\n\n<figure class=\"wp-block-image size-large\"><img loading=\"lazy\" decoding=\"async\" width=\"1024\" height=\"461\" src=\"https:\/\/diarioprincipios.com\/wp-content\/uploads\/2024\/02\/IMG-20240227-WA0082-1024x461.jpg\" alt=\"\" class=\"wp-image-20880\" srcset=\"https:\/\/diarioprincipios.com\/wp-content\/uploads\/2024\/02\/IMG-20240227-WA0082-1024x461.jpg 1024w, https:\/\/diarioprincipios.com\/wp-content\/uploads\/2024\/02\/IMG-20240227-WA0082-300x135.jpg 300w, https:\/\/diarioprincipios.com\/wp-content\/uploads\/2024\/02\/IMG-20240227-WA0082-768x346.jpg 768w, https:\/\/diarioprincipios.com\/wp-content\/uploads\/2024\/02\/IMG-20240227-WA0082-1536x691.jpg 1536w, https:\/\/diarioprincipios.com\/wp-content\/uploads\/2024\/02\/IMG-20240227-WA0082.jpg 1600w\" sizes=\"auto, (max-width: 1024px) 100vw, 1024px\" \/><\/figure>\n\n\n\n<p>La flamante tribuna da espaldas a la Av 14 y es todo un hito en la historia del Club.<\/p>\n\n\n\n<p>En la ceremonia se escucharon las palabras de Juan Jos\u00e9 Mussi quien record\u00f3 su paso como m\u00e9dico del Club y habl\u00f3 de lo que significa la ADB para la identidad de la ciudad y del presidente de la instituci\u00f3n Roberto \u00abMata\u00bb Rodriguez quien destac\u00f3 el valor de la unidad y el trabajo en conjunto para lograr importantes objetivos.<\/p>\n\n\n\n<figure class=\"wp-block-image size-large\"><img loading=\"lazy\" decoding=\"async\" width=\"1024\" height=\"461\" src=\"https:\/\/diarioprincipios.com\/wp-content\/uploads\/2024\/02\/IMG-20240227-WA0081-1024x461.jpg\" alt=\"\" class=\"wp-image-20881\" srcset=\"https:\/\/diarioprincipios.com\/wp-content\/uploads\/2024\/02\/IMG-20240227-WA0081-1024x461.jpg 1024w, https:\/\/diarioprincipios.com\/wp-content\/uploads\/2024\/02\/IMG-20240227-WA0081-300x135.jpg 300w, https:\/\/diarioprincipios.com\/wp-content\/uploads\/2024\/02\/IMG-20240227-WA0081-768x346.jpg 768w, https:\/\/diarioprincipios.com\/wp-content\/uploads\/2024\/02\/IMG-20240227-WA0081-1536x691.jpg 1536w, https:\/\/diarioprincipios.com\/wp-content\/uploads\/2024\/02\/IMG-20240227-WA0081.jpg 1600w\" sizes=\"auto, (max-width: 1024px) 100vw, 1024px\" \/><\/figure>\n\n\n\n<p><br>Lo m\u00e1s saliente del discurso del presidente de la AFA, &#8216;\u00bbChiqui\u00bb Tapia, quien elogio la gesti\u00f3n del Club fue la defensa de las asociaciones civiles sin fines de lucro como base del crecimiento en una sociedad.<\/p>\n","protected":false},"excerpt":{"rendered":"<p>Esta tarde, previo al partido con Luj\u00e1n por la cuarta fecha del campeonato de la Primera C, Berazategui realiz\u00f3 una gran ceremonia de inauguraci\u00f3n de su nueva tribuna en el Norman Lee, la cual tiene una capacidad para 4500 espectadores. El acto fue encabezado por el presidente de la ADB, el exitoso dirigente mercantil Roberto&#8230;<\/p>\n","protected":false},"author":2,"featured_media":20882,"comment_status":"open","ping_status":"open","sticky":false,"template":"","format":"standard","meta":{"footnotes":""},"categories":[3],"tags":[],"class_list":["post-20878","post","type-post","status-publish","format-standard","has-post-thumbnail","hentry","category-berazategui"],"featured_image_src":"https:\/\/diarioprincipios.com\/wp-content\/uploads\/2024\/02\/IMG-20240227-WA0067-1024x461.jpg","blog_images":{"medium":"https:\/\/diarioprincipios.com\/wp-content\/uploads\/2024\/02\/IMG-20240227-WA0067-300x135.jpg","large":"https:\/\/diarioprincipios.com\/wp-content\/uploads\/2024\/02\/IMG-20240227-WA0067-1024x461.jpg"},"ams_acf":[],"yoast_head":"<!-- This site is optimized with the Yoast SEO plugin v27.3 - https:\/\/yoast.com\/product\/yoast-seo-wordpress\/ -->\n<title>Con la presencia de &quot;Chiqui&quot; Tapia Berazategui inaugur\u00f3 nueva tribuna con capacidad para 4500 espectadores - Principios<\/title>\n<meta name=\"robots\" content=\"index, follow, max-snippet:-1, max-image-preview:large, max-video-preview:-1\" \/>\n<link rel=\"canonical\" href=\"https:\/\/diarioprincipios.com\/index.php\/2024\/02\/27\/con-la-visita-de-chiqui-tapia-berazategui-inauguro-nueva-tribuna-con-capacidad-para-4500-espectadores\/\" \/>\n<meta property=\"og:locale\" content=\"es_ES\" \/>\n<meta property=\"og:type\" content=\"article\" \/>\n<meta property=\"og:title\" content=\"Con la presencia de &quot;Chiqui&quot; Tapia Berazategui inaugur\u00f3 nueva tribuna con capacidad para 4500 espectadores - Principios\" \/>\n<meta property=\"og:description\" content=\"Esta tarde, previo al partido con Luj\u00e1n por la cuarta fecha del campeonato de la Primera C, Berazategui realiz\u00f3 una gran ceremonia de inauguraci\u00f3n de su nueva tribuna en el Norman Lee, la cual tiene una capacidad para 4500 espectadores. El acto fue encabezado por el presidente de la ADB, el exitoso dirigente mercantil Roberto...\" \/>\n<meta property=\"og:url\" content=\"https:\/\/diarioprincipios.com\/index.php\/2024\/02\/27\/con-la-visita-de-chiqui-tapia-berazategui-inauguro-nueva-tribuna-con-capacidad-para-4500-espectadores\/\" \/>\n<meta property=\"og:site_name\" content=\"Principios\" \/>\n<meta property=\"article:published_time\" content=\"2024-02-27T20:37:07+00:00\" \/>\n<meta property=\"article:modified_time\" content=\"2024-02-27T20:49:44+00:00\" \/>\n<meta property=\"og:image\" content=\"https:\/\/diarioprincipios.com\/wp-content\/uploads\/2024\/02\/IMG-20240227-WA0067.jpg\" \/>\n\t<meta property=\"og:image:width\" content=\"1600\" \/>\n\t<meta property=\"og:image:height\" content=\"720\" \/>\n\t<meta property=\"og:image:type\" content=\"image\/jpeg\" \/>\n<meta name=\"author\" content=\"Hern\u00e1n L\u00f3pez\" \/>\n<meta name=\"twitter:card\" content=\"summary_large_image\" \/>\n<meta name=\"twitter:label1\" content=\"Escrito por\" \/>\n\t<meta name=\"twitter:data1\" content=\"Hern\u00e1n L\u00f3pez\" \/>\n\t<meta name=\"twitter:label2\" content=\"Tiempo de lectura\" \/>\n\t<meta name=\"twitter:data2\" content=\"2 minutos\" \/>\n<script type=\"application\/ld+json\" class=\"yoast-schema-graph\">{\"@context\":\"https:\\\/\\\/schema.org\",\"@graph\":[{\"@type\":\"Article\",\"@id\":\"https:\\\/\\\/diarioprincipios.com\\\/index.php\\\/2024\\\/02\\\/27\\\/con-la-visita-de-chiqui-tapia-berazategui-inauguro-nueva-tribuna-con-capacidad-para-4500-espectadores\\\/#article\",\"isPartOf\":{\"@id\":\"https:\\\/\\\/diarioprincipios.com\\\/index.php\\\/2024\\\/02\\\/27\\\/con-la-visita-de-chiqui-tapia-berazategui-inauguro-nueva-tribuna-con-capacidad-para-4500-espectadores\\\/\"},\"author\":{\"name\":\"Hern\u00e1n L\u00f3pez\",\"@id\":\"https:\\\/\\\/diarioprincipios.com\\\/#\\\/schema\\\/person\\\/436d5a1fd41a5e250e23ff5a6a7cb080\"},\"headline\":\"Con la presencia de \u00abChiqui\u00bb Tapia Berazategui inaugur\u00f3 nueva tribuna con capacidad para 4500 espectadores\",\"datePublished\":\"2024-02-27T20:37:07+00:00\",\"dateModified\":\"2024-02-27T20:49:44+00:00\",\"mainEntityOfPage\":{\"@id\":\"https:\\\/\\\/diarioprincipios.com\\\/index.php\\\/2024\\\/02\\\/27\\\/con-la-visita-de-chiqui-tapia-berazategui-inauguro-nueva-tribuna-con-capacidad-para-4500-espectadores\\\/\"},\"wordCount\":210,\"commentCount\":0,\"publisher\":{\"@id\":\"https:\\\/\\\/diarioprincipios.com\\\/#organization\"},\"image\":{\"@id\":\"https:\\\/\\\/diarioprincipios.com\\\/index.php\\\/2024\\\/02\\\/27\\\/con-la-visita-de-chiqui-tapia-berazategui-inauguro-nueva-tribuna-con-capacidad-para-4500-espectadores\\\/#primaryimage\"},\"thumbnailUrl\":\"https:\\\/\\\/diarioprincipios.com\\\/wp-content\\\/uploads\\\/2024\\\/02\\\/IMG-20240227-WA0067.jpg\",\"articleSection\":[\"Berazategui\"],\"inLanguage\":\"es\",\"potentialAction\":[{\"@type\":\"CommentAction\",\"name\":\"Comment\",\"target\":[\"https:\\\/\\\/diarioprincipios.com\\\/index.php\\\/2024\\\/02\\\/27\\\/con-la-visita-de-chiqui-tapia-berazategui-inauguro-nueva-tribuna-con-capacidad-para-4500-espectadores\\\/#respond\"]}]},{\"@type\":\"WebPage\",\"@id\":\"https:\\\/\\\/diarioprincipios.com\\\/index.php\\\/2024\\\/02\\\/27\\\/con-la-visita-de-chiqui-tapia-berazategui-inauguro-nueva-tribuna-con-capacidad-para-4500-espectadores\\\/\",\"url\":\"https:\\\/\\\/diarioprincipios.com\\\/index.php\\\/2024\\\/02\\\/27\\\/con-la-visita-de-chiqui-tapia-berazategui-inauguro-nueva-tribuna-con-capacidad-para-4500-espectadores\\\/\",\"name\":\"Con la presencia de \\\"Chiqui\\\" Tapia Berazategui inaugur\u00f3 nueva tribuna con capacidad para 4500 espectadores - Principios\",\"isPartOf\":{\"@id\":\"https:\\\/\\\/diarioprincipios.com\\\/#website\"},\"primaryImageOfPage\":{\"@id\":\"https:\\\/\\\/diarioprincipios.com\\\/index.php\\\/2024\\\/02\\\/27\\\/con-la-visita-de-chiqui-tapia-berazategui-inauguro-nueva-tribuna-con-capacidad-para-4500-espectadores\\\/#primaryimage\"},\"image\":{\"@id\":\"https:\\\/\\\/diarioprincipios.com\\\/index.php\\\/2024\\\/02\\\/27\\\/con-la-visita-de-chiqui-tapia-berazategui-inauguro-nueva-tribuna-con-capacidad-para-4500-espectadores\\\/#primaryimage\"},\"thumbnailUrl\":\"https:\\\/\\\/diarioprincipios.com\\\/wp-content\\\/uploads\\\/2024\\\/02\\\/IMG-20240227-WA0067.jpg\",\"datePublished\":\"2024-02-27T20:37:07+00:00\",\"dateModified\":\"2024-02-27T20:49:44+00:00\",\"breadcrumb\":{\"@id\":\"https:\\\/\\\/diarioprincipios.com\\\/index.php\\\/2024\\\/02\\\/27\\\/con-la-visita-de-chiqui-tapia-berazategui-inauguro-nueva-tribuna-con-capacidad-para-4500-espectadores\\\/#breadcrumb\"},\"inLanguage\":\"es\",\"potentialAction\":[{\"@type\":\"ReadAction\",\"target\":[\"https:\\\/\\\/diarioprincipios.com\\\/index.php\\\/2024\\\/02\\\/27\\\/con-la-visita-de-chiqui-tapia-berazategui-inauguro-nueva-tribuna-con-capacidad-para-4500-espectadores\\\/\"]}]},{\"@type\":\"ImageObject\",\"inLanguage\":\"es\",\"@id\":\"https:\\\/\\\/diarioprincipios.com\\\/index.php\\\/2024\\\/02\\\/27\\\/con-la-visita-de-chiqui-tapia-berazategui-inauguro-nueva-tribuna-con-capacidad-para-4500-espectadores\\\/#primaryimage\",\"url\":\"https:\\\/\\\/diarioprincipios.com\\\/wp-content\\\/uploads\\\/2024\\\/02\\\/IMG-20240227-WA0067.jpg\",\"contentUrl\":\"https:\\\/\\\/diarioprincipios.com\\\/wp-content\\\/uploads\\\/2024\\\/02\\\/IMG-20240227-WA0067.jpg\",\"width\":1600,\"height\":720},{\"@type\":\"BreadcrumbList\",\"@id\":\"https:\\\/\\\/diarioprincipios.com\\\/index.php\\\/2024\\\/02\\\/27\\\/con-la-visita-de-chiqui-tapia-berazategui-inauguro-nueva-tribuna-con-capacidad-para-4500-espectadores\\\/#breadcrumb\",\"itemListElement\":[{\"@type\":\"ListItem\",\"position\":1,\"name\":\"Portada\",\"item\":\"https:\\\/\\\/diarioprincipios.com\\\/\"},{\"@type\":\"ListItem\",\"position\":2,\"name\":\"Con la presencia de \u00abChiqui\u00bb Tapia Berazategui inaugur\u00f3 nueva tribuna con capacidad para 4500 espectadores\"}]},{\"@type\":\"WebSite\",\"@id\":\"https:\\\/\\\/diarioprincipios.com\\\/#website\",\"url\":\"https:\\\/\\\/diarioprincipios.com\\\/\",\"name\":\"Principios\",\"description\":\"Principios Diario\",\"publisher\":{\"@id\":\"https:\\\/\\\/diarioprincipios.com\\\/#organization\"},\"potentialAction\":[{\"@type\":\"SearchAction\",\"target\":{\"@type\":\"EntryPoint\",\"urlTemplate\":\"https:\\\/\\\/diarioprincipios.com\\\/?s={search_term_string}\"},\"query-input\":{\"@type\":\"PropertyValueSpecification\",\"valueRequired\":true,\"valueName\":\"search_term_string\"}}],\"inLanguage\":\"es\"},{\"@type\":\"Organization\",\"@id\":\"https:\\\/\\\/diarioprincipios.com\\\/#organization\",\"name\":\"Principios\",\"url\":\"https:\\\/\\\/diarioprincipios.com\\\/\",\"logo\":{\"@type\":\"ImageObject\",\"inLanguage\":\"es\",\"@id\":\"https:\\\/\\\/diarioprincipios.com\\\/#\\\/schema\\\/logo\\\/image\\\/\",\"url\":\"https:\\\/\\\/diarioprincipios.com\\\/wp-content\\\/uploads\\\/2024\\\/04\\\/cropped-www.diarioprincipios.com_-1.png\",\"contentUrl\":\"https:\\\/\\\/diarioprincipios.com\\\/wp-content\\\/uploads\\\/2024\\\/04\\\/cropped-www.diarioprincipios.com_-1.png\",\"width\":5325,\"height\":1454,\"caption\":\"Principios\"},\"image\":{\"@id\":\"https:\\\/\\\/diarioprincipios.com\\\/#\\\/schema\\\/logo\\\/image\\\/\"}},{\"@type\":\"Person\",\"@id\":\"https:\\\/\\\/diarioprincipios.com\\\/#\\\/schema\\\/person\\\/436d5a1fd41a5e250e23ff5a6a7cb080\",\"name\":\"Hern\u00e1n L\u00f3pez\",\"image\":{\"@type\":\"ImageObject\",\"inLanguage\":\"es\",\"@id\":\"https:\\\/\\\/diarioprincipios.com\\\/wp-content\\\/litespeed\\\/avatar\\\/11ddfe5610ff3bd100522525b2571f48.jpg?ver=1777048341\",\"url\":\"https:\\\/\\\/diarioprincipios.com\\\/wp-content\\\/litespeed\\\/avatar\\\/11ddfe5610ff3bd100522525b2571f48.jpg?ver=1777048341\",\"contentUrl\":\"https:\\\/\\\/diarioprincipios.com\\\/wp-content\\\/litespeed\\\/avatar\\\/11ddfe5610ff3bd100522525b2571f48.jpg?ver=1777048341\",\"caption\":\"Hern\u00e1n L\u00f3pez\"},\"url\":\"https:\\\/\\\/diarioprincipios.com\\\/index.php\\\/author\\\/hernan\\\/\"}]}<\/script>\n<!-- \/ Yoast SEO plugin. -->","yoast_head_json":{"title":"Con la presencia de \"Chiqui\" Tapia Berazategui inaugur\u00f3 nueva tribuna con capacidad para 4500 espectadores - Principios","robots":{"index":"index","follow":"follow","max-snippet":"max-snippet:-1","max-image-preview":"max-image-preview:large","max-video-preview":"max-video-preview:-1"},"canonical":"https:\/\/diarioprincipios.com\/index.php\/2024\/02\/27\/con-la-visita-de-chiqui-tapia-berazategui-inauguro-nueva-tribuna-con-capacidad-para-4500-espectadores\/","og_locale":"es_ES","og_type":"article","og_title":"Con la presencia de \"Chiqui\" Tapia Berazategui inaugur\u00f3 nueva tribuna con capacidad para 4500 espectadores - Principios","og_description":"Esta tarde, previo al partido con Luj\u00e1n por la cuarta fecha del campeonato de la Primera C, Berazategui realiz\u00f3 una gran ceremonia de inauguraci\u00f3n de su nueva tribuna en el Norman Lee, la cual tiene una capacidad para 4500 espectadores. El acto fue encabezado por el presidente de la ADB, el exitoso dirigente mercantil Roberto...","og_url":"https:\/\/diarioprincipios.com\/index.php\/2024\/02\/27\/con-la-visita-de-chiqui-tapia-berazategui-inauguro-nueva-tribuna-con-capacidad-para-4500-espectadores\/","og_site_name":"Principios","article_published_time":"2024-02-27T20:37:07+00:00","article_modified_time":"2024-02-27T20:49:44+00:00","og_image":[{"width":1600,"height":720,"url":"https:\/\/diarioprincipios.com\/wp-content\/uploads\/2024\/02\/IMG-20240227-WA0067.jpg","type":"image\/jpeg"}],"author":"Hern\u00e1n L\u00f3pez","twitter_card":"summary_large_image","twitter_misc":{"Escrito por":"Hern\u00e1n L\u00f3pez","Tiempo de lectura":"2 minutos"},"schema":{"@context":"https:\/\/schema.org","@graph":[{"@type":"Article","@id":"https:\/\/diarioprincipios.com\/index.php\/2024\/02\/27\/con-la-visita-de-chiqui-tapia-berazategui-inauguro-nueva-tribuna-con-capacidad-para-4500-espectadores\/#article","isPartOf":{"@id":"https:\/\/diarioprincipios.com\/index.php\/2024\/02\/27\/con-la-visita-de-chiqui-tapia-berazategui-inauguro-nueva-tribuna-con-capacidad-para-4500-espectadores\/"},"author":{"name":"Hern\u00e1n L\u00f3pez","@id":"https:\/\/diarioprincipios.com\/#\/schema\/person\/436d5a1fd41a5e250e23ff5a6a7cb080"},"headline":"Con la presencia de \u00abChiqui\u00bb Tapia Berazategui inaugur\u00f3 nueva tribuna con capacidad para 4500 espectadores","datePublished":"2024-02-27T20:37:07+00:00","dateModified":"2024-02-27T20:49:44+00:00","mainEntityOfPage":{"@id":"https:\/\/diarioprincipios.com\/index.php\/2024\/02\/27\/con-la-visita-de-chiqui-tapia-berazategui-inauguro-nueva-tribuna-con-capacidad-para-4500-espectadores\/"},"wordCount":210,"commentCount":0,"publisher":{"@id":"https:\/\/diarioprincipios.com\/#organization"},"image":{"@id":"https:\/\/diarioprincipios.com\/index.php\/2024\/02\/27\/con-la-visita-de-chiqui-tapia-berazategui-inauguro-nueva-tribuna-con-capacidad-para-4500-espectadores\/#primaryimage"},"thumbnailUrl":"https:\/\/diarioprincipios.com\/wp-content\/uploads\/2024\/02\/IMG-20240227-WA0067.jpg","articleSection":["Berazategui"],"inLanguage":"es","potentialAction":[{"@type":"CommentAction","name":"Comment","target":["https:\/\/diarioprincipios.com\/index.php\/2024\/02\/27\/con-la-visita-de-chiqui-tapia-berazategui-inauguro-nueva-tribuna-con-capacidad-para-4500-espectadores\/#respond"]}]},{"@type":"WebPage","@id":"https:\/\/diarioprincipios.com\/index.php\/2024\/02\/27\/con-la-visita-de-chiqui-tapia-berazategui-inauguro-nueva-tribuna-con-capacidad-para-4500-espectadores\/","url":"https:\/\/diarioprincipios.com\/index.php\/2024\/02\/27\/con-la-visita-de-chiqui-tapia-berazategui-inauguro-nueva-tribuna-con-capacidad-para-4500-espectadores\/","name":"Con la presencia de \"Chiqui\" Tapia Berazategui inaugur\u00f3 nueva tribuna con capacidad para 4500 espectadores - Principios","isPartOf":{"@id":"https:\/\/diarioprincipios.com\/#website"},"primaryImageOfPage":{"@id":"https:\/\/diarioprincipios.com\/index.php\/2024\/02\/27\/con-la-visita-de-chiqui-tapia-berazategui-inauguro-nueva-tribuna-con-capacidad-para-4500-espectadores\/#primaryimage"},"image":{"@id":"https:\/\/diarioprincipios.com\/index.php\/2024\/02\/27\/con-la-visita-de-chiqui-tapia-berazategui-inauguro-nueva-tribuna-con-capacidad-para-4500-espectadores\/#primaryimage"},"thumbnailUrl":"https:\/\/diarioprincipios.com\/wp-content\/uploads\/2024\/02\/IMG-20240227-WA0067.jpg","datePublished":"2024-02-27T20:37:07+00:00","dateModified":"2024-02-27T20:49:44+00:00","breadcrumb":{"@id":"https:\/\/diarioprincipios.com\/index.php\/2024\/02\/27\/con-la-visita-de-chiqui-tapia-berazategui-inauguro-nueva-tribuna-con-capacidad-para-4500-espectadores\/#breadcrumb"},"inLanguage":"es","potentialAction":[{"@type":"ReadAction","target":["https:\/\/diarioprincipios.com\/index.php\/2024\/02\/27\/con-la-visita-de-chiqui-tapia-berazategui-inauguro-nueva-tribuna-con-capacidad-para-4500-espectadores\/"]}]},{"@type":"ImageObject","inLanguage":"es","@id":"https:\/\/diarioprincipios.com\/index.php\/2024\/02\/27\/con-la-visita-de-chiqui-tapia-berazategui-inauguro-nueva-tribuna-con-capacidad-para-4500-espectadores\/#primaryimage","url":"https:\/\/diarioprincipios.com\/wp-content\/uploads\/2024\/02\/IMG-20240227-WA0067.jpg","contentUrl":"https:\/\/diarioprincipios.com\/wp-content\/uploads\/2024\/02\/IMG-20240227-WA0067.jpg","width":1600,"height":720},{"@type":"BreadcrumbList","@id":"https:\/\/diarioprincipios.com\/index.php\/2024\/02\/27\/con-la-visita-de-chiqui-tapia-berazategui-inauguro-nueva-tribuna-con-capacidad-para-4500-espectadores\/#breadcrumb","itemListElement":[{"@type":"ListItem","position":1,"name":"Portada","item":"https:\/\/diarioprincipios.com\/"},{"@type":"ListItem","position":2,"name":"Con la presencia de \u00abChiqui\u00bb Tapia Berazategui inaugur\u00f3 nueva tribuna con capacidad para 4500 espectadores"}]},{"@type":"WebSite","@id":"https:\/\/diarioprincipios.com\/#website","url":"https:\/\/diarioprincipios.com\/","name":"Principios","description":"Principios Diario","publisher":{"@id":"https:\/\/diarioprincipios.com\/#organization"},"potentialAction":[{"@type":"SearchAction","target":{"@type":"EntryPoint","urlTemplate":"https:\/\/diarioprincipios.com\/?s={search_term_string}"},"query-input":{"@type":"PropertyValueSpecification","valueRequired":true,"valueName":"search_term_string"}}],"inLanguage":"es"},{"@type":"Organization","@id":"https:\/\/diarioprincipios.com\/#organization","name":"Principios","url":"https:\/\/diarioprincipios.com\/","logo":{"@type":"ImageObject","inLanguage":"es","@id":"https:\/\/diarioprincipios.com\/#\/schema\/logo\/image\/","url":"https:\/\/diarioprincipios.com\/wp-content\/uploads\/2024\/04\/cropped-www.diarioprincipios.com_-1.png","contentUrl":"https:\/\/diarioprincipios.com\/wp-content\/uploads\/2024\/04\/cropped-www.diarioprincipios.com_-1.png","width":5325,"height":1454,"caption":"Principios"},"image":{"@id":"https:\/\/diarioprincipios.com\/#\/schema\/logo\/image\/"}},{"@type":"Person","@id":"https:\/\/diarioprincipios.com\/#\/schema\/person\/436d5a1fd41a5e250e23ff5a6a7cb080","name":"Hern\u00e1n L\u00f3pez","image":{"@type":"ImageObject","inLanguage":"es","@id":"https:\/\/diarioprincipios.com\/wp-content\/litespeed\/avatar\/11ddfe5610ff3bd100522525b2571f48.jpg?ver=1777048341","url":"https:\/\/diarioprincipios.com\/wp-content\/litespeed\/avatar\/11ddfe5610ff3bd100522525b2571f48.jpg?ver=1777048341","contentUrl":"https:\/\/diarioprincipios.com\/wp-content\/litespeed\/avatar\/11ddfe5610ff3bd100522525b2571f48.jpg?ver=1777048341","caption":"Hern\u00e1n L\u00f3pez"},"url":"https:\/\/diarioprincipios.com\/index.php\/author\/hernan\/"}]}},"jetpack_featured_media_url":"https:\/\/diarioprincipios.com\/wp-content\/uploads\/2024\/02\/IMG-20240227-WA0067.jpg","_links":{"self":[{"href":"https:\/\/diarioprincipios.com\/index.php\/wp-json\/wp\/v2\/posts\/20878","targetHints":{"allow":["GET"]}}],"collection":[{"href":"https:\/\/diarioprincipios.com\/index.php\/wp-json\/wp\/v2\/posts"}],"about":[{"href":"https:\/\/diarioprincipios.com\/index.php\/wp-json\/wp\/v2\/types\/post"}],"author":[{"embeddable":true,"href":"https:\/\/diarioprincipios.com\/index.php\/wp-json\/wp\/v2\/users\/2"}],"replies":[{"embeddable":true,"href":"https:\/\/diarioprincipios.com\/index.php\/wp-json\/wp\/v2\/comments?post=20878"}],"version-history":[{"count":2,"href":"https:\/\/diarioprincipios.com\/index.php\/wp-json\/wp\/v2\/posts\/20878\/revisions"}],"predecessor-version":[{"id":20884,"href":"https:\/\/diarioprincipios.com\/index.php\/wp-json\/wp\/v2\/posts\/20878\/revisions\/20884"}],"wp:featuredmedia":[{"embeddable":true,"href":"https:\/\/diarioprincipios.com\/index.php\/wp-json\/wp\/v2\/media\/20882"}],"wp:attachment":[{"href":"https:\/\/diarioprincipios.com\/index.php\/wp-json\/wp\/v2\/media?parent=20878"}],"wp:term":[{"taxonomy":"category","embeddable":true,"href":"https:\/\/diarioprincipios.com\/index.php\/wp-json\/wp\/v2\/categories?post=20878"},{"taxonomy":"post_tag","embeddable":true,"href":"https:\/\/diarioprincipios.com\/index.php\/wp-json\/wp\/v2\/tags?post=20878"}],"curies":[{"name":"wp","href":"https:\/\/api.w.org\/{rel}","templated":true}]}}