{"id":20862,"date":"2024-02-26T19:46:37","date_gmt":"2024-02-26T22:46:37","guid":{"rendered":"http:\/\/diarioprincipios.com\/?p=20862"},"modified":"2024-02-26T19:46:39","modified_gmt":"2024-02-26T22:46:39","slug":"kicillof-no-vamos-a-claudicar-en-la-defensa-de-los-intereses-de-nuestro-pueblo","status":"publish","type":"post","link":"https:\/\/diarioprincipios.com\/index.php\/2024\/02\/26\/kicillof-no-vamos-a-claudicar-en-la-defensa-de-los-intereses-de-nuestro-pueblo\/","title":{"rendered":"Kicillof: \u201cNo vamos a claudicar en la defensa de los intereses de nuestro pueblo\u00bb"},"content":{"rendered":"\n<p>El gobernador de la provincia de Buenos Aires instruy\u00f3 al fiscal de Estado de la provincia para que inicie acciones judiciales ante la Corte Suprema y se restituya el Fondo de Fortalecimiento Fiscal que elimin\u00f3 hoy el Gobierno nacional de forma intempestiva a trav\u00e9s del DNU 192\/2004.<\/p>\n\n\n\n<p>\u201cHemos agotado todas las instancias administrativas y de di\u00e1logo con el Gobierno nacional: el d\u00eda de hoy he instruido al fiscal de Estado de la provincia de Buenos Aires para que inicie acciones judiciales ante la Corte Suprema de Justicia de la Naci\u00f3n y para que se restituyan cautelarmente los fondos que nos sacaron\u201d, afirm\u00f3 el gobernador Axel Kicillof al encabezar este lunes una conferencia de prensa junto a la vicegobernadora Ver\u00f3nica Magario tras la publicaci\u00f3n intempestiva del decreto 192 que elimina el Fondo de Fortalecimiento Fiscal de la Provincia de Buenos Aires.<\/p>\n\n\n\n<p>En ese marco, Kicillof destac\u00f3 que \u201cno vamos a claudicar en la defensa de los intereses de nuestro pueblo: los recursos que nos quitaron no est\u00e1n en discusi\u00f3n, tienen que devolverlos\u201d. \u201cA partir de las medidas de Milei est\u00e1n en juego la unidad nacional y la Constituci\u00f3n argentina: el d\u00eda de ma\u00f1ana nos reuniremos con gobernadores de todos los espacios pol\u00edticos para dar una respuesta conjunta y contundente\u201d, anunci\u00f3.<\/p>\n\n\n\n<p>Adem\u00e1s, el Gobernador subray\u00f3 que \u201cestamos ante una situaci\u00f3n de gravedad in\u00e9dita porque el Presidente no solamente abandona sus obligaciones m\u00e1s elementales, sino que somete a todos a un ajuste salvaje y se roba los recursos de las provincias\u201d. \u201cEsto ocurre tras la publicaci\u00f3n del DNU 70 y el tratamiento bochornoso de la Ley \u00d3mnibus, que cay\u00f3 por la propia torpeza de un Gobierno nacional que luego empez\u00f3 a amenazar con fundir a las provincias, y retir\u00f3 los recursos del FONID y del Fondo Compensador para el transporte p\u00fablico\u201d, manifest\u00f3.<\/p>\n\n\n\n<figure class=\"wp-block-image size-large\"><img loading=\"lazy\" decoding=\"async\" width=\"1024\" height=\"683\" src=\"https:\/\/diarioprincipios.com\/wp-content\/uploads\/2024\/02\/GBA2974-1024x683.jpg\" alt=\"\" class=\"wp-image-20863\" srcset=\"https:\/\/diarioprincipios.com\/wp-content\/uploads\/2024\/02\/GBA2974-1024x683.jpg 1024w, https:\/\/diarioprincipios.com\/wp-content\/uploads\/2024\/02\/GBA2974-300x200.jpg 300w, https:\/\/diarioprincipios.com\/wp-content\/uploads\/2024\/02\/GBA2974-768x512.jpg 768w, https:\/\/diarioprincipios.com\/wp-content\/uploads\/2024\/02\/GBA2974-1536x1024.jpg 1536w, https:\/\/diarioprincipios.com\/wp-content\/uploads\/2024\/02\/GBA2974-2048x1365.jpg 2048w\" sizes=\"auto, (max-width: 1024px) 100vw, 1024px\" \/><\/figure>\n\n\n\n<p>\u201cLos fondos que pretenden quitarnos se utilizaron para recuperar los sueldos de los polic\u00edas, comprar equipamiento y patrulleros nuevos para toda la provincia: no son para un gobierno ni un gobernador, sino para brindarles seguridad a las y los bonaerenses\u201d, explic\u00f3 Kicillof, al tiempo que remarc\u00f3 que \u201cest\u00e1n afectando la provisi\u00f3n de alimentos en comedores, la construcci\u00f3n de escuelas y nuevos centros de salud\u201d.<\/p>\n\n\n\n<p>Por \u00faltimo, el mandatario bonaerense resalt\u00f3: \u201cEstos ataques se han construido bajo la falsa idea de que la provincia ha sido privilegiada en el reparto de los fondos: de ninguna manera se ha compensado la injusta distribuci\u00f3n de los recursos coparticipables en desmedro de la provincia de Buenos Aires, que tiene el Estado m\u00e1s chico y m\u00e1s austero de la Argentina\u201d. \u201cNosotros no nos vamos a dejar extorsionar por las amenazas del Presidente: nunca vamos a dejar de pelear por lo que le corresponde al pueblo de la provincia de Buenos Aires\u201d, concluy\u00f3.<\/p>\n\n\n\n<p>Estuvieron presentes integrantes del gabinete; legisladores nacionales y provinciales; intendentes e intendentas bonaerenses; representantes gremiales y de organizaciones sociales.<\/p>\n","protected":false},"excerpt":{"rendered":"<p>El gobernador de la provincia de Buenos Aires instruy\u00f3 al fiscal de Estado de la provincia para que inicie acciones judiciales ante la Corte Suprema y se restituya el Fondo de Fortalecimiento Fiscal que elimin\u00f3 hoy el Gobierno nacional de forma intempestiva a trav\u00e9s del DNU 192\/2004. \u201cHemos agotado todas las instancias administrativas y de&#8230;<\/p>\n","protected":false},"author":2,"featured_media":20864,"comment_status":"open","ping_status":"open","sticky":false,"template":"","format":"standard","meta":{"footnotes":""},"categories":[7],"tags":[],"class_list":["post-20862","post","type-post","status-publish","format-standard","has-post-thumbnail","hentry","category-provincia"],"featured_image_src":"https:\/\/diarioprincipios.com\/wp-content\/uploads\/2024\/02\/Screenshot_20240226_194312_Gallery-1024x666.jpg","blog_images":{"medium":"https:\/\/diarioprincipios.com\/wp-content\/uploads\/2024\/02\/Screenshot_20240226_194312_Gallery-300x195.jpg","large":"https:\/\/diarioprincipios.com\/wp-content\/uploads\/2024\/02\/Screenshot_20240226_194312_Gallery-1024x666.jpg"},"ams_acf":[],"yoast_head":"<!-- This site is optimized with the Yoast SEO plugin v27.3 - https:\/\/yoast.com\/product\/yoast-seo-wordpress\/ -->\n<title>Kicillof: \u201cNo vamos a claudicar en la defensa de los intereses de nuestro pueblo&quot; - Principios<\/title>\n<meta name=\"robots\" content=\"index, follow, max-snippet:-1, max-image-preview:large, max-video-preview:-1\" \/>\n<link rel=\"canonical\" href=\"https:\/\/diarioprincipios.com\/index.php\/2024\/02\/26\/kicillof-no-vamos-a-claudicar-en-la-defensa-de-los-intereses-de-nuestro-pueblo\/\" \/>\n<meta property=\"og:locale\" content=\"es_ES\" \/>\n<meta property=\"og:type\" content=\"article\" \/>\n<meta property=\"og:title\" content=\"Kicillof: \u201cNo vamos a claudicar en la defensa de los intereses de nuestro pueblo&quot; - Principios\" \/>\n<meta property=\"og:description\" content=\"El gobernador de la provincia de Buenos Aires instruy\u00f3 al fiscal de Estado de la provincia para que inicie acciones judiciales ante la Corte Suprema y se restituya el Fondo de Fortalecimiento Fiscal que elimin\u00f3 hoy el Gobierno nacional de forma intempestiva a trav\u00e9s del DNU 192\/2004. \u201cHemos agotado todas las instancias administrativas y de...\" \/>\n<meta property=\"og:url\" content=\"https:\/\/diarioprincipios.com\/index.php\/2024\/02\/26\/kicillof-no-vamos-a-claudicar-en-la-defensa-de-los-intereses-de-nuestro-pueblo\/\" \/>\n<meta property=\"og:site_name\" content=\"Principios\" \/>\n<meta property=\"article:published_time\" content=\"2024-02-26T22:46:37+00:00\" \/>\n<meta property=\"article:modified_time\" content=\"2024-02-26T22:46:39+00:00\" \/>\n<meta property=\"og:image\" content=\"https:\/\/diarioprincipios.com\/wp-content\/uploads\/2024\/02\/Screenshot_20240226_194312_Gallery.jpg\" \/>\n\t<meta property=\"og:image:width\" content=\"1080\" \/>\n\t<meta property=\"og:image:height\" content=\"702\" \/>\n\t<meta property=\"og:image:type\" content=\"image\/jpeg\" \/>\n<meta name=\"author\" content=\"Hern\u00e1n L\u00f3pez\" \/>\n<meta name=\"twitter:card\" content=\"summary_large_image\" \/>\n<meta name=\"twitter:label1\" content=\"Escrito por\" \/>\n\t<meta name=\"twitter:data1\" content=\"Hern\u00e1n L\u00f3pez\" \/>\n\t<meta name=\"twitter:label2\" content=\"Tiempo de lectura\" \/>\n\t<meta name=\"twitter:data2\" content=\"3 minutos\" \/>\n<script type=\"application\/ld+json\" class=\"yoast-schema-graph\">{\"@context\":\"https:\\\/\\\/schema.org\",\"@graph\":[{\"@type\":\"Article\",\"@id\":\"https:\\\/\\\/diarioprincipios.com\\\/index.php\\\/2024\\\/02\\\/26\\\/kicillof-no-vamos-a-claudicar-en-la-defensa-de-los-intereses-de-nuestro-pueblo\\\/#article\",\"isPartOf\":{\"@id\":\"https:\\\/\\\/diarioprincipios.com\\\/index.php\\\/2024\\\/02\\\/26\\\/kicillof-no-vamos-a-claudicar-en-la-defensa-de-los-intereses-de-nuestro-pueblo\\\/\"},\"author\":{\"name\":\"Hern\u00e1n L\u00f3pez\",\"@id\":\"https:\\\/\\\/diarioprincipios.com\\\/#\\\/schema\\\/person\\\/436d5a1fd41a5e250e23ff5a6a7cb080\"},\"headline\":\"Kicillof: \u201cNo vamos a claudicar en la defensa de los intereses de nuestro pueblo\u00bb\",\"datePublished\":\"2024-02-26T22:46:37+00:00\",\"dateModified\":\"2024-02-26T22:46:39+00:00\",\"mainEntityOfPage\":{\"@id\":\"https:\\\/\\\/diarioprincipios.com\\\/index.php\\\/2024\\\/02\\\/26\\\/kicillof-no-vamos-a-claudicar-en-la-defensa-de-los-intereses-de-nuestro-pueblo\\\/\"},\"wordCount\":512,\"commentCount\":0,\"publisher\":{\"@id\":\"https:\\\/\\\/diarioprincipios.com\\\/#organization\"},\"image\":{\"@id\":\"https:\\\/\\\/diarioprincipios.com\\\/index.php\\\/2024\\\/02\\\/26\\\/kicillof-no-vamos-a-claudicar-en-la-defensa-de-los-intereses-de-nuestro-pueblo\\\/#primaryimage\"},\"thumbnailUrl\":\"https:\\\/\\\/diarioprincipios.com\\\/wp-content\\\/uploads\\\/2024\\\/02\\\/Screenshot_20240226_194312_Gallery.jpg\",\"articleSection\":[\"Provincia\"],\"inLanguage\":\"es\",\"potentialAction\":[{\"@type\":\"CommentAction\",\"name\":\"Comment\",\"target\":[\"https:\\\/\\\/diarioprincipios.com\\\/index.php\\\/2024\\\/02\\\/26\\\/kicillof-no-vamos-a-claudicar-en-la-defensa-de-los-intereses-de-nuestro-pueblo\\\/#respond\"]}]},{\"@type\":\"WebPage\",\"@id\":\"https:\\\/\\\/diarioprincipios.com\\\/index.php\\\/2024\\\/02\\\/26\\\/kicillof-no-vamos-a-claudicar-en-la-defensa-de-los-intereses-de-nuestro-pueblo\\\/\",\"url\":\"https:\\\/\\\/diarioprincipios.com\\\/index.php\\\/2024\\\/02\\\/26\\\/kicillof-no-vamos-a-claudicar-en-la-defensa-de-los-intereses-de-nuestro-pueblo\\\/\",\"name\":\"Kicillof: \u201cNo vamos a claudicar en la defensa de los intereses de nuestro pueblo\\\" - Principios\",\"isPartOf\":{\"@id\":\"https:\\\/\\\/diarioprincipios.com\\\/#website\"},\"primaryImageOfPage\":{\"@id\":\"https:\\\/\\\/diarioprincipios.com\\\/index.php\\\/2024\\\/02\\\/26\\\/kicillof-no-vamos-a-claudicar-en-la-defensa-de-los-intereses-de-nuestro-pueblo\\\/#primaryimage\"},\"image\":{\"@id\":\"https:\\\/\\\/diarioprincipios.com\\\/index.php\\\/2024\\\/02\\\/26\\\/kicillof-no-vamos-a-claudicar-en-la-defensa-de-los-intereses-de-nuestro-pueblo\\\/#primaryimage\"},\"thumbnailUrl\":\"https:\\\/\\\/diarioprincipios.com\\\/wp-content\\\/uploads\\\/2024\\\/02\\\/Screenshot_20240226_194312_Gallery.jpg\",\"datePublished\":\"2024-02-26T22:46:37+00:00\",\"dateModified\":\"2024-02-26T22:46:39+00:00\",\"breadcrumb\":{\"@id\":\"https:\\\/\\\/diarioprincipios.com\\\/index.php\\\/2024\\\/02\\\/26\\\/kicillof-no-vamos-a-claudicar-en-la-defensa-de-los-intereses-de-nuestro-pueblo\\\/#breadcrumb\"},\"inLanguage\":\"es\",\"potentialAction\":[{\"@type\":\"ReadAction\",\"target\":[\"https:\\\/\\\/diarioprincipios.com\\\/index.php\\\/2024\\\/02\\\/26\\\/kicillof-no-vamos-a-claudicar-en-la-defensa-de-los-intereses-de-nuestro-pueblo\\\/\"]}]},{\"@type\":\"ImageObject\",\"inLanguage\":\"es\",\"@id\":\"https:\\\/\\\/diarioprincipios.com\\\/index.php\\\/2024\\\/02\\\/26\\\/kicillof-no-vamos-a-claudicar-en-la-defensa-de-los-intereses-de-nuestro-pueblo\\\/#primaryimage\",\"url\":\"https:\\\/\\\/diarioprincipios.com\\\/wp-content\\\/uploads\\\/2024\\\/02\\\/Screenshot_20240226_194312_Gallery.jpg\",\"contentUrl\":\"https:\\\/\\\/diarioprincipios.com\\\/wp-content\\\/uploads\\\/2024\\\/02\\\/Screenshot_20240226_194312_Gallery.jpg\",\"width\":1080,\"height\":702},{\"@type\":\"BreadcrumbList\",\"@id\":\"https:\\\/\\\/diarioprincipios.com\\\/index.php\\\/2024\\\/02\\\/26\\\/kicillof-no-vamos-a-claudicar-en-la-defensa-de-los-intereses-de-nuestro-pueblo\\\/#breadcrumb\",\"itemListElement\":[{\"@type\":\"ListItem\",\"position\":1,\"name\":\"Portada\",\"item\":\"https:\\\/\\\/diarioprincipios.com\\\/\"},{\"@type\":\"ListItem\",\"position\":2,\"name\":\"Kicillof: \u201cNo vamos a claudicar en la defensa de los intereses de nuestro pueblo\u00bb\"}]},{\"@type\":\"WebSite\",\"@id\":\"https:\\\/\\\/diarioprincipios.com\\\/#website\",\"url\":\"https:\\\/\\\/diarioprincipios.com\\\/\",\"name\":\"Principios\",\"description\":\"Principios Diario\",\"publisher\":{\"@id\":\"https:\\\/\\\/diarioprincipios.com\\\/#organization\"},\"potentialAction\":[{\"@type\":\"SearchAction\",\"target\":{\"@type\":\"EntryPoint\",\"urlTemplate\":\"https:\\\/\\\/diarioprincipios.com\\\/?s={search_term_string}\"},\"query-input\":{\"@type\":\"PropertyValueSpecification\",\"valueRequired\":true,\"valueName\":\"search_term_string\"}}],\"inLanguage\":\"es\"},{\"@type\":\"Organization\",\"@id\":\"https:\\\/\\\/diarioprincipios.com\\\/#organization\",\"name\":\"Principios\",\"url\":\"https:\\\/\\\/diarioprincipios.com\\\/\",\"logo\":{\"@type\":\"ImageObject\",\"inLanguage\":\"es\",\"@id\":\"https:\\\/\\\/diarioprincipios.com\\\/#\\\/schema\\\/logo\\\/image\\\/\",\"url\":\"https:\\\/\\\/diarioprincipios.com\\\/wp-content\\\/uploads\\\/2024\\\/04\\\/cropped-www.diarioprincipios.com_-1.png\",\"contentUrl\":\"https:\\\/\\\/diarioprincipios.com\\\/wp-content\\\/uploads\\\/2024\\\/04\\\/cropped-www.diarioprincipios.com_-1.png\",\"width\":5325,\"height\":1454,\"caption\":\"Principios\"},\"image\":{\"@id\":\"https:\\\/\\\/diarioprincipios.com\\\/#\\\/schema\\\/logo\\\/image\\\/\"}},{\"@type\":\"Person\",\"@id\":\"https:\\\/\\\/diarioprincipios.com\\\/#\\\/schema\\\/person\\\/436d5a1fd41a5e250e23ff5a6a7cb080\",\"name\":\"Hern\u00e1n L\u00f3pez\",\"image\":{\"@type\":\"ImageObject\",\"inLanguage\":\"es\",\"@id\":\"https:\\\/\\\/diarioprincipios.com\\\/wp-content\\\/litespeed\\\/avatar\\\/11ddfe5610ff3bd100522525b2571f48.jpg?ver=1777048341\",\"url\":\"https:\\\/\\\/diarioprincipios.com\\\/wp-content\\\/litespeed\\\/avatar\\\/11ddfe5610ff3bd100522525b2571f48.jpg?ver=1777048341\",\"contentUrl\":\"https:\\\/\\\/diarioprincipios.com\\\/wp-content\\\/litespeed\\\/avatar\\\/11ddfe5610ff3bd100522525b2571f48.jpg?ver=1777048341\",\"caption\":\"Hern\u00e1n L\u00f3pez\"},\"url\":\"https:\\\/\\\/diarioprincipios.com\\\/index.php\\\/author\\\/hernan\\\/\"}]}<\/script>\n<!-- \/ Yoast SEO plugin. -->","yoast_head_json":{"title":"Kicillof: \u201cNo vamos a claudicar en la defensa de los intereses de nuestro pueblo\" - Principios","robots":{"index":"index","follow":"follow","max-snippet":"max-snippet:-1","max-image-preview":"max-image-preview:large","max-video-preview":"max-video-preview:-1"},"canonical":"https:\/\/diarioprincipios.com\/index.php\/2024\/02\/26\/kicillof-no-vamos-a-claudicar-en-la-defensa-de-los-intereses-de-nuestro-pueblo\/","og_locale":"es_ES","og_type":"article","og_title":"Kicillof: \u201cNo vamos a claudicar en la defensa de los intereses de nuestro pueblo\" - Principios","og_description":"El gobernador de la provincia de Buenos Aires instruy\u00f3 al fiscal de Estado de la provincia para que inicie acciones judiciales ante la Corte Suprema y se restituya el Fondo de Fortalecimiento Fiscal que elimin\u00f3 hoy el Gobierno nacional de forma intempestiva a trav\u00e9s del DNU 192\/2004. \u201cHemos agotado todas las instancias administrativas y de...","og_url":"https:\/\/diarioprincipios.com\/index.php\/2024\/02\/26\/kicillof-no-vamos-a-claudicar-en-la-defensa-de-los-intereses-de-nuestro-pueblo\/","og_site_name":"Principios","article_published_time":"2024-02-26T22:46:37+00:00","article_modified_time":"2024-02-26T22:46:39+00:00","og_image":[{"width":1080,"height":702,"url":"https:\/\/diarioprincipios.com\/wp-content\/uploads\/2024\/02\/Screenshot_20240226_194312_Gallery.jpg","type":"image\/jpeg"}],"author":"Hern\u00e1n L\u00f3pez","twitter_card":"summary_large_image","twitter_misc":{"Escrito por":"Hern\u00e1n L\u00f3pez","Tiempo de lectura":"3 minutos"},"schema":{"@context":"https:\/\/schema.org","@graph":[{"@type":"Article","@id":"https:\/\/diarioprincipios.com\/index.php\/2024\/02\/26\/kicillof-no-vamos-a-claudicar-en-la-defensa-de-los-intereses-de-nuestro-pueblo\/#article","isPartOf":{"@id":"https:\/\/diarioprincipios.com\/index.php\/2024\/02\/26\/kicillof-no-vamos-a-claudicar-en-la-defensa-de-los-intereses-de-nuestro-pueblo\/"},"author":{"name":"Hern\u00e1n L\u00f3pez","@id":"https:\/\/diarioprincipios.com\/#\/schema\/person\/436d5a1fd41a5e250e23ff5a6a7cb080"},"headline":"Kicillof: \u201cNo vamos a claudicar en la defensa de los intereses de nuestro pueblo\u00bb","datePublished":"2024-02-26T22:46:37+00:00","dateModified":"2024-02-26T22:46:39+00:00","mainEntityOfPage":{"@id":"https:\/\/diarioprincipios.com\/index.php\/2024\/02\/26\/kicillof-no-vamos-a-claudicar-en-la-defensa-de-los-intereses-de-nuestro-pueblo\/"},"wordCount":512,"commentCount":0,"publisher":{"@id":"https:\/\/diarioprincipios.com\/#organization"},"image":{"@id":"https:\/\/diarioprincipios.com\/index.php\/2024\/02\/26\/kicillof-no-vamos-a-claudicar-en-la-defensa-de-los-intereses-de-nuestro-pueblo\/#primaryimage"},"thumbnailUrl":"https:\/\/diarioprincipios.com\/wp-content\/uploads\/2024\/02\/Screenshot_20240226_194312_Gallery.jpg","articleSection":["Provincia"],"inLanguage":"es","potentialAction":[{"@type":"CommentAction","name":"Comment","target":["https:\/\/diarioprincipios.com\/index.php\/2024\/02\/26\/kicillof-no-vamos-a-claudicar-en-la-defensa-de-los-intereses-de-nuestro-pueblo\/#respond"]}]},{"@type":"WebPage","@id":"https:\/\/diarioprincipios.com\/index.php\/2024\/02\/26\/kicillof-no-vamos-a-claudicar-en-la-defensa-de-los-intereses-de-nuestro-pueblo\/","url":"https:\/\/diarioprincipios.com\/index.php\/2024\/02\/26\/kicillof-no-vamos-a-claudicar-en-la-defensa-de-los-intereses-de-nuestro-pueblo\/","name":"Kicillof: \u201cNo vamos a claudicar en la defensa de los intereses de nuestro pueblo\" - Principios","isPartOf":{"@id":"https:\/\/diarioprincipios.com\/#website"},"primaryImageOfPage":{"@id":"https:\/\/diarioprincipios.com\/index.php\/2024\/02\/26\/kicillof-no-vamos-a-claudicar-en-la-defensa-de-los-intereses-de-nuestro-pueblo\/#primaryimage"},"image":{"@id":"https:\/\/diarioprincipios.com\/index.php\/2024\/02\/26\/kicillof-no-vamos-a-claudicar-en-la-defensa-de-los-intereses-de-nuestro-pueblo\/#primaryimage"},"thumbnailUrl":"https:\/\/diarioprincipios.com\/wp-content\/uploads\/2024\/02\/Screenshot_20240226_194312_Gallery.jpg","datePublished":"2024-02-26T22:46:37+00:00","dateModified":"2024-02-26T22:46:39+00:00","breadcrumb":{"@id":"https:\/\/diarioprincipios.com\/index.php\/2024\/02\/26\/kicillof-no-vamos-a-claudicar-en-la-defensa-de-los-intereses-de-nuestro-pueblo\/#breadcrumb"},"inLanguage":"es","potentialAction":[{"@type":"ReadAction","target":["https:\/\/diarioprincipios.com\/index.php\/2024\/02\/26\/kicillof-no-vamos-a-claudicar-en-la-defensa-de-los-intereses-de-nuestro-pueblo\/"]}]},{"@type":"ImageObject","inLanguage":"es","@id":"https:\/\/diarioprincipios.com\/index.php\/2024\/02\/26\/kicillof-no-vamos-a-claudicar-en-la-defensa-de-los-intereses-de-nuestro-pueblo\/#primaryimage","url":"https:\/\/diarioprincipios.com\/wp-content\/uploads\/2024\/02\/Screenshot_20240226_194312_Gallery.jpg","contentUrl":"https:\/\/diarioprincipios.com\/wp-content\/uploads\/2024\/02\/Screenshot_20240226_194312_Gallery.jpg","width":1080,"height":702},{"@type":"BreadcrumbList","@id":"https:\/\/diarioprincipios.com\/index.php\/2024\/02\/26\/kicillof-no-vamos-a-claudicar-en-la-defensa-de-los-intereses-de-nuestro-pueblo\/#breadcrumb","itemListElement":[{"@type":"ListItem","position":1,"name":"Portada","item":"https:\/\/diarioprincipios.com\/"},{"@type":"ListItem","position":2,"name":"Kicillof: \u201cNo vamos a claudicar en la defensa de los intereses de nuestro pueblo\u00bb"}]},{"@type":"WebSite","@id":"https:\/\/diarioprincipios.com\/#website","url":"https:\/\/diarioprincipios.com\/","name":"Principios","description":"Principios Diario","publisher":{"@id":"https:\/\/diarioprincipios.com\/#organization"},"potentialAction":[{"@type":"SearchAction","target":{"@type":"EntryPoint","urlTemplate":"https:\/\/diarioprincipios.com\/?s={search_term_string}"},"query-input":{"@type":"PropertyValueSpecification","valueRequired":true,"valueName":"search_term_string"}}],"inLanguage":"es"},{"@type":"Organization","@id":"https:\/\/diarioprincipios.com\/#organization","name":"Principios","url":"https:\/\/diarioprincipios.com\/","logo":{"@type":"ImageObject","inLanguage":"es","@id":"https:\/\/diarioprincipios.com\/#\/schema\/logo\/image\/","url":"https:\/\/diarioprincipios.com\/wp-content\/uploads\/2024\/04\/cropped-www.diarioprincipios.com_-1.png","contentUrl":"https:\/\/diarioprincipios.com\/wp-content\/uploads\/2024\/04\/cropped-www.diarioprincipios.com_-1.png","width":5325,"height":1454,"caption":"Principios"},"image":{"@id":"https:\/\/diarioprincipios.com\/#\/schema\/logo\/image\/"}},{"@type":"Person","@id":"https:\/\/diarioprincipios.com\/#\/schema\/person\/436d5a1fd41a5e250e23ff5a6a7cb080","name":"Hern\u00e1n L\u00f3pez","image":{"@type":"ImageObject","inLanguage":"es","@id":"https:\/\/diarioprincipios.com\/wp-content\/litespeed\/avatar\/11ddfe5610ff3bd100522525b2571f48.jpg?ver=1777048341","url":"https:\/\/diarioprincipios.com\/wp-content\/litespeed\/avatar\/11ddfe5610ff3bd100522525b2571f48.jpg?ver=1777048341","contentUrl":"https:\/\/diarioprincipios.com\/wp-content\/litespeed\/avatar\/11ddfe5610ff3bd100522525b2571f48.jpg?ver=1777048341","caption":"Hern\u00e1n L\u00f3pez"},"url":"https:\/\/diarioprincipios.com\/index.php\/author\/hernan\/"}]}},"jetpack_featured_media_url":"https:\/\/diarioprincipios.com\/wp-content\/uploads\/2024\/02\/Screenshot_20240226_194312_Gallery.jpg","_links":{"self":[{"href":"https:\/\/diarioprincipios.com\/index.php\/wp-json\/wp\/v2\/posts\/20862","targetHints":{"allow":["GET"]}}],"collection":[{"href":"https:\/\/diarioprincipios.com\/index.php\/wp-json\/wp\/v2\/posts"}],"about":[{"href":"https:\/\/diarioprincipios.com\/index.php\/wp-json\/wp\/v2\/types\/post"}],"author":[{"embeddable":true,"href":"https:\/\/diarioprincipios.com\/index.php\/wp-json\/wp\/v2\/users\/2"}],"replies":[{"embeddable":true,"href":"https:\/\/diarioprincipios.com\/index.php\/wp-json\/wp\/v2\/comments?post=20862"}],"version-history":[{"count":1,"href":"https:\/\/diarioprincipios.com\/index.php\/wp-json\/wp\/v2\/posts\/20862\/revisions"}],"predecessor-version":[{"id":20865,"href":"https:\/\/diarioprincipios.com\/index.php\/wp-json\/wp\/v2\/posts\/20862\/revisions\/20865"}],"wp:featuredmedia":[{"embeddable":true,"href":"https:\/\/diarioprincipios.com\/index.php\/wp-json\/wp\/v2\/media\/20864"}],"wp:attachment":[{"href":"https:\/\/diarioprincipios.com\/index.php\/wp-json\/wp\/v2\/media?parent=20862"}],"wp:term":[{"taxonomy":"category","embeddable":true,"href":"https:\/\/diarioprincipios.com\/index.php\/wp-json\/wp\/v2\/categories?post=20862"},{"taxonomy":"post_tag","embeddable":true,"href":"https:\/\/diarioprincipios.com\/index.php\/wp-json\/wp\/v2\/tags?post=20862"}],"curies":[{"name":"wp","href":"https:\/\/api.w.org\/{rel}","templated":true}]}}