{"id":20844,"date":"2024-02-26T15:25:32","date_gmt":"2024-02-26T18:25:32","guid":{"rendered":"http:\/\/diarioprincipios.com\/?p=20844"},"modified":"2024-02-26T15:25:34","modified_gmt":"2024-02-26T18:25:34","slug":"mussi-volvio-a-pedir-por-la-unidad-del-peronismo","status":"publish","type":"post","link":"https:\/\/diarioprincipios.com\/index.php\/2024\/02\/26\/mussi-volvio-a-pedir-por-la-unidad-del-peronismo\/","title":{"rendered":"Mussi volvi\u00f3 a pedir por la Unidad del Peronismo"},"content":{"rendered":"\n<p><strong>El Peronismo de Berazategui record\u00f3 al expresidente N\u00e9stor Kirchner, a 74 a\u00f1os de su nacimiento, con un acto frente a los bustos de Juan Domingo Per\u00f3n y Eva Duarte en la Plaza Rigolleau. All\u00ed, el intendente de Berazategui y presidente del Consejo del Partido Justicialista local, Juan Jos\u00e9 Mussi, afirm\u00f3 que \u201ceste no es un homenaje cualquiera, sino el homenaje a un argentino que vino a cambiar a una Argentina decadente. N\u00e9stor Kirchner fue un estadista que transform\u00f3 el pa\u00eds\u201d.<\/strong><\/p>\n\n\n\n<figure class=\"wp-block-image size-large\"><img loading=\"lazy\" decoding=\"async\" width=\"1024\" height=\"683\" src=\"https:\/\/diarioprincipios.com\/wp-content\/uploads\/2024\/02\/MUSSI-VOLVIO-A-PEDIR-POR-LA-UNIDAD-DEL-PERONISMO-EN-EL-ACTO-EN-HOMENAJE-A-NESTOR-KIRCHNER-2-1024x683.jpg\" alt=\"\" class=\"wp-image-20845\" srcset=\"https:\/\/diarioprincipios.com\/wp-content\/uploads\/2024\/02\/MUSSI-VOLVIO-A-PEDIR-POR-LA-UNIDAD-DEL-PERONISMO-EN-EL-ACTO-EN-HOMENAJE-A-NESTOR-KIRCHNER-2-1024x683.jpg 1024w, https:\/\/diarioprincipios.com\/wp-content\/uploads\/2024\/02\/MUSSI-VOLVIO-A-PEDIR-POR-LA-UNIDAD-DEL-PERONISMO-EN-EL-ACTO-EN-HOMENAJE-A-NESTOR-KIRCHNER-2-300x200.jpg 300w, https:\/\/diarioprincipios.com\/wp-content\/uploads\/2024\/02\/MUSSI-VOLVIO-A-PEDIR-POR-LA-UNIDAD-DEL-PERONISMO-EN-EL-ACTO-EN-HOMENAJE-A-NESTOR-KIRCHNER-2-768x512.jpg 768w, https:\/\/diarioprincipios.com\/wp-content\/uploads\/2024\/02\/MUSSI-VOLVIO-A-PEDIR-POR-LA-UNIDAD-DEL-PERONISMO-EN-EL-ACTO-EN-HOMENAJE-A-NESTOR-KIRCHNER-2-1536x1024.jpg 1536w, https:\/\/diarioprincipios.com\/wp-content\/uploads\/2024\/02\/MUSSI-VOLVIO-A-PEDIR-POR-LA-UNIDAD-DEL-PERONISMO-EN-EL-ACTO-EN-HOMENAJE-A-NESTOR-KIRCHNER-2.jpg 1920w\" sizes=\"auto, (max-width: 1024px) 100vw, 1024px\" \/><\/figure>\n\n\n\n<p>En su discurso, Mussi anunci\u00f3 que en mayo se instalar\u00e1 la imagen de N\u00e9stor Kirchner en la Plaza Rigolleau. Asimismo, llam\u00f3 a dejar las diferencias de lado para alcanzar la unidad del peronismo.<\/p>\n\n\n\n<p>\u201cEntendamos de una vez por todas que no es una antinomia ser kirchnerista y ser peronista. Ser kirchnerista es ser peronista tambi\u00e9n. Porque hablo a ultranza del Peronismo creen que no soy kirchnerista. S\u00ed lo soy. \u00bfC\u00f3mo no lo voy a ser si valoro a N\u00e9stor en toda su dimensi\u00f3n? N\u00e9stor fue muy peronista, \u00e9l revitaliz\u00f3 el Peronismo\u201d, enfatiz\u00f3 Mussi.<\/p>\n\n\n\n<figure class=\"wp-block-image size-large is-resized\"><img loading=\"lazy\" decoding=\"async\" width=\"1024\" height=\"683\" src=\"https:\/\/diarioprincipios.com\/wp-content\/uploads\/2024\/02\/MUSSI-VOLVIO-A-PEDIR-POR-LA-UNIDAD-DEL-PERONISMO-EN-EL-ACTO-EN-HOMENAJE-A-NESTOR-KIRCHNER-4-1024x683.jpg\" alt=\"\" class=\"wp-image-20846\" style=\"width:383px;height:auto\" srcset=\"https:\/\/diarioprincipios.com\/wp-content\/uploads\/2024\/02\/MUSSI-VOLVIO-A-PEDIR-POR-LA-UNIDAD-DEL-PERONISMO-EN-EL-ACTO-EN-HOMENAJE-A-NESTOR-KIRCHNER-4-1024x683.jpg 1024w, https:\/\/diarioprincipios.com\/wp-content\/uploads\/2024\/02\/MUSSI-VOLVIO-A-PEDIR-POR-LA-UNIDAD-DEL-PERONISMO-EN-EL-ACTO-EN-HOMENAJE-A-NESTOR-KIRCHNER-4-300x200.jpg 300w, https:\/\/diarioprincipios.com\/wp-content\/uploads\/2024\/02\/MUSSI-VOLVIO-A-PEDIR-POR-LA-UNIDAD-DEL-PERONISMO-EN-EL-ACTO-EN-HOMENAJE-A-NESTOR-KIRCHNER-4-768x512.jpg 768w, https:\/\/diarioprincipios.com\/wp-content\/uploads\/2024\/02\/MUSSI-VOLVIO-A-PEDIR-POR-LA-UNIDAD-DEL-PERONISMO-EN-EL-ACTO-EN-HOMENAJE-A-NESTOR-KIRCHNER-4-1536x1024.jpg 1536w, https:\/\/diarioprincipios.com\/wp-content\/uploads\/2024\/02\/MUSSI-VOLVIO-A-PEDIR-POR-LA-UNIDAD-DEL-PERONISMO-EN-EL-ACTO-EN-HOMENAJE-A-NESTOR-KIRCHNER-4.jpg 1920w\" sizes=\"auto, (max-width: 1024px) 100vw, 1024px\" \/><\/figure>\n\n\n\n<p>Por \u00faltimo, el conductor del PJ de Berazategui recalc\u00f3: \u201cN\u00e9stor nos estar\u00eda diciendo que nos dejemos de jorobar. Todos pertenecemos a una causa nacional y popular; todos dentro del Peronismo, porque tenemos que recuperar a la Argentina. Si entendemos el mensaje, vamos a estar abrazados para enfrentar los momentos que se vienen\u201d.<\/p>\n\n\n\n<p>Participaron del acto agrupaciones pol\u00edticas y sociales de Berazategui, adem\u00e1s de cientos de vecinos autoconvocados que se acercaron a recordar al expresidente N\u00e9stor Kirchner<\/p>\n","protected":false},"excerpt":{"rendered":"<p>El Peronismo de Berazategui record\u00f3 al expresidente N\u00e9stor Kirchner, a 74 a\u00f1os de su nacimiento, con un acto frente a los bustos de Juan Domingo Per\u00f3n y Eva Duarte en la Plaza Rigolleau. All\u00ed, el intendente de Berazategui y presidente del Consejo del Partido Justicialista local, Juan Jos\u00e9 Mussi, afirm\u00f3 que \u201ceste no es un&#8230;<\/p>\n","protected":false},"author":2,"featured_media":20847,"comment_status":"open","ping_status":"open","sticky":false,"template":"","format":"standard","meta":{"footnotes":""},"categories":[3],"tags":[],"class_list":["post-20844","post","type-post","status-publish","format-standard","has-post-thumbnail","hentry","category-berazategui"],"featured_image_src":"https:\/\/diarioprincipios.com\/wp-content\/uploads\/2024\/02\/MUSSI-VOLVIO-A-PEDIR-POR-LA-UNIDAD-DEL-PERONISMO-EN-EL-ACTO-EN-HOMENAJE-A-NESTOR-KIRCHNER-3-1024x683.jpg","blog_images":{"medium":"https:\/\/diarioprincipios.com\/wp-content\/uploads\/2024\/02\/MUSSI-VOLVIO-A-PEDIR-POR-LA-UNIDAD-DEL-PERONISMO-EN-EL-ACTO-EN-HOMENAJE-A-NESTOR-KIRCHNER-3-300x200.jpg","large":"https:\/\/diarioprincipios.com\/wp-content\/uploads\/2024\/02\/MUSSI-VOLVIO-A-PEDIR-POR-LA-UNIDAD-DEL-PERONISMO-EN-EL-ACTO-EN-HOMENAJE-A-NESTOR-KIRCHNER-3-1024x683.jpg"},"ams_acf":[],"yoast_head":"<!-- This site is optimized with the Yoast SEO plugin v27.3 - https:\/\/yoast.com\/product\/yoast-seo-wordpress\/ -->\n<title>Mussi volvi\u00f3 a pedir por la Unidad del Peronismo - Principios<\/title>\n<meta name=\"robots\" content=\"index, follow, max-snippet:-1, max-image-preview:large, max-video-preview:-1\" \/>\n<link rel=\"canonical\" href=\"https:\/\/diarioprincipios.com\/index.php\/2024\/02\/26\/mussi-volvio-a-pedir-por-la-unidad-del-peronismo\/\" \/>\n<meta property=\"og:locale\" content=\"es_ES\" \/>\n<meta property=\"og:type\" content=\"article\" \/>\n<meta property=\"og:title\" content=\"Mussi volvi\u00f3 a pedir por la Unidad del Peronismo - Principios\" \/>\n<meta property=\"og:description\" content=\"El Peronismo de Berazategui record\u00f3 al expresidente N\u00e9stor Kirchner, a 74 a\u00f1os de su nacimiento, con un acto frente a los bustos de Juan Domingo Per\u00f3n y Eva Duarte en la Plaza Rigolleau. All\u00ed, el intendente de Berazategui y presidente del Consejo del Partido Justicialista local, Juan Jos\u00e9 Mussi, afirm\u00f3 que \u201ceste no es un...\" \/>\n<meta property=\"og:url\" content=\"https:\/\/diarioprincipios.com\/index.php\/2024\/02\/26\/mussi-volvio-a-pedir-por-la-unidad-del-peronismo\/\" \/>\n<meta property=\"og:site_name\" content=\"Principios\" \/>\n<meta property=\"article:published_time\" content=\"2024-02-26T18:25:32+00:00\" \/>\n<meta property=\"article:modified_time\" content=\"2024-02-26T18:25:34+00:00\" \/>\n<meta property=\"og:image\" content=\"https:\/\/diarioprincipios.com\/wp-content\/uploads\/2024\/02\/MUSSI-VOLVIO-A-PEDIR-POR-LA-UNIDAD-DEL-PERONISMO-EN-EL-ACTO-EN-HOMENAJE-A-NESTOR-KIRCHNER-3.jpg\" \/>\n\t<meta property=\"og:image:width\" content=\"1920\" \/>\n\t<meta property=\"og:image:height\" content=\"1280\" \/>\n\t<meta property=\"og:image:type\" content=\"image\/jpeg\" \/>\n<meta name=\"author\" content=\"Hern\u00e1n L\u00f3pez\" \/>\n<meta name=\"twitter:card\" content=\"summary_large_image\" \/>\n<meta name=\"twitter:label1\" content=\"Escrito por\" \/>\n\t<meta name=\"twitter:data1\" content=\"Hern\u00e1n L\u00f3pez\" \/>\n\t<meta name=\"twitter:label2\" content=\"Tiempo de lectura\" \/>\n\t<meta name=\"twitter:data2\" content=\"2 minutos\" \/>\n<script type=\"application\/ld+json\" class=\"yoast-schema-graph\">{\"@context\":\"https:\\\/\\\/schema.org\",\"@graph\":[{\"@type\":\"Article\",\"@id\":\"https:\\\/\\\/diarioprincipios.com\\\/index.php\\\/2024\\\/02\\\/26\\\/mussi-volvio-a-pedir-por-la-unidad-del-peronismo\\\/#article\",\"isPartOf\":{\"@id\":\"https:\\\/\\\/diarioprincipios.com\\\/index.php\\\/2024\\\/02\\\/26\\\/mussi-volvio-a-pedir-por-la-unidad-del-peronismo\\\/\"},\"author\":{\"name\":\"Hern\u00e1n L\u00f3pez\",\"@id\":\"https:\\\/\\\/diarioprincipios.com\\\/#\\\/schema\\\/person\\\/436d5a1fd41a5e250e23ff5a6a7cb080\"},\"headline\":\"Mussi volvi\u00f3 a pedir por la Unidad del Peronismo\",\"datePublished\":\"2024-02-26T18:25:32+00:00\",\"dateModified\":\"2024-02-26T18:25:34+00:00\",\"mainEntityOfPage\":{\"@id\":\"https:\\\/\\\/diarioprincipios.com\\\/index.php\\\/2024\\\/02\\\/26\\\/mussi-volvio-a-pedir-por-la-unidad-del-peronismo\\\/\"},\"wordCount\":273,\"commentCount\":0,\"publisher\":{\"@id\":\"https:\\\/\\\/diarioprincipios.com\\\/#organization\"},\"image\":{\"@id\":\"https:\\\/\\\/diarioprincipios.com\\\/index.php\\\/2024\\\/02\\\/26\\\/mussi-volvio-a-pedir-por-la-unidad-del-peronismo\\\/#primaryimage\"},\"thumbnailUrl\":\"https:\\\/\\\/diarioprincipios.com\\\/wp-content\\\/uploads\\\/2024\\\/02\\\/MUSSI-VOLVIO-A-PEDIR-POR-LA-UNIDAD-DEL-PERONISMO-EN-EL-ACTO-EN-HOMENAJE-A-NESTOR-KIRCHNER-3.jpg\",\"articleSection\":[\"Berazategui\"],\"inLanguage\":\"es\",\"potentialAction\":[{\"@type\":\"CommentAction\",\"name\":\"Comment\",\"target\":[\"https:\\\/\\\/diarioprincipios.com\\\/index.php\\\/2024\\\/02\\\/26\\\/mussi-volvio-a-pedir-por-la-unidad-del-peronismo\\\/#respond\"]}]},{\"@type\":\"WebPage\",\"@id\":\"https:\\\/\\\/diarioprincipios.com\\\/index.php\\\/2024\\\/02\\\/26\\\/mussi-volvio-a-pedir-por-la-unidad-del-peronismo\\\/\",\"url\":\"https:\\\/\\\/diarioprincipios.com\\\/index.php\\\/2024\\\/02\\\/26\\\/mussi-volvio-a-pedir-por-la-unidad-del-peronismo\\\/\",\"name\":\"Mussi volvi\u00f3 a pedir por la Unidad del Peronismo - Principios\",\"isPartOf\":{\"@id\":\"https:\\\/\\\/diarioprincipios.com\\\/#website\"},\"primaryImageOfPage\":{\"@id\":\"https:\\\/\\\/diarioprincipios.com\\\/index.php\\\/2024\\\/02\\\/26\\\/mussi-volvio-a-pedir-por-la-unidad-del-peronismo\\\/#primaryimage\"},\"image\":{\"@id\":\"https:\\\/\\\/diarioprincipios.com\\\/index.php\\\/2024\\\/02\\\/26\\\/mussi-volvio-a-pedir-por-la-unidad-del-peronismo\\\/#primaryimage\"},\"thumbnailUrl\":\"https:\\\/\\\/diarioprincipios.com\\\/wp-content\\\/uploads\\\/2024\\\/02\\\/MUSSI-VOLVIO-A-PEDIR-POR-LA-UNIDAD-DEL-PERONISMO-EN-EL-ACTO-EN-HOMENAJE-A-NESTOR-KIRCHNER-3.jpg\",\"datePublished\":\"2024-02-26T18:25:32+00:00\",\"dateModified\":\"2024-02-26T18:25:34+00:00\",\"breadcrumb\":{\"@id\":\"https:\\\/\\\/diarioprincipios.com\\\/index.php\\\/2024\\\/02\\\/26\\\/mussi-volvio-a-pedir-por-la-unidad-del-peronismo\\\/#breadcrumb\"},\"inLanguage\":\"es\",\"potentialAction\":[{\"@type\":\"ReadAction\",\"target\":[\"https:\\\/\\\/diarioprincipios.com\\\/index.php\\\/2024\\\/02\\\/26\\\/mussi-volvio-a-pedir-por-la-unidad-del-peronismo\\\/\"]}]},{\"@type\":\"ImageObject\",\"inLanguage\":\"es\",\"@id\":\"https:\\\/\\\/diarioprincipios.com\\\/index.php\\\/2024\\\/02\\\/26\\\/mussi-volvio-a-pedir-por-la-unidad-del-peronismo\\\/#primaryimage\",\"url\":\"https:\\\/\\\/diarioprincipios.com\\\/wp-content\\\/uploads\\\/2024\\\/02\\\/MUSSI-VOLVIO-A-PEDIR-POR-LA-UNIDAD-DEL-PERONISMO-EN-EL-ACTO-EN-HOMENAJE-A-NESTOR-KIRCHNER-3.jpg\",\"contentUrl\":\"https:\\\/\\\/diarioprincipios.com\\\/wp-content\\\/uploads\\\/2024\\\/02\\\/MUSSI-VOLVIO-A-PEDIR-POR-LA-UNIDAD-DEL-PERONISMO-EN-EL-ACTO-EN-HOMENAJE-A-NESTOR-KIRCHNER-3.jpg\",\"width\":1920,\"height\":1280},{\"@type\":\"BreadcrumbList\",\"@id\":\"https:\\\/\\\/diarioprincipios.com\\\/index.php\\\/2024\\\/02\\\/26\\\/mussi-volvio-a-pedir-por-la-unidad-del-peronismo\\\/#breadcrumb\",\"itemListElement\":[{\"@type\":\"ListItem\",\"position\":1,\"name\":\"Portada\",\"item\":\"https:\\\/\\\/diarioprincipios.com\\\/\"},{\"@type\":\"ListItem\",\"position\":2,\"name\":\"Mussi volvi\u00f3 a pedir por la Unidad del Peronismo\"}]},{\"@type\":\"WebSite\",\"@id\":\"https:\\\/\\\/diarioprincipios.com\\\/#website\",\"url\":\"https:\\\/\\\/diarioprincipios.com\\\/\",\"name\":\"Principios\",\"description\":\"Principios Diario\",\"publisher\":{\"@id\":\"https:\\\/\\\/diarioprincipios.com\\\/#organization\"},\"potentialAction\":[{\"@type\":\"SearchAction\",\"target\":{\"@type\":\"EntryPoint\",\"urlTemplate\":\"https:\\\/\\\/diarioprincipios.com\\\/?s={search_term_string}\"},\"query-input\":{\"@type\":\"PropertyValueSpecification\",\"valueRequired\":true,\"valueName\":\"search_term_string\"}}],\"inLanguage\":\"es\"},{\"@type\":\"Organization\",\"@id\":\"https:\\\/\\\/diarioprincipios.com\\\/#organization\",\"name\":\"Principios\",\"url\":\"https:\\\/\\\/diarioprincipios.com\\\/\",\"logo\":{\"@type\":\"ImageObject\",\"inLanguage\":\"es\",\"@id\":\"https:\\\/\\\/diarioprincipios.com\\\/#\\\/schema\\\/logo\\\/image\\\/\",\"url\":\"https:\\\/\\\/diarioprincipios.com\\\/wp-content\\\/uploads\\\/2024\\\/04\\\/cropped-www.diarioprincipios.com_-1.png\",\"contentUrl\":\"https:\\\/\\\/diarioprincipios.com\\\/wp-content\\\/uploads\\\/2024\\\/04\\\/cropped-www.diarioprincipios.com_-1.png\",\"width\":5325,\"height\":1454,\"caption\":\"Principios\"},\"image\":{\"@id\":\"https:\\\/\\\/diarioprincipios.com\\\/#\\\/schema\\\/logo\\\/image\\\/\"}},{\"@type\":\"Person\",\"@id\":\"https:\\\/\\\/diarioprincipios.com\\\/#\\\/schema\\\/person\\\/436d5a1fd41a5e250e23ff5a6a7cb080\",\"name\":\"Hern\u00e1n L\u00f3pez\",\"image\":{\"@type\":\"ImageObject\",\"inLanguage\":\"es\",\"@id\":\"https:\\\/\\\/diarioprincipios.com\\\/wp-content\\\/litespeed\\\/avatar\\\/11ddfe5610ff3bd100522525b2571f48.jpg?ver=1777653193\",\"url\":\"https:\\\/\\\/diarioprincipios.com\\\/wp-content\\\/litespeed\\\/avatar\\\/11ddfe5610ff3bd100522525b2571f48.jpg?ver=1777653193\",\"contentUrl\":\"https:\\\/\\\/diarioprincipios.com\\\/wp-content\\\/litespeed\\\/avatar\\\/11ddfe5610ff3bd100522525b2571f48.jpg?ver=1777653193\",\"caption\":\"Hern\u00e1n L\u00f3pez\"},\"url\":\"https:\\\/\\\/diarioprincipios.com\\\/index.php\\\/author\\\/hernan\\\/\"}]}<\/script>\n<!-- \/ Yoast SEO plugin. -->","yoast_head_json":{"title":"Mussi volvi\u00f3 a pedir por la Unidad del Peronismo - Principios","robots":{"index":"index","follow":"follow","max-snippet":"max-snippet:-1","max-image-preview":"max-image-preview:large","max-video-preview":"max-video-preview:-1"},"canonical":"https:\/\/diarioprincipios.com\/index.php\/2024\/02\/26\/mussi-volvio-a-pedir-por-la-unidad-del-peronismo\/","og_locale":"es_ES","og_type":"article","og_title":"Mussi volvi\u00f3 a pedir por la Unidad del Peronismo - Principios","og_description":"El Peronismo de Berazategui record\u00f3 al expresidente N\u00e9stor Kirchner, a 74 a\u00f1os de su nacimiento, con un acto frente a los bustos de Juan Domingo Per\u00f3n y Eva Duarte en la Plaza Rigolleau. All\u00ed, el intendente de Berazategui y presidente del Consejo del Partido Justicialista local, Juan Jos\u00e9 Mussi, afirm\u00f3 que \u201ceste no es un...","og_url":"https:\/\/diarioprincipios.com\/index.php\/2024\/02\/26\/mussi-volvio-a-pedir-por-la-unidad-del-peronismo\/","og_site_name":"Principios","article_published_time":"2024-02-26T18:25:32+00:00","article_modified_time":"2024-02-26T18:25:34+00:00","og_image":[{"width":1920,"height":1280,"url":"https:\/\/diarioprincipios.com\/wp-content\/uploads\/2024\/02\/MUSSI-VOLVIO-A-PEDIR-POR-LA-UNIDAD-DEL-PERONISMO-EN-EL-ACTO-EN-HOMENAJE-A-NESTOR-KIRCHNER-3.jpg","type":"image\/jpeg"}],"author":"Hern\u00e1n L\u00f3pez","twitter_card":"summary_large_image","twitter_misc":{"Escrito por":"Hern\u00e1n L\u00f3pez","Tiempo de lectura":"2 minutos"},"schema":{"@context":"https:\/\/schema.org","@graph":[{"@type":"Article","@id":"https:\/\/diarioprincipios.com\/index.php\/2024\/02\/26\/mussi-volvio-a-pedir-por-la-unidad-del-peronismo\/#article","isPartOf":{"@id":"https:\/\/diarioprincipios.com\/index.php\/2024\/02\/26\/mussi-volvio-a-pedir-por-la-unidad-del-peronismo\/"},"author":{"name":"Hern\u00e1n L\u00f3pez","@id":"https:\/\/diarioprincipios.com\/#\/schema\/person\/436d5a1fd41a5e250e23ff5a6a7cb080"},"headline":"Mussi volvi\u00f3 a pedir por la Unidad del Peronismo","datePublished":"2024-02-26T18:25:32+00:00","dateModified":"2024-02-26T18:25:34+00:00","mainEntityOfPage":{"@id":"https:\/\/diarioprincipios.com\/index.php\/2024\/02\/26\/mussi-volvio-a-pedir-por-la-unidad-del-peronismo\/"},"wordCount":273,"commentCount":0,"publisher":{"@id":"https:\/\/diarioprincipios.com\/#organization"},"image":{"@id":"https:\/\/diarioprincipios.com\/index.php\/2024\/02\/26\/mussi-volvio-a-pedir-por-la-unidad-del-peronismo\/#primaryimage"},"thumbnailUrl":"https:\/\/diarioprincipios.com\/wp-content\/uploads\/2024\/02\/MUSSI-VOLVIO-A-PEDIR-POR-LA-UNIDAD-DEL-PERONISMO-EN-EL-ACTO-EN-HOMENAJE-A-NESTOR-KIRCHNER-3.jpg","articleSection":["Berazategui"],"inLanguage":"es","potentialAction":[{"@type":"CommentAction","name":"Comment","target":["https:\/\/diarioprincipios.com\/index.php\/2024\/02\/26\/mussi-volvio-a-pedir-por-la-unidad-del-peronismo\/#respond"]}]},{"@type":"WebPage","@id":"https:\/\/diarioprincipios.com\/index.php\/2024\/02\/26\/mussi-volvio-a-pedir-por-la-unidad-del-peronismo\/","url":"https:\/\/diarioprincipios.com\/index.php\/2024\/02\/26\/mussi-volvio-a-pedir-por-la-unidad-del-peronismo\/","name":"Mussi volvi\u00f3 a pedir por la Unidad del Peronismo - Principios","isPartOf":{"@id":"https:\/\/diarioprincipios.com\/#website"},"primaryImageOfPage":{"@id":"https:\/\/diarioprincipios.com\/index.php\/2024\/02\/26\/mussi-volvio-a-pedir-por-la-unidad-del-peronismo\/#primaryimage"},"image":{"@id":"https:\/\/diarioprincipios.com\/index.php\/2024\/02\/26\/mussi-volvio-a-pedir-por-la-unidad-del-peronismo\/#primaryimage"},"thumbnailUrl":"https:\/\/diarioprincipios.com\/wp-content\/uploads\/2024\/02\/MUSSI-VOLVIO-A-PEDIR-POR-LA-UNIDAD-DEL-PERONISMO-EN-EL-ACTO-EN-HOMENAJE-A-NESTOR-KIRCHNER-3.jpg","datePublished":"2024-02-26T18:25:32+00:00","dateModified":"2024-02-26T18:25:34+00:00","breadcrumb":{"@id":"https:\/\/diarioprincipios.com\/index.php\/2024\/02\/26\/mussi-volvio-a-pedir-por-la-unidad-del-peronismo\/#breadcrumb"},"inLanguage":"es","potentialAction":[{"@type":"ReadAction","target":["https:\/\/diarioprincipios.com\/index.php\/2024\/02\/26\/mussi-volvio-a-pedir-por-la-unidad-del-peronismo\/"]}]},{"@type":"ImageObject","inLanguage":"es","@id":"https:\/\/diarioprincipios.com\/index.php\/2024\/02\/26\/mussi-volvio-a-pedir-por-la-unidad-del-peronismo\/#primaryimage","url":"https:\/\/diarioprincipios.com\/wp-content\/uploads\/2024\/02\/MUSSI-VOLVIO-A-PEDIR-POR-LA-UNIDAD-DEL-PERONISMO-EN-EL-ACTO-EN-HOMENAJE-A-NESTOR-KIRCHNER-3.jpg","contentUrl":"https:\/\/diarioprincipios.com\/wp-content\/uploads\/2024\/02\/MUSSI-VOLVIO-A-PEDIR-POR-LA-UNIDAD-DEL-PERONISMO-EN-EL-ACTO-EN-HOMENAJE-A-NESTOR-KIRCHNER-3.jpg","width":1920,"height":1280},{"@type":"BreadcrumbList","@id":"https:\/\/diarioprincipios.com\/index.php\/2024\/02\/26\/mussi-volvio-a-pedir-por-la-unidad-del-peronismo\/#breadcrumb","itemListElement":[{"@type":"ListItem","position":1,"name":"Portada","item":"https:\/\/diarioprincipios.com\/"},{"@type":"ListItem","position":2,"name":"Mussi volvi\u00f3 a pedir por la Unidad del Peronismo"}]},{"@type":"WebSite","@id":"https:\/\/diarioprincipios.com\/#website","url":"https:\/\/diarioprincipios.com\/","name":"Principios","description":"Principios Diario","publisher":{"@id":"https:\/\/diarioprincipios.com\/#organization"},"potentialAction":[{"@type":"SearchAction","target":{"@type":"EntryPoint","urlTemplate":"https:\/\/diarioprincipios.com\/?s={search_term_string}"},"query-input":{"@type":"PropertyValueSpecification","valueRequired":true,"valueName":"search_term_string"}}],"inLanguage":"es"},{"@type":"Organization","@id":"https:\/\/diarioprincipios.com\/#organization","name":"Principios","url":"https:\/\/diarioprincipios.com\/","logo":{"@type":"ImageObject","inLanguage":"es","@id":"https:\/\/diarioprincipios.com\/#\/schema\/logo\/image\/","url":"https:\/\/diarioprincipios.com\/wp-content\/uploads\/2024\/04\/cropped-www.diarioprincipios.com_-1.png","contentUrl":"https:\/\/diarioprincipios.com\/wp-content\/uploads\/2024\/04\/cropped-www.diarioprincipios.com_-1.png","width":5325,"height":1454,"caption":"Principios"},"image":{"@id":"https:\/\/diarioprincipios.com\/#\/schema\/logo\/image\/"}},{"@type":"Person","@id":"https:\/\/diarioprincipios.com\/#\/schema\/person\/436d5a1fd41a5e250e23ff5a6a7cb080","name":"Hern\u00e1n L\u00f3pez","image":{"@type":"ImageObject","inLanguage":"es","@id":"https:\/\/diarioprincipios.com\/wp-content\/litespeed\/avatar\/11ddfe5610ff3bd100522525b2571f48.jpg?ver=1777653193","url":"https:\/\/diarioprincipios.com\/wp-content\/litespeed\/avatar\/11ddfe5610ff3bd100522525b2571f48.jpg?ver=1777653193","contentUrl":"https:\/\/diarioprincipios.com\/wp-content\/litespeed\/avatar\/11ddfe5610ff3bd100522525b2571f48.jpg?ver=1777653193","caption":"Hern\u00e1n L\u00f3pez"},"url":"https:\/\/diarioprincipios.com\/index.php\/author\/hernan\/"}]}},"jetpack_featured_media_url":"https:\/\/diarioprincipios.com\/wp-content\/uploads\/2024\/02\/MUSSI-VOLVIO-A-PEDIR-POR-LA-UNIDAD-DEL-PERONISMO-EN-EL-ACTO-EN-HOMENAJE-A-NESTOR-KIRCHNER-3.jpg","_links":{"self":[{"href":"https:\/\/diarioprincipios.com\/index.php\/wp-json\/wp\/v2\/posts\/20844","targetHints":{"allow":["GET"]}}],"collection":[{"href":"https:\/\/diarioprincipios.com\/index.php\/wp-json\/wp\/v2\/posts"}],"about":[{"href":"https:\/\/diarioprincipios.com\/index.php\/wp-json\/wp\/v2\/types\/post"}],"author":[{"embeddable":true,"href":"https:\/\/diarioprincipios.com\/index.php\/wp-json\/wp\/v2\/users\/2"}],"replies":[{"embeddable":true,"href":"https:\/\/diarioprincipios.com\/index.php\/wp-json\/wp\/v2\/comments?post=20844"}],"version-history":[{"count":1,"href":"https:\/\/diarioprincipios.com\/index.php\/wp-json\/wp\/v2\/posts\/20844\/revisions"}],"predecessor-version":[{"id":20848,"href":"https:\/\/diarioprincipios.com\/index.php\/wp-json\/wp\/v2\/posts\/20844\/revisions\/20848"}],"wp:featuredmedia":[{"embeddable":true,"href":"https:\/\/diarioprincipios.com\/index.php\/wp-json\/wp\/v2\/media\/20847"}],"wp:attachment":[{"href":"https:\/\/diarioprincipios.com\/index.php\/wp-json\/wp\/v2\/media?parent=20844"}],"wp:term":[{"taxonomy":"category","embeddable":true,"href":"https:\/\/diarioprincipios.com\/index.php\/wp-json\/wp\/v2\/categories?post=20844"},{"taxonomy":"post_tag","embeddable":true,"href":"https:\/\/diarioprincipios.com\/index.php\/wp-json\/wp\/v2\/tags?post=20844"}],"curies":[{"name":"wp","href":"https:\/\/api.w.org\/{rel}","templated":true}]}}