{"id":20831,"date":"2024-02-26T11:21:15","date_gmt":"2024-02-26T14:21:15","guid":{"rendered":"http:\/\/diarioprincipios.com\/?p=20831"},"modified":"2024-02-26T11:21:17","modified_gmt":"2024-02-26T14:21:17","slug":"vacunacion-antirrabica-y-desparasitacion-en-el-barrio-26-de-septiembre","status":"publish","type":"post","link":"https:\/\/diarioprincipios.com\/index.php\/2024\/02\/26\/vacunacion-antirrabica-y-desparasitacion-en-el-barrio-26-de-septiembre\/","title":{"rendered":"Vacunaci\u00f3n Antirr\u00e1bica y desparasitaci\u00f3n en el Barrio 26 de Septiembre"},"content":{"rendered":"\n<p><strong>Desde el lunes 26 y hasta el jueves 29 de febrero se realizar\u00e1n nuevas jornadas municipales de vacunaci\u00f3n antirr\u00e1bica y desparasitaci\u00f3n de perros y gatos. Esta vez, se llevar\u00e1n a cabo en la Sociedad de Fomento Sevilla (calle 116 e\/ 30 y 31). En todas las fechas, la atenci\u00f3n ser\u00e1 gratuita y se brindar\u00e1 en el horario de 9.00 a 12.00.<\/strong><br>Estas jornadas est\u00e1n encabezadas por los y las profesionales de la Cl\u00ednica Veterinaria Municipal que, durante todo el a\u00f1o, recorren los barrios del distrito con servicios gratuitos como vacunaci\u00f3n antirr\u00e1bica, desparasitaci\u00f3n y castraci\u00f3n de perros y gatos.\u00a0<\/p>\n\n\n\n<figure class=\"wp-block-image size-large\"><img loading=\"lazy\" decoding=\"async\" width=\"1024\" height=\"712\" src=\"https:\/\/diarioprincipios.com\/wp-content\/uploads\/2024\/02\/VACUNACION-ANTIRRABICA-Y-DESPARASITACION-EN-EL-BARRIO-26-DE-SEPTIEMBRE4-2-1024x712.jpg\" alt=\"\" class=\"wp-image-20832\" srcset=\"https:\/\/diarioprincipios.com\/wp-content\/uploads\/2024\/02\/VACUNACION-ANTIRRABICA-Y-DESPARASITACION-EN-EL-BARRIO-26-DE-SEPTIEMBRE4-2-1024x712.jpg 1024w, https:\/\/diarioprincipios.com\/wp-content\/uploads\/2024\/02\/VACUNACION-ANTIRRABICA-Y-DESPARASITACION-EN-EL-BARRIO-26-DE-SEPTIEMBRE4-2-300x209.jpg 300w, https:\/\/diarioprincipios.com\/wp-content\/uploads\/2024\/02\/VACUNACION-ANTIRRABICA-Y-DESPARASITACION-EN-EL-BARRIO-26-DE-SEPTIEMBRE4-2-768x534.jpg 768w, https:\/\/diarioprincipios.com\/wp-content\/uploads\/2024\/02\/VACUNACION-ANTIRRABICA-Y-DESPARASITACION-EN-EL-BARRIO-26-DE-SEPTIEMBRE4-2.jpg 1488w\" sizes=\"auto, (max-width: 1024px) 100vw, 1024px\" \/><\/figure>\n\n\n\n<p><br>Estas medidas sanitarias esenciales son impulsadas por el intendente de Berazategui -Dr. Juan Jos\u00e9 Mussi- y organizadas por la Secretar\u00eda de Salud P\u00fablica e Higiene, con el objetivo de prevenir enfermedades y contribuir con la regulaci\u00f3n del crecimiento poblacional de animales.<br>Para conocer m\u00e1s acerca de las medidas sanitarias municipales para cuidar a los animalitos de compa\u00f1\u00eda, se puede ingresar a\u00a0<a href=\"http:\/\/corazondezonasur.com.ar\/servicios\" target=\"_blank\" rel=\"noreferrer noopener\">corazondezonasur.com.ar\/servicios<\/a>.<\/p>\n","protected":false},"excerpt":{"rendered":"<p>Desde el lunes 26 y hasta el jueves 29 de febrero se realizar\u00e1n nuevas jornadas municipales de vacunaci\u00f3n antirr\u00e1bica y desparasitaci\u00f3n de perros y gatos. Esta vez, se llevar\u00e1n a cabo en la Sociedad de Fomento Sevilla (calle 116 e\/ 30 y 31). En todas las fechas, la atenci\u00f3n ser\u00e1 gratuita y se brindar\u00e1 en&#8230;<\/p>\n","protected":false},"author":2,"featured_media":20833,"comment_status":"open","ping_status":"open","sticky":false,"template":"","format":"standard","meta":{"footnotes":""},"categories":[3],"tags":[],"class_list":["post-20831","post","type-post","status-publish","format-standard","has-post-thumbnail","hentry","category-berazategui"],"featured_image_src":"https:\/\/diarioprincipios.com\/wp-content\/uploads\/2024\/02\/VACUNACION-ANTIRRABICA-Y-DESPARASITACION-EN-EL-BARRIO-26-DE-SEPTIEMBRE1-1024x768.jpg","blog_images":{"medium":"https:\/\/diarioprincipios.com\/wp-content\/uploads\/2024\/02\/VACUNACION-ANTIRRABICA-Y-DESPARASITACION-EN-EL-BARRIO-26-DE-SEPTIEMBRE1-300x225.jpg","large":"https:\/\/diarioprincipios.com\/wp-content\/uploads\/2024\/02\/VACUNACION-ANTIRRABICA-Y-DESPARASITACION-EN-EL-BARRIO-26-DE-SEPTIEMBRE1-1024x768.jpg"},"ams_acf":[],"yoast_head":"<!-- This site is optimized with the Yoast SEO plugin v27.3 - https:\/\/yoast.com\/product\/yoast-seo-wordpress\/ -->\n<title>Vacunaci\u00f3n Antirr\u00e1bica y desparasitaci\u00f3n en el Barrio 26 de Septiembre - Principios<\/title>\n<meta name=\"robots\" content=\"index, follow, max-snippet:-1, max-image-preview:large, max-video-preview:-1\" \/>\n<link rel=\"canonical\" href=\"https:\/\/diarioprincipios.com\/index.php\/2024\/02\/26\/vacunacion-antirrabica-y-desparasitacion-en-el-barrio-26-de-septiembre\/\" \/>\n<meta property=\"og:locale\" content=\"es_ES\" \/>\n<meta property=\"og:type\" content=\"article\" \/>\n<meta property=\"og:title\" content=\"Vacunaci\u00f3n Antirr\u00e1bica y desparasitaci\u00f3n en el Barrio 26 de Septiembre - Principios\" \/>\n<meta property=\"og:description\" content=\"Desde el lunes 26 y hasta el jueves 29 de febrero se realizar\u00e1n nuevas jornadas municipales de vacunaci\u00f3n antirr\u00e1bica y desparasitaci\u00f3n de perros y gatos. Esta vez, se llevar\u00e1n a cabo en la Sociedad de Fomento Sevilla (calle 116 e\/ 30 y 31). En todas las fechas, la atenci\u00f3n ser\u00e1 gratuita y se brindar\u00e1 en...\" \/>\n<meta property=\"og:url\" content=\"https:\/\/diarioprincipios.com\/index.php\/2024\/02\/26\/vacunacion-antirrabica-y-desparasitacion-en-el-barrio-26-de-septiembre\/\" \/>\n<meta property=\"og:site_name\" content=\"Principios\" \/>\n<meta property=\"article:published_time\" content=\"2024-02-26T14:21:15+00:00\" \/>\n<meta property=\"article:modified_time\" content=\"2024-02-26T14:21:17+00:00\" \/>\n<meta property=\"og:image\" content=\"https:\/\/diarioprincipios.com\/wp-content\/uploads\/2024\/02\/VACUNACION-ANTIRRABICA-Y-DESPARASITACION-EN-EL-BARRIO-26-DE-SEPTIEMBRE1-scaled.jpg\" \/>\n\t<meta property=\"og:image:width\" content=\"2560\" \/>\n\t<meta property=\"og:image:height\" content=\"1920\" \/>\n\t<meta property=\"og:image:type\" content=\"image\/jpeg\" \/>\n<meta name=\"author\" content=\"Hern\u00e1n L\u00f3pez\" \/>\n<meta name=\"twitter:card\" content=\"summary_large_image\" \/>\n<meta name=\"twitter:label1\" content=\"Escrito por\" \/>\n\t<meta name=\"twitter:data1\" content=\"Hern\u00e1n L\u00f3pez\" \/>\n\t<meta name=\"twitter:label2\" content=\"Tiempo de lectura\" \/>\n\t<meta name=\"twitter:data2\" content=\"1 minuto\" \/>\n<script type=\"application\/ld+json\" class=\"yoast-schema-graph\">{\"@context\":\"https:\\\/\\\/schema.org\",\"@graph\":[{\"@type\":\"Article\",\"@id\":\"https:\\\/\\\/diarioprincipios.com\\\/index.php\\\/2024\\\/02\\\/26\\\/vacunacion-antirrabica-y-desparasitacion-en-el-barrio-26-de-septiembre\\\/#article\",\"isPartOf\":{\"@id\":\"https:\\\/\\\/diarioprincipios.com\\\/index.php\\\/2024\\\/02\\\/26\\\/vacunacion-antirrabica-y-desparasitacion-en-el-barrio-26-de-septiembre\\\/\"},\"author\":{\"name\":\"Hern\u00e1n L\u00f3pez\",\"@id\":\"https:\\\/\\\/diarioprincipios.com\\\/#\\\/schema\\\/person\\\/436d5a1fd41a5e250e23ff5a6a7cb080\"},\"headline\":\"Vacunaci\u00f3n Antirr\u00e1bica y desparasitaci\u00f3n en el Barrio 26 de Septiembre\",\"datePublished\":\"2024-02-26T14:21:15+00:00\",\"dateModified\":\"2024-02-26T14:21:17+00:00\",\"mainEntityOfPage\":{\"@id\":\"https:\\\/\\\/diarioprincipios.com\\\/index.php\\\/2024\\\/02\\\/26\\\/vacunacion-antirrabica-y-desparasitacion-en-el-barrio-26-de-septiembre\\\/\"},\"wordCount\":186,\"commentCount\":0,\"publisher\":{\"@id\":\"https:\\\/\\\/diarioprincipios.com\\\/#organization\"},\"image\":{\"@id\":\"https:\\\/\\\/diarioprincipios.com\\\/index.php\\\/2024\\\/02\\\/26\\\/vacunacion-antirrabica-y-desparasitacion-en-el-barrio-26-de-septiembre\\\/#primaryimage\"},\"thumbnailUrl\":\"https:\\\/\\\/diarioprincipios.com\\\/wp-content\\\/uploads\\\/2024\\\/02\\\/VACUNACION-ANTIRRABICA-Y-DESPARASITACION-EN-EL-BARRIO-26-DE-SEPTIEMBRE1-scaled.jpg\",\"articleSection\":[\"Berazategui\"],\"inLanguage\":\"es\",\"potentialAction\":[{\"@type\":\"CommentAction\",\"name\":\"Comment\",\"target\":[\"https:\\\/\\\/diarioprincipios.com\\\/index.php\\\/2024\\\/02\\\/26\\\/vacunacion-antirrabica-y-desparasitacion-en-el-barrio-26-de-septiembre\\\/#respond\"]}]},{\"@type\":\"WebPage\",\"@id\":\"https:\\\/\\\/diarioprincipios.com\\\/index.php\\\/2024\\\/02\\\/26\\\/vacunacion-antirrabica-y-desparasitacion-en-el-barrio-26-de-septiembre\\\/\",\"url\":\"https:\\\/\\\/diarioprincipios.com\\\/index.php\\\/2024\\\/02\\\/26\\\/vacunacion-antirrabica-y-desparasitacion-en-el-barrio-26-de-septiembre\\\/\",\"name\":\"Vacunaci\u00f3n Antirr\u00e1bica y desparasitaci\u00f3n en el Barrio 26 de Septiembre - Principios\",\"isPartOf\":{\"@id\":\"https:\\\/\\\/diarioprincipios.com\\\/#website\"},\"primaryImageOfPage\":{\"@id\":\"https:\\\/\\\/diarioprincipios.com\\\/index.php\\\/2024\\\/02\\\/26\\\/vacunacion-antirrabica-y-desparasitacion-en-el-barrio-26-de-septiembre\\\/#primaryimage\"},\"image\":{\"@id\":\"https:\\\/\\\/diarioprincipios.com\\\/index.php\\\/2024\\\/02\\\/26\\\/vacunacion-antirrabica-y-desparasitacion-en-el-barrio-26-de-septiembre\\\/#primaryimage\"},\"thumbnailUrl\":\"https:\\\/\\\/diarioprincipios.com\\\/wp-content\\\/uploads\\\/2024\\\/02\\\/VACUNACION-ANTIRRABICA-Y-DESPARASITACION-EN-EL-BARRIO-26-DE-SEPTIEMBRE1-scaled.jpg\",\"datePublished\":\"2024-02-26T14:21:15+00:00\",\"dateModified\":\"2024-02-26T14:21:17+00:00\",\"breadcrumb\":{\"@id\":\"https:\\\/\\\/diarioprincipios.com\\\/index.php\\\/2024\\\/02\\\/26\\\/vacunacion-antirrabica-y-desparasitacion-en-el-barrio-26-de-septiembre\\\/#breadcrumb\"},\"inLanguage\":\"es\",\"potentialAction\":[{\"@type\":\"ReadAction\",\"target\":[\"https:\\\/\\\/diarioprincipios.com\\\/index.php\\\/2024\\\/02\\\/26\\\/vacunacion-antirrabica-y-desparasitacion-en-el-barrio-26-de-septiembre\\\/\"]}]},{\"@type\":\"ImageObject\",\"inLanguage\":\"es\",\"@id\":\"https:\\\/\\\/diarioprincipios.com\\\/index.php\\\/2024\\\/02\\\/26\\\/vacunacion-antirrabica-y-desparasitacion-en-el-barrio-26-de-septiembre\\\/#primaryimage\",\"url\":\"https:\\\/\\\/diarioprincipios.com\\\/wp-content\\\/uploads\\\/2024\\\/02\\\/VACUNACION-ANTIRRABICA-Y-DESPARASITACION-EN-EL-BARRIO-26-DE-SEPTIEMBRE1-scaled.jpg\",\"contentUrl\":\"https:\\\/\\\/diarioprincipios.com\\\/wp-content\\\/uploads\\\/2024\\\/02\\\/VACUNACION-ANTIRRABICA-Y-DESPARASITACION-EN-EL-BARRIO-26-DE-SEPTIEMBRE1-scaled.jpg\",\"width\":2560,\"height\":1920},{\"@type\":\"BreadcrumbList\",\"@id\":\"https:\\\/\\\/diarioprincipios.com\\\/index.php\\\/2024\\\/02\\\/26\\\/vacunacion-antirrabica-y-desparasitacion-en-el-barrio-26-de-septiembre\\\/#breadcrumb\",\"itemListElement\":[{\"@type\":\"ListItem\",\"position\":1,\"name\":\"Portada\",\"item\":\"https:\\\/\\\/diarioprincipios.com\\\/\"},{\"@type\":\"ListItem\",\"position\":2,\"name\":\"Vacunaci\u00f3n Antirr\u00e1bica y desparasitaci\u00f3n en el Barrio 26 de Septiembre\"}]},{\"@type\":\"WebSite\",\"@id\":\"https:\\\/\\\/diarioprincipios.com\\\/#website\",\"url\":\"https:\\\/\\\/diarioprincipios.com\\\/\",\"name\":\"Principios\",\"description\":\"Principios Diario\",\"publisher\":{\"@id\":\"https:\\\/\\\/diarioprincipios.com\\\/#organization\"},\"potentialAction\":[{\"@type\":\"SearchAction\",\"target\":{\"@type\":\"EntryPoint\",\"urlTemplate\":\"https:\\\/\\\/diarioprincipios.com\\\/?s={search_term_string}\"},\"query-input\":{\"@type\":\"PropertyValueSpecification\",\"valueRequired\":true,\"valueName\":\"search_term_string\"}}],\"inLanguage\":\"es\"},{\"@type\":\"Organization\",\"@id\":\"https:\\\/\\\/diarioprincipios.com\\\/#organization\",\"name\":\"Principios\",\"url\":\"https:\\\/\\\/diarioprincipios.com\\\/\",\"logo\":{\"@type\":\"ImageObject\",\"inLanguage\":\"es\",\"@id\":\"https:\\\/\\\/diarioprincipios.com\\\/#\\\/schema\\\/logo\\\/image\\\/\",\"url\":\"https:\\\/\\\/diarioprincipios.com\\\/wp-content\\\/uploads\\\/2024\\\/04\\\/cropped-www.diarioprincipios.com_-1.png\",\"contentUrl\":\"https:\\\/\\\/diarioprincipios.com\\\/wp-content\\\/uploads\\\/2024\\\/04\\\/cropped-www.diarioprincipios.com_-1.png\",\"width\":5325,\"height\":1454,\"caption\":\"Principios\"},\"image\":{\"@id\":\"https:\\\/\\\/diarioprincipios.com\\\/#\\\/schema\\\/logo\\\/image\\\/\"}},{\"@type\":\"Person\",\"@id\":\"https:\\\/\\\/diarioprincipios.com\\\/#\\\/schema\\\/person\\\/436d5a1fd41a5e250e23ff5a6a7cb080\",\"name\":\"Hern\u00e1n L\u00f3pez\",\"image\":{\"@type\":\"ImageObject\",\"inLanguage\":\"es\",\"@id\":\"https:\\\/\\\/diarioprincipios.com\\\/wp-content\\\/litespeed\\\/avatar\\\/11ddfe5610ff3bd100522525b2571f48.jpg?ver=1777653193\",\"url\":\"https:\\\/\\\/diarioprincipios.com\\\/wp-content\\\/litespeed\\\/avatar\\\/11ddfe5610ff3bd100522525b2571f48.jpg?ver=1777653193\",\"contentUrl\":\"https:\\\/\\\/diarioprincipios.com\\\/wp-content\\\/litespeed\\\/avatar\\\/11ddfe5610ff3bd100522525b2571f48.jpg?ver=1777653193\",\"caption\":\"Hern\u00e1n L\u00f3pez\"},\"url\":\"https:\\\/\\\/diarioprincipios.com\\\/index.php\\\/author\\\/hernan\\\/\"}]}<\/script>\n<!-- \/ Yoast SEO plugin. -->","yoast_head_json":{"title":"Vacunaci\u00f3n Antirr\u00e1bica y desparasitaci\u00f3n en el Barrio 26 de Septiembre - Principios","robots":{"index":"index","follow":"follow","max-snippet":"max-snippet:-1","max-image-preview":"max-image-preview:large","max-video-preview":"max-video-preview:-1"},"canonical":"https:\/\/diarioprincipios.com\/index.php\/2024\/02\/26\/vacunacion-antirrabica-y-desparasitacion-en-el-barrio-26-de-septiembre\/","og_locale":"es_ES","og_type":"article","og_title":"Vacunaci\u00f3n Antirr\u00e1bica y desparasitaci\u00f3n en el Barrio 26 de Septiembre - Principios","og_description":"Desde el lunes 26 y hasta el jueves 29 de febrero se realizar\u00e1n nuevas jornadas municipales de vacunaci\u00f3n antirr\u00e1bica y desparasitaci\u00f3n de perros y gatos. Esta vez, se llevar\u00e1n a cabo en la Sociedad de Fomento Sevilla (calle 116 e\/ 30 y 31). En todas las fechas, la atenci\u00f3n ser\u00e1 gratuita y se brindar\u00e1 en...","og_url":"https:\/\/diarioprincipios.com\/index.php\/2024\/02\/26\/vacunacion-antirrabica-y-desparasitacion-en-el-barrio-26-de-septiembre\/","og_site_name":"Principios","article_published_time":"2024-02-26T14:21:15+00:00","article_modified_time":"2024-02-26T14:21:17+00:00","og_image":[{"width":2560,"height":1920,"url":"https:\/\/diarioprincipios.com\/wp-content\/uploads\/2024\/02\/VACUNACION-ANTIRRABICA-Y-DESPARASITACION-EN-EL-BARRIO-26-DE-SEPTIEMBRE1-scaled.jpg","type":"image\/jpeg"}],"author":"Hern\u00e1n L\u00f3pez","twitter_card":"summary_large_image","twitter_misc":{"Escrito por":"Hern\u00e1n L\u00f3pez","Tiempo de lectura":"1 minuto"},"schema":{"@context":"https:\/\/schema.org","@graph":[{"@type":"Article","@id":"https:\/\/diarioprincipios.com\/index.php\/2024\/02\/26\/vacunacion-antirrabica-y-desparasitacion-en-el-barrio-26-de-septiembre\/#article","isPartOf":{"@id":"https:\/\/diarioprincipios.com\/index.php\/2024\/02\/26\/vacunacion-antirrabica-y-desparasitacion-en-el-barrio-26-de-septiembre\/"},"author":{"name":"Hern\u00e1n L\u00f3pez","@id":"https:\/\/diarioprincipios.com\/#\/schema\/person\/436d5a1fd41a5e250e23ff5a6a7cb080"},"headline":"Vacunaci\u00f3n Antirr\u00e1bica y desparasitaci\u00f3n en el Barrio 26 de Septiembre","datePublished":"2024-02-26T14:21:15+00:00","dateModified":"2024-02-26T14:21:17+00:00","mainEntityOfPage":{"@id":"https:\/\/diarioprincipios.com\/index.php\/2024\/02\/26\/vacunacion-antirrabica-y-desparasitacion-en-el-barrio-26-de-septiembre\/"},"wordCount":186,"commentCount":0,"publisher":{"@id":"https:\/\/diarioprincipios.com\/#organization"},"image":{"@id":"https:\/\/diarioprincipios.com\/index.php\/2024\/02\/26\/vacunacion-antirrabica-y-desparasitacion-en-el-barrio-26-de-septiembre\/#primaryimage"},"thumbnailUrl":"https:\/\/diarioprincipios.com\/wp-content\/uploads\/2024\/02\/VACUNACION-ANTIRRABICA-Y-DESPARASITACION-EN-EL-BARRIO-26-DE-SEPTIEMBRE1-scaled.jpg","articleSection":["Berazategui"],"inLanguage":"es","potentialAction":[{"@type":"CommentAction","name":"Comment","target":["https:\/\/diarioprincipios.com\/index.php\/2024\/02\/26\/vacunacion-antirrabica-y-desparasitacion-en-el-barrio-26-de-septiembre\/#respond"]}]},{"@type":"WebPage","@id":"https:\/\/diarioprincipios.com\/index.php\/2024\/02\/26\/vacunacion-antirrabica-y-desparasitacion-en-el-barrio-26-de-septiembre\/","url":"https:\/\/diarioprincipios.com\/index.php\/2024\/02\/26\/vacunacion-antirrabica-y-desparasitacion-en-el-barrio-26-de-septiembre\/","name":"Vacunaci\u00f3n Antirr\u00e1bica y desparasitaci\u00f3n en el Barrio 26 de Septiembre - Principios","isPartOf":{"@id":"https:\/\/diarioprincipios.com\/#website"},"primaryImageOfPage":{"@id":"https:\/\/diarioprincipios.com\/index.php\/2024\/02\/26\/vacunacion-antirrabica-y-desparasitacion-en-el-barrio-26-de-septiembre\/#primaryimage"},"image":{"@id":"https:\/\/diarioprincipios.com\/index.php\/2024\/02\/26\/vacunacion-antirrabica-y-desparasitacion-en-el-barrio-26-de-septiembre\/#primaryimage"},"thumbnailUrl":"https:\/\/diarioprincipios.com\/wp-content\/uploads\/2024\/02\/VACUNACION-ANTIRRABICA-Y-DESPARASITACION-EN-EL-BARRIO-26-DE-SEPTIEMBRE1-scaled.jpg","datePublished":"2024-02-26T14:21:15+00:00","dateModified":"2024-02-26T14:21:17+00:00","breadcrumb":{"@id":"https:\/\/diarioprincipios.com\/index.php\/2024\/02\/26\/vacunacion-antirrabica-y-desparasitacion-en-el-barrio-26-de-septiembre\/#breadcrumb"},"inLanguage":"es","potentialAction":[{"@type":"ReadAction","target":["https:\/\/diarioprincipios.com\/index.php\/2024\/02\/26\/vacunacion-antirrabica-y-desparasitacion-en-el-barrio-26-de-septiembre\/"]}]},{"@type":"ImageObject","inLanguage":"es","@id":"https:\/\/diarioprincipios.com\/index.php\/2024\/02\/26\/vacunacion-antirrabica-y-desparasitacion-en-el-barrio-26-de-septiembre\/#primaryimage","url":"https:\/\/diarioprincipios.com\/wp-content\/uploads\/2024\/02\/VACUNACION-ANTIRRABICA-Y-DESPARASITACION-EN-EL-BARRIO-26-DE-SEPTIEMBRE1-scaled.jpg","contentUrl":"https:\/\/diarioprincipios.com\/wp-content\/uploads\/2024\/02\/VACUNACION-ANTIRRABICA-Y-DESPARASITACION-EN-EL-BARRIO-26-DE-SEPTIEMBRE1-scaled.jpg","width":2560,"height":1920},{"@type":"BreadcrumbList","@id":"https:\/\/diarioprincipios.com\/index.php\/2024\/02\/26\/vacunacion-antirrabica-y-desparasitacion-en-el-barrio-26-de-septiembre\/#breadcrumb","itemListElement":[{"@type":"ListItem","position":1,"name":"Portada","item":"https:\/\/diarioprincipios.com\/"},{"@type":"ListItem","position":2,"name":"Vacunaci\u00f3n Antirr\u00e1bica y desparasitaci\u00f3n en el Barrio 26 de Septiembre"}]},{"@type":"WebSite","@id":"https:\/\/diarioprincipios.com\/#website","url":"https:\/\/diarioprincipios.com\/","name":"Principios","description":"Principios Diario","publisher":{"@id":"https:\/\/diarioprincipios.com\/#organization"},"potentialAction":[{"@type":"SearchAction","target":{"@type":"EntryPoint","urlTemplate":"https:\/\/diarioprincipios.com\/?s={search_term_string}"},"query-input":{"@type":"PropertyValueSpecification","valueRequired":true,"valueName":"search_term_string"}}],"inLanguage":"es"},{"@type":"Organization","@id":"https:\/\/diarioprincipios.com\/#organization","name":"Principios","url":"https:\/\/diarioprincipios.com\/","logo":{"@type":"ImageObject","inLanguage":"es","@id":"https:\/\/diarioprincipios.com\/#\/schema\/logo\/image\/","url":"https:\/\/diarioprincipios.com\/wp-content\/uploads\/2024\/04\/cropped-www.diarioprincipios.com_-1.png","contentUrl":"https:\/\/diarioprincipios.com\/wp-content\/uploads\/2024\/04\/cropped-www.diarioprincipios.com_-1.png","width":5325,"height":1454,"caption":"Principios"},"image":{"@id":"https:\/\/diarioprincipios.com\/#\/schema\/logo\/image\/"}},{"@type":"Person","@id":"https:\/\/diarioprincipios.com\/#\/schema\/person\/436d5a1fd41a5e250e23ff5a6a7cb080","name":"Hern\u00e1n L\u00f3pez","image":{"@type":"ImageObject","inLanguage":"es","@id":"https:\/\/diarioprincipios.com\/wp-content\/litespeed\/avatar\/11ddfe5610ff3bd100522525b2571f48.jpg?ver=1777653193","url":"https:\/\/diarioprincipios.com\/wp-content\/litespeed\/avatar\/11ddfe5610ff3bd100522525b2571f48.jpg?ver=1777653193","contentUrl":"https:\/\/diarioprincipios.com\/wp-content\/litespeed\/avatar\/11ddfe5610ff3bd100522525b2571f48.jpg?ver=1777653193","caption":"Hern\u00e1n L\u00f3pez"},"url":"https:\/\/diarioprincipios.com\/index.php\/author\/hernan\/"}]}},"jetpack_featured_media_url":"https:\/\/diarioprincipios.com\/wp-content\/uploads\/2024\/02\/VACUNACION-ANTIRRABICA-Y-DESPARASITACION-EN-EL-BARRIO-26-DE-SEPTIEMBRE1-scaled.jpg","_links":{"self":[{"href":"https:\/\/diarioprincipios.com\/index.php\/wp-json\/wp\/v2\/posts\/20831","targetHints":{"allow":["GET"]}}],"collection":[{"href":"https:\/\/diarioprincipios.com\/index.php\/wp-json\/wp\/v2\/posts"}],"about":[{"href":"https:\/\/diarioprincipios.com\/index.php\/wp-json\/wp\/v2\/types\/post"}],"author":[{"embeddable":true,"href":"https:\/\/diarioprincipios.com\/index.php\/wp-json\/wp\/v2\/users\/2"}],"replies":[{"embeddable":true,"href":"https:\/\/diarioprincipios.com\/index.php\/wp-json\/wp\/v2\/comments?post=20831"}],"version-history":[{"count":1,"href":"https:\/\/diarioprincipios.com\/index.php\/wp-json\/wp\/v2\/posts\/20831\/revisions"}],"predecessor-version":[{"id":20834,"href":"https:\/\/diarioprincipios.com\/index.php\/wp-json\/wp\/v2\/posts\/20831\/revisions\/20834"}],"wp:featuredmedia":[{"embeddable":true,"href":"https:\/\/diarioprincipios.com\/index.php\/wp-json\/wp\/v2\/media\/20833"}],"wp:attachment":[{"href":"https:\/\/diarioprincipios.com\/index.php\/wp-json\/wp\/v2\/media?parent=20831"}],"wp:term":[{"taxonomy":"category","embeddable":true,"href":"https:\/\/diarioprincipios.com\/index.php\/wp-json\/wp\/v2\/categories?post=20831"},{"taxonomy":"post_tag","embeddable":true,"href":"https:\/\/diarioprincipios.com\/index.php\/wp-json\/wp\/v2\/tags?post=20831"}],"curies":[{"name":"wp","href":"https:\/\/api.w.org\/{rel}","templated":true}]}}