{"id":20823,"date":"2024-02-23T09:50:50","date_gmt":"2024-02-23T12:50:50","guid":{"rendered":"http:\/\/diarioprincipios.com\/?p=20823"},"modified":"2024-02-23T09:50:52","modified_gmt":"2024-02-23T12:50:52","slug":"gabriel-carril-renuncio-a-la-secretaria-gremial-de-la-federacion-de-municipales","status":"publish","type":"post","link":"https:\/\/diarioprincipios.com\/index.php\/2024\/02\/23\/gabriel-carril-renuncio-a-la-secretaria-gremial-de-la-federacion-de-municipales\/","title":{"rendered":"Gabriel Carril renunci\u00f3 a la Secretar\u00eda Gremial de la Federaci\u00f3n de Municipales"},"content":{"rendered":"\n<p>Gabriel Carril Campusano, Secretario General del Sindicato de Trabajadores Municipales de Berazategui, present\u00f3 su renuncia irrevocable al cargo de Secretario Gremial e Interior de la Federaci\u00f3n de Sindicatos de Trabajadores Municipales de la provincia de Buenos Aires, el cual ocupaba desde noviembre de 2022.<\/p>\n\n\n\n<p>La dimisi\u00f3n del dirigente gremial berazateguenses se fundamenta en la discrepancia con los lineamientos pol\u00edtico-sindicales y econ\u00f3micos de la actual conducci\u00f3n federativa, poniendo fin a una larga etapa como representante de los municipales en la FSTMPBA.<\/p>\n\n\n\n<figure class=\"wp-block-image size-large\"><img loading=\"lazy\" decoding=\"async\" width=\"650\" height=\"1024\" src=\"https:\/\/diarioprincipios.com\/wp-content\/uploads\/2024\/02\/IMG-20240223-WA0012-650x1024.jpg\" alt=\"\" class=\"wp-image-20824\" srcset=\"https:\/\/diarioprincipios.com\/wp-content\/uploads\/2024\/02\/IMG-20240223-WA0012-650x1024.jpg 650w, https:\/\/diarioprincipios.com\/wp-content\/uploads\/2024\/02\/IMG-20240223-WA0012-190x300.jpg 190w, https:\/\/diarioprincipios.com\/wp-content\/uploads\/2024\/02\/IMG-20240223-WA0012-768x1210.jpg 768w, https:\/\/diarioprincipios.com\/wp-content\/uploads\/2024\/02\/IMG-20240223-WA0012.jpg 954w\" sizes=\"auto, (max-width: 650px) 100vw, 650px\" \/><\/figure>\n\n\n\n<p>Carril explic\u00f3: \u00abEs una decisi\u00f3n muy dif\u00edcil para m\u00ed, que la tomo tras un an\u00e1lisis exhaustivo de la situaci\u00f3n pol\u00edtico-sindical federativa, consultada con mis pares y con la familia. Me distancio notablemente del modelo de conducci\u00f3n del secretario general, lo que me impide continuar en la entidad. Lo hago con pesar, pero convencido de que es lo mejor\u00bb.<\/p>\n\n\n\n<p>El l\u00edder sindical, elegido para el cargo en un Congreso General Extraordinario en 2022, concluye as\u00ed una extensa trayectoria como dirigente federativo.<\/p>\n","protected":false},"excerpt":{"rendered":"<p>Gabriel Carril Campusano, Secretario General del Sindicato de Trabajadores Municipales de Berazategui, present\u00f3 su renuncia irrevocable al cargo de Secretario Gremial e Interior de la Federaci\u00f3n de Sindicatos de Trabajadores Municipales de la provincia de Buenos Aires, el cual ocupaba desde noviembre de 2022. La dimisi\u00f3n del dirigente gremial berazateguenses se fundamenta en la discrepancia&#8230;<\/p>\n","protected":false},"author":2,"featured_media":20825,"comment_status":"open","ping_status":"open","sticky":false,"template":"","format":"standard","meta":{"footnotes":""},"categories":[3],"tags":[],"class_list":["post-20823","post","type-post","status-publish","format-standard","has-post-thumbnail","hentry","category-berazategui"],"featured_image_src":"https:\/\/diarioprincipios.com\/wp-content\/uploads\/2024\/02\/FB_IMG_1708692064086-1024x768.jpg","blog_images":{"medium":"https:\/\/diarioprincipios.com\/wp-content\/uploads\/2024\/02\/FB_IMG_1708692064086-300x225.jpg","large":"https:\/\/diarioprincipios.com\/wp-content\/uploads\/2024\/02\/FB_IMG_1708692064086-1024x768.jpg"},"ams_acf":[],"yoast_head":"<!-- This site is optimized with the Yoast SEO plugin v27.3 - https:\/\/yoast.com\/product\/yoast-seo-wordpress\/ -->\n<title>Gabriel Carril renunci\u00f3 a la Secretar\u00eda Gremial de la Federaci\u00f3n de Municipales - Principios<\/title>\n<meta name=\"robots\" content=\"index, follow, max-snippet:-1, max-image-preview:large, max-video-preview:-1\" \/>\n<link rel=\"canonical\" href=\"https:\/\/diarioprincipios.com\/index.php\/2024\/02\/23\/gabriel-carril-renuncio-a-la-secretaria-gremial-de-la-federacion-de-municipales\/\" \/>\n<meta property=\"og:locale\" content=\"es_ES\" \/>\n<meta property=\"og:type\" content=\"article\" \/>\n<meta property=\"og:title\" content=\"Gabriel Carril renunci\u00f3 a la Secretar\u00eda Gremial de la Federaci\u00f3n de Municipales - Principios\" \/>\n<meta property=\"og:description\" content=\"Gabriel Carril Campusano, Secretario General del Sindicato de Trabajadores Municipales de Berazategui, present\u00f3 su renuncia irrevocable al cargo de Secretario Gremial e Interior de la Federaci\u00f3n de Sindicatos de Trabajadores Municipales de la provincia de Buenos Aires, el cual ocupaba desde noviembre de 2022. La dimisi\u00f3n del dirigente gremial berazateguenses se fundamenta en la discrepancia...\" \/>\n<meta property=\"og:url\" content=\"https:\/\/diarioprincipios.com\/index.php\/2024\/02\/23\/gabriel-carril-renuncio-a-la-secretaria-gremial-de-la-federacion-de-municipales\/\" \/>\n<meta property=\"og:site_name\" content=\"Principios\" \/>\n<meta property=\"article:published_time\" content=\"2024-02-23T12:50:50+00:00\" \/>\n<meta property=\"article:modified_time\" content=\"2024-02-23T12:50:52+00:00\" \/>\n<meta property=\"og:image\" content=\"https:\/\/diarioprincipios.com\/wp-content\/uploads\/2024\/02\/FB_IMG_1708692064086.jpg\" \/>\n\t<meta property=\"og:image:width\" content=\"1080\" \/>\n\t<meta property=\"og:image:height\" content=\"810\" \/>\n\t<meta property=\"og:image:type\" content=\"image\/jpeg\" \/>\n<meta name=\"author\" content=\"Hern\u00e1n L\u00f3pez\" \/>\n<meta name=\"twitter:card\" content=\"summary_large_image\" \/>\n<meta name=\"twitter:label1\" content=\"Escrito por\" \/>\n\t<meta name=\"twitter:data1\" content=\"Hern\u00e1n L\u00f3pez\" \/>\n\t<meta name=\"twitter:label2\" content=\"Tiempo de lectura\" \/>\n\t<meta name=\"twitter:data2\" content=\"1 minuto\" \/>\n<script type=\"application\/ld+json\" class=\"yoast-schema-graph\">{\"@context\":\"https:\\\/\\\/schema.org\",\"@graph\":[{\"@type\":\"Article\",\"@id\":\"https:\\\/\\\/diarioprincipios.com\\\/index.php\\\/2024\\\/02\\\/23\\\/gabriel-carril-renuncio-a-la-secretaria-gremial-de-la-federacion-de-municipales\\\/#article\",\"isPartOf\":{\"@id\":\"https:\\\/\\\/diarioprincipios.com\\\/index.php\\\/2024\\\/02\\\/23\\\/gabriel-carril-renuncio-a-la-secretaria-gremial-de-la-federacion-de-municipales\\\/\"},\"author\":{\"name\":\"Hern\u00e1n L\u00f3pez\",\"@id\":\"https:\\\/\\\/diarioprincipios.com\\\/#\\\/schema\\\/person\\\/436d5a1fd41a5e250e23ff5a6a7cb080\"},\"headline\":\"Gabriel Carril renunci\u00f3 a la Secretar\u00eda Gremial de la Federaci\u00f3n de Municipales\",\"datePublished\":\"2024-02-23T12:50:50+00:00\",\"dateModified\":\"2024-02-23T12:50:52+00:00\",\"mainEntityOfPage\":{\"@id\":\"https:\\\/\\\/diarioprincipios.com\\\/index.php\\\/2024\\\/02\\\/23\\\/gabriel-carril-renuncio-a-la-secretaria-gremial-de-la-federacion-de-municipales\\\/\"},\"wordCount\":184,\"commentCount\":0,\"publisher\":{\"@id\":\"https:\\\/\\\/diarioprincipios.com\\\/#organization\"},\"image\":{\"@id\":\"https:\\\/\\\/diarioprincipios.com\\\/index.php\\\/2024\\\/02\\\/23\\\/gabriel-carril-renuncio-a-la-secretaria-gremial-de-la-federacion-de-municipales\\\/#primaryimage\"},\"thumbnailUrl\":\"https:\\\/\\\/diarioprincipios.com\\\/wp-content\\\/uploads\\\/2024\\\/02\\\/FB_IMG_1708692064086.jpg\",\"articleSection\":[\"Berazategui\"],\"inLanguage\":\"es\",\"potentialAction\":[{\"@type\":\"CommentAction\",\"name\":\"Comment\",\"target\":[\"https:\\\/\\\/diarioprincipios.com\\\/index.php\\\/2024\\\/02\\\/23\\\/gabriel-carril-renuncio-a-la-secretaria-gremial-de-la-federacion-de-municipales\\\/#respond\"]}]},{\"@type\":\"WebPage\",\"@id\":\"https:\\\/\\\/diarioprincipios.com\\\/index.php\\\/2024\\\/02\\\/23\\\/gabriel-carril-renuncio-a-la-secretaria-gremial-de-la-federacion-de-municipales\\\/\",\"url\":\"https:\\\/\\\/diarioprincipios.com\\\/index.php\\\/2024\\\/02\\\/23\\\/gabriel-carril-renuncio-a-la-secretaria-gremial-de-la-federacion-de-municipales\\\/\",\"name\":\"Gabriel Carril renunci\u00f3 a la Secretar\u00eda Gremial de la Federaci\u00f3n de Municipales - Principios\",\"isPartOf\":{\"@id\":\"https:\\\/\\\/diarioprincipios.com\\\/#website\"},\"primaryImageOfPage\":{\"@id\":\"https:\\\/\\\/diarioprincipios.com\\\/index.php\\\/2024\\\/02\\\/23\\\/gabriel-carril-renuncio-a-la-secretaria-gremial-de-la-federacion-de-municipales\\\/#primaryimage\"},\"image\":{\"@id\":\"https:\\\/\\\/diarioprincipios.com\\\/index.php\\\/2024\\\/02\\\/23\\\/gabriel-carril-renuncio-a-la-secretaria-gremial-de-la-federacion-de-municipales\\\/#primaryimage\"},\"thumbnailUrl\":\"https:\\\/\\\/diarioprincipios.com\\\/wp-content\\\/uploads\\\/2024\\\/02\\\/FB_IMG_1708692064086.jpg\",\"datePublished\":\"2024-02-23T12:50:50+00:00\",\"dateModified\":\"2024-02-23T12:50:52+00:00\",\"breadcrumb\":{\"@id\":\"https:\\\/\\\/diarioprincipios.com\\\/index.php\\\/2024\\\/02\\\/23\\\/gabriel-carril-renuncio-a-la-secretaria-gremial-de-la-federacion-de-municipales\\\/#breadcrumb\"},\"inLanguage\":\"es\",\"potentialAction\":[{\"@type\":\"ReadAction\",\"target\":[\"https:\\\/\\\/diarioprincipios.com\\\/index.php\\\/2024\\\/02\\\/23\\\/gabriel-carril-renuncio-a-la-secretaria-gremial-de-la-federacion-de-municipales\\\/\"]}]},{\"@type\":\"ImageObject\",\"inLanguage\":\"es\",\"@id\":\"https:\\\/\\\/diarioprincipios.com\\\/index.php\\\/2024\\\/02\\\/23\\\/gabriel-carril-renuncio-a-la-secretaria-gremial-de-la-federacion-de-municipales\\\/#primaryimage\",\"url\":\"https:\\\/\\\/diarioprincipios.com\\\/wp-content\\\/uploads\\\/2024\\\/02\\\/FB_IMG_1708692064086.jpg\",\"contentUrl\":\"https:\\\/\\\/diarioprincipios.com\\\/wp-content\\\/uploads\\\/2024\\\/02\\\/FB_IMG_1708692064086.jpg\",\"width\":1080,\"height\":810},{\"@type\":\"BreadcrumbList\",\"@id\":\"https:\\\/\\\/diarioprincipios.com\\\/index.php\\\/2024\\\/02\\\/23\\\/gabriel-carril-renuncio-a-la-secretaria-gremial-de-la-federacion-de-municipales\\\/#breadcrumb\",\"itemListElement\":[{\"@type\":\"ListItem\",\"position\":1,\"name\":\"Portada\",\"item\":\"https:\\\/\\\/diarioprincipios.com\\\/\"},{\"@type\":\"ListItem\",\"position\":2,\"name\":\"Gabriel Carril renunci\u00f3 a la Secretar\u00eda Gremial de la Federaci\u00f3n de Municipales\"}]},{\"@type\":\"WebSite\",\"@id\":\"https:\\\/\\\/diarioprincipios.com\\\/#website\",\"url\":\"https:\\\/\\\/diarioprincipios.com\\\/\",\"name\":\"Principios\",\"description\":\"Principios Diario\",\"publisher\":{\"@id\":\"https:\\\/\\\/diarioprincipios.com\\\/#organization\"},\"potentialAction\":[{\"@type\":\"SearchAction\",\"target\":{\"@type\":\"EntryPoint\",\"urlTemplate\":\"https:\\\/\\\/diarioprincipios.com\\\/?s={search_term_string}\"},\"query-input\":{\"@type\":\"PropertyValueSpecification\",\"valueRequired\":true,\"valueName\":\"search_term_string\"}}],\"inLanguage\":\"es\"},{\"@type\":\"Organization\",\"@id\":\"https:\\\/\\\/diarioprincipios.com\\\/#organization\",\"name\":\"Principios\",\"url\":\"https:\\\/\\\/diarioprincipios.com\\\/\",\"logo\":{\"@type\":\"ImageObject\",\"inLanguage\":\"es\",\"@id\":\"https:\\\/\\\/diarioprincipios.com\\\/#\\\/schema\\\/logo\\\/image\\\/\",\"url\":\"https:\\\/\\\/diarioprincipios.com\\\/wp-content\\\/uploads\\\/2024\\\/04\\\/cropped-www.diarioprincipios.com_-1.png\",\"contentUrl\":\"https:\\\/\\\/diarioprincipios.com\\\/wp-content\\\/uploads\\\/2024\\\/04\\\/cropped-www.diarioprincipios.com_-1.png\",\"width\":5325,\"height\":1454,\"caption\":\"Principios\"},\"image\":{\"@id\":\"https:\\\/\\\/diarioprincipios.com\\\/#\\\/schema\\\/logo\\\/image\\\/\"}},{\"@type\":\"Person\",\"@id\":\"https:\\\/\\\/diarioprincipios.com\\\/#\\\/schema\\\/person\\\/436d5a1fd41a5e250e23ff5a6a7cb080\",\"name\":\"Hern\u00e1n L\u00f3pez\",\"image\":{\"@type\":\"ImageObject\",\"inLanguage\":\"es\",\"@id\":\"https:\\\/\\\/diarioprincipios.com\\\/wp-content\\\/litespeed\\\/avatar\\\/11ddfe5610ff3bd100522525b2571f48.jpg?ver=1777653193\",\"url\":\"https:\\\/\\\/diarioprincipios.com\\\/wp-content\\\/litespeed\\\/avatar\\\/11ddfe5610ff3bd100522525b2571f48.jpg?ver=1777653193\",\"contentUrl\":\"https:\\\/\\\/diarioprincipios.com\\\/wp-content\\\/litespeed\\\/avatar\\\/11ddfe5610ff3bd100522525b2571f48.jpg?ver=1777653193\",\"caption\":\"Hern\u00e1n L\u00f3pez\"},\"url\":\"https:\\\/\\\/diarioprincipios.com\\\/index.php\\\/author\\\/hernan\\\/\"}]}<\/script>\n<!-- \/ Yoast SEO plugin. -->","yoast_head_json":{"title":"Gabriel Carril renunci\u00f3 a la Secretar\u00eda Gremial de la Federaci\u00f3n de Municipales - Principios","robots":{"index":"index","follow":"follow","max-snippet":"max-snippet:-1","max-image-preview":"max-image-preview:large","max-video-preview":"max-video-preview:-1"},"canonical":"https:\/\/diarioprincipios.com\/index.php\/2024\/02\/23\/gabriel-carril-renuncio-a-la-secretaria-gremial-de-la-federacion-de-municipales\/","og_locale":"es_ES","og_type":"article","og_title":"Gabriel Carril renunci\u00f3 a la Secretar\u00eda Gremial de la Federaci\u00f3n de Municipales - Principios","og_description":"Gabriel Carril Campusano, Secretario General del Sindicato de Trabajadores Municipales de Berazategui, present\u00f3 su renuncia irrevocable al cargo de Secretario Gremial e Interior de la Federaci\u00f3n de Sindicatos de Trabajadores Municipales de la provincia de Buenos Aires, el cual ocupaba desde noviembre de 2022. La dimisi\u00f3n del dirigente gremial berazateguenses se fundamenta en la discrepancia...","og_url":"https:\/\/diarioprincipios.com\/index.php\/2024\/02\/23\/gabriel-carril-renuncio-a-la-secretaria-gremial-de-la-federacion-de-municipales\/","og_site_name":"Principios","article_published_time":"2024-02-23T12:50:50+00:00","article_modified_time":"2024-02-23T12:50:52+00:00","og_image":[{"width":1080,"height":810,"url":"https:\/\/diarioprincipios.com\/wp-content\/uploads\/2024\/02\/FB_IMG_1708692064086.jpg","type":"image\/jpeg"}],"author":"Hern\u00e1n L\u00f3pez","twitter_card":"summary_large_image","twitter_misc":{"Escrito por":"Hern\u00e1n L\u00f3pez","Tiempo de lectura":"1 minuto"},"schema":{"@context":"https:\/\/schema.org","@graph":[{"@type":"Article","@id":"https:\/\/diarioprincipios.com\/index.php\/2024\/02\/23\/gabriel-carril-renuncio-a-la-secretaria-gremial-de-la-federacion-de-municipales\/#article","isPartOf":{"@id":"https:\/\/diarioprincipios.com\/index.php\/2024\/02\/23\/gabriel-carril-renuncio-a-la-secretaria-gremial-de-la-federacion-de-municipales\/"},"author":{"name":"Hern\u00e1n L\u00f3pez","@id":"https:\/\/diarioprincipios.com\/#\/schema\/person\/436d5a1fd41a5e250e23ff5a6a7cb080"},"headline":"Gabriel Carril renunci\u00f3 a la Secretar\u00eda Gremial de la Federaci\u00f3n de Municipales","datePublished":"2024-02-23T12:50:50+00:00","dateModified":"2024-02-23T12:50:52+00:00","mainEntityOfPage":{"@id":"https:\/\/diarioprincipios.com\/index.php\/2024\/02\/23\/gabriel-carril-renuncio-a-la-secretaria-gremial-de-la-federacion-de-municipales\/"},"wordCount":184,"commentCount":0,"publisher":{"@id":"https:\/\/diarioprincipios.com\/#organization"},"image":{"@id":"https:\/\/diarioprincipios.com\/index.php\/2024\/02\/23\/gabriel-carril-renuncio-a-la-secretaria-gremial-de-la-federacion-de-municipales\/#primaryimage"},"thumbnailUrl":"https:\/\/diarioprincipios.com\/wp-content\/uploads\/2024\/02\/FB_IMG_1708692064086.jpg","articleSection":["Berazategui"],"inLanguage":"es","potentialAction":[{"@type":"CommentAction","name":"Comment","target":["https:\/\/diarioprincipios.com\/index.php\/2024\/02\/23\/gabriel-carril-renuncio-a-la-secretaria-gremial-de-la-federacion-de-municipales\/#respond"]}]},{"@type":"WebPage","@id":"https:\/\/diarioprincipios.com\/index.php\/2024\/02\/23\/gabriel-carril-renuncio-a-la-secretaria-gremial-de-la-federacion-de-municipales\/","url":"https:\/\/diarioprincipios.com\/index.php\/2024\/02\/23\/gabriel-carril-renuncio-a-la-secretaria-gremial-de-la-federacion-de-municipales\/","name":"Gabriel Carril renunci\u00f3 a la Secretar\u00eda Gremial de la Federaci\u00f3n de Municipales - Principios","isPartOf":{"@id":"https:\/\/diarioprincipios.com\/#website"},"primaryImageOfPage":{"@id":"https:\/\/diarioprincipios.com\/index.php\/2024\/02\/23\/gabriel-carril-renuncio-a-la-secretaria-gremial-de-la-federacion-de-municipales\/#primaryimage"},"image":{"@id":"https:\/\/diarioprincipios.com\/index.php\/2024\/02\/23\/gabriel-carril-renuncio-a-la-secretaria-gremial-de-la-federacion-de-municipales\/#primaryimage"},"thumbnailUrl":"https:\/\/diarioprincipios.com\/wp-content\/uploads\/2024\/02\/FB_IMG_1708692064086.jpg","datePublished":"2024-02-23T12:50:50+00:00","dateModified":"2024-02-23T12:50:52+00:00","breadcrumb":{"@id":"https:\/\/diarioprincipios.com\/index.php\/2024\/02\/23\/gabriel-carril-renuncio-a-la-secretaria-gremial-de-la-federacion-de-municipales\/#breadcrumb"},"inLanguage":"es","potentialAction":[{"@type":"ReadAction","target":["https:\/\/diarioprincipios.com\/index.php\/2024\/02\/23\/gabriel-carril-renuncio-a-la-secretaria-gremial-de-la-federacion-de-municipales\/"]}]},{"@type":"ImageObject","inLanguage":"es","@id":"https:\/\/diarioprincipios.com\/index.php\/2024\/02\/23\/gabriel-carril-renuncio-a-la-secretaria-gremial-de-la-federacion-de-municipales\/#primaryimage","url":"https:\/\/diarioprincipios.com\/wp-content\/uploads\/2024\/02\/FB_IMG_1708692064086.jpg","contentUrl":"https:\/\/diarioprincipios.com\/wp-content\/uploads\/2024\/02\/FB_IMG_1708692064086.jpg","width":1080,"height":810},{"@type":"BreadcrumbList","@id":"https:\/\/diarioprincipios.com\/index.php\/2024\/02\/23\/gabriel-carril-renuncio-a-la-secretaria-gremial-de-la-federacion-de-municipales\/#breadcrumb","itemListElement":[{"@type":"ListItem","position":1,"name":"Portada","item":"https:\/\/diarioprincipios.com\/"},{"@type":"ListItem","position":2,"name":"Gabriel Carril renunci\u00f3 a la Secretar\u00eda Gremial de la Federaci\u00f3n de Municipales"}]},{"@type":"WebSite","@id":"https:\/\/diarioprincipios.com\/#website","url":"https:\/\/diarioprincipios.com\/","name":"Principios","description":"Principios Diario","publisher":{"@id":"https:\/\/diarioprincipios.com\/#organization"},"potentialAction":[{"@type":"SearchAction","target":{"@type":"EntryPoint","urlTemplate":"https:\/\/diarioprincipios.com\/?s={search_term_string}"},"query-input":{"@type":"PropertyValueSpecification","valueRequired":true,"valueName":"search_term_string"}}],"inLanguage":"es"},{"@type":"Organization","@id":"https:\/\/diarioprincipios.com\/#organization","name":"Principios","url":"https:\/\/diarioprincipios.com\/","logo":{"@type":"ImageObject","inLanguage":"es","@id":"https:\/\/diarioprincipios.com\/#\/schema\/logo\/image\/","url":"https:\/\/diarioprincipios.com\/wp-content\/uploads\/2024\/04\/cropped-www.diarioprincipios.com_-1.png","contentUrl":"https:\/\/diarioprincipios.com\/wp-content\/uploads\/2024\/04\/cropped-www.diarioprincipios.com_-1.png","width":5325,"height":1454,"caption":"Principios"},"image":{"@id":"https:\/\/diarioprincipios.com\/#\/schema\/logo\/image\/"}},{"@type":"Person","@id":"https:\/\/diarioprincipios.com\/#\/schema\/person\/436d5a1fd41a5e250e23ff5a6a7cb080","name":"Hern\u00e1n L\u00f3pez","image":{"@type":"ImageObject","inLanguage":"es","@id":"https:\/\/diarioprincipios.com\/wp-content\/litespeed\/avatar\/11ddfe5610ff3bd100522525b2571f48.jpg?ver=1777653193","url":"https:\/\/diarioprincipios.com\/wp-content\/litespeed\/avatar\/11ddfe5610ff3bd100522525b2571f48.jpg?ver=1777653193","contentUrl":"https:\/\/diarioprincipios.com\/wp-content\/litespeed\/avatar\/11ddfe5610ff3bd100522525b2571f48.jpg?ver=1777653193","caption":"Hern\u00e1n L\u00f3pez"},"url":"https:\/\/diarioprincipios.com\/index.php\/author\/hernan\/"}]}},"jetpack_featured_media_url":"https:\/\/diarioprincipios.com\/wp-content\/uploads\/2024\/02\/FB_IMG_1708692064086.jpg","_links":{"self":[{"href":"https:\/\/diarioprincipios.com\/index.php\/wp-json\/wp\/v2\/posts\/20823","targetHints":{"allow":["GET"]}}],"collection":[{"href":"https:\/\/diarioprincipios.com\/index.php\/wp-json\/wp\/v2\/posts"}],"about":[{"href":"https:\/\/diarioprincipios.com\/index.php\/wp-json\/wp\/v2\/types\/post"}],"author":[{"embeddable":true,"href":"https:\/\/diarioprincipios.com\/index.php\/wp-json\/wp\/v2\/users\/2"}],"replies":[{"embeddable":true,"href":"https:\/\/diarioprincipios.com\/index.php\/wp-json\/wp\/v2\/comments?post=20823"}],"version-history":[{"count":1,"href":"https:\/\/diarioprincipios.com\/index.php\/wp-json\/wp\/v2\/posts\/20823\/revisions"}],"predecessor-version":[{"id":20826,"href":"https:\/\/diarioprincipios.com\/index.php\/wp-json\/wp\/v2\/posts\/20823\/revisions\/20826"}],"wp:featuredmedia":[{"embeddable":true,"href":"https:\/\/diarioprincipios.com\/index.php\/wp-json\/wp\/v2\/media\/20825"}],"wp:attachment":[{"href":"https:\/\/diarioprincipios.com\/index.php\/wp-json\/wp\/v2\/media?parent=20823"}],"wp:term":[{"taxonomy":"category","embeddable":true,"href":"https:\/\/diarioprincipios.com\/index.php\/wp-json\/wp\/v2\/categories?post=20823"},{"taxonomy":"post_tag","embeddable":true,"href":"https:\/\/diarioprincipios.com\/index.php\/wp-json\/wp\/v2\/tags?post=20823"}],"curies":[{"name":"wp","href":"https:\/\/api.w.org\/{rel}","templated":true}]}}