{"id":20796,"date":"2024-02-22T12:26:44","date_gmt":"2024-02-22T15:26:44","guid":{"rendered":"http:\/\/diarioprincipios.com\/?p=20796"},"modified":"2024-02-22T12:26:46","modified_gmt":"2024-02-22T15:26:46","slug":"mussi-encabezara-acto-en-conmemoracion-del-natalicio-de-nestor-kirchner","status":"publish","type":"post","link":"https:\/\/diarioprincipios.com\/index.php\/2024\/02\/22\/mussi-encabezara-acto-en-conmemoracion-del-natalicio-de-nestor-kirchner\/","title":{"rendered":"Mussi encabezar\u00e1 acto en conmemoraci\u00f3n del natalicio de N\u00e9stor Kirchner"},"content":{"rendered":"\n<p>El pr\u00f3ximo domingo, 25 de febrero, el doctor Juan Jos\u00e9 Mussi, en su car\u00e1cter de presidente del Partido Justicialista de Berazategui, encabezar\u00e1 un acto en conmemoraci\u00f3n del Natalicio de Nestor Kirchner.<\/p>\n\n\n\n<p>La convocatoria es a la 10:30 horas en la plaza de los Bustos ( Av 14 y 145) y dado el contexto social y pol\u00edtico que se vive se espera una importante participaci\u00f3n.<\/p>\n","protected":false},"excerpt":{"rendered":"<p>El pr\u00f3ximo domingo, 25 de febrero, el doctor Juan Jos\u00e9 Mussi, en su car\u00e1cter de presidente del Partido Justicialista de Berazategui, encabezar\u00e1 un acto en conmemoraci\u00f3n del Natalicio de Nestor Kirchner. La convocatoria es a la 10:30 horas en la plaza de los Bustos ( Av 14 y 145) y dado el contexto social y&#8230;<\/p>\n","protected":false},"author":2,"featured_media":20797,"comment_status":"open","ping_status":"open","sticky":false,"template":"","format":"standard","meta":{"footnotes":""},"categories":[3],"tags":[],"class_list":["post-20796","post","type-post","status-publish","format-standard","has-post-thumbnail","hentry","category-berazategui"],"featured_image_src":"https:\/\/diarioprincipios.com\/wp-content\/uploads\/2024\/02\/Screenshot_20240222_122405_WhatsApp-772x1024.jpg","blog_images":{"medium":"https:\/\/diarioprincipios.com\/wp-content\/uploads\/2024\/02\/Screenshot_20240222_122405_WhatsApp-226x300.jpg","large":"https:\/\/diarioprincipios.com\/wp-content\/uploads\/2024\/02\/Screenshot_20240222_122405_WhatsApp-772x1024.jpg"},"ams_acf":[],"yoast_head":"<!-- This site is optimized with the Yoast SEO plugin v27.3 - https:\/\/yoast.com\/product\/yoast-seo-wordpress\/ -->\n<title>Mussi encabezar\u00e1 acto en conmemoraci\u00f3n del natalicio de N\u00e9stor Kirchner - Principios<\/title>\n<meta name=\"robots\" content=\"index, follow, max-snippet:-1, max-image-preview:large, max-video-preview:-1\" \/>\n<link rel=\"canonical\" href=\"https:\/\/diarioprincipios.com\/index.php\/2024\/02\/22\/mussi-encabezara-acto-en-conmemoracion-del-natalicio-de-nestor-kirchner\/\" \/>\n<meta property=\"og:locale\" content=\"es_ES\" \/>\n<meta property=\"og:type\" content=\"article\" \/>\n<meta property=\"og:title\" content=\"Mussi encabezar\u00e1 acto en conmemoraci\u00f3n del natalicio de N\u00e9stor Kirchner - Principios\" \/>\n<meta property=\"og:description\" content=\"El pr\u00f3ximo domingo, 25 de febrero, el doctor Juan Jos\u00e9 Mussi, en su car\u00e1cter de presidente del Partido Justicialista de Berazategui, encabezar\u00e1 un acto en conmemoraci\u00f3n del Natalicio de Nestor Kirchner. La convocatoria es a la 10:30 horas en la plaza de los Bustos ( Av 14 y 145) y dado el contexto social y...\" \/>\n<meta property=\"og:url\" content=\"https:\/\/diarioprincipios.com\/index.php\/2024\/02\/22\/mussi-encabezara-acto-en-conmemoracion-del-natalicio-de-nestor-kirchner\/\" \/>\n<meta property=\"og:site_name\" content=\"Principios\" \/>\n<meta property=\"article:published_time\" content=\"2024-02-22T15:26:44+00:00\" \/>\n<meta property=\"article:modified_time\" content=\"2024-02-22T15:26:46+00:00\" \/>\n<meta property=\"og:image\" content=\"https:\/\/diarioprincipios.com\/wp-content\/uploads\/2024\/02\/Screenshot_20240222_122405_WhatsApp.jpg\" \/>\n\t<meta property=\"og:image:width\" content=\"1079\" \/>\n\t<meta property=\"og:image:height\" content=\"1432\" \/>\n\t<meta property=\"og:image:type\" content=\"image\/jpeg\" \/>\n<meta name=\"author\" content=\"Hern\u00e1n L\u00f3pez\" \/>\n<meta name=\"twitter:card\" content=\"summary_large_image\" \/>\n<meta name=\"twitter:label1\" content=\"Escrito por\" \/>\n\t<meta name=\"twitter:data1\" content=\"Hern\u00e1n L\u00f3pez\" \/>\n\t<meta name=\"twitter:label2\" content=\"Tiempo de lectura\" \/>\n\t<meta name=\"twitter:data2\" content=\"1 minuto\" \/>\n<script type=\"application\/ld+json\" class=\"yoast-schema-graph\">{\"@context\":\"https:\\\/\\\/schema.org\",\"@graph\":[{\"@type\":\"Article\",\"@id\":\"https:\\\/\\\/diarioprincipios.com\\\/index.php\\\/2024\\\/02\\\/22\\\/mussi-encabezara-acto-en-conmemoracion-del-natalicio-de-nestor-kirchner\\\/#article\",\"isPartOf\":{\"@id\":\"https:\\\/\\\/diarioprincipios.com\\\/index.php\\\/2024\\\/02\\\/22\\\/mussi-encabezara-acto-en-conmemoracion-del-natalicio-de-nestor-kirchner\\\/\"},\"author\":{\"name\":\"Hern\u00e1n L\u00f3pez\",\"@id\":\"https:\\\/\\\/diarioprincipios.com\\\/#\\\/schema\\\/person\\\/436d5a1fd41a5e250e23ff5a6a7cb080\"},\"headline\":\"Mussi encabezar\u00e1 acto en conmemoraci\u00f3n del natalicio de N\u00e9stor Kirchner\",\"datePublished\":\"2024-02-22T15:26:44+00:00\",\"dateModified\":\"2024-02-22T15:26:46+00:00\",\"mainEntityOfPage\":{\"@id\":\"https:\\\/\\\/diarioprincipios.com\\\/index.php\\\/2024\\\/02\\\/22\\\/mussi-encabezara-acto-en-conmemoracion-del-natalicio-de-nestor-kirchner\\\/\"},\"wordCount\":76,\"commentCount\":0,\"publisher\":{\"@id\":\"https:\\\/\\\/diarioprincipios.com\\\/#organization\"},\"image\":{\"@id\":\"https:\\\/\\\/diarioprincipios.com\\\/index.php\\\/2024\\\/02\\\/22\\\/mussi-encabezara-acto-en-conmemoracion-del-natalicio-de-nestor-kirchner\\\/#primaryimage\"},\"thumbnailUrl\":\"https:\\\/\\\/diarioprincipios.com\\\/wp-content\\\/uploads\\\/2024\\\/02\\\/Screenshot_20240222_122405_WhatsApp.jpg\",\"articleSection\":[\"Berazategui\"],\"inLanguage\":\"es\",\"potentialAction\":[{\"@type\":\"CommentAction\",\"name\":\"Comment\",\"target\":[\"https:\\\/\\\/diarioprincipios.com\\\/index.php\\\/2024\\\/02\\\/22\\\/mussi-encabezara-acto-en-conmemoracion-del-natalicio-de-nestor-kirchner\\\/#respond\"]}]},{\"@type\":\"WebPage\",\"@id\":\"https:\\\/\\\/diarioprincipios.com\\\/index.php\\\/2024\\\/02\\\/22\\\/mussi-encabezara-acto-en-conmemoracion-del-natalicio-de-nestor-kirchner\\\/\",\"url\":\"https:\\\/\\\/diarioprincipios.com\\\/index.php\\\/2024\\\/02\\\/22\\\/mussi-encabezara-acto-en-conmemoracion-del-natalicio-de-nestor-kirchner\\\/\",\"name\":\"Mussi encabezar\u00e1 acto en conmemoraci\u00f3n del natalicio de N\u00e9stor Kirchner - Principios\",\"isPartOf\":{\"@id\":\"https:\\\/\\\/diarioprincipios.com\\\/#website\"},\"primaryImageOfPage\":{\"@id\":\"https:\\\/\\\/diarioprincipios.com\\\/index.php\\\/2024\\\/02\\\/22\\\/mussi-encabezara-acto-en-conmemoracion-del-natalicio-de-nestor-kirchner\\\/#primaryimage\"},\"image\":{\"@id\":\"https:\\\/\\\/diarioprincipios.com\\\/index.php\\\/2024\\\/02\\\/22\\\/mussi-encabezara-acto-en-conmemoracion-del-natalicio-de-nestor-kirchner\\\/#primaryimage\"},\"thumbnailUrl\":\"https:\\\/\\\/diarioprincipios.com\\\/wp-content\\\/uploads\\\/2024\\\/02\\\/Screenshot_20240222_122405_WhatsApp.jpg\",\"datePublished\":\"2024-02-22T15:26:44+00:00\",\"dateModified\":\"2024-02-22T15:26:46+00:00\",\"breadcrumb\":{\"@id\":\"https:\\\/\\\/diarioprincipios.com\\\/index.php\\\/2024\\\/02\\\/22\\\/mussi-encabezara-acto-en-conmemoracion-del-natalicio-de-nestor-kirchner\\\/#breadcrumb\"},\"inLanguage\":\"es\",\"potentialAction\":[{\"@type\":\"ReadAction\",\"target\":[\"https:\\\/\\\/diarioprincipios.com\\\/index.php\\\/2024\\\/02\\\/22\\\/mussi-encabezara-acto-en-conmemoracion-del-natalicio-de-nestor-kirchner\\\/\"]}]},{\"@type\":\"ImageObject\",\"inLanguage\":\"es\",\"@id\":\"https:\\\/\\\/diarioprincipios.com\\\/index.php\\\/2024\\\/02\\\/22\\\/mussi-encabezara-acto-en-conmemoracion-del-natalicio-de-nestor-kirchner\\\/#primaryimage\",\"url\":\"https:\\\/\\\/diarioprincipios.com\\\/wp-content\\\/uploads\\\/2024\\\/02\\\/Screenshot_20240222_122405_WhatsApp.jpg\",\"contentUrl\":\"https:\\\/\\\/diarioprincipios.com\\\/wp-content\\\/uploads\\\/2024\\\/02\\\/Screenshot_20240222_122405_WhatsApp.jpg\",\"width\":1079,\"height\":1432},{\"@type\":\"BreadcrumbList\",\"@id\":\"https:\\\/\\\/diarioprincipios.com\\\/index.php\\\/2024\\\/02\\\/22\\\/mussi-encabezara-acto-en-conmemoracion-del-natalicio-de-nestor-kirchner\\\/#breadcrumb\",\"itemListElement\":[{\"@type\":\"ListItem\",\"position\":1,\"name\":\"Portada\",\"item\":\"https:\\\/\\\/diarioprincipios.com\\\/\"},{\"@type\":\"ListItem\",\"position\":2,\"name\":\"Mussi encabezar\u00e1 acto en conmemoraci\u00f3n del natalicio de N\u00e9stor Kirchner\"}]},{\"@type\":\"WebSite\",\"@id\":\"https:\\\/\\\/diarioprincipios.com\\\/#website\",\"url\":\"https:\\\/\\\/diarioprincipios.com\\\/\",\"name\":\"Principios\",\"description\":\"Principios Diario\",\"publisher\":{\"@id\":\"https:\\\/\\\/diarioprincipios.com\\\/#organization\"},\"potentialAction\":[{\"@type\":\"SearchAction\",\"target\":{\"@type\":\"EntryPoint\",\"urlTemplate\":\"https:\\\/\\\/diarioprincipios.com\\\/?s={search_term_string}\"},\"query-input\":{\"@type\":\"PropertyValueSpecification\",\"valueRequired\":true,\"valueName\":\"search_term_string\"}}],\"inLanguage\":\"es\"},{\"@type\":\"Organization\",\"@id\":\"https:\\\/\\\/diarioprincipios.com\\\/#organization\",\"name\":\"Principios\",\"url\":\"https:\\\/\\\/diarioprincipios.com\\\/\",\"logo\":{\"@type\":\"ImageObject\",\"inLanguage\":\"es\",\"@id\":\"https:\\\/\\\/diarioprincipios.com\\\/#\\\/schema\\\/logo\\\/image\\\/\",\"url\":\"https:\\\/\\\/diarioprincipios.com\\\/wp-content\\\/uploads\\\/2024\\\/04\\\/cropped-www.diarioprincipios.com_-1.png\",\"contentUrl\":\"https:\\\/\\\/diarioprincipios.com\\\/wp-content\\\/uploads\\\/2024\\\/04\\\/cropped-www.diarioprincipios.com_-1.png\",\"width\":5325,\"height\":1454,\"caption\":\"Principios\"},\"image\":{\"@id\":\"https:\\\/\\\/diarioprincipios.com\\\/#\\\/schema\\\/logo\\\/image\\\/\"}},{\"@type\":\"Person\",\"@id\":\"https:\\\/\\\/diarioprincipios.com\\\/#\\\/schema\\\/person\\\/436d5a1fd41a5e250e23ff5a6a7cb080\",\"name\":\"Hern\u00e1n L\u00f3pez\",\"image\":{\"@type\":\"ImageObject\",\"inLanguage\":\"es\",\"@id\":\"https:\\\/\\\/diarioprincipios.com\\\/wp-content\\\/litespeed\\\/avatar\\\/11ddfe5610ff3bd100522525b2571f48.jpg?ver=1777653193\",\"url\":\"https:\\\/\\\/diarioprincipios.com\\\/wp-content\\\/litespeed\\\/avatar\\\/11ddfe5610ff3bd100522525b2571f48.jpg?ver=1777653193\",\"contentUrl\":\"https:\\\/\\\/diarioprincipios.com\\\/wp-content\\\/litespeed\\\/avatar\\\/11ddfe5610ff3bd100522525b2571f48.jpg?ver=1777653193\",\"caption\":\"Hern\u00e1n L\u00f3pez\"},\"url\":\"https:\\\/\\\/diarioprincipios.com\\\/index.php\\\/author\\\/hernan\\\/\"}]}<\/script>\n<!-- \/ Yoast SEO plugin. -->","yoast_head_json":{"title":"Mussi encabezar\u00e1 acto en conmemoraci\u00f3n del natalicio de N\u00e9stor Kirchner - Principios","robots":{"index":"index","follow":"follow","max-snippet":"max-snippet:-1","max-image-preview":"max-image-preview:large","max-video-preview":"max-video-preview:-1"},"canonical":"https:\/\/diarioprincipios.com\/index.php\/2024\/02\/22\/mussi-encabezara-acto-en-conmemoracion-del-natalicio-de-nestor-kirchner\/","og_locale":"es_ES","og_type":"article","og_title":"Mussi encabezar\u00e1 acto en conmemoraci\u00f3n del natalicio de N\u00e9stor Kirchner - Principios","og_description":"El pr\u00f3ximo domingo, 25 de febrero, el doctor Juan Jos\u00e9 Mussi, en su car\u00e1cter de presidente del Partido Justicialista de Berazategui, encabezar\u00e1 un acto en conmemoraci\u00f3n del Natalicio de Nestor Kirchner. La convocatoria es a la 10:30 horas en la plaza de los Bustos ( Av 14 y 145) y dado el contexto social y...","og_url":"https:\/\/diarioprincipios.com\/index.php\/2024\/02\/22\/mussi-encabezara-acto-en-conmemoracion-del-natalicio-de-nestor-kirchner\/","og_site_name":"Principios","article_published_time":"2024-02-22T15:26:44+00:00","article_modified_time":"2024-02-22T15:26:46+00:00","og_image":[{"width":1079,"height":1432,"url":"https:\/\/diarioprincipios.com\/wp-content\/uploads\/2024\/02\/Screenshot_20240222_122405_WhatsApp.jpg","type":"image\/jpeg"}],"author":"Hern\u00e1n L\u00f3pez","twitter_card":"summary_large_image","twitter_misc":{"Escrito por":"Hern\u00e1n L\u00f3pez","Tiempo de lectura":"1 minuto"},"schema":{"@context":"https:\/\/schema.org","@graph":[{"@type":"Article","@id":"https:\/\/diarioprincipios.com\/index.php\/2024\/02\/22\/mussi-encabezara-acto-en-conmemoracion-del-natalicio-de-nestor-kirchner\/#article","isPartOf":{"@id":"https:\/\/diarioprincipios.com\/index.php\/2024\/02\/22\/mussi-encabezara-acto-en-conmemoracion-del-natalicio-de-nestor-kirchner\/"},"author":{"name":"Hern\u00e1n L\u00f3pez","@id":"https:\/\/diarioprincipios.com\/#\/schema\/person\/436d5a1fd41a5e250e23ff5a6a7cb080"},"headline":"Mussi encabezar\u00e1 acto en conmemoraci\u00f3n del natalicio de N\u00e9stor Kirchner","datePublished":"2024-02-22T15:26:44+00:00","dateModified":"2024-02-22T15:26:46+00:00","mainEntityOfPage":{"@id":"https:\/\/diarioprincipios.com\/index.php\/2024\/02\/22\/mussi-encabezara-acto-en-conmemoracion-del-natalicio-de-nestor-kirchner\/"},"wordCount":76,"commentCount":0,"publisher":{"@id":"https:\/\/diarioprincipios.com\/#organization"},"image":{"@id":"https:\/\/diarioprincipios.com\/index.php\/2024\/02\/22\/mussi-encabezara-acto-en-conmemoracion-del-natalicio-de-nestor-kirchner\/#primaryimage"},"thumbnailUrl":"https:\/\/diarioprincipios.com\/wp-content\/uploads\/2024\/02\/Screenshot_20240222_122405_WhatsApp.jpg","articleSection":["Berazategui"],"inLanguage":"es","potentialAction":[{"@type":"CommentAction","name":"Comment","target":["https:\/\/diarioprincipios.com\/index.php\/2024\/02\/22\/mussi-encabezara-acto-en-conmemoracion-del-natalicio-de-nestor-kirchner\/#respond"]}]},{"@type":"WebPage","@id":"https:\/\/diarioprincipios.com\/index.php\/2024\/02\/22\/mussi-encabezara-acto-en-conmemoracion-del-natalicio-de-nestor-kirchner\/","url":"https:\/\/diarioprincipios.com\/index.php\/2024\/02\/22\/mussi-encabezara-acto-en-conmemoracion-del-natalicio-de-nestor-kirchner\/","name":"Mussi encabezar\u00e1 acto en conmemoraci\u00f3n del natalicio de N\u00e9stor Kirchner - Principios","isPartOf":{"@id":"https:\/\/diarioprincipios.com\/#website"},"primaryImageOfPage":{"@id":"https:\/\/diarioprincipios.com\/index.php\/2024\/02\/22\/mussi-encabezara-acto-en-conmemoracion-del-natalicio-de-nestor-kirchner\/#primaryimage"},"image":{"@id":"https:\/\/diarioprincipios.com\/index.php\/2024\/02\/22\/mussi-encabezara-acto-en-conmemoracion-del-natalicio-de-nestor-kirchner\/#primaryimage"},"thumbnailUrl":"https:\/\/diarioprincipios.com\/wp-content\/uploads\/2024\/02\/Screenshot_20240222_122405_WhatsApp.jpg","datePublished":"2024-02-22T15:26:44+00:00","dateModified":"2024-02-22T15:26:46+00:00","breadcrumb":{"@id":"https:\/\/diarioprincipios.com\/index.php\/2024\/02\/22\/mussi-encabezara-acto-en-conmemoracion-del-natalicio-de-nestor-kirchner\/#breadcrumb"},"inLanguage":"es","potentialAction":[{"@type":"ReadAction","target":["https:\/\/diarioprincipios.com\/index.php\/2024\/02\/22\/mussi-encabezara-acto-en-conmemoracion-del-natalicio-de-nestor-kirchner\/"]}]},{"@type":"ImageObject","inLanguage":"es","@id":"https:\/\/diarioprincipios.com\/index.php\/2024\/02\/22\/mussi-encabezara-acto-en-conmemoracion-del-natalicio-de-nestor-kirchner\/#primaryimage","url":"https:\/\/diarioprincipios.com\/wp-content\/uploads\/2024\/02\/Screenshot_20240222_122405_WhatsApp.jpg","contentUrl":"https:\/\/diarioprincipios.com\/wp-content\/uploads\/2024\/02\/Screenshot_20240222_122405_WhatsApp.jpg","width":1079,"height":1432},{"@type":"BreadcrumbList","@id":"https:\/\/diarioprincipios.com\/index.php\/2024\/02\/22\/mussi-encabezara-acto-en-conmemoracion-del-natalicio-de-nestor-kirchner\/#breadcrumb","itemListElement":[{"@type":"ListItem","position":1,"name":"Portada","item":"https:\/\/diarioprincipios.com\/"},{"@type":"ListItem","position":2,"name":"Mussi encabezar\u00e1 acto en conmemoraci\u00f3n del natalicio de N\u00e9stor Kirchner"}]},{"@type":"WebSite","@id":"https:\/\/diarioprincipios.com\/#website","url":"https:\/\/diarioprincipios.com\/","name":"Principios","description":"Principios Diario","publisher":{"@id":"https:\/\/diarioprincipios.com\/#organization"},"potentialAction":[{"@type":"SearchAction","target":{"@type":"EntryPoint","urlTemplate":"https:\/\/diarioprincipios.com\/?s={search_term_string}"},"query-input":{"@type":"PropertyValueSpecification","valueRequired":true,"valueName":"search_term_string"}}],"inLanguage":"es"},{"@type":"Organization","@id":"https:\/\/diarioprincipios.com\/#organization","name":"Principios","url":"https:\/\/diarioprincipios.com\/","logo":{"@type":"ImageObject","inLanguage":"es","@id":"https:\/\/diarioprincipios.com\/#\/schema\/logo\/image\/","url":"https:\/\/diarioprincipios.com\/wp-content\/uploads\/2024\/04\/cropped-www.diarioprincipios.com_-1.png","contentUrl":"https:\/\/diarioprincipios.com\/wp-content\/uploads\/2024\/04\/cropped-www.diarioprincipios.com_-1.png","width":5325,"height":1454,"caption":"Principios"},"image":{"@id":"https:\/\/diarioprincipios.com\/#\/schema\/logo\/image\/"}},{"@type":"Person","@id":"https:\/\/diarioprincipios.com\/#\/schema\/person\/436d5a1fd41a5e250e23ff5a6a7cb080","name":"Hern\u00e1n L\u00f3pez","image":{"@type":"ImageObject","inLanguage":"es","@id":"https:\/\/diarioprincipios.com\/wp-content\/litespeed\/avatar\/11ddfe5610ff3bd100522525b2571f48.jpg?ver=1777653193","url":"https:\/\/diarioprincipios.com\/wp-content\/litespeed\/avatar\/11ddfe5610ff3bd100522525b2571f48.jpg?ver=1777653193","contentUrl":"https:\/\/diarioprincipios.com\/wp-content\/litespeed\/avatar\/11ddfe5610ff3bd100522525b2571f48.jpg?ver=1777653193","caption":"Hern\u00e1n L\u00f3pez"},"url":"https:\/\/diarioprincipios.com\/index.php\/author\/hernan\/"}]}},"jetpack_featured_media_url":"https:\/\/diarioprincipios.com\/wp-content\/uploads\/2024\/02\/Screenshot_20240222_122405_WhatsApp.jpg","_links":{"self":[{"href":"https:\/\/diarioprincipios.com\/index.php\/wp-json\/wp\/v2\/posts\/20796","targetHints":{"allow":["GET"]}}],"collection":[{"href":"https:\/\/diarioprincipios.com\/index.php\/wp-json\/wp\/v2\/posts"}],"about":[{"href":"https:\/\/diarioprincipios.com\/index.php\/wp-json\/wp\/v2\/types\/post"}],"author":[{"embeddable":true,"href":"https:\/\/diarioprincipios.com\/index.php\/wp-json\/wp\/v2\/users\/2"}],"replies":[{"embeddable":true,"href":"https:\/\/diarioprincipios.com\/index.php\/wp-json\/wp\/v2\/comments?post=20796"}],"version-history":[{"count":1,"href":"https:\/\/diarioprincipios.com\/index.php\/wp-json\/wp\/v2\/posts\/20796\/revisions"}],"predecessor-version":[{"id":20798,"href":"https:\/\/diarioprincipios.com\/index.php\/wp-json\/wp\/v2\/posts\/20796\/revisions\/20798"}],"wp:featuredmedia":[{"embeddable":true,"href":"https:\/\/diarioprincipios.com\/index.php\/wp-json\/wp\/v2\/media\/20797"}],"wp:attachment":[{"href":"https:\/\/diarioprincipios.com\/index.php\/wp-json\/wp\/v2\/media?parent=20796"}],"wp:term":[{"taxonomy":"category","embeddable":true,"href":"https:\/\/diarioprincipios.com\/index.php\/wp-json\/wp\/v2\/categories?post=20796"},{"taxonomy":"post_tag","embeddable":true,"href":"https:\/\/diarioprincipios.com\/index.php\/wp-json\/wp\/v2\/tags?post=20796"}],"curies":[{"name":"wp","href":"https:\/\/api.w.org\/{rel}","templated":true}]}}