{"id":20793,"date":"2024-02-21T22:23:36","date_gmt":"2024-02-22T01:23:36","guid":{"rendered":"http:\/\/diarioprincipios.com\/?p=20793"},"modified":"2024-02-21T22:23:43","modified_gmt":"2024-02-22T01:23:43","slug":"movimientos-sociales-anunciaran-plan-de-lucha-contra-el-ajuste","status":"publish","type":"post","link":"https:\/\/diarioprincipios.com\/index.php\/2024\/02\/21\/movimientos-sociales-anunciaran-plan-de-lucha-contra-el-ajuste\/","title":{"rendered":"Movimientos Sociales anunciar\u00e1n Plan de Lucha contra el Ajuste"},"content":{"rendered":"\n<p>Bajo la consigna \u00abLa emergencia alimentaria no puede esperar m\u00e1s. \u00a1Basta de ajuste!\u00bb, ma\u00f1ana jueves 22 de febrero diferentes<br>Movimientos Sociales anunciar\u00e1n un Plan de Lucha Nacional contra el Ajuste.<br>En Berazategui se har\u00e1 una conferencia de prensa en la sede de ATE, calle 148 N\u00b0 956, este jueves desde las 11 horas, en la cual las Organizaciones Sociales anunciar\u00e1n los pasos a seguir debido a las pol\u00edticas de fuerte Ajuste del gobierno de Milei.<\/p>\n\n\n\n<p><\/p>\n","protected":false},"excerpt":{"rendered":"<p>Bajo la consigna \u00abLa emergencia alimentaria no puede esperar m\u00e1s. \u00a1Basta de ajuste!\u00bb, ma\u00f1ana jueves 22 de febrero diferentesMovimientos Sociales anunciar\u00e1n un Plan de Lucha Nacional contra el Ajuste.En Berazategui se har\u00e1 una conferencia de prensa en la sede de ATE, calle 148 N\u00b0 956, este jueves desde las 11 horas, en la cual las&#8230;<\/p>\n","protected":false},"author":2,"featured_media":20794,"comment_status":"open","ping_status":"open","sticky":false,"template":"","format":"standard","meta":{"footnotes":""},"categories":[3],"tags":[],"class_list":["post-20793","post","type-post","status-publish","format-standard","has-post-thumbnail","hentry","category-berazategui"],"featured_image_src":"https:\/\/diarioprincipios.com\/wp-content\/uploads\/2024\/02\/IMG-20240221-WA0070-1024x1024.jpg","blog_images":{"medium":"https:\/\/diarioprincipios.com\/wp-content\/uploads\/2024\/02\/IMG-20240221-WA0070-300x300.jpg","large":"https:\/\/diarioprincipios.com\/wp-content\/uploads\/2024\/02\/IMG-20240221-WA0070-1024x1024.jpg"},"ams_acf":[],"yoast_head":"<!-- This site is optimized with the Yoast SEO plugin v27.3 - https:\/\/yoast.com\/product\/yoast-seo-wordpress\/ -->\n<title>Movimientos Sociales anunciar\u00e1n Plan de Lucha contra el Ajuste - Principios<\/title>\n<meta name=\"robots\" content=\"index, follow, max-snippet:-1, max-image-preview:large, max-video-preview:-1\" \/>\n<link rel=\"canonical\" href=\"https:\/\/diarioprincipios.com\/index.php\/2024\/02\/21\/movimientos-sociales-anunciaran-plan-de-lucha-contra-el-ajuste\/\" \/>\n<meta property=\"og:locale\" content=\"es_ES\" \/>\n<meta property=\"og:type\" content=\"article\" \/>\n<meta property=\"og:title\" content=\"Movimientos Sociales anunciar\u00e1n Plan de Lucha contra el Ajuste - Principios\" \/>\n<meta property=\"og:description\" content=\"Bajo la consigna \u00abLa emergencia alimentaria no puede esperar m\u00e1s. \u00a1Basta de ajuste!\u00bb, ma\u00f1ana jueves 22 de febrero diferentesMovimientos Sociales anunciar\u00e1n un Plan de Lucha Nacional contra el Ajuste.En Berazategui se har\u00e1 una conferencia de prensa en la sede de ATE, calle 148 N\u00b0 956, este jueves desde las 11 horas, en la cual las...\" \/>\n<meta property=\"og:url\" content=\"https:\/\/diarioprincipios.com\/index.php\/2024\/02\/21\/movimientos-sociales-anunciaran-plan-de-lucha-contra-el-ajuste\/\" \/>\n<meta property=\"og:site_name\" content=\"Principios\" \/>\n<meta property=\"article:published_time\" content=\"2024-02-22T01:23:36+00:00\" \/>\n<meta property=\"article:modified_time\" content=\"2024-02-22T01:23:43+00:00\" \/>\n<meta property=\"og:image\" content=\"https:\/\/diarioprincipios.com\/wp-content\/uploads\/2024\/02\/IMG-20240221-WA0070.jpg\" \/>\n\t<meta property=\"og:image:width\" content=\"1080\" \/>\n\t<meta property=\"og:image:height\" content=\"1080\" \/>\n\t<meta property=\"og:image:type\" content=\"image\/jpeg\" \/>\n<meta name=\"author\" content=\"Hern\u00e1n L\u00f3pez\" \/>\n<meta name=\"twitter:card\" content=\"summary_large_image\" \/>\n<meta name=\"twitter:label1\" content=\"Escrito por\" \/>\n\t<meta name=\"twitter:data1\" content=\"Hern\u00e1n L\u00f3pez\" \/>\n\t<meta name=\"twitter:label2\" content=\"Tiempo de lectura\" \/>\n\t<meta name=\"twitter:data2\" content=\"1 minuto\" \/>\n<script type=\"application\/ld+json\" class=\"yoast-schema-graph\">{\"@context\":\"https:\\\/\\\/schema.org\",\"@graph\":[{\"@type\":\"Article\",\"@id\":\"https:\\\/\\\/diarioprincipios.com\\\/index.php\\\/2024\\\/02\\\/21\\\/movimientos-sociales-anunciaran-plan-de-lucha-contra-el-ajuste\\\/#article\",\"isPartOf\":{\"@id\":\"https:\\\/\\\/diarioprincipios.com\\\/index.php\\\/2024\\\/02\\\/21\\\/movimientos-sociales-anunciaran-plan-de-lucha-contra-el-ajuste\\\/\"},\"author\":{\"name\":\"Hern\u00e1n L\u00f3pez\",\"@id\":\"https:\\\/\\\/diarioprincipios.com\\\/#\\\/schema\\\/person\\\/436d5a1fd41a5e250e23ff5a6a7cb080\"},\"headline\":\"Movimientos Sociales anunciar\u00e1n Plan de Lucha contra el Ajuste\",\"datePublished\":\"2024-02-22T01:23:36+00:00\",\"dateModified\":\"2024-02-22T01:23:43+00:00\",\"mainEntityOfPage\":{\"@id\":\"https:\\\/\\\/diarioprincipios.com\\\/index.php\\\/2024\\\/02\\\/21\\\/movimientos-sociales-anunciaran-plan-de-lucha-contra-el-ajuste\\\/\"},\"wordCount\":85,\"commentCount\":0,\"publisher\":{\"@id\":\"https:\\\/\\\/diarioprincipios.com\\\/#organization\"},\"image\":{\"@id\":\"https:\\\/\\\/diarioprincipios.com\\\/index.php\\\/2024\\\/02\\\/21\\\/movimientos-sociales-anunciaran-plan-de-lucha-contra-el-ajuste\\\/#primaryimage\"},\"thumbnailUrl\":\"https:\\\/\\\/diarioprincipios.com\\\/wp-content\\\/uploads\\\/2024\\\/02\\\/IMG-20240221-WA0070.jpg\",\"articleSection\":[\"Berazategui\"],\"inLanguage\":\"es\",\"potentialAction\":[{\"@type\":\"CommentAction\",\"name\":\"Comment\",\"target\":[\"https:\\\/\\\/diarioprincipios.com\\\/index.php\\\/2024\\\/02\\\/21\\\/movimientos-sociales-anunciaran-plan-de-lucha-contra-el-ajuste\\\/#respond\"]}]},{\"@type\":\"WebPage\",\"@id\":\"https:\\\/\\\/diarioprincipios.com\\\/index.php\\\/2024\\\/02\\\/21\\\/movimientos-sociales-anunciaran-plan-de-lucha-contra-el-ajuste\\\/\",\"url\":\"https:\\\/\\\/diarioprincipios.com\\\/index.php\\\/2024\\\/02\\\/21\\\/movimientos-sociales-anunciaran-plan-de-lucha-contra-el-ajuste\\\/\",\"name\":\"Movimientos Sociales anunciar\u00e1n Plan de Lucha contra el Ajuste - Principios\",\"isPartOf\":{\"@id\":\"https:\\\/\\\/diarioprincipios.com\\\/#website\"},\"primaryImageOfPage\":{\"@id\":\"https:\\\/\\\/diarioprincipios.com\\\/index.php\\\/2024\\\/02\\\/21\\\/movimientos-sociales-anunciaran-plan-de-lucha-contra-el-ajuste\\\/#primaryimage\"},\"image\":{\"@id\":\"https:\\\/\\\/diarioprincipios.com\\\/index.php\\\/2024\\\/02\\\/21\\\/movimientos-sociales-anunciaran-plan-de-lucha-contra-el-ajuste\\\/#primaryimage\"},\"thumbnailUrl\":\"https:\\\/\\\/diarioprincipios.com\\\/wp-content\\\/uploads\\\/2024\\\/02\\\/IMG-20240221-WA0070.jpg\",\"datePublished\":\"2024-02-22T01:23:36+00:00\",\"dateModified\":\"2024-02-22T01:23:43+00:00\",\"breadcrumb\":{\"@id\":\"https:\\\/\\\/diarioprincipios.com\\\/index.php\\\/2024\\\/02\\\/21\\\/movimientos-sociales-anunciaran-plan-de-lucha-contra-el-ajuste\\\/#breadcrumb\"},\"inLanguage\":\"es\",\"potentialAction\":[{\"@type\":\"ReadAction\",\"target\":[\"https:\\\/\\\/diarioprincipios.com\\\/index.php\\\/2024\\\/02\\\/21\\\/movimientos-sociales-anunciaran-plan-de-lucha-contra-el-ajuste\\\/\"]}]},{\"@type\":\"ImageObject\",\"inLanguage\":\"es\",\"@id\":\"https:\\\/\\\/diarioprincipios.com\\\/index.php\\\/2024\\\/02\\\/21\\\/movimientos-sociales-anunciaran-plan-de-lucha-contra-el-ajuste\\\/#primaryimage\",\"url\":\"https:\\\/\\\/diarioprincipios.com\\\/wp-content\\\/uploads\\\/2024\\\/02\\\/IMG-20240221-WA0070.jpg\",\"contentUrl\":\"https:\\\/\\\/diarioprincipios.com\\\/wp-content\\\/uploads\\\/2024\\\/02\\\/IMG-20240221-WA0070.jpg\",\"width\":1080,\"height\":1080},{\"@type\":\"BreadcrumbList\",\"@id\":\"https:\\\/\\\/diarioprincipios.com\\\/index.php\\\/2024\\\/02\\\/21\\\/movimientos-sociales-anunciaran-plan-de-lucha-contra-el-ajuste\\\/#breadcrumb\",\"itemListElement\":[{\"@type\":\"ListItem\",\"position\":1,\"name\":\"Portada\",\"item\":\"https:\\\/\\\/diarioprincipios.com\\\/\"},{\"@type\":\"ListItem\",\"position\":2,\"name\":\"Movimientos Sociales anunciar\u00e1n Plan de Lucha contra el Ajuste\"}]},{\"@type\":\"WebSite\",\"@id\":\"https:\\\/\\\/diarioprincipios.com\\\/#website\",\"url\":\"https:\\\/\\\/diarioprincipios.com\\\/\",\"name\":\"Principios\",\"description\":\"Principios Diario\",\"publisher\":{\"@id\":\"https:\\\/\\\/diarioprincipios.com\\\/#organization\"},\"potentialAction\":[{\"@type\":\"SearchAction\",\"target\":{\"@type\":\"EntryPoint\",\"urlTemplate\":\"https:\\\/\\\/diarioprincipios.com\\\/?s={search_term_string}\"},\"query-input\":{\"@type\":\"PropertyValueSpecification\",\"valueRequired\":true,\"valueName\":\"search_term_string\"}}],\"inLanguage\":\"es\"},{\"@type\":\"Organization\",\"@id\":\"https:\\\/\\\/diarioprincipios.com\\\/#organization\",\"name\":\"Principios\",\"url\":\"https:\\\/\\\/diarioprincipios.com\\\/\",\"logo\":{\"@type\":\"ImageObject\",\"inLanguage\":\"es\",\"@id\":\"https:\\\/\\\/diarioprincipios.com\\\/#\\\/schema\\\/logo\\\/image\\\/\",\"url\":\"https:\\\/\\\/diarioprincipios.com\\\/wp-content\\\/uploads\\\/2024\\\/04\\\/cropped-www.diarioprincipios.com_-1.png\",\"contentUrl\":\"https:\\\/\\\/diarioprincipios.com\\\/wp-content\\\/uploads\\\/2024\\\/04\\\/cropped-www.diarioprincipios.com_-1.png\",\"width\":5325,\"height\":1454,\"caption\":\"Principios\"},\"image\":{\"@id\":\"https:\\\/\\\/diarioprincipios.com\\\/#\\\/schema\\\/logo\\\/image\\\/\"}},{\"@type\":\"Person\",\"@id\":\"https:\\\/\\\/diarioprincipios.com\\\/#\\\/schema\\\/person\\\/436d5a1fd41a5e250e23ff5a6a7cb080\",\"name\":\"Hern\u00e1n L\u00f3pez\",\"image\":{\"@type\":\"ImageObject\",\"inLanguage\":\"es\",\"@id\":\"https:\\\/\\\/diarioprincipios.com\\\/wp-content\\\/litespeed\\\/avatar\\\/11ddfe5610ff3bd100522525b2571f48.jpg?ver=1777048341\",\"url\":\"https:\\\/\\\/diarioprincipios.com\\\/wp-content\\\/litespeed\\\/avatar\\\/11ddfe5610ff3bd100522525b2571f48.jpg?ver=1777048341\",\"contentUrl\":\"https:\\\/\\\/diarioprincipios.com\\\/wp-content\\\/litespeed\\\/avatar\\\/11ddfe5610ff3bd100522525b2571f48.jpg?ver=1777048341\",\"caption\":\"Hern\u00e1n L\u00f3pez\"},\"url\":\"https:\\\/\\\/diarioprincipios.com\\\/index.php\\\/author\\\/hernan\\\/\"}]}<\/script>\n<!-- \/ Yoast SEO plugin. -->","yoast_head_json":{"title":"Movimientos Sociales anunciar\u00e1n Plan de Lucha contra el Ajuste - Principios","robots":{"index":"index","follow":"follow","max-snippet":"max-snippet:-1","max-image-preview":"max-image-preview:large","max-video-preview":"max-video-preview:-1"},"canonical":"https:\/\/diarioprincipios.com\/index.php\/2024\/02\/21\/movimientos-sociales-anunciaran-plan-de-lucha-contra-el-ajuste\/","og_locale":"es_ES","og_type":"article","og_title":"Movimientos Sociales anunciar\u00e1n Plan de Lucha contra el Ajuste - Principios","og_description":"Bajo la consigna \u00abLa emergencia alimentaria no puede esperar m\u00e1s. \u00a1Basta de ajuste!\u00bb, ma\u00f1ana jueves 22 de febrero diferentesMovimientos Sociales anunciar\u00e1n un Plan de Lucha Nacional contra el Ajuste.En Berazategui se har\u00e1 una conferencia de prensa en la sede de ATE, calle 148 N\u00b0 956, este jueves desde las 11 horas, en la cual las...","og_url":"https:\/\/diarioprincipios.com\/index.php\/2024\/02\/21\/movimientos-sociales-anunciaran-plan-de-lucha-contra-el-ajuste\/","og_site_name":"Principios","article_published_time":"2024-02-22T01:23:36+00:00","article_modified_time":"2024-02-22T01:23:43+00:00","og_image":[{"width":1080,"height":1080,"url":"https:\/\/diarioprincipios.com\/wp-content\/uploads\/2024\/02\/IMG-20240221-WA0070.jpg","type":"image\/jpeg"}],"author":"Hern\u00e1n L\u00f3pez","twitter_card":"summary_large_image","twitter_misc":{"Escrito por":"Hern\u00e1n L\u00f3pez","Tiempo de lectura":"1 minuto"},"schema":{"@context":"https:\/\/schema.org","@graph":[{"@type":"Article","@id":"https:\/\/diarioprincipios.com\/index.php\/2024\/02\/21\/movimientos-sociales-anunciaran-plan-de-lucha-contra-el-ajuste\/#article","isPartOf":{"@id":"https:\/\/diarioprincipios.com\/index.php\/2024\/02\/21\/movimientos-sociales-anunciaran-plan-de-lucha-contra-el-ajuste\/"},"author":{"name":"Hern\u00e1n L\u00f3pez","@id":"https:\/\/diarioprincipios.com\/#\/schema\/person\/436d5a1fd41a5e250e23ff5a6a7cb080"},"headline":"Movimientos Sociales anunciar\u00e1n Plan de Lucha contra el Ajuste","datePublished":"2024-02-22T01:23:36+00:00","dateModified":"2024-02-22T01:23:43+00:00","mainEntityOfPage":{"@id":"https:\/\/diarioprincipios.com\/index.php\/2024\/02\/21\/movimientos-sociales-anunciaran-plan-de-lucha-contra-el-ajuste\/"},"wordCount":85,"commentCount":0,"publisher":{"@id":"https:\/\/diarioprincipios.com\/#organization"},"image":{"@id":"https:\/\/diarioprincipios.com\/index.php\/2024\/02\/21\/movimientos-sociales-anunciaran-plan-de-lucha-contra-el-ajuste\/#primaryimage"},"thumbnailUrl":"https:\/\/diarioprincipios.com\/wp-content\/uploads\/2024\/02\/IMG-20240221-WA0070.jpg","articleSection":["Berazategui"],"inLanguage":"es","potentialAction":[{"@type":"CommentAction","name":"Comment","target":["https:\/\/diarioprincipios.com\/index.php\/2024\/02\/21\/movimientos-sociales-anunciaran-plan-de-lucha-contra-el-ajuste\/#respond"]}]},{"@type":"WebPage","@id":"https:\/\/diarioprincipios.com\/index.php\/2024\/02\/21\/movimientos-sociales-anunciaran-plan-de-lucha-contra-el-ajuste\/","url":"https:\/\/diarioprincipios.com\/index.php\/2024\/02\/21\/movimientos-sociales-anunciaran-plan-de-lucha-contra-el-ajuste\/","name":"Movimientos Sociales anunciar\u00e1n Plan de Lucha contra el Ajuste - Principios","isPartOf":{"@id":"https:\/\/diarioprincipios.com\/#website"},"primaryImageOfPage":{"@id":"https:\/\/diarioprincipios.com\/index.php\/2024\/02\/21\/movimientos-sociales-anunciaran-plan-de-lucha-contra-el-ajuste\/#primaryimage"},"image":{"@id":"https:\/\/diarioprincipios.com\/index.php\/2024\/02\/21\/movimientos-sociales-anunciaran-plan-de-lucha-contra-el-ajuste\/#primaryimage"},"thumbnailUrl":"https:\/\/diarioprincipios.com\/wp-content\/uploads\/2024\/02\/IMG-20240221-WA0070.jpg","datePublished":"2024-02-22T01:23:36+00:00","dateModified":"2024-02-22T01:23:43+00:00","breadcrumb":{"@id":"https:\/\/diarioprincipios.com\/index.php\/2024\/02\/21\/movimientos-sociales-anunciaran-plan-de-lucha-contra-el-ajuste\/#breadcrumb"},"inLanguage":"es","potentialAction":[{"@type":"ReadAction","target":["https:\/\/diarioprincipios.com\/index.php\/2024\/02\/21\/movimientos-sociales-anunciaran-plan-de-lucha-contra-el-ajuste\/"]}]},{"@type":"ImageObject","inLanguage":"es","@id":"https:\/\/diarioprincipios.com\/index.php\/2024\/02\/21\/movimientos-sociales-anunciaran-plan-de-lucha-contra-el-ajuste\/#primaryimage","url":"https:\/\/diarioprincipios.com\/wp-content\/uploads\/2024\/02\/IMG-20240221-WA0070.jpg","contentUrl":"https:\/\/diarioprincipios.com\/wp-content\/uploads\/2024\/02\/IMG-20240221-WA0070.jpg","width":1080,"height":1080},{"@type":"BreadcrumbList","@id":"https:\/\/diarioprincipios.com\/index.php\/2024\/02\/21\/movimientos-sociales-anunciaran-plan-de-lucha-contra-el-ajuste\/#breadcrumb","itemListElement":[{"@type":"ListItem","position":1,"name":"Portada","item":"https:\/\/diarioprincipios.com\/"},{"@type":"ListItem","position":2,"name":"Movimientos Sociales anunciar\u00e1n Plan de Lucha contra el Ajuste"}]},{"@type":"WebSite","@id":"https:\/\/diarioprincipios.com\/#website","url":"https:\/\/diarioprincipios.com\/","name":"Principios","description":"Principios Diario","publisher":{"@id":"https:\/\/diarioprincipios.com\/#organization"},"potentialAction":[{"@type":"SearchAction","target":{"@type":"EntryPoint","urlTemplate":"https:\/\/diarioprincipios.com\/?s={search_term_string}"},"query-input":{"@type":"PropertyValueSpecification","valueRequired":true,"valueName":"search_term_string"}}],"inLanguage":"es"},{"@type":"Organization","@id":"https:\/\/diarioprincipios.com\/#organization","name":"Principios","url":"https:\/\/diarioprincipios.com\/","logo":{"@type":"ImageObject","inLanguage":"es","@id":"https:\/\/diarioprincipios.com\/#\/schema\/logo\/image\/","url":"https:\/\/diarioprincipios.com\/wp-content\/uploads\/2024\/04\/cropped-www.diarioprincipios.com_-1.png","contentUrl":"https:\/\/diarioprincipios.com\/wp-content\/uploads\/2024\/04\/cropped-www.diarioprincipios.com_-1.png","width":5325,"height":1454,"caption":"Principios"},"image":{"@id":"https:\/\/diarioprincipios.com\/#\/schema\/logo\/image\/"}},{"@type":"Person","@id":"https:\/\/diarioprincipios.com\/#\/schema\/person\/436d5a1fd41a5e250e23ff5a6a7cb080","name":"Hern\u00e1n L\u00f3pez","image":{"@type":"ImageObject","inLanguage":"es","@id":"https:\/\/diarioprincipios.com\/wp-content\/litespeed\/avatar\/11ddfe5610ff3bd100522525b2571f48.jpg?ver=1777048341","url":"https:\/\/diarioprincipios.com\/wp-content\/litespeed\/avatar\/11ddfe5610ff3bd100522525b2571f48.jpg?ver=1777048341","contentUrl":"https:\/\/diarioprincipios.com\/wp-content\/litespeed\/avatar\/11ddfe5610ff3bd100522525b2571f48.jpg?ver=1777048341","caption":"Hern\u00e1n L\u00f3pez"},"url":"https:\/\/diarioprincipios.com\/index.php\/author\/hernan\/"}]}},"jetpack_featured_media_url":"https:\/\/diarioprincipios.com\/wp-content\/uploads\/2024\/02\/IMG-20240221-WA0070.jpg","_links":{"self":[{"href":"https:\/\/diarioprincipios.com\/index.php\/wp-json\/wp\/v2\/posts\/20793","targetHints":{"allow":["GET"]}}],"collection":[{"href":"https:\/\/diarioprincipios.com\/index.php\/wp-json\/wp\/v2\/posts"}],"about":[{"href":"https:\/\/diarioprincipios.com\/index.php\/wp-json\/wp\/v2\/types\/post"}],"author":[{"embeddable":true,"href":"https:\/\/diarioprincipios.com\/index.php\/wp-json\/wp\/v2\/users\/2"}],"replies":[{"embeddable":true,"href":"https:\/\/diarioprincipios.com\/index.php\/wp-json\/wp\/v2\/comments?post=20793"}],"version-history":[{"count":1,"href":"https:\/\/diarioprincipios.com\/index.php\/wp-json\/wp\/v2\/posts\/20793\/revisions"}],"predecessor-version":[{"id":20795,"href":"https:\/\/diarioprincipios.com\/index.php\/wp-json\/wp\/v2\/posts\/20793\/revisions\/20795"}],"wp:featuredmedia":[{"embeddable":true,"href":"https:\/\/diarioprincipios.com\/index.php\/wp-json\/wp\/v2\/media\/20794"}],"wp:attachment":[{"href":"https:\/\/diarioprincipios.com\/index.php\/wp-json\/wp\/v2\/media?parent=20793"}],"wp:term":[{"taxonomy":"category","embeddable":true,"href":"https:\/\/diarioprincipios.com\/index.php\/wp-json\/wp\/v2\/categories?post=20793"},{"taxonomy":"post_tag","embeddable":true,"href":"https:\/\/diarioprincipios.com\/index.php\/wp-json\/wp\/v2\/tags?post=20793"}],"curies":[{"name":"wp","href":"https:\/\/api.w.org\/{rel}","templated":true}]}}