{"id":20781,"date":"2024-02-21T11:36:12","date_gmt":"2024-02-21T14:36:12","guid":{"rendered":"http:\/\/diarioprincipios.com\/?p=20781"},"modified":"2024-02-21T11:36:14","modified_gmt":"2024-02-21T14:36:14","slug":"refuerzan-medidas-preventivas-ante-nueva-invasion-de-mosquitos","status":"publish","type":"post","link":"https:\/\/diarioprincipios.com\/index.php\/2024\/02\/21\/refuerzan-medidas-preventivas-ante-nueva-invasion-de-mosquitos\/","title":{"rendered":"Refuerzan medidas preventivas ante nueva invasi\u00f3n  de mosquitos"},"content":{"rendered":"\n<p><strong>La Municipalidad de Berazategui intensific\u00f3 la fumigaci\u00f3n en los barrios y las campa\u00f1as de descacharrizaci\u00f3n con el objetivo de disminuir la circulaci\u00f3n y reproducci\u00f3n de estos insectos, aclarando que no se trata de la misma especie transmisora de dengue. Desde la Secretar\u00eda de Salud P\u00fablica e Higiene indicaron que todo el \u00c1rea Metropolitana se encuentra afectada por la invasi\u00f3n, en especial CABA y La Plata.\u00a0<\/strong><\/p>\n\n\n\n<p>\u201cTenemos que tener en cuenta que la fumigaci\u00f3n es un m\u00e9todo de una eficacia parcial, que mata la fase adulta del mosquito, por lo tanto tiene un efecto a corto plazo. Por eso pedimos, entre todos, tomar medidas de prevenci\u00f3n, como descacharrizar y cortar el pasto a nivel domiciliario\u201d, indic\u00f3 el secretario de Salud P\u00fablica e Higiene municipal, Dr. Pablo Costa.<\/p>\n\n\n\n<p>El funcionario agreg\u00f3: \u201cLa proliferaci\u00f3n de este mosquito es producto de las fuertes lluvias que tuvimos hace pocos d\u00edas. Por iniciativa del intendente, Juan Jos\u00e9 Mussi, estamos haciendo una gran campa\u00f1a de fumigaci\u00f3n de calles y espacios p\u00fablicos, recorriendo todos los barrios del distrito, de lunes a lunes. Hemos aumentado los recursos humanos y los m\u00f3viles municipales a disposici\u00f3n\u201d.&nbsp;<\/p>\n\n\n\n<p>El mosquito que invadi\u00f3 el AMBA es de la especie Aedes Albifasciatus, que no transmite dengue, zika ni fiebre chikungunya. No obstante, las medidas de prevenci\u00f3n a la hora de evitar su reproducci\u00f3n y protegerse de las picaduras son las mismas. \u201cPara evitar la proliferaci\u00f3n, las medidas principales son la descacharrizaci\u00f3n y cortar el pasto. Adem\u00e1s, les recomendamos que usen ropa clara, remeras y pantalones de manga larga, repelentes, mosquiteros y tul para los beb\u00e9s reci\u00e9n nacidos\u201d, finaliz\u00f3 Costa.<\/p>\n\n\n\n<p>Para conocer el cronograma de jornadas de fumigaci\u00f3n y descacharrizaci\u00f3n, adem\u00e1s de m\u00e1s recomendaciones para evitar la reproducci\u00f3n de mosquitos, pueden ingresar en&nbsp;<a rel=\"noreferrer noopener\" target=\"_blank\" href=\"http:\/\/berazategui.gob.ar\/dengue\">berazategui.gob.ar\/dengue<\/a>.<\/p>\n","protected":false},"excerpt":{"rendered":"<p>La Municipalidad de Berazategui intensific\u00f3 la fumigaci\u00f3n en los barrios y las campa\u00f1as de descacharrizaci\u00f3n con el objetivo de disminuir la circulaci\u00f3n y reproducci\u00f3n de estos insectos, aclarando que no se trata de la misma especie transmisora de dengue. Desde la Secretar\u00eda de Salud P\u00fablica e Higiene indicaron que todo el \u00c1rea Metropolitana se encuentra&#8230;<\/p>\n","protected":false},"author":2,"featured_media":20782,"comment_status":"open","ping_status":"open","sticky":false,"template":"","format":"standard","meta":{"footnotes":""},"categories":[3],"tags":[],"class_list":["post-20781","post","type-post","status-publish","format-standard","has-post-thumbnail","hentry","category-berazategui"],"featured_image_src":"https:\/\/diarioprincipios.com\/wp-content\/uploads\/2024\/02\/BERAZATEGUI-REFUERZA-LAS-MEDIDAS-PREVENTIVAS-ANTE-LA-NUEVA-INVASION-DE-MOSQUITOS-EN-EL-AMBA-820x1024.jpg","blog_images":{"medium":"https:\/\/diarioprincipios.com\/wp-content\/uploads\/2024\/02\/BERAZATEGUI-REFUERZA-LAS-MEDIDAS-PREVENTIVAS-ANTE-LA-NUEVA-INVASION-DE-MOSQUITOS-EN-EL-AMBA-240x300.jpg","large":"https:\/\/diarioprincipios.com\/wp-content\/uploads\/2024\/02\/BERAZATEGUI-REFUERZA-LAS-MEDIDAS-PREVENTIVAS-ANTE-LA-NUEVA-INVASION-DE-MOSQUITOS-EN-EL-AMBA-820x1024.jpg"},"ams_acf":[],"yoast_head":"<!-- This site is optimized with the Yoast SEO plugin v27.3 - https:\/\/yoast.com\/product\/yoast-seo-wordpress\/ -->\n<title>Refuerzan medidas preventivas ante nueva invasi\u00f3n de mosquitos - Principios<\/title>\n<meta name=\"robots\" content=\"index, follow, max-snippet:-1, max-image-preview:large, max-video-preview:-1\" \/>\n<link rel=\"canonical\" href=\"https:\/\/diarioprincipios.com\/index.php\/2024\/02\/21\/refuerzan-medidas-preventivas-ante-nueva-invasion-de-mosquitos\/\" \/>\n<meta property=\"og:locale\" content=\"es_ES\" \/>\n<meta property=\"og:type\" content=\"article\" \/>\n<meta property=\"og:title\" content=\"Refuerzan medidas preventivas ante nueva invasi\u00f3n de mosquitos - Principios\" \/>\n<meta property=\"og:description\" content=\"La Municipalidad de Berazategui intensific\u00f3 la fumigaci\u00f3n en los barrios y las campa\u00f1as de descacharrizaci\u00f3n con el objetivo de disminuir la circulaci\u00f3n y reproducci\u00f3n de estos insectos, aclarando que no se trata de la misma especie transmisora de dengue. Desde la Secretar\u00eda de Salud P\u00fablica e Higiene indicaron que todo el \u00c1rea Metropolitana se encuentra...\" \/>\n<meta property=\"og:url\" content=\"https:\/\/diarioprincipios.com\/index.php\/2024\/02\/21\/refuerzan-medidas-preventivas-ante-nueva-invasion-de-mosquitos\/\" \/>\n<meta property=\"og:site_name\" content=\"Principios\" \/>\n<meta property=\"article:published_time\" content=\"2024-02-21T14:36:12+00:00\" \/>\n<meta property=\"article:modified_time\" content=\"2024-02-21T14:36:14+00:00\" \/>\n<meta property=\"og:image\" content=\"https:\/\/diarioprincipios.com\/wp-content\/uploads\/2024\/02\/BERAZATEGUI-REFUERZA-LAS-MEDIDAS-PREVENTIVAS-ANTE-LA-NUEVA-INVASION-DE-MOSQUITOS-EN-EL-AMBA-scaled.jpg\" \/>\n\t<meta property=\"og:image:width\" content=\"2050\" \/>\n\t<meta property=\"og:image:height\" content=\"2560\" \/>\n\t<meta property=\"og:image:type\" content=\"image\/jpeg\" \/>\n<meta name=\"author\" content=\"Hern\u00e1n L\u00f3pez\" \/>\n<meta name=\"twitter:card\" content=\"summary_large_image\" \/>\n<meta name=\"twitter:label1\" content=\"Escrito por\" \/>\n\t<meta name=\"twitter:data1\" content=\"Hern\u00e1n L\u00f3pez\" \/>\n\t<meta name=\"twitter:label2\" content=\"Tiempo de lectura\" \/>\n\t<meta name=\"twitter:data2\" content=\"2 minutos\" \/>\n<script type=\"application\/ld+json\" class=\"yoast-schema-graph\">{\"@context\":\"https:\\\/\\\/schema.org\",\"@graph\":[{\"@type\":\"Article\",\"@id\":\"https:\\\/\\\/diarioprincipios.com\\\/index.php\\\/2024\\\/02\\\/21\\\/refuerzan-medidas-preventivas-ante-nueva-invasion-de-mosquitos\\\/#article\",\"isPartOf\":{\"@id\":\"https:\\\/\\\/diarioprincipios.com\\\/index.php\\\/2024\\\/02\\\/21\\\/refuerzan-medidas-preventivas-ante-nueva-invasion-de-mosquitos\\\/\"},\"author\":{\"name\":\"Hern\u00e1n L\u00f3pez\",\"@id\":\"https:\\\/\\\/diarioprincipios.com\\\/#\\\/schema\\\/person\\\/436d5a1fd41a5e250e23ff5a6a7cb080\"},\"headline\":\"Refuerzan medidas preventivas ante nueva invasi\u00f3n de mosquitos\",\"datePublished\":\"2024-02-21T14:36:12+00:00\",\"dateModified\":\"2024-02-21T14:36:14+00:00\",\"mainEntityOfPage\":{\"@id\":\"https:\\\/\\\/diarioprincipios.com\\\/index.php\\\/2024\\\/02\\\/21\\\/refuerzan-medidas-preventivas-ante-nueva-invasion-de-mosquitos\\\/\"},\"wordCount\":333,\"commentCount\":0,\"publisher\":{\"@id\":\"https:\\\/\\\/diarioprincipios.com\\\/#organization\"},\"image\":{\"@id\":\"https:\\\/\\\/diarioprincipios.com\\\/index.php\\\/2024\\\/02\\\/21\\\/refuerzan-medidas-preventivas-ante-nueva-invasion-de-mosquitos\\\/#primaryimage\"},\"thumbnailUrl\":\"https:\\\/\\\/diarioprincipios.com\\\/wp-content\\\/uploads\\\/2024\\\/02\\\/BERAZATEGUI-REFUERZA-LAS-MEDIDAS-PREVENTIVAS-ANTE-LA-NUEVA-INVASION-DE-MOSQUITOS-EN-EL-AMBA-scaled.jpg\",\"articleSection\":[\"Berazategui\"],\"inLanguage\":\"es\",\"potentialAction\":[{\"@type\":\"CommentAction\",\"name\":\"Comment\",\"target\":[\"https:\\\/\\\/diarioprincipios.com\\\/index.php\\\/2024\\\/02\\\/21\\\/refuerzan-medidas-preventivas-ante-nueva-invasion-de-mosquitos\\\/#respond\"]}]},{\"@type\":\"WebPage\",\"@id\":\"https:\\\/\\\/diarioprincipios.com\\\/index.php\\\/2024\\\/02\\\/21\\\/refuerzan-medidas-preventivas-ante-nueva-invasion-de-mosquitos\\\/\",\"url\":\"https:\\\/\\\/diarioprincipios.com\\\/index.php\\\/2024\\\/02\\\/21\\\/refuerzan-medidas-preventivas-ante-nueva-invasion-de-mosquitos\\\/\",\"name\":\"Refuerzan medidas preventivas ante nueva invasi\u00f3n de mosquitos - Principios\",\"isPartOf\":{\"@id\":\"https:\\\/\\\/diarioprincipios.com\\\/#website\"},\"primaryImageOfPage\":{\"@id\":\"https:\\\/\\\/diarioprincipios.com\\\/index.php\\\/2024\\\/02\\\/21\\\/refuerzan-medidas-preventivas-ante-nueva-invasion-de-mosquitos\\\/#primaryimage\"},\"image\":{\"@id\":\"https:\\\/\\\/diarioprincipios.com\\\/index.php\\\/2024\\\/02\\\/21\\\/refuerzan-medidas-preventivas-ante-nueva-invasion-de-mosquitos\\\/#primaryimage\"},\"thumbnailUrl\":\"https:\\\/\\\/diarioprincipios.com\\\/wp-content\\\/uploads\\\/2024\\\/02\\\/BERAZATEGUI-REFUERZA-LAS-MEDIDAS-PREVENTIVAS-ANTE-LA-NUEVA-INVASION-DE-MOSQUITOS-EN-EL-AMBA-scaled.jpg\",\"datePublished\":\"2024-02-21T14:36:12+00:00\",\"dateModified\":\"2024-02-21T14:36:14+00:00\",\"breadcrumb\":{\"@id\":\"https:\\\/\\\/diarioprincipios.com\\\/index.php\\\/2024\\\/02\\\/21\\\/refuerzan-medidas-preventivas-ante-nueva-invasion-de-mosquitos\\\/#breadcrumb\"},\"inLanguage\":\"es\",\"potentialAction\":[{\"@type\":\"ReadAction\",\"target\":[\"https:\\\/\\\/diarioprincipios.com\\\/index.php\\\/2024\\\/02\\\/21\\\/refuerzan-medidas-preventivas-ante-nueva-invasion-de-mosquitos\\\/\"]}]},{\"@type\":\"ImageObject\",\"inLanguage\":\"es\",\"@id\":\"https:\\\/\\\/diarioprincipios.com\\\/index.php\\\/2024\\\/02\\\/21\\\/refuerzan-medidas-preventivas-ante-nueva-invasion-de-mosquitos\\\/#primaryimage\",\"url\":\"https:\\\/\\\/diarioprincipios.com\\\/wp-content\\\/uploads\\\/2024\\\/02\\\/BERAZATEGUI-REFUERZA-LAS-MEDIDAS-PREVENTIVAS-ANTE-LA-NUEVA-INVASION-DE-MOSQUITOS-EN-EL-AMBA-scaled.jpg\",\"contentUrl\":\"https:\\\/\\\/diarioprincipios.com\\\/wp-content\\\/uploads\\\/2024\\\/02\\\/BERAZATEGUI-REFUERZA-LAS-MEDIDAS-PREVENTIVAS-ANTE-LA-NUEVA-INVASION-DE-MOSQUITOS-EN-EL-AMBA-scaled.jpg\",\"width\":2050,\"height\":2560},{\"@type\":\"BreadcrumbList\",\"@id\":\"https:\\\/\\\/diarioprincipios.com\\\/index.php\\\/2024\\\/02\\\/21\\\/refuerzan-medidas-preventivas-ante-nueva-invasion-de-mosquitos\\\/#breadcrumb\",\"itemListElement\":[{\"@type\":\"ListItem\",\"position\":1,\"name\":\"Portada\",\"item\":\"https:\\\/\\\/diarioprincipios.com\\\/\"},{\"@type\":\"ListItem\",\"position\":2,\"name\":\"Refuerzan medidas preventivas ante nueva invasi\u00f3n de mosquitos\"}]},{\"@type\":\"WebSite\",\"@id\":\"https:\\\/\\\/diarioprincipios.com\\\/#website\",\"url\":\"https:\\\/\\\/diarioprincipios.com\\\/\",\"name\":\"Principios\",\"description\":\"Principios Diario\",\"publisher\":{\"@id\":\"https:\\\/\\\/diarioprincipios.com\\\/#organization\"},\"potentialAction\":[{\"@type\":\"SearchAction\",\"target\":{\"@type\":\"EntryPoint\",\"urlTemplate\":\"https:\\\/\\\/diarioprincipios.com\\\/?s={search_term_string}\"},\"query-input\":{\"@type\":\"PropertyValueSpecification\",\"valueRequired\":true,\"valueName\":\"search_term_string\"}}],\"inLanguage\":\"es\"},{\"@type\":\"Organization\",\"@id\":\"https:\\\/\\\/diarioprincipios.com\\\/#organization\",\"name\":\"Principios\",\"url\":\"https:\\\/\\\/diarioprincipios.com\\\/\",\"logo\":{\"@type\":\"ImageObject\",\"inLanguage\":\"es\",\"@id\":\"https:\\\/\\\/diarioprincipios.com\\\/#\\\/schema\\\/logo\\\/image\\\/\",\"url\":\"https:\\\/\\\/diarioprincipios.com\\\/wp-content\\\/uploads\\\/2024\\\/04\\\/cropped-www.diarioprincipios.com_-1.png\",\"contentUrl\":\"https:\\\/\\\/diarioprincipios.com\\\/wp-content\\\/uploads\\\/2024\\\/04\\\/cropped-www.diarioprincipios.com_-1.png\",\"width\":5325,\"height\":1454,\"caption\":\"Principios\"},\"image\":{\"@id\":\"https:\\\/\\\/diarioprincipios.com\\\/#\\\/schema\\\/logo\\\/image\\\/\"}},{\"@type\":\"Person\",\"@id\":\"https:\\\/\\\/diarioprincipios.com\\\/#\\\/schema\\\/person\\\/436d5a1fd41a5e250e23ff5a6a7cb080\",\"name\":\"Hern\u00e1n L\u00f3pez\",\"image\":{\"@type\":\"ImageObject\",\"inLanguage\":\"es\",\"@id\":\"https:\\\/\\\/diarioprincipios.com\\\/wp-content\\\/litespeed\\\/avatar\\\/11ddfe5610ff3bd100522525b2571f48.jpg?ver=1777653193\",\"url\":\"https:\\\/\\\/diarioprincipios.com\\\/wp-content\\\/litespeed\\\/avatar\\\/11ddfe5610ff3bd100522525b2571f48.jpg?ver=1777653193\",\"contentUrl\":\"https:\\\/\\\/diarioprincipios.com\\\/wp-content\\\/litespeed\\\/avatar\\\/11ddfe5610ff3bd100522525b2571f48.jpg?ver=1777653193\",\"caption\":\"Hern\u00e1n L\u00f3pez\"},\"url\":\"https:\\\/\\\/diarioprincipios.com\\\/index.php\\\/author\\\/hernan\\\/\"}]}<\/script>\n<!-- \/ Yoast SEO plugin. -->","yoast_head_json":{"title":"Refuerzan medidas preventivas ante nueva invasi\u00f3n de mosquitos - Principios","robots":{"index":"index","follow":"follow","max-snippet":"max-snippet:-1","max-image-preview":"max-image-preview:large","max-video-preview":"max-video-preview:-1"},"canonical":"https:\/\/diarioprincipios.com\/index.php\/2024\/02\/21\/refuerzan-medidas-preventivas-ante-nueva-invasion-de-mosquitos\/","og_locale":"es_ES","og_type":"article","og_title":"Refuerzan medidas preventivas ante nueva invasi\u00f3n de mosquitos - Principios","og_description":"La Municipalidad de Berazategui intensific\u00f3 la fumigaci\u00f3n en los barrios y las campa\u00f1as de descacharrizaci\u00f3n con el objetivo de disminuir la circulaci\u00f3n y reproducci\u00f3n de estos insectos, aclarando que no se trata de la misma especie transmisora de dengue. Desde la Secretar\u00eda de Salud P\u00fablica e Higiene indicaron que todo el \u00c1rea Metropolitana se encuentra...","og_url":"https:\/\/diarioprincipios.com\/index.php\/2024\/02\/21\/refuerzan-medidas-preventivas-ante-nueva-invasion-de-mosquitos\/","og_site_name":"Principios","article_published_time":"2024-02-21T14:36:12+00:00","article_modified_time":"2024-02-21T14:36:14+00:00","og_image":[{"width":2050,"height":2560,"url":"https:\/\/diarioprincipios.com\/wp-content\/uploads\/2024\/02\/BERAZATEGUI-REFUERZA-LAS-MEDIDAS-PREVENTIVAS-ANTE-LA-NUEVA-INVASION-DE-MOSQUITOS-EN-EL-AMBA-scaled.jpg","type":"image\/jpeg"}],"author":"Hern\u00e1n L\u00f3pez","twitter_card":"summary_large_image","twitter_misc":{"Escrito por":"Hern\u00e1n L\u00f3pez","Tiempo de lectura":"2 minutos"},"schema":{"@context":"https:\/\/schema.org","@graph":[{"@type":"Article","@id":"https:\/\/diarioprincipios.com\/index.php\/2024\/02\/21\/refuerzan-medidas-preventivas-ante-nueva-invasion-de-mosquitos\/#article","isPartOf":{"@id":"https:\/\/diarioprincipios.com\/index.php\/2024\/02\/21\/refuerzan-medidas-preventivas-ante-nueva-invasion-de-mosquitos\/"},"author":{"name":"Hern\u00e1n L\u00f3pez","@id":"https:\/\/diarioprincipios.com\/#\/schema\/person\/436d5a1fd41a5e250e23ff5a6a7cb080"},"headline":"Refuerzan medidas preventivas ante nueva invasi\u00f3n de mosquitos","datePublished":"2024-02-21T14:36:12+00:00","dateModified":"2024-02-21T14:36:14+00:00","mainEntityOfPage":{"@id":"https:\/\/diarioprincipios.com\/index.php\/2024\/02\/21\/refuerzan-medidas-preventivas-ante-nueva-invasion-de-mosquitos\/"},"wordCount":333,"commentCount":0,"publisher":{"@id":"https:\/\/diarioprincipios.com\/#organization"},"image":{"@id":"https:\/\/diarioprincipios.com\/index.php\/2024\/02\/21\/refuerzan-medidas-preventivas-ante-nueva-invasion-de-mosquitos\/#primaryimage"},"thumbnailUrl":"https:\/\/diarioprincipios.com\/wp-content\/uploads\/2024\/02\/BERAZATEGUI-REFUERZA-LAS-MEDIDAS-PREVENTIVAS-ANTE-LA-NUEVA-INVASION-DE-MOSQUITOS-EN-EL-AMBA-scaled.jpg","articleSection":["Berazategui"],"inLanguage":"es","potentialAction":[{"@type":"CommentAction","name":"Comment","target":["https:\/\/diarioprincipios.com\/index.php\/2024\/02\/21\/refuerzan-medidas-preventivas-ante-nueva-invasion-de-mosquitos\/#respond"]}]},{"@type":"WebPage","@id":"https:\/\/diarioprincipios.com\/index.php\/2024\/02\/21\/refuerzan-medidas-preventivas-ante-nueva-invasion-de-mosquitos\/","url":"https:\/\/diarioprincipios.com\/index.php\/2024\/02\/21\/refuerzan-medidas-preventivas-ante-nueva-invasion-de-mosquitos\/","name":"Refuerzan medidas preventivas ante nueva invasi\u00f3n de mosquitos - Principios","isPartOf":{"@id":"https:\/\/diarioprincipios.com\/#website"},"primaryImageOfPage":{"@id":"https:\/\/diarioprincipios.com\/index.php\/2024\/02\/21\/refuerzan-medidas-preventivas-ante-nueva-invasion-de-mosquitos\/#primaryimage"},"image":{"@id":"https:\/\/diarioprincipios.com\/index.php\/2024\/02\/21\/refuerzan-medidas-preventivas-ante-nueva-invasion-de-mosquitos\/#primaryimage"},"thumbnailUrl":"https:\/\/diarioprincipios.com\/wp-content\/uploads\/2024\/02\/BERAZATEGUI-REFUERZA-LAS-MEDIDAS-PREVENTIVAS-ANTE-LA-NUEVA-INVASION-DE-MOSQUITOS-EN-EL-AMBA-scaled.jpg","datePublished":"2024-02-21T14:36:12+00:00","dateModified":"2024-02-21T14:36:14+00:00","breadcrumb":{"@id":"https:\/\/diarioprincipios.com\/index.php\/2024\/02\/21\/refuerzan-medidas-preventivas-ante-nueva-invasion-de-mosquitos\/#breadcrumb"},"inLanguage":"es","potentialAction":[{"@type":"ReadAction","target":["https:\/\/diarioprincipios.com\/index.php\/2024\/02\/21\/refuerzan-medidas-preventivas-ante-nueva-invasion-de-mosquitos\/"]}]},{"@type":"ImageObject","inLanguage":"es","@id":"https:\/\/diarioprincipios.com\/index.php\/2024\/02\/21\/refuerzan-medidas-preventivas-ante-nueva-invasion-de-mosquitos\/#primaryimage","url":"https:\/\/diarioprincipios.com\/wp-content\/uploads\/2024\/02\/BERAZATEGUI-REFUERZA-LAS-MEDIDAS-PREVENTIVAS-ANTE-LA-NUEVA-INVASION-DE-MOSQUITOS-EN-EL-AMBA-scaled.jpg","contentUrl":"https:\/\/diarioprincipios.com\/wp-content\/uploads\/2024\/02\/BERAZATEGUI-REFUERZA-LAS-MEDIDAS-PREVENTIVAS-ANTE-LA-NUEVA-INVASION-DE-MOSQUITOS-EN-EL-AMBA-scaled.jpg","width":2050,"height":2560},{"@type":"BreadcrumbList","@id":"https:\/\/diarioprincipios.com\/index.php\/2024\/02\/21\/refuerzan-medidas-preventivas-ante-nueva-invasion-de-mosquitos\/#breadcrumb","itemListElement":[{"@type":"ListItem","position":1,"name":"Portada","item":"https:\/\/diarioprincipios.com\/"},{"@type":"ListItem","position":2,"name":"Refuerzan medidas preventivas ante nueva invasi\u00f3n de mosquitos"}]},{"@type":"WebSite","@id":"https:\/\/diarioprincipios.com\/#website","url":"https:\/\/diarioprincipios.com\/","name":"Principios","description":"Principios Diario","publisher":{"@id":"https:\/\/diarioprincipios.com\/#organization"},"potentialAction":[{"@type":"SearchAction","target":{"@type":"EntryPoint","urlTemplate":"https:\/\/diarioprincipios.com\/?s={search_term_string}"},"query-input":{"@type":"PropertyValueSpecification","valueRequired":true,"valueName":"search_term_string"}}],"inLanguage":"es"},{"@type":"Organization","@id":"https:\/\/diarioprincipios.com\/#organization","name":"Principios","url":"https:\/\/diarioprincipios.com\/","logo":{"@type":"ImageObject","inLanguage":"es","@id":"https:\/\/diarioprincipios.com\/#\/schema\/logo\/image\/","url":"https:\/\/diarioprincipios.com\/wp-content\/uploads\/2024\/04\/cropped-www.diarioprincipios.com_-1.png","contentUrl":"https:\/\/diarioprincipios.com\/wp-content\/uploads\/2024\/04\/cropped-www.diarioprincipios.com_-1.png","width":5325,"height":1454,"caption":"Principios"},"image":{"@id":"https:\/\/diarioprincipios.com\/#\/schema\/logo\/image\/"}},{"@type":"Person","@id":"https:\/\/diarioprincipios.com\/#\/schema\/person\/436d5a1fd41a5e250e23ff5a6a7cb080","name":"Hern\u00e1n L\u00f3pez","image":{"@type":"ImageObject","inLanguage":"es","@id":"https:\/\/diarioprincipios.com\/wp-content\/litespeed\/avatar\/11ddfe5610ff3bd100522525b2571f48.jpg?ver=1777653193","url":"https:\/\/diarioprincipios.com\/wp-content\/litespeed\/avatar\/11ddfe5610ff3bd100522525b2571f48.jpg?ver=1777653193","contentUrl":"https:\/\/diarioprincipios.com\/wp-content\/litespeed\/avatar\/11ddfe5610ff3bd100522525b2571f48.jpg?ver=1777653193","caption":"Hern\u00e1n L\u00f3pez"},"url":"https:\/\/diarioprincipios.com\/index.php\/author\/hernan\/"}]}},"jetpack_featured_media_url":"https:\/\/diarioprincipios.com\/wp-content\/uploads\/2024\/02\/BERAZATEGUI-REFUERZA-LAS-MEDIDAS-PREVENTIVAS-ANTE-LA-NUEVA-INVASION-DE-MOSQUITOS-EN-EL-AMBA-scaled.jpg","_links":{"self":[{"href":"https:\/\/diarioprincipios.com\/index.php\/wp-json\/wp\/v2\/posts\/20781","targetHints":{"allow":["GET"]}}],"collection":[{"href":"https:\/\/diarioprincipios.com\/index.php\/wp-json\/wp\/v2\/posts"}],"about":[{"href":"https:\/\/diarioprincipios.com\/index.php\/wp-json\/wp\/v2\/types\/post"}],"author":[{"embeddable":true,"href":"https:\/\/diarioprincipios.com\/index.php\/wp-json\/wp\/v2\/users\/2"}],"replies":[{"embeddable":true,"href":"https:\/\/diarioprincipios.com\/index.php\/wp-json\/wp\/v2\/comments?post=20781"}],"version-history":[{"count":1,"href":"https:\/\/diarioprincipios.com\/index.php\/wp-json\/wp\/v2\/posts\/20781\/revisions"}],"predecessor-version":[{"id":20783,"href":"https:\/\/diarioprincipios.com\/index.php\/wp-json\/wp\/v2\/posts\/20781\/revisions\/20783"}],"wp:featuredmedia":[{"embeddable":true,"href":"https:\/\/diarioprincipios.com\/index.php\/wp-json\/wp\/v2\/media\/20782"}],"wp:attachment":[{"href":"https:\/\/diarioprincipios.com\/index.php\/wp-json\/wp\/v2\/media?parent=20781"}],"wp:term":[{"taxonomy":"category","embeddable":true,"href":"https:\/\/diarioprincipios.com\/index.php\/wp-json\/wp\/v2\/categories?post=20781"},{"taxonomy":"post_tag","embeddable":true,"href":"https:\/\/diarioprincipios.com\/index.php\/wp-json\/wp\/v2\/tags?post=20781"}],"curies":[{"name":"wp","href":"https:\/\/api.w.org\/{rel}","templated":true}]}}