{"id":20771,"date":"2024-02-20T21:39:26","date_gmt":"2024-02-21T00:39:26","guid":{"rendered":"http:\/\/diarioprincipios.com\/?p=20771"},"modified":"2024-02-20T21:39:29","modified_gmt":"2024-02-21T00:39:29","slug":"ultimas-semanas-del-ciclo-de-verano","status":"publish","type":"post","link":"https:\/\/diarioprincipios.com\/index.php\/2024\/02\/20\/ultimas-semanas-del-ciclo-de-verano\/","title":{"rendered":"\u00daltimas semanas del Ciclo de Verano"},"content":{"rendered":"\n<p><strong>De a poco el verano se va despidiendo y con \u00e9l va llegando a su fin el cl\u00e1sico Ciclo Municipal de Verano de Berazategui, que ofrece numerosas actividades culturales gratuitas para todos los gustos.<\/strong><br>El cronograma programado por la Secretar\u00eda de Cultura y Educaci\u00f3n de la Municipalidad de Berazategui \u2013a cargo del intendente Juan Jos\u00e9 Mussi- es el siguiente:<br>Esta semana, el cierre estar\u00e1 a cargo del Festival de Jazz. Ser\u00e1 el domingo 25 de febrero, a partir de las 19.00, en la Estaci\u00f3n de Ranelagh (Av. Sabin entre 362 y 363). All\u00ed se presentar\u00e1n \u00abJavier Acu\u00f1a Sexteto\u00bb, \u00abRaskoski Hot Club\u00bb y \u201cCarlos Michelini Cuarteto El\u00e9ctrico\u201d.<\/p>\n\n\n\n<figure class=\"wp-block-image size-large\"><img loading=\"lazy\" decoding=\"async\" width=\"1024\" height=\"683\" src=\"https:\/\/diarioprincipios.com\/wp-content\/uploads\/2024\/02\/ULTIMAS-SEMANAS-DEL-CICLO-DE-VERANO-DE-BERAZATEGUI1-1024x683.jpg\" alt=\"\" class=\"wp-image-20772\" srcset=\"https:\/\/diarioprincipios.com\/wp-content\/uploads\/2024\/02\/ULTIMAS-SEMANAS-DEL-CICLO-DE-VERANO-DE-BERAZATEGUI1-1024x683.jpg 1024w, https:\/\/diarioprincipios.com\/wp-content\/uploads\/2024\/02\/ULTIMAS-SEMANAS-DEL-CICLO-DE-VERANO-DE-BERAZATEGUI1-300x200.jpg 300w, https:\/\/diarioprincipios.com\/wp-content\/uploads\/2024\/02\/ULTIMAS-SEMANAS-DEL-CICLO-DE-VERANO-DE-BERAZATEGUI1-768x512.jpg 768w, https:\/\/diarioprincipios.com\/wp-content\/uploads\/2024\/02\/ULTIMAS-SEMANAS-DEL-CICLO-DE-VERANO-DE-BERAZATEGUI1-1536x1024.jpg 1536w, https:\/\/diarioprincipios.com\/wp-content\/uploads\/2024\/02\/ULTIMAS-SEMANAS-DEL-CICLO-DE-VERANO-DE-BERAZATEGUI1.jpg 1920w\" sizes=\"auto, (max-width: 1024px) 100vw, 1024px\" \/><\/figure>\n\n\n\n<p><br>Mi\u00e9rcoles 21\/2:18.00: Cultura Colectiva: Espect\u00e1culo \u201cChapa y Cart\u00f3n\u201d, a cargo de la Compa\u00f1\u00eda Chapa, Chispita y Cart\u00f3n. Plaza Santo Tom\u00e1s (calle 26 y 107).<br>Jueves 22\/2:16.30: Jueves de juegos en los Museos: recreaci\u00f3n de juegos y juguetes antiguos, en el Museo Municipal Hist\u00f3rico (calle 23 y 149).20.30: Cine en El Patio: proyecci\u00f3n de la pel\u00edcula \u201cTodav\u00eda\u201d. Complejo Cultural Municipal El Patio (calle 149 entre 15 y 15 A).<br>Viernes 23\/2:20.30: Bera Suena: se presentar\u00e1n las bandas locales \u00abSincara\u00bb y \u00abJyC\u00bb. Complejo Cultural Municipal La Humanitaria (Lisandro de la Torre y 52, Hudson).20.30: Patio de Tango y Folclore. Se presentar\u00e1n \u00abD\u00fao M\u00edstica\u00bb y \u00abTanguarro\u00bb. Una gran noche de m\u00fasica y baile con diferentes artistas locales. Adem\u00e1s, habr\u00e1 clase abierta de tango a partir de las 19.00. Centro Municipal de Actividades Roberto De Vicenzo (calle 148 y 18).<\/p>\n\n\n\n<figure class=\"wp-block-image size-large\"><img loading=\"lazy\" decoding=\"async\" width=\"1024\" height=\"683\" src=\"https:\/\/diarioprincipios.com\/wp-content\/uploads\/2024\/02\/ULTIMAS-SEMANAS-DEL-CICLO-DE-VERANO-DE-BERAZATEGUI-1024x683.jpg\" alt=\"\" class=\"wp-image-20773\" srcset=\"https:\/\/diarioprincipios.com\/wp-content\/uploads\/2024\/02\/ULTIMAS-SEMANAS-DEL-CICLO-DE-VERANO-DE-BERAZATEGUI-1024x683.jpg 1024w, https:\/\/diarioprincipios.com\/wp-content\/uploads\/2024\/02\/ULTIMAS-SEMANAS-DEL-CICLO-DE-VERANO-DE-BERAZATEGUI-300x200.jpg 300w, https:\/\/diarioprincipios.com\/wp-content\/uploads\/2024\/02\/ULTIMAS-SEMANAS-DEL-CICLO-DE-VERANO-DE-BERAZATEGUI-768x512.jpg 768w, https:\/\/diarioprincipios.com\/wp-content\/uploads\/2024\/02\/ULTIMAS-SEMANAS-DEL-CICLO-DE-VERANO-DE-BERAZATEGUI-1536x1024.jpg 1536w, https:\/\/diarioprincipios.com\/wp-content\/uploads\/2024\/02\/ULTIMAS-SEMANAS-DEL-CICLO-DE-VERANO-DE-BERAZATEGUI.jpg 1920w\" sizes=\"auto, (max-width: 1024px) 100vw, 1024px\" \/><\/figure>\n\n\n\n<p><br>S\u00e1bado 24\/2:18.00: La Calle Celebra a Mar\u00eda Elena Walsh: m\u00fasica en vivo, ilustraciones y mucho m\u00e1s. Complejo Cultural Municipal La Calle (148 y 18 A).20.30: Festival de M\u00fasica Popular: se presentar\u00e1n \u00abDuratierra\u00bb (Micaela Vita) y \u00abQuipu\u00bb. Complejo Cultural Municipal El Patio.<br>Domingo 25\/2:19.00: Ciclo de poes\u00eda, a cargo del Grupo Literario Almafuerte. Complejo Cultural Municipal El Patio.19.00: Festival de Jazz, Cultura Colectiva y Feria Regal\u00e1 Cultura: se presentar\u00e1n \u00abJavier Acu\u00f1a Sexteto\u00bb, \u00abRaskoski Hot Club\u00bb y \u201cCarlos Michelini Cuarteto El\u00e9ctrico\u201d. Estaci\u00f3n de Ranelagh.<br>El Festival B-Play Medieval se realizar\u00e1 el domingo 10 de marzo, desde las 16.00, en Plaza San Mart\u00edn (Av. Mitre e\/ 6 y 7). El evento estaba programado para el 18 de febrero, pero por malas condiciones clim\u00e1ticas se fij\u00f3 una nueva fecha.<\/p>\n","protected":false},"excerpt":{"rendered":"<p>De a poco el verano se va despidiendo y con \u00e9l va llegando a su fin el cl\u00e1sico Ciclo Municipal de Verano de Berazategui, que ofrece numerosas actividades culturales gratuitas para todos los gustos.El cronograma programado por la Secretar\u00eda de Cultura y Educaci\u00f3n de la Municipalidad de Berazategui \u2013a cargo del intendente Juan Jos\u00e9 Mussi-&#8230;<\/p>\n","protected":false},"author":2,"featured_media":20774,"comment_status":"open","ping_status":"open","sticky":false,"template":"","format":"standard","meta":{"footnotes":""},"categories":[3],"tags":[],"class_list":["post-20771","post","type-post","status-publish","format-standard","has-post-thumbnail","hentry","category-berazategui"],"featured_image_src":"https:\/\/diarioprincipios.com\/wp-content\/uploads\/2024\/02\/ULTIMAS-SEMANAS-DEL-CICLO-DE-VERANO-DE-BERAZATEGUI2-1024x683.jpg","blog_images":{"medium":"https:\/\/diarioprincipios.com\/wp-content\/uploads\/2024\/02\/ULTIMAS-SEMANAS-DEL-CICLO-DE-VERANO-DE-BERAZATEGUI2-300x200.jpg","large":"https:\/\/diarioprincipios.com\/wp-content\/uploads\/2024\/02\/ULTIMAS-SEMANAS-DEL-CICLO-DE-VERANO-DE-BERAZATEGUI2-1024x683.jpg"},"ams_acf":[],"yoast_head":"<!-- This site is optimized with the Yoast SEO plugin v27.3 - https:\/\/yoast.com\/product\/yoast-seo-wordpress\/ -->\n<title>\u00daltimas semanas del Ciclo de Verano - Principios<\/title>\n<meta name=\"robots\" content=\"index, follow, max-snippet:-1, max-image-preview:large, max-video-preview:-1\" \/>\n<link rel=\"canonical\" href=\"https:\/\/diarioprincipios.com\/index.php\/2024\/02\/20\/ultimas-semanas-del-ciclo-de-verano\/\" \/>\n<meta property=\"og:locale\" content=\"es_ES\" \/>\n<meta property=\"og:type\" content=\"article\" \/>\n<meta property=\"og:title\" content=\"\u00daltimas semanas del Ciclo de Verano - Principios\" \/>\n<meta property=\"og:description\" content=\"De a poco el verano se va despidiendo y con \u00e9l va llegando a su fin el cl\u00e1sico Ciclo Municipal de Verano de Berazategui, que ofrece numerosas actividades culturales gratuitas para todos los gustos.El cronograma programado por la Secretar\u00eda de Cultura y Educaci\u00f3n de la Municipalidad de Berazategui \u2013a cargo del intendente Juan Jos\u00e9 Mussi-...\" \/>\n<meta property=\"og:url\" content=\"https:\/\/diarioprincipios.com\/index.php\/2024\/02\/20\/ultimas-semanas-del-ciclo-de-verano\/\" \/>\n<meta property=\"og:site_name\" content=\"Principios\" \/>\n<meta property=\"article:published_time\" content=\"2024-02-21T00:39:26+00:00\" \/>\n<meta property=\"article:modified_time\" content=\"2024-02-21T00:39:29+00:00\" \/>\n<meta property=\"og:image\" content=\"https:\/\/diarioprincipios.com\/wp-content\/uploads\/2024\/02\/ULTIMAS-SEMANAS-DEL-CICLO-DE-VERANO-DE-BERAZATEGUI2.jpg\" \/>\n\t<meta property=\"og:image:width\" content=\"1920\" \/>\n\t<meta property=\"og:image:height\" content=\"1280\" \/>\n\t<meta property=\"og:image:type\" content=\"image\/jpeg\" \/>\n<meta name=\"author\" content=\"Hern\u00e1n L\u00f3pez\" \/>\n<meta name=\"twitter:card\" content=\"summary_large_image\" \/>\n<meta name=\"twitter:label1\" content=\"Escrito por\" \/>\n\t<meta name=\"twitter:data1\" content=\"Hern\u00e1n L\u00f3pez\" \/>\n\t<meta name=\"twitter:label2\" content=\"Tiempo de lectura\" \/>\n\t<meta name=\"twitter:data2\" content=\"3 minutos\" \/>\n<script type=\"application\/ld+json\" class=\"yoast-schema-graph\">{\"@context\":\"https:\\\/\\\/schema.org\",\"@graph\":[{\"@type\":\"Article\",\"@id\":\"https:\\\/\\\/diarioprincipios.com\\\/index.php\\\/2024\\\/02\\\/20\\\/ultimas-semanas-del-ciclo-de-verano\\\/#article\",\"isPartOf\":{\"@id\":\"https:\\\/\\\/diarioprincipios.com\\\/index.php\\\/2024\\\/02\\\/20\\\/ultimas-semanas-del-ciclo-de-verano\\\/\"},\"author\":{\"name\":\"Hern\u00e1n L\u00f3pez\",\"@id\":\"https:\\\/\\\/diarioprincipios.com\\\/#\\\/schema\\\/person\\\/436d5a1fd41a5e250e23ff5a6a7cb080\"},\"headline\":\"\u00daltimas semanas del Ciclo de Verano\",\"datePublished\":\"2024-02-21T00:39:26+00:00\",\"dateModified\":\"2024-02-21T00:39:29+00:00\",\"mainEntityOfPage\":{\"@id\":\"https:\\\/\\\/diarioprincipios.com\\\/index.php\\\/2024\\\/02\\\/20\\\/ultimas-semanas-del-ciclo-de-verano\\\/\"},\"wordCount\":383,\"commentCount\":0,\"publisher\":{\"@id\":\"https:\\\/\\\/diarioprincipios.com\\\/#organization\"},\"image\":{\"@id\":\"https:\\\/\\\/diarioprincipios.com\\\/index.php\\\/2024\\\/02\\\/20\\\/ultimas-semanas-del-ciclo-de-verano\\\/#primaryimage\"},\"thumbnailUrl\":\"https:\\\/\\\/diarioprincipios.com\\\/wp-content\\\/uploads\\\/2024\\\/02\\\/ULTIMAS-SEMANAS-DEL-CICLO-DE-VERANO-DE-BERAZATEGUI2.jpg\",\"articleSection\":[\"Berazategui\"],\"inLanguage\":\"es\",\"potentialAction\":[{\"@type\":\"CommentAction\",\"name\":\"Comment\",\"target\":[\"https:\\\/\\\/diarioprincipios.com\\\/index.php\\\/2024\\\/02\\\/20\\\/ultimas-semanas-del-ciclo-de-verano\\\/#respond\"]}]},{\"@type\":\"WebPage\",\"@id\":\"https:\\\/\\\/diarioprincipios.com\\\/index.php\\\/2024\\\/02\\\/20\\\/ultimas-semanas-del-ciclo-de-verano\\\/\",\"url\":\"https:\\\/\\\/diarioprincipios.com\\\/index.php\\\/2024\\\/02\\\/20\\\/ultimas-semanas-del-ciclo-de-verano\\\/\",\"name\":\"\u00daltimas semanas del Ciclo de Verano - Principios\",\"isPartOf\":{\"@id\":\"https:\\\/\\\/diarioprincipios.com\\\/#website\"},\"primaryImageOfPage\":{\"@id\":\"https:\\\/\\\/diarioprincipios.com\\\/index.php\\\/2024\\\/02\\\/20\\\/ultimas-semanas-del-ciclo-de-verano\\\/#primaryimage\"},\"image\":{\"@id\":\"https:\\\/\\\/diarioprincipios.com\\\/index.php\\\/2024\\\/02\\\/20\\\/ultimas-semanas-del-ciclo-de-verano\\\/#primaryimage\"},\"thumbnailUrl\":\"https:\\\/\\\/diarioprincipios.com\\\/wp-content\\\/uploads\\\/2024\\\/02\\\/ULTIMAS-SEMANAS-DEL-CICLO-DE-VERANO-DE-BERAZATEGUI2.jpg\",\"datePublished\":\"2024-02-21T00:39:26+00:00\",\"dateModified\":\"2024-02-21T00:39:29+00:00\",\"breadcrumb\":{\"@id\":\"https:\\\/\\\/diarioprincipios.com\\\/index.php\\\/2024\\\/02\\\/20\\\/ultimas-semanas-del-ciclo-de-verano\\\/#breadcrumb\"},\"inLanguage\":\"es\",\"potentialAction\":[{\"@type\":\"ReadAction\",\"target\":[\"https:\\\/\\\/diarioprincipios.com\\\/index.php\\\/2024\\\/02\\\/20\\\/ultimas-semanas-del-ciclo-de-verano\\\/\"]}]},{\"@type\":\"ImageObject\",\"inLanguage\":\"es\",\"@id\":\"https:\\\/\\\/diarioprincipios.com\\\/index.php\\\/2024\\\/02\\\/20\\\/ultimas-semanas-del-ciclo-de-verano\\\/#primaryimage\",\"url\":\"https:\\\/\\\/diarioprincipios.com\\\/wp-content\\\/uploads\\\/2024\\\/02\\\/ULTIMAS-SEMANAS-DEL-CICLO-DE-VERANO-DE-BERAZATEGUI2.jpg\",\"contentUrl\":\"https:\\\/\\\/diarioprincipios.com\\\/wp-content\\\/uploads\\\/2024\\\/02\\\/ULTIMAS-SEMANAS-DEL-CICLO-DE-VERANO-DE-BERAZATEGUI2.jpg\",\"width\":1920,\"height\":1280},{\"@type\":\"BreadcrumbList\",\"@id\":\"https:\\\/\\\/diarioprincipios.com\\\/index.php\\\/2024\\\/02\\\/20\\\/ultimas-semanas-del-ciclo-de-verano\\\/#breadcrumb\",\"itemListElement\":[{\"@type\":\"ListItem\",\"position\":1,\"name\":\"Portada\",\"item\":\"https:\\\/\\\/diarioprincipios.com\\\/\"},{\"@type\":\"ListItem\",\"position\":2,\"name\":\"\u00daltimas semanas del Ciclo de Verano\"}]},{\"@type\":\"WebSite\",\"@id\":\"https:\\\/\\\/diarioprincipios.com\\\/#website\",\"url\":\"https:\\\/\\\/diarioprincipios.com\\\/\",\"name\":\"Principios\",\"description\":\"Principios Diario\",\"publisher\":{\"@id\":\"https:\\\/\\\/diarioprincipios.com\\\/#organization\"},\"potentialAction\":[{\"@type\":\"SearchAction\",\"target\":{\"@type\":\"EntryPoint\",\"urlTemplate\":\"https:\\\/\\\/diarioprincipios.com\\\/?s={search_term_string}\"},\"query-input\":{\"@type\":\"PropertyValueSpecification\",\"valueRequired\":true,\"valueName\":\"search_term_string\"}}],\"inLanguage\":\"es\"},{\"@type\":\"Organization\",\"@id\":\"https:\\\/\\\/diarioprincipios.com\\\/#organization\",\"name\":\"Principios\",\"url\":\"https:\\\/\\\/diarioprincipios.com\\\/\",\"logo\":{\"@type\":\"ImageObject\",\"inLanguage\":\"es\",\"@id\":\"https:\\\/\\\/diarioprincipios.com\\\/#\\\/schema\\\/logo\\\/image\\\/\",\"url\":\"https:\\\/\\\/diarioprincipios.com\\\/wp-content\\\/uploads\\\/2024\\\/04\\\/cropped-www.diarioprincipios.com_-1.png\",\"contentUrl\":\"https:\\\/\\\/diarioprincipios.com\\\/wp-content\\\/uploads\\\/2024\\\/04\\\/cropped-www.diarioprincipios.com_-1.png\",\"width\":5325,\"height\":1454,\"caption\":\"Principios\"},\"image\":{\"@id\":\"https:\\\/\\\/diarioprincipios.com\\\/#\\\/schema\\\/logo\\\/image\\\/\"}},{\"@type\":\"Person\",\"@id\":\"https:\\\/\\\/diarioprincipios.com\\\/#\\\/schema\\\/person\\\/436d5a1fd41a5e250e23ff5a6a7cb080\",\"name\":\"Hern\u00e1n L\u00f3pez\",\"image\":{\"@type\":\"ImageObject\",\"inLanguage\":\"es\",\"@id\":\"https:\\\/\\\/diarioprincipios.com\\\/wp-content\\\/litespeed\\\/avatar\\\/11ddfe5610ff3bd100522525b2571f48.jpg?ver=1777048341\",\"url\":\"https:\\\/\\\/diarioprincipios.com\\\/wp-content\\\/litespeed\\\/avatar\\\/11ddfe5610ff3bd100522525b2571f48.jpg?ver=1777048341\",\"contentUrl\":\"https:\\\/\\\/diarioprincipios.com\\\/wp-content\\\/litespeed\\\/avatar\\\/11ddfe5610ff3bd100522525b2571f48.jpg?ver=1777048341\",\"caption\":\"Hern\u00e1n L\u00f3pez\"},\"url\":\"https:\\\/\\\/diarioprincipios.com\\\/index.php\\\/author\\\/hernan\\\/\"}]}<\/script>\n<!-- \/ Yoast SEO plugin. -->","yoast_head_json":{"title":"\u00daltimas semanas del Ciclo de Verano - Principios","robots":{"index":"index","follow":"follow","max-snippet":"max-snippet:-1","max-image-preview":"max-image-preview:large","max-video-preview":"max-video-preview:-1"},"canonical":"https:\/\/diarioprincipios.com\/index.php\/2024\/02\/20\/ultimas-semanas-del-ciclo-de-verano\/","og_locale":"es_ES","og_type":"article","og_title":"\u00daltimas semanas del Ciclo de Verano - Principios","og_description":"De a poco el verano se va despidiendo y con \u00e9l va llegando a su fin el cl\u00e1sico Ciclo Municipal de Verano de Berazategui, que ofrece numerosas actividades culturales gratuitas para todos los gustos.El cronograma programado por la Secretar\u00eda de Cultura y Educaci\u00f3n de la Municipalidad de Berazategui \u2013a cargo del intendente Juan Jos\u00e9 Mussi-...","og_url":"https:\/\/diarioprincipios.com\/index.php\/2024\/02\/20\/ultimas-semanas-del-ciclo-de-verano\/","og_site_name":"Principios","article_published_time":"2024-02-21T00:39:26+00:00","article_modified_time":"2024-02-21T00:39:29+00:00","og_image":[{"width":1920,"height":1280,"url":"https:\/\/diarioprincipios.com\/wp-content\/uploads\/2024\/02\/ULTIMAS-SEMANAS-DEL-CICLO-DE-VERANO-DE-BERAZATEGUI2.jpg","type":"image\/jpeg"}],"author":"Hern\u00e1n L\u00f3pez","twitter_card":"summary_large_image","twitter_misc":{"Escrito por":"Hern\u00e1n L\u00f3pez","Tiempo de lectura":"3 minutos"},"schema":{"@context":"https:\/\/schema.org","@graph":[{"@type":"Article","@id":"https:\/\/diarioprincipios.com\/index.php\/2024\/02\/20\/ultimas-semanas-del-ciclo-de-verano\/#article","isPartOf":{"@id":"https:\/\/diarioprincipios.com\/index.php\/2024\/02\/20\/ultimas-semanas-del-ciclo-de-verano\/"},"author":{"name":"Hern\u00e1n L\u00f3pez","@id":"https:\/\/diarioprincipios.com\/#\/schema\/person\/436d5a1fd41a5e250e23ff5a6a7cb080"},"headline":"\u00daltimas semanas del Ciclo de Verano","datePublished":"2024-02-21T00:39:26+00:00","dateModified":"2024-02-21T00:39:29+00:00","mainEntityOfPage":{"@id":"https:\/\/diarioprincipios.com\/index.php\/2024\/02\/20\/ultimas-semanas-del-ciclo-de-verano\/"},"wordCount":383,"commentCount":0,"publisher":{"@id":"https:\/\/diarioprincipios.com\/#organization"},"image":{"@id":"https:\/\/diarioprincipios.com\/index.php\/2024\/02\/20\/ultimas-semanas-del-ciclo-de-verano\/#primaryimage"},"thumbnailUrl":"https:\/\/diarioprincipios.com\/wp-content\/uploads\/2024\/02\/ULTIMAS-SEMANAS-DEL-CICLO-DE-VERANO-DE-BERAZATEGUI2.jpg","articleSection":["Berazategui"],"inLanguage":"es","potentialAction":[{"@type":"CommentAction","name":"Comment","target":["https:\/\/diarioprincipios.com\/index.php\/2024\/02\/20\/ultimas-semanas-del-ciclo-de-verano\/#respond"]}]},{"@type":"WebPage","@id":"https:\/\/diarioprincipios.com\/index.php\/2024\/02\/20\/ultimas-semanas-del-ciclo-de-verano\/","url":"https:\/\/diarioprincipios.com\/index.php\/2024\/02\/20\/ultimas-semanas-del-ciclo-de-verano\/","name":"\u00daltimas semanas del Ciclo de Verano - Principios","isPartOf":{"@id":"https:\/\/diarioprincipios.com\/#website"},"primaryImageOfPage":{"@id":"https:\/\/diarioprincipios.com\/index.php\/2024\/02\/20\/ultimas-semanas-del-ciclo-de-verano\/#primaryimage"},"image":{"@id":"https:\/\/diarioprincipios.com\/index.php\/2024\/02\/20\/ultimas-semanas-del-ciclo-de-verano\/#primaryimage"},"thumbnailUrl":"https:\/\/diarioprincipios.com\/wp-content\/uploads\/2024\/02\/ULTIMAS-SEMANAS-DEL-CICLO-DE-VERANO-DE-BERAZATEGUI2.jpg","datePublished":"2024-02-21T00:39:26+00:00","dateModified":"2024-02-21T00:39:29+00:00","breadcrumb":{"@id":"https:\/\/diarioprincipios.com\/index.php\/2024\/02\/20\/ultimas-semanas-del-ciclo-de-verano\/#breadcrumb"},"inLanguage":"es","potentialAction":[{"@type":"ReadAction","target":["https:\/\/diarioprincipios.com\/index.php\/2024\/02\/20\/ultimas-semanas-del-ciclo-de-verano\/"]}]},{"@type":"ImageObject","inLanguage":"es","@id":"https:\/\/diarioprincipios.com\/index.php\/2024\/02\/20\/ultimas-semanas-del-ciclo-de-verano\/#primaryimage","url":"https:\/\/diarioprincipios.com\/wp-content\/uploads\/2024\/02\/ULTIMAS-SEMANAS-DEL-CICLO-DE-VERANO-DE-BERAZATEGUI2.jpg","contentUrl":"https:\/\/diarioprincipios.com\/wp-content\/uploads\/2024\/02\/ULTIMAS-SEMANAS-DEL-CICLO-DE-VERANO-DE-BERAZATEGUI2.jpg","width":1920,"height":1280},{"@type":"BreadcrumbList","@id":"https:\/\/diarioprincipios.com\/index.php\/2024\/02\/20\/ultimas-semanas-del-ciclo-de-verano\/#breadcrumb","itemListElement":[{"@type":"ListItem","position":1,"name":"Portada","item":"https:\/\/diarioprincipios.com\/"},{"@type":"ListItem","position":2,"name":"\u00daltimas semanas del Ciclo de Verano"}]},{"@type":"WebSite","@id":"https:\/\/diarioprincipios.com\/#website","url":"https:\/\/diarioprincipios.com\/","name":"Principios","description":"Principios Diario","publisher":{"@id":"https:\/\/diarioprincipios.com\/#organization"},"potentialAction":[{"@type":"SearchAction","target":{"@type":"EntryPoint","urlTemplate":"https:\/\/diarioprincipios.com\/?s={search_term_string}"},"query-input":{"@type":"PropertyValueSpecification","valueRequired":true,"valueName":"search_term_string"}}],"inLanguage":"es"},{"@type":"Organization","@id":"https:\/\/diarioprincipios.com\/#organization","name":"Principios","url":"https:\/\/diarioprincipios.com\/","logo":{"@type":"ImageObject","inLanguage":"es","@id":"https:\/\/diarioprincipios.com\/#\/schema\/logo\/image\/","url":"https:\/\/diarioprincipios.com\/wp-content\/uploads\/2024\/04\/cropped-www.diarioprincipios.com_-1.png","contentUrl":"https:\/\/diarioprincipios.com\/wp-content\/uploads\/2024\/04\/cropped-www.diarioprincipios.com_-1.png","width":5325,"height":1454,"caption":"Principios"},"image":{"@id":"https:\/\/diarioprincipios.com\/#\/schema\/logo\/image\/"}},{"@type":"Person","@id":"https:\/\/diarioprincipios.com\/#\/schema\/person\/436d5a1fd41a5e250e23ff5a6a7cb080","name":"Hern\u00e1n L\u00f3pez","image":{"@type":"ImageObject","inLanguage":"es","@id":"https:\/\/diarioprincipios.com\/wp-content\/litespeed\/avatar\/11ddfe5610ff3bd100522525b2571f48.jpg?ver=1777048341","url":"https:\/\/diarioprincipios.com\/wp-content\/litespeed\/avatar\/11ddfe5610ff3bd100522525b2571f48.jpg?ver=1777048341","contentUrl":"https:\/\/diarioprincipios.com\/wp-content\/litespeed\/avatar\/11ddfe5610ff3bd100522525b2571f48.jpg?ver=1777048341","caption":"Hern\u00e1n L\u00f3pez"},"url":"https:\/\/diarioprincipios.com\/index.php\/author\/hernan\/"}]}},"jetpack_featured_media_url":"https:\/\/diarioprincipios.com\/wp-content\/uploads\/2024\/02\/ULTIMAS-SEMANAS-DEL-CICLO-DE-VERANO-DE-BERAZATEGUI2.jpg","_links":{"self":[{"href":"https:\/\/diarioprincipios.com\/index.php\/wp-json\/wp\/v2\/posts\/20771","targetHints":{"allow":["GET"]}}],"collection":[{"href":"https:\/\/diarioprincipios.com\/index.php\/wp-json\/wp\/v2\/posts"}],"about":[{"href":"https:\/\/diarioprincipios.com\/index.php\/wp-json\/wp\/v2\/types\/post"}],"author":[{"embeddable":true,"href":"https:\/\/diarioprincipios.com\/index.php\/wp-json\/wp\/v2\/users\/2"}],"replies":[{"embeddable":true,"href":"https:\/\/diarioprincipios.com\/index.php\/wp-json\/wp\/v2\/comments?post=20771"}],"version-history":[{"count":1,"href":"https:\/\/diarioprincipios.com\/index.php\/wp-json\/wp\/v2\/posts\/20771\/revisions"}],"predecessor-version":[{"id":20775,"href":"https:\/\/diarioprincipios.com\/index.php\/wp-json\/wp\/v2\/posts\/20771\/revisions\/20775"}],"wp:featuredmedia":[{"embeddable":true,"href":"https:\/\/diarioprincipios.com\/index.php\/wp-json\/wp\/v2\/media\/20774"}],"wp:attachment":[{"href":"https:\/\/diarioprincipios.com\/index.php\/wp-json\/wp\/v2\/media?parent=20771"}],"wp:term":[{"taxonomy":"category","embeddable":true,"href":"https:\/\/diarioprincipios.com\/index.php\/wp-json\/wp\/v2\/categories?post=20771"},{"taxonomy":"post_tag","embeddable":true,"href":"https:\/\/diarioprincipios.com\/index.php\/wp-json\/wp\/v2\/tags?post=20771"}],"curies":[{"name":"wp","href":"https:\/\/api.w.org\/{rel}","templated":true}]}}