{"id":20760,"date":"2024-02-20T16:34:49","date_gmt":"2024-02-20T19:34:49","guid":{"rendered":"http:\/\/diarioprincipios.com\/?p=20760"},"modified":"2024-02-20T16:34:51","modified_gmt":"2024-02-20T19:34:51","slug":"jornada-municipal-de-salud-integral-en-la-prosperidad","status":"publish","type":"post","link":"https:\/\/diarioprincipios.com\/index.php\/2024\/02\/20\/jornada-municipal-de-salud-integral-en-la-prosperidad\/","title":{"rendered":"Jornada Municipal de Salud Integral en La Prosperidad"},"content":{"rendered":"\n<p><strong>Se llev\u00f3 a cabo en la Sociedad de Fomento La Prosperidad, donde vecinos y vecinas accedieron a distintos servicios sanitarios de manera gratuita.<\/strong><br>La jornada fue organizada por la Secretar\u00eda de Salud P\u00fablica e Higiene de la Municipalidad de Berazategui, por impulso del intendente municipal, Juan Jos\u00e9 Mussi, y cont\u00f3 con la participaci\u00f3n del Gobierno de la provincia de Buenos Aires.<\/p>\n\n\n\n<figure class=\"wp-block-image size-large\"><img loading=\"lazy\" decoding=\"async\" width=\"1024\" height=\"683\" src=\"https:\/\/diarioprincipios.com\/wp-content\/uploads\/2024\/02\/JORNADA-MUNICIPAL-DE-SALUD-INTEGRAL-EN-LA-PROSPERIDAD1-1024x683.jpg\" alt=\"\" class=\"wp-image-20761\" srcset=\"https:\/\/diarioprincipios.com\/wp-content\/uploads\/2024\/02\/JORNADA-MUNICIPAL-DE-SALUD-INTEGRAL-EN-LA-PROSPERIDAD1-1024x683.jpg 1024w, https:\/\/diarioprincipios.com\/wp-content\/uploads\/2024\/02\/JORNADA-MUNICIPAL-DE-SALUD-INTEGRAL-EN-LA-PROSPERIDAD1-300x200.jpg 300w, https:\/\/diarioprincipios.com\/wp-content\/uploads\/2024\/02\/JORNADA-MUNICIPAL-DE-SALUD-INTEGRAL-EN-LA-PROSPERIDAD1-768x512.jpg 768w, https:\/\/diarioprincipios.com\/wp-content\/uploads\/2024\/02\/JORNADA-MUNICIPAL-DE-SALUD-INTEGRAL-EN-LA-PROSPERIDAD1-1536x1024.jpg 1536w, https:\/\/diarioprincipios.com\/wp-content\/uploads\/2024\/02\/JORNADA-MUNICIPAL-DE-SALUD-INTEGRAL-EN-LA-PROSPERIDAD1-2048x1366.jpg 2048w\" sizes=\"auto, (max-width: 1024px) 100vw, 1024px\" \/><\/figure>\n\n\n\n<p><br>Adriana Nogueira, directora m\u00e9dica de Atenci\u00f3n Primaria de la Secretar\u00eda de Salud P\u00fablica municipal, explic\u00f3: \u201cComo todos los a\u00f1os, llevamos, barrio por barrio, la salud a la comunidad de Berazategui. Entre otros servicios, brindamos asistencia m\u00e9dica, vacunaci\u00f3n, test r\u00e1pido de s\u00edfilis y VIH, consejer\u00eda en salud sexual y reproductiva en conjunto con agentes de salud del Gobierno bonaerense. En esta oportunidad nos acompa\u00f1a la asociaci\u00f3n civil Milagroso Eslab\u00f3n, con el objetivo de sensibilizar y dar a conocer la problem\u00e1tica del S\u00edndrome de Angelman\u201d.<\/p>\n\n\n\n<figure class=\"wp-block-image size-large\"><img loading=\"lazy\" decoding=\"async\" width=\"1024\" height=\"683\" src=\"https:\/\/diarioprincipios.com\/wp-content\/uploads\/2024\/02\/JORNADA-MUNICIPAL-DE-SALUD-INTEGRAL-EN-LA-PROSPERIDAD2-1024x683.jpg\" alt=\"\" class=\"wp-image-20762\" srcset=\"https:\/\/diarioprincipios.com\/wp-content\/uploads\/2024\/02\/JORNADA-MUNICIPAL-DE-SALUD-INTEGRAL-EN-LA-PROSPERIDAD2-1024x683.jpg 1024w, https:\/\/diarioprincipios.com\/wp-content\/uploads\/2024\/02\/JORNADA-MUNICIPAL-DE-SALUD-INTEGRAL-EN-LA-PROSPERIDAD2-300x200.jpg 300w, https:\/\/diarioprincipios.com\/wp-content\/uploads\/2024\/02\/JORNADA-MUNICIPAL-DE-SALUD-INTEGRAL-EN-LA-PROSPERIDAD2-768x512.jpg 768w, https:\/\/diarioprincipios.com\/wp-content\/uploads\/2024\/02\/JORNADA-MUNICIPAL-DE-SALUD-INTEGRAL-EN-LA-PROSPERIDAD2-1536x1024.jpg 1536w, https:\/\/diarioprincipios.com\/wp-content\/uploads\/2024\/02\/JORNADA-MUNICIPAL-DE-SALUD-INTEGRAL-EN-LA-PROSPERIDAD2-2048x1366.jpg 2048w\" sizes=\"auto, (max-width: 1024px) 100vw, 1024px\" \/><\/figure>\n\n\n\n<p><br>A su vez, una de las vecinas presentes, Luisa G\u00f3mez, afirm\u00f3: \u201cLa propuesta de la Municipalidad est\u00e1 genial, las familias se acercan para controlar a sus hijos con el pediatra, cuidar su salud bucal, aprender en el taller de RCP\u2026La verdad es que hay muy buena predisposici\u00f3n de todos los que integran este equipo para ayudar a la gente del barrio\u201d.<br>All\u00ed se brindaron las siguientes prestaciones:-Detecci\u00f3n de pacientes con factores de riesgo y toma de tensi\u00f3n arterial, peso, talla e \u00edndice de masa corporal.-Atenci\u00f3n cl\u00ednica y pedi\u00e1trica.-Atenci\u00f3n de la Red de Salud Mental y SEDRONAR.-Consejer\u00eda de salud sexual y reproductiva.-Firma de libretas AUH.-Vacunaci\u00f3n de Calendario y COVID-19.-Capacitaci\u00f3n en RCP y uso de DEA.-Test r\u00e1pido de VIH \/ S\u00edfilis.-Control de salud bucal, con entrega de certificado para el inicio escolar.<br>Para m\u00e1s informaci\u00f3n sobre las pol\u00edticas sanitarias berazateguenses, ingresar en\u00a0<a href=\"http:\/\/berazategui.gob.ar\/salud\" target=\"_blank\" rel=\"noreferrer noopener\">berazategui.gob.ar\/salud<\/a><\/p>\n","protected":false},"excerpt":{"rendered":"<p>Se llev\u00f3 a cabo en la Sociedad de Fomento La Prosperidad, donde vecinos y vecinas accedieron a distintos servicios sanitarios de manera gratuita.La jornada fue organizada por la Secretar\u00eda de Salud P\u00fablica e Higiene de la Municipalidad de Berazategui, por impulso del intendente municipal, Juan Jos\u00e9 Mussi, y cont\u00f3 con la participaci\u00f3n del Gobierno de&#8230;<\/p>\n","protected":false},"author":2,"featured_media":20763,"comment_status":"open","ping_status":"open","sticky":false,"template":"","format":"standard","meta":{"footnotes":""},"categories":[3],"tags":[],"class_list":["post-20760","post","type-post","status-publish","format-standard","has-post-thumbnail","hentry","category-berazategui"],"featured_image_src":"https:\/\/diarioprincipios.com\/wp-content\/uploads\/2024\/02\/JORNADA-MUNICIPAL-DE-SALUD-INTEGRAL-EN-LA-PROSPERIDAD-1024x683.jpg","blog_images":{"medium":"https:\/\/diarioprincipios.com\/wp-content\/uploads\/2024\/02\/JORNADA-MUNICIPAL-DE-SALUD-INTEGRAL-EN-LA-PROSPERIDAD-300x200.jpg","large":"https:\/\/diarioprincipios.com\/wp-content\/uploads\/2024\/02\/JORNADA-MUNICIPAL-DE-SALUD-INTEGRAL-EN-LA-PROSPERIDAD-1024x683.jpg"},"ams_acf":[],"yoast_head":"<!-- This site is optimized with the Yoast SEO plugin v27.3 - https:\/\/yoast.com\/product\/yoast-seo-wordpress\/ -->\n<title>Jornada Municipal de Salud Integral en La Prosperidad - Principios<\/title>\n<meta name=\"robots\" content=\"index, follow, max-snippet:-1, max-image-preview:large, max-video-preview:-1\" \/>\n<link rel=\"canonical\" href=\"https:\/\/diarioprincipios.com\/index.php\/2024\/02\/20\/jornada-municipal-de-salud-integral-en-la-prosperidad\/\" \/>\n<meta property=\"og:locale\" content=\"es_ES\" \/>\n<meta property=\"og:type\" content=\"article\" \/>\n<meta property=\"og:title\" content=\"Jornada Municipal de Salud Integral en La Prosperidad - Principios\" \/>\n<meta property=\"og:description\" content=\"Se llev\u00f3 a cabo en la Sociedad de Fomento La Prosperidad, donde vecinos y vecinas accedieron a distintos servicios sanitarios de manera gratuita.La jornada fue organizada por la Secretar\u00eda de Salud P\u00fablica e Higiene de la Municipalidad de Berazategui, por impulso del intendente municipal, Juan Jos\u00e9 Mussi, y cont\u00f3 con la participaci\u00f3n del Gobierno de...\" \/>\n<meta property=\"og:url\" content=\"https:\/\/diarioprincipios.com\/index.php\/2024\/02\/20\/jornada-municipal-de-salud-integral-en-la-prosperidad\/\" \/>\n<meta property=\"og:site_name\" content=\"Principios\" \/>\n<meta property=\"article:published_time\" content=\"2024-02-20T19:34:49+00:00\" \/>\n<meta property=\"article:modified_time\" content=\"2024-02-20T19:34:51+00:00\" \/>\n<meta property=\"og:image\" content=\"https:\/\/diarioprincipios.com\/wp-content\/uploads\/2024\/02\/JORNADA-MUNICIPAL-DE-SALUD-INTEGRAL-EN-LA-PROSPERIDAD-scaled.jpg\" \/>\n\t<meta property=\"og:image:width\" content=\"2560\" \/>\n\t<meta property=\"og:image:height\" content=\"1707\" \/>\n\t<meta property=\"og:image:type\" content=\"image\/jpeg\" \/>\n<meta name=\"author\" content=\"Hern\u00e1n L\u00f3pez\" \/>\n<meta name=\"twitter:card\" content=\"summary_large_image\" \/>\n<meta name=\"twitter:label1\" content=\"Escrito por\" \/>\n\t<meta name=\"twitter:data1\" content=\"Hern\u00e1n L\u00f3pez\" \/>\n\t<meta name=\"twitter:label2\" content=\"Tiempo de lectura\" \/>\n\t<meta name=\"twitter:data2\" content=\"2 minutos\" \/>\n<script type=\"application\/ld+json\" class=\"yoast-schema-graph\">{\"@context\":\"https:\\\/\\\/schema.org\",\"@graph\":[{\"@type\":\"Article\",\"@id\":\"https:\\\/\\\/diarioprincipios.com\\\/index.php\\\/2024\\\/02\\\/20\\\/jornada-municipal-de-salud-integral-en-la-prosperidad\\\/#article\",\"isPartOf\":{\"@id\":\"https:\\\/\\\/diarioprincipios.com\\\/index.php\\\/2024\\\/02\\\/20\\\/jornada-municipal-de-salud-integral-en-la-prosperidad\\\/\"},\"author\":{\"name\":\"Hern\u00e1n L\u00f3pez\",\"@id\":\"https:\\\/\\\/diarioprincipios.com\\\/#\\\/schema\\\/person\\\/436d5a1fd41a5e250e23ff5a6a7cb080\"},\"headline\":\"Jornada Municipal de Salud Integral en La Prosperidad\",\"datePublished\":\"2024-02-20T19:34:49+00:00\",\"dateModified\":\"2024-02-20T19:34:51+00:00\",\"mainEntityOfPage\":{\"@id\":\"https:\\\/\\\/diarioprincipios.com\\\/index.php\\\/2024\\\/02\\\/20\\\/jornada-municipal-de-salud-integral-en-la-prosperidad\\\/\"},\"wordCount\":339,\"commentCount\":0,\"publisher\":{\"@id\":\"https:\\\/\\\/diarioprincipios.com\\\/#organization\"},\"image\":{\"@id\":\"https:\\\/\\\/diarioprincipios.com\\\/index.php\\\/2024\\\/02\\\/20\\\/jornada-municipal-de-salud-integral-en-la-prosperidad\\\/#primaryimage\"},\"thumbnailUrl\":\"https:\\\/\\\/diarioprincipios.com\\\/wp-content\\\/uploads\\\/2024\\\/02\\\/JORNADA-MUNICIPAL-DE-SALUD-INTEGRAL-EN-LA-PROSPERIDAD-scaled.jpg\",\"articleSection\":[\"Berazategui\"],\"inLanguage\":\"es\",\"potentialAction\":[{\"@type\":\"CommentAction\",\"name\":\"Comment\",\"target\":[\"https:\\\/\\\/diarioprincipios.com\\\/index.php\\\/2024\\\/02\\\/20\\\/jornada-municipal-de-salud-integral-en-la-prosperidad\\\/#respond\"]}]},{\"@type\":\"WebPage\",\"@id\":\"https:\\\/\\\/diarioprincipios.com\\\/index.php\\\/2024\\\/02\\\/20\\\/jornada-municipal-de-salud-integral-en-la-prosperidad\\\/\",\"url\":\"https:\\\/\\\/diarioprincipios.com\\\/index.php\\\/2024\\\/02\\\/20\\\/jornada-municipal-de-salud-integral-en-la-prosperidad\\\/\",\"name\":\"Jornada Municipal de Salud Integral en La Prosperidad - Principios\",\"isPartOf\":{\"@id\":\"https:\\\/\\\/diarioprincipios.com\\\/#website\"},\"primaryImageOfPage\":{\"@id\":\"https:\\\/\\\/diarioprincipios.com\\\/index.php\\\/2024\\\/02\\\/20\\\/jornada-municipal-de-salud-integral-en-la-prosperidad\\\/#primaryimage\"},\"image\":{\"@id\":\"https:\\\/\\\/diarioprincipios.com\\\/index.php\\\/2024\\\/02\\\/20\\\/jornada-municipal-de-salud-integral-en-la-prosperidad\\\/#primaryimage\"},\"thumbnailUrl\":\"https:\\\/\\\/diarioprincipios.com\\\/wp-content\\\/uploads\\\/2024\\\/02\\\/JORNADA-MUNICIPAL-DE-SALUD-INTEGRAL-EN-LA-PROSPERIDAD-scaled.jpg\",\"datePublished\":\"2024-02-20T19:34:49+00:00\",\"dateModified\":\"2024-02-20T19:34:51+00:00\",\"breadcrumb\":{\"@id\":\"https:\\\/\\\/diarioprincipios.com\\\/index.php\\\/2024\\\/02\\\/20\\\/jornada-municipal-de-salud-integral-en-la-prosperidad\\\/#breadcrumb\"},\"inLanguage\":\"es\",\"potentialAction\":[{\"@type\":\"ReadAction\",\"target\":[\"https:\\\/\\\/diarioprincipios.com\\\/index.php\\\/2024\\\/02\\\/20\\\/jornada-municipal-de-salud-integral-en-la-prosperidad\\\/\"]}]},{\"@type\":\"ImageObject\",\"inLanguage\":\"es\",\"@id\":\"https:\\\/\\\/diarioprincipios.com\\\/index.php\\\/2024\\\/02\\\/20\\\/jornada-municipal-de-salud-integral-en-la-prosperidad\\\/#primaryimage\",\"url\":\"https:\\\/\\\/diarioprincipios.com\\\/wp-content\\\/uploads\\\/2024\\\/02\\\/JORNADA-MUNICIPAL-DE-SALUD-INTEGRAL-EN-LA-PROSPERIDAD-scaled.jpg\",\"contentUrl\":\"https:\\\/\\\/diarioprincipios.com\\\/wp-content\\\/uploads\\\/2024\\\/02\\\/JORNADA-MUNICIPAL-DE-SALUD-INTEGRAL-EN-LA-PROSPERIDAD-scaled.jpg\",\"width\":2560,\"height\":1707},{\"@type\":\"BreadcrumbList\",\"@id\":\"https:\\\/\\\/diarioprincipios.com\\\/index.php\\\/2024\\\/02\\\/20\\\/jornada-municipal-de-salud-integral-en-la-prosperidad\\\/#breadcrumb\",\"itemListElement\":[{\"@type\":\"ListItem\",\"position\":1,\"name\":\"Portada\",\"item\":\"https:\\\/\\\/diarioprincipios.com\\\/\"},{\"@type\":\"ListItem\",\"position\":2,\"name\":\"Jornada Municipal de Salud Integral en La Prosperidad\"}]},{\"@type\":\"WebSite\",\"@id\":\"https:\\\/\\\/diarioprincipios.com\\\/#website\",\"url\":\"https:\\\/\\\/diarioprincipios.com\\\/\",\"name\":\"Principios\",\"description\":\"Principios Diario\",\"publisher\":{\"@id\":\"https:\\\/\\\/diarioprincipios.com\\\/#organization\"},\"potentialAction\":[{\"@type\":\"SearchAction\",\"target\":{\"@type\":\"EntryPoint\",\"urlTemplate\":\"https:\\\/\\\/diarioprincipios.com\\\/?s={search_term_string}\"},\"query-input\":{\"@type\":\"PropertyValueSpecification\",\"valueRequired\":true,\"valueName\":\"search_term_string\"}}],\"inLanguage\":\"es\"},{\"@type\":\"Organization\",\"@id\":\"https:\\\/\\\/diarioprincipios.com\\\/#organization\",\"name\":\"Principios\",\"url\":\"https:\\\/\\\/diarioprincipios.com\\\/\",\"logo\":{\"@type\":\"ImageObject\",\"inLanguage\":\"es\",\"@id\":\"https:\\\/\\\/diarioprincipios.com\\\/#\\\/schema\\\/logo\\\/image\\\/\",\"url\":\"https:\\\/\\\/diarioprincipios.com\\\/wp-content\\\/uploads\\\/2024\\\/04\\\/cropped-www.diarioprincipios.com_-1.png\",\"contentUrl\":\"https:\\\/\\\/diarioprincipios.com\\\/wp-content\\\/uploads\\\/2024\\\/04\\\/cropped-www.diarioprincipios.com_-1.png\",\"width\":5325,\"height\":1454,\"caption\":\"Principios\"},\"image\":{\"@id\":\"https:\\\/\\\/diarioprincipios.com\\\/#\\\/schema\\\/logo\\\/image\\\/\"}},{\"@type\":\"Person\",\"@id\":\"https:\\\/\\\/diarioprincipios.com\\\/#\\\/schema\\\/person\\\/436d5a1fd41a5e250e23ff5a6a7cb080\",\"name\":\"Hern\u00e1n L\u00f3pez\",\"image\":{\"@type\":\"ImageObject\",\"inLanguage\":\"es\",\"@id\":\"https:\\\/\\\/diarioprincipios.com\\\/wp-content\\\/litespeed\\\/avatar\\\/11ddfe5610ff3bd100522525b2571f48.jpg?ver=1777653193\",\"url\":\"https:\\\/\\\/diarioprincipios.com\\\/wp-content\\\/litespeed\\\/avatar\\\/11ddfe5610ff3bd100522525b2571f48.jpg?ver=1777653193\",\"contentUrl\":\"https:\\\/\\\/diarioprincipios.com\\\/wp-content\\\/litespeed\\\/avatar\\\/11ddfe5610ff3bd100522525b2571f48.jpg?ver=1777653193\",\"caption\":\"Hern\u00e1n L\u00f3pez\"},\"url\":\"https:\\\/\\\/diarioprincipios.com\\\/index.php\\\/author\\\/hernan\\\/\"}]}<\/script>\n<!-- \/ Yoast SEO plugin. -->","yoast_head_json":{"title":"Jornada Municipal de Salud Integral en La Prosperidad - Principios","robots":{"index":"index","follow":"follow","max-snippet":"max-snippet:-1","max-image-preview":"max-image-preview:large","max-video-preview":"max-video-preview:-1"},"canonical":"https:\/\/diarioprincipios.com\/index.php\/2024\/02\/20\/jornada-municipal-de-salud-integral-en-la-prosperidad\/","og_locale":"es_ES","og_type":"article","og_title":"Jornada Municipal de Salud Integral en La Prosperidad - Principios","og_description":"Se llev\u00f3 a cabo en la Sociedad de Fomento La Prosperidad, donde vecinos y vecinas accedieron a distintos servicios sanitarios de manera gratuita.La jornada fue organizada por la Secretar\u00eda de Salud P\u00fablica e Higiene de la Municipalidad de Berazategui, por impulso del intendente municipal, Juan Jos\u00e9 Mussi, y cont\u00f3 con la participaci\u00f3n del Gobierno de...","og_url":"https:\/\/diarioprincipios.com\/index.php\/2024\/02\/20\/jornada-municipal-de-salud-integral-en-la-prosperidad\/","og_site_name":"Principios","article_published_time":"2024-02-20T19:34:49+00:00","article_modified_time":"2024-02-20T19:34:51+00:00","og_image":[{"width":2560,"height":1707,"url":"https:\/\/diarioprincipios.com\/wp-content\/uploads\/2024\/02\/JORNADA-MUNICIPAL-DE-SALUD-INTEGRAL-EN-LA-PROSPERIDAD-scaled.jpg","type":"image\/jpeg"}],"author":"Hern\u00e1n L\u00f3pez","twitter_card":"summary_large_image","twitter_misc":{"Escrito por":"Hern\u00e1n L\u00f3pez","Tiempo de lectura":"2 minutos"},"schema":{"@context":"https:\/\/schema.org","@graph":[{"@type":"Article","@id":"https:\/\/diarioprincipios.com\/index.php\/2024\/02\/20\/jornada-municipal-de-salud-integral-en-la-prosperidad\/#article","isPartOf":{"@id":"https:\/\/diarioprincipios.com\/index.php\/2024\/02\/20\/jornada-municipal-de-salud-integral-en-la-prosperidad\/"},"author":{"name":"Hern\u00e1n L\u00f3pez","@id":"https:\/\/diarioprincipios.com\/#\/schema\/person\/436d5a1fd41a5e250e23ff5a6a7cb080"},"headline":"Jornada Municipal de Salud Integral en La Prosperidad","datePublished":"2024-02-20T19:34:49+00:00","dateModified":"2024-02-20T19:34:51+00:00","mainEntityOfPage":{"@id":"https:\/\/diarioprincipios.com\/index.php\/2024\/02\/20\/jornada-municipal-de-salud-integral-en-la-prosperidad\/"},"wordCount":339,"commentCount":0,"publisher":{"@id":"https:\/\/diarioprincipios.com\/#organization"},"image":{"@id":"https:\/\/diarioprincipios.com\/index.php\/2024\/02\/20\/jornada-municipal-de-salud-integral-en-la-prosperidad\/#primaryimage"},"thumbnailUrl":"https:\/\/diarioprincipios.com\/wp-content\/uploads\/2024\/02\/JORNADA-MUNICIPAL-DE-SALUD-INTEGRAL-EN-LA-PROSPERIDAD-scaled.jpg","articleSection":["Berazategui"],"inLanguage":"es","potentialAction":[{"@type":"CommentAction","name":"Comment","target":["https:\/\/diarioprincipios.com\/index.php\/2024\/02\/20\/jornada-municipal-de-salud-integral-en-la-prosperidad\/#respond"]}]},{"@type":"WebPage","@id":"https:\/\/diarioprincipios.com\/index.php\/2024\/02\/20\/jornada-municipal-de-salud-integral-en-la-prosperidad\/","url":"https:\/\/diarioprincipios.com\/index.php\/2024\/02\/20\/jornada-municipal-de-salud-integral-en-la-prosperidad\/","name":"Jornada Municipal de Salud Integral en La Prosperidad - Principios","isPartOf":{"@id":"https:\/\/diarioprincipios.com\/#website"},"primaryImageOfPage":{"@id":"https:\/\/diarioprincipios.com\/index.php\/2024\/02\/20\/jornada-municipal-de-salud-integral-en-la-prosperidad\/#primaryimage"},"image":{"@id":"https:\/\/diarioprincipios.com\/index.php\/2024\/02\/20\/jornada-municipal-de-salud-integral-en-la-prosperidad\/#primaryimage"},"thumbnailUrl":"https:\/\/diarioprincipios.com\/wp-content\/uploads\/2024\/02\/JORNADA-MUNICIPAL-DE-SALUD-INTEGRAL-EN-LA-PROSPERIDAD-scaled.jpg","datePublished":"2024-02-20T19:34:49+00:00","dateModified":"2024-02-20T19:34:51+00:00","breadcrumb":{"@id":"https:\/\/diarioprincipios.com\/index.php\/2024\/02\/20\/jornada-municipal-de-salud-integral-en-la-prosperidad\/#breadcrumb"},"inLanguage":"es","potentialAction":[{"@type":"ReadAction","target":["https:\/\/diarioprincipios.com\/index.php\/2024\/02\/20\/jornada-municipal-de-salud-integral-en-la-prosperidad\/"]}]},{"@type":"ImageObject","inLanguage":"es","@id":"https:\/\/diarioprincipios.com\/index.php\/2024\/02\/20\/jornada-municipal-de-salud-integral-en-la-prosperidad\/#primaryimage","url":"https:\/\/diarioprincipios.com\/wp-content\/uploads\/2024\/02\/JORNADA-MUNICIPAL-DE-SALUD-INTEGRAL-EN-LA-PROSPERIDAD-scaled.jpg","contentUrl":"https:\/\/diarioprincipios.com\/wp-content\/uploads\/2024\/02\/JORNADA-MUNICIPAL-DE-SALUD-INTEGRAL-EN-LA-PROSPERIDAD-scaled.jpg","width":2560,"height":1707},{"@type":"BreadcrumbList","@id":"https:\/\/diarioprincipios.com\/index.php\/2024\/02\/20\/jornada-municipal-de-salud-integral-en-la-prosperidad\/#breadcrumb","itemListElement":[{"@type":"ListItem","position":1,"name":"Portada","item":"https:\/\/diarioprincipios.com\/"},{"@type":"ListItem","position":2,"name":"Jornada Municipal de Salud Integral en La Prosperidad"}]},{"@type":"WebSite","@id":"https:\/\/diarioprincipios.com\/#website","url":"https:\/\/diarioprincipios.com\/","name":"Principios","description":"Principios Diario","publisher":{"@id":"https:\/\/diarioprincipios.com\/#organization"},"potentialAction":[{"@type":"SearchAction","target":{"@type":"EntryPoint","urlTemplate":"https:\/\/diarioprincipios.com\/?s={search_term_string}"},"query-input":{"@type":"PropertyValueSpecification","valueRequired":true,"valueName":"search_term_string"}}],"inLanguage":"es"},{"@type":"Organization","@id":"https:\/\/diarioprincipios.com\/#organization","name":"Principios","url":"https:\/\/diarioprincipios.com\/","logo":{"@type":"ImageObject","inLanguage":"es","@id":"https:\/\/diarioprincipios.com\/#\/schema\/logo\/image\/","url":"https:\/\/diarioprincipios.com\/wp-content\/uploads\/2024\/04\/cropped-www.diarioprincipios.com_-1.png","contentUrl":"https:\/\/diarioprincipios.com\/wp-content\/uploads\/2024\/04\/cropped-www.diarioprincipios.com_-1.png","width":5325,"height":1454,"caption":"Principios"},"image":{"@id":"https:\/\/diarioprincipios.com\/#\/schema\/logo\/image\/"}},{"@type":"Person","@id":"https:\/\/diarioprincipios.com\/#\/schema\/person\/436d5a1fd41a5e250e23ff5a6a7cb080","name":"Hern\u00e1n L\u00f3pez","image":{"@type":"ImageObject","inLanguage":"es","@id":"https:\/\/diarioprincipios.com\/wp-content\/litespeed\/avatar\/11ddfe5610ff3bd100522525b2571f48.jpg?ver=1777653193","url":"https:\/\/diarioprincipios.com\/wp-content\/litespeed\/avatar\/11ddfe5610ff3bd100522525b2571f48.jpg?ver=1777653193","contentUrl":"https:\/\/diarioprincipios.com\/wp-content\/litespeed\/avatar\/11ddfe5610ff3bd100522525b2571f48.jpg?ver=1777653193","caption":"Hern\u00e1n L\u00f3pez"},"url":"https:\/\/diarioprincipios.com\/index.php\/author\/hernan\/"}]}},"jetpack_featured_media_url":"https:\/\/diarioprincipios.com\/wp-content\/uploads\/2024\/02\/JORNADA-MUNICIPAL-DE-SALUD-INTEGRAL-EN-LA-PROSPERIDAD-scaled.jpg","_links":{"self":[{"href":"https:\/\/diarioprincipios.com\/index.php\/wp-json\/wp\/v2\/posts\/20760","targetHints":{"allow":["GET"]}}],"collection":[{"href":"https:\/\/diarioprincipios.com\/index.php\/wp-json\/wp\/v2\/posts"}],"about":[{"href":"https:\/\/diarioprincipios.com\/index.php\/wp-json\/wp\/v2\/types\/post"}],"author":[{"embeddable":true,"href":"https:\/\/diarioprincipios.com\/index.php\/wp-json\/wp\/v2\/users\/2"}],"replies":[{"embeddable":true,"href":"https:\/\/diarioprincipios.com\/index.php\/wp-json\/wp\/v2\/comments?post=20760"}],"version-history":[{"count":1,"href":"https:\/\/diarioprincipios.com\/index.php\/wp-json\/wp\/v2\/posts\/20760\/revisions"}],"predecessor-version":[{"id":20764,"href":"https:\/\/diarioprincipios.com\/index.php\/wp-json\/wp\/v2\/posts\/20760\/revisions\/20764"}],"wp:featuredmedia":[{"embeddable":true,"href":"https:\/\/diarioprincipios.com\/index.php\/wp-json\/wp\/v2\/media\/20763"}],"wp:attachment":[{"href":"https:\/\/diarioprincipios.com\/index.php\/wp-json\/wp\/v2\/media?parent=20760"}],"wp:term":[{"taxonomy":"category","embeddable":true,"href":"https:\/\/diarioprincipios.com\/index.php\/wp-json\/wp\/v2\/categories?post=20760"},{"taxonomy":"post_tag","embeddable":true,"href":"https:\/\/diarioprincipios.com\/index.php\/wp-json\/wp\/v2\/tags?post=20760"}],"curies":[{"name":"wp","href":"https:\/\/api.w.org\/{rel}","templated":true}]}}