{"id":20749,"date":"2024-02-20T15:36:50","date_gmt":"2024-02-20T18:36:50","guid":{"rendered":"http:\/\/diarioprincipios.com\/?p=20749"},"modified":"2024-02-20T15:36:52","modified_gmt":"2024-02-20T18:36:52","slug":"se-habilito-la-inscripcion-al-boleto-terciario-y-universitario","status":"publish","type":"post","link":"https:\/\/diarioprincipios.com\/index.php\/2024\/02\/20\/se-habilito-la-inscripcion-al-boleto-terciario-y-universitario\/","title":{"rendered":"Se habilit\u00f3 la inscripci\u00f3n al Boleto Terciario y Universitario"},"content":{"rendered":"\n<p>El Ministerio de Transporte de la Provincia de Buenos Aires anunci\u00f3 el inicio del tr\u00e1mite de inscripci\u00f3n del Boleto Estudiantil de cara al ciclo lectivo 2024. Es para estudiantes terciarios y universitarios que cumplan con los requisitos.<\/p>\n\n\n\n<p>El Ministerio de Transporte de la Provincia de Buenos Aires, conducido por Jorge D\u2019Onofrio, anunci\u00f3 la habilitaci\u00f3n del tr\u00e1mite para acceder al Boleto Estudiantil para niveles Terciario y Universitario. De cara al ciclo lectivo 2024, la medida abarca a las y los estudiantes que no hayan realizado el proceso administrativo con anterioridad y cumplan con los requisitos. Se trata del reconocimiento de 45 viajes mensuales para cada alumno y alumna.<\/p>\n\n\n\n<p>En lo que respecta al nivel Terciario, se debe ser alumno regular; residir a una distancia mayor a los 2.000 metros del establecimiento educativo; estudiar en una sede bonaerense, ya sea en el \u00c1rea Metropolitana Buenos Aires (AMBA) o las localidades del interior con sistema SUBE. Adem\u00e1s, debe contar con el a\u00f1o acad\u00e9mico previo aprobado y el o la beneficiaria no debe poseer t\u00edtulo terciario o universitario.<\/p>\n\n\n\n<p>En tanto, para el hacer uso del derecho Universitario, se debe residir a una distancia mayor a los 2.000 metros del establecimiento educativo, contar con la totalidad del a\u00f1o acad\u00e9mico anterior aprobado. Asimismo, el Boleto Estudiantil es para quienes no cuenten con un t\u00edtulo superior.<\/p>\n\n\n\n<p>De esta manera, el Ministerio de Transporte bonaerense avanza con el reconocimiento pleno de un derecho para miles de estudiantes de toda la Provincia. Cabe se\u00f1alar que, con el impulso del gobernador Axel Kicillof y el ministro D\u00b4Onofrio, el derecho se ampli\u00f3 a todas las Universidades del Interior y a los institutos Terciarios alcanzando a un universo de m\u00e1s de 900 mil j\u00f3venes que pueden acceder a sus estudios en igualdad de condiciones.<\/p>\n\n\n\n<p>\u201cCon el boleto para los niveles universitarios y terciarios logramos que los pibes y pibas puedan llegar a sus lugares de estudio y mantenerse. Sostener a un pibe o una piba que necesita viajar es igualdad, es justicia social\u201d, liquid\u00f3 D\u00b4Onofrio.<\/p>\n","protected":false},"excerpt":{"rendered":"<p>El Ministerio de Transporte de la Provincia de Buenos Aires anunci\u00f3 el inicio del tr\u00e1mite de inscripci\u00f3n del Boleto Estudiantil de cara al ciclo lectivo 2024. Es para estudiantes terciarios y universitarios que cumplan con los requisitos. El Ministerio de Transporte de la Provincia de Buenos Aires, conducido por Jorge D\u2019Onofrio, anunci\u00f3 la habilitaci\u00f3n del&#8230;<\/p>\n","protected":false},"author":2,"featured_media":20750,"comment_status":"open","ping_status":"open","sticky":false,"template":"","format":"standard","meta":{"footnotes":""},"categories":[7],"tags":[],"class_list":["post-20749","post","type-post","status-publish","format-standard","has-post-thumbnail","hentry","category-provincia"],"featured_image_src":"https:\/\/diarioprincipios.com\/wp-content\/uploads\/2024\/02\/e5b21509-0350-4702-9916-1b5557e84236-1024x732.jpg","blog_images":{"medium":"https:\/\/diarioprincipios.com\/wp-content\/uploads\/2024\/02\/e5b21509-0350-4702-9916-1b5557e84236-300x214.jpg","large":"https:\/\/diarioprincipios.com\/wp-content\/uploads\/2024\/02\/e5b21509-0350-4702-9916-1b5557e84236-1024x732.jpg"},"ams_acf":[],"yoast_head":"<!-- This site is optimized with the Yoast SEO plugin v27.3 - https:\/\/yoast.com\/product\/yoast-seo-wordpress\/ -->\n<title>Se habilit\u00f3 la inscripci\u00f3n al Boleto Terciario y Universitario - Principios<\/title>\n<meta name=\"robots\" content=\"index, follow, max-snippet:-1, max-image-preview:large, max-video-preview:-1\" \/>\n<link rel=\"canonical\" href=\"https:\/\/diarioprincipios.com\/index.php\/2024\/02\/20\/se-habilito-la-inscripcion-al-boleto-terciario-y-universitario\/\" \/>\n<meta property=\"og:locale\" content=\"es_ES\" \/>\n<meta property=\"og:type\" content=\"article\" \/>\n<meta property=\"og:title\" content=\"Se habilit\u00f3 la inscripci\u00f3n al Boleto Terciario y Universitario - Principios\" \/>\n<meta property=\"og:description\" content=\"El Ministerio de Transporte de la Provincia de Buenos Aires anunci\u00f3 el inicio del tr\u00e1mite de inscripci\u00f3n del Boleto Estudiantil de cara al ciclo lectivo 2024. Es para estudiantes terciarios y universitarios que cumplan con los requisitos. El Ministerio de Transporte de la Provincia de Buenos Aires, conducido por Jorge D\u2019Onofrio, anunci\u00f3 la habilitaci\u00f3n del...\" \/>\n<meta property=\"og:url\" content=\"https:\/\/diarioprincipios.com\/index.php\/2024\/02\/20\/se-habilito-la-inscripcion-al-boleto-terciario-y-universitario\/\" \/>\n<meta property=\"og:site_name\" content=\"Principios\" \/>\n<meta property=\"article:published_time\" content=\"2024-02-20T18:36:50+00:00\" \/>\n<meta property=\"article:modified_time\" content=\"2024-02-20T18:36:52+00:00\" \/>\n<meta property=\"og:image\" content=\"https:\/\/diarioprincipios.com\/wp-content\/uploads\/2024\/02\/e5b21509-0350-4702-9916-1b5557e84236.jpg\" \/>\n\t<meta property=\"og:image:width\" content=\"1600\" \/>\n\t<meta property=\"og:image:height\" content=\"1143\" \/>\n\t<meta property=\"og:image:type\" content=\"image\/jpeg\" \/>\n<meta name=\"author\" content=\"Hern\u00e1n L\u00f3pez\" \/>\n<meta name=\"twitter:card\" content=\"summary_large_image\" \/>\n<meta name=\"twitter:label1\" content=\"Escrito por\" \/>\n\t<meta name=\"twitter:data1\" content=\"Hern\u00e1n L\u00f3pez\" \/>\n\t<meta name=\"twitter:label2\" content=\"Tiempo de lectura\" \/>\n\t<meta name=\"twitter:data2\" content=\"2 minutos\" \/>\n<script type=\"application\/ld+json\" class=\"yoast-schema-graph\">{\"@context\":\"https:\\\/\\\/schema.org\",\"@graph\":[{\"@type\":\"Article\",\"@id\":\"https:\\\/\\\/diarioprincipios.com\\\/index.php\\\/2024\\\/02\\\/20\\\/se-habilito-la-inscripcion-al-boleto-terciario-y-universitario\\\/#article\",\"isPartOf\":{\"@id\":\"https:\\\/\\\/diarioprincipios.com\\\/index.php\\\/2024\\\/02\\\/20\\\/se-habilito-la-inscripcion-al-boleto-terciario-y-universitario\\\/\"},\"author\":{\"name\":\"Hern\u00e1n L\u00f3pez\",\"@id\":\"https:\\\/\\\/diarioprincipios.com\\\/#\\\/schema\\\/person\\\/436d5a1fd41a5e250e23ff5a6a7cb080\"},\"headline\":\"Se habilit\u00f3 la inscripci\u00f3n al Boleto Terciario y Universitario\",\"datePublished\":\"2024-02-20T18:36:50+00:00\",\"dateModified\":\"2024-02-20T18:36:52+00:00\",\"mainEntityOfPage\":{\"@id\":\"https:\\\/\\\/diarioprincipios.com\\\/index.php\\\/2024\\\/02\\\/20\\\/se-habilito-la-inscripcion-al-boleto-terciario-y-universitario\\\/\"},\"wordCount\":354,\"commentCount\":0,\"publisher\":{\"@id\":\"https:\\\/\\\/diarioprincipios.com\\\/#organization\"},\"image\":{\"@id\":\"https:\\\/\\\/diarioprincipios.com\\\/index.php\\\/2024\\\/02\\\/20\\\/se-habilito-la-inscripcion-al-boleto-terciario-y-universitario\\\/#primaryimage\"},\"thumbnailUrl\":\"https:\\\/\\\/diarioprincipios.com\\\/wp-content\\\/uploads\\\/2024\\\/02\\\/e5b21509-0350-4702-9916-1b5557e84236.jpg\",\"articleSection\":[\"Provincia\"],\"inLanguage\":\"es\",\"potentialAction\":[{\"@type\":\"CommentAction\",\"name\":\"Comment\",\"target\":[\"https:\\\/\\\/diarioprincipios.com\\\/index.php\\\/2024\\\/02\\\/20\\\/se-habilito-la-inscripcion-al-boleto-terciario-y-universitario\\\/#respond\"]}]},{\"@type\":\"WebPage\",\"@id\":\"https:\\\/\\\/diarioprincipios.com\\\/index.php\\\/2024\\\/02\\\/20\\\/se-habilito-la-inscripcion-al-boleto-terciario-y-universitario\\\/\",\"url\":\"https:\\\/\\\/diarioprincipios.com\\\/index.php\\\/2024\\\/02\\\/20\\\/se-habilito-la-inscripcion-al-boleto-terciario-y-universitario\\\/\",\"name\":\"Se habilit\u00f3 la inscripci\u00f3n al Boleto Terciario y Universitario - Principios\",\"isPartOf\":{\"@id\":\"https:\\\/\\\/diarioprincipios.com\\\/#website\"},\"primaryImageOfPage\":{\"@id\":\"https:\\\/\\\/diarioprincipios.com\\\/index.php\\\/2024\\\/02\\\/20\\\/se-habilito-la-inscripcion-al-boleto-terciario-y-universitario\\\/#primaryimage\"},\"image\":{\"@id\":\"https:\\\/\\\/diarioprincipios.com\\\/index.php\\\/2024\\\/02\\\/20\\\/se-habilito-la-inscripcion-al-boleto-terciario-y-universitario\\\/#primaryimage\"},\"thumbnailUrl\":\"https:\\\/\\\/diarioprincipios.com\\\/wp-content\\\/uploads\\\/2024\\\/02\\\/e5b21509-0350-4702-9916-1b5557e84236.jpg\",\"datePublished\":\"2024-02-20T18:36:50+00:00\",\"dateModified\":\"2024-02-20T18:36:52+00:00\",\"breadcrumb\":{\"@id\":\"https:\\\/\\\/diarioprincipios.com\\\/index.php\\\/2024\\\/02\\\/20\\\/se-habilito-la-inscripcion-al-boleto-terciario-y-universitario\\\/#breadcrumb\"},\"inLanguage\":\"es\",\"potentialAction\":[{\"@type\":\"ReadAction\",\"target\":[\"https:\\\/\\\/diarioprincipios.com\\\/index.php\\\/2024\\\/02\\\/20\\\/se-habilito-la-inscripcion-al-boleto-terciario-y-universitario\\\/\"]}]},{\"@type\":\"ImageObject\",\"inLanguage\":\"es\",\"@id\":\"https:\\\/\\\/diarioprincipios.com\\\/index.php\\\/2024\\\/02\\\/20\\\/se-habilito-la-inscripcion-al-boleto-terciario-y-universitario\\\/#primaryimage\",\"url\":\"https:\\\/\\\/diarioprincipios.com\\\/wp-content\\\/uploads\\\/2024\\\/02\\\/e5b21509-0350-4702-9916-1b5557e84236.jpg\",\"contentUrl\":\"https:\\\/\\\/diarioprincipios.com\\\/wp-content\\\/uploads\\\/2024\\\/02\\\/e5b21509-0350-4702-9916-1b5557e84236.jpg\",\"width\":1600,\"height\":1143},{\"@type\":\"BreadcrumbList\",\"@id\":\"https:\\\/\\\/diarioprincipios.com\\\/index.php\\\/2024\\\/02\\\/20\\\/se-habilito-la-inscripcion-al-boleto-terciario-y-universitario\\\/#breadcrumb\",\"itemListElement\":[{\"@type\":\"ListItem\",\"position\":1,\"name\":\"Portada\",\"item\":\"https:\\\/\\\/diarioprincipios.com\\\/\"},{\"@type\":\"ListItem\",\"position\":2,\"name\":\"Se habilit\u00f3 la inscripci\u00f3n al Boleto Terciario y Universitario\"}]},{\"@type\":\"WebSite\",\"@id\":\"https:\\\/\\\/diarioprincipios.com\\\/#website\",\"url\":\"https:\\\/\\\/diarioprincipios.com\\\/\",\"name\":\"Principios\",\"description\":\"Principios Diario\",\"publisher\":{\"@id\":\"https:\\\/\\\/diarioprincipios.com\\\/#organization\"},\"potentialAction\":[{\"@type\":\"SearchAction\",\"target\":{\"@type\":\"EntryPoint\",\"urlTemplate\":\"https:\\\/\\\/diarioprincipios.com\\\/?s={search_term_string}\"},\"query-input\":{\"@type\":\"PropertyValueSpecification\",\"valueRequired\":true,\"valueName\":\"search_term_string\"}}],\"inLanguage\":\"es\"},{\"@type\":\"Organization\",\"@id\":\"https:\\\/\\\/diarioprincipios.com\\\/#organization\",\"name\":\"Principios\",\"url\":\"https:\\\/\\\/diarioprincipios.com\\\/\",\"logo\":{\"@type\":\"ImageObject\",\"inLanguage\":\"es\",\"@id\":\"https:\\\/\\\/diarioprincipios.com\\\/#\\\/schema\\\/logo\\\/image\\\/\",\"url\":\"https:\\\/\\\/diarioprincipios.com\\\/wp-content\\\/uploads\\\/2024\\\/04\\\/cropped-www.diarioprincipios.com_-1.png\",\"contentUrl\":\"https:\\\/\\\/diarioprincipios.com\\\/wp-content\\\/uploads\\\/2024\\\/04\\\/cropped-www.diarioprincipios.com_-1.png\",\"width\":5325,\"height\":1454,\"caption\":\"Principios\"},\"image\":{\"@id\":\"https:\\\/\\\/diarioprincipios.com\\\/#\\\/schema\\\/logo\\\/image\\\/\"}},{\"@type\":\"Person\",\"@id\":\"https:\\\/\\\/diarioprincipios.com\\\/#\\\/schema\\\/person\\\/436d5a1fd41a5e250e23ff5a6a7cb080\",\"name\":\"Hern\u00e1n L\u00f3pez\",\"image\":{\"@type\":\"ImageObject\",\"inLanguage\":\"es\",\"@id\":\"https:\\\/\\\/diarioprincipios.com\\\/wp-content\\\/litespeed\\\/avatar\\\/11ddfe5610ff3bd100522525b2571f48.jpg?ver=1777048341\",\"url\":\"https:\\\/\\\/diarioprincipios.com\\\/wp-content\\\/litespeed\\\/avatar\\\/11ddfe5610ff3bd100522525b2571f48.jpg?ver=1777048341\",\"contentUrl\":\"https:\\\/\\\/diarioprincipios.com\\\/wp-content\\\/litespeed\\\/avatar\\\/11ddfe5610ff3bd100522525b2571f48.jpg?ver=1777048341\",\"caption\":\"Hern\u00e1n L\u00f3pez\"},\"url\":\"https:\\\/\\\/diarioprincipios.com\\\/index.php\\\/author\\\/hernan\\\/\"}]}<\/script>\n<!-- \/ Yoast SEO plugin. -->","yoast_head_json":{"title":"Se habilit\u00f3 la inscripci\u00f3n al Boleto Terciario y Universitario - Principios","robots":{"index":"index","follow":"follow","max-snippet":"max-snippet:-1","max-image-preview":"max-image-preview:large","max-video-preview":"max-video-preview:-1"},"canonical":"https:\/\/diarioprincipios.com\/index.php\/2024\/02\/20\/se-habilito-la-inscripcion-al-boleto-terciario-y-universitario\/","og_locale":"es_ES","og_type":"article","og_title":"Se habilit\u00f3 la inscripci\u00f3n al Boleto Terciario y Universitario - Principios","og_description":"El Ministerio de Transporte de la Provincia de Buenos Aires anunci\u00f3 el inicio del tr\u00e1mite de inscripci\u00f3n del Boleto Estudiantil de cara al ciclo lectivo 2024. Es para estudiantes terciarios y universitarios que cumplan con los requisitos. El Ministerio de Transporte de la Provincia de Buenos Aires, conducido por Jorge D\u2019Onofrio, anunci\u00f3 la habilitaci\u00f3n del...","og_url":"https:\/\/diarioprincipios.com\/index.php\/2024\/02\/20\/se-habilito-la-inscripcion-al-boleto-terciario-y-universitario\/","og_site_name":"Principios","article_published_time":"2024-02-20T18:36:50+00:00","article_modified_time":"2024-02-20T18:36:52+00:00","og_image":[{"width":1600,"height":1143,"url":"https:\/\/diarioprincipios.com\/wp-content\/uploads\/2024\/02\/e5b21509-0350-4702-9916-1b5557e84236.jpg","type":"image\/jpeg"}],"author":"Hern\u00e1n L\u00f3pez","twitter_card":"summary_large_image","twitter_misc":{"Escrito por":"Hern\u00e1n L\u00f3pez","Tiempo de lectura":"2 minutos"},"schema":{"@context":"https:\/\/schema.org","@graph":[{"@type":"Article","@id":"https:\/\/diarioprincipios.com\/index.php\/2024\/02\/20\/se-habilito-la-inscripcion-al-boleto-terciario-y-universitario\/#article","isPartOf":{"@id":"https:\/\/diarioprincipios.com\/index.php\/2024\/02\/20\/se-habilito-la-inscripcion-al-boleto-terciario-y-universitario\/"},"author":{"name":"Hern\u00e1n L\u00f3pez","@id":"https:\/\/diarioprincipios.com\/#\/schema\/person\/436d5a1fd41a5e250e23ff5a6a7cb080"},"headline":"Se habilit\u00f3 la inscripci\u00f3n al Boleto Terciario y Universitario","datePublished":"2024-02-20T18:36:50+00:00","dateModified":"2024-02-20T18:36:52+00:00","mainEntityOfPage":{"@id":"https:\/\/diarioprincipios.com\/index.php\/2024\/02\/20\/se-habilito-la-inscripcion-al-boleto-terciario-y-universitario\/"},"wordCount":354,"commentCount":0,"publisher":{"@id":"https:\/\/diarioprincipios.com\/#organization"},"image":{"@id":"https:\/\/diarioprincipios.com\/index.php\/2024\/02\/20\/se-habilito-la-inscripcion-al-boleto-terciario-y-universitario\/#primaryimage"},"thumbnailUrl":"https:\/\/diarioprincipios.com\/wp-content\/uploads\/2024\/02\/e5b21509-0350-4702-9916-1b5557e84236.jpg","articleSection":["Provincia"],"inLanguage":"es","potentialAction":[{"@type":"CommentAction","name":"Comment","target":["https:\/\/diarioprincipios.com\/index.php\/2024\/02\/20\/se-habilito-la-inscripcion-al-boleto-terciario-y-universitario\/#respond"]}]},{"@type":"WebPage","@id":"https:\/\/diarioprincipios.com\/index.php\/2024\/02\/20\/se-habilito-la-inscripcion-al-boleto-terciario-y-universitario\/","url":"https:\/\/diarioprincipios.com\/index.php\/2024\/02\/20\/se-habilito-la-inscripcion-al-boleto-terciario-y-universitario\/","name":"Se habilit\u00f3 la inscripci\u00f3n al Boleto Terciario y Universitario - Principios","isPartOf":{"@id":"https:\/\/diarioprincipios.com\/#website"},"primaryImageOfPage":{"@id":"https:\/\/diarioprincipios.com\/index.php\/2024\/02\/20\/se-habilito-la-inscripcion-al-boleto-terciario-y-universitario\/#primaryimage"},"image":{"@id":"https:\/\/diarioprincipios.com\/index.php\/2024\/02\/20\/se-habilito-la-inscripcion-al-boleto-terciario-y-universitario\/#primaryimage"},"thumbnailUrl":"https:\/\/diarioprincipios.com\/wp-content\/uploads\/2024\/02\/e5b21509-0350-4702-9916-1b5557e84236.jpg","datePublished":"2024-02-20T18:36:50+00:00","dateModified":"2024-02-20T18:36:52+00:00","breadcrumb":{"@id":"https:\/\/diarioprincipios.com\/index.php\/2024\/02\/20\/se-habilito-la-inscripcion-al-boleto-terciario-y-universitario\/#breadcrumb"},"inLanguage":"es","potentialAction":[{"@type":"ReadAction","target":["https:\/\/diarioprincipios.com\/index.php\/2024\/02\/20\/se-habilito-la-inscripcion-al-boleto-terciario-y-universitario\/"]}]},{"@type":"ImageObject","inLanguage":"es","@id":"https:\/\/diarioprincipios.com\/index.php\/2024\/02\/20\/se-habilito-la-inscripcion-al-boleto-terciario-y-universitario\/#primaryimage","url":"https:\/\/diarioprincipios.com\/wp-content\/uploads\/2024\/02\/e5b21509-0350-4702-9916-1b5557e84236.jpg","contentUrl":"https:\/\/diarioprincipios.com\/wp-content\/uploads\/2024\/02\/e5b21509-0350-4702-9916-1b5557e84236.jpg","width":1600,"height":1143},{"@type":"BreadcrumbList","@id":"https:\/\/diarioprincipios.com\/index.php\/2024\/02\/20\/se-habilito-la-inscripcion-al-boleto-terciario-y-universitario\/#breadcrumb","itemListElement":[{"@type":"ListItem","position":1,"name":"Portada","item":"https:\/\/diarioprincipios.com\/"},{"@type":"ListItem","position":2,"name":"Se habilit\u00f3 la inscripci\u00f3n al Boleto Terciario y Universitario"}]},{"@type":"WebSite","@id":"https:\/\/diarioprincipios.com\/#website","url":"https:\/\/diarioprincipios.com\/","name":"Principios","description":"Principios Diario","publisher":{"@id":"https:\/\/diarioprincipios.com\/#organization"},"potentialAction":[{"@type":"SearchAction","target":{"@type":"EntryPoint","urlTemplate":"https:\/\/diarioprincipios.com\/?s={search_term_string}"},"query-input":{"@type":"PropertyValueSpecification","valueRequired":true,"valueName":"search_term_string"}}],"inLanguage":"es"},{"@type":"Organization","@id":"https:\/\/diarioprincipios.com\/#organization","name":"Principios","url":"https:\/\/diarioprincipios.com\/","logo":{"@type":"ImageObject","inLanguage":"es","@id":"https:\/\/diarioprincipios.com\/#\/schema\/logo\/image\/","url":"https:\/\/diarioprincipios.com\/wp-content\/uploads\/2024\/04\/cropped-www.diarioprincipios.com_-1.png","contentUrl":"https:\/\/diarioprincipios.com\/wp-content\/uploads\/2024\/04\/cropped-www.diarioprincipios.com_-1.png","width":5325,"height":1454,"caption":"Principios"},"image":{"@id":"https:\/\/diarioprincipios.com\/#\/schema\/logo\/image\/"}},{"@type":"Person","@id":"https:\/\/diarioprincipios.com\/#\/schema\/person\/436d5a1fd41a5e250e23ff5a6a7cb080","name":"Hern\u00e1n L\u00f3pez","image":{"@type":"ImageObject","inLanguage":"es","@id":"https:\/\/diarioprincipios.com\/wp-content\/litespeed\/avatar\/11ddfe5610ff3bd100522525b2571f48.jpg?ver=1777048341","url":"https:\/\/diarioprincipios.com\/wp-content\/litespeed\/avatar\/11ddfe5610ff3bd100522525b2571f48.jpg?ver=1777048341","contentUrl":"https:\/\/diarioprincipios.com\/wp-content\/litespeed\/avatar\/11ddfe5610ff3bd100522525b2571f48.jpg?ver=1777048341","caption":"Hern\u00e1n L\u00f3pez"},"url":"https:\/\/diarioprincipios.com\/index.php\/author\/hernan\/"}]}},"jetpack_featured_media_url":"https:\/\/diarioprincipios.com\/wp-content\/uploads\/2024\/02\/e5b21509-0350-4702-9916-1b5557e84236.jpg","_links":{"self":[{"href":"https:\/\/diarioprincipios.com\/index.php\/wp-json\/wp\/v2\/posts\/20749","targetHints":{"allow":["GET"]}}],"collection":[{"href":"https:\/\/diarioprincipios.com\/index.php\/wp-json\/wp\/v2\/posts"}],"about":[{"href":"https:\/\/diarioprincipios.com\/index.php\/wp-json\/wp\/v2\/types\/post"}],"author":[{"embeddable":true,"href":"https:\/\/diarioprincipios.com\/index.php\/wp-json\/wp\/v2\/users\/2"}],"replies":[{"embeddable":true,"href":"https:\/\/diarioprincipios.com\/index.php\/wp-json\/wp\/v2\/comments?post=20749"}],"version-history":[{"count":1,"href":"https:\/\/diarioprincipios.com\/index.php\/wp-json\/wp\/v2\/posts\/20749\/revisions"}],"predecessor-version":[{"id":20751,"href":"https:\/\/diarioprincipios.com\/index.php\/wp-json\/wp\/v2\/posts\/20749\/revisions\/20751"}],"wp:featuredmedia":[{"embeddable":true,"href":"https:\/\/diarioprincipios.com\/index.php\/wp-json\/wp\/v2\/media\/20750"}],"wp:attachment":[{"href":"https:\/\/diarioprincipios.com\/index.php\/wp-json\/wp\/v2\/media?parent=20749"}],"wp:term":[{"taxonomy":"category","embeddable":true,"href":"https:\/\/diarioprincipios.com\/index.php\/wp-json\/wp\/v2\/categories?post=20749"},{"taxonomy":"post_tag","embeddable":true,"href":"https:\/\/diarioprincipios.com\/index.php\/wp-json\/wp\/v2\/tags?post=20749"}],"curies":[{"name":"wp","href":"https:\/\/api.w.org\/{rel}","templated":true}]}}