{"id":20746,"date":"2024-02-20T14:08:17","date_gmt":"2024-02-20T17:08:17","guid":{"rendered":"http:\/\/diarioprincipios.com\/?p=20746"},"modified":"2024-02-20T14:08:20","modified_gmt":"2024-02-20T17:08:20","slug":"el-gobierno-bonaerense-repudio-la-presencia-del-canciller-britanico-en-malvinas","status":"publish","type":"post","link":"https:\/\/diarioprincipios.com\/index.php\/2024\/02\/20\/el-gobierno-bonaerense-repudio-la-presencia-del-canciller-britanico-en-malvinas\/","title":{"rendered":"El Gobierno Bonaerense repudi\u00f3 la presencia del Canciller Brit\u00e1nico en Malvinas"},"content":{"rendered":"\n<p>El Gobierno de la provincia de Buenos Aires repudi\u00f3 \u00abla provocadora presencia del<br>canciller brit\u00e1nico David Cameron en nuestras Islas Malvinas y hace suyas las<br>palabras del gobernador de la hermana provincia de Tierra del Fuego, Ant\u00e1rtida e<br>Islas del Atl\u00e1ntico Sur, Profesor Gustavo Melella, denunciando el intento de<br>menoscabo de nuestros leg\u00edtimos derechos soberanos, as\u00ed como tambi\u00e9n las<br>pr\u00e1cticas colonialistas que sostiene el Reino Unido en pleno siglo XXI\u00bb.<br>\u00abLa actitud del gobierno brit\u00e1nico no debe ser minimizada y amerita una condena<br>contundente de todo el arco pol\u00edtico nacional, acorde a nuestro posicionamiento<br>hist\u00f3rico, y tal como lo dispone la Constituci\u00f3n Nacional en su Disposici\u00f3n<br>Transitoria Primera donde subraya nuestra leg\u00edtima e imprescriptible soberan\u00eda<br>sobre las Islas Malvinas, Georgias del Sur y Sandwich del Sur y los espacios<br>mar\u00edtimos e insulares correspondientes por ser parte integrante del territorio<br>nacional; y manifiesta que la recuperaci\u00f3n de dichos territorios y el ejercicio pleno de<br>la soberan\u00eda, respetando el modo de vida de sus habitantes y conforme a los<br>principios del derecho internacional, constituyen un objetivo permanente e<br>irrenunciable del pueblo argentino\u00bb, destacaron desde el Gobierno de la Provincia de Buenos Aires mediante un comunicado.<\/p>\n","protected":false},"excerpt":{"rendered":"<p>El Gobierno de la provincia de Buenos Aires repudi\u00f3 \u00abla provocadora presencia delcanciller brit\u00e1nico David Cameron en nuestras Islas Malvinas y hace suyas laspalabras del gobernador de la hermana provincia de Tierra del Fuego, Ant\u00e1rtida eIslas del Atl\u00e1ntico Sur, Profesor Gustavo Melella, denunciando el intento demenoscabo de nuestros leg\u00edtimos derechos soberanos, as\u00ed como tambi\u00e9n laspr\u00e1cticas&#8230;<\/p>\n","protected":false},"author":2,"featured_media":20747,"comment_status":"open","ping_status":"open","sticky":false,"template":"","format":"standard","meta":{"footnotes":""},"categories":[7],"tags":[],"class_list":["post-20746","post","type-post","status-publish","format-standard","has-post-thumbnail","hentry","category-provincia"],"featured_image_src":"https:\/\/diarioprincipios.com\/wp-content\/uploads\/2024\/02\/20240220132730_kicillof-cameron-islas-malvinas.jpg","blog_images":{"medium":"https:\/\/diarioprincipios.com\/wp-content\/uploads\/2024\/02\/20240220132730_kicillof-cameron-islas-malvinas-300x175.jpg","large":"https:\/\/diarioprincipios.com\/wp-content\/uploads\/2024\/02\/20240220132730_kicillof-cameron-islas-malvinas.jpg"},"ams_acf":[],"yoast_head":"<!-- This site is optimized with the Yoast SEO plugin v27.3 - https:\/\/yoast.com\/product\/yoast-seo-wordpress\/ -->\n<title>El Gobierno Bonaerense repudi\u00f3 la presencia del Canciller Brit\u00e1nico en Malvinas - Principios<\/title>\n<meta name=\"robots\" content=\"index, follow, max-snippet:-1, max-image-preview:large, max-video-preview:-1\" \/>\n<link rel=\"canonical\" href=\"https:\/\/diarioprincipios.com\/index.php\/2024\/02\/20\/el-gobierno-bonaerense-repudio-la-presencia-del-canciller-britanico-en-malvinas\/\" \/>\n<meta property=\"og:locale\" content=\"es_ES\" \/>\n<meta property=\"og:type\" content=\"article\" \/>\n<meta property=\"og:title\" content=\"El Gobierno Bonaerense repudi\u00f3 la presencia del Canciller Brit\u00e1nico en Malvinas - Principios\" \/>\n<meta property=\"og:description\" content=\"El Gobierno de la provincia de Buenos Aires repudi\u00f3 \u00abla provocadora presencia delcanciller brit\u00e1nico David Cameron en nuestras Islas Malvinas y hace suyas laspalabras del gobernador de la hermana provincia de Tierra del Fuego, Ant\u00e1rtida eIslas del Atl\u00e1ntico Sur, Profesor Gustavo Melella, denunciando el intento demenoscabo de nuestros leg\u00edtimos derechos soberanos, as\u00ed como tambi\u00e9n laspr\u00e1cticas...\" \/>\n<meta property=\"og:url\" content=\"https:\/\/diarioprincipios.com\/index.php\/2024\/02\/20\/el-gobierno-bonaerense-repudio-la-presencia-del-canciller-britanico-en-malvinas\/\" \/>\n<meta property=\"og:site_name\" content=\"Principios\" \/>\n<meta property=\"article:published_time\" content=\"2024-02-20T17:08:17+00:00\" \/>\n<meta property=\"article:modified_time\" content=\"2024-02-20T17:08:20+00:00\" \/>\n<meta property=\"og:image\" content=\"https:\/\/diarioprincipios.com\/wp-content\/uploads\/2024\/02\/20240220132730_kicillof-cameron-islas-malvinas.jpg\" \/>\n\t<meta property=\"og:image:width\" content=\"880\" \/>\n\t<meta property=\"og:image:height\" content=\"512\" \/>\n\t<meta property=\"og:image:type\" content=\"image\/jpeg\" \/>\n<meta name=\"author\" content=\"Hern\u00e1n L\u00f3pez\" \/>\n<meta name=\"twitter:card\" content=\"summary_large_image\" \/>\n<meta name=\"twitter:label1\" content=\"Escrito por\" \/>\n\t<meta name=\"twitter:data1\" content=\"Hern\u00e1n L\u00f3pez\" \/>\n\t<meta name=\"twitter:label2\" content=\"Tiempo de lectura\" \/>\n\t<meta name=\"twitter:data2\" content=\"1 minuto\" \/>\n<script type=\"application\/ld+json\" class=\"yoast-schema-graph\">{\"@context\":\"https:\\\/\\\/schema.org\",\"@graph\":[{\"@type\":\"Article\",\"@id\":\"https:\\\/\\\/diarioprincipios.com\\\/index.php\\\/2024\\\/02\\\/20\\\/el-gobierno-bonaerense-repudio-la-presencia-del-canciller-britanico-en-malvinas\\\/#article\",\"isPartOf\":{\"@id\":\"https:\\\/\\\/diarioprincipios.com\\\/index.php\\\/2024\\\/02\\\/20\\\/el-gobierno-bonaerense-repudio-la-presencia-del-canciller-britanico-en-malvinas\\\/\"},\"author\":{\"name\":\"Hern\u00e1n L\u00f3pez\",\"@id\":\"https:\\\/\\\/diarioprincipios.com\\\/#\\\/schema\\\/person\\\/436d5a1fd41a5e250e23ff5a6a7cb080\"},\"headline\":\"El Gobierno Bonaerense repudi\u00f3 la presencia del Canciller Brit\u00e1nico en Malvinas\",\"datePublished\":\"2024-02-20T17:08:17+00:00\",\"dateModified\":\"2024-02-20T17:08:20+00:00\",\"mainEntityOfPage\":{\"@id\":\"https:\\\/\\\/diarioprincipios.com\\\/index.php\\\/2024\\\/02\\\/20\\\/el-gobierno-bonaerense-repudio-la-presencia-del-canciller-britanico-en-malvinas\\\/\"},\"wordCount\":207,\"commentCount\":0,\"publisher\":{\"@id\":\"https:\\\/\\\/diarioprincipios.com\\\/#organization\"},\"image\":{\"@id\":\"https:\\\/\\\/diarioprincipios.com\\\/index.php\\\/2024\\\/02\\\/20\\\/el-gobierno-bonaerense-repudio-la-presencia-del-canciller-britanico-en-malvinas\\\/#primaryimage\"},\"thumbnailUrl\":\"https:\\\/\\\/diarioprincipios.com\\\/wp-content\\\/uploads\\\/2024\\\/02\\\/20240220132730_kicillof-cameron-islas-malvinas.jpg\",\"articleSection\":[\"Provincia\"],\"inLanguage\":\"es\",\"potentialAction\":[{\"@type\":\"CommentAction\",\"name\":\"Comment\",\"target\":[\"https:\\\/\\\/diarioprincipios.com\\\/index.php\\\/2024\\\/02\\\/20\\\/el-gobierno-bonaerense-repudio-la-presencia-del-canciller-britanico-en-malvinas\\\/#respond\"]}]},{\"@type\":\"WebPage\",\"@id\":\"https:\\\/\\\/diarioprincipios.com\\\/index.php\\\/2024\\\/02\\\/20\\\/el-gobierno-bonaerense-repudio-la-presencia-del-canciller-britanico-en-malvinas\\\/\",\"url\":\"https:\\\/\\\/diarioprincipios.com\\\/index.php\\\/2024\\\/02\\\/20\\\/el-gobierno-bonaerense-repudio-la-presencia-del-canciller-britanico-en-malvinas\\\/\",\"name\":\"El Gobierno Bonaerense repudi\u00f3 la presencia del Canciller Brit\u00e1nico en Malvinas - Principios\",\"isPartOf\":{\"@id\":\"https:\\\/\\\/diarioprincipios.com\\\/#website\"},\"primaryImageOfPage\":{\"@id\":\"https:\\\/\\\/diarioprincipios.com\\\/index.php\\\/2024\\\/02\\\/20\\\/el-gobierno-bonaerense-repudio-la-presencia-del-canciller-britanico-en-malvinas\\\/#primaryimage\"},\"image\":{\"@id\":\"https:\\\/\\\/diarioprincipios.com\\\/index.php\\\/2024\\\/02\\\/20\\\/el-gobierno-bonaerense-repudio-la-presencia-del-canciller-britanico-en-malvinas\\\/#primaryimage\"},\"thumbnailUrl\":\"https:\\\/\\\/diarioprincipios.com\\\/wp-content\\\/uploads\\\/2024\\\/02\\\/20240220132730_kicillof-cameron-islas-malvinas.jpg\",\"datePublished\":\"2024-02-20T17:08:17+00:00\",\"dateModified\":\"2024-02-20T17:08:20+00:00\",\"breadcrumb\":{\"@id\":\"https:\\\/\\\/diarioprincipios.com\\\/index.php\\\/2024\\\/02\\\/20\\\/el-gobierno-bonaerense-repudio-la-presencia-del-canciller-britanico-en-malvinas\\\/#breadcrumb\"},\"inLanguage\":\"es\",\"potentialAction\":[{\"@type\":\"ReadAction\",\"target\":[\"https:\\\/\\\/diarioprincipios.com\\\/index.php\\\/2024\\\/02\\\/20\\\/el-gobierno-bonaerense-repudio-la-presencia-del-canciller-britanico-en-malvinas\\\/\"]}]},{\"@type\":\"ImageObject\",\"inLanguage\":\"es\",\"@id\":\"https:\\\/\\\/diarioprincipios.com\\\/index.php\\\/2024\\\/02\\\/20\\\/el-gobierno-bonaerense-repudio-la-presencia-del-canciller-britanico-en-malvinas\\\/#primaryimage\",\"url\":\"https:\\\/\\\/diarioprincipios.com\\\/wp-content\\\/uploads\\\/2024\\\/02\\\/20240220132730_kicillof-cameron-islas-malvinas.jpg\",\"contentUrl\":\"https:\\\/\\\/diarioprincipios.com\\\/wp-content\\\/uploads\\\/2024\\\/02\\\/20240220132730_kicillof-cameron-islas-malvinas.jpg\",\"width\":880,\"height\":512},{\"@type\":\"BreadcrumbList\",\"@id\":\"https:\\\/\\\/diarioprincipios.com\\\/index.php\\\/2024\\\/02\\\/20\\\/el-gobierno-bonaerense-repudio-la-presencia-del-canciller-britanico-en-malvinas\\\/#breadcrumb\",\"itemListElement\":[{\"@type\":\"ListItem\",\"position\":1,\"name\":\"Portada\",\"item\":\"https:\\\/\\\/diarioprincipios.com\\\/\"},{\"@type\":\"ListItem\",\"position\":2,\"name\":\"El Gobierno Bonaerense repudi\u00f3 la presencia del Canciller Brit\u00e1nico en Malvinas\"}]},{\"@type\":\"WebSite\",\"@id\":\"https:\\\/\\\/diarioprincipios.com\\\/#website\",\"url\":\"https:\\\/\\\/diarioprincipios.com\\\/\",\"name\":\"Principios\",\"description\":\"Principios Diario\",\"publisher\":{\"@id\":\"https:\\\/\\\/diarioprincipios.com\\\/#organization\"},\"potentialAction\":[{\"@type\":\"SearchAction\",\"target\":{\"@type\":\"EntryPoint\",\"urlTemplate\":\"https:\\\/\\\/diarioprincipios.com\\\/?s={search_term_string}\"},\"query-input\":{\"@type\":\"PropertyValueSpecification\",\"valueRequired\":true,\"valueName\":\"search_term_string\"}}],\"inLanguage\":\"es\"},{\"@type\":\"Organization\",\"@id\":\"https:\\\/\\\/diarioprincipios.com\\\/#organization\",\"name\":\"Principios\",\"url\":\"https:\\\/\\\/diarioprincipios.com\\\/\",\"logo\":{\"@type\":\"ImageObject\",\"inLanguage\":\"es\",\"@id\":\"https:\\\/\\\/diarioprincipios.com\\\/#\\\/schema\\\/logo\\\/image\\\/\",\"url\":\"https:\\\/\\\/diarioprincipios.com\\\/wp-content\\\/uploads\\\/2024\\\/04\\\/cropped-www.diarioprincipios.com_-1.png\",\"contentUrl\":\"https:\\\/\\\/diarioprincipios.com\\\/wp-content\\\/uploads\\\/2024\\\/04\\\/cropped-www.diarioprincipios.com_-1.png\",\"width\":5325,\"height\":1454,\"caption\":\"Principios\"},\"image\":{\"@id\":\"https:\\\/\\\/diarioprincipios.com\\\/#\\\/schema\\\/logo\\\/image\\\/\"}},{\"@type\":\"Person\",\"@id\":\"https:\\\/\\\/diarioprincipios.com\\\/#\\\/schema\\\/person\\\/436d5a1fd41a5e250e23ff5a6a7cb080\",\"name\":\"Hern\u00e1n L\u00f3pez\",\"image\":{\"@type\":\"ImageObject\",\"inLanguage\":\"es\",\"@id\":\"https:\\\/\\\/diarioprincipios.com\\\/wp-content\\\/litespeed\\\/avatar\\\/11ddfe5610ff3bd100522525b2571f48.jpg?ver=1777048341\",\"url\":\"https:\\\/\\\/diarioprincipios.com\\\/wp-content\\\/litespeed\\\/avatar\\\/11ddfe5610ff3bd100522525b2571f48.jpg?ver=1777048341\",\"contentUrl\":\"https:\\\/\\\/diarioprincipios.com\\\/wp-content\\\/litespeed\\\/avatar\\\/11ddfe5610ff3bd100522525b2571f48.jpg?ver=1777048341\",\"caption\":\"Hern\u00e1n L\u00f3pez\"},\"url\":\"https:\\\/\\\/diarioprincipios.com\\\/index.php\\\/author\\\/hernan\\\/\"}]}<\/script>\n<!-- \/ Yoast SEO plugin. -->","yoast_head_json":{"title":"El Gobierno Bonaerense repudi\u00f3 la presencia del Canciller Brit\u00e1nico en Malvinas - Principios","robots":{"index":"index","follow":"follow","max-snippet":"max-snippet:-1","max-image-preview":"max-image-preview:large","max-video-preview":"max-video-preview:-1"},"canonical":"https:\/\/diarioprincipios.com\/index.php\/2024\/02\/20\/el-gobierno-bonaerense-repudio-la-presencia-del-canciller-britanico-en-malvinas\/","og_locale":"es_ES","og_type":"article","og_title":"El Gobierno Bonaerense repudi\u00f3 la presencia del Canciller Brit\u00e1nico en Malvinas - Principios","og_description":"El Gobierno de la provincia de Buenos Aires repudi\u00f3 \u00abla provocadora presencia delcanciller brit\u00e1nico David Cameron en nuestras Islas Malvinas y hace suyas laspalabras del gobernador de la hermana provincia de Tierra del Fuego, Ant\u00e1rtida eIslas del Atl\u00e1ntico Sur, Profesor Gustavo Melella, denunciando el intento demenoscabo de nuestros leg\u00edtimos derechos soberanos, as\u00ed como tambi\u00e9n laspr\u00e1cticas...","og_url":"https:\/\/diarioprincipios.com\/index.php\/2024\/02\/20\/el-gobierno-bonaerense-repudio-la-presencia-del-canciller-britanico-en-malvinas\/","og_site_name":"Principios","article_published_time":"2024-02-20T17:08:17+00:00","article_modified_time":"2024-02-20T17:08:20+00:00","og_image":[{"width":880,"height":512,"url":"https:\/\/diarioprincipios.com\/wp-content\/uploads\/2024\/02\/20240220132730_kicillof-cameron-islas-malvinas.jpg","type":"image\/jpeg"}],"author":"Hern\u00e1n L\u00f3pez","twitter_card":"summary_large_image","twitter_misc":{"Escrito por":"Hern\u00e1n L\u00f3pez","Tiempo de lectura":"1 minuto"},"schema":{"@context":"https:\/\/schema.org","@graph":[{"@type":"Article","@id":"https:\/\/diarioprincipios.com\/index.php\/2024\/02\/20\/el-gobierno-bonaerense-repudio-la-presencia-del-canciller-britanico-en-malvinas\/#article","isPartOf":{"@id":"https:\/\/diarioprincipios.com\/index.php\/2024\/02\/20\/el-gobierno-bonaerense-repudio-la-presencia-del-canciller-britanico-en-malvinas\/"},"author":{"name":"Hern\u00e1n L\u00f3pez","@id":"https:\/\/diarioprincipios.com\/#\/schema\/person\/436d5a1fd41a5e250e23ff5a6a7cb080"},"headline":"El Gobierno Bonaerense repudi\u00f3 la presencia del Canciller Brit\u00e1nico en Malvinas","datePublished":"2024-02-20T17:08:17+00:00","dateModified":"2024-02-20T17:08:20+00:00","mainEntityOfPage":{"@id":"https:\/\/diarioprincipios.com\/index.php\/2024\/02\/20\/el-gobierno-bonaerense-repudio-la-presencia-del-canciller-britanico-en-malvinas\/"},"wordCount":207,"commentCount":0,"publisher":{"@id":"https:\/\/diarioprincipios.com\/#organization"},"image":{"@id":"https:\/\/diarioprincipios.com\/index.php\/2024\/02\/20\/el-gobierno-bonaerense-repudio-la-presencia-del-canciller-britanico-en-malvinas\/#primaryimage"},"thumbnailUrl":"https:\/\/diarioprincipios.com\/wp-content\/uploads\/2024\/02\/20240220132730_kicillof-cameron-islas-malvinas.jpg","articleSection":["Provincia"],"inLanguage":"es","potentialAction":[{"@type":"CommentAction","name":"Comment","target":["https:\/\/diarioprincipios.com\/index.php\/2024\/02\/20\/el-gobierno-bonaerense-repudio-la-presencia-del-canciller-britanico-en-malvinas\/#respond"]}]},{"@type":"WebPage","@id":"https:\/\/diarioprincipios.com\/index.php\/2024\/02\/20\/el-gobierno-bonaerense-repudio-la-presencia-del-canciller-britanico-en-malvinas\/","url":"https:\/\/diarioprincipios.com\/index.php\/2024\/02\/20\/el-gobierno-bonaerense-repudio-la-presencia-del-canciller-britanico-en-malvinas\/","name":"El Gobierno Bonaerense repudi\u00f3 la presencia del Canciller Brit\u00e1nico en Malvinas - Principios","isPartOf":{"@id":"https:\/\/diarioprincipios.com\/#website"},"primaryImageOfPage":{"@id":"https:\/\/diarioprincipios.com\/index.php\/2024\/02\/20\/el-gobierno-bonaerense-repudio-la-presencia-del-canciller-britanico-en-malvinas\/#primaryimage"},"image":{"@id":"https:\/\/diarioprincipios.com\/index.php\/2024\/02\/20\/el-gobierno-bonaerense-repudio-la-presencia-del-canciller-britanico-en-malvinas\/#primaryimage"},"thumbnailUrl":"https:\/\/diarioprincipios.com\/wp-content\/uploads\/2024\/02\/20240220132730_kicillof-cameron-islas-malvinas.jpg","datePublished":"2024-02-20T17:08:17+00:00","dateModified":"2024-02-20T17:08:20+00:00","breadcrumb":{"@id":"https:\/\/diarioprincipios.com\/index.php\/2024\/02\/20\/el-gobierno-bonaerense-repudio-la-presencia-del-canciller-britanico-en-malvinas\/#breadcrumb"},"inLanguage":"es","potentialAction":[{"@type":"ReadAction","target":["https:\/\/diarioprincipios.com\/index.php\/2024\/02\/20\/el-gobierno-bonaerense-repudio-la-presencia-del-canciller-britanico-en-malvinas\/"]}]},{"@type":"ImageObject","inLanguage":"es","@id":"https:\/\/diarioprincipios.com\/index.php\/2024\/02\/20\/el-gobierno-bonaerense-repudio-la-presencia-del-canciller-britanico-en-malvinas\/#primaryimage","url":"https:\/\/diarioprincipios.com\/wp-content\/uploads\/2024\/02\/20240220132730_kicillof-cameron-islas-malvinas.jpg","contentUrl":"https:\/\/diarioprincipios.com\/wp-content\/uploads\/2024\/02\/20240220132730_kicillof-cameron-islas-malvinas.jpg","width":880,"height":512},{"@type":"BreadcrumbList","@id":"https:\/\/diarioprincipios.com\/index.php\/2024\/02\/20\/el-gobierno-bonaerense-repudio-la-presencia-del-canciller-britanico-en-malvinas\/#breadcrumb","itemListElement":[{"@type":"ListItem","position":1,"name":"Portada","item":"https:\/\/diarioprincipios.com\/"},{"@type":"ListItem","position":2,"name":"El Gobierno Bonaerense repudi\u00f3 la presencia del Canciller Brit\u00e1nico en Malvinas"}]},{"@type":"WebSite","@id":"https:\/\/diarioprincipios.com\/#website","url":"https:\/\/diarioprincipios.com\/","name":"Principios","description":"Principios Diario","publisher":{"@id":"https:\/\/diarioprincipios.com\/#organization"},"potentialAction":[{"@type":"SearchAction","target":{"@type":"EntryPoint","urlTemplate":"https:\/\/diarioprincipios.com\/?s={search_term_string}"},"query-input":{"@type":"PropertyValueSpecification","valueRequired":true,"valueName":"search_term_string"}}],"inLanguage":"es"},{"@type":"Organization","@id":"https:\/\/diarioprincipios.com\/#organization","name":"Principios","url":"https:\/\/diarioprincipios.com\/","logo":{"@type":"ImageObject","inLanguage":"es","@id":"https:\/\/diarioprincipios.com\/#\/schema\/logo\/image\/","url":"https:\/\/diarioprincipios.com\/wp-content\/uploads\/2024\/04\/cropped-www.diarioprincipios.com_-1.png","contentUrl":"https:\/\/diarioprincipios.com\/wp-content\/uploads\/2024\/04\/cropped-www.diarioprincipios.com_-1.png","width":5325,"height":1454,"caption":"Principios"},"image":{"@id":"https:\/\/diarioprincipios.com\/#\/schema\/logo\/image\/"}},{"@type":"Person","@id":"https:\/\/diarioprincipios.com\/#\/schema\/person\/436d5a1fd41a5e250e23ff5a6a7cb080","name":"Hern\u00e1n L\u00f3pez","image":{"@type":"ImageObject","inLanguage":"es","@id":"https:\/\/diarioprincipios.com\/wp-content\/litespeed\/avatar\/11ddfe5610ff3bd100522525b2571f48.jpg?ver=1777048341","url":"https:\/\/diarioprincipios.com\/wp-content\/litespeed\/avatar\/11ddfe5610ff3bd100522525b2571f48.jpg?ver=1777048341","contentUrl":"https:\/\/diarioprincipios.com\/wp-content\/litespeed\/avatar\/11ddfe5610ff3bd100522525b2571f48.jpg?ver=1777048341","caption":"Hern\u00e1n L\u00f3pez"},"url":"https:\/\/diarioprincipios.com\/index.php\/author\/hernan\/"}]}},"jetpack_featured_media_url":"https:\/\/diarioprincipios.com\/wp-content\/uploads\/2024\/02\/20240220132730_kicillof-cameron-islas-malvinas.jpg","_links":{"self":[{"href":"https:\/\/diarioprincipios.com\/index.php\/wp-json\/wp\/v2\/posts\/20746","targetHints":{"allow":["GET"]}}],"collection":[{"href":"https:\/\/diarioprincipios.com\/index.php\/wp-json\/wp\/v2\/posts"}],"about":[{"href":"https:\/\/diarioprincipios.com\/index.php\/wp-json\/wp\/v2\/types\/post"}],"author":[{"embeddable":true,"href":"https:\/\/diarioprincipios.com\/index.php\/wp-json\/wp\/v2\/users\/2"}],"replies":[{"embeddable":true,"href":"https:\/\/diarioprincipios.com\/index.php\/wp-json\/wp\/v2\/comments?post=20746"}],"version-history":[{"count":1,"href":"https:\/\/diarioprincipios.com\/index.php\/wp-json\/wp\/v2\/posts\/20746\/revisions"}],"predecessor-version":[{"id":20748,"href":"https:\/\/diarioprincipios.com\/index.php\/wp-json\/wp\/v2\/posts\/20746\/revisions\/20748"}],"wp:featuredmedia":[{"embeddable":true,"href":"https:\/\/diarioprincipios.com\/index.php\/wp-json\/wp\/v2\/media\/20747"}],"wp:attachment":[{"href":"https:\/\/diarioprincipios.com\/index.php\/wp-json\/wp\/v2\/media?parent=20746"}],"wp:term":[{"taxonomy":"category","embeddable":true,"href":"https:\/\/diarioprincipios.com\/index.php\/wp-json\/wp\/v2\/categories?post=20746"},{"taxonomy":"post_tag","embeddable":true,"href":"https:\/\/diarioprincipios.com\/index.php\/wp-json\/wp\/v2\/tags?post=20746"}],"curies":[{"name":"wp","href":"https:\/\/api.w.org\/{rel}","templated":true}]}}