{"id":20733,"date":"2024-02-19T16:36:36","date_gmt":"2024-02-19T19:36:36","guid":{"rendered":"http:\/\/diarioprincipios.com\/?p=20733"},"modified":"2024-02-19T16:36:39","modified_gmt":"2024-02-19T19:36:39","slug":"las-jornadas-municipales-de-vacunacion-antirrabica-llegan-al-barrio-argentina","status":"publish","type":"post","link":"https:\/\/diarioprincipios.com\/index.php\/2024\/02\/19\/las-jornadas-municipales-de-vacunacion-antirrabica-llegan-al-barrio-argentina\/","title":{"rendered":"Las Jornadas Municipales de Vacunaci\u00f3n Antirr\u00e1bica llegan al Barrio Argentina"},"content":{"rendered":"\n<p><strong>Se desarrollar\u00e1n jornadas de vacunaci\u00f3n antirr\u00e1bica y desparasitaci\u00f3n de perros y gatos, gratuitas, en la Sociedad de Fomento Barrio Argentina (calle 115 y 12), hasta el jueves 22 de febrero, de 9.00 a 12.00.<\/strong><\/p>\n\n\n\n<p>Esta iniciativa es organizada por la Municipalidad de Berazategui, a cargo del intendente Juan Jos\u00e9 Mussi, y llevada a cabo por profesionales de la Cl\u00ednica Veterinaria Municipal.<\/p>\n\n\n\n<figure class=\"wp-block-image size-large\"><img loading=\"lazy\" decoding=\"async\" width=\"1024\" height=\"768\" src=\"https:\/\/diarioprincipios.com\/wp-content\/uploads\/2024\/02\/LAS-JORNADAS-MUNICIPALES-DE-VACUNACION-ANTIRRABICA-LLEGAN-AL-BARRIO-ARGENTINA_1-1024x768.jpeg\" alt=\"\" class=\"wp-image-20734\" srcset=\"https:\/\/diarioprincipios.com\/wp-content\/uploads\/2024\/02\/LAS-JORNADAS-MUNICIPALES-DE-VACUNACION-ANTIRRABICA-LLEGAN-AL-BARRIO-ARGENTINA_1-1024x768.jpeg 1024w, https:\/\/diarioprincipios.com\/wp-content\/uploads\/2024\/02\/LAS-JORNADAS-MUNICIPALES-DE-VACUNACION-ANTIRRABICA-LLEGAN-AL-BARRIO-ARGENTINA_1-300x225.jpeg 300w, https:\/\/diarioprincipios.com\/wp-content\/uploads\/2024\/02\/LAS-JORNADAS-MUNICIPALES-DE-VACUNACION-ANTIRRABICA-LLEGAN-AL-BARRIO-ARGENTINA_1-768x576.jpeg 768w, https:\/\/diarioprincipios.com\/wp-content\/uploads\/2024\/02\/LAS-JORNADAS-MUNICIPALES-DE-VACUNACION-ANTIRRABICA-LLEGAN-AL-BARRIO-ARGENTINA_1-1536x1152.jpeg 1536w, https:\/\/diarioprincipios.com\/wp-content\/uploads\/2024\/02\/LAS-JORNADAS-MUNICIPALES-DE-VACUNACION-ANTIRRABICA-LLEGAN-AL-BARRIO-ARGENTINA_1.jpeg 1600w\" sizes=\"auto, (max-width: 1024px) 100vw, 1024px\" \/><\/figure>\n\n\n\n<p>Forma parte de las pol\u00edticas de promoci\u00f3n de la tenencia responsable de animales de compa\u00f1\u00eda que impulsa el Municipio desde hace varios a\u00f1os. Adem\u00e1s, la vacunaci\u00f3n reduce la transmisi\u00f3n de la rabia y otras enfermedades zoon\u00f3ticas.<\/p>\n\n\n\n<p>Para m\u00e1s informaci\u00f3n acerca de las pol\u00edticas de cuidado de los animales que se implementan en Berazategui, se puede ingresar en&nbsp;<a rel=\"noreferrer noopener\" target=\"_blank\" href=\"http:\/\/corazondezonasur.com.ar\/\">corazondezonasur.com.ar<\/a>.<\/p>\n","protected":false},"excerpt":{"rendered":"<p>Se desarrollar\u00e1n jornadas de vacunaci\u00f3n antirr\u00e1bica y desparasitaci\u00f3n de perros y gatos, gratuitas, en la Sociedad de Fomento Barrio Argentina (calle 115 y 12), hasta el jueves 22 de febrero, de 9.00 a 12.00. Esta iniciativa es organizada por la Municipalidad de Berazategui, a cargo del intendente Juan Jos\u00e9 Mussi, y llevada a cabo por&#8230;<\/p>\n","protected":false},"author":2,"featured_media":20735,"comment_status":"open","ping_status":"open","sticky":false,"template":"","format":"standard","meta":{"footnotes":""},"categories":[3],"tags":[],"class_list":["post-20733","post","type-post","status-publish","format-standard","has-post-thumbnail","hentry","category-berazategui"],"featured_image_src":"https:\/\/diarioprincipios.com\/wp-content\/uploads\/2024\/02\/LAS-JORNADAS-MUNICIPALES-DE-VACUNACION-ANTIRRABICA-LLEGAN-AL-BARRIO-ARGENTINA_4-1024x768.jpeg","blog_images":{"medium":"https:\/\/diarioprincipios.com\/wp-content\/uploads\/2024\/02\/LAS-JORNADAS-MUNICIPALES-DE-VACUNACION-ANTIRRABICA-LLEGAN-AL-BARRIO-ARGENTINA_4-300x225.jpeg","large":"https:\/\/diarioprincipios.com\/wp-content\/uploads\/2024\/02\/LAS-JORNADAS-MUNICIPALES-DE-VACUNACION-ANTIRRABICA-LLEGAN-AL-BARRIO-ARGENTINA_4-1024x768.jpeg"},"ams_acf":[],"yoast_head":"<!-- This site is optimized with the Yoast SEO plugin v27.3 - https:\/\/yoast.com\/product\/yoast-seo-wordpress\/ -->\n<title>Las Jornadas Municipales de Vacunaci\u00f3n Antirr\u00e1bica llegan al Barrio Argentina - Principios<\/title>\n<meta name=\"robots\" content=\"index, follow, max-snippet:-1, max-image-preview:large, max-video-preview:-1\" \/>\n<link rel=\"canonical\" href=\"https:\/\/diarioprincipios.com\/index.php\/2024\/02\/19\/las-jornadas-municipales-de-vacunacion-antirrabica-llegan-al-barrio-argentina\/\" \/>\n<meta property=\"og:locale\" content=\"es_ES\" \/>\n<meta property=\"og:type\" content=\"article\" \/>\n<meta property=\"og:title\" content=\"Las Jornadas Municipales de Vacunaci\u00f3n Antirr\u00e1bica llegan al Barrio Argentina - Principios\" \/>\n<meta property=\"og:description\" content=\"Se desarrollar\u00e1n jornadas de vacunaci\u00f3n antirr\u00e1bica y desparasitaci\u00f3n de perros y gatos, gratuitas, en la Sociedad de Fomento Barrio Argentina (calle 115 y 12), hasta el jueves 22 de febrero, de 9.00 a 12.00. Esta iniciativa es organizada por la Municipalidad de Berazategui, a cargo del intendente Juan Jos\u00e9 Mussi, y llevada a cabo por...\" \/>\n<meta property=\"og:url\" content=\"https:\/\/diarioprincipios.com\/index.php\/2024\/02\/19\/las-jornadas-municipales-de-vacunacion-antirrabica-llegan-al-barrio-argentina\/\" \/>\n<meta property=\"og:site_name\" content=\"Principios\" \/>\n<meta property=\"article:published_time\" content=\"2024-02-19T19:36:36+00:00\" \/>\n<meta property=\"article:modified_time\" content=\"2024-02-19T19:36:39+00:00\" \/>\n<meta property=\"og:image\" content=\"https:\/\/diarioprincipios.com\/wp-content\/uploads\/2024\/02\/LAS-JORNADAS-MUNICIPALES-DE-VACUNACION-ANTIRRABICA-LLEGAN-AL-BARRIO-ARGENTINA_4.jpeg\" \/>\n\t<meta property=\"og:image:width\" content=\"1600\" \/>\n\t<meta property=\"og:image:height\" content=\"1200\" \/>\n\t<meta property=\"og:image:type\" content=\"image\/jpeg\" \/>\n<meta name=\"author\" content=\"Hern\u00e1n L\u00f3pez\" \/>\n<meta name=\"twitter:card\" content=\"summary_large_image\" \/>\n<meta name=\"twitter:label1\" content=\"Escrito por\" \/>\n\t<meta name=\"twitter:data1\" content=\"Hern\u00e1n L\u00f3pez\" \/>\n\t<meta name=\"twitter:label2\" content=\"Tiempo de lectura\" \/>\n\t<meta name=\"twitter:data2\" content=\"1 minuto\" \/>\n<script type=\"application\/ld+json\" class=\"yoast-schema-graph\">{\"@context\":\"https:\\\/\\\/schema.org\",\"@graph\":[{\"@type\":\"Article\",\"@id\":\"https:\\\/\\\/diarioprincipios.com\\\/index.php\\\/2024\\\/02\\\/19\\\/las-jornadas-municipales-de-vacunacion-antirrabica-llegan-al-barrio-argentina\\\/#article\",\"isPartOf\":{\"@id\":\"https:\\\/\\\/diarioprincipios.com\\\/index.php\\\/2024\\\/02\\\/19\\\/las-jornadas-municipales-de-vacunacion-antirrabica-llegan-al-barrio-argentina\\\/\"},\"author\":{\"name\":\"Hern\u00e1n L\u00f3pez\",\"@id\":\"https:\\\/\\\/diarioprincipios.com\\\/#\\\/schema\\\/person\\\/436d5a1fd41a5e250e23ff5a6a7cb080\"},\"headline\":\"Las Jornadas Municipales de Vacunaci\u00f3n Antirr\u00e1bica llegan al Barrio Argentina\",\"datePublished\":\"2024-02-19T19:36:36+00:00\",\"dateModified\":\"2024-02-19T19:36:39+00:00\",\"mainEntityOfPage\":{\"@id\":\"https:\\\/\\\/diarioprincipios.com\\\/index.php\\\/2024\\\/02\\\/19\\\/las-jornadas-municipales-de-vacunacion-antirrabica-llegan-al-barrio-argentina\\\/\"},\"wordCount\":145,\"commentCount\":0,\"publisher\":{\"@id\":\"https:\\\/\\\/diarioprincipios.com\\\/#organization\"},\"image\":{\"@id\":\"https:\\\/\\\/diarioprincipios.com\\\/index.php\\\/2024\\\/02\\\/19\\\/las-jornadas-municipales-de-vacunacion-antirrabica-llegan-al-barrio-argentina\\\/#primaryimage\"},\"thumbnailUrl\":\"https:\\\/\\\/diarioprincipios.com\\\/wp-content\\\/uploads\\\/2024\\\/02\\\/LAS-JORNADAS-MUNICIPALES-DE-VACUNACION-ANTIRRABICA-LLEGAN-AL-BARRIO-ARGENTINA_4.jpeg\",\"articleSection\":[\"Berazategui\"],\"inLanguage\":\"es\",\"potentialAction\":[{\"@type\":\"CommentAction\",\"name\":\"Comment\",\"target\":[\"https:\\\/\\\/diarioprincipios.com\\\/index.php\\\/2024\\\/02\\\/19\\\/las-jornadas-municipales-de-vacunacion-antirrabica-llegan-al-barrio-argentina\\\/#respond\"]}]},{\"@type\":\"WebPage\",\"@id\":\"https:\\\/\\\/diarioprincipios.com\\\/index.php\\\/2024\\\/02\\\/19\\\/las-jornadas-municipales-de-vacunacion-antirrabica-llegan-al-barrio-argentina\\\/\",\"url\":\"https:\\\/\\\/diarioprincipios.com\\\/index.php\\\/2024\\\/02\\\/19\\\/las-jornadas-municipales-de-vacunacion-antirrabica-llegan-al-barrio-argentina\\\/\",\"name\":\"Las Jornadas Municipales de Vacunaci\u00f3n Antirr\u00e1bica llegan al Barrio Argentina - Principios\",\"isPartOf\":{\"@id\":\"https:\\\/\\\/diarioprincipios.com\\\/#website\"},\"primaryImageOfPage\":{\"@id\":\"https:\\\/\\\/diarioprincipios.com\\\/index.php\\\/2024\\\/02\\\/19\\\/las-jornadas-municipales-de-vacunacion-antirrabica-llegan-al-barrio-argentina\\\/#primaryimage\"},\"image\":{\"@id\":\"https:\\\/\\\/diarioprincipios.com\\\/index.php\\\/2024\\\/02\\\/19\\\/las-jornadas-municipales-de-vacunacion-antirrabica-llegan-al-barrio-argentina\\\/#primaryimage\"},\"thumbnailUrl\":\"https:\\\/\\\/diarioprincipios.com\\\/wp-content\\\/uploads\\\/2024\\\/02\\\/LAS-JORNADAS-MUNICIPALES-DE-VACUNACION-ANTIRRABICA-LLEGAN-AL-BARRIO-ARGENTINA_4.jpeg\",\"datePublished\":\"2024-02-19T19:36:36+00:00\",\"dateModified\":\"2024-02-19T19:36:39+00:00\",\"breadcrumb\":{\"@id\":\"https:\\\/\\\/diarioprincipios.com\\\/index.php\\\/2024\\\/02\\\/19\\\/las-jornadas-municipales-de-vacunacion-antirrabica-llegan-al-barrio-argentina\\\/#breadcrumb\"},\"inLanguage\":\"es\",\"potentialAction\":[{\"@type\":\"ReadAction\",\"target\":[\"https:\\\/\\\/diarioprincipios.com\\\/index.php\\\/2024\\\/02\\\/19\\\/las-jornadas-municipales-de-vacunacion-antirrabica-llegan-al-barrio-argentina\\\/\"]}]},{\"@type\":\"ImageObject\",\"inLanguage\":\"es\",\"@id\":\"https:\\\/\\\/diarioprincipios.com\\\/index.php\\\/2024\\\/02\\\/19\\\/las-jornadas-municipales-de-vacunacion-antirrabica-llegan-al-barrio-argentina\\\/#primaryimage\",\"url\":\"https:\\\/\\\/diarioprincipios.com\\\/wp-content\\\/uploads\\\/2024\\\/02\\\/LAS-JORNADAS-MUNICIPALES-DE-VACUNACION-ANTIRRABICA-LLEGAN-AL-BARRIO-ARGENTINA_4.jpeg\",\"contentUrl\":\"https:\\\/\\\/diarioprincipios.com\\\/wp-content\\\/uploads\\\/2024\\\/02\\\/LAS-JORNADAS-MUNICIPALES-DE-VACUNACION-ANTIRRABICA-LLEGAN-AL-BARRIO-ARGENTINA_4.jpeg\",\"width\":1600,\"height\":1200},{\"@type\":\"BreadcrumbList\",\"@id\":\"https:\\\/\\\/diarioprincipios.com\\\/index.php\\\/2024\\\/02\\\/19\\\/las-jornadas-municipales-de-vacunacion-antirrabica-llegan-al-barrio-argentina\\\/#breadcrumb\",\"itemListElement\":[{\"@type\":\"ListItem\",\"position\":1,\"name\":\"Portada\",\"item\":\"https:\\\/\\\/diarioprincipios.com\\\/\"},{\"@type\":\"ListItem\",\"position\":2,\"name\":\"Las Jornadas Municipales de Vacunaci\u00f3n Antirr\u00e1bica llegan al Barrio Argentina\"}]},{\"@type\":\"WebSite\",\"@id\":\"https:\\\/\\\/diarioprincipios.com\\\/#website\",\"url\":\"https:\\\/\\\/diarioprincipios.com\\\/\",\"name\":\"Principios\",\"description\":\"Principios Diario\",\"publisher\":{\"@id\":\"https:\\\/\\\/diarioprincipios.com\\\/#organization\"},\"potentialAction\":[{\"@type\":\"SearchAction\",\"target\":{\"@type\":\"EntryPoint\",\"urlTemplate\":\"https:\\\/\\\/diarioprincipios.com\\\/?s={search_term_string}\"},\"query-input\":{\"@type\":\"PropertyValueSpecification\",\"valueRequired\":true,\"valueName\":\"search_term_string\"}}],\"inLanguage\":\"es\"},{\"@type\":\"Organization\",\"@id\":\"https:\\\/\\\/diarioprincipios.com\\\/#organization\",\"name\":\"Principios\",\"url\":\"https:\\\/\\\/diarioprincipios.com\\\/\",\"logo\":{\"@type\":\"ImageObject\",\"inLanguage\":\"es\",\"@id\":\"https:\\\/\\\/diarioprincipios.com\\\/#\\\/schema\\\/logo\\\/image\\\/\",\"url\":\"https:\\\/\\\/diarioprincipios.com\\\/wp-content\\\/uploads\\\/2024\\\/04\\\/cropped-www.diarioprincipios.com_-1.png\",\"contentUrl\":\"https:\\\/\\\/diarioprincipios.com\\\/wp-content\\\/uploads\\\/2024\\\/04\\\/cropped-www.diarioprincipios.com_-1.png\",\"width\":5325,\"height\":1454,\"caption\":\"Principios\"},\"image\":{\"@id\":\"https:\\\/\\\/diarioprincipios.com\\\/#\\\/schema\\\/logo\\\/image\\\/\"}},{\"@type\":\"Person\",\"@id\":\"https:\\\/\\\/diarioprincipios.com\\\/#\\\/schema\\\/person\\\/436d5a1fd41a5e250e23ff5a6a7cb080\",\"name\":\"Hern\u00e1n L\u00f3pez\",\"image\":{\"@type\":\"ImageObject\",\"inLanguage\":\"es\",\"@id\":\"https:\\\/\\\/diarioprincipios.com\\\/wp-content\\\/litespeed\\\/avatar\\\/11ddfe5610ff3bd100522525b2571f48.jpg?ver=1777048341\",\"url\":\"https:\\\/\\\/diarioprincipios.com\\\/wp-content\\\/litespeed\\\/avatar\\\/11ddfe5610ff3bd100522525b2571f48.jpg?ver=1777048341\",\"contentUrl\":\"https:\\\/\\\/diarioprincipios.com\\\/wp-content\\\/litespeed\\\/avatar\\\/11ddfe5610ff3bd100522525b2571f48.jpg?ver=1777048341\",\"caption\":\"Hern\u00e1n L\u00f3pez\"},\"url\":\"https:\\\/\\\/diarioprincipios.com\\\/index.php\\\/author\\\/hernan\\\/\"}]}<\/script>\n<!-- \/ Yoast SEO plugin. -->","yoast_head_json":{"title":"Las Jornadas Municipales de Vacunaci\u00f3n Antirr\u00e1bica llegan al Barrio Argentina - Principios","robots":{"index":"index","follow":"follow","max-snippet":"max-snippet:-1","max-image-preview":"max-image-preview:large","max-video-preview":"max-video-preview:-1"},"canonical":"https:\/\/diarioprincipios.com\/index.php\/2024\/02\/19\/las-jornadas-municipales-de-vacunacion-antirrabica-llegan-al-barrio-argentina\/","og_locale":"es_ES","og_type":"article","og_title":"Las Jornadas Municipales de Vacunaci\u00f3n Antirr\u00e1bica llegan al Barrio Argentina - Principios","og_description":"Se desarrollar\u00e1n jornadas de vacunaci\u00f3n antirr\u00e1bica y desparasitaci\u00f3n de perros y gatos, gratuitas, en la Sociedad de Fomento Barrio Argentina (calle 115 y 12), hasta el jueves 22 de febrero, de 9.00 a 12.00. Esta iniciativa es organizada por la Municipalidad de Berazategui, a cargo del intendente Juan Jos\u00e9 Mussi, y llevada a cabo por...","og_url":"https:\/\/diarioprincipios.com\/index.php\/2024\/02\/19\/las-jornadas-municipales-de-vacunacion-antirrabica-llegan-al-barrio-argentina\/","og_site_name":"Principios","article_published_time":"2024-02-19T19:36:36+00:00","article_modified_time":"2024-02-19T19:36:39+00:00","og_image":[{"width":1600,"height":1200,"url":"https:\/\/diarioprincipios.com\/wp-content\/uploads\/2024\/02\/LAS-JORNADAS-MUNICIPALES-DE-VACUNACION-ANTIRRABICA-LLEGAN-AL-BARRIO-ARGENTINA_4.jpeg","type":"image\/jpeg"}],"author":"Hern\u00e1n L\u00f3pez","twitter_card":"summary_large_image","twitter_misc":{"Escrito por":"Hern\u00e1n L\u00f3pez","Tiempo de lectura":"1 minuto"},"schema":{"@context":"https:\/\/schema.org","@graph":[{"@type":"Article","@id":"https:\/\/diarioprincipios.com\/index.php\/2024\/02\/19\/las-jornadas-municipales-de-vacunacion-antirrabica-llegan-al-barrio-argentina\/#article","isPartOf":{"@id":"https:\/\/diarioprincipios.com\/index.php\/2024\/02\/19\/las-jornadas-municipales-de-vacunacion-antirrabica-llegan-al-barrio-argentina\/"},"author":{"name":"Hern\u00e1n L\u00f3pez","@id":"https:\/\/diarioprincipios.com\/#\/schema\/person\/436d5a1fd41a5e250e23ff5a6a7cb080"},"headline":"Las Jornadas Municipales de Vacunaci\u00f3n Antirr\u00e1bica llegan al Barrio Argentina","datePublished":"2024-02-19T19:36:36+00:00","dateModified":"2024-02-19T19:36:39+00:00","mainEntityOfPage":{"@id":"https:\/\/diarioprincipios.com\/index.php\/2024\/02\/19\/las-jornadas-municipales-de-vacunacion-antirrabica-llegan-al-barrio-argentina\/"},"wordCount":145,"commentCount":0,"publisher":{"@id":"https:\/\/diarioprincipios.com\/#organization"},"image":{"@id":"https:\/\/diarioprincipios.com\/index.php\/2024\/02\/19\/las-jornadas-municipales-de-vacunacion-antirrabica-llegan-al-barrio-argentina\/#primaryimage"},"thumbnailUrl":"https:\/\/diarioprincipios.com\/wp-content\/uploads\/2024\/02\/LAS-JORNADAS-MUNICIPALES-DE-VACUNACION-ANTIRRABICA-LLEGAN-AL-BARRIO-ARGENTINA_4.jpeg","articleSection":["Berazategui"],"inLanguage":"es","potentialAction":[{"@type":"CommentAction","name":"Comment","target":["https:\/\/diarioprincipios.com\/index.php\/2024\/02\/19\/las-jornadas-municipales-de-vacunacion-antirrabica-llegan-al-barrio-argentina\/#respond"]}]},{"@type":"WebPage","@id":"https:\/\/diarioprincipios.com\/index.php\/2024\/02\/19\/las-jornadas-municipales-de-vacunacion-antirrabica-llegan-al-barrio-argentina\/","url":"https:\/\/diarioprincipios.com\/index.php\/2024\/02\/19\/las-jornadas-municipales-de-vacunacion-antirrabica-llegan-al-barrio-argentina\/","name":"Las Jornadas Municipales de Vacunaci\u00f3n Antirr\u00e1bica llegan al Barrio Argentina - Principios","isPartOf":{"@id":"https:\/\/diarioprincipios.com\/#website"},"primaryImageOfPage":{"@id":"https:\/\/diarioprincipios.com\/index.php\/2024\/02\/19\/las-jornadas-municipales-de-vacunacion-antirrabica-llegan-al-barrio-argentina\/#primaryimage"},"image":{"@id":"https:\/\/diarioprincipios.com\/index.php\/2024\/02\/19\/las-jornadas-municipales-de-vacunacion-antirrabica-llegan-al-barrio-argentina\/#primaryimage"},"thumbnailUrl":"https:\/\/diarioprincipios.com\/wp-content\/uploads\/2024\/02\/LAS-JORNADAS-MUNICIPALES-DE-VACUNACION-ANTIRRABICA-LLEGAN-AL-BARRIO-ARGENTINA_4.jpeg","datePublished":"2024-02-19T19:36:36+00:00","dateModified":"2024-02-19T19:36:39+00:00","breadcrumb":{"@id":"https:\/\/diarioprincipios.com\/index.php\/2024\/02\/19\/las-jornadas-municipales-de-vacunacion-antirrabica-llegan-al-barrio-argentina\/#breadcrumb"},"inLanguage":"es","potentialAction":[{"@type":"ReadAction","target":["https:\/\/diarioprincipios.com\/index.php\/2024\/02\/19\/las-jornadas-municipales-de-vacunacion-antirrabica-llegan-al-barrio-argentina\/"]}]},{"@type":"ImageObject","inLanguage":"es","@id":"https:\/\/diarioprincipios.com\/index.php\/2024\/02\/19\/las-jornadas-municipales-de-vacunacion-antirrabica-llegan-al-barrio-argentina\/#primaryimage","url":"https:\/\/diarioprincipios.com\/wp-content\/uploads\/2024\/02\/LAS-JORNADAS-MUNICIPALES-DE-VACUNACION-ANTIRRABICA-LLEGAN-AL-BARRIO-ARGENTINA_4.jpeg","contentUrl":"https:\/\/diarioprincipios.com\/wp-content\/uploads\/2024\/02\/LAS-JORNADAS-MUNICIPALES-DE-VACUNACION-ANTIRRABICA-LLEGAN-AL-BARRIO-ARGENTINA_4.jpeg","width":1600,"height":1200},{"@type":"BreadcrumbList","@id":"https:\/\/diarioprincipios.com\/index.php\/2024\/02\/19\/las-jornadas-municipales-de-vacunacion-antirrabica-llegan-al-barrio-argentina\/#breadcrumb","itemListElement":[{"@type":"ListItem","position":1,"name":"Portada","item":"https:\/\/diarioprincipios.com\/"},{"@type":"ListItem","position":2,"name":"Las Jornadas Municipales de Vacunaci\u00f3n Antirr\u00e1bica llegan al Barrio Argentina"}]},{"@type":"WebSite","@id":"https:\/\/diarioprincipios.com\/#website","url":"https:\/\/diarioprincipios.com\/","name":"Principios","description":"Principios Diario","publisher":{"@id":"https:\/\/diarioprincipios.com\/#organization"},"potentialAction":[{"@type":"SearchAction","target":{"@type":"EntryPoint","urlTemplate":"https:\/\/diarioprincipios.com\/?s={search_term_string}"},"query-input":{"@type":"PropertyValueSpecification","valueRequired":true,"valueName":"search_term_string"}}],"inLanguage":"es"},{"@type":"Organization","@id":"https:\/\/diarioprincipios.com\/#organization","name":"Principios","url":"https:\/\/diarioprincipios.com\/","logo":{"@type":"ImageObject","inLanguage":"es","@id":"https:\/\/diarioprincipios.com\/#\/schema\/logo\/image\/","url":"https:\/\/diarioprincipios.com\/wp-content\/uploads\/2024\/04\/cropped-www.diarioprincipios.com_-1.png","contentUrl":"https:\/\/diarioprincipios.com\/wp-content\/uploads\/2024\/04\/cropped-www.diarioprincipios.com_-1.png","width":5325,"height":1454,"caption":"Principios"},"image":{"@id":"https:\/\/diarioprincipios.com\/#\/schema\/logo\/image\/"}},{"@type":"Person","@id":"https:\/\/diarioprincipios.com\/#\/schema\/person\/436d5a1fd41a5e250e23ff5a6a7cb080","name":"Hern\u00e1n L\u00f3pez","image":{"@type":"ImageObject","inLanguage":"es","@id":"https:\/\/diarioprincipios.com\/wp-content\/litespeed\/avatar\/11ddfe5610ff3bd100522525b2571f48.jpg?ver=1777048341","url":"https:\/\/diarioprincipios.com\/wp-content\/litespeed\/avatar\/11ddfe5610ff3bd100522525b2571f48.jpg?ver=1777048341","contentUrl":"https:\/\/diarioprincipios.com\/wp-content\/litespeed\/avatar\/11ddfe5610ff3bd100522525b2571f48.jpg?ver=1777048341","caption":"Hern\u00e1n L\u00f3pez"},"url":"https:\/\/diarioprincipios.com\/index.php\/author\/hernan\/"}]}},"jetpack_featured_media_url":"https:\/\/diarioprincipios.com\/wp-content\/uploads\/2024\/02\/LAS-JORNADAS-MUNICIPALES-DE-VACUNACION-ANTIRRABICA-LLEGAN-AL-BARRIO-ARGENTINA_4.jpeg","_links":{"self":[{"href":"https:\/\/diarioprincipios.com\/index.php\/wp-json\/wp\/v2\/posts\/20733","targetHints":{"allow":["GET"]}}],"collection":[{"href":"https:\/\/diarioprincipios.com\/index.php\/wp-json\/wp\/v2\/posts"}],"about":[{"href":"https:\/\/diarioprincipios.com\/index.php\/wp-json\/wp\/v2\/types\/post"}],"author":[{"embeddable":true,"href":"https:\/\/diarioprincipios.com\/index.php\/wp-json\/wp\/v2\/users\/2"}],"replies":[{"embeddable":true,"href":"https:\/\/diarioprincipios.com\/index.php\/wp-json\/wp\/v2\/comments?post=20733"}],"version-history":[{"count":1,"href":"https:\/\/diarioprincipios.com\/index.php\/wp-json\/wp\/v2\/posts\/20733\/revisions"}],"predecessor-version":[{"id":20736,"href":"https:\/\/diarioprincipios.com\/index.php\/wp-json\/wp\/v2\/posts\/20733\/revisions\/20736"}],"wp:featuredmedia":[{"embeddable":true,"href":"https:\/\/diarioprincipios.com\/index.php\/wp-json\/wp\/v2\/media\/20735"}],"wp:attachment":[{"href":"https:\/\/diarioprincipios.com\/index.php\/wp-json\/wp\/v2\/media?parent=20733"}],"wp:term":[{"taxonomy":"category","embeddable":true,"href":"https:\/\/diarioprincipios.com\/index.php\/wp-json\/wp\/v2\/categories?post=20733"},{"taxonomy":"post_tag","embeddable":true,"href":"https:\/\/diarioprincipios.com\/index.php\/wp-json\/wp\/v2\/tags?post=20733"}],"curies":[{"name":"wp","href":"https:\/\/api.w.org\/{rel}","templated":true}]}}