{"id":20724,"date":"2024-02-19T16:20:08","date_gmt":"2024-02-19T19:20:08","guid":{"rendered":"http:\/\/diarioprincipios.com\/?p=20724"},"modified":"2024-02-19T16:20:10","modified_gmt":"2024-02-19T19:20:10","slug":"beneficio-del-30-por-el-pago-adelantado-de-las-tasas-municipales","status":"publish","type":"post","link":"https:\/\/diarioprincipios.com\/index.php\/2024\/02\/19\/beneficio-del-30-por-el-pago-adelantado-de-las-tasas-municipales\/","title":{"rendered":"Beneficio del 30% por el pago adelantado de las Tasas Municipales"},"content":{"rendered":"\n<p><strong>Se le informa a la comunidad de Berazategui que, hasta el 31 de marzo de 2024, inclusive, pueden abonar sus tasas de ABL (alumbrado, barrido y limpieza) y Servicios Sanitarios (agua y cloacas) con hasta un 30% de descuento. El objetivo de esta medida es beneficiar a todos aquellos vecinos y vecinas que est\u00e9n al d\u00eda (20%) y realicen su pago anual en forma adelantada (10%).<\/strong><\/p>\n\n\n\n<p>En este sentido, el secretario de Econom\u00eda de la Municipalidad de Berazategui, Santiago Castagno, inform\u00f3: \u201cEste beneficio es otorgado todos los a\u00f1os por el intendente Juan Jos\u00e9 Mussi, con el objetivo de premiar a quienes cumplen con los pagos. Es importante resaltar que, con el abono de las tasas, el Municipio puede brindar distintas prestaciones, como los servicios sanitarios, la recolecci\u00f3n de residuos, las propuestas deportivas, recreativas y culturales, entre otras\u201d.<\/p>\n\n\n\n<p>Los pagos se pueden hacer en el Edificio Municipal (Av. 14 e\/ 131 y 131 A) y en la Delegaci\u00f3n Municipal m\u00e1s cercana, adem\u00e1s de centros como Rapipago, Pago F\u00e1cil o Provincia NET. Para hacerlo en forma virtual, est\u00e1 disponible la web&nbsp;<a rel=\"noreferrer noopener\" target=\"_blank\" href=\"http:\/\/berazategui.gob.ar\/tasas\">berazategui.gob.ar\/tasas<\/a>, que acepta todos los medios de pago, tarjetas de cr\u00e9dito y d\u00e9bito, Mercado Pago, Pagos 360 y transferencias.<\/p>\n\n\n\n<p>Por dudas o consultas, los vecinos y vecinas pueden mandar un mail a&nbsp;<a rel=\"noreferrer noopener\" target=\"_blank\" href=\"mailto:tasasgenerales@berazategui.gov.ar\">tasasgenerales@berazategui.gov.ar<\/a>&nbsp;o comunicarse al 4356-9200 Int. 1198, de lunes a viernes de 8.00 a 14.00. Asimismo, se pueden conocer los lugares de pago habilitados en la secci\u00f3n \/Tasas de la web municipal.<\/p>\n","protected":false},"excerpt":{"rendered":"<p>Se le informa a la comunidad de Berazategui que, hasta el 31 de marzo de 2024, inclusive, pueden abonar sus tasas de ABL (alumbrado, barrido y limpieza) y Servicios Sanitarios (agua y cloacas) con hasta un 30% de descuento. El objetivo de esta medida es beneficiar a todos aquellos vecinos y vecinas que est\u00e9n al&#8230;<\/p>\n","protected":false},"author":2,"featured_media":20725,"comment_status":"open","ping_status":"open","sticky":false,"template":"","format":"standard","meta":{"footnotes":""},"categories":[3],"tags":[],"class_list":["post-20724","post","type-post","status-publish","format-standard","has-post-thumbnail","hentry","category-berazategui"],"featured_image_src":"https:\/\/diarioprincipios.com\/wp-content\/uploads\/2024\/02\/BENEFICIO-DEL-30-POR-EL-PAGO-ADELANTADO-DE-LAS-TASAS-MUNICIPALES-819x1024.jpeg","blog_images":{"medium":"https:\/\/diarioprincipios.com\/wp-content\/uploads\/2024\/02\/BENEFICIO-DEL-30-POR-EL-PAGO-ADELANTADO-DE-LAS-TASAS-MUNICIPALES-240x300.jpeg","large":"https:\/\/diarioprincipios.com\/wp-content\/uploads\/2024\/02\/BENEFICIO-DEL-30-POR-EL-PAGO-ADELANTADO-DE-LAS-TASAS-MUNICIPALES-819x1024.jpeg"},"ams_acf":[],"yoast_head":"<!-- This site is optimized with the Yoast SEO plugin v27.3 - https:\/\/yoast.com\/product\/yoast-seo-wordpress\/ -->\n<title>Beneficio del 30% por el pago adelantado de las Tasas Municipales - Principios<\/title>\n<meta name=\"robots\" content=\"index, follow, max-snippet:-1, max-image-preview:large, max-video-preview:-1\" \/>\n<link rel=\"canonical\" href=\"https:\/\/diarioprincipios.com\/index.php\/2024\/02\/19\/beneficio-del-30-por-el-pago-adelantado-de-las-tasas-municipales\/\" \/>\n<meta property=\"og:locale\" content=\"es_ES\" \/>\n<meta property=\"og:type\" content=\"article\" \/>\n<meta property=\"og:title\" content=\"Beneficio del 30% por el pago adelantado de las Tasas Municipales - Principios\" \/>\n<meta property=\"og:description\" content=\"Se le informa a la comunidad de Berazategui que, hasta el 31 de marzo de 2024, inclusive, pueden abonar sus tasas de ABL (alumbrado, barrido y limpieza) y Servicios Sanitarios (agua y cloacas) con hasta un 30% de descuento. El objetivo de esta medida es beneficiar a todos aquellos vecinos y vecinas que est\u00e9n al...\" \/>\n<meta property=\"og:url\" content=\"https:\/\/diarioprincipios.com\/index.php\/2024\/02\/19\/beneficio-del-30-por-el-pago-adelantado-de-las-tasas-municipales\/\" \/>\n<meta property=\"og:site_name\" content=\"Principios\" \/>\n<meta property=\"article:published_time\" content=\"2024-02-19T19:20:08+00:00\" \/>\n<meta property=\"article:modified_time\" content=\"2024-02-19T19:20:10+00:00\" \/>\n<meta property=\"og:image\" content=\"https:\/\/diarioprincipios.com\/wp-content\/uploads\/2024\/02\/BENEFICIO-DEL-30-POR-EL-PAGO-ADELANTADO-DE-LAS-TASAS-MUNICIPALES.jpeg\" \/>\n\t<meta property=\"og:image:width\" content=\"1280\" \/>\n\t<meta property=\"og:image:height\" content=\"1600\" \/>\n\t<meta property=\"og:image:type\" content=\"image\/jpeg\" \/>\n<meta name=\"author\" content=\"Hern\u00e1n L\u00f3pez\" \/>\n<meta name=\"twitter:card\" content=\"summary_large_image\" \/>\n<meta name=\"twitter:label1\" content=\"Escrito por\" \/>\n\t<meta name=\"twitter:data1\" content=\"Hern\u00e1n L\u00f3pez\" \/>\n\t<meta name=\"twitter:label2\" content=\"Tiempo de lectura\" \/>\n\t<meta name=\"twitter:data2\" content=\"2 minutos\" \/>\n<script type=\"application\/ld+json\" class=\"yoast-schema-graph\">{\"@context\":\"https:\\\/\\\/schema.org\",\"@graph\":[{\"@type\":\"Article\",\"@id\":\"https:\\\/\\\/diarioprincipios.com\\\/index.php\\\/2024\\\/02\\\/19\\\/beneficio-del-30-por-el-pago-adelantado-de-las-tasas-municipales\\\/#article\",\"isPartOf\":{\"@id\":\"https:\\\/\\\/diarioprincipios.com\\\/index.php\\\/2024\\\/02\\\/19\\\/beneficio-del-30-por-el-pago-adelantado-de-las-tasas-municipales\\\/\"},\"author\":{\"name\":\"Hern\u00e1n L\u00f3pez\",\"@id\":\"https:\\\/\\\/diarioprincipios.com\\\/#\\\/schema\\\/person\\\/436d5a1fd41a5e250e23ff5a6a7cb080\"},\"headline\":\"Beneficio del 30% por el pago adelantado de las Tasas Municipales\",\"datePublished\":\"2024-02-19T19:20:08+00:00\",\"dateModified\":\"2024-02-19T19:20:10+00:00\",\"mainEntityOfPage\":{\"@id\":\"https:\\\/\\\/diarioprincipios.com\\\/index.php\\\/2024\\\/02\\\/19\\\/beneficio-del-30-por-el-pago-adelantado-de-las-tasas-municipales\\\/\"},\"wordCount\":262,\"commentCount\":0,\"publisher\":{\"@id\":\"https:\\\/\\\/diarioprincipios.com\\\/#organization\"},\"image\":{\"@id\":\"https:\\\/\\\/diarioprincipios.com\\\/index.php\\\/2024\\\/02\\\/19\\\/beneficio-del-30-por-el-pago-adelantado-de-las-tasas-municipales\\\/#primaryimage\"},\"thumbnailUrl\":\"https:\\\/\\\/diarioprincipios.com\\\/wp-content\\\/uploads\\\/2024\\\/02\\\/BENEFICIO-DEL-30-POR-EL-PAGO-ADELANTADO-DE-LAS-TASAS-MUNICIPALES.jpeg\",\"articleSection\":[\"Berazategui\"],\"inLanguage\":\"es\",\"potentialAction\":[{\"@type\":\"CommentAction\",\"name\":\"Comment\",\"target\":[\"https:\\\/\\\/diarioprincipios.com\\\/index.php\\\/2024\\\/02\\\/19\\\/beneficio-del-30-por-el-pago-adelantado-de-las-tasas-municipales\\\/#respond\"]}]},{\"@type\":\"WebPage\",\"@id\":\"https:\\\/\\\/diarioprincipios.com\\\/index.php\\\/2024\\\/02\\\/19\\\/beneficio-del-30-por-el-pago-adelantado-de-las-tasas-municipales\\\/\",\"url\":\"https:\\\/\\\/diarioprincipios.com\\\/index.php\\\/2024\\\/02\\\/19\\\/beneficio-del-30-por-el-pago-adelantado-de-las-tasas-municipales\\\/\",\"name\":\"Beneficio del 30% por el pago adelantado de las Tasas Municipales - Principios\",\"isPartOf\":{\"@id\":\"https:\\\/\\\/diarioprincipios.com\\\/#website\"},\"primaryImageOfPage\":{\"@id\":\"https:\\\/\\\/diarioprincipios.com\\\/index.php\\\/2024\\\/02\\\/19\\\/beneficio-del-30-por-el-pago-adelantado-de-las-tasas-municipales\\\/#primaryimage\"},\"image\":{\"@id\":\"https:\\\/\\\/diarioprincipios.com\\\/index.php\\\/2024\\\/02\\\/19\\\/beneficio-del-30-por-el-pago-adelantado-de-las-tasas-municipales\\\/#primaryimage\"},\"thumbnailUrl\":\"https:\\\/\\\/diarioprincipios.com\\\/wp-content\\\/uploads\\\/2024\\\/02\\\/BENEFICIO-DEL-30-POR-EL-PAGO-ADELANTADO-DE-LAS-TASAS-MUNICIPALES.jpeg\",\"datePublished\":\"2024-02-19T19:20:08+00:00\",\"dateModified\":\"2024-02-19T19:20:10+00:00\",\"breadcrumb\":{\"@id\":\"https:\\\/\\\/diarioprincipios.com\\\/index.php\\\/2024\\\/02\\\/19\\\/beneficio-del-30-por-el-pago-adelantado-de-las-tasas-municipales\\\/#breadcrumb\"},\"inLanguage\":\"es\",\"potentialAction\":[{\"@type\":\"ReadAction\",\"target\":[\"https:\\\/\\\/diarioprincipios.com\\\/index.php\\\/2024\\\/02\\\/19\\\/beneficio-del-30-por-el-pago-adelantado-de-las-tasas-municipales\\\/\"]}]},{\"@type\":\"ImageObject\",\"inLanguage\":\"es\",\"@id\":\"https:\\\/\\\/diarioprincipios.com\\\/index.php\\\/2024\\\/02\\\/19\\\/beneficio-del-30-por-el-pago-adelantado-de-las-tasas-municipales\\\/#primaryimage\",\"url\":\"https:\\\/\\\/diarioprincipios.com\\\/wp-content\\\/uploads\\\/2024\\\/02\\\/BENEFICIO-DEL-30-POR-EL-PAGO-ADELANTADO-DE-LAS-TASAS-MUNICIPALES.jpeg\",\"contentUrl\":\"https:\\\/\\\/diarioprincipios.com\\\/wp-content\\\/uploads\\\/2024\\\/02\\\/BENEFICIO-DEL-30-POR-EL-PAGO-ADELANTADO-DE-LAS-TASAS-MUNICIPALES.jpeg\",\"width\":1280,\"height\":1600},{\"@type\":\"BreadcrumbList\",\"@id\":\"https:\\\/\\\/diarioprincipios.com\\\/index.php\\\/2024\\\/02\\\/19\\\/beneficio-del-30-por-el-pago-adelantado-de-las-tasas-municipales\\\/#breadcrumb\",\"itemListElement\":[{\"@type\":\"ListItem\",\"position\":1,\"name\":\"Portada\",\"item\":\"https:\\\/\\\/diarioprincipios.com\\\/\"},{\"@type\":\"ListItem\",\"position\":2,\"name\":\"Beneficio del 30% por el pago adelantado de las Tasas Municipales\"}]},{\"@type\":\"WebSite\",\"@id\":\"https:\\\/\\\/diarioprincipios.com\\\/#website\",\"url\":\"https:\\\/\\\/diarioprincipios.com\\\/\",\"name\":\"Principios\",\"description\":\"Principios Diario\",\"publisher\":{\"@id\":\"https:\\\/\\\/diarioprincipios.com\\\/#organization\"},\"potentialAction\":[{\"@type\":\"SearchAction\",\"target\":{\"@type\":\"EntryPoint\",\"urlTemplate\":\"https:\\\/\\\/diarioprincipios.com\\\/?s={search_term_string}\"},\"query-input\":{\"@type\":\"PropertyValueSpecification\",\"valueRequired\":true,\"valueName\":\"search_term_string\"}}],\"inLanguage\":\"es\"},{\"@type\":\"Organization\",\"@id\":\"https:\\\/\\\/diarioprincipios.com\\\/#organization\",\"name\":\"Principios\",\"url\":\"https:\\\/\\\/diarioprincipios.com\\\/\",\"logo\":{\"@type\":\"ImageObject\",\"inLanguage\":\"es\",\"@id\":\"https:\\\/\\\/diarioprincipios.com\\\/#\\\/schema\\\/logo\\\/image\\\/\",\"url\":\"https:\\\/\\\/diarioprincipios.com\\\/wp-content\\\/uploads\\\/2024\\\/04\\\/cropped-www.diarioprincipios.com_-1.png\",\"contentUrl\":\"https:\\\/\\\/diarioprincipios.com\\\/wp-content\\\/uploads\\\/2024\\\/04\\\/cropped-www.diarioprincipios.com_-1.png\",\"width\":5325,\"height\":1454,\"caption\":\"Principios\"},\"image\":{\"@id\":\"https:\\\/\\\/diarioprincipios.com\\\/#\\\/schema\\\/logo\\\/image\\\/\"}},{\"@type\":\"Person\",\"@id\":\"https:\\\/\\\/diarioprincipios.com\\\/#\\\/schema\\\/person\\\/436d5a1fd41a5e250e23ff5a6a7cb080\",\"name\":\"Hern\u00e1n L\u00f3pez\",\"image\":{\"@type\":\"ImageObject\",\"inLanguage\":\"es\",\"@id\":\"https:\\\/\\\/diarioprincipios.com\\\/wp-content\\\/litespeed\\\/avatar\\\/11ddfe5610ff3bd100522525b2571f48.jpg?ver=1777048341\",\"url\":\"https:\\\/\\\/diarioprincipios.com\\\/wp-content\\\/litespeed\\\/avatar\\\/11ddfe5610ff3bd100522525b2571f48.jpg?ver=1777048341\",\"contentUrl\":\"https:\\\/\\\/diarioprincipios.com\\\/wp-content\\\/litespeed\\\/avatar\\\/11ddfe5610ff3bd100522525b2571f48.jpg?ver=1777048341\",\"caption\":\"Hern\u00e1n L\u00f3pez\"},\"url\":\"https:\\\/\\\/diarioprincipios.com\\\/index.php\\\/author\\\/hernan\\\/\"}]}<\/script>\n<!-- \/ Yoast SEO plugin. -->","yoast_head_json":{"title":"Beneficio del 30% por el pago adelantado de las Tasas Municipales - Principios","robots":{"index":"index","follow":"follow","max-snippet":"max-snippet:-1","max-image-preview":"max-image-preview:large","max-video-preview":"max-video-preview:-1"},"canonical":"https:\/\/diarioprincipios.com\/index.php\/2024\/02\/19\/beneficio-del-30-por-el-pago-adelantado-de-las-tasas-municipales\/","og_locale":"es_ES","og_type":"article","og_title":"Beneficio del 30% por el pago adelantado de las Tasas Municipales - Principios","og_description":"Se le informa a la comunidad de Berazategui que, hasta el 31 de marzo de 2024, inclusive, pueden abonar sus tasas de ABL (alumbrado, barrido y limpieza) y Servicios Sanitarios (agua y cloacas) con hasta un 30% de descuento. El objetivo de esta medida es beneficiar a todos aquellos vecinos y vecinas que est\u00e9n al...","og_url":"https:\/\/diarioprincipios.com\/index.php\/2024\/02\/19\/beneficio-del-30-por-el-pago-adelantado-de-las-tasas-municipales\/","og_site_name":"Principios","article_published_time":"2024-02-19T19:20:08+00:00","article_modified_time":"2024-02-19T19:20:10+00:00","og_image":[{"width":1280,"height":1600,"url":"https:\/\/diarioprincipios.com\/wp-content\/uploads\/2024\/02\/BENEFICIO-DEL-30-POR-EL-PAGO-ADELANTADO-DE-LAS-TASAS-MUNICIPALES.jpeg","type":"image\/jpeg"}],"author":"Hern\u00e1n L\u00f3pez","twitter_card":"summary_large_image","twitter_misc":{"Escrito por":"Hern\u00e1n L\u00f3pez","Tiempo de lectura":"2 minutos"},"schema":{"@context":"https:\/\/schema.org","@graph":[{"@type":"Article","@id":"https:\/\/diarioprincipios.com\/index.php\/2024\/02\/19\/beneficio-del-30-por-el-pago-adelantado-de-las-tasas-municipales\/#article","isPartOf":{"@id":"https:\/\/diarioprincipios.com\/index.php\/2024\/02\/19\/beneficio-del-30-por-el-pago-adelantado-de-las-tasas-municipales\/"},"author":{"name":"Hern\u00e1n L\u00f3pez","@id":"https:\/\/diarioprincipios.com\/#\/schema\/person\/436d5a1fd41a5e250e23ff5a6a7cb080"},"headline":"Beneficio del 30% por el pago adelantado de las Tasas Municipales","datePublished":"2024-02-19T19:20:08+00:00","dateModified":"2024-02-19T19:20:10+00:00","mainEntityOfPage":{"@id":"https:\/\/diarioprincipios.com\/index.php\/2024\/02\/19\/beneficio-del-30-por-el-pago-adelantado-de-las-tasas-municipales\/"},"wordCount":262,"commentCount":0,"publisher":{"@id":"https:\/\/diarioprincipios.com\/#organization"},"image":{"@id":"https:\/\/diarioprincipios.com\/index.php\/2024\/02\/19\/beneficio-del-30-por-el-pago-adelantado-de-las-tasas-municipales\/#primaryimage"},"thumbnailUrl":"https:\/\/diarioprincipios.com\/wp-content\/uploads\/2024\/02\/BENEFICIO-DEL-30-POR-EL-PAGO-ADELANTADO-DE-LAS-TASAS-MUNICIPALES.jpeg","articleSection":["Berazategui"],"inLanguage":"es","potentialAction":[{"@type":"CommentAction","name":"Comment","target":["https:\/\/diarioprincipios.com\/index.php\/2024\/02\/19\/beneficio-del-30-por-el-pago-adelantado-de-las-tasas-municipales\/#respond"]}]},{"@type":"WebPage","@id":"https:\/\/diarioprincipios.com\/index.php\/2024\/02\/19\/beneficio-del-30-por-el-pago-adelantado-de-las-tasas-municipales\/","url":"https:\/\/diarioprincipios.com\/index.php\/2024\/02\/19\/beneficio-del-30-por-el-pago-adelantado-de-las-tasas-municipales\/","name":"Beneficio del 30% por el pago adelantado de las Tasas Municipales - Principios","isPartOf":{"@id":"https:\/\/diarioprincipios.com\/#website"},"primaryImageOfPage":{"@id":"https:\/\/diarioprincipios.com\/index.php\/2024\/02\/19\/beneficio-del-30-por-el-pago-adelantado-de-las-tasas-municipales\/#primaryimage"},"image":{"@id":"https:\/\/diarioprincipios.com\/index.php\/2024\/02\/19\/beneficio-del-30-por-el-pago-adelantado-de-las-tasas-municipales\/#primaryimage"},"thumbnailUrl":"https:\/\/diarioprincipios.com\/wp-content\/uploads\/2024\/02\/BENEFICIO-DEL-30-POR-EL-PAGO-ADELANTADO-DE-LAS-TASAS-MUNICIPALES.jpeg","datePublished":"2024-02-19T19:20:08+00:00","dateModified":"2024-02-19T19:20:10+00:00","breadcrumb":{"@id":"https:\/\/diarioprincipios.com\/index.php\/2024\/02\/19\/beneficio-del-30-por-el-pago-adelantado-de-las-tasas-municipales\/#breadcrumb"},"inLanguage":"es","potentialAction":[{"@type":"ReadAction","target":["https:\/\/diarioprincipios.com\/index.php\/2024\/02\/19\/beneficio-del-30-por-el-pago-adelantado-de-las-tasas-municipales\/"]}]},{"@type":"ImageObject","inLanguage":"es","@id":"https:\/\/diarioprincipios.com\/index.php\/2024\/02\/19\/beneficio-del-30-por-el-pago-adelantado-de-las-tasas-municipales\/#primaryimage","url":"https:\/\/diarioprincipios.com\/wp-content\/uploads\/2024\/02\/BENEFICIO-DEL-30-POR-EL-PAGO-ADELANTADO-DE-LAS-TASAS-MUNICIPALES.jpeg","contentUrl":"https:\/\/diarioprincipios.com\/wp-content\/uploads\/2024\/02\/BENEFICIO-DEL-30-POR-EL-PAGO-ADELANTADO-DE-LAS-TASAS-MUNICIPALES.jpeg","width":1280,"height":1600},{"@type":"BreadcrumbList","@id":"https:\/\/diarioprincipios.com\/index.php\/2024\/02\/19\/beneficio-del-30-por-el-pago-adelantado-de-las-tasas-municipales\/#breadcrumb","itemListElement":[{"@type":"ListItem","position":1,"name":"Portada","item":"https:\/\/diarioprincipios.com\/"},{"@type":"ListItem","position":2,"name":"Beneficio del 30% por el pago adelantado de las Tasas Municipales"}]},{"@type":"WebSite","@id":"https:\/\/diarioprincipios.com\/#website","url":"https:\/\/diarioprincipios.com\/","name":"Principios","description":"Principios Diario","publisher":{"@id":"https:\/\/diarioprincipios.com\/#organization"},"potentialAction":[{"@type":"SearchAction","target":{"@type":"EntryPoint","urlTemplate":"https:\/\/diarioprincipios.com\/?s={search_term_string}"},"query-input":{"@type":"PropertyValueSpecification","valueRequired":true,"valueName":"search_term_string"}}],"inLanguage":"es"},{"@type":"Organization","@id":"https:\/\/diarioprincipios.com\/#organization","name":"Principios","url":"https:\/\/diarioprincipios.com\/","logo":{"@type":"ImageObject","inLanguage":"es","@id":"https:\/\/diarioprincipios.com\/#\/schema\/logo\/image\/","url":"https:\/\/diarioprincipios.com\/wp-content\/uploads\/2024\/04\/cropped-www.diarioprincipios.com_-1.png","contentUrl":"https:\/\/diarioprincipios.com\/wp-content\/uploads\/2024\/04\/cropped-www.diarioprincipios.com_-1.png","width":5325,"height":1454,"caption":"Principios"},"image":{"@id":"https:\/\/diarioprincipios.com\/#\/schema\/logo\/image\/"}},{"@type":"Person","@id":"https:\/\/diarioprincipios.com\/#\/schema\/person\/436d5a1fd41a5e250e23ff5a6a7cb080","name":"Hern\u00e1n L\u00f3pez","image":{"@type":"ImageObject","inLanguage":"es","@id":"https:\/\/diarioprincipios.com\/wp-content\/litespeed\/avatar\/11ddfe5610ff3bd100522525b2571f48.jpg?ver=1777048341","url":"https:\/\/diarioprincipios.com\/wp-content\/litespeed\/avatar\/11ddfe5610ff3bd100522525b2571f48.jpg?ver=1777048341","contentUrl":"https:\/\/diarioprincipios.com\/wp-content\/litespeed\/avatar\/11ddfe5610ff3bd100522525b2571f48.jpg?ver=1777048341","caption":"Hern\u00e1n L\u00f3pez"},"url":"https:\/\/diarioprincipios.com\/index.php\/author\/hernan\/"}]}},"jetpack_featured_media_url":"https:\/\/diarioprincipios.com\/wp-content\/uploads\/2024\/02\/BENEFICIO-DEL-30-POR-EL-PAGO-ADELANTADO-DE-LAS-TASAS-MUNICIPALES.jpeg","_links":{"self":[{"href":"https:\/\/diarioprincipios.com\/index.php\/wp-json\/wp\/v2\/posts\/20724","targetHints":{"allow":["GET"]}}],"collection":[{"href":"https:\/\/diarioprincipios.com\/index.php\/wp-json\/wp\/v2\/posts"}],"about":[{"href":"https:\/\/diarioprincipios.com\/index.php\/wp-json\/wp\/v2\/types\/post"}],"author":[{"embeddable":true,"href":"https:\/\/diarioprincipios.com\/index.php\/wp-json\/wp\/v2\/users\/2"}],"replies":[{"embeddable":true,"href":"https:\/\/diarioprincipios.com\/index.php\/wp-json\/wp\/v2\/comments?post=20724"}],"version-history":[{"count":1,"href":"https:\/\/diarioprincipios.com\/index.php\/wp-json\/wp\/v2\/posts\/20724\/revisions"}],"predecessor-version":[{"id":20726,"href":"https:\/\/diarioprincipios.com\/index.php\/wp-json\/wp\/v2\/posts\/20724\/revisions\/20726"}],"wp:featuredmedia":[{"embeddable":true,"href":"https:\/\/diarioprincipios.com\/index.php\/wp-json\/wp\/v2\/media\/20725"}],"wp:attachment":[{"href":"https:\/\/diarioprincipios.com\/index.php\/wp-json\/wp\/v2\/media?parent=20724"}],"wp:term":[{"taxonomy":"category","embeddable":true,"href":"https:\/\/diarioprincipios.com\/index.php\/wp-json\/wp\/v2\/categories?post=20724"},{"taxonomy":"post_tag","embeddable":true,"href":"https:\/\/diarioprincipios.com\/index.php\/wp-json\/wp\/v2\/tags?post=20724"}],"curies":[{"name":"wp","href":"https:\/\/api.w.org\/{rel}","templated":true}]}}