{"id":20713,"date":"2024-02-16T18:45:42","date_gmt":"2024-02-16T21:45:42","guid":{"rendered":"http:\/\/diarioprincipios.com\/?p=20713"},"modified":"2024-02-16T18:55:16","modified_gmt":"2024-02-16T21:55:16","slug":"mas-espacios-verdes-recuperados-en-el-barrio-bustillo","status":"publish","type":"post","link":"https:\/\/diarioprincipios.com\/index.php\/2024\/02\/16\/mas-espacios-verdes-recuperados-en-el-barrio-bustillo\/","title":{"rendered":"M\u00e1s espacios verdes recuperados en el Barrio Bustillo"},"content":{"rendered":"\n<p><strong>Avanza una obra integral de recuperaci\u00f3n del espacio p\u00fablico en el barrio Bustillo que comprende la construcci\u00f3n de veredas y trabajos de limpieza, pintura y jardiner\u00eda. Es realizada gracias a los recursos brindados por la Municipalidad de Berazategui y la mano de obra de las cuadrillas de la Cooperativa Mante Baires, del Movimiento de Trabajadores Unidos (MTU) local.<\/strong><\/p>\n\n\n\n<figure class=\"wp-block-image size-large\"><img loading=\"lazy\" decoding=\"async\" width=\"1024\" height=\"682\" src=\"https:\/\/diarioprincipios.com\/wp-content\/uploads\/2024\/02\/MAS-ESPACIOS-VERDES-RECUPERADOS-EN-EL-BARRIO-BUSTILLO_3-1024x682.jpeg\" alt=\"\" class=\"wp-image-20716\" srcset=\"https:\/\/diarioprincipios.com\/wp-content\/uploads\/2024\/02\/MAS-ESPACIOS-VERDES-RECUPERADOS-EN-EL-BARRIO-BUSTILLO_3-1024x682.jpeg 1024w, https:\/\/diarioprincipios.com\/wp-content\/uploads\/2024\/02\/MAS-ESPACIOS-VERDES-RECUPERADOS-EN-EL-BARRIO-BUSTILLO_3-300x200.jpeg 300w, https:\/\/diarioprincipios.com\/wp-content\/uploads\/2024\/02\/MAS-ESPACIOS-VERDES-RECUPERADOS-EN-EL-BARRIO-BUSTILLO_3-768x512.jpeg 768w, https:\/\/diarioprincipios.com\/wp-content\/uploads\/2024\/02\/MAS-ESPACIOS-VERDES-RECUPERADOS-EN-EL-BARRIO-BUSTILLO_3-1536x1023.jpeg 1536w, https:\/\/diarioprincipios.com\/wp-content\/uploads\/2024\/02\/MAS-ESPACIOS-VERDES-RECUPERADOS-EN-EL-BARRIO-BUSTILLO_3.jpeg 1600w\" sizes=\"auto, (max-width: 1024px) 100vw, 1024px\" \/><\/figure>\n\n\n\n<p>Es as\u00ed que se construy\u00f3 el Paseo Lealtad de los Trabajadores en la calle 147 entre 45 y 54, y el Paseo Peatonal Juventudes en la calle 150 entre 44 y 53. Ambos cuentan con nuevas veredas de hormig\u00f3n, rodeadas de plantas y flores, as\u00ed como de mesas y bancos dispuestos para fomentar el encuentro al aire libre. Estos caminos vinculan a los vecinos y vecinas con las instituciones educativas de la zona y el Parque Industrial Pl\u00e1tanos.<\/p>\n\n\n\n<figure class=\"wp-block-image size-large\"><img loading=\"lazy\" decoding=\"async\" width=\"1024\" height=\"682\" src=\"https:\/\/diarioprincipios.com\/wp-content\/uploads\/2024\/02\/MAS-ESPACIOS-VERDES-RECUPERADOS-EN-EL-BARRIO-BUSTILLO_4-1024x682.jpeg\" alt=\"\" class=\"wp-image-20714\" srcset=\"https:\/\/diarioprincipios.com\/wp-content\/uploads\/2024\/02\/MAS-ESPACIOS-VERDES-RECUPERADOS-EN-EL-BARRIO-BUSTILLO_4-1024x682.jpeg 1024w, https:\/\/diarioprincipios.com\/wp-content\/uploads\/2024\/02\/MAS-ESPACIOS-VERDES-RECUPERADOS-EN-EL-BARRIO-BUSTILLO_4-300x200.jpeg 300w, https:\/\/diarioprincipios.com\/wp-content\/uploads\/2024\/02\/MAS-ESPACIOS-VERDES-RECUPERADOS-EN-EL-BARRIO-BUSTILLO_4-768x512.jpeg 768w, https:\/\/diarioprincipios.com\/wp-content\/uploads\/2024\/02\/MAS-ESPACIOS-VERDES-RECUPERADOS-EN-EL-BARRIO-BUSTILLO_4-1536x1023.jpeg 1536w, https:\/\/diarioprincipios.com\/wp-content\/uploads\/2024\/02\/MAS-ESPACIOS-VERDES-RECUPERADOS-EN-EL-BARRIO-BUSTILLO_4.jpeg 1600w\" sizes=\"auto, (max-width: 1024px) 100vw, 1024px\" \/><\/figure>\n\n\n\n<p>Daiana Cabrera, referente del MTU, indic\u00f3: \u201cPresentamos el proyecto de esta obra tan necesaria al intendente Juan Jos\u00e9 Mussi y la Secretar\u00eda de Obras P\u00fablicas y fue aprobado. Estas veredas ya hacen posible que los vecinos puedan llegar tranquilos a sus hogares y a sus trabajos. Estas cuadras eran puntos de arrojo clandestinos, fueron recuperadas y transformadas en espacios verdes. Estamos en el tramo final de la obra\u201d.<\/p>\n\n\n\n<figure class=\"wp-block-image size-large\"><img loading=\"lazy\" decoding=\"async\" width=\"1024\" height=\"683\" src=\"https:\/\/diarioprincipios.com\/wp-content\/uploads\/2024\/02\/MAS-ESPACIOS-VERDES-RECUPERADOS-EN-EL-BARRIO-BUSTILLO_2-1024x683.jpeg\" alt=\"\" class=\"wp-image-20715\" srcset=\"https:\/\/diarioprincipios.com\/wp-content\/uploads\/2024\/02\/MAS-ESPACIOS-VERDES-RECUPERADOS-EN-EL-BARRIO-BUSTILLO_2-1024x683.jpeg 1024w, https:\/\/diarioprincipios.com\/wp-content\/uploads\/2024\/02\/MAS-ESPACIOS-VERDES-RECUPERADOS-EN-EL-BARRIO-BUSTILLO_2-300x200.jpeg 300w, https:\/\/diarioprincipios.com\/wp-content\/uploads\/2024\/02\/MAS-ESPACIOS-VERDES-RECUPERADOS-EN-EL-BARRIO-BUSTILLO_2-768x512.jpeg 768w, https:\/\/diarioprincipios.com\/wp-content\/uploads\/2024\/02\/MAS-ESPACIOS-VERDES-RECUPERADOS-EN-EL-BARRIO-BUSTILLO_2-1536x1024.jpeg 1536w, https:\/\/diarioprincipios.com\/wp-content\/uploads\/2024\/02\/MAS-ESPACIOS-VERDES-RECUPERADOS-EN-EL-BARRIO-BUSTILLO_2.jpeg 1600w\" sizes=\"auto, (max-width: 1024px) 100vw, 1024px\" \/><\/figure>\n\n\n\n<p>Por su parte, Andr\u00e9s Rodr\u00edguez, referente de la organizaci\u00f3n, afirm\u00f3: \u201cActualmente las cuadrillas siguen trabajando en el mantenimiento, limpieza y corte de pasto en la zona. Esta obra permiti\u00f3 generar empleo para muchos vecinos y vecinas del barrio. Estamos agradecidos con el intendente Mussi por esta acci\u00f3n tan necesaria en el barrio. Los vecinos est\u00e1n felices\u201d.<\/p>\n","protected":false},"excerpt":{"rendered":"<p>Avanza una obra integral de recuperaci\u00f3n del espacio p\u00fablico en el barrio Bustillo que comprende la construcci\u00f3n de veredas y trabajos de limpieza, pintura y jardiner\u00eda. Es realizada gracias a los recursos brindados por la Municipalidad de Berazategui y la mano de obra de las cuadrillas de la Cooperativa Mante Baires, del Movimiento de Trabajadores&#8230;<\/p>\n","protected":false},"author":2,"featured_media":20717,"comment_status":"open","ping_status":"open","sticky":false,"template":"","format":"standard","meta":{"footnotes":""},"categories":[3],"tags":[],"class_list":["post-20713","post","type-post","status-publish","format-standard","has-post-thumbnail","hentry","category-berazategui"],"featured_image_src":"https:\/\/diarioprincipios.com\/wp-content\/uploads\/2024\/02\/MAS-ESPACIOS-VERDES-RECUPERADOS-EN-EL-BARRIO-BUSTILLO_1-1024x682.jpeg","blog_images":{"medium":"https:\/\/diarioprincipios.com\/wp-content\/uploads\/2024\/02\/MAS-ESPACIOS-VERDES-RECUPERADOS-EN-EL-BARRIO-BUSTILLO_1-300x200.jpeg","large":"https:\/\/diarioprincipios.com\/wp-content\/uploads\/2024\/02\/MAS-ESPACIOS-VERDES-RECUPERADOS-EN-EL-BARRIO-BUSTILLO_1-1024x682.jpeg"},"ams_acf":[],"yoast_head":"<!-- This site is optimized with the Yoast SEO plugin v27.3 - https:\/\/yoast.com\/product\/yoast-seo-wordpress\/ -->\n<title>M\u00e1s espacios verdes recuperados en el Barrio Bustillo - Principios<\/title>\n<meta name=\"robots\" content=\"index, follow, max-snippet:-1, max-image-preview:large, max-video-preview:-1\" \/>\n<link rel=\"canonical\" href=\"https:\/\/diarioprincipios.com\/index.php\/2024\/02\/16\/mas-espacios-verdes-recuperados-en-el-barrio-bustillo\/\" \/>\n<meta property=\"og:locale\" content=\"es_ES\" \/>\n<meta property=\"og:type\" content=\"article\" \/>\n<meta property=\"og:title\" content=\"M\u00e1s espacios verdes recuperados en el Barrio Bustillo - Principios\" \/>\n<meta property=\"og:description\" content=\"Avanza una obra integral de recuperaci\u00f3n del espacio p\u00fablico en el barrio Bustillo que comprende la construcci\u00f3n de veredas y trabajos de limpieza, pintura y jardiner\u00eda. Es realizada gracias a los recursos brindados por la Municipalidad de Berazategui y la mano de obra de las cuadrillas de la Cooperativa Mante Baires, del Movimiento de Trabajadores...\" \/>\n<meta property=\"og:url\" content=\"https:\/\/diarioprincipios.com\/index.php\/2024\/02\/16\/mas-espacios-verdes-recuperados-en-el-barrio-bustillo\/\" \/>\n<meta property=\"og:site_name\" content=\"Principios\" \/>\n<meta property=\"article:published_time\" content=\"2024-02-16T21:45:42+00:00\" \/>\n<meta property=\"article:modified_time\" content=\"2024-02-16T21:55:16+00:00\" \/>\n<meta property=\"og:image\" content=\"https:\/\/diarioprincipios.com\/wp-content\/uploads\/2024\/02\/MAS-ESPACIOS-VERDES-RECUPERADOS-EN-EL-BARRIO-BUSTILLO_1.jpeg\" \/>\n\t<meta property=\"og:image:width\" content=\"1600\" \/>\n\t<meta property=\"og:image:height\" content=\"1066\" \/>\n\t<meta property=\"og:image:type\" content=\"image\/jpeg\" \/>\n<meta name=\"author\" content=\"Hern\u00e1n L\u00f3pez\" \/>\n<meta name=\"twitter:card\" content=\"summary_large_image\" \/>\n<meta name=\"twitter:label1\" content=\"Escrito por\" \/>\n\t<meta name=\"twitter:data1\" content=\"Hern\u00e1n L\u00f3pez\" \/>\n\t<meta name=\"twitter:label2\" content=\"Tiempo de lectura\" \/>\n\t<meta name=\"twitter:data2\" content=\"2 minutos\" \/>\n<script type=\"application\/ld+json\" class=\"yoast-schema-graph\">{\"@context\":\"https:\\\/\\\/schema.org\",\"@graph\":[{\"@type\":\"Article\",\"@id\":\"https:\\\/\\\/diarioprincipios.com\\\/index.php\\\/2024\\\/02\\\/16\\\/mas-espacios-verdes-recuperados-en-el-barrio-bustillo\\\/#article\",\"isPartOf\":{\"@id\":\"https:\\\/\\\/diarioprincipios.com\\\/index.php\\\/2024\\\/02\\\/16\\\/mas-espacios-verdes-recuperados-en-el-barrio-bustillo\\\/\"},\"author\":{\"name\":\"Hern\u00e1n L\u00f3pez\",\"@id\":\"https:\\\/\\\/diarioprincipios.com\\\/#\\\/schema\\\/person\\\/436d5a1fd41a5e250e23ff5a6a7cb080\"},\"headline\":\"M\u00e1s espacios verdes recuperados en el Barrio Bustillo\",\"datePublished\":\"2024-02-16T21:45:42+00:00\",\"dateModified\":\"2024-02-16T21:55:16+00:00\",\"mainEntityOfPage\":{\"@id\":\"https:\\\/\\\/diarioprincipios.com\\\/index.php\\\/2024\\\/02\\\/16\\\/mas-espacios-verdes-recuperados-en-el-barrio-bustillo\\\/\"},\"wordCount\":276,\"commentCount\":0,\"publisher\":{\"@id\":\"https:\\\/\\\/diarioprincipios.com\\\/#organization\"},\"image\":{\"@id\":\"https:\\\/\\\/diarioprincipios.com\\\/index.php\\\/2024\\\/02\\\/16\\\/mas-espacios-verdes-recuperados-en-el-barrio-bustillo\\\/#primaryimage\"},\"thumbnailUrl\":\"https:\\\/\\\/diarioprincipios.com\\\/wp-content\\\/uploads\\\/2024\\\/02\\\/MAS-ESPACIOS-VERDES-RECUPERADOS-EN-EL-BARRIO-BUSTILLO_1.jpeg\",\"articleSection\":[\"Berazategui\"],\"inLanguage\":\"es\",\"potentialAction\":[{\"@type\":\"CommentAction\",\"name\":\"Comment\",\"target\":[\"https:\\\/\\\/diarioprincipios.com\\\/index.php\\\/2024\\\/02\\\/16\\\/mas-espacios-verdes-recuperados-en-el-barrio-bustillo\\\/#respond\"]}]},{\"@type\":\"WebPage\",\"@id\":\"https:\\\/\\\/diarioprincipios.com\\\/index.php\\\/2024\\\/02\\\/16\\\/mas-espacios-verdes-recuperados-en-el-barrio-bustillo\\\/\",\"url\":\"https:\\\/\\\/diarioprincipios.com\\\/index.php\\\/2024\\\/02\\\/16\\\/mas-espacios-verdes-recuperados-en-el-barrio-bustillo\\\/\",\"name\":\"M\u00e1s espacios verdes recuperados en el Barrio Bustillo - Principios\",\"isPartOf\":{\"@id\":\"https:\\\/\\\/diarioprincipios.com\\\/#website\"},\"primaryImageOfPage\":{\"@id\":\"https:\\\/\\\/diarioprincipios.com\\\/index.php\\\/2024\\\/02\\\/16\\\/mas-espacios-verdes-recuperados-en-el-barrio-bustillo\\\/#primaryimage\"},\"image\":{\"@id\":\"https:\\\/\\\/diarioprincipios.com\\\/index.php\\\/2024\\\/02\\\/16\\\/mas-espacios-verdes-recuperados-en-el-barrio-bustillo\\\/#primaryimage\"},\"thumbnailUrl\":\"https:\\\/\\\/diarioprincipios.com\\\/wp-content\\\/uploads\\\/2024\\\/02\\\/MAS-ESPACIOS-VERDES-RECUPERADOS-EN-EL-BARRIO-BUSTILLO_1.jpeg\",\"datePublished\":\"2024-02-16T21:45:42+00:00\",\"dateModified\":\"2024-02-16T21:55:16+00:00\",\"breadcrumb\":{\"@id\":\"https:\\\/\\\/diarioprincipios.com\\\/index.php\\\/2024\\\/02\\\/16\\\/mas-espacios-verdes-recuperados-en-el-barrio-bustillo\\\/#breadcrumb\"},\"inLanguage\":\"es\",\"potentialAction\":[{\"@type\":\"ReadAction\",\"target\":[\"https:\\\/\\\/diarioprincipios.com\\\/index.php\\\/2024\\\/02\\\/16\\\/mas-espacios-verdes-recuperados-en-el-barrio-bustillo\\\/\"]}]},{\"@type\":\"ImageObject\",\"inLanguage\":\"es\",\"@id\":\"https:\\\/\\\/diarioprincipios.com\\\/index.php\\\/2024\\\/02\\\/16\\\/mas-espacios-verdes-recuperados-en-el-barrio-bustillo\\\/#primaryimage\",\"url\":\"https:\\\/\\\/diarioprincipios.com\\\/wp-content\\\/uploads\\\/2024\\\/02\\\/MAS-ESPACIOS-VERDES-RECUPERADOS-EN-EL-BARRIO-BUSTILLO_1.jpeg\",\"contentUrl\":\"https:\\\/\\\/diarioprincipios.com\\\/wp-content\\\/uploads\\\/2024\\\/02\\\/MAS-ESPACIOS-VERDES-RECUPERADOS-EN-EL-BARRIO-BUSTILLO_1.jpeg\",\"width\":1600,\"height\":1066},{\"@type\":\"BreadcrumbList\",\"@id\":\"https:\\\/\\\/diarioprincipios.com\\\/index.php\\\/2024\\\/02\\\/16\\\/mas-espacios-verdes-recuperados-en-el-barrio-bustillo\\\/#breadcrumb\",\"itemListElement\":[{\"@type\":\"ListItem\",\"position\":1,\"name\":\"Portada\",\"item\":\"https:\\\/\\\/diarioprincipios.com\\\/\"},{\"@type\":\"ListItem\",\"position\":2,\"name\":\"M\u00e1s espacios verdes recuperados en el Barrio Bustillo\"}]},{\"@type\":\"WebSite\",\"@id\":\"https:\\\/\\\/diarioprincipios.com\\\/#website\",\"url\":\"https:\\\/\\\/diarioprincipios.com\\\/\",\"name\":\"Principios\",\"description\":\"Principios Diario\",\"publisher\":{\"@id\":\"https:\\\/\\\/diarioprincipios.com\\\/#organization\"},\"potentialAction\":[{\"@type\":\"SearchAction\",\"target\":{\"@type\":\"EntryPoint\",\"urlTemplate\":\"https:\\\/\\\/diarioprincipios.com\\\/?s={search_term_string}\"},\"query-input\":{\"@type\":\"PropertyValueSpecification\",\"valueRequired\":true,\"valueName\":\"search_term_string\"}}],\"inLanguage\":\"es\"},{\"@type\":\"Organization\",\"@id\":\"https:\\\/\\\/diarioprincipios.com\\\/#organization\",\"name\":\"Principios\",\"url\":\"https:\\\/\\\/diarioprincipios.com\\\/\",\"logo\":{\"@type\":\"ImageObject\",\"inLanguage\":\"es\",\"@id\":\"https:\\\/\\\/diarioprincipios.com\\\/#\\\/schema\\\/logo\\\/image\\\/\",\"url\":\"https:\\\/\\\/diarioprincipios.com\\\/wp-content\\\/uploads\\\/2024\\\/04\\\/cropped-www.diarioprincipios.com_-1.png\",\"contentUrl\":\"https:\\\/\\\/diarioprincipios.com\\\/wp-content\\\/uploads\\\/2024\\\/04\\\/cropped-www.diarioprincipios.com_-1.png\",\"width\":5325,\"height\":1454,\"caption\":\"Principios\"},\"image\":{\"@id\":\"https:\\\/\\\/diarioprincipios.com\\\/#\\\/schema\\\/logo\\\/image\\\/\"}},{\"@type\":\"Person\",\"@id\":\"https:\\\/\\\/diarioprincipios.com\\\/#\\\/schema\\\/person\\\/436d5a1fd41a5e250e23ff5a6a7cb080\",\"name\":\"Hern\u00e1n L\u00f3pez\",\"image\":{\"@type\":\"ImageObject\",\"inLanguage\":\"es\",\"@id\":\"https:\\\/\\\/diarioprincipios.com\\\/wp-content\\\/litespeed\\\/avatar\\\/11ddfe5610ff3bd100522525b2571f48.jpg?ver=1777048341\",\"url\":\"https:\\\/\\\/diarioprincipios.com\\\/wp-content\\\/litespeed\\\/avatar\\\/11ddfe5610ff3bd100522525b2571f48.jpg?ver=1777048341\",\"contentUrl\":\"https:\\\/\\\/diarioprincipios.com\\\/wp-content\\\/litespeed\\\/avatar\\\/11ddfe5610ff3bd100522525b2571f48.jpg?ver=1777048341\",\"caption\":\"Hern\u00e1n L\u00f3pez\"},\"url\":\"https:\\\/\\\/diarioprincipios.com\\\/index.php\\\/author\\\/hernan\\\/\"}]}<\/script>\n<!-- \/ Yoast SEO plugin. -->","yoast_head_json":{"title":"M\u00e1s espacios verdes recuperados en el Barrio Bustillo - Principios","robots":{"index":"index","follow":"follow","max-snippet":"max-snippet:-1","max-image-preview":"max-image-preview:large","max-video-preview":"max-video-preview:-1"},"canonical":"https:\/\/diarioprincipios.com\/index.php\/2024\/02\/16\/mas-espacios-verdes-recuperados-en-el-barrio-bustillo\/","og_locale":"es_ES","og_type":"article","og_title":"M\u00e1s espacios verdes recuperados en el Barrio Bustillo - Principios","og_description":"Avanza una obra integral de recuperaci\u00f3n del espacio p\u00fablico en el barrio Bustillo que comprende la construcci\u00f3n de veredas y trabajos de limpieza, pintura y jardiner\u00eda. Es realizada gracias a los recursos brindados por la Municipalidad de Berazategui y la mano de obra de las cuadrillas de la Cooperativa Mante Baires, del Movimiento de Trabajadores...","og_url":"https:\/\/diarioprincipios.com\/index.php\/2024\/02\/16\/mas-espacios-verdes-recuperados-en-el-barrio-bustillo\/","og_site_name":"Principios","article_published_time":"2024-02-16T21:45:42+00:00","article_modified_time":"2024-02-16T21:55:16+00:00","og_image":[{"width":1600,"height":1066,"url":"https:\/\/diarioprincipios.com\/wp-content\/uploads\/2024\/02\/MAS-ESPACIOS-VERDES-RECUPERADOS-EN-EL-BARRIO-BUSTILLO_1.jpeg","type":"image\/jpeg"}],"author":"Hern\u00e1n L\u00f3pez","twitter_card":"summary_large_image","twitter_misc":{"Escrito por":"Hern\u00e1n L\u00f3pez","Tiempo de lectura":"2 minutos"},"schema":{"@context":"https:\/\/schema.org","@graph":[{"@type":"Article","@id":"https:\/\/diarioprincipios.com\/index.php\/2024\/02\/16\/mas-espacios-verdes-recuperados-en-el-barrio-bustillo\/#article","isPartOf":{"@id":"https:\/\/diarioprincipios.com\/index.php\/2024\/02\/16\/mas-espacios-verdes-recuperados-en-el-barrio-bustillo\/"},"author":{"name":"Hern\u00e1n L\u00f3pez","@id":"https:\/\/diarioprincipios.com\/#\/schema\/person\/436d5a1fd41a5e250e23ff5a6a7cb080"},"headline":"M\u00e1s espacios verdes recuperados en el Barrio Bustillo","datePublished":"2024-02-16T21:45:42+00:00","dateModified":"2024-02-16T21:55:16+00:00","mainEntityOfPage":{"@id":"https:\/\/diarioprincipios.com\/index.php\/2024\/02\/16\/mas-espacios-verdes-recuperados-en-el-barrio-bustillo\/"},"wordCount":276,"commentCount":0,"publisher":{"@id":"https:\/\/diarioprincipios.com\/#organization"},"image":{"@id":"https:\/\/diarioprincipios.com\/index.php\/2024\/02\/16\/mas-espacios-verdes-recuperados-en-el-barrio-bustillo\/#primaryimage"},"thumbnailUrl":"https:\/\/diarioprincipios.com\/wp-content\/uploads\/2024\/02\/MAS-ESPACIOS-VERDES-RECUPERADOS-EN-EL-BARRIO-BUSTILLO_1.jpeg","articleSection":["Berazategui"],"inLanguage":"es","potentialAction":[{"@type":"CommentAction","name":"Comment","target":["https:\/\/diarioprincipios.com\/index.php\/2024\/02\/16\/mas-espacios-verdes-recuperados-en-el-barrio-bustillo\/#respond"]}]},{"@type":"WebPage","@id":"https:\/\/diarioprincipios.com\/index.php\/2024\/02\/16\/mas-espacios-verdes-recuperados-en-el-barrio-bustillo\/","url":"https:\/\/diarioprincipios.com\/index.php\/2024\/02\/16\/mas-espacios-verdes-recuperados-en-el-barrio-bustillo\/","name":"M\u00e1s espacios verdes recuperados en el Barrio Bustillo - Principios","isPartOf":{"@id":"https:\/\/diarioprincipios.com\/#website"},"primaryImageOfPage":{"@id":"https:\/\/diarioprincipios.com\/index.php\/2024\/02\/16\/mas-espacios-verdes-recuperados-en-el-barrio-bustillo\/#primaryimage"},"image":{"@id":"https:\/\/diarioprincipios.com\/index.php\/2024\/02\/16\/mas-espacios-verdes-recuperados-en-el-barrio-bustillo\/#primaryimage"},"thumbnailUrl":"https:\/\/diarioprincipios.com\/wp-content\/uploads\/2024\/02\/MAS-ESPACIOS-VERDES-RECUPERADOS-EN-EL-BARRIO-BUSTILLO_1.jpeg","datePublished":"2024-02-16T21:45:42+00:00","dateModified":"2024-02-16T21:55:16+00:00","breadcrumb":{"@id":"https:\/\/diarioprincipios.com\/index.php\/2024\/02\/16\/mas-espacios-verdes-recuperados-en-el-barrio-bustillo\/#breadcrumb"},"inLanguage":"es","potentialAction":[{"@type":"ReadAction","target":["https:\/\/diarioprincipios.com\/index.php\/2024\/02\/16\/mas-espacios-verdes-recuperados-en-el-barrio-bustillo\/"]}]},{"@type":"ImageObject","inLanguage":"es","@id":"https:\/\/diarioprincipios.com\/index.php\/2024\/02\/16\/mas-espacios-verdes-recuperados-en-el-barrio-bustillo\/#primaryimage","url":"https:\/\/diarioprincipios.com\/wp-content\/uploads\/2024\/02\/MAS-ESPACIOS-VERDES-RECUPERADOS-EN-EL-BARRIO-BUSTILLO_1.jpeg","contentUrl":"https:\/\/diarioprincipios.com\/wp-content\/uploads\/2024\/02\/MAS-ESPACIOS-VERDES-RECUPERADOS-EN-EL-BARRIO-BUSTILLO_1.jpeg","width":1600,"height":1066},{"@type":"BreadcrumbList","@id":"https:\/\/diarioprincipios.com\/index.php\/2024\/02\/16\/mas-espacios-verdes-recuperados-en-el-barrio-bustillo\/#breadcrumb","itemListElement":[{"@type":"ListItem","position":1,"name":"Portada","item":"https:\/\/diarioprincipios.com\/"},{"@type":"ListItem","position":2,"name":"M\u00e1s espacios verdes recuperados en el Barrio Bustillo"}]},{"@type":"WebSite","@id":"https:\/\/diarioprincipios.com\/#website","url":"https:\/\/diarioprincipios.com\/","name":"Principios","description":"Principios Diario","publisher":{"@id":"https:\/\/diarioprincipios.com\/#organization"},"potentialAction":[{"@type":"SearchAction","target":{"@type":"EntryPoint","urlTemplate":"https:\/\/diarioprincipios.com\/?s={search_term_string}"},"query-input":{"@type":"PropertyValueSpecification","valueRequired":true,"valueName":"search_term_string"}}],"inLanguage":"es"},{"@type":"Organization","@id":"https:\/\/diarioprincipios.com\/#organization","name":"Principios","url":"https:\/\/diarioprincipios.com\/","logo":{"@type":"ImageObject","inLanguage":"es","@id":"https:\/\/diarioprincipios.com\/#\/schema\/logo\/image\/","url":"https:\/\/diarioprincipios.com\/wp-content\/uploads\/2024\/04\/cropped-www.diarioprincipios.com_-1.png","contentUrl":"https:\/\/diarioprincipios.com\/wp-content\/uploads\/2024\/04\/cropped-www.diarioprincipios.com_-1.png","width":5325,"height":1454,"caption":"Principios"},"image":{"@id":"https:\/\/diarioprincipios.com\/#\/schema\/logo\/image\/"}},{"@type":"Person","@id":"https:\/\/diarioprincipios.com\/#\/schema\/person\/436d5a1fd41a5e250e23ff5a6a7cb080","name":"Hern\u00e1n L\u00f3pez","image":{"@type":"ImageObject","inLanguage":"es","@id":"https:\/\/diarioprincipios.com\/wp-content\/litespeed\/avatar\/11ddfe5610ff3bd100522525b2571f48.jpg?ver=1777048341","url":"https:\/\/diarioprincipios.com\/wp-content\/litespeed\/avatar\/11ddfe5610ff3bd100522525b2571f48.jpg?ver=1777048341","contentUrl":"https:\/\/diarioprincipios.com\/wp-content\/litespeed\/avatar\/11ddfe5610ff3bd100522525b2571f48.jpg?ver=1777048341","caption":"Hern\u00e1n L\u00f3pez"},"url":"https:\/\/diarioprincipios.com\/index.php\/author\/hernan\/"}]}},"jetpack_featured_media_url":"https:\/\/diarioprincipios.com\/wp-content\/uploads\/2024\/02\/MAS-ESPACIOS-VERDES-RECUPERADOS-EN-EL-BARRIO-BUSTILLO_1.jpeg","_links":{"self":[{"href":"https:\/\/diarioprincipios.com\/index.php\/wp-json\/wp\/v2\/posts\/20713","targetHints":{"allow":["GET"]}}],"collection":[{"href":"https:\/\/diarioprincipios.com\/index.php\/wp-json\/wp\/v2\/posts"}],"about":[{"href":"https:\/\/diarioprincipios.com\/index.php\/wp-json\/wp\/v2\/types\/post"}],"author":[{"embeddable":true,"href":"https:\/\/diarioprincipios.com\/index.php\/wp-json\/wp\/v2\/users\/2"}],"replies":[{"embeddable":true,"href":"https:\/\/diarioprincipios.com\/index.php\/wp-json\/wp\/v2\/comments?post=20713"}],"version-history":[{"count":2,"href":"https:\/\/diarioprincipios.com\/index.php\/wp-json\/wp\/v2\/posts\/20713\/revisions"}],"predecessor-version":[{"id":20719,"href":"https:\/\/diarioprincipios.com\/index.php\/wp-json\/wp\/v2\/posts\/20713\/revisions\/20719"}],"wp:featuredmedia":[{"embeddable":true,"href":"https:\/\/diarioprincipios.com\/index.php\/wp-json\/wp\/v2\/media\/20717"}],"wp:attachment":[{"href":"https:\/\/diarioprincipios.com\/index.php\/wp-json\/wp\/v2\/media?parent=20713"}],"wp:term":[{"taxonomy":"category","embeddable":true,"href":"https:\/\/diarioprincipios.com\/index.php\/wp-json\/wp\/v2\/categories?post=20713"},{"taxonomy":"post_tag","embeddable":true,"href":"https:\/\/diarioprincipios.com\/index.php\/wp-json\/wp\/v2\/tags?post=20713"}],"curies":[{"name":"wp","href":"https:\/\/api.w.org\/{rel}","templated":true}]}}