{"id":20708,"date":"2024-02-16T17:00:15","date_gmt":"2024-02-16T20:00:15","guid":{"rendered":"http:\/\/diarioprincipios.com\/?p=20708"},"modified":"2024-02-16T17:00:18","modified_gmt":"2024-02-16T20:00:18","slug":"vecina-rescata-animales-de-la-calle-y-los-lleva-a-castrar-a-jornadas-municipales","status":"publish","type":"post","link":"https:\/\/diarioprincipios.com\/index.php\/2024\/02\/16\/vecina-rescata-animales-de-la-calle-y-los-lleva-a-castrar-a-jornadas-municipales\/","title":{"rendered":"Vecina rescata animales de la calle y los lleva a castrar a Jornadas Municipales"},"content":{"rendered":"\n<p><strong>Ana Mar\u00eda Britos es una vecina de El Pato que ama los animales de compa\u00f1\u00eda, por eso se preocupa por el bienestar de ellos, aunque no sean suyos. Al enterarse de las jornadas de castraci\u00f3n, vacunaci\u00f3n y desparasitaci\u00f3n que la Municipalidad de Berazategui realiz\u00f3 en la Sociedad de Fomento Barrio Nuevo (calle 532 y 633 A), llev\u00f3 a 16 gatos y 5 perros que rescat\u00f3 para que sean castrados y vacunados.<\/strong><\/p>\n\n\n\n<figure class=\"wp-block-image size-large\"><img loading=\"lazy\" decoding=\"async\" width=\"764\" height=\"1024\" src=\"https:\/\/diarioprincipios.com\/wp-content\/uploads\/2024\/02\/BERAZATEGUI-VECINA-RESCATA-ANIMALES-DE-LA-CALLE-Y-LOS-LLEVA-A-CASTRAR-A-LAS-JORNADAS-MUNICIPALES-3-764x1024.jpg\" alt=\"\" class=\"wp-image-20709\" srcset=\"https:\/\/diarioprincipios.com\/wp-content\/uploads\/2024\/02\/BERAZATEGUI-VECINA-RESCATA-ANIMALES-DE-LA-CALLE-Y-LOS-LLEVA-A-CASTRAR-A-LAS-JORNADAS-MUNICIPALES-3-764x1024.jpg 764w, https:\/\/diarioprincipios.com\/wp-content\/uploads\/2024\/02\/BERAZATEGUI-VECINA-RESCATA-ANIMALES-DE-LA-CALLE-Y-LOS-LLEVA-A-CASTRAR-A-LAS-JORNADAS-MUNICIPALES-3-224x300.jpg 224w, https:\/\/diarioprincipios.com\/wp-content\/uploads\/2024\/02\/BERAZATEGUI-VECINA-RESCATA-ANIMALES-DE-LA-CALLE-Y-LOS-LLEVA-A-CASTRAR-A-LAS-JORNADAS-MUNICIPALES-3-768x1030.jpg 768w, https:\/\/diarioprincipios.com\/wp-content\/uploads\/2024\/02\/BERAZATEGUI-VECINA-RESCATA-ANIMALES-DE-LA-CALLE-Y-LOS-LLEVA-A-CASTRAR-A-LAS-JORNADAS-MUNICIPALES-3.jpg 1080w\" sizes=\"auto, (max-width: 764px) 100vw, 764px\" \/><\/figure>\n\n\n\n<p><br>\u201cDentro de mis posibilidades, rescato perros y gatos de la calle para darlos en adopci\u00f3n responsable, pero siempre me comprometo a castrarlos antes porque es muy importante. Lamentablemente, mucha gente no se hace cargo de las cr\u00edas, las abandonan en la calle y as\u00ed los animalitos sufren\u201d, explic\u00f3 Ana Mar\u00eda.<br>A su vez, expres\u00f3: \u201cGracias a que la Municipalidad de Berazategui se hace cargo de la vacunaci\u00f3n, desparasitaci\u00f3n y la castraci\u00f3n, evitamos que los perros y gatos sufran. Estoy m\u00e1s que agradecida por el apoyo\u201d.<\/p>\n\n\n\n<figure class=\"wp-block-image size-large\"><img loading=\"lazy\" decoding=\"async\" width=\"1024\" height=\"683\" src=\"https:\/\/diarioprincipios.com\/wp-content\/uploads\/2024\/02\/BERAZATEGUI-VECINA-RESCATA-ANIMALES-DE-LA-CALLE-Y-LOS-LLEVA-A-CASTRAR-A-LAS-JORNADAS-MUNICIPALES1-1024x683.jpg\" alt=\"\" class=\"wp-image-20710\" srcset=\"https:\/\/diarioprincipios.com\/wp-content\/uploads\/2024\/02\/BERAZATEGUI-VECINA-RESCATA-ANIMALES-DE-LA-CALLE-Y-LOS-LLEVA-A-CASTRAR-A-LAS-JORNADAS-MUNICIPALES1-1024x683.jpg 1024w, https:\/\/diarioprincipios.com\/wp-content\/uploads\/2024\/02\/BERAZATEGUI-VECINA-RESCATA-ANIMALES-DE-LA-CALLE-Y-LOS-LLEVA-A-CASTRAR-A-LAS-JORNADAS-MUNICIPALES1-300x200.jpg 300w, https:\/\/diarioprincipios.com\/wp-content\/uploads\/2024\/02\/BERAZATEGUI-VECINA-RESCATA-ANIMALES-DE-LA-CALLE-Y-LOS-LLEVA-A-CASTRAR-A-LAS-JORNADAS-MUNICIPALES1-768x512.jpg 768w, https:\/\/diarioprincipios.com\/wp-content\/uploads\/2024\/02\/BERAZATEGUI-VECINA-RESCATA-ANIMALES-DE-LA-CALLE-Y-LOS-LLEVA-A-CASTRAR-A-LAS-JORNADAS-MUNICIPALES1-1536x1024.jpg 1536w, https:\/\/diarioprincipios.com\/wp-content\/uploads\/2024\/02\/BERAZATEGUI-VECINA-RESCATA-ANIMALES-DE-LA-CALLE-Y-LOS-LLEVA-A-CASTRAR-A-LAS-JORNADAS-MUNICIPALES1.jpg 1920w\" sizes=\"auto, (max-width: 1024px) 100vw, 1024px\" \/><\/figure>\n\n\n\n<p><br>Las jornadas est\u00e1n a cargo de profesionales de la Cl\u00ednica Veterinaria Municipal, la primera en su tipo en el pa\u00eds con servicios gratuitos.\u00a0<br>Para m\u00e1s informaci\u00f3n acerca de las iniciativas para el cuidado y la defensa de los derechos de los animales de compa\u00f1\u00eda de Berazategui, se puede ingresar en\u00a0<a href=\"http:\/\/corazondezonasur.com.ar\/\" target=\"_blank\" rel=\"noreferrer noopener\">corazondezonasur.com.ar<\/a>.<\/p>\n","protected":false},"excerpt":{"rendered":"<p>Ana Mar\u00eda Britos es una vecina de El Pato que ama los animales de compa\u00f1\u00eda, por eso se preocupa por el bienestar de ellos, aunque no sean suyos. Al enterarse de las jornadas de castraci\u00f3n, vacunaci\u00f3n y desparasitaci\u00f3n que la Municipalidad de Berazategui realiz\u00f3 en la Sociedad de Fomento Barrio Nuevo (calle 532 y 633&#8230;<\/p>\n","protected":false},"author":2,"featured_media":20711,"comment_status":"open","ping_status":"open","sticky":false,"template":"","format":"standard","meta":{"footnotes":""},"categories":[3],"tags":[],"class_list":["post-20708","post","type-post","status-publish","format-standard","has-post-thumbnail","hentry","category-berazategui"],"featured_image_src":"https:\/\/diarioprincipios.com\/wp-content\/uploads\/2024\/02\/BERAZATEGUI-VECINA-RESCATA-ANIMALES-DE-LA-CALLE-Y-LOS-LLEVA-A-CASTRAR-A-LAS-JORNADAS-MUNICIPALES2-1024x683.jpg","blog_images":{"medium":"https:\/\/diarioprincipios.com\/wp-content\/uploads\/2024\/02\/BERAZATEGUI-VECINA-RESCATA-ANIMALES-DE-LA-CALLE-Y-LOS-LLEVA-A-CASTRAR-A-LAS-JORNADAS-MUNICIPALES2-300x200.jpg","large":"https:\/\/diarioprincipios.com\/wp-content\/uploads\/2024\/02\/BERAZATEGUI-VECINA-RESCATA-ANIMALES-DE-LA-CALLE-Y-LOS-LLEVA-A-CASTRAR-A-LAS-JORNADAS-MUNICIPALES2-1024x683.jpg"},"ams_acf":[],"yoast_head":"<!-- This site is optimized with the Yoast SEO plugin v27.3 - https:\/\/yoast.com\/product\/yoast-seo-wordpress\/ -->\n<title>Vecina rescata animales de la calle y los lleva a castrar a Jornadas Municipales - Principios<\/title>\n<meta name=\"robots\" content=\"index, follow, max-snippet:-1, max-image-preview:large, max-video-preview:-1\" \/>\n<link rel=\"canonical\" href=\"https:\/\/diarioprincipios.com\/index.php\/2024\/02\/16\/vecina-rescata-animales-de-la-calle-y-los-lleva-a-castrar-a-jornadas-municipales\/\" \/>\n<meta property=\"og:locale\" content=\"es_ES\" \/>\n<meta property=\"og:type\" content=\"article\" \/>\n<meta property=\"og:title\" content=\"Vecina rescata animales de la calle y los lleva a castrar a Jornadas Municipales - Principios\" \/>\n<meta property=\"og:description\" content=\"Ana Mar\u00eda Britos es una vecina de El Pato que ama los animales de compa\u00f1\u00eda, por eso se preocupa por el bienestar de ellos, aunque no sean suyos. Al enterarse de las jornadas de castraci\u00f3n, vacunaci\u00f3n y desparasitaci\u00f3n que la Municipalidad de Berazategui realiz\u00f3 en la Sociedad de Fomento Barrio Nuevo (calle 532 y 633...\" \/>\n<meta property=\"og:url\" content=\"https:\/\/diarioprincipios.com\/index.php\/2024\/02\/16\/vecina-rescata-animales-de-la-calle-y-los-lleva-a-castrar-a-jornadas-municipales\/\" \/>\n<meta property=\"og:site_name\" content=\"Principios\" \/>\n<meta property=\"article:published_time\" content=\"2024-02-16T20:00:15+00:00\" \/>\n<meta property=\"article:modified_time\" content=\"2024-02-16T20:00:18+00:00\" \/>\n<meta property=\"og:image\" content=\"https:\/\/diarioprincipios.com\/wp-content\/uploads\/2024\/02\/BERAZATEGUI-VECINA-RESCATA-ANIMALES-DE-LA-CALLE-Y-LOS-LLEVA-A-CASTRAR-A-LAS-JORNADAS-MUNICIPALES2.jpg\" \/>\n\t<meta property=\"og:image:width\" content=\"1920\" \/>\n\t<meta property=\"og:image:height\" content=\"1280\" \/>\n\t<meta property=\"og:image:type\" content=\"image\/jpeg\" \/>\n<meta name=\"author\" content=\"Hern\u00e1n L\u00f3pez\" \/>\n<meta name=\"twitter:card\" content=\"summary_large_image\" \/>\n<meta name=\"twitter:label1\" content=\"Escrito por\" \/>\n\t<meta name=\"twitter:data1\" content=\"Hern\u00e1n L\u00f3pez\" \/>\n\t<meta name=\"twitter:label2\" content=\"Tiempo de lectura\" \/>\n\t<meta name=\"twitter:data2\" content=\"2 minutos\" \/>\n<script type=\"application\/ld+json\" class=\"yoast-schema-graph\">{\"@context\":\"https:\\\/\\\/schema.org\",\"@graph\":[{\"@type\":\"Article\",\"@id\":\"https:\\\/\\\/diarioprincipios.com\\\/index.php\\\/2024\\\/02\\\/16\\\/vecina-rescata-animales-de-la-calle-y-los-lleva-a-castrar-a-jornadas-municipales\\\/#article\",\"isPartOf\":{\"@id\":\"https:\\\/\\\/diarioprincipios.com\\\/index.php\\\/2024\\\/02\\\/16\\\/vecina-rescata-animales-de-la-calle-y-los-lleva-a-castrar-a-jornadas-municipales\\\/\"},\"author\":{\"name\":\"Hern\u00e1n L\u00f3pez\",\"@id\":\"https:\\\/\\\/diarioprincipios.com\\\/#\\\/schema\\\/person\\\/436d5a1fd41a5e250e23ff5a6a7cb080\"},\"headline\":\"Vecina rescata animales de la calle y los lleva a castrar a Jornadas Municipales\",\"datePublished\":\"2024-02-16T20:00:15+00:00\",\"dateModified\":\"2024-02-16T20:00:18+00:00\",\"mainEntityOfPage\":{\"@id\":\"https:\\\/\\\/diarioprincipios.com\\\/index.php\\\/2024\\\/02\\\/16\\\/vecina-rescata-animales-de-la-calle-y-los-lleva-a-castrar-a-jornadas-municipales\\\/\"},\"wordCount\":237,\"commentCount\":0,\"publisher\":{\"@id\":\"https:\\\/\\\/diarioprincipios.com\\\/#organization\"},\"image\":{\"@id\":\"https:\\\/\\\/diarioprincipios.com\\\/index.php\\\/2024\\\/02\\\/16\\\/vecina-rescata-animales-de-la-calle-y-los-lleva-a-castrar-a-jornadas-municipales\\\/#primaryimage\"},\"thumbnailUrl\":\"https:\\\/\\\/diarioprincipios.com\\\/wp-content\\\/uploads\\\/2024\\\/02\\\/BERAZATEGUI-VECINA-RESCATA-ANIMALES-DE-LA-CALLE-Y-LOS-LLEVA-A-CASTRAR-A-LAS-JORNADAS-MUNICIPALES2.jpg\",\"articleSection\":[\"Berazategui\"],\"inLanguage\":\"es\",\"potentialAction\":[{\"@type\":\"CommentAction\",\"name\":\"Comment\",\"target\":[\"https:\\\/\\\/diarioprincipios.com\\\/index.php\\\/2024\\\/02\\\/16\\\/vecina-rescata-animales-de-la-calle-y-los-lleva-a-castrar-a-jornadas-municipales\\\/#respond\"]}]},{\"@type\":\"WebPage\",\"@id\":\"https:\\\/\\\/diarioprincipios.com\\\/index.php\\\/2024\\\/02\\\/16\\\/vecina-rescata-animales-de-la-calle-y-los-lleva-a-castrar-a-jornadas-municipales\\\/\",\"url\":\"https:\\\/\\\/diarioprincipios.com\\\/index.php\\\/2024\\\/02\\\/16\\\/vecina-rescata-animales-de-la-calle-y-los-lleva-a-castrar-a-jornadas-municipales\\\/\",\"name\":\"Vecina rescata animales de la calle y los lleva a castrar a Jornadas Municipales - Principios\",\"isPartOf\":{\"@id\":\"https:\\\/\\\/diarioprincipios.com\\\/#website\"},\"primaryImageOfPage\":{\"@id\":\"https:\\\/\\\/diarioprincipios.com\\\/index.php\\\/2024\\\/02\\\/16\\\/vecina-rescata-animales-de-la-calle-y-los-lleva-a-castrar-a-jornadas-municipales\\\/#primaryimage\"},\"image\":{\"@id\":\"https:\\\/\\\/diarioprincipios.com\\\/index.php\\\/2024\\\/02\\\/16\\\/vecina-rescata-animales-de-la-calle-y-los-lleva-a-castrar-a-jornadas-municipales\\\/#primaryimage\"},\"thumbnailUrl\":\"https:\\\/\\\/diarioprincipios.com\\\/wp-content\\\/uploads\\\/2024\\\/02\\\/BERAZATEGUI-VECINA-RESCATA-ANIMALES-DE-LA-CALLE-Y-LOS-LLEVA-A-CASTRAR-A-LAS-JORNADAS-MUNICIPALES2.jpg\",\"datePublished\":\"2024-02-16T20:00:15+00:00\",\"dateModified\":\"2024-02-16T20:00:18+00:00\",\"breadcrumb\":{\"@id\":\"https:\\\/\\\/diarioprincipios.com\\\/index.php\\\/2024\\\/02\\\/16\\\/vecina-rescata-animales-de-la-calle-y-los-lleva-a-castrar-a-jornadas-municipales\\\/#breadcrumb\"},\"inLanguage\":\"es\",\"potentialAction\":[{\"@type\":\"ReadAction\",\"target\":[\"https:\\\/\\\/diarioprincipios.com\\\/index.php\\\/2024\\\/02\\\/16\\\/vecina-rescata-animales-de-la-calle-y-los-lleva-a-castrar-a-jornadas-municipales\\\/\"]}]},{\"@type\":\"ImageObject\",\"inLanguage\":\"es\",\"@id\":\"https:\\\/\\\/diarioprincipios.com\\\/index.php\\\/2024\\\/02\\\/16\\\/vecina-rescata-animales-de-la-calle-y-los-lleva-a-castrar-a-jornadas-municipales\\\/#primaryimage\",\"url\":\"https:\\\/\\\/diarioprincipios.com\\\/wp-content\\\/uploads\\\/2024\\\/02\\\/BERAZATEGUI-VECINA-RESCATA-ANIMALES-DE-LA-CALLE-Y-LOS-LLEVA-A-CASTRAR-A-LAS-JORNADAS-MUNICIPALES2.jpg\",\"contentUrl\":\"https:\\\/\\\/diarioprincipios.com\\\/wp-content\\\/uploads\\\/2024\\\/02\\\/BERAZATEGUI-VECINA-RESCATA-ANIMALES-DE-LA-CALLE-Y-LOS-LLEVA-A-CASTRAR-A-LAS-JORNADAS-MUNICIPALES2.jpg\",\"width\":1920,\"height\":1280},{\"@type\":\"BreadcrumbList\",\"@id\":\"https:\\\/\\\/diarioprincipios.com\\\/index.php\\\/2024\\\/02\\\/16\\\/vecina-rescata-animales-de-la-calle-y-los-lleva-a-castrar-a-jornadas-municipales\\\/#breadcrumb\",\"itemListElement\":[{\"@type\":\"ListItem\",\"position\":1,\"name\":\"Portada\",\"item\":\"https:\\\/\\\/diarioprincipios.com\\\/\"},{\"@type\":\"ListItem\",\"position\":2,\"name\":\"Vecina rescata animales de la calle y los lleva a castrar a Jornadas Municipales\"}]},{\"@type\":\"WebSite\",\"@id\":\"https:\\\/\\\/diarioprincipios.com\\\/#website\",\"url\":\"https:\\\/\\\/diarioprincipios.com\\\/\",\"name\":\"Principios\",\"description\":\"Principios Diario\",\"publisher\":{\"@id\":\"https:\\\/\\\/diarioprincipios.com\\\/#organization\"},\"potentialAction\":[{\"@type\":\"SearchAction\",\"target\":{\"@type\":\"EntryPoint\",\"urlTemplate\":\"https:\\\/\\\/diarioprincipios.com\\\/?s={search_term_string}\"},\"query-input\":{\"@type\":\"PropertyValueSpecification\",\"valueRequired\":true,\"valueName\":\"search_term_string\"}}],\"inLanguage\":\"es\"},{\"@type\":\"Organization\",\"@id\":\"https:\\\/\\\/diarioprincipios.com\\\/#organization\",\"name\":\"Principios\",\"url\":\"https:\\\/\\\/diarioprincipios.com\\\/\",\"logo\":{\"@type\":\"ImageObject\",\"inLanguage\":\"es\",\"@id\":\"https:\\\/\\\/diarioprincipios.com\\\/#\\\/schema\\\/logo\\\/image\\\/\",\"url\":\"https:\\\/\\\/diarioprincipios.com\\\/wp-content\\\/uploads\\\/2024\\\/04\\\/cropped-www.diarioprincipios.com_-1.png\",\"contentUrl\":\"https:\\\/\\\/diarioprincipios.com\\\/wp-content\\\/uploads\\\/2024\\\/04\\\/cropped-www.diarioprincipios.com_-1.png\",\"width\":5325,\"height\":1454,\"caption\":\"Principios\"},\"image\":{\"@id\":\"https:\\\/\\\/diarioprincipios.com\\\/#\\\/schema\\\/logo\\\/image\\\/\"}},{\"@type\":\"Person\",\"@id\":\"https:\\\/\\\/diarioprincipios.com\\\/#\\\/schema\\\/person\\\/436d5a1fd41a5e250e23ff5a6a7cb080\",\"name\":\"Hern\u00e1n L\u00f3pez\",\"image\":{\"@type\":\"ImageObject\",\"inLanguage\":\"es\",\"@id\":\"https:\\\/\\\/diarioprincipios.com\\\/wp-content\\\/litespeed\\\/avatar\\\/11ddfe5610ff3bd100522525b2571f48.jpg?ver=1777048341\",\"url\":\"https:\\\/\\\/diarioprincipios.com\\\/wp-content\\\/litespeed\\\/avatar\\\/11ddfe5610ff3bd100522525b2571f48.jpg?ver=1777048341\",\"contentUrl\":\"https:\\\/\\\/diarioprincipios.com\\\/wp-content\\\/litespeed\\\/avatar\\\/11ddfe5610ff3bd100522525b2571f48.jpg?ver=1777048341\",\"caption\":\"Hern\u00e1n L\u00f3pez\"},\"url\":\"https:\\\/\\\/diarioprincipios.com\\\/index.php\\\/author\\\/hernan\\\/\"}]}<\/script>\n<!-- \/ Yoast SEO plugin. -->","yoast_head_json":{"title":"Vecina rescata animales de la calle y los lleva a castrar a Jornadas Municipales - Principios","robots":{"index":"index","follow":"follow","max-snippet":"max-snippet:-1","max-image-preview":"max-image-preview:large","max-video-preview":"max-video-preview:-1"},"canonical":"https:\/\/diarioprincipios.com\/index.php\/2024\/02\/16\/vecina-rescata-animales-de-la-calle-y-los-lleva-a-castrar-a-jornadas-municipales\/","og_locale":"es_ES","og_type":"article","og_title":"Vecina rescata animales de la calle y los lleva a castrar a Jornadas Municipales - Principios","og_description":"Ana Mar\u00eda Britos es una vecina de El Pato que ama los animales de compa\u00f1\u00eda, por eso se preocupa por el bienestar de ellos, aunque no sean suyos. Al enterarse de las jornadas de castraci\u00f3n, vacunaci\u00f3n y desparasitaci\u00f3n que la Municipalidad de Berazategui realiz\u00f3 en la Sociedad de Fomento Barrio Nuevo (calle 532 y 633...","og_url":"https:\/\/diarioprincipios.com\/index.php\/2024\/02\/16\/vecina-rescata-animales-de-la-calle-y-los-lleva-a-castrar-a-jornadas-municipales\/","og_site_name":"Principios","article_published_time":"2024-02-16T20:00:15+00:00","article_modified_time":"2024-02-16T20:00:18+00:00","og_image":[{"width":1920,"height":1280,"url":"https:\/\/diarioprincipios.com\/wp-content\/uploads\/2024\/02\/BERAZATEGUI-VECINA-RESCATA-ANIMALES-DE-LA-CALLE-Y-LOS-LLEVA-A-CASTRAR-A-LAS-JORNADAS-MUNICIPALES2.jpg","type":"image\/jpeg"}],"author":"Hern\u00e1n L\u00f3pez","twitter_card":"summary_large_image","twitter_misc":{"Escrito por":"Hern\u00e1n L\u00f3pez","Tiempo de lectura":"2 minutos"},"schema":{"@context":"https:\/\/schema.org","@graph":[{"@type":"Article","@id":"https:\/\/diarioprincipios.com\/index.php\/2024\/02\/16\/vecina-rescata-animales-de-la-calle-y-los-lleva-a-castrar-a-jornadas-municipales\/#article","isPartOf":{"@id":"https:\/\/diarioprincipios.com\/index.php\/2024\/02\/16\/vecina-rescata-animales-de-la-calle-y-los-lleva-a-castrar-a-jornadas-municipales\/"},"author":{"name":"Hern\u00e1n L\u00f3pez","@id":"https:\/\/diarioprincipios.com\/#\/schema\/person\/436d5a1fd41a5e250e23ff5a6a7cb080"},"headline":"Vecina rescata animales de la calle y los lleva a castrar a Jornadas Municipales","datePublished":"2024-02-16T20:00:15+00:00","dateModified":"2024-02-16T20:00:18+00:00","mainEntityOfPage":{"@id":"https:\/\/diarioprincipios.com\/index.php\/2024\/02\/16\/vecina-rescata-animales-de-la-calle-y-los-lleva-a-castrar-a-jornadas-municipales\/"},"wordCount":237,"commentCount":0,"publisher":{"@id":"https:\/\/diarioprincipios.com\/#organization"},"image":{"@id":"https:\/\/diarioprincipios.com\/index.php\/2024\/02\/16\/vecina-rescata-animales-de-la-calle-y-los-lleva-a-castrar-a-jornadas-municipales\/#primaryimage"},"thumbnailUrl":"https:\/\/diarioprincipios.com\/wp-content\/uploads\/2024\/02\/BERAZATEGUI-VECINA-RESCATA-ANIMALES-DE-LA-CALLE-Y-LOS-LLEVA-A-CASTRAR-A-LAS-JORNADAS-MUNICIPALES2.jpg","articleSection":["Berazategui"],"inLanguage":"es","potentialAction":[{"@type":"CommentAction","name":"Comment","target":["https:\/\/diarioprincipios.com\/index.php\/2024\/02\/16\/vecina-rescata-animales-de-la-calle-y-los-lleva-a-castrar-a-jornadas-municipales\/#respond"]}]},{"@type":"WebPage","@id":"https:\/\/diarioprincipios.com\/index.php\/2024\/02\/16\/vecina-rescata-animales-de-la-calle-y-los-lleva-a-castrar-a-jornadas-municipales\/","url":"https:\/\/diarioprincipios.com\/index.php\/2024\/02\/16\/vecina-rescata-animales-de-la-calle-y-los-lleva-a-castrar-a-jornadas-municipales\/","name":"Vecina rescata animales de la calle y los lleva a castrar a Jornadas Municipales - Principios","isPartOf":{"@id":"https:\/\/diarioprincipios.com\/#website"},"primaryImageOfPage":{"@id":"https:\/\/diarioprincipios.com\/index.php\/2024\/02\/16\/vecina-rescata-animales-de-la-calle-y-los-lleva-a-castrar-a-jornadas-municipales\/#primaryimage"},"image":{"@id":"https:\/\/diarioprincipios.com\/index.php\/2024\/02\/16\/vecina-rescata-animales-de-la-calle-y-los-lleva-a-castrar-a-jornadas-municipales\/#primaryimage"},"thumbnailUrl":"https:\/\/diarioprincipios.com\/wp-content\/uploads\/2024\/02\/BERAZATEGUI-VECINA-RESCATA-ANIMALES-DE-LA-CALLE-Y-LOS-LLEVA-A-CASTRAR-A-LAS-JORNADAS-MUNICIPALES2.jpg","datePublished":"2024-02-16T20:00:15+00:00","dateModified":"2024-02-16T20:00:18+00:00","breadcrumb":{"@id":"https:\/\/diarioprincipios.com\/index.php\/2024\/02\/16\/vecina-rescata-animales-de-la-calle-y-los-lleva-a-castrar-a-jornadas-municipales\/#breadcrumb"},"inLanguage":"es","potentialAction":[{"@type":"ReadAction","target":["https:\/\/diarioprincipios.com\/index.php\/2024\/02\/16\/vecina-rescata-animales-de-la-calle-y-los-lleva-a-castrar-a-jornadas-municipales\/"]}]},{"@type":"ImageObject","inLanguage":"es","@id":"https:\/\/diarioprincipios.com\/index.php\/2024\/02\/16\/vecina-rescata-animales-de-la-calle-y-los-lleva-a-castrar-a-jornadas-municipales\/#primaryimage","url":"https:\/\/diarioprincipios.com\/wp-content\/uploads\/2024\/02\/BERAZATEGUI-VECINA-RESCATA-ANIMALES-DE-LA-CALLE-Y-LOS-LLEVA-A-CASTRAR-A-LAS-JORNADAS-MUNICIPALES2.jpg","contentUrl":"https:\/\/diarioprincipios.com\/wp-content\/uploads\/2024\/02\/BERAZATEGUI-VECINA-RESCATA-ANIMALES-DE-LA-CALLE-Y-LOS-LLEVA-A-CASTRAR-A-LAS-JORNADAS-MUNICIPALES2.jpg","width":1920,"height":1280},{"@type":"BreadcrumbList","@id":"https:\/\/diarioprincipios.com\/index.php\/2024\/02\/16\/vecina-rescata-animales-de-la-calle-y-los-lleva-a-castrar-a-jornadas-municipales\/#breadcrumb","itemListElement":[{"@type":"ListItem","position":1,"name":"Portada","item":"https:\/\/diarioprincipios.com\/"},{"@type":"ListItem","position":2,"name":"Vecina rescata animales de la calle y los lleva a castrar a Jornadas Municipales"}]},{"@type":"WebSite","@id":"https:\/\/diarioprincipios.com\/#website","url":"https:\/\/diarioprincipios.com\/","name":"Principios","description":"Principios Diario","publisher":{"@id":"https:\/\/diarioprincipios.com\/#organization"},"potentialAction":[{"@type":"SearchAction","target":{"@type":"EntryPoint","urlTemplate":"https:\/\/diarioprincipios.com\/?s={search_term_string}"},"query-input":{"@type":"PropertyValueSpecification","valueRequired":true,"valueName":"search_term_string"}}],"inLanguage":"es"},{"@type":"Organization","@id":"https:\/\/diarioprincipios.com\/#organization","name":"Principios","url":"https:\/\/diarioprincipios.com\/","logo":{"@type":"ImageObject","inLanguage":"es","@id":"https:\/\/diarioprincipios.com\/#\/schema\/logo\/image\/","url":"https:\/\/diarioprincipios.com\/wp-content\/uploads\/2024\/04\/cropped-www.diarioprincipios.com_-1.png","contentUrl":"https:\/\/diarioprincipios.com\/wp-content\/uploads\/2024\/04\/cropped-www.diarioprincipios.com_-1.png","width":5325,"height":1454,"caption":"Principios"},"image":{"@id":"https:\/\/diarioprincipios.com\/#\/schema\/logo\/image\/"}},{"@type":"Person","@id":"https:\/\/diarioprincipios.com\/#\/schema\/person\/436d5a1fd41a5e250e23ff5a6a7cb080","name":"Hern\u00e1n L\u00f3pez","image":{"@type":"ImageObject","inLanguage":"es","@id":"https:\/\/diarioprincipios.com\/wp-content\/litespeed\/avatar\/11ddfe5610ff3bd100522525b2571f48.jpg?ver=1777048341","url":"https:\/\/diarioprincipios.com\/wp-content\/litespeed\/avatar\/11ddfe5610ff3bd100522525b2571f48.jpg?ver=1777048341","contentUrl":"https:\/\/diarioprincipios.com\/wp-content\/litespeed\/avatar\/11ddfe5610ff3bd100522525b2571f48.jpg?ver=1777048341","caption":"Hern\u00e1n L\u00f3pez"},"url":"https:\/\/diarioprincipios.com\/index.php\/author\/hernan\/"}]}},"jetpack_featured_media_url":"https:\/\/diarioprincipios.com\/wp-content\/uploads\/2024\/02\/BERAZATEGUI-VECINA-RESCATA-ANIMALES-DE-LA-CALLE-Y-LOS-LLEVA-A-CASTRAR-A-LAS-JORNADAS-MUNICIPALES2.jpg","_links":{"self":[{"href":"https:\/\/diarioprincipios.com\/index.php\/wp-json\/wp\/v2\/posts\/20708","targetHints":{"allow":["GET"]}}],"collection":[{"href":"https:\/\/diarioprincipios.com\/index.php\/wp-json\/wp\/v2\/posts"}],"about":[{"href":"https:\/\/diarioprincipios.com\/index.php\/wp-json\/wp\/v2\/types\/post"}],"author":[{"embeddable":true,"href":"https:\/\/diarioprincipios.com\/index.php\/wp-json\/wp\/v2\/users\/2"}],"replies":[{"embeddable":true,"href":"https:\/\/diarioprincipios.com\/index.php\/wp-json\/wp\/v2\/comments?post=20708"}],"version-history":[{"count":1,"href":"https:\/\/diarioprincipios.com\/index.php\/wp-json\/wp\/v2\/posts\/20708\/revisions"}],"predecessor-version":[{"id":20712,"href":"https:\/\/diarioprincipios.com\/index.php\/wp-json\/wp\/v2\/posts\/20708\/revisions\/20712"}],"wp:featuredmedia":[{"embeddable":true,"href":"https:\/\/diarioprincipios.com\/index.php\/wp-json\/wp\/v2\/media\/20711"}],"wp:attachment":[{"href":"https:\/\/diarioprincipios.com\/index.php\/wp-json\/wp\/v2\/media?parent=20708"}],"wp:term":[{"taxonomy":"category","embeddable":true,"href":"https:\/\/diarioprincipios.com\/index.php\/wp-json\/wp\/v2\/categories?post=20708"},{"taxonomy":"post_tag","embeddable":true,"href":"https:\/\/diarioprincipios.com\/index.php\/wp-json\/wp\/v2\/tags?post=20708"}],"curies":[{"name":"wp","href":"https:\/\/api.w.org\/{rel}","templated":true}]}}