{"id":20698,"date":"2024-02-16T01:01:09","date_gmt":"2024-02-16T04:01:09","guid":{"rendered":"http:\/\/diarioprincipios.com\/?p=20698"},"modified":"2024-02-16T01:01:11","modified_gmt":"2024-02-16T04:01:11","slug":"continuan-los-cursos-y-capacitaciones-municipales","status":"publish","type":"post","link":"https:\/\/diarioprincipios.com\/index.php\/2024\/02\/16\/continuan-los-cursos-y-capacitaciones-municipales\/","title":{"rendered":"Contin\u00faan los Cursos y Capacitaciones Municipales"},"content":{"rendered":"\n<p><strong>Este a\u00f1o, la Municipalidad de Berazategui continuar\u00e1 brindando cursos y capacitaciones en el Centro Local de Innovaci\u00f3n y Cultura (CLIC), que funciona en el Centro de Martilleros y Corredores P\u00fablicos ubicado en calle 148 y 17. El intendente de Berazategui, Juan Jos\u00e9 Mussi, y la presidenta del Centro, M\u00f3nica Figueira, firmaron el convenio que posibilitar\u00e1 al Municipio disponer de la sede para seguir fomentando el contacto de los vecinos y vecinas con la ciencia, la tecnolog\u00eda y la innovaci\u00f3n.<\/strong><\/p>\n\n\n\n<figure class=\"wp-block-image size-large\"><img loading=\"lazy\" decoding=\"async\" width=\"1024\" height=\"682\" src=\"https:\/\/diarioprincipios.com\/wp-content\/uploads\/2024\/02\/CONTINUAN-LOS-CURSOS-Y-CAPACITACIONES-MUNICIPALES_5-1024x682.jpeg\" alt=\"\" class=\"wp-image-20699\" srcset=\"https:\/\/diarioprincipios.com\/wp-content\/uploads\/2024\/02\/CONTINUAN-LOS-CURSOS-Y-CAPACITACIONES-MUNICIPALES_5-1024x682.jpeg 1024w, https:\/\/diarioprincipios.com\/wp-content\/uploads\/2024\/02\/CONTINUAN-LOS-CURSOS-Y-CAPACITACIONES-MUNICIPALES_5-300x200.jpeg 300w, https:\/\/diarioprincipios.com\/wp-content\/uploads\/2024\/02\/CONTINUAN-LOS-CURSOS-Y-CAPACITACIONES-MUNICIPALES_5-768x512.jpeg 768w, https:\/\/diarioprincipios.com\/wp-content\/uploads\/2024\/02\/CONTINUAN-LOS-CURSOS-Y-CAPACITACIONES-MUNICIPALES_5-1536x1023.jpeg 1536w, https:\/\/diarioprincipios.com\/wp-content\/uploads\/2024\/02\/CONTINUAN-LOS-CURSOS-Y-CAPACITACIONES-MUNICIPALES_5.jpeg 1600w\" sizes=\"auto, (max-width: 1024px) 100vw, 1024px\" \/><\/figure>\n\n\n\n<p>\u201cEste es un lugar especial que favorece actividades; uno de los tres espacios de capacitaci\u00f3n de los que disponemos, el m\u00e1s antiguo\u201d, destac\u00f3 Mussi durante el encuentro. Y expres\u00f3: \u201cAgradecemos al Centro por facilitar las instalaciones, por la apertura a la comunidad. Esto es muy bueno y un ejemplo a seguir por las dem\u00e1s entidades, ya que ayudan a todos a capacitarse. Queremos que se mantenga porque las instituciones son las que perduran a trav\u00e9s del tiempo; y eso es muy positivo, aqu\u00ed se han capacitado m\u00e1s de mil personas, quienes a partir de esta posibilidad seguramente han encontrado una salida laboral y han podido ayudar a sus familias, as\u00ed que les damos las gracias por firmar el convenio\u201d.<\/p>\n\n\n\n<p>Por su parte, M\u00f3nica Figueira afirm\u00f3: \u201cNos enorgullece que el Centro est\u00e9 puesto al beneficio del ciudadano de Berazategui, es una satisfacci\u00f3n y lo agradecemos al Dr. Mussi\u201d. Asimismo, el secretario de Trabajo municipal, Juan Manuel Parra -quien asisti\u00f3 junto al equipo de esa cartera-, coment\u00f3: \u201cEn este espacio pudimos generar dos aulas de capacitaci\u00f3n profesional para nuestros vecinos con distintos cursos, donde tenemos el Centro Local de Innovaci\u00f3n y Cultura (CLIC) financiado por el Gobierno de la provincia. Estamos felices de poder continuar con esta iniciativa que redunda en tantos beneficios para la comunidad\u201d.<\/p>\n\n\n\n<figure class=\"wp-block-image size-large\"><img loading=\"lazy\" decoding=\"async\" width=\"1024\" height=\"683\" src=\"https:\/\/diarioprincipios.com\/wp-content\/uploads\/2024\/02\/CONTINUAN-LOS-CURSOS-Y-CAPACITACIONES-MUNICIPALES_4-1024x683.jpeg\" alt=\"\" class=\"wp-image-20700\" srcset=\"https:\/\/diarioprincipios.com\/wp-content\/uploads\/2024\/02\/CONTINUAN-LOS-CURSOS-Y-CAPACITACIONES-MUNICIPALES_4-1024x683.jpeg 1024w, https:\/\/diarioprincipios.com\/wp-content\/uploads\/2024\/02\/CONTINUAN-LOS-CURSOS-Y-CAPACITACIONES-MUNICIPALES_4-300x200.jpeg 300w, https:\/\/diarioprincipios.com\/wp-content\/uploads\/2024\/02\/CONTINUAN-LOS-CURSOS-Y-CAPACITACIONES-MUNICIPALES_4-768x512.jpeg 768w, https:\/\/diarioprincipios.com\/wp-content\/uploads\/2024\/02\/CONTINUAN-LOS-CURSOS-Y-CAPACITACIONES-MUNICIPALES_4-1536x1024.jpeg 1536w, https:\/\/diarioprincipios.com\/wp-content\/uploads\/2024\/02\/CONTINUAN-LOS-CURSOS-Y-CAPACITACIONES-MUNICIPALES_4.jpeg 1600w\" sizes=\"auto, (max-width: 1024px) 100vw, 1024px\" \/><\/figure>\n\n\n\n<p>Desde 2022, en el espacio se han dictado 85 cursos para beneficio de vecinos, vecinas, estudiantes de escuelas t\u00e9cnicas y emprendedores. Algunas de las capacitaciones brindadas son: Rob\u00f3tica y Programaci\u00f3n, Inform\u00e1tica, Orientaci\u00f3n laboral, Escuela de Emprendedores y Curso de Gesti\u00f3n Empresarial.<\/p>\n\n\n\n<p>Quienes deseen participar, pueden comunicarse a trav\u00e9s de las redes sociales municipales (@MuniBerazategui), por e-mail a&nbsp;<a rel=\"noreferrer noopener\" target=\"_blank\" href=\"mailto:capacitacioneslaborales@berazategui.gob.ar\">capacitacioneslaborales@berazategui.gob.ar<\/a>&nbsp;o llamando al 4356-9200 Int. 2280.<\/p>\n","protected":false},"excerpt":{"rendered":"<p>Este a\u00f1o, la Municipalidad de Berazategui continuar\u00e1 brindando cursos y capacitaciones en el Centro Local de Innovaci\u00f3n y Cultura (CLIC), que funciona en el Centro de Martilleros y Corredores P\u00fablicos ubicado en calle 148 y 17. El intendente de Berazategui, Juan Jos\u00e9 Mussi, y la presidenta del Centro, M\u00f3nica Figueira, firmaron el convenio que posibilitar\u00e1&#8230;<\/p>\n","protected":false},"author":2,"featured_media":20701,"comment_status":"open","ping_status":"open","sticky":false,"template":"","format":"standard","meta":{"footnotes":""},"categories":[3],"tags":[],"class_list":["post-20698","post","type-post","status-publish","format-standard","has-post-thumbnail","hentry","category-berazategui"],"featured_image_src":"https:\/\/diarioprincipios.com\/wp-content\/uploads\/2024\/02\/CONTINUAN-LOS-CURSOS-Y-CAPACITACIONES-MUNICIPALES_2-1024x683.jpeg","blog_images":{"medium":"https:\/\/diarioprincipios.com\/wp-content\/uploads\/2024\/02\/CONTINUAN-LOS-CURSOS-Y-CAPACITACIONES-MUNICIPALES_2-300x200.jpeg","large":"https:\/\/diarioprincipios.com\/wp-content\/uploads\/2024\/02\/CONTINUAN-LOS-CURSOS-Y-CAPACITACIONES-MUNICIPALES_2-1024x683.jpeg"},"ams_acf":[],"yoast_head":"<!-- This site is optimized with the Yoast SEO plugin v27.3 - https:\/\/yoast.com\/product\/yoast-seo-wordpress\/ -->\n<title>Contin\u00faan los Cursos y Capacitaciones Municipales - Principios<\/title>\n<meta name=\"robots\" content=\"index, follow, max-snippet:-1, max-image-preview:large, max-video-preview:-1\" \/>\n<link rel=\"canonical\" href=\"https:\/\/diarioprincipios.com\/index.php\/2024\/02\/16\/continuan-los-cursos-y-capacitaciones-municipales\/\" \/>\n<meta property=\"og:locale\" content=\"es_ES\" \/>\n<meta property=\"og:type\" content=\"article\" \/>\n<meta property=\"og:title\" content=\"Contin\u00faan los Cursos y Capacitaciones Municipales - Principios\" \/>\n<meta property=\"og:description\" content=\"Este a\u00f1o, la Municipalidad de Berazategui continuar\u00e1 brindando cursos y capacitaciones en el Centro Local de Innovaci\u00f3n y Cultura (CLIC), que funciona en el Centro de Martilleros y Corredores P\u00fablicos ubicado en calle 148 y 17. El intendente de Berazategui, Juan Jos\u00e9 Mussi, y la presidenta del Centro, M\u00f3nica Figueira, firmaron el convenio que posibilitar\u00e1...\" \/>\n<meta property=\"og:url\" content=\"https:\/\/diarioprincipios.com\/index.php\/2024\/02\/16\/continuan-los-cursos-y-capacitaciones-municipales\/\" \/>\n<meta property=\"og:site_name\" content=\"Principios\" \/>\n<meta property=\"article:published_time\" content=\"2024-02-16T04:01:09+00:00\" \/>\n<meta property=\"article:modified_time\" content=\"2024-02-16T04:01:11+00:00\" \/>\n<meta property=\"og:image\" content=\"https:\/\/diarioprincipios.com\/wp-content\/uploads\/2024\/02\/CONTINUAN-LOS-CURSOS-Y-CAPACITACIONES-MUNICIPALES_2.jpeg\" \/>\n\t<meta property=\"og:image:width\" content=\"1600\" \/>\n\t<meta property=\"og:image:height\" content=\"1067\" \/>\n\t<meta property=\"og:image:type\" content=\"image\/jpeg\" \/>\n<meta name=\"author\" content=\"Hern\u00e1n L\u00f3pez\" \/>\n<meta name=\"twitter:card\" content=\"summary_large_image\" \/>\n<meta name=\"twitter:label1\" content=\"Escrito por\" \/>\n\t<meta name=\"twitter:data1\" content=\"Hern\u00e1n L\u00f3pez\" \/>\n\t<meta name=\"twitter:label2\" content=\"Tiempo de lectura\" \/>\n\t<meta name=\"twitter:data2\" content=\"3 minutos\" \/>\n<script type=\"application\/ld+json\" class=\"yoast-schema-graph\">{\"@context\":\"https:\\\/\\\/schema.org\",\"@graph\":[{\"@type\":\"Article\",\"@id\":\"https:\\\/\\\/diarioprincipios.com\\\/index.php\\\/2024\\\/02\\\/16\\\/continuan-los-cursos-y-capacitaciones-municipales\\\/#article\",\"isPartOf\":{\"@id\":\"https:\\\/\\\/diarioprincipios.com\\\/index.php\\\/2024\\\/02\\\/16\\\/continuan-los-cursos-y-capacitaciones-municipales\\\/\"},\"author\":{\"name\":\"Hern\u00e1n L\u00f3pez\",\"@id\":\"https:\\\/\\\/diarioprincipios.com\\\/#\\\/schema\\\/person\\\/436d5a1fd41a5e250e23ff5a6a7cb080\"},\"headline\":\"Contin\u00faan los Cursos y Capacitaciones Municipales\",\"datePublished\":\"2024-02-16T04:01:09+00:00\",\"dateModified\":\"2024-02-16T04:01:11+00:00\",\"mainEntityOfPage\":{\"@id\":\"https:\\\/\\\/diarioprincipios.com\\\/index.php\\\/2024\\\/02\\\/16\\\/continuan-los-cursos-y-capacitaciones-municipales\\\/\"},\"wordCount\":386,\"commentCount\":0,\"publisher\":{\"@id\":\"https:\\\/\\\/diarioprincipios.com\\\/#organization\"},\"image\":{\"@id\":\"https:\\\/\\\/diarioprincipios.com\\\/index.php\\\/2024\\\/02\\\/16\\\/continuan-los-cursos-y-capacitaciones-municipales\\\/#primaryimage\"},\"thumbnailUrl\":\"https:\\\/\\\/diarioprincipios.com\\\/wp-content\\\/uploads\\\/2024\\\/02\\\/CONTINUAN-LOS-CURSOS-Y-CAPACITACIONES-MUNICIPALES_2.jpeg\",\"articleSection\":[\"Berazategui\"],\"inLanguage\":\"es\",\"potentialAction\":[{\"@type\":\"CommentAction\",\"name\":\"Comment\",\"target\":[\"https:\\\/\\\/diarioprincipios.com\\\/index.php\\\/2024\\\/02\\\/16\\\/continuan-los-cursos-y-capacitaciones-municipales\\\/#respond\"]}]},{\"@type\":\"WebPage\",\"@id\":\"https:\\\/\\\/diarioprincipios.com\\\/index.php\\\/2024\\\/02\\\/16\\\/continuan-los-cursos-y-capacitaciones-municipales\\\/\",\"url\":\"https:\\\/\\\/diarioprincipios.com\\\/index.php\\\/2024\\\/02\\\/16\\\/continuan-los-cursos-y-capacitaciones-municipales\\\/\",\"name\":\"Contin\u00faan los Cursos y Capacitaciones Municipales - Principios\",\"isPartOf\":{\"@id\":\"https:\\\/\\\/diarioprincipios.com\\\/#website\"},\"primaryImageOfPage\":{\"@id\":\"https:\\\/\\\/diarioprincipios.com\\\/index.php\\\/2024\\\/02\\\/16\\\/continuan-los-cursos-y-capacitaciones-municipales\\\/#primaryimage\"},\"image\":{\"@id\":\"https:\\\/\\\/diarioprincipios.com\\\/index.php\\\/2024\\\/02\\\/16\\\/continuan-los-cursos-y-capacitaciones-municipales\\\/#primaryimage\"},\"thumbnailUrl\":\"https:\\\/\\\/diarioprincipios.com\\\/wp-content\\\/uploads\\\/2024\\\/02\\\/CONTINUAN-LOS-CURSOS-Y-CAPACITACIONES-MUNICIPALES_2.jpeg\",\"datePublished\":\"2024-02-16T04:01:09+00:00\",\"dateModified\":\"2024-02-16T04:01:11+00:00\",\"breadcrumb\":{\"@id\":\"https:\\\/\\\/diarioprincipios.com\\\/index.php\\\/2024\\\/02\\\/16\\\/continuan-los-cursos-y-capacitaciones-municipales\\\/#breadcrumb\"},\"inLanguage\":\"es\",\"potentialAction\":[{\"@type\":\"ReadAction\",\"target\":[\"https:\\\/\\\/diarioprincipios.com\\\/index.php\\\/2024\\\/02\\\/16\\\/continuan-los-cursos-y-capacitaciones-municipales\\\/\"]}]},{\"@type\":\"ImageObject\",\"inLanguage\":\"es\",\"@id\":\"https:\\\/\\\/diarioprincipios.com\\\/index.php\\\/2024\\\/02\\\/16\\\/continuan-los-cursos-y-capacitaciones-municipales\\\/#primaryimage\",\"url\":\"https:\\\/\\\/diarioprincipios.com\\\/wp-content\\\/uploads\\\/2024\\\/02\\\/CONTINUAN-LOS-CURSOS-Y-CAPACITACIONES-MUNICIPALES_2.jpeg\",\"contentUrl\":\"https:\\\/\\\/diarioprincipios.com\\\/wp-content\\\/uploads\\\/2024\\\/02\\\/CONTINUAN-LOS-CURSOS-Y-CAPACITACIONES-MUNICIPALES_2.jpeg\",\"width\":1600,\"height\":1067},{\"@type\":\"BreadcrumbList\",\"@id\":\"https:\\\/\\\/diarioprincipios.com\\\/index.php\\\/2024\\\/02\\\/16\\\/continuan-los-cursos-y-capacitaciones-municipales\\\/#breadcrumb\",\"itemListElement\":[{\"@type\":\"ListItem\",\"position\":1,\"name\":\"Portada\",\"item\":\"https:\\\/\\\/diarioprincipios.com\\\/\"},{\"@type\":\"ListItem\",\"position\":2,\"name\":\"Contin\u00faan los Cursos y Capacitaciones Municipales\"}]},{\"@type\":\"WebSite\",\"@id\":\"https:\\\/\\\/diarioprincipios.com\\\/#website\",\"url\":\"https:\\\/\\\/diarioprincipios.com\\\/\",\"name\":\"Principios\",\"description\":\"Principios Diario\",\"publisher\":{\"@id\":\"https:\\\/\\\/diarioprincipios.com\\\/#organization\"},\"potentialAction\":[{\"@type\":\"SearchAction\",\"target\":{\"@type\":\"EntryPoint\",\"urlTemplate\":\"https:\\\/\\\/diarioprincipios.com\\\/?s={search_term_string}\"},\"query-input\":{\"@type\":\"PropertyValueSpecification\",\"valueRequired\":true,\"valueName\":\"search_term_string\"}}],\"inLanguage\":\"es\"},{\"@type\":\"Organization\",\"@id\":\"https:\\\/\\\/diarioprincipios.com\\\/#organization\",\"name\":\"Principios\",\"url\":\"https:\\\/\\\/diarioprincipios.com\\\/\",\"logo\":{\"@type\":\"ImageObject\",\"inLanguage\":\"es\",\"@id\":\"https:\\\/\\\/diarioprincipios.com\\\/#\\\/schema\\\/logo\\\/image\\\/\",\"url\":\"https:\\\/\\\/diarioprincipios.com\\\/wp-content\\\/uploads\\\/2024\\\/04\\\/cropped-www.diarioprincipios.com_-1.png\",\"contentUrl\":\"https:\\\/\\\/diarioprincipios.com\\\/wp-content\\\/uploads\\\/2024\\\/04\\\/cropped-www.diarioprincipios.com_-1.png\",\"width\":5325,\"height\":1454,\"caption\":\"Principios\"},\"image\":{\"@id\":\"https:\\\/\\\/diarioprincipios.com\\\/#\\\/schema\\\/logo\\\/image\\\/\"}},{\"@type\":\"Person\",\"@id\":\"https:\\\/\\\/diarioprincipios.com\\\/#\\\/schema\\\/person\\\/436d5a1fd41a5e250e23ff5a6a7cb080\",\"name\":\"Hern\u00e1n L\u00f3pez\",\"image\":{\"@type\":\"ImageObject\",\"inLanguage\":\"es\",\"@id\":\"https:\\\/\\\/diarioprincipios.com\\\/wp-content\\\/litespeed\\\/avatar\\\/11ddfe5610ff3bd100522525b2571f48.jpg?ver=1777653193\",\"url\":\"https:\\\/\\\/diarioprincipios.com\\\/wp-content\\\/litespeed\\\/avatar\\\/11ddfe5610ff3bd100522525b2571f48.jpg?ver=1777653193\",\"contentUrl\":\"https:\\\/\\\/diarioprincipios.com\\\/wp-content\\\/litespeed\\\/avatar\\\/11ddfe5610ff3bd100522525b2571f48.jpg?ver=1777653193\",\"caption\":\"Hern\u00e1n L\u00f3pez\"},\"url\":\"https:\\\/\\\/diarioprincipios.com\\\/index.php\\\/author\\\/hernan\\\/\"}]}<\/script>\n<!-- \/ Yoast SEO plugin. -->","yoast_head_json":{"title":"Contin\u00faan los Cursos y Capacitaciones Municipales - Principios","robots":{"index":"index","follow":"follow","max-snippet":"max-snippet:-1","max-image-preview":"max-image-preview:large","max-video-preview":"max-video-preview:-1"},"canonical":"https:\/\/diarioprincipios.com\/index.php\/2024\/02\/16\/continuan-los-cursos-y-capacitaciones-municipales\/","og_locale":"es_ES","og_type":"article","og_title":"Contin\u00faan los Cursos y Capacitaciones Municipales - Principios","og_description":"Este a\u00f1o, la Municipalidad de Berazategui continuar\u00e1 brindando cursos y capacitaciones en el Centro Local de Innovaci\u00f3n y Cultura (CLIC), que funciona en el Centro de Martilleros y Corredores P\u00fablicos ubicado en calle 148 y 17. El intendente de Berazategui, Juan Jos\u00e9 Mussi, y la presidenta del Centro, M\u00f3nica Figueira, firmaron el convenio que posibilitar\u00e1...","og_url":"https:\/\/diarioprincipios.com\/index.php\/2024\/02\/16\/continuan-los-cursos-y-capacitaciones-municipales\/","og_site_name":"Principios","article_published_time":"2024-02-16T04:01:09+00:00","article_modified_time":"2024-02-16T04:01:11+00:00","og_image":[{"width":1600,"height":1067,"url":"https:\/\/diarioprincipios.com\/wp-content\/uploads\/2024\/02\/CONTINUAN-LOS-CURSOS-Y-CAPACITACIONES-MUNICIPALES_2.jpeg","type":"image\/jpeg"}],"author":"Hern\u00e1n L\u00f3pez","twitter_card":"summary_large_image","twitter_misc":{"Escrito por":"Hern\u00e1n L\u00f3pez","Tiempo de lectura":"3 minutos"},"schema":{"@context":"https:\/\/schema.org","@graph":[{"@type":"Article","@id":"https:\/\/diarioprincipios.com\/index.php\/2024\/02\/16\/continuan-los-cursos-y-capacitaciones-municipales\/#article","isPartOf":{"@id":"https:\/\/diarioprincipios.com\/index.php\/2024\/02\/16\/continuan-los-cursos-y-capacitaciones-municipales\/"},"author":{"name":"Hern\u00e1n L\u00f3pez","@id":"https:\/\/diarioprincipios.com\/#\/schema\/person\/436d5a1fd41a5e250e23ff5a6a7cb080"},"headline":"Contin\u00faan los Cursos y Capacitaciones Municipales","datePublished":"2024-02-16T04:01:09+00:00","dateModified":"2024-02-16T04:01:11+00:00","mainEntityOfPage":{"@id":"https:\/\/diarioprincipios.com\/index.php\/2024\/02\/16\/continuan-los-cursos-y-capacitaciones-municipales\/"},"wordCount":386,"commentCount":0,"publisher":{"@id":"https:\/\/diarioprincipios.com\/#organization"},"image":{"@id":"https:\/\/diarioprincipios.com\/index.php\/2024\/02\/16\/continuan-los-cursos-y-capacitaciones-municipales\/#primaryimage"},"thumbnailUrl":"https:\/\/diarioprincipios.com\/wp-content\/uploads\/2024\/02\/CONTINUAN-LOS-CURSOS-Y-CAPACITACIONES-MUNICIPALES_2.jpeg","articleSection":["Berazategui"],"inLanguage":"es","potentialAction":[{"@type":"CommentAction","name":"Comment","target":["https:\/\/diarioprincipios.com\/index.php\/2024\/02\/16\/continuan-los-cursos-y-capacitaciones-municipales\/#respond"]}]},{"@type":"WebPage","@id":"https:\/\/diarioprincipios.com\/index.php\/2024\/02\/16\/continuan-los-cursos-y-capacitaciones-municipales\/","url":"https:\/\/diarioprincipios.com\/index.php\/2024\/02\/16\/continuan-los-cursos-y-capacitaciones-municipales\/","name":"Contin\u00faan los Cursos y Capacitaciones Municipales - Principios","isPartOf":{"@id":"https:\/\/diarioprincipios.com\/#website"},"primaryImageOfPage":{"@id":"https:\/\/diarioprincipios.com\/index.php\/2024\/02\/16\/continuan-los-cursos-y-capacitaciones-municipales\/#primaryimage"},"image":{"@id":"https:\/\/diarioprincipios.com\/index.php\/2024\/02\/16\/continuan-los-cursos-y-capacitaciones-municipales\/#primaryimage"},"thumbnailUrl":"https:\/\/diarioprincipios.com\/wp-content\/uploads\/2024\/02\/CONTINUAN-LOS-CURSOS-Y-CAPACITACIONES-MUNICIPALES_2.jpeg","datePublished":"2024-02-16T04:01:09+00:00","dateModified":"2024-02-16T04:01:11+00:00","breadcrumb":{"@id":"https:\/\/diarioprincipios.com\/index.php\/2024\/02\/16\/continuan-los-cursos-y-capacitaciones-municipales\/#breadcrumb"},"inLanguage":"es","potentialAction":[{"@type":"ReadAction","target":["https:\/\/diarioprincipios.com\/index.php\/2024\/02\/16\/continuan-los-cursos-y-capacitaciones-municipales\/"]}]},{"@type":"ImageObject","inLanguage":"es","@id":"https:\/\/diarioprincipios.com\/index.php\/2024\/02\/16\/continuan-los-cursos-y-capacitaciones-municipales\/#primaryimage","url":"https:\/\/diarioprincipios.com\/wp-content\/uploads\/2024\/02\/CONTINUAN-LOS-CURSOS-Y-CAPACITACIONES-MUNICIPALES_2.jpeg","contentUrl":"https:\/\/diarioprincipios.com\/wp-content\/uploads\/2024\/02\/CONTINUAN-LOS-CURSOS-Y-CAPACITACIONES-MUNICIPALES_2.jpeg","width":1600,"height":1067},{"@type":"BreadcrumbList","@id":"https:\/\/diarioprincipios.com\/index.php\/2024\/02\/16\/continuan-los-cursos-y-capacitaciones-municipales\/#breadcrumb","itemListElement":[{"@type":"ListItem","position":1,"name":"Portada","item":"https:\/\/diarioprincipios.com\/"},{"@type":"ListItem","position":2,"name":"Contin\u00faan los Cursos y Capacitaciones Municipales"}]},{"@type":"WebSite","@id":"https:\/\/diarioprincipios.com\/#website","url":"https:\/\/diarioprincipios.com\/","name":"Principios","description":"Principios Diario","publisher":{"@id":"https:\/\/diarioprincipios.com\/#organization"},"potentialAction":[{"@type":"SearchAction","target":{"@type":"EntryPoint","urlTemplate":"https:\/\/diarioprincipios.com\/?s={search_term_string}"},"query-input":{"@type":"PropertyValueSpecification","valueRequired":true,"valueName":"search_term_string"}}],"inLanguage":"es"},{"@type":"Organization","@id":"https:\/\/diarioprincipios.com\/#organization","name":"Principios","url":"https:\/\/diarioprincipios.com\/","logo":{"@type":"ImageObject","inLanguage":"es","@id":"https:\/\/diarioprincipios.com\/#\/schema\/logo\/image\/","url":"https:\/\/diarioprincipios.com\/wp-content\/uploads\/2024\/04\/cropped-www.diarioprincipios.com_-1.png","contentUrl":"https:\/\/diarioprincipios.com\/wp-content\/uploads\/2024\/04\/cropped-www.diarioprincipios.com_-1.png","width":5325,"height":1454,"caption":"Principios"},"image":{"@id":"https:\/\/diarioprincipios.com\/#\/schema\/logo\/image\/"}},{"@type":"Person","@id":"https:\/\/diarioprincipios.com\/#\/schema\/person\/436d5a1fd41a5e250e23ff5a6a7cb080","name":"Hern\u00e1n L\u00f3pez","image":{"@type":"ImageObject","inLanguage":"es","@id":"https:\/\/diarioprincipios.com\/wp-content\/litespeed\/avatar\/11ddfe5610ff3bd100522525b2571f48.jpg?ver=1777653193","url":"https:\/\/diarioprincipios.com\/wp-content\/litespeed\/avatar\/11ddfe5610ff3bd100522525b2571f48.jpg?ver=1777653193","contentUrl":"https:\/\/diarioprincipios.com\/wp-content\/litespeed\/avatar\/11ddfe5610ff3bd100522525b2571f48.jpg?ver=1777653193","caption":"Hern\u00e1n L\u00f3pez"},"url":"https:\/\/diarioprincipios.com\/index.php\/author\/hernan\/"}]}},"jetpack_featured_media_url":"https:\/\/diarioprincipios.com\/wp-content\/uploads\/2024\/02\/CONTINUAN-LOS-CURSOS-Y-CAPACITACIONES-MUNICIPALES_2.jpeg","_links":{"self":[{"href":"https:\/\/diarioprincipios.com\/index.php\/wp-json\/wp\/v2\/posts\/20698","targetHints":{"allow":["GET"]}}],"collection":[{"href":"https:\/\/diarioprincipios.com\/index.php\/wp-json\/wp\/v2\/posts"}],"about":[{"href":"https:\/\/diarioprincipios.com\/index.php\/wp-json\/wp\/v2\/types\/post"}],"author":[{"embeddable":true,"href":"https:\/\/diarioprincipios.com\/index.php\/wp-json\/wp\/v2\/users\/2"}],"replies":[{"embeddable":true,"href":"https:\/\/diarioprincipios.com\/index.php\/wp-json\/wp\/v2\/comments?post=20698"}],"version-history":[{"count":1,"href":"https:\/\/diarioprincipios.com\/index.php\/wp-json\/wp\/v2\/posts\/20698\/revisions"}],"predecessor-version":[{"id":20702,"href":"https:\/\/diarioprincipios.com\/index.php\/wp-json\/wp\/v2\/posts\/20698\/revisions\/20702"}],"wp:featuredmedia":[{"embeddable":true,"href":"https:\/\/diarioprincipios.com\/index.php\/wp-json\/wp\/v2\/media\/20701"}],"wp:attachment":[{"href":"https:\/\/diarioprincipios.com\/index.php\/wp-json\/wp\/v2\/media?parent=20698"}],"wp:term":[{"taxonomy":"category","embeddable":true,"href":"https:\/\/diarioprincipios.com\/index.php\/wp-json\/wp\/v2\/categories?post=20698"},{"taxonomy":"post_tag","embeddable":true,"href":"https:\/\/diarioprincipios.com\/index.php\/wp-json\/wp\/v2\/tags?post=20698"}],"curies":[{"name":"wp","href":"https:\/\/api.w.org\/{rel}","templated":true}]}}