{"id":20689,"date":"2024-02-15T15:57:27","date_gmt":"2024-02-15T18:57:27","guid":{"rendered":"http:\/\/diarioprincipios.com\/?p=20689"},"modified":"2024-02-15T15:57:32","modified_gmt":"2024-02-15T18:57:32","slug":"continuan-las-actividades-culturales-del-ciclo-de-verano","status":"publish","type":"post","link":"https:\/\/diarioprincipios.com\/index.php\/2024\/02\/15\/continuan-las-actividades-culturales-del-ciclo-de-verano\/","title":{"rendered":"Contin\u00faan las actividades culturales del Ciclo de Verano"},"content":{"rendered":"\n<p><strong>Esta semana, el Ciclo de Verano que organiza la Municipalidad de Berazategui presenta una gran variedad de espect\u00e1culos y actividades culturales gratuitas para disfrutar en familia o con amigos.<\/strong><\/p>\n\n\n\n<p>El domingo 18 de febrero se destacar\u00e1 la B-Play Medieval, que incluir\u00e1 el Festival de M\u00fasica Celta y la participaci\u00f3n de artesanos medievales y recreacionistas hist\u00f3ricos, entre otros atractivos. La cita es desde las 16.00, en Plaza San Mart\u00edn (Av. Mitre entre 6 y 7).<\/p>\n\n\n\n<figure class=\"wp-block-image size-large\"><img loading=\"lazy\" decoding=\"async\" width=\"1024\" height=\"682\" src=\"https:\/\/diarioprincipios.com\/wp-content\/uploads\/2024\/02\/CONTINUAN-LAS-ACTIVIDADES-CULTURALES-DEL-CICLO-DE-VERANO_5-1024x682.jpeg\" alt=\"\" class=\"wp-image-20690\" srcset=\"https:\/\/diarioprincipios.com\/wp-content\/uploads\/2024\/02\/CONTINUAN-LAS-ACTIVIDADES-CULTURALES-DEL-CICLO-DE-VERANO_5-1024x682.jpeg 1024w, https:\/\/diarioprincipios.com\/wp-content\/uploads\/2024\/02\/CONTINUAN-LAS-ACTIVIDADES-CULTURALES-DEL-CICLO-DE-VERANO_5-300x200.jpeg 300w, https:\/\/diarioprincipios.com\/wp-content\/uploads\/2024\/02\/CONTINUAN-LAS-ACTIVIDADES-CULTURALES-DEL-CICLO-DE-VERANO_5-768x512.jpeg 768w, https:\/\/diarioprincipios.com\/wp-content\/uploads\/2024\/02\/CONTINUAN-LAS-ACTIVIDADES-CULTURALES-DEL-CICLO-DE-VERANO_5-1536x1023.jpeg 1536w, https:\/\/diarioprincipios.com\/wp-content\/uploads\/2024\/02\/CONTINUAN-LAS-ACTIVIDADES-CULTURALES-DEL-CICLO-DE-VERANO_5.jpeg 1600w\" sizes=\"auto, (max-width: 1024px) 100vw, 1024px\" \/><\/figure>\n\n\n\n<p>El cronograma completo dispuesto por la Secretar\u00eda de Cultura y Educaci\u00f3n es el siguiente:<\/p>\n\n\n\n<p>Jueves 15\/2:<\/p>\n\n\n\n<p>16.30: Jueves de juegos en los Museos: juegos teatrales y actividades pl\u00e1sticas para las infancias y toda la familia, en el Museo Municipal del Golf Roberto De Vicenzo (calle 28 y 132).<\/p>\n\n\n\n<p>20.30: Cine en El Patio: proyecci\u00f3n de la pel\u00edcula \u201cNo me rompan\u201d. Complejo Cultural Municipal El Patio (calle 149 entre 15 y 15 A).<\/p>\n\n\n\n<figure class=\"wp-block-image size-large\"><img loading=\"lazy\" decoding=\"async\" width=\"1024\" height=\"682\" src=\"https:\/\/diarioprincipios.com\/wp-content\/uploads\/2024\/02\/CONTINUAN-LAS-ACTIVIDADES-CULTURALES-DEL-CICLO-DE-VERANO_3-1024x682.jpeg\" alt=\"\" class=\"wp-image-20691\" srcset=\"https:\/\/diarioprincipios.com\/wp-content\/uploads\/2024\/02\/CONTINUAN-LAS-ACTIVIDADES-CULTURALES-DEL-CICLO-DE-VERANO_3-1024x682.jpeg 1024w, https:\/\/diarioprincipios.com\/wp-content\/uploads\/2024\/02\/CONTINUAN-LAS-ACTIVIDADES-CULTURALES-DEL-CICLO-DE-VERANO_3-300x200.jpeg 300w, https:\/\/diarioprincipios.com\/wp-content\/uploads\/2024\/02\/CONTINUAN-LAS-ACTIVIDADES-CULTURALES-DEL-CICLO-DE-VERANO_3-768x512.jpeg 768w, https:\/\/diarioprincipios.com\/wp-content\/uploads\/2024\/02\/CONTINUAN-LAS-ACTIVIDADES-CULTURALES-DEL-CICLO-DE-VERANO_3-1536x1023.jpeg 1536w, https:\/\/diarioprincipios.com\/wp-content\/uploads\/2024\/02\/CONTINUAN-LAS-ACTIVIDADES-CULTURALES-DEL-CICLO-DE-VERANO_3.jpeg 1600w\" sizes=\"auto, (max-width: 1024px) 100vw, 1024px\" \/><\/figure>\n\n\n\n<p>Viernes 16\/2:<\/p>\n\n\n\n<p>20:00: Viernes y te vas: ciclo de improvisaci\u00f3n de danza y teatro. Complejo Cultural Municipal La Calle (148 y 18 A).<\/p>\n\n\n\n<p>20.30: Bera Suena: se presentar\u00e1n las bandas locales \u201cPinto y Me Voy\u201d y \u201cDesterrados del Para\u00edso\u201d. Complejo Cultural Municipal La Humanitaria (Lisandro de la Torre y 52, Hudson).<\/p>\n\n\n\n<p>20.30: Patio de Tango y Folclore. Se presentar\u00e1 \u00abGrupo Ser\u00e1\u00bb. Una gran noche de m\u00fasica y baile con diferentes artistas locales. Adem\u00e1s, habr\u00e1 clase abierta de tango a partir de las 19.00. Centro Municipal de Actividades Roberto De Vicenzo (calle 148 y 18).<\/p>\n\n\n\n<figure class=\"wp-block-image size-large\"><img loading=\"lazy\" decoding=\"async\" width=\"1024\" height=\"682\" src=\"https:\/\/diarioprincipios.com\/wp-content\/uploads\/2024\/02\/CONTINUAN-LAS-ACTIVIDADES-CULTURALES-DEL-CICLO-DE-VERANO_6-1024x682.jpeg\" alt=\"\" class=\"wp-image-20692\" srcset=\"https:\/\/diarioprincipios.com\/wp-content\/uploads\/2024\/02\/CONTINUAN-LAS-ACTIVIDADES-CULTURALES-DEL-CICLO-DE-VERANO_6-1024x682.jpeg 1024w, https:\/\/diarioprincipios.com\/wp-content\/uploads\/2024\/02\/CONTINUAN-LAS-ACTIVIDADES-CULTURALES-DEL-CICLO-DE-VERANO_6-300x200.jpeg 300w, https:\/\/diarioprincipios.com\/wp-content\/uploads\/2024\/02\/CONTINUAN-LAS-ACTIVIDADES-CULTURALES-DEL-CICLO-DE-VERANO_6-768x512.jpeg 768w, https:\/\/diarioprincipios.com\/wp-content\/uploads\/2024\/02\/CONTINUAN-LAS-ACTIVIDADES-CULTURALES-DEL-CICLO-DE-VERANO_6-1536x1023.jpeg 1536w, https:\/\/diarioprincipios.com\/wp-content\/uploads\/2024\/02\/CONTINUAN-LAS-ACTIVIDADES-CULTURALES-DEL-CICLO-DE-VERANO_6.jpeg 1600w\" sizes=\"auto, (max-width: 1024px) 100vw, 1024px\" \/><\/figure>\n\n\n\n<p>S\u00e1bado 17\/2:<\/p>\n\n\n\n<p>18.00: Juntada y Game Over: competencia de freestyle y espacios de juegos, lectura, dibujo y m\u00fasica. Complejo Cultural Municipal La Calle.<\/p>\n\n\n\n<p>20.30: Concierto de m\u00fasica del norte de la India y Feria Regal\u00e1 Cultura. Se presentar\u00e1n \u201cAriel Chab-Tarab\u201d y \u201cRasikananda Das\u201d. Complejo Cultural Municipal El Patio.<\/p>\n\n\n\n<p>Domingo 18\/2:<\/p>\n\n\n\n<p>16.00: B-Play Medieval, Cultura Colectiva y Feria Regal\u00e1 Cultura. En el Festival de M\u00fasica Celta se presentar\u00e1n \u00abMuir\u00bb y \u00abSete Netos\u00bb. Plaza San Mart\u00edn.<\/p>\n\n\n\n<p>19.00: Ciclo de poes\u00eda, a cargo del Grupo Literario Almafuerte. Complejo Cultural Municipal El Patio.<\/p>\n\n\n\n<p>Para conocer m\u00e1s, ingresar a&nbsp;<a rel=\"noreferrer noopener\" target=\"_blank\" href=\"http:\/\/berazategui.gob.ar\/cultura\">berazategui.gob.ar\/cultura<\/a>&nbsp;o seguir las redes sociales del Municipio (@MuniBerazategui).<\/p>\n","protected":false},"excerpt":{"rendered":"<p>Esta semana, el Ciclo de Verano que organiza la Municipalidad de Berazategui presenta una gran variedad de espect\u00e1culos y actividades culturales gratuitas para disfrutar en familia o con amigos. El domingo 18 de febrero se destacar\u00e1 la B-Play Medieval, que incluir\u00e1 el Festival de M\u00fasica Celta y la participaci\u00f3n de artesanos medievales y recreacionistas hist\u00f3ricos,&#8230;<\/p>\n","protected":false},"author":2,"featured_media":20693,"comment_status":"open","ping_status":"open","sticky":false,"template":"","format":"standard","meta":{"footnotes":""},"categories":[3],"tags":[],"class_list":["post-20689","post","type-post","status-publish","format-standard","has-post-thumbnail","hentry","category-berazategui"],"featured_image_src":"https:\/\/diarioprincipios.com\/wp-content\/uploads\/2024\/02\/CONTINUAN-LAS-ACTIVIDADES-CULTURALES-DEL-CICLO-DE-VERANO_1-1024x682.jpeg","blog_images":{"medium":"https:\/\/diarioprincipios.com\/wp-content\/uploads\/2024\/02\/CONTINUAN-LAS-ACTIVIDADES-CULTURALES-DEL-CICLO-DE-VERANO_1-300x200.jpeg","large":"https:\/\/diarioprincipios.com\/wp-content\/uploads\/2024\/02\/CONTINUAN-LAS-ACTIVIDADES-CULTURALES-DEL-CICLO-DE-VERANO_1-1024x682.jpeg"},"ams_acf":[],"yoast_head":"<!-- This site is optimized with the Yoast SEO plugin v27.3 - https:\/\/yoast.com\/product\/yoast-seo-wordpress\/ -->\n<title>Contin\u00faan las actividades culturales del Ciclo de Verano - Principios<\/title>\n<meta name=\"robots\" content=\"index, follow, max-snippet:-1, max-image-preview:large, max-video-preview:-1\" \/>\n<link rel=\"canonical\" href=\"https:\/\/diarioprincipios.com\/index.php\/2024\/02\/15\/continuan-las-actividades-culturales-del-ciclo-de-verano\/\" \/>\n<meta property=\"og:locale\" content=\"es_ES\" \/>\n<meta property=\"og:type\" content=\"article\" \/>\n<meta property=\"og:title\" content=\"Contin\u00faan las actividades culturales del Ciclo de Verano - Principios\" \/>\n<meta property=\"og:description\" content=\"Esta semana, el Ciclo de Verano que organiza la Municipalidad de Berazategui presenta una gran variedad de espect\u00e1culos y actividades culturales gratuitas para disfrutar en familia o con amigos. El domingo 18 de febrero se destacar\u00e1 la B-Play Medieval, que incluir\u00e1 el Festival de M\u00fasica Celta y la participaci\u00f3n de artesanos medievales y recreacionistas hist\u00f3ricos,...\" \/>\n<meta property=\"og:url\" content=\"https:\/\/diarioprincipios.com\/index.php\/2024\/02\/15\/continuan-las-actividades-culturales-del-ciclo-de-verano\/\" \/>\n<meta property=\"og:site_name\" content=\"Principios\" \/>\n<meta property=\"article:published_time\" content=\"2024-02-15T18:57:27+00:00\" \/>\n<meta property=\"article:modified_time\" content=\"2024-02-15T18:57:32+00:00\" \/>\n<meta property=\"og:image\" content=\"https:\/\/diarioprincipios.com\/wp-content\/uploads\/2024\/02\/CONTINUAN-LAS-ACTIVIDADES-CULTURALES-DEL-CICLO-DE-VERANO_1.jpeg\" \/>\n\t<meta property=\"og:image:width\" content=\"1600\" \/>\n\t<meta property=\"og:image:height\" content=\"1066\" \/>\n\t<meta property=\"og:image:type\" content=\"image\/jpeg\" \/>\n<meta name=\"author\" content=\"Hern\u00e1n L\u00f3pez\" \/>\n<meta name=\"twitter:card\" content=\"summary_large_image\" \/>\n<meta name=\"twitter:label1\" content=\"Escrito por\" \/>\n\t<meta name=\"twitter:data1\" content=\"Hern\u00e1n L\u00f3pez\" \/>\n\t<meta name=\"twitter:label2\" content=\"Tiempo de lectura\" \/>\n\t<meta name=\"twitter:data2\" content=\"3 minutos\" \/>\n<script type=\"application\/ld+json\" class=\"yoast-schema-graph\">{\"@context\":\"https:\\\/\\\/schema.org\",\"@graph\":[{\"@type\":\"Article\",\"@id\":\"https:\\\/\\\/diarioprincipios.com\\\/index.php\\\/2024\\\/02\\\/15\\\/continuan-las-actividades-culturales-del-ciclo-de-verano\\\/#article\",\"isPartOf\":{\"@id\":\"https:\\\/\\\/diarioprincipios.com\\\/index.php\\\/2024\\\/02\\\/15\\\/continuan-las-actividades-culturales-del-ciclo-de-verano\\\/\"},\"author\":{\"name\":\"Hern\u00e1n L\u00f3pez\",\"@id\":\"https:\\\/\\\/diarioprincipios.com\\\/#\\\/schema\\\/person\\\/436d5a1fd41a5e250e23ff5a6a7cb080\"},\"headline\":\"Contin\u00faan las actividades culturales del Ciclo de Verano\",\"datePublished\":\"2024-02-15T18:57:27+00:00\",\"dateModified\":\"2024-02-15T18:57:32+00:00\",\"mainEntityOfPage\":{\"@id\":\"https:\\\/\\\/diarioprincipios.com\\\/index.php\\\/2024\\\/02\\\/15\\\/continuan-las-actividades-culturales-del-ciclo-de-verano\\\/\"},\"wordCount\":353,\"commentCount\":0,\"publisher\":{\"@id\":\"https:\\\/\\\/diarioprincipios.com\\\/#organization\"},\"image\":{\"@id\":\"https:\\\/\\\/diarioprincipios.com\\\/index.php\\\/2024\\\/02\\\/15\\\/continuan-las-actividades-culturales-del-ciclo-de-verano\\\/#primaryimage\"},\"thumbnailUrl\":\"https:\\\/\\\/diarioprincipios.com\\\/wp-content\\\/uploads\\\/2024\\\/02\\\/CONTINUAN-LAS-ACTIVIDADES-CULTURALES-DEL-CICLO-DE-VERANO_1.jpeg\",\"articleSection\":[\"Berazategui\"],\"inLanguage\":\"es\",\"potentialAction\":[{\"@type\":\"CommentAction\",\"name\":\"Comment\",\"target\":[\"https:\\\/\\\/diarioprincipios.com\\\/index.php\\\/2024\\\/02\\\/15\\\/continuan-las-actividades-culturales-del-ciclo-de-verano\\\/#respond\"]}]},{\"@type\":\"WebPage\",\"@id\":\"https:\\\/\\\/diarioprincipios.com\\\/index.php\\\/2024\\\/02\\\/15\\\/continuan-las-actividades-culturales-del-ciclo-de-verano\\\/\",\"url\":\"https:\\\/\\\/diarioprincipios.com\\\/index.php\\\/2024\\\/02\\\/15\\\/continuan-las-actividades-culturales-del-ciclo-de-verano\\\/\",\"name\":\"Contin\u00faan las actividades culturales del Ciclo de Verano - Principios\",\"isPartOf\":{\"@id\":\"https:\\\/\\\/diarioprincipios.com\\\/#website\"},\"primaryImageOfPage\":{\"@id\":\"https:\\\/\\\/diarioprincipios.com\\\/index.php\\\/2024\\\/02\\\/15\\\/continuan-las-actividades-culturales-del-ciclo-de-verano\\\/#primaryimage\"},\"image\":{\"@id\":\"https:\\\/\\\/diarioprincipios.com\\\/index.php\\\/2024\\\/02\\\/15\\\/continuan-las-actividades-culturales-del-ciclo-de-verano\\\/#primaryimage\"},\"thumbnailUrl\":\"https:\\\/\\\/diarioprincipios.com\\\/wp-content\\\/uploads\\\/2024\\\/02\\\/CONTINUAN-LAS-ACTIVIDADES-CULTURALES-DEL-CICLO-DE-VERANO_1.jpeg\",\"datePublished\":\"2024-02-15T18:57:27+00:00\",\"dateModified\":\"2024-02-15T18:57:32+00:00\",\"breadcrumb\":{\"@id\":\"https:\\\/\\\/diarioprincipios.com\\\/index.php\\\/2024\\\/02\\\/15\\\/continuan-las-actividades-culturales-del-ciclo-de-verano\\\/#breadcrumb\"},\"inLanguage\":\"es\",\"potentialAction\":[{\"@type\":\"ReadAction\",\"target\":[\"https:\\\/\\\/diarioprincipios.com\\\/index.php\\\/2024\\\/02\\\/15\\\/continuan-las-actividades-culturales-del-ciclo-de-verano\\\/\"]}]},{\"@type\":\"ImageObject\",\"inLanguage\":\"es\",\"@id\":\"https:\\\/\\\/diarioprincipios.com\\\/index.php\\\/2024\\\/02\\\/15\\\/continuan-las-actividades-culturales-del-ciclo-de-verano\\\/#primaryimage\",\"url\":\"https:\\\/\\\/diarioprincipios.com\\\/wp-content\\\/uploads\\\/2024\\\/02\\\/CONTINUAN-LAS-ACTIVIDADES-CULTURALES-DEL-CICLO-DE-VERANO_1.jpeg\",\"contentUrl\":\"https:\\\/\\\/diarioprincipios.com\\\/wp-content\\\/uploads\\\/2024\\\/02\\\/CONTINUAN-LAS-ACTIVIDADES-CULTURALES-DEL-CICLO-DE-VERANO_1.jpeg\",\"width\":1600,\"height\":1066},{\"@type\":\"BreadcrumbList\",\"@id\":\"https:\\\/\\\/diarioprincipios.com\\\/index.php\\\/2024\\\/02\\\/15\\\/continuan-las-actividades-culturales-del-ciclo-de-verano\\\/#breadcrumb\",\"itemListElement\":[{\"@type\":\"ListItem\",\"position\":1,\"name\":\"Portada\",\"item\":\"https:\\\/\\\/diarioprincipios.com\\\/\"},{\"@type\":\"ListItem\",\"position\":2,\"name\":\"Contin\u00faan las actividades culturales del Ciclo de Verano\"}]},{\"@type\":\"WebSite\",\"@id\":\"https:\\\/\\\/diarioprincipios.com\\\/#website\",\"url\":\"https:\\\/\\\/diarioprincipios.com\\\/\",\"name\":\"Principios\",\"description\":\"Principios Diario\",\"publisher\":{\"@id\":\"https:\\\/\\\/diarioprincipios.com\\\/#organization\"},\"potentialAction\":[{\"@type\":\"SearchAction\",\"target\":{\"@type\":\"EntryPoint\",\"urlTemplate\":\"https:\\\/\\\/diarioprincipios.com\\\/?s={search_term_string}\"},\"query-input\":{\"@type\":\"PropertyValueSpecification\",\"valueRequired\":true,\"valueName\":\"search_term_string\"}}],\"inLanguage\":\"es\"},{\"@type\":\"Organization\",\"@id\":\"https:\\\/\\\/diarioprincipios.com\\\/#organization\",\"name\":\"Principios\",\"url\":\"https:\\\/\\\/diarioprincipios.com\\\/\",\"logo\":{\"@type\":\"ImageObject\",\"inLanguage\":\"es\",\"@id\":\"https:\\\/\\\/diarioprincipios.com\\\/#\\\/schema\\\/logo\\\/image\\\/\",\"url\":\"https:\\\/\\\/diarioprincipios.com\\\/wp-content\\\/uploads\\\/2024\\\/04\\\/cropped-www.diarioprincipios.com_-1.png\",\"contentUrl\":\"https:\\\/\\\/diarioprincipios.com\\\/wp-content\\\/uploads\\\/2024\\\/04\\\/cropped-www.diarioprincipios.com_-1.png\",\"width\":5325,\"height\":1454,\"caption\":\"Principios\"},\"image\":{\"@id\":\"https:\\\/\\\/diarioprincipios.com\\\/#\\\/schema\\\/logo\\\/image\\\/\"}},{\"@type\":\"Person\",\"@id\":\"https:\\\/\\\/diarioprincipios.com\\\/#\\\/schema\\\/person\\\/436d5a1fd41a5e250e23ff5a6a7cb080\",\"name\":\"Hern\u00e1n L\u00f3pez\",\"image\":{\"@type\":\"ImageObject\",\"inLanguage\":\"es\",\"@id\":\"https:\\\/\\\/diarioprincipios.com\\\/wp-content\\\/litespeed\\\/avatar\\\/11ddfe5610ff3bd100522525b2571f48.jpg?ver=1777653193\",\"url\":\"https:\\\/\\\/diarioprincipios.com\\\/wp-content\\\/litespeed\\\/avatar\\\/11ddfe5610ff3bd100522525b2571f48.jpg?ver=1777653193\",\"contentUrl\":\"https:\\\/\\\/diarioprincipios.com\\\/wp-content\\\/litespeed\\\/avatar\\\/11ddfe5610ff3bd100522525b2571f48.jpg?ver=1777653193\",\"caption\":\"Hern\u00e1n L\u00f3pez\"},\"url\":\"https:\\\/\\\/diarioprincipios.com\\\/index.php\\\/author\\\/hernan\\\/\"}]}<\/script>\n<!-- \/ Yoast SEO plugin. -->","yoast_head_json":{"title":"Contin\u00faan las actividades culturales del Ciclo de Verano - Principios","robots":{"index":"index","follow":"follow","max-snippet":"max-snippet:-1","max-image-preview":"max-image-preview:large","max-video-preview":"max-video-preview:-1"},"canonical":"https:\/\/diarioprincipios.com\/index.php\/2024\/02\/15\/continuan-las-actividades-culturales-del-ciclo-de-verano\/","og_locale":"es_ES","og_type":"article","og_title":"Contin\u00faan las actividades culturales del Ciclo de Verano - Principios","og_description":"Esta semana, el Ciclo de Verano que organiza la Municipalidad de Berazategui presenta una gran variedad de espect\u00e1culos y actividades culturales gratuitas para disfrutar en familia o con amigos. El domingo 18 de febrero se destacar\u00e1 la B-Play Medieval, que incluir\u00e1 el Festival de M\u00fasica Celta y la participaci\u00f3n de artesanos medievales y recreacionistas hist\u00f3ricos,...","og_url":"https:\/\/diarioprincipios.com\/index.php\/2024\/02\/15\/continuan-las-actividades-culturales-del-ciclo-de-verano\/","og_site_name":"Principios","article_published_time":"2024-02-15T18:57:27+00:00","article_modified_time":"2024-02-15T18:57:32+00:00","og_image":[{"width":1600,"height":1066,"url":"https:\/\/diarioprincipios.com\/wp-content\/uploads\/2024\/02\/CONTINUAN-LAS-ACTIVIDADES-CULTURALES-DEL-CICLO-DE-VERANO_1.jpeg","type":"image\/jpeg"}],"author":"Hern\u00e1n L\u00f3pez","twitter_card":"summary_large_image","twitter_misc":{"Escrito por":"Hern\u00e1n L\u00f3pez","Tiempo de lectura":"3 minutos"},"schema":{"@context":"https:\/\/schema.org","@graph":[{"@type":"Article","@id":"https:\/\/diarioprincipios.com\/index.php\/2024\/02\/15\/continuan-las-actividades-culturales-del-ciclo-de-verano\/#article","isPartOf":{"@id":"https:\/\/diarioprincipios.com\/index.php\/2024\/02\/15\/continuan-las-actividades-culturales-del-ciclo-de-verano\/"},"author":{"name":"Hern\u00e1n L\u00f3pez","@id":"https:\/\/diarioprincipios.com\/#\/schema\/person\/436d5a1fd41a5e250e23ff5a6a7cb080"},"headline":"Contin\u00faan las actividades culturales del Ciclo de Verano","datePublished":"2024-02-15T18:57:27+00:00","dateModified":"2024-02-15T18:57:32+00:00","mainEntityOfPage":{"@id":"https:\/\/diarioprincipios.com\/index.php\/2024\/02\/15\/continuan-las-actividades-culturales-del-ciclo-de-verano\/"},"wordCount":353,"commentCount":0,"publisher":{"@id":"https:\/\/diarioprincipios.com\/#organization"},"image":{"@id":"https:\/\/diarioprincipios.com\/index.php\/2024\/02\/15\/continuan-las-actividades-culturales-del-ciclo-de-verano\/#primaryimage"},"thumbnailUrl":"https:\/\/diarioprincipios.com\/wp-content\/uploads\/2024\/02\/CONTINUAN-LAS-ACTIVIDADES-CULTURALES-DEL-CICLO-DE-VERANO_1.jpeg","articleSection":["Berazategui"],"inLanguage":"es","potentialAction":[{"@type":"CommentAction","name":"Comment","target":["https:\/\/diarioprincipios.com\/index.php\/2024\/02\/15\/continuan-las-actividades-culturales-del-ciclo-de-verano\/#respond"]}]},{"@type":"WebPage","@id":"https:\/\/diarioprincipios.com\/index.php\/2024\/02\/15\/continuan-las-actividades-culturales-del-ciclo-de-verano\/","url":"https:\/\/diarioprincipios.com\/index.php\/2024\/02\/15\/continuan-las-actividades-culturales-del-ciclo-de-verano\/","name":"Contin\u00faan las actividades culturales del Ciclo de Verano - Principios","isPartOf":{"@id":"https:\/\/diarioprincipios.com\/#website"},"primaryImageOfPage":{"@id":"https:\/\/diarioprincipios.com\/index.php\/2024\/02\/15\/continuan-las-actividades-culturales-del-ciclo-de-verano\/#primaryimage"},"image":{"@id":"https:\/\/diarioprincipios.com\/index.php\/2024\/02\/15\/continuan-las-actividades-culturales-del-ciclo-de-verano\/#primaryimage"},"thumbnailUrl":"https:\/\/diarioprincipios.com\/wp-content\/uploads\/2024\/02\/CONTINUAN-LAS-ACTIVIDADES-CULTURALES-DEL-CICLO-DE-VERANO_1.jpeg","datePublished":"2024-02-15T18:57:27+00:00","dateModified":"2024-02-15T18:57:32+00:00","breadcrumb":{"@id":"https:\/\/diarioprincipios.com\/index.php\/2024\/02\/15\/continuan-las-actividades-culturales-del-ciclo-de-verano\/#breadcrumb"},"inLanguage":"es","potentialAction":[{"@type":"ReadAction","target":["https:\/\/diarioprincipios.com\/index.php\/2024\/02\/15\/continuan-las-actividades-culturales-del-ciclo-de-verano\/"]}]},{"@type":"ImageObject","inLanguage":"es","@id":"https:\/\/diarioprincipios.com\/index.php\/2024\/02\/15\/continuan-las-actividades-culturales-del-ciclo-de-verano\/#primaryimage","url":"https:\/\/diarioprincipios.com\/wp-content\/uploads\/2024\/02\/CONTINUAN-LAS-ACTIVIDADES-CULTURALES-DEL-CICLO-DE-VERANO_1.jpeg","contentUrl":"https:\/\/diarioprincipios.com\/wp-content\/uploads\/2024\/02\/CONTINUAN-LAS-ACTIVIDADES-CULTURALES-DEL-CICLO-DE-VERANO_1.jpeg","width":1600,"height":1066},{"@type":"BreadcrumbList","@id":"https:\/\/diarioprincipios.com\/index.php\/2024\/02\/15\/continuan-las-actividades-culturales-del-ciclo-de-verano\/#breadcrumb","itemListElement":[{"@type":"ListItem","position":1,"name":"Portada","item":"https:\/\/diarioprincipios.com\/"},{"@type":"ListItem","position":2,"name":"Contin\u00faan las actividades culturales del Ciclo de Verano"}]},{"@type":"WebSite","@id":"https:\/\/diarioprincipios.com\/#website","url":"https:\/\/diarioprincipios.com\/","name":"Principios","description":"Principios Diario","publisher":{"@id":"https:\/\/diarioprincipios.com\/#organization"},"potentialAction":[{"@type":"SearchAction","target":{"@type":"EntryPoint","urlTemplate":"https:\/\/diarioprincipios.com\/?s={search_term_string}"},"query-input":{"@type":"PropertyValueSpecification","valueRequired":true,"valueName":"search_term_string"}}],"inLanguage":"es"},{"@type":"Organization","@id":"https:\/\/diarioprincipios.com\/#organization","name":"Principios","url":"https:\/\/diarioprincipios.com\/","logo":{"@type":"ImageObject","inLanguage":"es","@id":"https:\/\/diarioprincipios.com\/#\/schema\/logo\/image\/","url":"https:\/\/diarioprincipios.com\/wp-content\/uploads\/2024\/04\/cropped-www.diarioprincipios.com_-1.png","contentUrl":"https:\/\/diarioprincipios.com\/wp-content\/uploads\/2024\/04\/cropped-www.diarioprincipios.com_-1.png","width":5325,"height":1454,"caption":"Principios"},"image":{"@id":"https:\/\/diarioprincipios.com\/#\/schema\/logo\/image\/"}},{"@type":"Person","@id":"https:\/\/diarioprincipios.com\/#\/schema\/person\/436d5a1fd41a5e250e23ff5a6a7cb080","name":"Hern\u00e1n L\u00f3pez","image":{"@type":"ImageObject","inLanguage":"es","@id":"https:\/\/diarioprincipios.com\/wp-content\/litespeed\/avatar\/11ddfe5610ff3bd100522525b2571f48.jpg?ver=1777653193","url":"https:\/\/diarioprincipios.com\/wp-content\/litespeed\/avatar\/11ddfe5610ff3bd100522525b2571f48.jpg?ver=1777653193","contentUrl":"https:\/\/diarioprincipios.com\/wp-content\/litespeed\/avatar\/11ddfe5610ff3bd100522525b2571f48.jpg?ver=1777653193","caption":"Hern\u00e1n L\u00f3pez"},"url":"https:\/\/diarioprincipios.com\/index.php\/author\/hernan\/"}]}},"jetpack_featured_media_url":"https:\/\/diarioprincipios.com\/wp-content\/uploads\/2024\/02\/CONTINUAN-LAS-ACTIVIDADES-CULTURALES-DEL-CICLO-DE-VERANO_1.jpeg","_links":{"self":[{"href":"https:\/\/diarioprincipios.com\/index.php\/wp-json\/wp\/v2\/posts\/20689","targetHints":{"allow":["GET"]}}],"collection":[{"href":"https:\/\/diarioprincipios.com\/index.php\/wp-json\/wp\/v2\/posts"}],"about":[{"href":"https:\/\/diarioprincipios.com\/index.php\/wp-json\/wp\/v2\/types\/post"}],"author":[{"embeddable":true,"href":"https:\/\/diarioprincipios.com\/index.php\/wp-json\/wp\/v2\/users\/2"}],"replies":[{"embeddable":true,"href":"https:\/\/diarioprincipios.com\/index.php\/wp-json\/wp\/v2\/comments?post=20689"}],"version-history":[{"count":1,"href":"https:\/\/diarioprincipios.com\/index.php\/wp-json\/wp\/v2\/posts\/20689\/revisions"}],"predecessor-version":[{"id":20694,"href":"https:\/\/diarioprincipios.com\/index.php\/wp-json\/wp\/v2\/posts\/20689\/revisions\/20694"}],"wp:featuredmedia":[{"embeddable":true,"href":"https:\/\/diarioprincipios.com\/index.php\/wp-json\/wp\/v2\/media\/20693"}],"wp:attachment":[{"href":"https:\/\/diarioprincipios.com\/index.php\/wp-json\/wp\/v2\/media?parent=20689"}],"wp:term":[{"taxonomy":"category","embeddable":true,"href":"https:\/\/diarioprincipios.com\/index.php\/wp-json\/wp\/v2\/categories?post=20689"},{"taxonomy":"post_tag","embeddable":true,"href":"https:\/\/diarioprincipios.com\/index.php\/wp-json\/wp\/v2\/tags?post=20689"}],"curies":[{"name":"wp","href":"https:\/\/api.w.org\/{rel}","templated":true}]}}