{"id":20686,"date":"2024-02-14T17:51:28","date_gmt":"2024-02-14T20:51:28","guid":{"rendered":"http:\/\/diarioprincipios.com\/?p=20686"},"modified":"2024-02-14T17:51:37","modified_gmt":"2024-02-14T20:51:37","slug":"el-sindicato-municipal-comienza-con-la-entrega-de-kit-escolar","status":"publish","type":"post","link":"https:\/\/diarioprincipios.com\/index.php\/2024\/02\/14\/el-sindicato-municipal-comienza-con-la-entrega-de-kit-escolar\/","title":{"rendered":"El Sindicato Municipal comienza con la entrega de Kit Escolar"},"content":{"rendered":"\n<p>Este jueves 15 de febrero, el Sindicato de Trabajadores Municipales de Berazategui comenzara con la entrega de Kits de \u00fatiles escolares para los hijos de sus afiliados en edad escolar.<\/p>\n\n\n\n<p>Los afiliados deber\u00e1n acercarse a la sede gremial de 151 y 18 A para retirar el kit de \u00fatiles para sus hijos.<\/p>\n\n\n\n<p>Gabriel Carril Campusano, Secretario General del STMB sostuvo que \u00abcomo todos los a\u00f1os hacemos un esfuerzo para estar junto  a nuestros afiliados en el comienzo de un nuevo ciclo lectivo escolar de sus hijos\u00bb, acotando que \u00abeste a\u00f1o, por el contexto econ\u00f3mico que vive el pa\u00eds,  nuestro acompa\u00f1amiento se hace m\u00e1s indispensable que nunca y no le pod\u00edamos fallar a nuestros compa\u00f1eros\u00bb.<\/p>\n\n\n\n<p>El Sindicato de Trabajadores Municipales se hace  presente  en el comienzo de clases brindando su apoyo a los trabajadores que en esta \u00e9poca del a\u00f1o deben afrontar el costo que implican los \u00fatiles para sus hijos y que con esta ayuda se ve aliviado considerablemente.<\/p>\n","protected":false},"excerpt":{"rendered":"<p>Este jueves 15 de febrero, el Sindicato de Trabajadores Municipales de Berazategui comenzara con la entrega de Kits de \u00fatiles escolares para los hijos de sus afiliados en edad escolar. Los afiliados deber\u00e1n acercarse a la sede gremial de 151 y 18 A para retirar el kit de \u00fatiles para sus hijos. Gabriel Carril Campusano,&#8230;<\/p>\n","protected":false},"author":2,"featured_media":20687,"comment_status":"open","ping_status":"open","sticky":false,"template":"","format":"standard","meta":{"footnotes":""},"categories":[3],"tags":[],"class_list":["post-20686","post","type-post","status-publish","format-standard","has-post-thumbnail","hentry","category-berazategui"],"featured_image_src":"https:\/\/diarioprincipios.com\/wp-content\/uploads\/2024\/02\/Screenshot_20240214_173825_WhatsApp-809x1024.jpg","blog_images":{"medium":"https:\/\/diarioprincipios.com\/wp-content\/uploads\/2024\/02\/Screenshot_20240214_173825_WhatsApp-237x300.jpg","large":"https:\/\/diarioprincipios.com\/wp-content\/uploads\/2024\/02\/Screenshot_20240214_173825_WhatsApp-809x1024.jpg"},"ams_acf":[],"yoast_head":"<!-- This site is optimized with the Yoast SEO plugin v27.3 - https:\/\/yoast.com\/product\/yoast-seo-wordpress\/ -->\n<title>El Sindicato Municipal comienza con la entrega de Kit Escolar - Principios<\/title>\n<meta name=\"robots\" content=\"index, follow, max-snippet:-1, max-image-preview:large, max-video-preview:-1\" \/>\n<link rel=\"canonical\" href=\"https:\/\/diarioprincipios.com\/index.php\/2024\/02\/14\/el-sindicato-municipal-comienza-con-la-entrega-de-kit-escolar\/\" \/>\n<meta property=\"og:locale\" content=\"es_ES\" \/>\n<meta property=\"og:type\" content=\"article\" \/>\n<meta property=\"og:title\" content=\"El Sindicato Municipal comienza con la entrega de Kit Escolar - Principios\" \/>\n<meta property=\"og:description\" content=\"Este jueves 15 de febrero, el Sindicato de Trabajadores Municipales de Berazategui comenzara con la entrega de Kits de \u00fatiles escolares para los hijos de sus afiliados en edad escolar. Los afiliados deber\u00e1n acercarse a la sede gremial de 151 y 18 A para retirar el kit de \u00fatiles para sus hijos. Gabriel Carril Campusano,...\" \/>\n<meta property=\"og:url\" content=\"https:\/\/diarioprincipios.com\/index.php\/2024\/02\/14\/el-sindicato-municipal-comienza-con-la-entrega-de-kit-escolar\/\" \/>\n<meta property=\"og:site_name\" content=\"Principios\" \/>\n<meta property=\"article:published_time\" content=\"2024-02-14T20:51:28+00:00\" \/>\n<meta property=\"article:modified_time\" content=\"2024-02-14T20:51:37+00:00\" \/>\n<meta property=\"og:image\" content=\"https:\/\/diarioprincipios.com\/wp-content\/uploads\/2024\/02\/Screenshot_20240214_173825_WhatsApp.jpg\" \/>\n\t<meta property=\"og:image:width\" content=\"1079\" \/>\n\t<meta property=\"og:image:height\" content=\"1365\" \/>\n\t<meta property=\"og:image:type\" content=\"image\/jpeg\" \/>\n<meta name=\"author\" content=\"Hern\u00e1n L\u00f3pez\" \/>\n<meta name=\"twitter:card\" content=\"summary_large_image\" \/>\n<meta name=\"twitter:label1\" content=\"Escrito por\" \/>\n\t<meta name=\"twitter:data1\" content=\"Hern\u00e1n L\u00f3pez\" \/>\n\t<meta name=\"twitter:label2\" content=\"Tiempo de lectura\" \/>\n\t<meta name=\"twitter:data2\" content=\"1 minuto\" \/>\n<script type=\"application\/ld+json\" class=\"yoast-schema-graph\">{\"@context\":\"https:\\\/\\\/schema.org\",\"@graph\":[{\"@type\":\"Article\",\"@id\":\"https:\\\/\\\/diarioprincipios.com\\\/index.php\\\/2024\\\/02\\\/14\\\/el-sindicato-municipal-comienza-con-la-entrega-de-kit-escolar\\\/#article\",\"isPartOf\":{\"@id\":\"https:\\\/\\\/diarioprincipios.com\\\/index.php\\\/2024\\\/02\\\/14\\\/el-sindicato-municipal-comienza-con-la-entrega-de-kit-escolar\\\/\"},\"author\":{\"name\":\"Hern\u00e1n L\u00f3pez\",\"@id\":\"https:\\\/\\\/diarioprincipios.com\\\/#\\\/schema\\\/person\\\/436d5a1fd41a5e250e23ff5a6a7cb080\"},\"headline\":\"El Sindicato Municipal comienza con la entrega de Kit Escolar\",\"datePublished\":\"2024-02-14T20:51:28+00:00\",\"dateModified\":\"2024-02-14T20:51:37+00:00\",\"mainEntityOfPage\":{\"@id\":\"https:\\\/\\\/diarioprincipios.com\\\/index.php\\\/2024\\\/02\\\/14\\\/el-sindicato-municipal-comienza-con-la-entrega-de-kit-escolar\\\/\"},\"wordCount\":176,\"commentCount\":0,\"publisher\":{\"@id\":\"https:\\\/\\\/diarioprincipios.com\\\/#organization\"},\"image\":{\"@id\":\"https:\\\/\\\/diarioprincipios.com\\\/index.php\\\/2024\\\/02\\\/14\\\/el-sindicato-municipal-comienza-con-la-entrega-de-kit-escolar\\\/#primaryimage\"},\"thumbnailUrl\":\"https:\\\/\\\/diarioprincipios.com\\\/wp-content\\\/uploads\\\/2024\\\/02\\\/Screenshot_20240214_173825_WhatsApp.jpg\",\"articleSection\":[\"Berazategui\"],\"inLanguage\":\"es\",\"potentialAction\":[{\"@type\":\"CommentAction\",\"name\":\"Comment\",\"target\":[\"https:\\\/\\\/diarioprincipios.com\\\/index.php\\\/2024\\\/02\\\/14\\\/el-sindicato-municipal-comienza-con-la-entrega-de-kit-escolar\\\/#respond\"]}]},{\"@type\":\"WebPage\",\"@id\":\"https:\\\/\\\/diarioprincipios.com\\\/index.php\\\/2024\\\/02\\\/14\\\/el-sindicato-municipal-comienza-con-la-entrega-de-kit-escolar\\\/\",\"url\":\"https:\\\/\\\/diarioprincipios.com\\\/index.php\\\/2024\\\/02\\\/14\\\/el-sindicato-municipal-comienza-con-la-entrega-de-kit-escolar\\\/\",\"name\":\"El Sindicato Municipal comienza con la entrega de Kit Escolar - Principios\",\"isPartOf\":{\"@id\":\"https:\\\/\\\/diarioprincipios.com\\\/#website\"},\"primaryImageOfPage\":{\"@id\":\"https:\\\/\\\/diarioprincipios.com\\\/index.php\\\/2024\\\/02\\\/14\\\/el-sindicato-municipal-comienza-con-la-entrega-de-kit-escolar\\\/#primaryimage\"},\"image\":{\"@id\":\"https:\\\/\\\/diarioprincipios.com\\\/index.php\\\/2024\\\/02\\\/14\\\/el-sindicato-municipal-comienza-con-la-entrega-de-kit-escolar\\\/#primaryimage\"},\"thumbnailUrl\":\"https:\\\/\\\/diarioprincipios.com\\\/wp-content\\\/uploads\\\/2024\\\/02\\\/Screenshot_20240214_173825_WhatsApp.jpg\",\"datePublished\":\"2024-02-14T20:51:28+00:00\",\"dateModified\":\"2024-02-14T20:51:37+00:00\",\"breadcrumb\":{\"@id\":\"https:\\\/\\\/diarioprincipios.com\\\/index.php\\\/2024\\\/02\\\/14\\\/el-sindicato-municipal-comienza-con-la-entrega-de-kit-escolar\\\/#breadcrumb\"},\"inLanguage\":\"es\",\"potentialAction\":[{\"@type\":\"ReadAction\",\"target\":[\"https:\\\/\\\/diarioprincipios.com\\\/index.php\\\/2024\\\/02\\\/14\\\/el-sindicato-municipal-comienza-con-la-entrega-de-kit-escolar\\\/\"]}]},{\"@type\":\"ImageObject\",\"inLanguage\":\"es\",\"@id\":\"https:\\\/\\\/diarioprincipios.com\\\/index.php\\\/2024\\\/02\\\/14\\\/el-sindicato-municipal-comienza-con-la-entrega-de-kit-escolar\\\/#primaryimage\",\"url\":\"https:\\\/\\\/diarioprincipios.com\\\/wp-content\\\/uploads\\\/2024\\\/02\\\/Screenshot_20240214_173825_WhatsApp.jpg\",\"contentUrl\":\"https:\\\/\\\/diarioprincipios.com\\\/wp-content\\\/uploads\\\/2024\\\/02\\\/Screenshot_20240214_173825_WhatsApp.jpg\",\"width\":1079,\"height\":1365},{\"@type\":\"BreadcrumbList\",\"@id\":\"https:\\\/\\\/diarioprincipios.com\\\/index.php\\\/2024\\\/02\\\/14\\\/el-sindicato-municipal-comienza-con-la-entrega-de-kit-escolar\\\/#breadcrumb\",\"itemListElement\":[{\"@type\":\"ListItem\",\"position\":1,\"name\":\"Portada\",\"item\":\"https:\\\/\\\/diarioprincipios.com\\\/\"},{\"@type\":\"ListItem\",\"position\":2,\"name\":\"El Sindicato Municipal comienza con la entrega de Kit Escolar\"}]},{\"@type\":\"WebSite\",\"@id\":\"https:\\\/\\\/diarioprincipios.com\\\/#website\",\"url\":\"https:\\\/\\\/diarioprincipios.com\\\/\",\"name\":\"Principios\",\"description\":\"Principios Diario\",\"publisher\":{\"@id\":\"https:\\\/\\\/diarioprincipios.com\\\/#organization\"},\"potentialAction\":[{\"@type\":\"SearchAction\",\"target\":{\"@type\":\"EntryPoint\",\"urlTemplate\":\"https:\\\/\\\/diarioprincipios.com\\\/?s={search_term_string}\"},\"query-input\":{\"@type\":\"PropertyValueSpecification\",\"valueRequired\":true,\"valueName\":\"search_term_string\"}}],\"inLanguage\":\"es\"},{\"@type\":\"Organization\",\"@id\":\"https:\\\/\\\/diarioprincipios.com\\\/#organization\",\"name\":\"Principios\",\"url\":\"https:\\\/\\\/diarioprincipios.com\\\/\",\"logo\":{\"@type\":\"ImageObject\",\"inLanguage\":\"es\",\"@id\":\"https:\\\/\\\/diarioprincipios.com\\\/#\\\/schema\\\/logo\\\/image\\\/\",\"url\":\"https:\\\/\\\/diarioprincipios.com\\\/wp-content\\\/uploads\\\/2024\\\/04\\\/cropped-www.diarioprincipios.com_-1.png\",\"contentUrl\":\"https:\\\/\\\/diarioprincipios.com\\\/wp-content\\\/uploads\\\/2024\\\/04\\\/cropped-www.diarioprincipios.com_-1.png\",\"width\":5325,\"height\":1454,\"caption\":\"Principios\"},\"image\":{\"@id\":\"https:\\\/\\\/diarioprincipios.com\\\/#\\\/schema\\\/logo\\\/image\\\/\"}},{\"@type\":\"Person\",\"@id\":\"https:\\\/\\\/diarioprincipios.com\\\/#\\\/schema\\\/person\\\/436d5a1fd41a5e250e23ff5a6a7cb080\",\"name\":\"Hern\u00e1n L\u00f3pez\",\"image\":{\"@type\":\"ImageObject\",\"inLanguage\":\"es\",\"@id\":\"https:\\\/\\\/diarioprincipios.com\\\/wp-content\\\/litespeed\\\/avatar\\\/11ddfe5610ff3bd100522525b2571f48.jpg?ver=1777048341\",\"url\":\"https:\\\/\\\/diarioprincipios.com\\\/wp-content\\\/litespeed\\\/avatar\\\/11ddfe5610ff3bd100522525b2571f48.jpg?ver=1777048341\",\"contentUrl\":\"https:\\\/\\\/diarioprincipios.com\\\/wp-content\\\/litespeed\\\/avatar\\\/11ddfe5610ff3bd100522525b2571f48.jpg?ver=1777048341\",\"caption\":\"Hern\u00e1n L\u00f3pez\"},\"url\":\"https:\\\/\\\/diarioprincipios.com\\\/index.php\\\/author\\\/hernan\\\/\"}]}<\/script>\n<!-- \/ Yoast SEO plugin. -->","yoast_head_json":{"title":"El Sindicato Municipal comienza con la entrega de Kit Escolar - Principios","robots":{"index":"index","follow":"follow","max-snippet":"max-snippet:-1","max-image-preview":"max-image-preview:large","max-video-preview":"max-video-preview:-1"},"canonical":"https:\/\/diarioprincipios.com\/index.php\/2024\/02\/14\/el-sindicato-municipal-comienza-con-la-entrega-de-kit-escolar\/","og_locale":"es_ES","og_type":"article","og_title":"El Sindicato Municipal comienza con la entrega de Kit Escolar - Principios","og_description":"Este jueves 15 de febrero, el Sindicato de Trabajadores Municipales de Berazategui comenzara con la entrega de Kits de \u00fatiles escolares para los hijos de sus afiliados en edad escolar. Los afiliados deber\u00e1n acercarse a la sede gremial de 151 y 18 A para retirar el kit de \u00fatiles para sus hijos. Gabriel Carril Campusano,...","og_url":"https:\/\/diarioprincipios.com\/index.php\/2024\/02\/14\/el-sindicato-municipal-comienza-con-la-entrega-de-kit-escolar\/","og_site_name":"Principios","article_published_time":"2024-02-14T20:51:28+00:00","article_modified_time":"2024-02-14T20:51:37+00:00","og_image":[{"width":1079,"height":1365,"url":"https:\/\/diarioprincipios.com\/wp-content\/uploads\/2024\/02\/Screenshot_20240214_173825_WhatsApp.jpg","type":"image\/jpeg"}],"author":"Hern\u00e1n L\u00f3pez","twitter_card":"summary_large_image","twitter_misc":{"Escrito por":"Hern\u00e1n L\u00f3pez","Tiempo de lectura":"1 minuto"},"schema":{"@context":"https:\/\/schema.org","@graph":[{"@type":"Article","@id":"https:\/\/diarioprincipios.com\/index.php\/2024\/02\/14\/el-sindicato-municipal-comienza-con-la-entrega-de-kit-escolar\/#article","isPartOf":{"@id":"https:\/\/diarioprincipios.com\/index.php\/2024\/02\/14\/el-sindicato-municipal-comienza-con-la-entrega-de-kit-escolar\/"},"author":{"name":"Hern\u00e1n L\u00f3pez","@id":"https:\/\/diarioprincipios.com\/#\/schema\/person\/436d5a1fd41a5e250e23ff5a6a7cb080"},"headline":"El Sindicato Municipal comienza con la entrega de Kit Escolar","datePublished":"2024-02-14T20:51:28+00:00","dateModified":"2024-02-14T20:51:37+00:00","mainEntityOfPage":{"@id":"https:\/\/diarioprincipios.com\/index.php\/2024\/02\/14\/el-sindicato-municipal-comienza-con-la-entrega-de-kit-escolar\/"},"wordCount":176,"commentCount":0,"publisher":{"@id":"https:\/\/diarioprincipios.com\/#organization"},"image":{"@id":"https:\/\/diarioprincipios.com\/index.php\/2024\/02\/14\/el-sindicato-municipal-comienza-con-la-entrega-de-kit-escolar\/#primaryimage"},"thumbnailUrl":"https:\/\/diarioprincipios.com\/wp-content\/uploads\/2024\/02\/Screenshot_20240214_173825_WhatsApp.jpg","articleSection":["Berazategui"],"inLanguage":"es","potentialAction":[{"@type":"CommentAction","name":"Comment","target":["https:\/\/diarioprincipios.com\/index.php\/2024\/02\/14\/el-sindicato-municipal-comienza-con-la-entrega-de-kit-escolar\/#respond"]}]},{"@type":"WebPage","@id":"https:\/\/diarioprincipios.com\/index.php\/2024\/02\/14\/el-sindicato-municipal-comienza-con-la-entrega-de-kit-escolar\/","url":"https:\/\/diarioprincipios.com\/index.php\/2024\/02\/14\/el-sindicato-municipal-comienza-con-la-entrega-de-kit-escolar\/","name":"El Sindicato Municipal comienza con la entrega de Kit Escolar - Principios","isPartOf":{"@id":"https:\/\/diarioprincipios.com\/#website"},"primaryImageOfPage":{"@id":"https:\/\/diarioprincipios.com\/index.php\/2024\/02\/14\/el-sindicato-municipal-comienza-con-la-entrega-de-kit-escolar\/#primaryimage"},"image":{"@id":"https:\/\/diarioprincipios.com\/index.php\/2024\/02\/14\/el-sindicato-municipal-comienza-con-la-entrega-de-kit-escolar\/#primaryimage"},"thumbnailUrl":"https:\/\/diarioprincipios.com\/wp-content\/uploads\/2024\/02\/Screenshot_20240214_173825_WhatsApp.jpg","datePublished":"2024-02-14T20:51:28+00:00","dateModified":"2024-02-14T20:51:37+00:00","breadcrumb":{"@id":"https:\/\/diarioprincipios.com\/index.php\/2024\/02\/14\/el-sindicato-municipal-comienza-con-la-entrega-de-kit-escolar\/#breadcrumb"},"inLanguage":"es","potentialAction":[{"@type":"ReadAction","target":["https:\/\/diarioprincipios.com\/index.php\/2024\/02\/14\/el-sindicato-municipal-comienza-con-la-entrega-de-kit-escolar\/"]}]},{"@type":"ImageObject","inLanguage":"es","@id":"https:\/\/diarioprincipios.com\/index.php\/2024\/02\/14\/el-sindicato-municipal-comienza-con-la-entrega-de-kit-escolar\/#primaryimage","url":"https:\/\/diarioprincipios.com\/wp-content\/uploads\/2024\/02\/Screenshot_20240214_173825_WhatsApp.jpg","contentUrl":"https:\/\/diarioprincipios.com\/wp-content\/uploads\/2024\/02\/Screenshot_20240214_173825_WhatsApp.jpg","width":1079,"height":1365},{"@type":"BreadcrumbList","@id":"https:\/\/diarioprincipios.com\/index.php\/2024\/02\/14\/el-sindicato-municipal-comienza-con-la-entrega-de-kit-escolar\/#breadcrumb","itemListElement":[{"@type":"ListItem","position":1,"name":"Portada","item":"https:\/\/diarioprincipios.com\/"},{"@type":"ListItem","position":2,"name":"El Sindicato Municipal comienza con la entrega de Kit Escolar"}]},{"@type":"WebSite","@id":"https:\/\/diarioprincipios.com\/#website","url":"https:\/\/diarioprincipios.com\/","name":"Principios","description":"Principios Diario","publisher":{"@id":"https:\/\/diarioprincipios.com\/#organization"},"potentialAction":[{"@type":"SearchAction","target":{"@type":"EntryPoint","urlTemplate":"https:\/\/diarioprincipios.com\/?s={search_term_string}"},"query-input":{"@type":"PropertyValueSpecification","valueRequired":true,"valueName":"search_term_string"}}],"inLanguage":"es"},{"@type":"Organization","@id":"https:\/\/diarioprincipios.com\/#organization","name":"Principios","url":"https:\/\/diarioprincipios.com\/","logo":{"@type":"ImageObject","inLanguage":"es","@id":"https:\/\/diarioprincipios.com\/#\/schema\/logo\/image\/","url":"https:\/\/diarioprincipios.com\/wp-content\/uploads\/2024\/04\/cropped-www.diarioprincipios.com_-1.png","contentUrl":"https:\/\/diarioprincipios.com\/wp-content\/uploads\/2024\/04\/cropped-www.diarioprincipios.com_-1.png","width":5325,"height":1454,"caption":"Principios"},"image":{"@id":"https:\/\/diarioprincipios.com\/#\/schema\/logo\/image\/"}},{"@type":"Person","@id":"https:\/\/diarioprincipios.com\/#\/schema\/person\/436d5a1fd41a5e250e23ff5a6a7cb080","name":"Hern\u00e1n L\u00f3pez","image":{"@type":"ImageObject","inLanguage":"es","@id":"https:\/\/diarioprincipios.com\/wp-content\/litespeed\/avatar\/11ddfe5610ff3bd100522525b2571f48.jpg?ver=1777048341","url":"https:\/\/diarioprincipios.com\/wp-content\/litespeed\/avatar\/11ddfe5610ff3bd100522525b2571f48.jpg?ver=1777048341","contentUrl":"https:\/\/diarioprincipios.com\/wp-content\/litespeed\/avatar\/11ddfe5610ff3bd100522525b2571f48.jpg?ver=1777048341","caption":"Hern\u00e1n L\u00f3pez"},"url":"https:\/\/diarioprincipios.com\/index.php\/author\/hernan\/"}]}},"jetpack_featured_media_url":"https:\/\/diarioprincipios.com\/wp-content\/uploads\/2024\/02\/Screenshot_20240214_173825_WhatsApp.jpg","_links":{"self":[{"href":"https:\/\/diarioprincipios.com\/index.php\/wp-json\/wp\/v2\/posts\/20686","targetHints":{"allow":["GET"]}}],"collection":[{"href":"https:\/\/diarioprincipios.com\/index.php\/wp-json\/wp\/v2\/posts"}],"about":[{"href":"https:\/\/diarioprincipios.com\/index.php\/wp-json\/wp\/v2\/types\/post"}],"author":[{"embeddable":true,"href":"https:\/\/diarioprincipios.com\/index.php\/wp-json\/wp\/v2\/users\/2"}],"replies":[{"embeddable":true,"href":"https:\/\/diarioprincipios.com\/index.php\/wp-json\/wp\/v2\/comments?post=20686"}],"version-history":[{"count":1,"href":"https:\/\/diarioprincipios.com\/index.php\/wp-json\/wp\/v2\/posts\/20686\/revisions"}],"predecessor-version":[{"id":20688,"href":"https:\/\/diarioprincipios.com\/index.php\/wp-json\/wp\/v2\/posts\/20686\/revisions\/20688"}],"wp:featuredmedia":[{"embeddable":true,"href":"https:\/\/diarioprincipios.com\/index.php\/wp-json\/wp\/v2\/media\/20687"}],"wp:attachment":[{"href":"https:\/\/diarioprincipios.com\/index.php\/wp-json\/wp\/v2\/media?parent=20686"}],"wp:term":[{"taxonomy":"category","embeddable":true,"href":"https:\/\/diarioprincipios.com\/index.php\/wp-json\/wp\/v2\/categories?post=20686"},{"taxonomy":"post_tag","embeddable":true,"href":"https:\/\/diarioprincipios.com\/index.php\/wp-json\/wp\/v2\/tags?post=20686"}],"curies":[{"name":"wp","href":"https:\/\/api.w.org\/{rel}","templated":true}]}}