{"id":20683,"date":"2024-02-14T16:49:48","date_gmt":"2024-02-14T19:49:48","guid":{"rendered":"http:\/\/diarioprincipios.com\/?p=20683"},"modified":"2024-02-14T16:49:59","modified_gmt":"2024-02-14T19:49:59","slug":"transporte-habilito-la-inscripcion-para-el-boleto-especial-educativo","status":"publish","type":"post","link":"https:\/\/diarioprincipios.com\/index.php\/2024\/02\/14\/transporte-habilito-la-inscripcion-para-el-boleto-especial-educativo\/","title":{"rendered":"Transporte habilit\u00f3 la inscripci\u00f3n para el Boleto Especial Educativo"},"content":{"rendered":"\n<p><em>El Ministerio de Transporte, que conduce  anunci\u00f3 que  los estudiantes del nivel Inicial, Primario y Secundario pueden iniciar el tr\u00e1mite. La medida impacta en quienes no hayan realizado el proceso con anterioridad y cumplan con los requisitos.<\/em><\/p>\n\n\n\n<p>De cara al inicio del ciclo lectivo 2024, el Ministerio de Transporte de la provincia de Buenos Aires, que conduce Jorge D\u00b4Onofrio, anunci\u00f3 la habilitaci\u00f3n del tr\u00e1mite para acceder al Boleto Especial Educativo. La medida, lanzada este mi\u00e9rcoles 14 de febrero, impacta en los estudiantes que no hayan realizado el proceso administrativo con anterioridad.<\/p>\n\n\n\n<p>De esa manera, se apunta a acompa\u00f1ar las actividades de intensificaci\u00f3n escolar impulsadas por la Direcci\u00f3n General de Cultura y Educaci\u00f3n que lidera Alberto Sileoni y ser\u00e1 de implementaci\u00f3n desde el pr\u00f3ximo 19 de febrero.<\/p>\n\n\n\n<p>Cabe se\u00f1alar que, los requisitos para acceder al beneficio son: Ser alumno o alumna regular; residir a una distancia mayor a 600 metros del establecimiento educativo para los Niveles Inicial y Primario, y a 800 metros para el Nivel Secundario. Claro est\u00e1, la medida abarca a las instituciones con sede en la provincia de Buenos Aires.<\/p>\n","protected":false},"excerpt":{"rendered":"<p>El Ministerio de Transporte, que conduce anunci\u00f3 que los estudiantes del nivel Inicial, Primario y Secundario pueden iniciar el tr\u00e1mite. La medida impacta en quienes no hayan realizado el proceso con anterioridad y cumplan con los requisitos. De cara al inicio del ciclo lectivo 2024, el Ministerio de Transporte de la provincia de Buenos Aires,&#8230;<\/p>\n","protected":false},"author":2,"featured_media":20684,"comment_status":"open","ping_status":"open","sticky":false,"template":"","format":"standard","meta":{"footnotes":""},"categories":[7],"tags":[],"class_list":["post-20683","post","type-post","status-publish","format-standard","has-post-thumbnail","hentry","category-provincia"],"featured_image_src":"https:\/\/diarioprincipios.com\/wp-content\/uploads\/2024\/02\/Screenshot_20240214_164848_Yahoo-Mail-1024x683.jpg","blog_images":{"medium":"https:\/\/diarioprincipios.com\/wp-content\/uploads\/2024\/02\/Screenshot_20240214_164848_Yahoo-Mail-300x200.jpg","large":"https:\/\/diarioprincipios.com\/wp-content\/uploads\/2024\/02\/Screenshot_20240214_164848_Yahoo-Mail-1024x683.jpg"},"ams_acf":[],"yoast_head":"<!-- This site is optimized with the Yoast SEO plugin v27.3 - https:\/\/yoast.com\/product\/yoast-seo-wordpress\/ -->\n<title>Transporte habilit\u00f3 la inscripci\u00f3n para el Boleto Especial Educativo - Principios<\/title>\n<meta name=\"robots\" content=\"index, follow, max-snippet:-1, max-image-preview:large, max-video-preview:-1\" \/>\n<link rel=\"canonical\" href=\"https:\/\/diarioprincipios.com\/index.php\/2024\/02\/14\/transporte-habilito-la-inscripcion-para-el-boleto-especial-educativo\/\" \/>\n<meta property=\"og:locale\" content=\"es_ES\" \/>\n<meta property=\"og:type\" content=\"article\" \/>\n<meta property=\"og:title\" content=\"Transporte habilit\u00f3 la inscripci\u00f3n para el Boleto Especial Educativo - Principios\" \/>\n<meta property=\"og:description\" content=\"El Ministerio de Transporte, que conduce anunci\u00f3 que los estudiantes del nivel Inicial, Primario y Secundario pueden iniciar el tr\u00e1mite. La medida impacta en quienes no hayan realizado el proceso con anterioridad y cumplan con los requisitos. De cara al inicio del ciclo lectivo 2024, el Ministerio de Transporte de la provincia de Buenos Aires,...\" \/>\n<meta property=\"og:url\" content=\"https:\/\/diarioprincipios.com\/index.php\/2024\/02\/14\/transporte-habilito-la-inscripcion-para-el-boleto-especial-educativo\/\" \/>\n<meta property=\"og:site_name\" content=\"Principios\" \/>\n<meta property=\"article:published_time\" content=\"2024-02-14T19:49:48+00:00\" \/>\n<meta property=\"article:modified_time\" content=\"2024-02-14T19:49:59+00:00\" \/>\n<meta property=\"og:image\" content=\"https:\/\/diarioprincipios.com\/wp-content\/uploads\/2024\/02\/Screenshot_20240214_164848_Yahoo-Mail.jpg\" \/>\n\t<meta property=\"og:image:width\" content=\"1080\" \/>\n\t<meta property=\"og:image:height\" content=\"720\" \/>\n\t<meta property=\"og:image:type\" content=\"image\/jpeg\" \/>\n<meta name=\"author\" content=\"Hern\u00e1n L\u00f3pez\" \/>\n<meta name=\"twitter:card\" content=\"summary_large_image\" \/>\n<meta name=\"twitter:label1\" content=\"Escrito por\" \/>\n\t<meta name=\"twitter:data1\" content=\"Hern\u00e1n L\u00f3pez\" \/>\n\t<meta name=\"twitter:label2\" content=\"Tiempo de lectura\" \/>\n\t<meta name=\"twitter:data2\" content=\"1 minuto\" \/>\n<script type=\"application\/ld+json\" class=\"yoast-schema-graph\">{\"@context\":\"https:\\\/\\\/schema.org\",\"@graph\":[{\"@type\":\"Article\",\"@id\":\"https:\\\/\\\/diarioprincipios.com\\\/index.php\\\/2024\\\/02\\\/14\\\/transporte-habilito-la-inscripcion-para-el-boleto-especial-educativo\\\/#article\",\"isPartOf\":{\"@id\":\"https:\\\/\\\/diarioprincipios.com\\\/index.php\\\/2024\\\/02\\\/14\\\/transporte-habilito-la-inscripcion-para-el-boleto-especial-educativo\\\/\"},\"author\":{\"name\":\"Hern\u00e1n L\u00f3pez\",\"@id\":\"https:\\\/\\\/diarioprincipios.com\\\/#\\\/schema\\\/person\\\/436d5a1fd41a5e250e23ff5a6a7cb080\"},\"headline\":\"Transporte habilit\u00f3 la inscripci\u00f3n para el Boleto Especial Educativo\",\"datePublished\":\"2024-02-14T19:49:48+00:00\",\"dateModified\":\"2024-02-14T19:49:59+00:00\",\"mainEntityOfPage\":{\"@id\":\"https:\\\/\\\/diarioprincipios.com\\\/index.php\\\/2024\\\/02\\\/14\\\/transporte-habilito-la-inscripcion-para-el-boleto-especial-educativo\\\/\"},\"wordCount\":199,\"commentCount\":0,\"publisher\":{\"@id\":\"https:\\\/\\\/diarioprincipios.com\\\/#organization\"},\"image\":{\"@id\":\"https:\\\/\\\/diarioprincipios.com\\\/index.php\\\/2024\\\/02\\\/14\\\/transporte-habilito-la-inscripcion-para-el-boleto-especial-educativo\\\/#primaryimage\"},\"thumbnailUrl\":\"https:\\\/\\\/diarioprincipios.com\\\/wp-content\\\/uploads\\\/2024\\\/02\\\/Screenshot_20240214_164848_Yahoo-Mail.jpg\",\"articleSection\":[\"Provincia\"],\"inLanguage\":\"es\",\"potentialAction\":[{\"@type\":\"CommentAction\",\"name\":\"Comment\",\"target\":[\"https:\\\/\\\/diarioprincipios.com\\\/index.php\\\/2024\\\/02\\\/14\\\/transporte-habilito-la-inscripcion-para-el-boleto-especial-educativo\\\/#respond\"]}]},{\"@type\":\"WebPage\",\"@id\":\"https:\\\/\\\/diarioprincipios.com\\\/index.php\\\/2024\\\/02\\\/14\\\/transporte-habilito-la-inscripcion-para-el-boleto-especial-educativo\\\/\",\"url\":\"https:\\\/\\\/diarioprincipios.com\\\/index.php\\\/2024\\\/02\\\/14\\\/transporte-habilito-la-inscripcion-para-el-boleto-especial-educativo\\\/\",\"name\":\"Transporte habilit\u00f3 la inscripci\u00f3n para el Boleto Especial Educativo - Principios\",\"isPartOf\":{\"@id\":\"https:\\\/\\\/diarioprincipios.com\\\/#website\"},\"primaryImageOfPage\":{\"@id\":\"https:\\\/\\\/diarioprincipios.com\\\/index.php\\\/2024\\\/02\\\/14\\\/transporte-habilito-la-inscripcion-para-el-boleto-especial-educativo\\\/#primaryimage\"},\"image\":{\"@id\":\"https:\\\/\\\/diarioprincipios.com\\\/index.php\\\/2024\\\/02\\\/14\\\/transporte-habilito-la-inscripcion-para-el-boleto-especial-educativo\\\/#primaryimage\"},\"thumbnailUrl\":\"https:\\\/\\\/diarioprincipios.com\\\/wp-content\\\/uploads\\\/2024\\\/02\\\/Screenshot_20240214_164848_Yahoo-Mail.jpg\",\"datePublished\":\"2024-02-14T19:49:48+00:00\",\"dateModified\":\"2024-02-14T19:49:59+00:00\",\"breadcrumb\":{\"@id\":\"https:\\\/\\\/diarioprincipios.com\\\/index.php\\\/2024\\\/02\\\/14\\\/transporte-habilito-la-inscripcion-para-el-boleto-especial-educativo\\\/#breadcrumb\"},\"inLanguage\":\"es\",\"potentialAction\":[{\"@type\":\"ReadAction\",\"target\":[\"https:\\\/\\\/diarioprincipios.com\\\/index.php\\\/2024\\\/02\\\/14\\\/transporte-habilito-la-inscripcion-para-el-boleto-especial-educativo\\\/\"]}]},{\"@type\":\"ImageObject\",\"inLanguage\":\"es\",\"@id\":\"https:\\\/\\\/diarioprincipios.com\\\/index.php\\\/2024\\\/02\\\/14\\\/transporte-habilito-la-inscripcion-para-el-boleto-especial-educativo\\\/#primaryimage\",\"url\":\"https:\\\/\\\/diarioprincipios.com\\\/wp-content\\\/uploads\\\/2024\\\/02\\\/Screenshot_20240214_164848_Yahoo-Mail.jpg\",\"contentUrl\":\"https:\\\/\\\/diarioprincipios.com\\\/wp-content\\\/uploads\\\/2024\\\/02\\\/Screenshot_20240214_164848_Yahoo-Mail.jpg\",\"width\":1080,\"height\":720},{\"@type\":\"BreadcrumbList\",\"@id\":\"https:\\\/\\\/diarioprincipios.com\\\/index.php\\\/2024\\\/02\\\/14\\\/transporte-habilito-la-inscripcion-para-el-boleto-especial-educativo\\\/#breadcrumb\",\"itemListElement\":[{\"@type\":\"ListItem\",\"position\":1,\"name\":\"Portada\",\"item\":\"https:\\\/\\\/diarioprincipios.com\\\/\"},{\"@type\":\"ListItem\",\"position\":2,\"name\":\"Transporte habilit\u00f3 la inscripci\u00f3n para el Boleto Especial Educativo\"}]},{\"@type\":\"WebSite\",\"@id\":\"https:\\\/\\\/diarioprincipios.com\\\/#website\",\"url\":\"https:\\\/\\\/diarioprincipios.com\\\/\",\"name\":\"Principios\",\"description\":\"Principios Diario\",\"publisher\":{\"@id\":\"https:\\\/\\\/diarioprincipios.com\\\/#organization\"},\"potentialAction\":[{\"@type\":\"SearchAction\",\"target\":{\"@type\":\"EntryPoint\",\"urlTemplate\":\"https:\\\/\\\/diarioprincipios.com\\\/?s={search_term_string}\"},\"query-input\":{\"@type\":\"PropertyValueSpecification\",\"valueRequired\":true,\"valueName\":\"search_term_string\"}}],\"inLanguage\":\"es\"},{\"@type\":\"Organization\",\"@id\":\"https:\\\/\\\/diarioprincipios.com\\\/#organization\",\"name\":\"Principios\",\"url\":\"https:\\\/\\\/diarioprincipios.com\\\/\",\"logo\":{\"@type\":\"ImageObject\",\"inLanguage\":\"es\",\"@id\":\"https:\\\/\\\/diarioprincipios.com\\\/#\\\/schema\\\/logo\\\/image\\\/\",\"url\":\"https:\\\/\\\/diarioprincipios.com\\\/wp-content\\\/uploads\\\/2024\\\/04\\\/cropped-www.diarioprincipios.com_-1.png\",\"contentUrl\":\"https:\\\/\\\/diarioprincipios.com\\\/wp-content\\\/uploads\\\/2024\\\/04\\\/cropped-www.diarioprincipios.com_-1.png\",\"width\":5325,\"height\":1454,\"caption\":\"Principios\"},\"image\":{\"@id\":\"https:\\\/\\\/diarioprincipios.com\\\/#\\\/schema\\\/logo\\\/image\\\/\"}},{\"@type\":\"Person\",\"@id\":\"https:\\\/\\\/diarioprincipios.com\\\/#\\\/schema\\\/person\\\/436d5a1fd41a5e250e23ff5a6a7cb080\",\"name\":\"Hern\u00e1n L\u00f3pez\",\"image\":{\"@type\":\"ImageObject\",\"inLanguage\":\"es\",\"@id\":\"https:\\\/\\\/diarioprincipios.com\\\/wp-content\\\/litespeed\\\/avatar\\\/11ddfe5610ff3bd100522525b2571f48.jpg?ver=1777048341\",\"url\":\"https:\\\/\\\/diarioprincipios.com\\\/wp-content\\\/litespeed\\\/avatar\\\/11ddfe5610ff3bd100522525b2571f48.jpg?ver=1777048341\",\"contentUrl\":\"https:\\\/\\\/diarioprincipios.com\\\/wp-content\\\/litespeed\\\/avatar\\\/11ddfe5610ff3bd100522525b2571f48.jpg?ver=1777048341\",\"caption\":\"Hern\u00e1n L\u00f3pez\"},\"url\":\"https:\\\/\\\/diarioprincipios.com\\\/index.php\\\/author\\\/hernan\\\/\"}]}<\/script>\n<!-- \/ Yoast SEO plugin. -->","yoast_head_json":{"title":"Transporte habilit\u00f3 la inscripci\u00f3n para el Boleto Especial Educativo - Principios","robots":{"index":"index","follow":"follow","max-snippet":"max-snippet:-1","max-image-preview":"max-image-preview:large","max-video-preview":"max-video-preview:-1"},"canonical":"https:\/\/diarioprincipios.com\/index.php\/2024\/02\/14\/transporte-habilito-la-inscripcion-para-el-boleto-especial-educativo\/","og_locale":"es_ES","og_type":"article","og_title":"Transporte habilit\u00f3 la inscripci\u00f3n para el Boleto Especial Educativo - Principios","og_description":"El Ministerio de Transporte, que conduce anunci\u00f3 que los estudiantes del nivel Inicial, Primario y Secundario pueden iniciar el tr\u00e1mite. La medida impacta en quienes no hayan realizado el proceso con anterioridad y cumplan con los requisitos. De cara al inicio del ciclo lectivo 2024, el Ministerio de Transporte de la provincia de Buenos Aires,...","og_url":"https:\/\/diarioprincipios.com\/index.php\/2024\/02\/14\/transporte-habilito-la-inscripcion-para-el-boleto-especial-educativo\/","og_site_name":"Principios","article_published_time":"2024-02-14T19:49:48+00:00","article_modified_time":"2024-02-14T19:49:59+00:00","og_image":[{"width":1080,"height":720,"url":"https:\/\/diarioprincipios.com\/wp-content\/uploads\/2024\/02\/Screenshot_20240214_164848_Yahoo-Mail.jpg","type":"image\/jpeg"}],"author":"Hern\u00e1n L\u00f3pez","twitter_card":"summary_large_image","twitter_misc":{"Escrito por":"Hern\u00e1n L\u00f3pez","Tiempo de lectura":"1 minuto"},"schema":{"@context":"https:\/\/schema.org","@graph":[{"@type":"Article","@id":"https:\/\/diarioprincipios.com\/index.php\/2024\/02\/14\/transporte-habilito-la-inscripcion-para-el-boleto-especial-educativo\/#article","isPartOf":{"@id":"https:\/\/diarioprincipios.com\/index.php\/2024\/02\/14\/transporte-habilito-la-inscripcion-para-el-boleto-especial-educativo\/"},"author":{"name":"Hern\u00e1n L\u00f3pez","@id":"https:\/\/diarioprincipios.com\/#\/schema\/person\/436d5a1fd41a5e250e23ff5a6a7cb080"},"headline":"Transporte habilit\u00f3 la inscripci\u00f3n para el Boleto Especial Educativo","datePublished":"2024-02-14T19:49:48+00:00","dateModified":"2024-02-14T19:49:59+00:00","mainEntityOfPage":{"@id":"https:\/\/diarioprincipios.com\/index.php\/2024\/02\/14\/transporte-habilito-la-inscripcion-para-el-boleto-especial-educativo\/"},"wordCount":199,"commentCount":0,"publisher":{"@id":"https:\/\/diarioprincipios.com\/#organization"},"image":{"@id":"https:\/\/diarioprincipios.com\/index.php\/2024\/02\/14\/transporte-habilito-la-inscripcion-para-el-boleto-especial-educativo\/#primaryimage"},"thumbnailUrl":"https:\/\/diarioprincipios.com\/wp-content\/uploads\/2024\/02\/Screenshot_20240214_164848_Yahoo-Mail.jpg","articleSection":["Provincia"],"inLanguage":"es","potentialAction":[{"@type":"CommentAction","name":"Comment","target":["https:\/\/diarioprincipios.com\/index.php\/2024\/02\/14\/transporte-habilito-la-inscripcion-para-el-boleto-especial-educativo\/#respond"]}]},{"@type":"WebPage","@id":"https:\/\/diarioprincipios.com\/index.php\/2024\/02\/14\/transporte-habilito-la-inscripcion-para-el-boleto-especial-educativo\/","url":"https:\/\/diarioprincipios.com\/index.php\/2024\/02\/14\/transporte-habilito-la-inscripcion-para-el-boleto-especial-educativo\/","name":"Transporte habilit\u00f3 la inscripci\u00f3n para el Boleto Especial Educativo - Principios","isPartOf":{"@id":"https:\/\/diarioprincipios.com\/#website"},"primaryImageOfPage":{"@id":"https:\/\/diarioprincipios.com\/index.php\/2024\/02\/14\/transporte-habilito-la-inscripcion-para-el-boleto-especial-educativo\/#primaryimage"},"image":{"@id":"https:\/\/diarioprincipios.com\/index.php\/2024\/02\/14\/transporte-habilito-la-inscripcion-para-el-boleto-especial-educativo\/#primaryimage"},"thumbnailUrl":"https:\/\/diarioprincipios.com\/wp-content\/uploads\/2024\/02\/Screenshot_20240214_164848_Yahoo-Mail.jpg","datePublished":"2024-02-14T19:49:48+00:00","dateModified":"2024-02-14T19:49:59+00:00","breadcrumb":{"@id":"https:\/\/diarioprincipios.com\/index.php\/2024\/02\/14\/transporte-habilito-la-inscripcion-para-el-boleto-especial-educativo\/#breadcrumb"},"inLanguage":"es","potentialAction":[{"@type":"ReadAction","target":["https:\/\/diarioprincipios.com\/index.php\/2024\/02\/14\/transporte-habilito-la-inscripcion-para-el-boleto-especial-educativo\/"]}]},{"@type":"ImageObject","inLanguage":"es","@id":"https:\/\/diarioprincipios.com\/index.php\/2024\/02\/14\/transporte-habilito-la-inscripcion-para-el-boleto-especial-educativo\/#primaryimage","url":"https:\/\/diarioprincipios.com\/wp-content\/uploads\/2024\/02\/Screenshot_20240214_164848_Yahoo-Mail.jpg","contentUrl":"https:\/\/diarioprincipios.com\/wp-content\/uploads\/2024\/02\/Screenshot_20240214_164848_Yahoo-Mail.jpg","width":1080,"height":720},{"@type":"BreadcrumbList","@id":"https:\/\/diarioprincipios.com\/index.php\/2024\/02\/14\/transporte-habilito-la-inscripcion-para-el-boleto-especial-educativo\/#breadcrumb","itemListElement":[{"@type":"ListItem","position":1,"name":"Portada","item":"https:\/\/diarioprincipios.com\/"},{"@type":"ListItem","position":2,"name":"Transporte habilit\u00f3 la inscripci\u00f3n para el Boleto Especial Educativo"}]},{"@type":"WebSite","@id":"https:\/\/diarioprincipios.com\/#website","url":"https:\/\/diarioprincipios.com\/","name":"Principios","description":"Principios Diario","publisher":{"@id":"https:\/\/diarioprincipios.com\/#organization"},"potentialAction":[{"@type":"SearchAction","target":{"@type":"EntryPoint","urlTemplate":"https:\/\/diarioprincipios.com\/?s={search_term_string}"},"query-input":{"@type":"PropertyValueSpecification","valueRequired":true,"valueName":"search_term_string"}}],"inLanguage":"es"},{"@type":"Organization","@id":"https:\/\/diarioprincipios.com\/#organization","name":"Principios","url":"https:\/\/diarioprincipios.com\/","logo":{"@type":"ImageObject","inLanguage":"es","@id":"https:\/\/diarioprincipios.com\/#\/schema\/logo\/image\/","url":"https:\/\/diarioprincipios.com\/wp-content\/uploads\/2024\/04\/cropped-www.diarioprincipios.com_-1.png","contentUrl":"https:\/\/diarioprincipios.com\/wp-content\/uploads\/2024\/04\/cropped-www.diarioprincipios.com_-1.png","width":5325,"height":1454,"caption":"Principios"},"image":{"@id":"https:\/\/diarioprincipios.com\/#\/schema\/logo\/image\/"}},{"@type":"Person","@id":"https:\/\/diarioprincipios.com\/#\/schema\/person\/436d5a1fd41a5e250e23ff5a6a7cb080","name":"Hern\u00e1n L\u00f3pez","image":{"@type":"ImageObject","inLanguage":"es","@id":"https:\/\/diarioprincipios.com\/wp-content\/litespeed\/avatar\/11ddfe5610ff3bd100522525b2571f48.jpg?ver=1777048341","url":"https:\/\/diarioprincipios.com\/wp-content\/litespeed\/avatar\/11ddfe5610ff3bd100522525b2571f48.jpg?ver=1777048341","contentUrl":"https:\/\/diarioprincipios.com\/wp-content\/litespeed\/avatar\/11ddfe5610ff3bd100522525b2571f48.jpg?ver=1777048341","caption":"Hern\u00e1n L\u00f3pez"},"url":"https:\/\/diarioprincipios.com\/index.php\/author\/hernan\/"}]}},"jetpack_featured_media_url":"https:\/\/diarioprincipios.com\/wp-content\/uploads\/2024\/02\/Screenshot_20240214_164848_Yahoo-Mail.jpg","_links":{"self":[{"href":"https:\/\/diarioprincipios.com\/index.php\/wp-json\/wp\/v2\/posts\/20683","targetHints":{"allow":["GET"]}}],"collection":[{"href":"https:\/\/diarioprincipios.com\/index.php\/wp-json\/wp\/v2\/posts"}],"about":[{"href":"https:\/\/diarioprincipios.com\/index.php\/wp-json\/wp\/v2\/types\/post"}],"author":[{"embeddable":true,"href":"https:\/\/diarioprincipios.com\/index.php\/wp-json\/wp\/v2\/users\/2"}],"replies":[{"embeddable":true,"href":"https:\/\/diarioprincipios.com\/index.php\/wp-json\/wp\/v2\/comments?post=20683"}],"version-history":[{"count":1,"href":"https:\/\/diarioprincipios.com\/index.php\/wp-json\/wp\/v2\/posts\/20683\/revisions"}],"predecessor-version":[{"id":20685,"href":"https:\/\/diarioprincipios.com\/index.php\/wp-json\/wp\/v2\/posts\/20683\/revisions\/20685"}],"wp:featuredmedia":[{"embeddable":true,"href":"https:\/\/diarioprincipios.com\/index.php\/wp-json\/wp\/v2\/media\/20684"}],"wp:attachment":[{"href":"https:\/\/diarioprincipios.com\/index.php\/wp-json\/wp\/v2\/media?parent=20683"}],"wp:term":[{"taxonomy":"category","embeddable":true,"href":"https:\/\/diarioprincipios.com\/index.php\/wp-json\/wp\/v2\/categories?post=20683"},{"taxonomy":"post_tag","embeddable":true,"href":"https:\/\/diarioprincipios.com\/index.php\/wp-json\/wp\/v2\/tags?post=20683"}],"curies":[{"name":"wp","href":"https:\/\/api.w.org\/{rel}","templated":true}]}}