{"id":20672,"date":"2024-02-11T00:45:06","date_gmt":"2024-02-11T03:45:06","guid":{"rendered":"http:\/\/diarioprincipios.com\/?p=20672"},"modified":"2024-02-11T00:45:08","modified_gmt":"2024-02-11T03:45:08","slug":"servicios-municipales-de-guardia-para-el-12-y-13-de-febrero","status":"publish","type":"post","link":"https:\/\/diarioprincipios.com\/index.php\/2024\/02\/11\/servicios-municipales-de-guardia-para-el-12-y-13-de-febrero\/","title":{"rendered":"Servicios Municipales de Guardia para el 12 y 13 de Febrero"},"content":{"rendered":"\n<p><strong>La Municipalidad de Berazategui informa c\u00f3mo funcionar\u00e1n las distintas Dependencias durante el fin de semana largo por los feriados de Carnaval del lunes 12 y el martes 13 de febrero.<\/strong><\/p>\n\n\n\n<p>Se solicita a los vecinos y vecinas no sacar sus residuos domiciliarios el lunes 12 y hacerlo reci\u00e9n el martes 13 de febrero en el horario habitual de 19.00 a 21.00.<\/p>\n\n\n\n<figure class=\"wp-block-image size-large\"><img loading=\"lazy\" decoding=\"async\" width=\"1024\" height=\"682\" src=\"https:\/\/diarioprincipios.com\/wp-content\/uploads\/2024\/02\/SERVICIOS-MUNICIPALES-DE-GUARDIA-PARA-EL-12-Y-13-DE-FEBRERO_4-1024x682.jpeg\" alt=\"\" class=\"wp-image-20673\" srcset=\"https:\/\/diarioprincipios.com\/wp-content\/uploads\/2024\/02\/SERVICIOS-MUNICIPALES-DE-GUARDIA-PARA-EL-12-Y-13-DE-FEBRERO_4-1024x682.jpeg 1024w, https:\/\/diarioprincipios.com\/wp-content\/uploads\/2024\/02\/SERVICIOS-MUNICIPALES-DE-GUARDIA-PARA-EL-12-Y-13-DE-FEBRERO_4-300x200.jpeg 300w, https:\/\/diarioprincipios.com\/wp-content\/uploads\/2024\/02\/SERVICIOS-MUNICIPALES-DE-GUARDIA-PARA-EL-12-Y-13-DE-FEBRERO_4-768x512.jpeg 768w, https:\/\/diarioprincipios.com\/wp-content\/uploads\/2024\/02\/SERVICIOS-MUNICIPALES-DE-GUARDIA-PARA-EL-12-Y-13-DE-FEBRERO_4-1536x1023.jpeg 1536w, https:\/\/diarioprincipios.com\/wp-content\/uploads\/2024\/02\/SERVICIOS-MUNICIPALES-DE-GUARDIA-PARA-EL-12-Y-13-DE-FEBRERO_4.jpeg 1600w\" sizes=\"auto, (max-width: 1024px) 100vw, 1024px\" \/><\/figure>\n\n\n\n<p>Para urgencias m\u00e9dicas, los siguientes Centros de Atenci\u00f3n Primaria de Salud (CAPS) permanecer\u00e1n de guardia las 24 horas:<\/p>\n\n\n\n<p>-CAPS N\u00b0 1 \u201cDr. Javier S\u00e1batto\u201d: Av. 14 e\/ 131 y 132, Berazategui Oeste.<br>-CAPS N\u00b0 2: calle 159 e\/ 54 y 55, Hudson.<br>-CAPS N\u00b0 3: calle 457 A y 415, Guti\u00e9rrez.<br>-CAPS N\u00b0 5: calle 159 B e\/ 23 y 24, Berazategui.<br>-CAPS N\u00b0 11: calle 517 y 611, Ruta 36 (ex Ruta 2) km 38,5, El Pato.<br>-CAPS N\u00b0 14: calle 151 A y 35, Pl\u00e1tanos.<\/p>\n\n\n\n<p>Asimismo, estar\u00e1 disponible el servicio de ambulancias y de atenci\u00f3n de emergencias (SAME\/CEM), comunic\u00e1ndose al 107 y al 4356-9215.<br>Para los y las berazateguenses que necesiten vacunarse contra el COVID-19 o recibir las dosis del Calendario Nacional -tanto pedi\u00e1tricos como adultos-, funcionar\u00e1n las siguientes Postas sanitarias los d\u00edas 12 y 13:<\/p>\n\n\n\n<figure class=\"wp-block-image size-large\"><img loading=\"lazy\" decoding=\"async\" width=\"1024\" height=\"682\" src=\"https:\/\/diarioprincipios.com\/wp-content\/uploads\/2024\/02\/SERVICIOS-MUNICIPALES-DE-GUARDIA-PARA-EL-12-Y-13-DE-FEBRERO_1-1024x682.jpeg\" alt=\"\" class=\"wp-image-20674\" srcset=\"https:\/\/diarioprincipios.com\/wp-content\/uploads\/2024\/02\/SERVICIOS-MUNICIPALES-DE-GUARDIA-PARA-EL-12-Y-13-DE-FEBRERO_1-1024x682.jpeg 1024w, https:\/\/diarioprincipios.com\/wp-content\/uploads\/2024\/02\/SERVICIOS-MUNICIPALES-DE-GUARDIA-PARA-EL-12-Y-13-DE-FEBRERO_1-300x200.jpeg 300w, https:\/\/diarioprincipios.com\/wp-content\/uploads\/2024\/02\/SERVICIOS-MUNICIPALES-DE-GUARDIA-PARA-EL-12-Y-13-DE-FEBRERO_1-768x512.jpeg 768w, https:\/\/diarioprincipios.com\/wp-content\/uploads\/2024\/02\/SERVICIOS-MUNICIPALES-DE-GUARDIA-PARA-EL-12-Y-13-DE-FEBRERO_1-1536x1023.jpeg 1536w, https:\/\/diarioprincipios.com\/wp-content\/uploads\/2024\/02\/SERVICIOS-MUNICIPALES-DE-GUARDIA-PARA-EL-12-Y-13-DE-FEBRERO_1.jpeg 1600w\" sizes=\"auto, (max-width: 1024px) 100vw, 1024px\" \/><\/figure>\n\n\n\n<p>De 8.00 a 16.00:<br>&#8211; CAPS N\u00b0 1 \u201cDr. Javier S\u00e1batto\u201d (Av. 14 e\/ 131 y 132, Berazategui Oeste).<br>&#8211; CAPS N\u00b0 11 (calle 517 y 611, Ruta 36 km 38,5, El Pato).<br>&#8211; Vacunatorio Mujeres de Malvinas (calle 52 B e\/ 134 y 135 A, Hudson).<\/p>\n\n\n\n<p>De 10.00 a 14.00:<br>&#8211; Posta fija de Av. 14 y 147.<\/p>\n\n\n\n<p>Por su parte, el \u00e1rea de Alumbrado P\u00fablico cumplir\u00e1 guardia ambos d\u00edas para atender emergencias; al igual que Servicios Sanitarios, que garantizar\u00e1 las de agua y desobstrucci\u00f3n de cloacas.<\/p>\n\n\n\n<figure class=\"wp-block-image size-large\"><img loading=\"lazy\" decoding=\"async\" width=\"1024\" height=\"682\" src=\"https:\/\/diarioprincipios.com\/wp-content\/uploads\/2024\/02\/SERVICIOS-MUNICIPALES-DE-GUARDIA-PARA-EL-12-Y-13-DE-FEBRERO_2-1024x682.jpeg\" alt=\"\" class=\"wp-image-20675\" srcset=\"https:\/\/diarioprincipios.com\/wp-content\/uploads\/2024\/02\/SERVICIOS-MUNICIPALES-DE-GUARDIA-PARA-EL-12-Y-13-DE-FEBRERO_2-1024x682.jpeg 1024w, https:\/\/diarioprincipios.com\/wp-content\/uploads\/2024\/02\/SERVICIOS-MUNICIPALES-DE-GUARDIA-PARA-EL-12-Y-13-DE-FEBRERO_2-300x200.jpeg 300w, https:\/\/diarioprincipios.com\/wp-content\/uploads\/2024\/02\/SERVICIOS-MUNICIPALES-DE-GUARDIA-PARA-EL-12-Y-13-DE-FEBRERO_2-768x512.jpeg 768w, https:\/\/diarioprincipios.com\/wp-content\/uploads\/2024\/02\/SERVICIOS-MUNICIPALES-DE-GUARDIA-PARA-EL-12-Y-13-DE-FEBRERO_2-1536x1023.jpeg 1536w, https:\/\/diarioprincipios.com\/wp-content\/uploads\/2024\/02\/SERVICIOS-MUNICIPALES-DE-GUARDIA-PARA-EL-12-Y-13-DE-FEBRERO_2.jpeg 1600w\" sizes=\"auto, (max-width: 1024px) 100vw, 1024px\" \/><\/figure>\n\n\n\n<p>En tanto, el Cementerio Parque Municipal (Av. Milazzo y 368 B) atender\u00e1 consultas administrativas ambos d\u00edas, de 8.00 a 12.30, y permanecer\u00e1 abierto hasta las 17.00 para visitas.<\/p>\n\n\n\n<p>Tambi\u00e9n se podr\u00e1n llevar residuos voluminosos, como ramas, escombros, tierra, muebles, aparatos electr\u00f3nicos y chatarra, al Centro de Gesti\u00f3n Sustentable (Av. Padre Mugica -33- y 162), el lunes 12 de 8.00 a 16.00.<\/p>\n\n\n\n<p>A su vez, el Centro de Atenci\u00f3n al Vecino (CAV) responder\u00e1 los llamados ambos d\u00edas, al 0800-666-3405, de 8.00 a 14.00; mientras que el Centro de Operaciones Municipal (COM) lo har\u00e1 durante las 24 horas, al 0800-999-2525\/0247.<\/p>\n\n\n\n<p>Finalmente, el Municipio informa que el \u00e1rea de Licencias de Conducir permanecer\u00e1 cerrada.<\/p>\n","protected":false},"excerpt":{"rendered":"<p>La Municipalidad de Berazategui informa c\u00f3mo funcionar\u00e1n las distintas Dependencias durante el fin de semana largo por los feriados de Carnaval del lunes 12 y el martes 13 de febrero. Se solicita a los vecinos y vecinas no sacar sus residuos domiciliarios el lunes 12 y hacerlo reci\u00e9n el martes 13 de febrero en el&#8230;<\/p>\n","protected":false},"author":2,"featured_media":20676,"comment_status":"open","ping_status":"open","sticky":false,"template":"","format":"standard","meta":{"footnotes":""},"categories":[3],"tags":[],"class_list":["post-20672","post","type-post","status-publish","format-standard","has-post-thumbnail","hentry","category-berazategui"],"featured_image_src":"https:\/\/diarioprincipios.com\/wp-content\/uploads\/2024\/02\/SERVICIOS-MUNICIPALES-DE-GUARDIA-PARA-EL-12-Y-13-DE-FEBRERO_3-1024x682.jpeg","blog_images":{"medium":"https:\/\/diarioprincipios.com\/wp-content\/uploads\/2024\/02\/SERVICIOS-MUNICIPALES-DE-GUARDIA-PARA-EL-12-Y-13-DE-FEBRERO_3-300x200.jpeg","large":"https:\/\/diarioprincipios.com\/wp-content\/uploads\/2024\/02\/SERVICIOS-MUNICIPALES-DE-GUARDIA-PARA-EL-12-Y-13-DE-FEBRERO_3-1024x682.jpeg"},"ams_acf":[],"yoast_head":"<!-- This site is optimized with the Yoast SEO plugin v27.3 - https:\/\/yoast.com\/product\/yoast-seo-wordpress\/ -->\n<title>Servicios Municipales de Guardia para el 12 y 13 de Febrero - Principios<\/title>\n<meta name=\"robots\" content=\"index, follow, max-snippet:-1, max-image-preview:large, max-video-preview:-1\" \/>\n<link rel=\"canonical\" href=\"https:\/\/diarioprincipios.com\/index.php\/2024\/02\/11\/servicios-municipales-de-guardia-para-el-12-y-13-de-febrero\/\" \/>\n<meta property=\"og:locale\" content=\"es_ES\" \/>\n<meta property=\"og:type\" content=\"article\" \/>\n<meta property=\"og:title\" content=\"Servicios Municipales de Guardia para el 12 y 13 de Febrero - Principios\" \/>\n<meta property=\"og:description\" content=\"La Municipalidad de Berazategui informa c\u00f3mo funcionar\u00e1n las distintas Dependencias durante el fin de semana largo por los feriados de Carnaval del lunes 12 y el martes 13 de febrero. Se solicita a los vecinos y vecinas no sacar sus residuos domiciliarios el lunes 12 y hacerlo reci\u00e9n el martes 13 de febrero en el...\" \/>\n<meta property=\"og:url\" content=\"https:\/\/diarioprincipios.com\/index.php\/2024\/02\/11\/servicios-municipales-de-guardia-para-el-12-y-13-de-febrero\/\" \/>\n<meta property=\"og:site_name\" content=\"Principios\" \/>\n<meta property=\"article:published_time\" content=\"2024-02-11T03:45:06+00:00\" \/>\n<meta property=\"article:modified_time\" content=\"2024-02-11T03:45:08+00:00\" \/>\n<meta property=\"og:image\" content=\"https:\/\/diarioprincipios.com\/wp-content\/uploads\/2024\/02\/SERVICIOS-MUNICIPALES-DE-GUARDIA-PARA-EL-12-Y-13-DE-FEBRERO_3.jpeg\" \/>\n\t<meta property=\"og:image:width\" content=\"1600\" \/>\n\t<meta property=\"og:image:height\" content=\"1066\" \/>\n\t<meta property=\"og:image:type\" content=\"image\/jpeg\" \/>\n<meta name=\"author\" content=\"Hern\u00e1n L\u00f3pez\" \/>\n<meta name=\"twitter:card\" content=\"summary_large_image\" \/>\n<meta name=\"twitter:label1\" content=\"Escrito por\" \/>\n\t<meta name=\"twitter:data1\" content=\"Hern\u00e1n L\u00f3pez\" \/>\n\t<meta name=\"twitter:label2\" content=\"Tiempo de lectura\" \/>\n\t<meta name=\"twitter:data2\" content=\"3 minutos\" \/>\n<script type=\"application\/ld+json\" class=\"yoast-schema-graph\">{\"@context\":\"https:\\\/\\\/schema.org\",\"@graph\":[{\"@type\":\"Article\",\"@id\":\"https:\\\/\\\/diarioprincipios.com\\\/index.php\\\/2024\\\/02\\\/11\\\/servicios-municipales-de-guardia-para-el-12-y-13-de-febrero\\\/#article\",\"isPartOf\":{\"@id\":\"https:\\\/\\\/diarioprincipios.com\\\/index.php\\\/2024\\\/02\\\/11\\\/servicios-municipales-de-guardia-para-el-12-y-13-de-febrero\\\/\"},\"author\":{\"name\":\"Hern\u00e1n L\u00f3pez\",\"@id\":\"https:\\\/\\\/diarioprincipios.com\\\/#\\\/schema\\\/person\\\/436d5a1fd41a5e250e23ff5a6a7cb080\"},\"headline\":\"Servicios Municipales de Guardia para el 12 y 13 de Febrero\",\"datePublished\":\"2024-02-11T03:45:06+00:00\",\"dateModified\":\"2024-02-11T03:45:08+00:00\",\"mainEntityOfPage\":{\"@id\":\"https:\\\/\\\/diarioprincipios.com\\\/index.php\\\/2024\\\/02\\\/11\\\/servicios-municipales-de-guardia-para-el-12-y-13-de-febrero\\\/\"},\"wordCount\":373,\"commentCount\":0,\"publisher\":{\"@id\":\"https:\\\/\\\/diarioprincipios.com\\\/#organization\"},\"image\":{\"@id\":\"https:\\\/\\\/diarioprincipios.com\\\/index.php\\\/2024\\\/02\\\/11\\\/servicios-municipales-de-guardia-para-el-12-y-13-de-febrero\\\/#primaryimage\"},\"thumbnailUrl\":\"https:\\\/\\\/diarioprincipios.com\\\/wp-content\\\/uploads\\\/2024\\\/02\\\/SERVICIOS-MUNICIPALES-DE-GUARDIA-PARA-EL-12-Y-13-DE-FEBRERO_3.jpeg\",\"articleSection\":[\"Berazategui\"],\"inLanguage\":\"es\",\"potentialAction\":[{\"@type\":\"CommentAction\",\"name\":\"Comment\",\"target\":[\"https:\\\/\\\/diarioprincipios.com\\\/index.php\\\/2024\\\/02\\\/11\\\/servicios-municipales-de-guardia-para-el-12-y-13-de-febrero\\\/#respond\"]}]},{\"@type\":\"WebPage\",\"@id\":\"https:\\\/\\\/diarioprincipios.com\\\/index.php\\\/2024\\\/02\\\/11\\\/servicios-municipales-de-guardia-para-el-12-y-13-de-febrero\\\/\",\"url\":\"https:\\\/\\\/diarioprincipios.com\\\/index.php\\\/2024\\\/02\\\/11\\\/servicios-municipales-de-guardia-para-el-12-y-13-de-febrero\\\/\",\"name\":\"Servicios Municipales de Guardia para el 12 y 13 de Febrero - Principios\",\"isPartOf\":{\"@id\":\"https:\\\/\\\/diarioprincipios.com\\\/#website\"},\"primaryImageOfPage\":{\"@id\":\"https:\\\/\\\/diarioprincipios.com\\\/index.php\\\/2024\\\/02\\\/11\\\/servicios-municipales-de-guardia-para-el-12-y-13-de-febrero\\\/#primaryimage\"},\"image\":{\"@id\":\"https:\\\/\\\/diarioprincipios.com\\\/index.php\\\/2024\\\/02\\\/11\\\/servicios-municipales-de-guardia-para-el-12-y-13-de-febrero\\\/#primaryimage\"},\"thumbnailUrl\":\"https:\\\/\\\/diarioprincipios.com\\\/wp-content\\\/uploads\\\/2024\\\/02\\\/SERVICIOS-MUNICIPALES-DE-GUARDIA-PARA-EL-12-Y-13-DE-FEBRERO_3.jpeg\",\"datePublished\":\"2024-02-11T03:45:06+00:00\",\"dateModified\":\"2024-02-11T03:45:08+00:00\",\"breadcrumb\":{\"@id\":\"https:\\\/\\\/diarioprincipios.com\\\/index.php\\\/2024\\\/02\\\/11\\\/servicios-municipales-de-guardia-para-el-12-y-13-de-febrero\\\/#breadcrumb\"},\"inLanguage\":\"es\",\"potentialAction\":[{\"@type\":\"ReadAction\",\"target\":[\"https:\\\/\\\/diarioprincipios.com\\\/index.php\\\/2024\\\/02\\\/11\\\/servicios-municipales-de-guardia-para-el-12-y-13-de-febrero\\\/\"]}]},{\"@type\":\"ImageObject\",\"inLanguage\":\"es\",\"@id\":\"https:\\\/\\\/diarioprincipios.com\\\/index.php\\\/2024\\\/02\\\/11\\\/servicios-municipales-de-guardia-para-el-12-y-13-de-febrero\\\/#primaryimage\",\"url\":\"https:\\\/\\\/diarioprincipios.com\\\/wp-content\\\/uploads\\\/2024\\\/02\\\/SERVICIOS-MUNICIPALES-DE-GUARDIA-PARA-EL-12-Y-13-DE-FEBRERO_3.jpeg\",\"contentUrl\":\"https:\\\/\\\/diarioprincipios.com\\\/wp-content\\\/uploads\\\/2024\\\/02\\\/SERVICIOS-MUNICIPALES-DE-GUARDIA-PARA-EL-12-Y-13-DE-FEBRERO_3.jpeg\",\"width\":1600,\"height\":1066},{\"@type\":\"BreadcrumbList\",\"@id\":\"https:\\\/\\\/diarioprincipios.com\\\/index.php\\\/2024\\\/02\\\/11\\\/servicios-municipales-de-guardia-para-el-12-y-13-de-febrero\\\/#breadcrumb\",\"itemListElement\":[{\"@type\":\"ListItem\",\"position\":1,\"name\":\"Portada\",\"item\":\"https:\\\/\\\/diarioprincipios.com\\\/\"},{\"@type\":\"ListItem\",\"position\":2,\"name\":\"Servicios Municipales de Guardia para el 12 y 13 de Febrero\"}]},{\"@type\":\"WebSite\",\"@id\":\"https:\\\/\\\/diarioprincipios.com\\\/#website\",\"url\":\"https:\\\/\\\/diarioprincipios.com\\\/\",\"name\":\"Principios\",\"description\":\"Principios Diario\",\"publisher\":{\"@id\":\"https:\\\/\\\/diarioprincipios.com\\\/#organization\"},\"potentialAction\":[{\"@type\":\"SearchAction\",\"target\":{\"@type\":\"EntryPoint\",\"urlTemplate\":\"https:\\\/\\\/diarioprincipios.com\\\/?s={search_term_string}\"},\"query-input\":{\"@type\":\"PropertyValueSpecification\",\"valueRequired\":true,\"valueName\":\"search_term_string\"}}],\"inLanguage\":\"es\"},{\"@type\":\"Organization\",\"@id\":\"https:\\\/\\\/diarioprincipios.com\\\/#organization\",\"name\":\"Principios\",\"url\":\"https:\\\/\\\/diarioprincipios.com\\\/\",\"logo\":{\"@type\":\"ImageObject\",\"inLanguage\":\"es\",\"@id\":\"https:\\\/\\\/diarioprincipios.com\\\/#\\\/schema\\\/logo\\\/image\\\/\",\"url\":\"https:\\\/\\\/diarioprincipios.com\\\/wp-content\\\/uploads\\\/2024\\\/04\\\/cropped-www.diarioprincipios.com_-1.png\",\"contentUrl\":\"https:\\\/\\\/diarioprincipios.com\\\/wp-content\\\/uploads\\\/2024\\\/04\\\/cropped-www.diarioprincipios.com_-1.png\",\"width\":5325,\"height\":1454,\"caption\":\"Principios\"},\"image\":{\"@id\":\"https:\\\/\\\/diarioprincipios.com\\\/#\\\/schema\\\/logo\\\/image\\\/\"}},{\"@type\":\"Person\",\"@id\":\"https:\\\/\\\/diarioprincipios.com\\\/#\\\/schema\\\/person\\\/436d5a1fd41a5e250e23ff5a6a7cb080\",\"name\":\"Hern\u00e1n L\u00f3pez\",\"image\":{\"@type\":\"ImageObject\",\"inLanguage\":\"es\",\"@id\":\"https:\\\/\\\/diarioprincipios.com\\\/wp-content\\\/litespeed\\\/avatar\\\/11ddfe5610ff3bd100522525b2571f48.jpg?ver=1777653193\",\"url\":\"https:\\\/\\\/diarioprincipios.com\\\/wp-content\\\/litespeed\\\/avatar\\\/11ddfe5610ff3bd100522525b2571f48.jpg?ver=1777653193\",\"contentUrl\":\"https:\\\/\\\/diarioprincipios.com\\\/wp-content\\\/litespeed\\\/avatar\\\/11ddfe5610ff3bd100522525b2571f48.jpg?ver=1777653193\",\"caption\":\"Hern\u00e1n L\u00f3pez\"},\"url\":\"https:\\\/\\\/diarioprincipios.com\\\/index.php\\\/author\\\/hernan\\\/\"}]}<\/script>\n<!-- \/ Yoast SEO plugin. -->","yoast_head_json":{"title":"Servicios Municipales de Guardia para el 12 y 13 de Febrero - Principios","robots":{"index":"index","follow":"follow","max-snippet":"max-snippet:-1","max-image-preview":"max-image-preview:large","max-video-preview":"max-video-preview:-1"},"canonical":"https:\/\/diarioprincipios.com\/index.php\/2024\/02\/11\/servicios-municipales-de-guardia-para-el-12-y-13-de-febrero\/","og_locale":"es_ES","og_type":"article","og_title":"Servicios Municipales de Guardia para el 12 y 13 de Febrero - Principios","og_description":"La Municipalidad de Berazategui informa c\u00f3mo funcionar\u00e1n las distintas Dependencias durante el fin de semana largo por los feriados de Carnaval del lunes 12 y el martes 13 de febrero. Se solicita a los vecinos y vecinas no sacar sus residuos domiciliarios el lunes 12 y hacerlo reci\u00e9n el martes 13 de febrero en el...","og_url":"https:\/\/diarioprincipios.com\/index.php\/2024\/02\/11\/servicios-municipales-de-guardia-para-el-12-y-13-de-febrero\/","og_site_name":"Principios","article_published_time":"2024-02-11T03:45:06+00:00","article_modified_time":"2024-02-11T03:45:08+00:00","og_image":[{"width":1600,"height":1066,"url":"https:\/\/diarioprincipios.com\/wp-content\/uploads\/2024\/02\/SERVICIOS-MUNICIPALES-DE-GUARDIA-PARA-EL-12-Y-13-DE-FEBRERO_3.jpeg","type":"image\/jpeg"}],"author":"Hern\u00e1n L\u00f3pez","twitter_card":"summary_large_image","twitter_misc":{"Escrito por":"Hern\u00e1n L\u00f3pez","Tiempo de lectura":"3 minutos"},"schema":{"@context":"https:\/\/schema.org","@graph":[{"@type":"Article","@id":"https:\/\/diarioprincipios.com\/index.php\/2024\/02\/11\/servicios-municipales-de-guardia-para-el-12-y-13-de-febrero\/#article","isPartOf":{"@id":"https:\/\/diarioprincipios.com\/index.php\/2024\/02\/11\/servicios-municipales-de-guardia-para-el-12-y-13-de-febrero\/"},"author":{"name":"Hern\u00e1n L\u00f3pez","@id":"https:\/\/diarioprincipios.com\/#\/schema\/person\/436d5a1fd41a5e250e23ff5a6a7cb080"},"headline":"Servicios Municipales de Guardia para el 12 y 13 de Febrero","datePublished":"2024-02-11T03:45:06+00:00","dateModified":"2024-02-11T03:45:08+00:00","mainEntityOfPage":{"@id":"https:\/\/diarioprincipios.com\/index.php\/2024\/02\/11\/servicios-municipales-de-guardia-para-el-12-y-13-de-febrero\/"},"wordCount":373,"commentCount":0,"publisher":{"@id":"https:\/\/diarioprincipios.com\/#organization"},"image":{"@id":"https:\/\/diarioprincipios.com\/index.php\/2024\/02\/11\/servicios-municipales-de-guardia-para-el-12-y-13-de-febrero\/#primaryimage"},"thumbnailUrl":"https:\/\/diarioprincipios.com\/wp-content\/uploads\/2024\/02\/SERVICIOS-MUNICIPALES-DE-GUARDIA-PARA-EL-12-Y-13-DE-FEBRERO_3.jpeg","articleSection":["Berazategui"],"inLanguage":"es","potentialAction":[{"@type":"CommentAction","name":"Comment","target":["https:\/\/diarioprincipios.com\/index.php\/2024\/02\/11\/servicios-municipales-de-guardia-para-el-12-y-13-de-febrero\/#respond"]}]},{"@type":"WebPage","@id":"https:\/\/diarioprincipios.com\/index.php\/2024\/02\/11\/servicios-municipales-de-guardia-para-el-12-y-13-de-febrero\/","url":"https:\/\/diarioprincipios.com\/index.php\/2024\/02\/11\/servicios-municipales-de-guardia-para-el-12-y-13-de-febrero\/","name":"Servicios Municipales de Guardia para el 12 y 13 de Febrero - Principios","isPartOf":{"@id":"https:\/\/diarioprincipios.com\/#website"},"primaryImageOfPage":{"@id":"https:\/\/diarioprincipios.com\/index.php\/2024\/02\/11\/servicios-municipales-de-guardia-para-el-12-y-13-de-febrero\/#primaryimage"},"image":{"@id":"https:\/\/diarioprincipios.com\/index.php\/2024\/02\/11\/servicios-municipales-de-guardia-para-el-12-y-13-de-febrero\/#primaryimage"},"thumbnailUrl":"https:\/\/diarioprincipios.com\/wp-content\/uploads\/2024\/02\/SERVICIOS-MUNICIPALES-DE-GUARDIA-PARA-EL-12-Y-13-DE-FEBRERO_3.jpeg","datePublished":"2024-02-11T03:45:06+00:00","dateModified":"2024-02-11T03:45:08+00:00","breadcrumb":{"@id":"https:\/\/diarioprincipios.com\/index.php\/2024\/02\/11\/servicios-municipales-de-guardia-para-el-12-y-13-de-febrero\/#breadcrumb"},"inLanguage":"es","potentialAction":[{"@type":"ReadAction","target":["https:\/\/diarioprincipios.com\/index.php\/2024\/02\/11\/servicios-municipales-de-guardia-para-el-12-y-13-de-febrero\/"]}]},{"@type":"ImageObject","inLanguage":"es","@id":"https:\/\/diarioprincipios.com\/index.php\/2024\/02\/11\/servicios-municipales-de-guardia-para-el-12-y-13-de-febrero\/#primaryimage","url":"https:\/\/diarioprincipios.com\/wp-content\/uploads\/2024\/02\/SERVICIOS-MUNICIPALES-DE-GUARDIA-PARA-EL-12-Y-13-DE-FEBRERO_3.jpeg","contentUrl":"https:\/\/diarioprincipios.com\/wp-content\/uploads\/2024\/02\/SERVICIOS-MUNICIPALES-DE-GUARDIA-PARA-EL-12-Y-13-DE-FEBRERO_3.jpeg","width":1600,"height":1066},{"@type":"BreadcrumbList","@id":"https:\/\/diarioprincipios.com\/index.php\/2024\/02\/11\/servicios-municipales-de-guardia-para-el-12-y-13-de-febrero\/#breadcrumb","itemListElement":[{"@type":"ListItem","position":1,"name":"Portada","item":"https:\/\/diarioprincipios.com\/"},{"@type":"ListItem","position":2,"name":"Servicios Municipales de Guardia para el 12 y 13 de Febrero"}]},{"@type":"WebSite","@id":"https:\/\/diarioprincipios.com\/#website","url":"https:\/\/diarioprincipios.com\/","name":"Principios","description":"Principios Diario","publisher":{"@id":"https:\/\/diarioprincipios.com\/#organization"},"potentialAction":[{"@type":"SearchAction","target":{"@type":"EntryPoint","urlTemplate":"https:\/\/diarioprincipios.com\/?s={search_term_string}"},"query-input":{"@type":"PropertyValueSpecification","valueRequired":true,"valueName":"search_term_string"}}],"inLanguage":"es"},{"@type":"Organization","@id":"https:\/\/diarioprincipios.com\/#organization","name":"Principios","url":"https:\/\/diarioprincipios.com\/","logo":{"@type":"ImageObject","inLanguage":"es","@id":"https:\/\/diarioprincipios.com\/#\/schema\/logo\/image\/","url":"https:\/\/diarioprincipios.com\/wp-content\/uploads\/2024\/04\/cropped-www.diarioprincipios.com_-1.png","contentUrl":"https:\/\/diarioprincipios.com\/wp-content\/uploads\/2024\/04\/cropped-www.diarioprincipios.com_-1.png","width":5325,"height":1454,"caption":"Principios"},"image":{"@id":"https:\/\/diarioprincipios.com\/#\/schema\/logo\/image\/"}},{"@type":"Person","@id":"https:\/\/diarioprincipios.com\/#\/schema\/person\/436d5a1fd41a5e250e23ff5a6a7cb080","name":"Hern\u00e1n L\u00f3pez","image":{"@type":"ImageObject","inLanguage":"es","@id":"https:\/\/diarioprincipios.com\/wp-content\/litespeed\/avatar\/11ddfe5610ff3bd100522525b2571f48.jpg?ver=1777653193","url":"https:\/\/diarioprincipios.com\/wp-content\/litespeed\/avatar\/11ddfe5610ff3bd100522525b2571f48.jpg?ver=1777653193","contentUrl":"https:\/\/diarioprincipios.com\/wp-content\/litespeed\/avatar\/11ddfe5610ff3bd100522525b2571f48.jpg?ver=1777653193","caption":"Hern\u00e1n L\u00f3pez"},"url":"https:\/\/diarioprincipios.com\/index.php\/author\/hernan\/"}]}},"jetpack_featured_media_url":"https:\/\/diarioprincipios.com\/wp-content\/uploads\/2024\/02\/SERVICIOS-MUNICIPALES-DE-GUARDIA-PARA-EL-12-Y-13-DE-FEBRERO_3.jpeg","_links":{"self":[{"href":"https:\/\/diarioprincipios.com\/index.php\/wp-json\/wp\/v2\/posts\/20672","targetHints":{"allow":["GET"]}}],"collection":[{"href":"https:\/\/diarioprincipios.com\/index.php\/wp-json\/wp\/v2\/posts"}],"about":[{"href":"https:\/\/diarioprincipios.com\/index.php\/wp-json\/wp\/v2\/types\/post"}],"author":[{"embeddable":true,"href":"https:\/\/diarioprincipios.com\/index.php\/wp-json\/wp\/v2\/users\/2"}],"replies":[{"embeddable":true,"href":"https:\/\/diarioprincipios.com\/index.php\/wp-json\/wp\/v2\/comments?post=20672"}],"version-history":[{"count":1,"href":"https:\/\/diarioprincipios.com\/index.php\/wp-json\/wp\/v2\/posts\/20672\/revisions"}],"predecessor-version":[{"id":20677,"href":"https:\/\/diarioprincipios.com\/index.php\/wp-json\/wp\/v2\/posts\/20672\/revisions\/20677"}],"wp:featuredmedia":[{"embeddable":true,"href":"https:\/\/diarioprincipios.com\/index.php\/wp-json\/wp\/v2\/media\/20676"}],"wp:attachment":[{"href":"https:\/\/diarioprincipios.com\/index.php\/wp-json\/wp\/v2\/media?parent=20672"}],"wp:term":[{"taxonomy":"category","embeddable":true,"href":"https:\/\/diarioprincipios.com\/index.php\/wp-json\/wp\/v2\/categories?post=20672"},{"taxonomy":"post_tag","embeddable":true,"href":"https:\/\/diarioprincipios.com\/index.php\/wp-json\/wp\/v2\/tags?post=20672"}],"curies":[{"name":"wp","href":"https:\/\/api.w.org\/{rel}","templated":true}]}}