{"id":20644,"date":"2024-02-07T14:57:56","date_gmt":"2024-02-07T17:57:56","guid":{"rendered":"http:\/\/diarioprincipios.com\/?p=20644"},"modified":"2024-02-07T14:58:03","modified_gmt":"2024-02-07T17:58:03","slug":"el-feriado-de-carnaval-a-pleno-con-food-trucks-en-la-costa-de-hudson","status":"publish","type":"post","link":"https:\/\/diarioprincipios.com\/index.php\/2024\/02\/07\/el-feriado-de-carnaval-a-pleno-con-food-trucks-en-la-costa-de-hudson\/","title":{"rendered":"El Feriado de Carnaval a pleno con Food Trucks en la Costa de Hudson"},"content":{"rendered":"\n<p><strong>Se suman opciones para disfrutar este verano en Berazategui: el s\u00e1bado 10, domingo 11, lunes 12 y martes 13 de febrero (feriados nacionales por la celebraci\u00f3n del Carnaval), los cl\u00e1sicos Food Trucks estar\u00e1n en la Costa de Hudson (con acceso por Av. Diego A. Maradona \u2013 63-), de 13.00 a 23.00, con distintas opciones gastron\u00f3micas para disfrutar. Solo se suspenden en caso de malas condiciones clim\u00e1ticas.<\/strong><\/p>\n\n\n\n<figure class=\"wp-block-image size-large\"><img loading=\"lazy\" decoding=\"async\" width=\"1024\" height=\"682\" src=\"https:\/\/diarioprincipios.com\/wp-content\/uploads\/2024\/02\/EL-FERIADO-DE-CARNAVAL-A-PLENO-CON-FOOD-TRUCKS-EN-LA-COSTA-DE-HUDSON-1-1024x682.jpg\" alt=\"\" class=\"wp-image-20645\" srcset=\"https:\/\/diarioprincipios.com\/wp-content\/uploads\/2024\/02\/EL-FERIADO-DE-CARNAVAL-A-PLENO-CON-FOOD-TRUCKS-EN-LA-COSTA-DE-HUDSON-1-1024x682.jpg 1024w, https:\/\/diarioprincipios.com\/wp-content\/uploads\/2024\/02\/EL-FERIADO-DE-CARNAVAL-A-PLENO-CON-FOOD-TRUCKS-EN-LA-COSTA-DE-HUDSON-1-300x200.jpg 300w, https:\/\/diarioprincipios.com\/wp-content\/uploads\/2024\/02\/EL-FERIADO-DE-CARNAVAL-A-PLENO-CON-FOOD-TRUCKS-EN-LA-COSTA-DE-HUDSON-1-768x512.jpg 768w, https:\/\/diarioprincipios.com\/wp-content\/uploads\/2024\/02\/EL-FERIADO-DE-CARNAVAL-A-PLENO-CON-FOOD-TRUCKS-EN-LA-COSTA-DE-HUDSON-1-1536x1023.jpg 1536w, https:\/\/diarioprincipios.com\/wp-content\/uploads\/2024\/02\/EL-FERIADO-DE-CARNAVAL-A-PLENO-CON-FOOD-TRUCKS-EN-LA-COSTA-DE-HUDSON-1.jpg 1600w\" sizes=\"auto, (max-width: 1024px) 100vw, 1024px\" \/><\/figure>\n\n\n\n<p>Los ya tradicionales food trucks de la Costa de Hudson ofrecen opciones muy recomendables para degustar al paso, como variedades de s\u00e1ndwiches; hamburguesas; comida gourmet; crepes; waffles; papas fritas; postres y helados.<\/p>\n\n\n\n<p>Adem\u00e1s, con el fin de facilitar el acceso, la Municipalidad de Berazategui articul\u00f3 con la empresa de colectivos MOQSA para que en sus servicios incluyan recorridos ida y vuelta desde la Estaci\u00f3n de Hudson (Av. Pte. N\u00e9stor Kirchner e\/ 58 y 58 A), hasta la Costa, los s\u00e1bados y domingos de 8.00 a 21.00, con frecuencia cada una hora.<\/p>\n","protected":false},"excerpt":{"rendered":"<p>Se suman opciones para disfrutar este verano en Berazategui: el s\u00e1bado 10, domingo 11, lunes 12 y martes 13 de febrero (feriados nacionales por la celebraci\u00f3n del Carnaval), los cl\u00e1sicos Food Trucks estar\u00e1n en la Costa de Hudson (con acceso por Av. Diego A. Maradona \u2013 63-), de 13.00 a 23.00, con distintas opciones gastron\u00f3micas&#8230;<\/p>\n","protected":false},"author":2,"featured_media":20646,"comment_status":"open","ping_status":"open","sticky":false,"template":"","format":"standard","meta":{"footnotes":""},"categories":[3],"tags":[],"class_list":["post-20644","post","type-post","status-publish","format-standard","has-post-thumbnail","hentry","category-berazategui"],"featured_image_src":"https:\/\/diarioprincipios.com\/wp-content\/uploads\/2024\/02\/EL-FERIADO-DE-CARNAVAL-A-PLENO-CON-FOOD-TRUCKS-EN-LA-COSTA-DE-HUDSON-3-1024x682.jpg","blog_images":{"medium":"https:\/\/diarioprincipios.com\/wp-content\/uploads\/2024\/02\/EL-FERIADO-DE-CARNAVAL-A-PLENO-CON-FOOD-TRUCKS-EN-LA-COSTA-DE-HUDSON-3-300x200.jpg","large":"https:\/\/diarioprincipios.com\/wp-content\/uploads\/2024\/02\/EL-FERIADO-DE-CARNAVAL-A-PLENO-CON-FOOD-TRUCKS-EN-LA-COSTA-DE-HUDSON-3-1024x682.jpg"},"ams_acf":[],"yoast_head":"<!-- This site is optimized with the Yoast SEO plugin v27.3 - https:\/\/yoast.com\/product\/yoast-seo-wordpress\/ -->\n<title>El Feriado de Carnaval a pleno con Food Trucks en la Costa de Hudson - Principios<\/title>\n<meta name=\"robots\" content=\"index, follow, max-snippet:-1, max-image-preview:large, max-video-preview:-1\" \/>\n<link rel=\"canonical\" href=\"https:\/\/diarioprincipios.com\/index.php\/2024\/02\/07\/el-feriado-de-carnaval-a-pleno-con-food-trucks-en-la-costa-de-hudson\/\" \/>\n<meta property=\"og:locale\" content=\"es_ES\" \/>\n<meta property=\"og:type\" content=\"article\" \/>\n<meta property=\"og:title\" content=\"El Feriado de Carnaval a pleno con Food Trucks en la Costa de Hudson - Principios\" \/>\n<meta property=\"og:description\" content=\"Se suman opciones para disfrutar este verano en Berazategui: el s\u00e1bado 10, domingo 11, lunes 12 y martes 13 de febrero (feriados nacionales por la celebraci\u00f3n del Carnaval), los cl\u00e1sicos Food Trucks estar\u00e1n en la Costa de Hudson (con acceso por Av. Diego A. Maradona \u2013 63-), de 13.00 a 23.00, con distintas opciones gastron\u00f3micas...\" \/>\n<meta property=\"og:url\" content=\"https:\/\/diarioprincipios.com\/index.php\/2024\/02\/07\/el-feriado-de-carnaval-a-pleno-con-food-trucks-en-la-costa-de-hudson\/\" \/>\n<meta property=\"og:site_name\" content=\"Principios\" \/>\n<meta property=\"article:published_time\" content=\"2024-02-07T17:57:56+00:00\" \/>\n<meta property=\"article:modified_time\" content=\"2024-02-07T17:58:03+00:00\" \/>\n<meta property=\"og:image\" content=\"https:\/\/diarioprincipios.com\/wp-content\/uploads\/2024\/02\/EL-FERIADO-DE-CARNAVAL-A-PLENO-CON-FOOD-TRUCKS-EN-LA-COSTA-DE-HUDSON-3.jpg\" \/>\n\t<meta property=\"og:image:width\" content=\"1600\" \/>\n\t<meta property=\"og:image:height\" content=\"1066\" \/>\n\t<meta property=\"og:image:type\" content=\"image\/jpeg\" \/>\n<meta name=\"author\" content=\"Hern\u00e1n L\u00f3pez\" \/>\n<meta name=\"twitter:card\" content=\"summary_large_image\" \/>\n<meta name=\"twitter:label1\" content=\"Escrito por\" \/>\n\t<meta name=\"twitter:data1\" content=\"Hern\u00e1n L\u00f3pez\" \/>\n\t<meta name=\"twitter:label2\" content=\"Tiempo de lectura\" \/>\n\t<meta name=\"twitter:data2\" content=\"1 minuto\" \/>\n<script type=\"application\/ld+json\" class=\"yoast-schema-graph\">{\"@context\":\"https:\\\/\\\/schema.org\",\"@graph\":[{\"@type\":\"Article\",\"@id\":\"https:\\\/\\\/diarioprincipios.com\\\/index.php\\\/2024\\\/02\\\/07\\\/el-feriado-de-carnaval-a-pleno-con-food-trucks-en-la-costa-de-hudson\\\/#article\",\"isPartOf\":{\"@id\":\"https:\\\/\\\/diarioprincipios.com\\\/index.php\\\/2024\\\/02\\\/07\\\/el-feriado-de-carnaval-a-pleno-con-food-trucks-en-la-costa-de-hudson\\\/\"},\"author\":{\"name\":\"Hern\u00e1n L\u00f3pez\",\"@id\":\"https:\\\/\\\/diarioprincipios.com\\\/#\\\/schema\\\/person\\\/436d5a1fd41a5e250e23ff5a6a7cb080\"},\"headline\":\"El Feriado de Carnaval a pleno con Food Trucks en la Costa de Hudson\",\"datePublished\":\"2024-02-07T17:57:56+00:00\",\"dateModified\":\"2024-02-07T17:58:03+00:00\",\"mainEntityOfPage\":{\"@id\":\"https:\\\/\\\/diarioprincipios.com\\\/index.php\\\/2024\\\/02\\\/07\\\/el-feriado-de-carnaval-a-pleno-con-food-trucks-en-la-costa-de-hudson\\\/\"},\"wordCount\":171,\"commentCount\":0,\"publisher\":{\"@id\":\"https:\\\/\\\/diarioprincipios.com\\\/#organization\"},\"image\":{\"@id\":\"https:\\\/\\\/diarioprincipios.com\\\/index.php\\\/2024\\\/02\\\/07\\\/el-feriado-de-carnaval-a-pleno-con-food-trucks-en-la-costa-de-hudson\\\/#primaryimage\"},\"thumbnailUrl\":\"https:\\\/\\\/diarioprincipios.com\\\/wp-content\\\/uploads\\\/2024\\\/02\\\/EL-FERIADO-DE-CARNAVAL-A-PLENO-CON-FOOD-TRUCKS-EN-LA-COSTA-DE-HUDSON-3.jpg\",\"articleSection\":[\"Berazategui\"],\"inLanguage\":\"es\",\"potentialAction\":[{\"@type\":\"CommentAction\",\"name\":\"Comment\",\"target\":[\"https:\\\/\\\/diarioprincipios.com\\\/index.php\\\/2024\\\/02\\\/07\\\/el-feriado-de-carnaval-a-pleno-con-food-trucks-en-la-costa-de-hudson\\\/#respond\"]}]},{\"@type\":\"WebPage\",\"@id\":\"https:\\\/\\\/diarioprincipios.com\\\/index.php\\\/2024\\\/02\\\/07\\\/el-feriado-de-carnaval-a-pleno-con-food-trucks-en-la-costa-de-hudson\\\/\",\"url\":\"https:\\\/\\\/diarioprincipios.com\\\/index.php\\\/2024\\\/02\\\/07\\\/el-feriado-de-carnaval-a-pleno-con-food-trucks-en-la-costa-de-hudson\\\/\",\"name\":\"El Feriado de Carnaval a pleno con Food Trucks en la Costa de Hudson - Principios\",\"isPartOf\":{\"@id\":\"https:\\\/\\\/diarioprincipios.com\\\/#website\"},\"primaryImageOfPage\":{\"@id\":\"https:\\\/\\\/diarioprincipios.com\\\/index.php\\\/2024\\\/02\\\/07\\\/el-feriado-de-carnaval-a-pleno-con-food-trucks-en-la-costa-de-hudson\\\/#primaryimage\"},\"image\":{\"@id\":\"https:\\\/\\\/diarioprincipios.com\\\/index.php\\\/2024\\\/02\\\/07\\\/el-feriado-de-carnaval-a-pleno-con-food-trucks-en-la-costa-de-hudson\\\/#primaryimage\"},\"thumbnailUrl\":\"https:\\\/\\\/diarioprincipios.com\\\/wp-content\\\/uploads\\\/2024\\\/02\\\/EL-FERIADO-DE-CARNAVAL-A-PLENO-CON-FOOD-TRUCKS-EN-LA-COSTA-DE-HUDSON-3.jpg\",\"datePublished\":\"2024-02-07T17:57:56+00:00\",\"dateModified\":\"2024-02-07T17:58:03+00:00\",\"breadcrumb\":{\"@id\":\"https:\\\/\\\/diarioprincipios.com\\\/index.php\\\/2024\\\/02\\\/07\\\/el-feriado-de-carnaval-a-pleno-con-food-trucks-en-la-costa-de-hudson\\\/#breadcrumb\"},\"inLanguage\":\"es\",\"potentialAction\":[{\"@type\":\"ReadAction\",\"target\":[\"https:\\\/\\\/diarioprincipios.com\\\/index.php\\\/2024\\\/02\\\/07\\\/el-feriado-de-carnaval-a-pleno-con-food-trucks-en-la-costa-de-hudson\\\/\"]}]},{\"@type\":\"ImageObject\",\"inLanguage\":\"es\",\"@id\":\"https:\\\/\\\/diarioprincipios.com\\\/index.php\\\/2024\\\/02\\\/07\\\/el-feriado-de-carnaval-a-pleno-con-food-trucks-en-la-costa-de-hudson\\\/#primaryimage\",\"url\":\"https:\\\/\\\/diarioprincipios.com\\\/wp-content\\\/uploads\\\/2024\\\/02\\\/EL-FERIADO-DE-CARNAVAL-A-PLENO-CON-FOOD-TRUCKS-EN-LA-COSTA-DE-HUDSON-3.jpg\",\"contentUrl\":\"https:\\\/\\\/diarioprincipios.com\\\/wp-content\\\/uploads\\\/2024\\\/02\\\/EL-FERIADO-DE-CARNAVAL-A-PLENO-CON-FOOD-TRUCKS-EN-LA-COSTA-DE-HUDSON-3.jpg\",\"width\":1600,\"height\":1066},{\"@type\":\"BreadcrumbList\",\"@id\":\"https:\\\/\\\/diarioprincipios.com\\\/index.php\\\/2024\\\/02\\\/07\\\/el-feriado-de-carnaval-a-pleno-con-food-trucks-en-la-costa-de-hudson\\\/#breadcrumb\",\"itemListElement\":[{\"@type\":\"ListItem\",\"position\":1,\"name\":\"Portada\",\"item\":\"https:\\\/\\\/diarioprincipios.com\\\/\"},{\"@type\":\"ListItem\",\"position\":2,\"name\":\"El Feriado de Carnaval a pleno con Food Trucks en la Costa de Hudson\"}]},{\"@type\":\"WebSite\",\"@id\":\"https:\\\/\\\/diarioprincipios.com\\\/#website\",\"url\":\"https:\\\/\\\/diarioprincipios.com\\\/\",\"name\":\"Principios\",\"description\":\"Principios Diario\",\"publisher\":{\"@id\":\"https:\\\/\\\/diarioprincipios.com\\\/#organization\"},\"potentialAction\":[{\"@type\":\"SearchAction\",\"target\":{\"@type\":\"EntryPoint\",\"urlTemplate\":\"https:\\\/\\\/diarioprincipios.com\\\/?s={search_term_string}\"},\"query-input\":{\"@type\":\"PropertyValueSpecification\",\"valueRequired\":true,\"valueName\":\"search_term_string\"}}],\"inLanguage\":\"es\"},{\"@type\":\"Organization\",\"@id\":\"https:\\\/\\\/diarioprincipios.com\\\/#organization\",\"name\":\"Principios\",\"url\":\"https:\\\/\\\/diarioprincipios.com\\\/\",\"logo\":{\"@type\":\"ImageObject\",\"inLanguage\":\"es\",\"@id\":\"https:\\\/\\\/diarioprincipios.com\\\/#\\\/schema\\\/logo\\\/image\\\/\",\"url\":\"https:\\\/\\\/diarioprincipios.com\\\/wp-content\\\/uploads\\\/2024\\\/04\\\/cropped-www.diarioprincipios.com_-1.png\",\"contentUrl\":\"https:\\\/\\\/diarioprincipios.com\\\/wp-content\\\/uploads\\\/2024\\\/04\\\/cropped-www.diarioprincipios.com_-1.png\",\"width\":5325,\"height\":1454,\"caption\":\"Principios\"},\"image\":{\"@id\":\"https:\\\/\\\/diarioprincipios.com\\\/#\\\/schema\\\/logo\\\/image\\\/\"}},{\"@type\":\"Person\",\"@id\":\"https:\\\/\\\/diarioprincipios.com\\\/#\\\/schema\\\/person\\\/436d5a1fd41a5e250e23ff5a6a7cb080\",\"name\":\"Hern\u00e1n L\u00f3pez\",\"image\":{\"@type\":\"ImageObject\",\"inLanguage\":\"es\",\"@id\":\"https:\\\/\\\/diarioprincipios.com\\\/wp-content\\\/litespeed\\\/avatar\\\/11ddfe5610ff3bd100522525b2571f48.jpg?ver=1777653193\",\"url\":\"https:\\\/\\\/diarioprincipios.com\\\/wp-content\\\/litespeed\\\/avatar\\\/11ddfe5610ff3bd100522525b2571f48.jpg?ver=1777653193\",\"contentUrl\":\"https:\\\/\\\/diarioprincipios.com\\\/wp-content\\\/litespeed\\\/avatar\\\/11ddfe5610ff3bd100522525b2571f48.jpg?ver=1777653193\",\"caption\":\"Hern\u00e1n L\u00f3pez\"},\"url\":\"https:\\\/\\\/diarioprincipios.com\\\/index.php\\\/author\\\/hernan\\\/\"}]}<\/script>\n<!-- \/ Yoast SEO plugin. -->","yoast_head_json":{"title":"El Feriado de Carnaval a pleno con Food Trucks en la Costa de Hudson - Principios","robots":{"index":"index","follow":"follow","max-snippet":"max-snippet:-1","max-image-preview":"max-image-preview:large","max-video-preview":"max-video-preview:-1"},"canonical":"https:\/\/diarioprincipios.com\/index.php\/2024\/02\/07\/el-feriado-de-carnaval-a-pleno-con-food-trucks-en-la-costa-de-hudson\/","og_locale":"es_ES","og_type":"article","og_title":"El Feriado de Carnaval a pleno con Food Trucks en la Costa de Hudson - Principios","og_description":"Se suman opciones para disfrutar este verano en Berazategui: el s\u00e1bado 10, domingo 11, lunes 12 y martes 13 de febrero (feriados nacionales por la celebraci\u00f3n del Carnaval), los cl\u00e1sicos Food Trucks estar\u00e1n en la Costa de Hudson (con acceso por Av. Diego A. Maradona \u2013 63-), de 13.00 a 23.00, con distintas opciones gastron\u00f3micas...","og_url":"https:\/\/diarioprincipios.com\/index.php\/2024\/02\/07\/el-feriado-de-carnaval-a-pleno-con-food-trucks-en-la-costa-de-hudson\/","og_site_name":"Principios","article_published_time":"2024-02-07T17:57:56+00:00","article_modified_time":"2024-02-07T17:58:03+00:00","og_image":[{"width":1600,"height":1066,"url":"https:\/\/diarioprincipios.com\/wp-content\/uploads\/2024\/02\/EL-FERIADO-DE-CARNAVAL-A-PLENO-CON-FOOD-TRUCKS-EN-LA-COSTA-DE-HUDSON-3.jpg","type":"image\/jpeg"}],"author":"Hern\u00e1n L\u00f3pez","twitter_card":"summary_large_image","twitter_misc":{"Escrito por":"Hern\u00e1n L\u00f3pez","Tiempo de lectura":"1 minuto"},"schema":{"@context":"https:\/\/schema.org","@graph":[{"@type":"Article","@id":"https:\/\/diarioprincipios.com\/index.php\/2024\/02\/07\/el-feriado-de-carnaval-a-pleno-con-food-trucks-en-la-costa-de-hudson\/#article","isPartOf":{"@id":"https:\/\/diarioprincipios.com\/index.php\/2024\/02\/07\/el-feriado-de-carnaval-a-pleno-con-food-trucks-en-la-costa-de-hudson\/"},"author":{"name":"Hern\u00e1n L\u00f3pez","@id":"https:\/\/diarioprincipios.com\/#\/schema\/person\/436d5a1fd41a5e250e23ff5a6a7cb080"},"headline":"El Feriado de Carnaval a pleno con Food Trucks en la Costa de Hudson","datePublished":"2024-02-07T17:57:56+00:00","dateModified":"2024-02-07T17:58:03+00:00","mainEntityOfPage":{"@id":"https:\/\/diarioprincipios.com\/index.php\/2024\/02\/07\/el-feriado-de-carnaval-a-pleno-con-food-trucks-en-la-costa-de-hudson\/"},"wordCount":171,"commentCount":0,"publisher":{"@id":"https:\/\/diarioprincipios.com\/#organization"},"image":{"@id":"https:\/\/diarioprincipios.com\/index.php\/2024\/02\/07\/el-feriado-de-carnaval-a-pleno-con-food-trucks-en-la-costa-de-hudson\/#primaryimage"},"thumbnailUrl":"https:\/\/diarioprincipios.com\/wp-content\/uploads\/2024\/02\/EL-FERIADO-DE-CARNAVAL-A-PLENO-CON-FOOD-TRUCKS-EN-LA-COSTA-DE-HUDSON-3.jpg","articleSection":["Berazategui"],"inLanguage":"es","potentialAction":[{"@type":"CommentAction","name":"Comment","target":["https:\/\/diarioprincipios.com\/index.php\/2024\/02\/07\/el-feriado-de-carnaval-a-pleno-con-food-trucks-en-la-costa-de-hudson\/#respond"]}]},{"@type":"WebPage","@id":"https:\/\/diarioprincipios.com\/index.php\/2024\/02\/07\/el-feriado-de-carnaval-a-pleno-con-food-trucks-en-la-costa-de-hudson\/","url":"https:\/\/diarioprincipios.com\/index.php\/2024\/02\/07\/el-feriado-de-carnaval-a-pleno-con-food-trucks-en-la-costa-de-hudson\/","name":"El Feriado de Carnaval a pleno con Food Trucks en la Costa de Hudson - Principios","isPartOf":{"@id":"https:\/\/diarioprincipios.com\/#website"},"primaryImageOfPage":{"@id":"https:\/\/diarioprincipios.com\/index.php\/2024\/02\/07\/el-feriado-de-carnaval-a-pleno-con-food-trucks-en-la-costa-de-hudson\/#primaryimage"},"image":{"@id":"https:\/\/diarioprincipios.com\/index.php\/2024\/02\/07\/el-feriado-de-carnaval-a-pleno-con-food-trucks-en-la-costa-de-hudson\/#primaryimage"},"thumbnailUrl":"https:\/\/diarioprincipios.com\/wp-content\/uploads\/2024\/02\/EL-FERIADO-DE-CARNAVAL-A-PLENO-CON-FOOD-TRUCKS-EN-LA-COSTA-DE-HUDSON-3.jpg","datePublished":"2024-02-07T17:57:56+00:00","dateModified":"2024-02-07T17:58:03+00:00","breadcrumb":{"@id":"https:\/\/diarioprincipios.com\/index.php\/2024\/02\/07\/el-feriado-de-carnaval-a-pleno-con-food-trucks-en-la-costa-de-hudson\/#breadcrumb"},"inLanguage":"es","potentialAction":[{"@type":"ReadAction","target":["https:\/\/diarioprincipios.com\/index.php\/2024\/02\/07\/el-feriado-de-carnaval-a-pleno-con-food-trucks-en-la-costa-de-hudson\/"]}]},{"@type":"ImageObject","inLanguage":"es","@id":"https:\/\/diarioprincipios.com\/index.php\/2024\/02\/07\/el-feriado-de-carnaval-a-pleno-con-food-trucks-en-la-costa-de-hudson\/#primaryimage","url":"https:\/\/diarioprincipios.com\/wp-content\/uploads\/2024\/02\/EL-FERIADO-DE-CARNAVAL-A-PLENO-CON-FOOD-TRUCKS-EN-LA-COSTA-DE-HUDSON-3.jpg","contentUrl":"https:\/\/diarioprincipios.com\/wp-content\/uploads\/2024\/02\/EL-FERIADO-DE-CARNAVAL-A-PLENO-CON-FOOD-TRUCKS-EN-LA-COSTA-DE-HUDSON-3.jpg","width":1600,"height":1066},{"@type":"BreadcrumbList","@id":"https:\/\/diarioprincipios.com\/index.php\/2024\/02\/07\/el-feriado-de-carnaval-a-pleno-con-food-trucks-en-la-costa-de-hudson\/#breadcrumb","itemListElement":[{"@type":"ListItem","position":1,"name":"Portada","item":"https:\/\/diarioprincipios.com\/"},{"@type":"ListItem","position":2,"name":"El Feriado de Carnaval a pleno con Food Trucks en la Costa de Hudson"}]},{"@type":"WebSite","@id":"https:\/\/diarioprincipios.com\/#website","url":"https:\/\/diarioprincipios.com\/","name":"Principios","description":"Principios Diario","publisher":{"@id":"https:\/\/diarioprincipios.com\/#organization"},"potentialAction":[{"@type":"SearchAction","target":{"@type":"EntryPoint","urlTemplate":"https:\/\/diarioprincipios.com\/?s={search_term_string}"},"query-input":{"@type":"PropertyValueSpecification","valueRequired":true,"valueName":"search_term_string"}}],"inLanguage":"es"},{"@type":"Organization","@id":"https:\/\/diarioprincipios.com\/#organization","name":"Principios","url":"https:\/\/diarioprincipios.com\/","logo":{"@type":"ImageObject","inLanguage":"es","@id":"https:\/\/diarioprincipios.com\/#\/schema\/logo\/image\/","url":"https:\/\/diarioprincipios.com\/wp-content\/uploads\/2024\/04\/cropped-www.diarioprincipios.com_-1.png","contentUrl":"https:\/\/diarioprincipios.com\/wp-content\/uploads\/2024\/04\/cropped-www.diarioprincipios.com_-1.png","width":5325,"height":1454,"caption":"Principios"},"image":{"@id":"https:\/\/diarioprincipios.com\/#\/schema\/logo\/image\/"}},{"@type":"Person","@id":"https:\/\/diarioprincipios.com\/#\/schema\/person\/436d5a1fd41a5e250e23ff5a6a7cb080","name":"Hern\u00e1n L\u00f3pez","image":{"@type":"ImageObject","inLanguage":"es","@id":"https:\/\/diarioprincipios.com\/wp-content\/litespeed\/avatar\/11ddfe5610ff3bd100522525b2571f48.jpg?ver=1777653193","url":"https:\/\/diarioprincipios.com\/wp-content\/litespeed\/avatar\/11ddfe5610ff3bd100522525b2571f48.jpg?ver=1777653193","contentUrl":"https:\/\/diarioprincipios.com\/wp-content\/litespeed\/avatar\/11ddfe5610ff3bd100522525b2571f48.jpg?ver=1777653193","caption":"Hern\u00e1n L\u00f3pez"},"url":"https:\/\/diarioprincipios.com\/index.php\/author\/hernan\/"}]}},"jetpack_featured_media_url":"https:\/\/diarioprincipios.com\/wp-content\/uploads\/2024\/02\/EL-FERIADO-DE-CARNAVAL-A-PLENO-CON-FOOD-TRUCKS-EN-LA-COSTA-DE-HUDSON-3.jpg","_links":{"self":[{"href":"https:\/\/diarioprincipios.com\/index.php\/wp-json\/wp\/v2\/posts\/20644","targetHints":{"allow":["GET"]}}],"collection":[{"href":"https:\/\/diarioprincipios.com\/index.php\/wp-json\/wp\/v2\/posts"}],"about":[{"href":"https:\/\/diarioprincipios.com\/index.php\/wp-json\/wp\/v2\/types\/post"}],"author":[{"embeddable":true,"href":"https:\/\/diarioprincipios.com\/index.php\/wp-json\/wp\/v2\/users\/2"}],"replies":[{"embeddable":true,"href":"https:\/\/diarioprincipios.com\/index.php\/wp-json\/wp\/v2\/comments?post=20644"}],"version-history":[{"count":1,"href":"https:\/\/diarioprincipios.com\/index.php\/wp-json\/wp\/v2\/posts\/20644\/revisions"}],"predecessor-version":[{"id":20647,"href":"https:\/\/diarioprincipios.com\/index.php\/wp-json\/wp\/v2\/posts\/20644\/revisions\/20647"}],"wp:featuredmedia":[{"embeddable":true,"href":"https:\/\/diarioprincipios.com\/index.php\/wp-json\/wp\/v2\/media\/20646"}],"wp:attachment":[{"href":"https:\/\/diarioprincipios.com\/index.php\/wp-json\/wp\/v2\/media?parent=20644"}],"wp:term":[{"taxonomy":"category","embeddable":true,"href":"https:\/\/diarioprincipios.com\/index.php\/wp-json\/wp\/v2\/categories?post=20644"},{"taxonomy":"post_tag","embeddable":true,"href":"https:\/\/diarioprincipios.com\/index.php\/wp-json\/wp\/v2\/tags?post=20644"}],"curies":[{"name":"wp","href":"https:\/\/api.w.org\/{rel}","templated":true}]}}