{"id":20640,"date":"2024-02-07T08:41:56","date_gmt":"2024-02-07T11:41:56","guid":{"rendered":"http:\/\/diarioprincipios.com\/?p=20640"},"modified":"2024-02-07T08:41:58","modified_gmt":"2024-02-07T11:41:58","slug":"comenzaron-las-clases-en-el-centro-universitario-berazategui","status":"publish","type":"post","link":"https:\/\/diarioprincipios.com\/index.php\/2024\/02\/07\/comenzaron-las-clases-en-el-centro-universitario-berazategui\/","title":{"rendered":"Comenzaron las Clases en el Centro Universitario Berazategui"},"content":{"rendered":"\n<p><strong>El Centro Universitario de Berazategui (CUB) abri\u00f3 sus puertas para el ciclo lectivo 2024. Los y las estudiantes van a cursar las primeras materias de las distintas carreras que brindan la Universidad Nacional de Quilmes (UNQ) y la Universidad Nacional Arturo Jauretche (UNAJ).<\/strong><br>Este establecimiento educativo -situado en Diagonal Obispo Jorge Novak y 145- comenz\u00f3 a funcionar el 13 de agosto de 2018. En el inicio de 2024, ofrece a los alumnos y alumnas un espacio de tutor\u00eda y acompa\u00f1amiento de cara al nuevo a\u00f1o de estudios universitarios en carreras de grado y pregrado.<br>El coordinador del CUB, Cristian Ulagnero, destac\u00f3: \u201cEstamos muy felices de poder recibir nuevamente, como desde el a\u00f1o 2018, una nueva camada de estudiantes que inician en este Centro sus estudios universitarios. Hoy ingresaron cuatro comisiones de todas las carreras de la UNQ. Agradecemos el compromiso que desde hace a\u00f1os asumi\u00f3 el intendente Juan Jos\u00e9 Mussi de seguir sosteniendo con esfuerzo -en nuestro distrito y cercana a los vecinos- la posibilidad de que los chicos y chicas puedan dar sus primeros pasos en sus trayectorias acad\u00e9micas en este espacio\u201d.<\/p>\n\n\n\n<figure class=\"wp-block-image size-large\"><img loading=\"lazy\" decoding=\"async\" width=\"1024\" height=\"683\" src=\"https:\/\/diarioprincipios.com\/wp-content\/uploads\/2024\/02\/COMENZARON-LAS-CLASES-EN-EL-CENTRO-UNIVERSITARIO-BERAZATEGUI1-1024x683.jpg\" alt=\"\" class=\"wp-image-20641\" srcset=\"https:\/\/diarioprincipios.com\/wp-content\/uploads\/2024\/02\/COMENZARON-LAS-CLASES-EN-EL-CENTRO-UNIVERSITARIO-BERAZATEGUI1-1024x683.jpg 1024w, https:\/\/diarioprincipios.com\/wp-content\/uploads\/2024\/02\/COMENZARON-LAS-CLASES-EN-EL-CENTRO-UNIVERSITARIO-BERAZATEGUI1-300x200.jpg 300w, https:\/\/diarioprincipios.com\/wp-content\/uploads\/2024\/02\/COMENZARON-LAS-CLASES-EN-EL-CENTRO-UNIVERSITARIO-BERAZATEGUI1-768x512.jpg 768w, https:\/\/diarioprincipios.com\/wp-content\/uploads\/2024\/02\/COMENZARON-LAS-CLASES-EN-EL-CENTRO-UNIVERSITARIO-BERAZATEGUI1-1536x1024.jpg 1536w, https:\/\/diarioprincipios.com\/wp-content\/uploads\/2024\/02\/COMENZARON-LAS-CLASES-EN-EL-CENTRO-UNIVERSITARIO-BERAZATEGUI1.jpg 1920w\" sizes=\"auto, (max-width: 1024px) 100vw, 1024px\" \/><\/figure>\n\n\n\n<p><br>Por su parte, Marcos Sconnavaque expres\u00f3: \u201cHoy arranqu\u00e9 el Taller de Vida Universitaria en el CUB para la Tecnicatura en Producci\u00f3n Musical y Nuevas Tecnolog\u00edas, y va todo muy bien. Estoy conociendo gente amigable y vamos a ver qu\u00e9 nos espera en este futuro musical y art\u00edstico\u201d. Asimismo, Diego Bejarano manifest\u00f3: \u00abVoy a estudiar la Licenciatura en Inform\u00e1tica. Espero un buen inicio, conocer nuevas personas, terminar mi carrera y salir adelante en la vida\u201d.<br>Para m\u00e1s informaci\u00f3n, las y los interesados pueden escribir al correo electr\u00f3nico del Centro Universitario Berazategui,\u00a0<a href=\"mailto:cuberazategui2018@gmail.com\" target=\"_blank\" rel=\"noreferrer noopener\">cuberazategui2018@gmail.com<\/a>, o ingresar a\u00a0<a href=\"http:\/\/unq.edu.ar\/\" target=\"_blank\" rel=\"noreferrer noopener\">unq.edu.ar<\/a>\u00a0(Universidad Nacional de Quilmes) y\u00a0<a href=\"http:\/\/unaj.edu.ar\/\" target=\"_blank\" rel=\"noreferrer noopener\">unaj.edu.ar<\/a>\u00a0(Universidad Nacional Arturo Jauretche).<\/p>\n","protected":false},"excerpt":{"rendered":"<p>El Centro Universitario de Berazategui (CUB) abri\u00f3 sus puertas para el ciclo lectivo 2024. Los y las estudiantes van a cursar las primeras materias de las distintas carreras que brindan la Universidad Nacional de Quilmes (UNQ) y la Universidad Nacional Arturo Jauretche (UNAJ).Este establecimiento educativo -situado en Diagonal Obispo Jorge Novak y 145- comenz\u00f3 a&#8230;<\/p>\n","protected":false},"author":2,"featured_media":20642,"comment_status":"open","ping_status":"open","sticky":false,"template":"","format":"standard","meta":{"footnotes":""},"categories":[3],"tags":[],"class_list":["post-20640","post","type-post","status-publish","format-standard","has-post-thumbnail","hentry","category-berazategui"],"featured_image_src":"https:\/\/diarioprincipios.com\/wp-content\/uploads\/2024\/02\/COMENZARON-LAS-CLASES-EN-EL-CENTRO-UNIVERSITARIO-BERAZATEGUI-1024x683.jpg","blog_images":{"medium":"https:\/\/diarioprincipios.com\/wp-content\/uploads\/2024\/02\/COMENZARON-LAS-CLASES-EN-EL-CENTRO-UNIVERSITARIO-BERAZATEGUI-300x200.jpg","large":"https:\/\/diarioprincipios.com\/wp-content\/uploads\/2024\/02\/COMENZARON-LAS-CLASES-EN-EL-CENTRO-UNIVERSITARIO-BERAZATEGUI-1024x683.jpg"},"ams_acf":[],"yoast_head":"<!-- This site is optimized with the Yoast SEO plugin v27.3 - https:\/\/yoast.com\/product\/yoast-seo-wordpress\/ -->\n<title>Comenzaron las Clases en el Centro Universitario Berazategui - Principios<\/title>\n<meta name=\"robots\" content=\"index, follow, max-snippet:-1, max-image-preview:large, max-video-preview:-1\" \/>\n<link rel=\"canonical\" href=\"https:\/\/diarioprincipios.com\/index.php\/2024\/02\/07\/comenzaron-las-clases-en-el-centro-universitario-berazategui\/\" \/>\n<meta property=\"og:locale\" content=\"es_ES\" \/>\n<meta property=\"og:type\" content=\"article\" \/>\n<meta property=\"og:title\" content=\"Comenzaron las Clases en el Centro Universitario Berazategui - Principios\" \/>\n<meta property=\"og:description\" content=\"El Centro Universitario de Berazategui (CUB) abri\u00f3 sus puertas para el ciclo lectivo 2024. Los y las estudiantes van a cursar las primeras materias de las distintas carreras que brindan la Universidad Nacional de Quilmes (UNQ) y la Universidad Nacional Arturo Jauretche (UNAJ).Este establecimiento educativo -situado en Diagonal Obispo Jorge Novak y 145- comenz\u00f3 a...\" \/>\n<meta property=\"og:url\" content=\"https:\/\/diarioprincipios.com\/index.php\/2024\/02\/07\/comenzaron-las-clases-en-el-centro-universitario-berazategui\/\" \/>\n<meta property=\"og:site_name\" content=\"Principios\" \/>\n<meta property=\"article:published_time\" content=\"2024-02-07T11:41:56+00:00\" \/>\n<meta property=\"article:modified_time\" content=\"2024-02-07T11:41:58+00:00\" \/>\n<meta property=\"og:image\" content=\"https:\/\/diarioprincipios.com\/wp-content\/uploads\/2024\/02\/COMENZARON-LAS-CLASES-EN-EL-CENTRO-UNIVERSITARIO-BERAZATEGUI.jpg\" \/>\n\t<meta property=\"og:image:width\" content=\"1920\" \/>\n\t<meta property=\"og:image:height\" content=\"1280\" \/>\n\t<meta property=\"og:image:type\" content=\"image\/jpeg\" \/>\n<meta name=\"author\" content=\"Hern\u00e1n L\u00f3pez\" \/>\n<meta name=\"twitter:card\" content=\"summary_large_image\" \/>\n<meta name=\"twitter:label1\" content=\"Escrito por\" \/>\n\t<meta name=\"twitter:data1\" content=\"Hern\u00e1n L\u00f3pez\" \/>\n\t<meta name=\"twitter:label2\" content=\"Tiempo de lectura\" \/>\n\t<meta name=\"twitter:data2\" content=\"2 minutos\" \/>\n<script type=\"application\/ld+json\" class=\"yoast-schema-graph\">{\"@context\":\"https:\\\/\\\/schema.org\",\"@graph\":[{\"@type\":\"Article\",\"@id\":\"https:\\\/\\\/diarioprincipios.com\\\/index.php\\\/2024\\\/02\\\/07\\\/comenzaron-las-clases-en-el-centro-universitario-berazategui\\\/#article\",\"isPartOf\":{\"@id\":\"https:\\\/\\\/diarioprincipios.com\\\/index.php\\\/2024\\\/02\\\/07\\\/comenzaron-las-clases-en-el-centro-universitario-berazategui\\\/\"},\"author\":{\"name\":\"Hern\u00e1n L\u00f3pez\",\"@id\":\"https:\\\/\\\/diarioprincipios.com\\\/#\\\/schema\\\/person\\\/436d5a1fd41a5e250e23ff5a6a7cb080\"},\"headline\":\"Comenzaron las Clases en el Centro Universitario Berazategui\",\"datePublished\":\"2024-02-07T11:41:56+00:00\",\"dateModified\":\"2024-02-07T11:41:58+00:00\",\"mainEntityOfPage\":{\"@id\":\"https:\\\/\\\/diarioprincipios.com\\\/index.php\\\/2024\\\/02\\\/07\\\/comenzaron-las-clases-en-el-centro-universitario-berazategui\\\/\"},\"wordCount\":310,\"commentCount\":0,\"publisher\":{\"@id\":\"https:\\\/\\\/diarioprincipios.com\\\/#organization\"},\"image\":{\"@id\":\"https:\\\/\\\/diarioprincipios.com\\\/index.php\\\/2024\\\/02\\\/07\\\/comenzaron-las-clases-en-el-centro-universitario-berazategui\\\/#primaryimage\"},\"thumbnailUrl\":\"https:\\\/\\\/diarioprincipios.com\\\/wp-content\\\/uploads\\\/2024\\\/02\\\/COMENZARON-LAS-CLASES-EN-EL-CENTRO-UNIVERSITARIO-BERAZATEGUI.jpg\",\"articleSection\":[\"Berazategui\"],\"inLanguage\":\"es\",\"potentialAction\":[{\"@type\":\"CommentAction\",\"name\":\"Comment\",\"target\":[\"https:\\\/\\\/diarioprincipios.com\\\/index.php\\\/2024\\\/02\\\/07\\\/comenzaron-las-clases-en-el-centro-universitario-berazategui\\\/#respond\"]}]},{\"@type\":\"WebPage\",\"@id\":\"https:\\\/\\\/diarioprincipios.com\\\/index.php\\\/2024\\\/02\\\/07\\\/comenzaron-las-clases-en-el-centro-universitario-berazategui\\\/\",\"url\":\"https:\\\/\\\/diarioprincipios.com\\\/index.php\\\/2024\\\/02\\\/07\\\/comenzaron-las-clases-en-el-centro-universitario-berazategui\\\/\",\"name\":\"Comenzaron las Clases en el Centro Universitario Berazategui - Principios\",\"isPartOf\":{\"@id\":\"https:\\\/\\\/diarioprincipios.com\\\/#website\"},\"primaryImageOfPage\":{\"@id\":\"https:\\\/\\\/diarioprincipios.com\\\/index.php\\\/2024\\\/02\\\/07\\\/comenzaron-las-clases-en-el-centro-universitario-berazategui\\\/#primaryimage\"},\"image\":{\"@id\":\"https:\\\/\\\/diarioprincipios.com\\\/index.php\\\/2024\\\/02\\\/07\\\/comenzaron-las-clases-en-el-centro-universitario-berazategui\\\/#primaryimage\"},\"thumbnailUrl\":\"https:\\\/\\\/diarioprincipios.com\\\/wp-content\\\/uploads\\\/2024\\\/02\\\/COMENZARON-LAS-CLASES-EN-EL-CENTRO-UNIVERSITARIO-BERAZATEGUI.jpg\",\"datePublished\":\"2024-02-07T11:41:56+00:00\",\"dateModified\":\"2024-02-07T11:41:58+00:00\",\"breadcrumb\":{\"@id\":\"https:\\\/\\\/diarioprincipios.com\\\/index.php\\\/2024\\\/02\\\/07\\\/comenzaron-las-clases-en-el-centro-universitario-berazategui\\\/#breadcrumb\"},\"inLanguage\":\"es\",\"potentialAction\":[{\"@type\":\"ReadAction\",\"target\":[\"https:\\\/\\\/diarioprincipios.com\\\/index.php\\\/2024\\\/02\\\/07\\\/comenzaron-las-clases-en-el-centro-universitario-berazategui\\\/\"]}]},{\"@type\":\"ImageObject\",\"inLanguage\":\"es\",\"@id\":\"https:\\\/\\\/diarioprincipios.com\\\/index.php\\\/2024\\\/02\\\/07\\\/comenzaron-las-clases-en-el-centro-universitario-berazategui\\\/#primaryimage\",\"url\":\"https:\\\/\\\/diarioprincipios.com\\\/wp-content\\\/uploads\\\/2024\\\/02\\\/COMENZARON-LAS-CLASES-EN-EL-CENTRO-UNIVERSITARIO-BERAZATEGUI.jpg\",\"contentUrl\":\"https:\\\/\\\/diarioprincipios.com\\\/wp-content\\\/uploads\\\/2024\\\/02\\\/COMENZARON-LAS-CLASES-EN-EL-CENTRO-UNIVERSITARIO-BERAZATEGUI.jpg\",\"width\":1920,\"height\":1280},{\"@type\":\"BreadcrumbList\",\"@id\":\"https:\\\/\\\/diarioprincipios.com\\\/index.php\\\/2024\\\/02\\\/07\\\/comenzaron-las-clases-en-el-centro-universitario-berazategui\\\/#breadcrumb\",\"itemListElement\":[{\"@type\":\"ListItem\",\"position\":1,\"name\":\"Portada\",\"item\":\"https:\\\/\\\/diarioprincipios.com\\\/\"},{\"@type\":\"ListItem\",\"position\":2,\"name\":\"Comenzaron las Clases en el Centro Universitario Berazategui\"}]},{\"@type\":\"WebSite\",\"@id\":\"https:\\\/\\\/diarioprincipios.com\\\/#website\",\"url\":\"https:\\\/\\\/diarioprincipios.com\\\/\",\"name\":\"Principios\",\"description\":\"Principios Diario\",\"publisher\":{\"@id\":\"https:\\\/\\\/diarioprincipios.com\\\/#organization\"},\"potentialAction\":[{\"@type\":\"SearchAction\",\"target\":{\"@type\":\"EntryPoint\",\"urlTemplate\":\"https:\\\/\\\/diarioprincipios.com\\\/?s={search_term_string}\"},\"query-input\":{\"@type\":\"PropertyValueSpecification\",\"valueRequired\":true,\"valueName\":\"search_term_string\"}}],\"inLanguage\":\"es\"},{\"@type\":\"Organization\",\"@id\":\"https:\\\/\\\/diarioprincipios.com\\\/#organization\",\"name\":\"Principios\",\"url\":\"https:\\\/\\\/diarioprincipios.com\\\/\",\"logo\":{\"@type\":\"ImageObject\",\"inLanguage\":\"es\",\"@id\":\"https:\\\/\\\/diarioprincipios.com\\\/#\\\/schema\\\/logo\\\/image\\\/\",\"url\":\"https:\\\/\\\/diarioprincipios.com\\\/wp-content\\\/uploads\\\/2024\\\/04\\\/cropped-www.diarioprincipios.com_-1.png\",\"contentUrl\":\"https:\\\/\\\/diarioprincipios.com\\\/wp-content\\\/uploads\\\/2024\\\/04\\\/cropped-www.diarioprincipios.com_-1.png\",\"width\":5325,\"height\":1454,\"caption\":\"Principios\"},\"image\":{\"@id\":\"https:\\\/\\\/diarioprincipios.com\\\/#\\\/schema\\\/logo\\\/image\\\/\"}},{\"@type\":\"Person\",\"@id\":\"https:\\\/\\\/diarioprincipios.com\\\/#\\\/schema\\\/person\\\/436d5a1fd41a5e250e23ff5a6a7cb080\",\"name\":\"Hern\u00e1n L\u00f3pez\",\"image\":{\"@type\":\"ImageObject\",\"inLanguage\":\"es\",\"@id\":\"https:\\\/\\\/diarioprincipios.com\\\/wp-content\\\/litespeed\\\/avatar\\\/11ddfe5610ff3bd100522525b2571f48.jpg?ver=1777048341\",\"url\":\"https:\\\/\\\/diarioprincipios.com\\\/wp-content\\\/litespeed\\\/avatar\\\/11ddfe5610ff3bd100522525b2571f48.jpg?ver=1777048341\",\"contentUrl\":\"https:\\\/\\\/diarioprincipios.com\\\/wp-content\\\/litespeed\\\/avatar\\\/11ddfe5610ff3bd100522525b2571f48.jpg?ver=1777048341\",\"caption\":\"Hern\u00e1n L\u00f3pez\"},\"url\":\"https:\\\/\\\/diarioprincipios.com\\\/index.php\\\/author\\\/hernan\\\/\"}]}<\/script>\n<!-- \/ Yoast SEO plugin. -->","yoast_head_json":{"title":"Comenzaron las Clases en el Centro Universitario Berazategui - Principios","robots":{"index":"index","follow":"follow","max-snippet":"max-snippet:-1","max-image-preview":"max-image-preview:large","max-video-preview":"max-video-preview:-1"},"canonical":"https:\/\/diarioprincipios.com\/index.php\/2024\/02\/07\/comenzaron-las-clases-en-el-centro-universitario-berazategui\/","og_locale":"es_ES","og_type":"article","og_title":"Comenzaron las Clases en el Centro Universitario Berazategui - Principios","og_description":"El Centro Universitario de Berazategui (CUB) abri\u00f3 sus puertas para el ciclo lectivo 2024. Los y las estudiantes van a cursar las primeras materias de las distintas carreras que brindan la Universidad Nacional de Quilmes (UNQ) y la Universidad Nacional Arturo Jauretche (UNAJ).Este establecimiento educativo -situado en Diagonal Obispo Jorge Novak y 145- comenz\u00f3 a...","og_url":"https:\/\/diarioprincipios.com\/index.php\/2024\/02\/07\/comenzaron-las-clases-en-el-centro-universitario-berazategui\/","og_site_name":"Principios","article_published_time":"2024-02-07T11:41:56+00:00","article_modified_time":"2024-02-07T11:41:58+00:00","og_image":[{"width":1920,"height":1280,"url":"https:\/\/diarioprincipios.com\/wp-content\/uploads\/2024\/02\/COMENZARON-LAS-CLASES-EN-EL-CENTRO-UNIVERSITARIO-BERAZATEGUI.jpg","type":"image\/jpeg"}],"author":"Hern\u00e1n L\u00f3pez","twitter_card":"summary_large_image","twitter_misc":{"Escrito por":"Hern\u00e1n L\u00f3pez","Tiempo de lectura":"2 minutos"},"schema":{"@context":"https:\/\/schema.org","@graph":[{"@type":"Article","@id":"https:\/\/diarioprincipios.com\/index.php\/2024\/02\/07\/comenzaron-las-clases-en-el-centro-universitario-berazategui\/#article","isPartOf":{"@id":"https:\/\/diarioprincipios.com\/index.php\/2024\/02\/07\/comenzaron-las-clases-en-el-centro-universitario-berazategui\/"},"author":{"name":"Hern\u00e1n L\u00f3pez","@id":"https:\/\/diarioprincipios.com\/#\/schema\/person\/436d5a1fd41a5e250e23ff5a6a7cb080"},"headline":"Comenzaron las Clases en el Centro Universitario Berazategui","datePublished":"2024-02-07T11:41:56+00:00","dateModified":"2024-02-07T11:41:58+00:00","mainEntityOfPage":{"@id":"https:\/\/diarioprincipios.com\/index.php\/2024\/02\/07\/comenzaron-las-clases-en-el-centro-universitario-berazategui\/"},"wordCount":310,"commentCount":0,"publisher":{"@id":"https:\/\/diarioprincipios.com\/#organization"},"image":{"@id":"https:\/\/diarioprincipios.com\/index.php\/2024\/02\/07\/comenzaron-las-clases-en-el-centro-universitario-berazategui\/#primaryimage"},"thumbnailUrl":"https:\/\/diarioprincipios.com\/wp-content\/uploads\/2024\/02\/COMENZARON-LAS-CLASES-EN-EL-CENTRO-UNIVERSITARIO-BERAZATEGUI.jpg","articleSection":["Berazategui"],"inLanguage":"es","potentialAction":[{"@type":"CommentAction","name":"Comment","target":["https:\/\/diarioprincipios.com\/index.php\/2024\/02\/07\/comenzaron-las-clases-en-el-centro-universitario-berazategui\/#respond"]}]},{"@type":"WebPage","@id":"https:\/\/diarioprincipios.com\/index.php\/2024\/02\/07\/comenzaron-las-clases-en-el-centro-universitario-berazategui\/","url":"https:\/\/diarioprincipios.com\/index.php\/2024\/02\/07\/comenzaron-las-clases-en-el-centro-universitario-berazategui\/","name":"Comenzaron las Clases en el Centro Universitario Berazategui - Principios","isPartOf":{"@id":"https:\/\/diarioprincipios.com\/#website"},"primaryImageOfPage":{"@id":"https:\/\/diarioprincipios.com\/index.php\/2024\/02\/07\/comenzaron-las-clases-en-el-centro-universitario-berazategui\/#primaryimage"},"image":{"@id":"https:\/\/diarioprincipios.com\/index.php\/2024\/02\/07\/comenzaron-las-clases-en-el-centro-universitario-berazategui\/#primaryimage"},"thumbnailUrl":"https:\/\/diarioprincipios.com\/wp-content\/uploads\/2024\/02\/COMENZARON-LAS-CLASES-EN-EL-CENTRO-UNIVERSITARIO-BERAZATEGUI.jpg","datePublished":"2024-02-07T11:41:56+00:00","dateModified":"2024-02-07T11:41:58+00:00","breadcrumb":{"@id":"https:\/\/diarioprincipios.com\/index.php\/2024\/02\/07\/comenzaron-las-clases-en-el-centro-universitario-berazategui\/#breadcrumb"},"inLanguage":"es","potentialAction":[{"@type":"ReadAction","target":["https:\/\/diarioprincipios.com\/index.php\/2024\/02\/07\/comenzaron-las-clases-en-el-centro-universitario-berazategui\/"]}]},{"@type":"ImageObject","inLanguage":"es","@id":"https:\/\/diarioprincipios.com\/index.php\/2024\/02\/07\/comenzaron-las-clases-en-el-centro-universitario-berazategui\/#primaryimage","url":"https:\/\/diarioprincipios.com\/wp-content\/uploads\/2024\/02\/COMENZARON-LAS-CLASES-EN-EL-CENTRO-UNIVERSITARIO-BERAZATEGUI.jpg","contentUrl":"https:\/\/diarioprincipios.com\/wp-content\/uploads\/2024\/02\/COMENZARON-LAS-CLASES-EN-EL-CENTRO-UNIVERSITARIO-BERAZATEGUI.jpg","width":1920,"height":1280},{"@type":"BreadcrumbList","@id":"https:\/\/diarioprincipios.com\/index.php\/2024\/02\/07\/comenzaron-las-clases-en-el-centro-universitario-berazategui\/#breadcrumb","itemListElement":[{"@type":"ListItem","position":1,"name":"Portada","item":"https:\/\/diarioprincipios.com\/"},{"@type":"ListItem","position":2,"name":"Comenzaron las Clases en el Centro Universitario Berazategui"}]},{"@type":"WebSite","@id":"https:\/\/diarioprincipios.com\/#website","url":"https:\/\/diarioprincipios.com\/","name":"Principios","description":"Principios Diario","publisher":{"@id":"https:\/\/diarioprincipios.com\/#organization"},"potentialAction":[{"@type":"SearchAction","target":{"@type":"EntryPoint","urlTemplate":"https:\/\/diarioprincipios.com\/?s={search_term_string}"},"query-input":{"@type":"PropertyValueSpecification","valueRequired":true,"valueName":"search_term_string"}}],"inLanguage":"es"},{"@type":"Organization","@id":"https:\/\/diarioprincipios.com\/#organization","name":"Principios","url":"https:\/\/diarioprincipios.com\/","logo":{"@type":"ImageObject","inLanguage":"es","@id":"https:\/\/diarioprincipios.com\/#\/schema\/logo\/image\/","url":"https:\/\/diarioprincipios.com\/wp-content\/uploads\/2024\/04\/cropped-www.diarioprincipios.com_-1.png","contentUrl":"https:\/\/diarioprincipios.com\/wp-content\/uploads\/2024\/04\/cropped-www.diarioprincipios.com_-1.png","width":5325,"height":1454,"caption":"Principios"},"image":{"@id":"https:\/\/diarioprincipios.com\/#\/schema\/logo\/image\/"}},{"@type":"Person","@id":"https:\/\/diarioprincipios.com\/#\/schema\/person\/436d5a1fd41a5e250e23ff5a6a7cb080","name":"Hern\u00e1n L\u00f3pez","image":{"@type":"ImageObject","inLanguage":"es","@id":"https:\/\/diarioprincipios.com\/wp-content\/litespeed\/avatar\/11ddfe5610ff3bd100522525b2571f48.jpg?ver=1777048341","url":"https:\/\/diarioprincipios.com\/wp-content\/litespeed\/avatar\/11ddfe5610ff3bd100522525b2571f48.jpg?ver=1777048341","contentUrl":"https:\/\/diarioprincipios.com\/wp-content\/litespeed\/avatar\/11ddfe5610ff3bd100522525b2571f48.jpg?ver=1777048341","caption":"Hern\u00e1n L\u00f3pez"},"url":"https:\/\/diarioprincipios.com\/index.php\/author\/hernan\/"}]}},"jetpack_featured_media_url":"https:\/\/diarioprincipios.com\/wp-content\/uploads\/2024\/02\/COMENZARON-LAS-CLASES-EN-EL-CENTRO-UNIVERSITARIO-BERAZATEGUI.jpg","_links":{"self":[{"href":"https:\/\/diarioprincipios.com\/index.php\/wp-json\/wp\/v2\/posts\/20640","targetHints":{"allow":["GET"]}}],"collection":[{"href":"https:\/\/diarioprincipios.com\/index.php\/wp-json\/wp\/v2\/posts"}],"about":[{"href":"https:\/\/diarioprincipios.com\/index.php\/wp-json\/wp\/v2\/types\/post"}],"author":[{"embeddable":true,"href":"https:\/\/diarioprincipios.com\/index.php\/wp-json\/wp\/v2\/users\/2"}],"replies":[{"embeddable":true,"href":"https:\/\/diarioprincipios.com\/index.php\/wp-json\/wp\/v2\/comments?post=20640"}],"version-history":[{"count":1,"href":"https:\/\/diarioprincipios.com\/index.php\/wp-json\/wp\/v2\/posts\/20640\/revisions"}],"predecessor-version":[{"id":20643,"href":"https:\/\/diarioprincipios.com\/index.php\/wp-json\/wp\/v2\/posts\/20640\/revisions\/20643"}],"wp:featuredmedia":[{"embeddable":true,"href":"https:\/\/diarioprincipios.com\/index.php\/wp-json\/wp\/v2\/media\/20642"}],"wp:attachment":[{"href":"https:\/\/diarioprincipios.com\/index.php\/wp-json\/wp\/v2\/media?parent=20640"}],"wp:term":[{"taxonomy":"category","embeddable":true,"href":"https:\/\/diarioprincipios.com\/index.php\/wp-json\/wp\/v2\/categories?post=20640"},{"taxonomy":"post_tag","embeddable":true,"href":"https:\/\/diarioprincipios.com\/index.php\/wp-json\/wp\/v2\/tags?post=20640"}],"curies":[{"name":"wp","href":"https:\/\/api.w.org\/{rel}","templated":true}]}}