{"id":20618,"date":"2024-02-06T14:11:23","date_gmt":"2024-02-06T17:11:23","guid":{"rendered":"http:\/\/diarioprincipios.com\/?p=20618"},"modified":"2024-02-06T14:11:26","modified_gmt":"2024-02-06T17:11:26","slug":"inferiores-de-pueblo-nuevo-representaran-a-berazategui-en-torneo-nacional-de-voley-de-mar-del-plata","status":"publish","type":"post","link":"https:\/\/diarioprincipios.com\/index.php\/2024\/02\/06\/inferiores-de-pueblo-nuevo-representaran-a-berazategui-en-torneo-nacional-de-voley-de-mar-del-plata\/","title":{"rendered":"Inferiores de Pueblo Nuevo representar\u00e1n a Berazategui en Torneo Nacional de Voley de Mar del Plata"},"content":{"rendered":"\n<p>Las inferiores de voley de Pueblo Nuevo representar\u00e1n a Berazategui en el importante Torneo Nacional a desarrollarse en la ciudad de Mar del Plata.<\/p>\n\n\n\n<figure class=\"wp-block-image size-full\"><img loading=\"lazy\" decoding=\"async\" width=\"960\" height=\"720\" src=\"https:\/\/diarioprincipios.com\/wp-content\/uploads\/2024\/02\/FB_IMG_1707239255191.jpg\" alt=\"\" class=\"wp-image-20619\" srcset=\"https:\/\/diarioprincipios.com\/wp-content\/uploads\/2024\/02\/FB_IMG_1707239255191.jpg 960w, https:\/\/diarioprincipios.com\/wp-content\/uploads\/2024\/02\/FB_IMG_1707239255191-300x225.jpg 300w, https:\/\/diarioprincipios.com\/wp-content\/uploads\/2024\/02\/FB_IMG_1707239255191-768x576.jpg 768w\" sizes=\"auto, (max-width: 960px) 100vw, 960px\" \/><\/figure>\n\n\n\n<p><br>\u00abEn una hermosa jornada estuvimos colaborando con las inferiores de voley de Pueblo Nuevo; que pertenecen a nuestra Asociaci\u00f3n de Voley Capital Nacional del Vidrio y que viajar\u00e1n a Mar del Plata para el Torneo Nacional\u00bb, destac\u00f3 Celia Cabrera.<\/p>\n\n\n\n<figure class=\"wp-block-image size-full\"><img loading=\"lazy\" decoding=\"async\" width=\"960\" height=\"720\" src=\"https:\/\/diarioprincipios.com\/wp-content\/uploads\/2024\/02\/FB_IMG_1707239243174.jpg\" alt=\"\" class=\"wp-image-20620\" srcset=\"https:\/\/diarioprincipios.com\/wp-content\/uploads\/2024\/02\/FB_IMG_1707239243174.jpg 960w, https:\/\/diarioprincipios.com\/wp-content\/uploads\/2024\/02\/FB_IMG_1707239243174-300x225.jpg 300w, https:\/\/diarioprincipios.com\/wp-content\/uploads\/2024\/02\/FB_IMG_1707239243174-768x576.jpg 768w\" sizes=\"auto, (max-width: 960px) 100vw, 960px\" \/><\/figure>\n\n\n\n<p><br>La presidenta de la Asociaci\u00f3n destac\u00f3 que \u00abhemos brindado todo nuestro apoyo y estamos orgullosos de los chicos y chicas de Pueblo Nuevo que representar\u00e1n muy bien a Berazategui en esta prestigiosa competencia\u00bb.<\/p>\n\n\n\n<figure class=\"wp-block-image size-full\"><img loading=\"lazy\" decoding=\"async\" width=\"960\" height=\"720\" src=\"https:\/\/diarioprincipios.com\/wp-content\/uploads\/2024\/02\/FB_IMG_1707239232911.jpg\" alt=\"\" class=\"wp-image-20621\" srcset=\"https:\/\/diarioprincipios.com\/wp-content\/uploads\/2024\/02\/FB_IMG_1707239232911.jpg 960w, https:\/\/diarioprincipios.com\/wp-content\/uploads\/2024\/02\/FB_IMG_1707239232911-300x225.jpg 300w, https:\/\/diarioprincipios.com\/wp-content\/uploads\/2024\/02\/FB_IMG_1707239232911-768x576.jpg 768w\" sizes=\"auto, (max-width: 960px) 100vw, 960px\" \/><\/figure>\n\n\n\n<p>Finalmente dijo que \u00bb el Voley es familia, el deporte nos une, agradecemos a Gaby, Bety y \u00abChino\u00bb por la invitaci\u00f3n; vamos con todo a Mar del Plata representando a Bera\u00bb, destacando por \u00faltimo que \u00abChino [ el entrenador] ha hecho un trabajo formidable, todo el a\u00f1o pasado se ha destacado y recibi\u00f3 varios premios de la Asociaci\u00f3n, es un orgullo para nosotros\u00bb.<\/p>\n\n\n\n<figure class=\"wp-block-image size-full\"><img loading=\"lazy\" decoding=\"async\" width=\"960\" height=\"720\" src=\"https:\/\/diarioprincipios.com\/wp-content\/uploads\/2024\/02\/FB_IMG_1707239240481.jpg\" alt=\"\" class=\"wp-image-20622\" srcset=\"https:\/\/diarioprincipios.com\/wp-content\/uploads\/2024\/02\/FB_IMG_1707239240481.jpg 960w, https:\/\/diarioprincipios.com\/wp-content\/uploads\/2024\/02\/FB_IMG_1707239240481-300x225.jpg 300w, https:\/\/diarioprincipios.com\/wp-content\/uploads\/2024\/02\/FB_IMG_1707239240481-768x576.jpg 768w\" sizes=\"auto, (max-width: 960px) 100vw, 960px\" \/><\/figure>\n","protected":false},"excerpt":{"rendered":"<p>Las inferiores de voley de Pueblo Nuevo representar\u00e1n a Berazategui en el importante Torneo Nacional a desarrollarse en la ciudad de Mar del Plata. \u00abEn una hermosa jornada estuvimos colaborando con las inferiores de voley de Pueblo Nuevo; que pertenecen a nuestra Asociaci\u00f3n de Voley Capital Nacional del Vidrio y que viajar\u00e1n a Mar del&#8230;<\/p>\n","protected":false},"author":2,"featured_media":20623,"comment_status":"open","ping_status":"open","sticky":false,"template":"","format":"standard","meta":{"footnotes":""},"categories":[6],"tags":[],"class_list":["post-20618","post","type-post","status-publish","format-standard","has-post-thumbnail","hentry","category-deportes"],"featured_image_src":"https:\/\/diarioprincipios.com\/wp-content\/uploads\/2024\/02\/FB_IMG_1707239232911-1.jpg","blog_images":{"medium":"https:\/\/diarioprincipios.com\/wp-content\/uploads\/2024\/02\/FB_IMG_1707239232911-1-300x225.jpg","large":"https:\/\/diarioprincipios.com\/wp-content\/uploads\/2024\/02\/FB_IMG_1707239232911-1.jpg"},"ams_acf":[],"yoast_head":"<!-- This site is optimized with the Yoast SEO plugin v27.3 - https:\/\/yoast.com\/product\/yoast-seo-wordpress\/ -->\n<title>Inferiores de Pueblo Nuevo representar\u00e1n a Berazategui en Torneo Nacional de Voley de Mar del Plata - Principios<\/title>\n<meta name=\"robots\" content=\"index, follow, max-snippet:-1, max-image-preview:large, max-video-preview:-1\" \/>\n<link rel=\"canonical\" href=\"https:\/\/diarioprincipios.com\/index.php\/2024\/02\/06\/inferiores-de-pueblo-nuevo-representaran-a-berazategui-en-torneo-nacional-de-voley-de-mar-del-plata\/\" \/>\n<meta property=\"og:locale\" content=\"es_ES\" \/>\n<meta property=\"og:type\" content=\"article\" \/>\n<meta property=\"og:title\" content=\"Inferiores de Pueblo Nuevo representar\u00e1n a Berazategui en Torneo Nacional de Voley de Mar del Plata - Principios\" \/>\n<meta property=\"og:description\" content=\"Las inferiores de voley de Pueblo Nuevo representar\u00e1n a Berazategui en el importante Torneo Nacional a desarrollarse en la ciudad de Mar del Plata. \u00abEn una hermosa jornada estuvimos colaborando con las inferiores de voley de Pueblo Nuevo; que pertenecen a nuestra Asociaci\u00f3n de Voley Capital Nacional del Vidrio y que viajar\u00e1n a Mar del...\" \/>\n<meta property=\"og:url\" content=\"https:\/\/diarioprincipios.com\/index.php\/2024\/02\/06\/inferiores-de-pueblo-nuevo-representaran-a-berazategui-en-torneo-nacional-de-voley-de-mar-del-plata\/\" \/>\n<meta property=\"og:site_name\" content=\"Principios\" \/>\n<meta property=\"article:published_time\" content=\"2024-02-06T17:11:23+00:00\" \/>\n<meta property=\"article:modified_time\" content=\"2024-02-06T17:11:26+00:00\" \/>\n<meta property=\"og:image\" content=\"https:\/\/diarioprincipios.com\/wp-content\/uploads\/2024\/02\/FB_IMG_1707239232911-1.jpg\" \/>\n\t<meta property=\"og:image:width\" content=\"960\" \/>\n\t<meta property=\"og:image:height\" content=\"720\" \/>\n\t<meta property=\"og:image:type\" content=\"image\/jpeg\" \/>\n<meta name=\"author\" content=\"Hern\u00e1n L\u00f3pez\" \/>\n<meta name=\"twitter:card\" content=\"summary_large_image\" \/>\n<meta name=\"twitter:label1\" content=\"Escrito por\" \/>\n\t<meta name=\"twitter:data1\" content=\"Hern\u00e1n L\u00f3pez\" \/>\n\t<meta name=\"twitter:label2\" content=\"Tiempo de lectura\" \/>\n\t<meta name=\"twitter:data2\" content=\"2 minutos\" \/>\n<script type=\"application\/ld+json\" class=\"yoast-schema-graph\">{\"@context\":\"https:\\\/\\\/schema.org\",\"@graph\":[{\"@type\":\"Article\",\"@id\":\"https:\\\/\\\/diarioprincipios.com\\\/index.php\\\/2024\\\/02\\\/06\\\/inferiores-de-pueblo-nuevo-representaran-a-berazategui-en-torneo-nacional-de-voley-de-mar-del-plata\\\/#article\",\"isPartOf\":{\"@id\":\"https:\\\/\\\/diarioprincipios.com\\\/index.php\\\/2024\\\/02\\\/06\\\/inferiores-de-pueblo-nuevo-representaran-a-berazategui-en-torneo-nacional-de-voley-de-mar-del-plata\\\/\"},\"author\":{\"name\":\"Hern\u00e1n L\u00f3pez\",\"@id\":\"https:\\\/\\\/diarioprincipios.com\\\/#\\\/schema\\\/person\\\/436d5a1fd41a5e250e23ff5a6a7cb080\"},\"headline\":\"Inferiores de Pueblo Nuevo representar\u00e1n a Berazategui en Torneo Nacional de Voley de Mar del Plata\",\"datePublished\":\"2024-02-06T17:11:23+00:00\",\"dateModified\":\"2024-02-06T17:11:26+00:00\",\"mainEntityOfPage\":{\"@id\":\"https:\\\/\\\/diarioprincipios.com\\\/index.php\\\/2024\\\/02\\\/06\\\/inferiores-de-pueblo-nuevo-representaran-a-berazategui-en-torneo-nacional-de-voley-de-mar-del-plata\\\/\"},\"wordCount\":182,\"commentCount\":0,\"publisher\":{\"@id\":\"https:\\\/\\\/diarioprincipios.com\\\/#organization\"},\"image\":{\"@id\":\"https:\\\/\\\/diarioprincipios.com\\\/index.php\\\/2024\\\/02\\\/06\\\/inferiores-de-pueblo-nuevo-representaran-a-berazategui-en-torneo-nacional-de-voley-de-mar-del-plata\\\/#primaryimage\"},\"thumbnailUrl\":\"https:\\\/\\\/diarioprincipios.com\\\/wp-content\\\/uploads\\\/2024\\\/02\\\/FB_IMG_1707239232911-1.jpg\",\"articleSection\":[\"Deportes\"],\"inLanguage\":\"es\",\"potentialAction\":[{\"@type\":\"CommentAction\",\"name\":\"Comment\",\"target\":[\"https:\\\/\\\/diarioprincipios.com\\\/index.php\\\/2024\\\/02\\\/06\\\/inferiores-de-pueblo-nuevo-representaran-a-berazategui-en-torneo-nacional-de-voley-de-mar-del-plata\\\/#respond\"]}]},{\"@type\":\"WebPage\",\"@id\":\"https:\\\/\\\/diarioprincipios.com\\\/index.php\\\/2024\\\/02\\\/06\\\/inferiores-de-pueblo-nuevo-representaran-a-berazategui-en-torneo-nacional-de-voley-de-mar-del-plata\\\/\",\"url\":\"https:\\\/\\\/diarioprincipios.com\\\/index.php\\\/2024\\\/02\\\/06\\\/inferiores-de-pueblo-nuevo-representaran-a-berazategui-en-torneo-nacional-de-voley-de-mar-del-plata\\\/\",\"name\":\"Inferiores de Pueblo Nuevo representar\u00e1n a Berazategui en Torneo Nacional de Voley de Mar del Plata - Principios\",\"isPartOf\":{\"@id\":\"https:\\\/\\\/diarioprincipios.com\\\/#website\"},\"primaryImageOfPage\":{\"@id\":\"https:\\\/\\\/diarioprincipios.com\\\/index.php\\\/2024\\\/02\\\/06\\\/inferiores-de-pueblo-nuevo-representaran-a-berazategui-en-torneo-nacional-de-voley-de-mar-del-plata\\\/#primaryimage\"},\"image\":{\"@id\":\"https:\\\/\\\/diarioprincipios.com\\\/index.php\\\/2024\\\/02\\\/06\\\/inferiores-de-pueblo-nuevo-representaran-a-berazategui-en-torneo-nacional-de-voley-de-mar-del-plata\\\/#primaryimage\"},\"thumbnailUrl\":\"https:\\\/\\\/diarioprincipios.com\\\/wp-content\\\/uploads\\\/2024\\\/02\\\/FB_IMG_1707239232911-1.jpg\",\"datePublished\":\"2024-02-06T17:11:23+00:00\",\"dateModified\":\"2024-02-06T17:11:26+00:00\",\"breadcrumb\":{\"@id\":\"https:\\\/\\\/diarioprincipios.com\\\/index.php\\\/2024\\\/02\\\/06\\\/inferiores-de-pueblo-nuevo-representaran-a-berazategui-en-torneo-nacional-de-voley-de-mar-del-plata\\\/#breadcrumb\"},\"inLanguage\":\"es\",\"potentialAction\":[{\"@type\":\"ReadAction\",\"target\":[\"https:\\\/\\\/diarioprincipios.com\\\/index.php\\\/2024\\\/02\\\/06\\\/inferiores-de-pueblo-nuevo-representaran-a-berazategui-en-torneo-nacional-de-voley-de-mar-del-plata\\\/\"]}]},{\"@type\":\"ImageObject\",\"inLanguage\":\"es\",\"@id\":\"https:\\\/\\\/diarioprincipios.com\\\/index.php\\\/2024\\\/02\\\/06\\\/inferiores-de-pueblo-nuevo-representaran-a-berazategui-en-torneo-nacional-de-voley-de-mar-del-plata\\\/#primaryimage\",\"url\":\"https:\\\/\\\/diarioprincipios.com\\\/wp-content\\\/uploads\\\/2024\\\/02\\\/FB_IMG_1707239232911-1.jpg\",\"contentUrl\":\"https:\\\/\\\/diarioprincipios.com\\\/wp-content\\\/uploads\\\/2024\\\/02\\\/FB_IMG_1707239232911-1.jpg\",\"width\":960,\"height\":720},{\"@type\":\"BreadcrumbList\",\"@id\":\"https:\\\/\\\/diarioprincipios.com\\\/index.php\\\/2024\\\/02\\\/06\\\/inferiores-de-pueblo-nuevo-representaran-a-berazategui-en-torneo-nacional-de-voley-de-mar-del-plata\\\/#breadcrumb\",\"itemListElement\":[{\"@type\":\"ListItem\",\"position\":1,\"name\":\"Portada\",\"item\":\"https:\\\/\\\/diarioprincipios.com\\\/\"},{\"@type\":\"ListItem\",\"position\":2,\"name\":\"Inferiores de Pueblo Nuevo representar\u00e1n a Berazategui en Torneo Nacional de Voley de Mar del Plata\"}]},{\"@type\":\"WebSite\",\"@id\":\"https:\\\/\\\/diarioprincipios.com\\\/#website\",\"url\":\"https:\\\/\\\/diarioprincipios.com\\\/\",\"name\":\"Principios\",\"description\":\"Principios Diario\",\"publisher\":{\"@id\":\"https:\\\/\\\/diarioprincipios.com\\\/#organization\"},\"potentialAction\":[{\"@type\":\"SearchAction\",\"target\":{\"@type\":\"EntryPoint\",\"urlTemplate\":\"https:\\\/\\\/diarioprincipios.com\\\/?s={search_term_string}\"},\"query-input\":{\"@type\":\"PropertyValueSpecification\",\"valueRequired\":true,\"valueName\":\"search_term_string\"}}],\"inLanguage\":\"es\"},{\"@type\":\"Organization\",\"@id\":\"https:\\\/\\\/diarioprincipios.com\\\/#organization\",\"name\":\"Principios\",\"url\":\"https:\\\/\\\/diarioprincipios.com\\\/\",\"logo\":{\"@type\":\"ImageObject\",\"inLanguage\":\"es\",\"@id\":\"https:\\\/\\\/diarioprincipios.com\\\/#\\\/schema\\\/logo\\\/image\\\/\",\"url\":\"https:\\\/\\\/diarioprincipios.com\\\/wp-content\\\/uploads\\\/2024\\\/04\\\/cropped-www.diarioprincipios.com_-1.png\",\"contentUrl\":\"https:\\\/\\\/diarioprincipios.com\\\/wp-content\\\/uploads\\\/2024\\\/04\\\/cropped-www.diarioprincipios.com_-1.png\",\"width\":5325,\"height\":1454,\"caption\":\"Principios\"},\"image\":{\"@id\":\"https:\\\/\\\/diarioprincipios.com\\\/#\\\/schema\\\/logo\\\/image\\\/\"}},{\"@type\":\"Person\",\"@id\":\"https:\\\/\\\/diarioprincipios.com\\\/#\\\/schema\\\/person\\\/436d5a1fd41a5e250e23ff5a6a7cb080\",\"name\":\"Hern\u00e1n L\u00f3pez\",\"image\":{\"@type\":\"ImageObject\",\"inLanguage\":\"es\",\"@id\":\"https:\\\/\\\/diarioprincipios.com\\\/wp-content\\\/litespeed\\\/avatar\\\/11ddfe5610ff3bd100522525b2571f48.jpg?ver=1777653193\",\"url\":\"https:\\\/\\\/diarioprincipios.com\\\/wp-content\\\/litespeed\\\/avatar\\\/11ddfe5610ff3bd100522525b2571f48.jpg?ver=1777653193\",\"contentUrl\":\"https:\\\/\\\/diarioprincipios.com\\\/wp-content\\\/litespeed\\\/avatar\\\/11ddfe5610ff3bd100522525b2571f48.jpg?ver=1777653193\",\"caption\":\"Hern\u00e1n L\u00f3pez\"},\"url\":\"https:\\\/\\\/diarioprincipios.com\\\/index.php\\\/author\\\/hernan\\\/\"}]}<\/script>\n<!-- \/ Yoast SEO plugin. -->","yoast_head_json":{"title":"Inferiores de Pueblo Nuevo representar\u00e1n a Berazategui en Torneo Nacional de Voley de Mar del Plata - Principios","robots":{"index":"index","follow":"follow","max-snippet":"max-snippet:-1","max-image-preview":"max-image-preview:large","max-video-preview":"max-video-preview:-1"},"canonical":"https:\/\/diarioprincipios.com\/index.php\/2024\/02\/06\/inferiores-de-pueblo-nuevo-representaran-a-berazategui-en-torneo-nacional-de-voley-de-mar-del-plata\/","og_locale":"es_ES","og_type":"article","og_title":"Inferiores de Pueblo Nuevo representar\u00e1n a Berazategui en Torneo Nacional de Voley de Mar del Plata - Principios","og_description":"Las inferiores de voley de Pueblo Nuevo representar\u00e1n a Berazategui en el importante Torneo Nacional a desarrollarse en la ciudad de Mar del Plata. \u00abEn una hermosa jornada estuvimos colaborando con las inferiores de voley de Pueblo Nuevo; que pertenecen a nuestra Asociaci\u00f3n de Voley Capital Nacional del Vidrio y que viajar\u00e1n a Mar del...","og_url":"https:\/\/diarioprincipios.com\/index.php\/2024\/02\/06\/inferiores-de-pueblo-nuevo-representaran-a-berazategui-en-torneo-nacional-de-voley-de-mar-del-plata\/","og_site_name":"Principios","article_published_time":"2024-02-06T17:11:23+00:00","article_modified_time":"2024-02-06T17:11:26+00:00","og_image":[{"width":960,"height":720,"url":"https:\/\/diarioprincipios.com\/wp-content\/uploads\/2024\/02\/FB_IMG_1707239232911-1.jpg","type":"image\/jpeg"}],"author":"Hern\u00e1n L\u00f3pez","twitter_card":"summary_large_image","twitter_misc":{"Escrito por":"Hern\u00e1n L\u00f3pez","Tiempo de lectura":"2 minutos"},"schema":{"@context":"https:\/\/schema.org","@graph":[{"@type":"Article","@id":"https:\/\/diarioprincipios.com\/index.php\/2024\/02\/06\/inferiores-de-pueblo-nuevo-representaran-a-berazategui-en-torneo-nacional-de-voley-de-mar-del-plata\/#article","isPartOf":{"@id":"https:\/\/diarioprincipios.com\/index.php\/2024\/02\/06\/inferiores-de-pueblo-nuevo-representaran-a-berazategui-en-torneo-nacional-de-voley-de-mar-del-plata\/"},"author":{"name":"Hern\u00e1n L\u00f3pez","@id":"https:\/\/diarioprincipios.com\/#\/schema\/person\/436d5a1fd41a5e250e23ff5a6a7cb080"},"headline":"Inferiores de Pueblo Nuevo representar\u00e1n a Berazategui en Torneo Nacional de Voley de Mar del Plata","datePublished":"2024-02-06T17:11:23+00:00","dateModified":"2024-02-06T17:11:26+00:00","mainEntityOfPage":{"@id":"https:\/\/diarioprincipios.com\/index.php\/2024\/02\/06\/inferiores-de-pueblo-nuevo-representaran-a-berazategui-en-torneo-nacional-de-voley-de-mar-del-plata\/"},"wordCount":182,"commentCount":0,"publisher":{"@id":"https:\/\/diarioprincipios.com\/#organization"},"image":{"@id":"https:\/\/diarioprincipios.com\/index.php\/2024\/02\/06\/inferiores-de-pueblo-nuevo-representaran-a-berazategui-en-torneo-nacional-de-voley-de-mar-del-plata\/#primaryimage"},"thumbnailUrl":"https:\/\/diarioprincipios.com\/wp-content\/uploads\/2024\/02\/FB_IMG_1707239232911-1.jpg","articleSection":["Deportes"],"inLanguage":"es","potentialAction":[{"@type":"CommentAction","name":"Comment","target":["https:\/\/diarioprincipios.com\/index.php\/2024\/02\/06\/inferiores-de-pueblo-nuevo-representaran-a-berazategui-en-torneo-nacional-de-voley-de-mar-del-plata\/#respond"]}]},{"@type":"WebPage","@id":"https:\/\/diarioprincipios.com\/index.php\/2024\/02\/06\/inferiores-de-pueblo-nuevo-representaran-a-berazategui-en-torneo-nacional-de-voley-de-mar-del-plata\/","url":"https:\/\/diarioprincipios.com\/index.php\/2024\/02\/06\/inferiores-de-pueblo-nuevo-representaran-a-berazategui-en-torneo-nacional-de-voley-de-mar-del-plata\/","name":"Inferiores de Pueblo Nuevo representar\u00e1n a Berazategui en Torneo Nacional de Voley de Mar del Plata - Principios","isPartOf":{"@id":"https:\/\/diarioprincipios.com\/#website"},"primaryImageOfPage":{"@id":"https:\/\/diarioprincipios.com\/index.php\/2024\/02\/06\/inferiores-de-pueblo-nuevo-representaran-a-berazategui-en-torneo-nacional-de-voley-de-mar-del-plata\/#primaryimage"},"image":{"@id":"https:\/\/diarioprincipios.com\/index.php\/2024\/02\/06\/inferiores-de-pueblo-nuevo-representaran-a-berazategui-en-torneo-nacional-de-voley-de-mar-del-plata\/#primaryimage"},"thumbnailUrl":"https:\/\/diarioprincipios.com\/wp-content\/uploads\/2024\/02\/FB_IMG_1707239232911-1.jpg","datePublished":"2024-02-06T17:11:23+00:00","dateModified":"2024-02-06T17:11:26+00:00","breadcrumb":{"@id":"https:\/\/diarioprincipios.com\/index.php\/2024\/02\/06\/inferiores-de-pueblo-nuevo-representaran-a-berazategui-en-torneo-nacional-de-voley-de-mar-del-plata\/#breadcrumb"},"inLanguage":"es","potentialAction":[{"@type":"ReadAction","target":["https:\/\/diarioprincipios.com\/index.php\/2024\/02\/06\/inferiores-de-pueblo-nuevo-representaran-a-berazategui-en-torneo-nacional-de-voley-de-mar-del-plata\/"]}]},{"@type":"ImageObject","inLanguage":"es","@id":"https:\/\/diarioprincipios.com\/index.php\/2024\/02\/06\/inferiores-de-pueblo-nuevo-representaran-a-berazategui-en-torneo-nacional-de-voley-de-mar-del-plata\/#primaryimage","url":"https:\/\/diarioprincipios.com\/wp-content\/uploads\/2024\/02\/FB_IMG_1707239232911-1.jpg","contentUrl":"https:\/\/diarioprincipios.com\/wp-content\/uploads\/2024\/02\/FB_IMG_1707239232911-1.jpg","width":960,"height":720},{"@type":"BreadcrumbList","@id":"https:\/\/diarioprincipios.com\/index.php\/2024\/02\/06\/inferiores-de-pueblo-nuevo-representaran-a-berazategui-en-torneo-nacional-de-voley-de-mar-del-plata\/#breadcrumb","itemListElement":[{"@type":"ListItem","position":1,"name":"Portada","item":"https:\/\/diarioprincipios.com\/"},{"@type":"ListItem","position":2,"name":"Inferiores de Pueblo Nuevo representar\u00e1n a Berazategui en Torneo Nacional de Voley de Mar del Plata"}]},{"@type":"WebSite","@id":"https:\/\/diarioprincipios.com\/#website","url":"https:\/\/diarioprincipios.com\/","name":"Principios","description":"Principios Diario","publisher":{"@id":"https:\/\/diarioprincipios.com\/#organization"},"potentialAction":[{"@type":"SearchAction","target":{"@type":"EntryPoint","urlTemplate":"https:\/\/diarioprincipios.com\/?s={search_term_string}"},"query-input":{"@type":"PropertyValueSpecification","valueRequired":true,"valueName":"search_term_string"}}],"inLanguage":"es"},{"@type":"Organization","@id":"https:\/\/diarioprincipios.com\/#organization","name":"Principios","url":"https:\/\/diarioprincipios.com\/","logo":{"@type":"ImageObject","inLanguage":"es","@id":"https:\/\/diarioprincipios.com\/#\/schema\/logo\/image\/","url":"https:\/\/diarioprincipios.com\/wp-content\/uploads\/2024\/04\/cropped-www.diarioprincipios.com_-1.png","contentUrl":"https:\/\/diarioprincipios.com\/wp-content\/uploads\/2024\/04\/cropped-www.diarioprincipios.com_-1.png","width":5325,"height":1454,"caption":"Principios"},"image":{"@id":"https:\/\/diarioprincipios.com\/#\/schema\/logo\/image\/"}},{"@type":"Person","@id":"https:\/\/diarioprincipios.com\/#\/schema\/person\/436d5a1fd41a5e250e23ff5a6a7cb080","name":"Hern\u00e1n L\u00f3pez","image":{"@type":"ImageObject","inLanguage":"es","@id":"https:\/\/diarioprincipios.com\/wp-content\/litespeed\/avatar\/11ddfe5610ff3bd100522525b2571f48.jpg?ver=1777653193","url":"https:\/\/diarioprincipios.com\/wp-content\/litespeed\/avatar\/11ddfe5610ff3bd100522525b2571f48.jpg?ver=1777653193","contentUrl":"https:\/\/diarioprincipios.com\/wp-content\/litespeed\/avatar\/11ddfe5610ff3bd100522525b2571f48.jpg?ver=1777653193","caption":"Hern\u00e1n L\u00f3pez"},"url":"https:\/\/diarioprincipios.com\/index.php\/author\/hernan\/"}]}},"jetpack_featured_media_url":"https:\/\/diarioprincipios.com\/wp-content\/uploads\/2024\/02\/FB_IMG_1707239232911-1.jpg","_links":{"self":[{"href":"https:\/\/diarioprincipios.com\/index.php\/wp-json\/wp\/v2\/posts\/20618","targetHints":{"allow":["GET"]}}],"collection":[{"href":"https:\/\/diarioprincipios.com\/index.php\/wp-json\/wp\/v2\/posts"}],"about":[{"href":"https:\/\/diarioprincipios.com\/index.php\/wp-json\/wp\/v2\/types\/post"}],"author":[{"embeddable":true,"href":"https:\/\/diarioprincipios.com\/index.php\/wp-json\/wp\/v2\/users\/2"}],"replies":[{"embeddable":true,"href":"https:\/\/diarioprincipios.com\/index.php\/wp-json\/wp\/v2\/comments?post=20618"}],"version-history":[{"count":1,"href":"https:\/\/diarioprincipios.com\/index.php\/wp-json\/wp\/v2\/posts\/20618\/revisions"}],"predecessor-version":[{"id":20624,"href":"https:\/\/diarioprincipios.com\/index.php\/wp-json\/wp\/v2\/posts\/20618\/revisions\/20624"}],"wp:featuredmedia":[{"embeddable":true,"href":"https:\/\/diarioprincipios.com\/index.php\/wp-json\/wp\/v2\/media\/20623"}],"wp:attachment":[{"href":"https:\/\/diarioprincipios.com\/index.php\/wp-json\/wp\/v2\/media?parent=20618"}],"wp:term":[{"taxonomy":"category","embeddable":true,"href":"https:\/\/diarioprincipios.com\/index.php\/wp-json\/wp\/v2\/categories?post=20618"},{"taxonomy":"post_tag","embeddable":true,"href":"https:\/\/diarioprincipios.com\/index.php\/wp-json\/wp\/v2\/tags?post=20618"}],"curies":[{"name":"wp","href":"https:\/\/api.w.org\/{rel}","templated":true}]}}