{"id":20555,"date":"2024-02-01T13:40:23","date_gmt":"2024-02-01T16:40:23","guid":{"rendered":"http:\/\/diarioprincipios.com\/?p=20555"},"modified":"2024-02-01T13:40:30","modified_gmt":"2024-02-01T16:40:30","slug":"consejos-para-el-uso-racional-del-agua-frente-a-temperaturas-extremas-y-mayor-demanda","status":"publish","type":"post","link":"https:\/\/diarioprincipios.com\/index.php\/2024\/02\/01\/consejos-para-el-uso-racional-del-agua-frente-a-temperaturas-extremas-y-mayor-demanda\/","title":{"rendered":"Consejos para el Uso Racional del Agua frente a Temperaturas Extremas y mayor demanda"},"content":{"rendered":"\n<p><em>La Municipalidad de Berazategui le solicita a los vecinos y vecinas cuidar y usar responsablemente el agua, frente a las temperaturas extremas pronosticadas para estos d\u00edas.<\/em><\/p>\n\n\n\n<p>En este sentido, sin limitar el consumo b\u00e1sico y esencial para la alimentaci\u00f3n y la higiene personal, se pueden llevar a cabo acciones para contrarrestar el derroche de agua: reparar las fugas en los ca\u00f1os, duchas e inodoros; cerrar la canilla al cepillarse los dientes y afeitarse; tomar duchas cortas; no dejar las llaves de paso medio abiertas o con goteos; evitar baldear la vereda en las horas de calor extremo; lavar el auto con balde para reducir el caudal del uso de una manguera; y regar las plantas temprano -en la ma\u00f1ana- o tarde -en la noche- para que no se evapore r\u00e1pidamente, entre otras recomendaciones.<\/p>\n\n\n\n<p>Asimismo, en verano tambi\u00e9n puede llegar a haber un consumo excesivo de agua en el llenado y recambio constante de las piletas. En relaci\u00f3n con eso, se puede prolongar el buen estado del agua cubri\u00e9ndolas con una media sombra o cobertor cuando no se usen, para impedir el ingreso de hojas, polvo, insectos y cualquier otra materia org\u00e1nica; limpiando sus superficies con una rejilla mosquitera, todos los d\u00edas; y cuidando el agua con productos qu\u00edmicos adecuados para piletas, sean de lona o fibra: alguicida, cloro y decantador.<\/p>\n\n\n\n<p>El agua es un recurso indispensable para la vida humana, por eso es fundamental no desperdiciarla y fomentar su uso responsable, principalmente en momentos que demandan un consumo mayor, como sucede en verano.<\/p>\n","protected":false},"excerpt":{"rendered":"<p>La Municipalidad de Berazategui le solicita a los vecinos y vecinas cuidar y usar responsablemente el agua, frente a las temperaturas extremas pronosticadas para estos d\u00edas. En este sentido, sin limitar el consumo b\u00e1sico y esencial para la alimentaci\u00f3n y la higiene personal, se pueden llevar a cabo acciones para contrarrestar el derroche de agua:&#8230;<\/p>\n","protected":false},"author":2,"featured_media":20556,"comment_status":"open","ping_status":"open","sticky":false,"template":"","format":"standard","meta":{"footnotes":""},"categories":[3],"tags":[],"class_list":["post-20555","post","type-post","status-publish","format-standard","has-post-thumbnail","hentry","category-berazategui"],"featured_image_src":"https:\/\/diarioprincipios.com\/wp-content\/uploads\/2024\/02\/canilla.jpg","blog_images":{"medium":"https:\/\/diarioprincipios.com\/wp-content\/uploads\/2024\/02\/canilla.jpg","large":"https:\/\/diarioprincipios.com\/wp-content\/uploads\/2024\/02\/canilla.jpg"},"ams_acf":[],"yoast_head":"<!-- This site is optimized with the Yoast SEO plugin v27.3 - https:\/\/yoast.com\/product\/yoast-seo-wordpress\/ -->\n<title>Consejos para el Uso Racional del Agua frente a Temperaturas Extremas y mayor demanda - Principios<\/title>\n<meta name=\"robots\" content=\"index, follow, max-snippet:-1, max-image-preview:large, max-video-preview:-1\" \/>\n<link rel=\"canonical\" href=\"https:\/\/diarioprincipios.com\/index.php\/2024\/02\/01\/consejos-para-el-uso-racional-del-agua-frente-a-temperaturas-extremas-y-mayor-demanda\/\" \/>\n<meta property=\"og:locale\" content=\"es_ES\" \/>\n<meta property=\"og:type\" content=\"article\" \/>\n<meta property=\"og:title\" content=\"Consejos para el Uso Racional del Agua frente a Temperaturas Extremas y mayor demanda - Principios\" \/>\n<meta property=\"og:description\" content=\"La Municipalidad de Berazategui le solicita a los vecinos y vecinas cuidar y usar responsablemente el agua, frente a las temperaturas extremas pronosticadas para estos d\u00edas. En este sentido, sin limitar el consumo b\u00e1sico y esencial para la alimentaci\u00f3n y la higiene personal, se pueden llevar a cabo acciones para contrarrestar el derroche de agua:...\" \/>\n<meta property=\"og:url\" content=\"https:\/\/diarioprincipios.com\/index.php\/2024\/02\/01\/consejos-para-el-uso-racional-del-agua-frente-a-temperaturas-extremas-y-mayor-demanda\/\" \/>\n<meta property=\"og:site_name\" content=\"Principios\" \/>\n<meta property=\"article:published_time\" content=\"2024-02-01T16:40:23+00:00\" \/>\n<meta property=\"article:modified_time\" content=\"2024-02-01T16:40:30+00:00\" \/>\n<meta property=\"og:image\" content=\"https:\/\/diarioprincipios.com\/wp-content\/uploads\/2024\/02\/canilla.jpg\" \/>\n\t<meta property=\"og:image:width\" content=\"284\" \/>\n\t<meta property=\"og:image:height\" content=\"178\" \/>\n\t<meta property=\"og:image:type\" content=\"image\/jpeg\" \/>\n<meta name=\"author\" content=\"Hern\u00e1n L\u00f3pez\" \/>\n<meta name=\"twitter:card\" content=\"summary_large_image\" \/>\n<meta name=\"twitter:label1\" content=\"Escrito por\" \/>\n\t<meta name=\"twitter:data1\" content=\"Hern\u00e1n L\u00f3pez\" \/>\n\t<meta name=\"twitter:label2\" content=\"Tiempo de lectura\" \/>\n\t<meta name=\"twitter:data2\" content=\"2 minutos\" \/>\n<script type=\"application\/ld+json\" class=\"yoast-schema-graph\">{\"@context\":\"https:\\\/\\\/schema.org\",\"@graph\":[{\"@type\":\"Article\",\"@id\":\"https:\\\/\\\/diarioprincipios.com\\\/index.php\\\/2024\\\/02\\\/01\\\/consejos-para-el-uso-racional-del-agua-frente-a-temperaturas-extremas-y-mayor-demanda\\\/#article\",\"isPartOf\":{\"@id\":\"https:\\\/\\\/diarioprincipios.com\\\/index.php\\\/2024\\\/02\\\/01\\\/consejos-para-el-uso-racional-del-agua-frente-a-temperaturas-extremas-y-mayor-demanda\\\/\"},\"author\":{\"name\":\"Hern\u00e1n L\u00f3pez\",\"@id\":\"https:\\\/\\\/diarioprincipios.com\\\/#\\\/schema\\\/person\\\/436d5a1fd41a5e250e23ff5a6a7cb080\"},\"headline\":\"Consejos para el Uso Racional del Agua frente a Temperaturas Extremas y mayor demanda\",\"datePublished\":\"2024-02-01T16:40:23+00:00\",\"dateModified\":\"2024-02-01T16:40:30+00:00\",\"mainEntityOfPage\":{\"@id\":\"https:\\\/\\\/diarioprincipios.com\\\/index.php\\\/2024\\\/02\\\/01\\\/consejos-para-el-uso-racional-del-agua-frente-a-temperaturas-extremas-y-mayor-demanda\\\/\"},\"wordCount\":279,\"commentCount\":0,\"publisher\":{\"@id\":\"https:\\\/\\\/diarioprincipios.com\\\/#organization\"},\"image\":{\"@id\":\"https:\\\/\\\/diarioprincipios.com\\\/index.php\\\/2024\\\/02\\\/01\\\/consejos-para-el-uso-racional-del-agua-frente-a-temperaturas-extremas-y-mayor-demanda\\\/#primaryimage\"},\"thumbnailUrl\":\"https:\\\/\\\/diarioprincipios.com\\\/wp-content\\\/uploads\\\/2024\\\/02\\\/canilla.jpg\",\"articleSection\":[\"Berazategui\"],\"inLanguage\":\"es\",\"potentialAction\":[{\"@type\":\"CommentAction\",\"name\":\"Comment\",\"target\":[\"https:\\\/\\\/diarioprincipios.com\\\/index.php\\\/2024\\\/02\\\/01\\\/consejos-para-el-uso-racional-del-agua-frente-a-temperaturas-extremas-y-mayor-demanda\\\/#respond\"]}]},{\"@type\":\"WebPage\",\"@id\":\"https:\\\/\\\/diarioprincipios.com\\\/index.php\\\/2024\\\/02\\\/01\\\/consejos-para-el-uso-racional-del-agua-frente-a-temperaturas-extremas-y-mayor-demanda\\\/\",\"url\":\"https:\\\/\\\/diarioprincipios.com\\\/index.php\\\/2024\\\/02\\\/01\\\/consejos-para-el-uso-racional-del-agua-frente-a-temperaturas-extremas-y-mayor-demanda\\\/\",\"name\":\"Consejos para el Uso Racional del Agua frente a Temperaturas Extremas y mayor demanda - Principios\",\"isPartOf\":{\"@id\":\"https:\\\/\\\/diarioprincipios.com\\\/#website\"},\"primaryImageOfPage\":{\"@id\":\"https:\\\/\\\/diarioprincipios.com\\\/index.php\\\/2024\\\/02\\\/01\\\/consejos-para-el-uso-racional-del-agua-frente-a-temperaturas-extremas-y-mayor-demanda\\\/#primaryimage\"},\"image\":{\"@id\":\"https:\\\/\\\/diarioprincipios.com\\\/index.php\\\/2024\\\/02\\\/01\\\/consejos-para-el-uso-racional-del-agua-frente-a-temperaturas-extremas-y-mayor-demanda\\\/#primaryimage\"},\"thumbnailUrl\":\"https:\\\/\\\/diarioprincipios.com\\\/wp-content\\\/uploads\\\/2024\\\/02\\\/canilla.jpg\",\"datePublished\":\"2024-02-01T16:40:23+00:00\",\"dateModified\":\"2024-02-01T16:40:30+00:00\",\"breadcrumb\":{\"@id\":\"https:\\\/\\\/diarioprincipios.com\\\/index.php\\\/2024\\\/02\\\/01\\\/consejos-para-el-uso-racional-del-agua-frente-a-temperaturas-extremas-y-mayor-demanda\\\/#breadcrumb\"},\"inLanguage\":\"es\",\"potentialAction\":[{\"@type\":\"ReadAction\",\"target\":[\"https:\\\/\\\/diarioprincipios.com\\\/index.php\\\/2024\\\/02\\\/01\\\/consejos-para-el-uso-racional-del-agua-frente-a-temperaturas-extremas-y-mayor-demanda\\\/\"]}]},{\"@type\":\"ImageObject\",\"inLanguage\":\"es\",\"@id\":\"https:\\\/\\\/diarioprincipios.com\\\/index.php\\\/2024\\\/02\\\/01\\\/consejos-para-el-uso-racional-del-agua-frente-a-temperaturas-extremas-y-mayor-demanda\\\/#primaryimage\",\"url\":\"https:\\\/\\\/diarioprincipios.com\\\/wp-content\\\/uploads\\\/2024\\\/02\\\/canilla.jpg\",\"contentUrl\":\"https:\\\/\\\/diarioprincipios.com\\\/wp-content\\\/uploads\\\/2024\\\/02\\\/canilla.jpg\",\"width\":284,\"height\":178},{\"@type\":\"BreadcrumbList\",\"@id\":\"https:\\\/\\\/diarioprincipios.com\\\/index.php\\\/2024\\\/02\\\/01\\\/consejos-para-el-uso-racional-del-agua-frente-a-temperaturas-extremas-y-mayor-demanda\\\/#breadcrumb\",\"itemListElement\":[{\"@type\":\"ListItem\",\"position\":1,\"name\":\"Portada\",\"item\":\"https:\\\/\\\/diarioprincipios.com\\\/\"},{\"@type\":\"ListItem\",\"position\":2,\"name\":\"Consejos para el Uso Racional del Agua frente a Temperaturas Extremas y mayor demanda\"}]},{\"@type\":\"WebSite\",\"@id\":\"https:\\\/\\\/diarioprincipios.com\\\/#website\",\"url\":\"https:\\\/\\\/diarioprincipios.com\\\/\",\"name\":\"Principios\",\"description\":\"Principios Diario\",\"publisher\":{\"@id\":\"https:\\\/\\\/diarioprincipios.com\\\/#organization\"},\"potentialAction\":[{\"@type\":\"SearchAction\",\"target\":{\"@type\":\"EntryPoint\",\"urlTemplate\":\"https:\\\/\\\/diarioprincipios.com\\\/?s={search_term_string}\"},\"query-input\":{\"@type\":\"PropertyValueSpecification\",\"valueRequired\":true,\"valueName\":\"search_term_string\"}}],\"inLanguage\":\"es\"},{\"@type\":\"Organization\",\"@id\":\"https:\\\/\\\/diarioprincipios.com\\\/#organization\",\"name\":\"Principios\",\"url\":\"https:\\\/\\\/diarioprincipios.com\\\/\",\"logo\":{\"@type\":\"ImageObject\",\"inLanguage\":\"es\",\"@id\":\"https:\\\/\\\/diarioprincipios.com\\\/#\\\/schema\\\/logo\\\/image\\\/\",\"url\":\"https:\\\/\\\/diarioprincipios.com\\\/wp-content\\\/uploads\\\/2024\\\/04\\\/cropped-www.diarioprincipios.com_-1.png\",\"contentUrl\":\"https:\\\/\\\/diarioprincipios.com\\\/wp-content\\\/uploads\\\/2024\\\/04\\\/cropped-www.diarioprincipios.com_-1.png\",\"width\":5325,\"height\":1454,\"caption\":\"Principios\"},\"image\":{\"@id\":\"https:\\\/\\\/diarioprincipios.com\\\/#\\\/schema\\\/logo\\\/image\\\/\"}},{\"@type\":\"Person\",\"@id\":\"https:\\\/\\\/diarioprincipios.com\\\/#\\\/schema\\\/person\\\/436d5a1fd41a5e250e23ff5a6a7cb080\",\"name\":\"Hern\u00e1n L\u00f3pez\",\"image\":{\"@type\":\"ImageObject\",\"inLanguage\":\"es\",\"@id\":\"https:\\\/\\\/diarioprincipios.com\\\/wp-content\\\/litespeed\\\/avatar\\\/11ddfe5610ff3bd100522525b2571f48.jpg?ver=1777048341\",\"url\":\"https:\\\/\\\/diarioprincipios.com\\\/wp-content\\\/litespeed\\\/avatar\\\/11ddfe5610ff3bd100522525b2571f48.jpg?ver=1777048341\",\"contentUrl\":\"https:\\\/\\\/diarioprincipios.com\\\/wp-content\\\/litespeed\\\/avatar\\\/11ddfe5610ff3bd100522525b2571f48.jpg?ver=1777048341\",\"caption\":\"Hern\u00e1n L\u00f3pez\"},\"url\":\"https:\\\/\\\/diarioprincipios.com\\\/index.php\\\/author\\\/hernan\\\/\"}]}<\/script>\n<!-- \/ Yoast SEO plugin. -->","yoast_head_json":{"title":"Consejos para el Uso Racional del Agua frente a Temperaturas Extremas y mayor demanda - Principios","robots":{"index":"index","follow":"follow","max-snippet":"max-snippet:-1","max-image-preview":"max-image-preview:large","max-video-preview":"max-video-preview:-1"},"canonical":"https:\/\/diarioprincipios.com\/index.php\/2024\/02\/01\/consejos-para-el-uso-racional-del-agua-frente-a-temperaturas-extremas-y-mayor-demanda\/","og_locale":"es_ES","og_type":"article","og_title":"Consejos para el Uso Racional del Agua frente a Temperaturas Extremas y mayor demanda - Principios","og_description":"La Municipalidad de Berazategui le solicita a los vecinos y vecinas cuidar y usar responsablemente el agua, frente a las temperaturas extremas pronosticadas para estos d\u00edas. En este sentido, sin limitar el consumo b\u00e1sico y esencial para la alimentaci\u00f3n y la higiene personal, se pueden llevar a cabo acciones para contrarrestar el derroche de agua:...","og_url":"https:\/\/diarioprincipios.com\/index.php\/2024\/02\/01\/consejos-para-el-uso-racional-del-agua-frente-a-temperaturas-extremas-y-mayor-demanda\/","og_site_name":"Principios","article_published_time":"2024-02-01T16:40:23+00:00","article_modified_time":"2024-02-01T16:40:30+00:00","og_image":[{"width":284,"height":178,"url":"https:\/\/diarioprincipios.com\/wp-content\/uploads\/2024\/02\/canilla.jpg","type":"image\/jpeg"}],"author":"Hern\u00e1n L\u00f3pez","twitter_card":"summary_large_image","twitter_misc":{"Escrito por":"Hern\u00e1n L\u00f3pez","Tiempo de lectura":"2 minutos"},"schema":{"@context":"https:\/\/schema.org","@graph":[{"@type":"Article","@id":"https:\/\/diarioprincipios.com\/index.php\/2024\/02\/01\/consejos-para-el-uso-racional-del-agua-frente-a-temperaturas-extremas-y-mayor-demanda\/#article","isPartOf":{"@id":"https:\/\/diarioprincipios.com\/index.php\/2024\/02\/01\/consejos-para-el-uso-racional-del-agua-frente-a-temperaturas-extremas-y-mayor-demanda\/"},"author":{"name":"Hern\u00e1n L\u00f3pez","@id":"https:\/\/diarioprincipios.com\/#\/schema\/person\/436d5a1fd41a5e250e23ff5a6a7cb080"},"headline":"Consejos para el Uso Racional del Agua frente a Temperaturas Extremas y mayor demanda","datePublished":"2024-02-01T16:40:23+00:00","dateModified":"2024-02-01T16:40:30+00:00","mainEntityOfPage":{"@id":"https:\/\/diarioprincipios.com\/index.php\/2024\/02\/01\/consejos-para-el-uso-racional-del-agua-frente-a-temperaturas-extremas-y-mayor-demanda\/"},"wordCount":279,"commentCount":0,"publisher":{"@id":"https:\/\/diarioprincipios.com\/#organization"},"image":{"@id":"https:\/\/diarioprincipios.com\/index.php\/2024\/02\/01\/consejos-para-el-uso-racional-del-agua-frente-a-temperaturas-extremas-y-mayor-demanda\/#primaryimage"},"thumbnailUrl":"https:\/\/diarioprincipios.com\/wp-content\/uploads\/2024\/02\/canilla.jpg","articleSection":["Berazategui"],"inLanguage":"es","potentialAction":[{"@type":"CommentAction","name":"Comment","target":["https:\/\/diarioprincipios.com\/index.php\/2024\/02\/01\/consejos-para-el-uso-racional-del-agua-frente-a-temperaturas-extremas-y-mayor-demanda\/#respond"]}]},{"@type":"WebPage","@id":"https:\/\/diarioprincipios.com\/index.php\/2024\/02\/01\/consejos-para-el-uso-racional-del-agua-frente-a-temperaturas-extremas-y-mayor-demanda\/","url":"https:\/\/diarioprincipios.com\/index.php\/2024\/02\/01\/consejos-para-el-uso-racional-del-agua-frente-a-temperaturas-extremas-y-mayor-demanda\/","name":"Consejos para el Uso Racional del Agua frente a Temperaturas Extremas y mayor demanda - Principios","isPartOf":{"@id":"https:\/\/diarioprincipios.com\/#website"},"primaryImageOfPage":{"@id":"https:\/\/diarioprincipios.com\/index.php\/2024\/02\/01\/consejos-para-el-uso-racional-del-agua-frente-a-temperaturas-extremas-y-mayor-demanda\/#primaryimage"},"image":{"@id":"https:\/\/diarioprincipios.com\/index.php\/2024\/02\/01\/consejos-para-el-uso-racional-del-agua-frente-a-temperaturas-extremas-y-mayor-demanda\/#primaryimage"},"thumbnailUrl":"https:\/\/diarioprincipios.com\/wp-content\/uploads\/2024\/02\/canilla.jpg","datePublished":"2024-02-01T16:40:23+00:00","dateModified":"2024-02-01T16:40:30+00:00","breadcrumb":{"@id":"https:\/\/diarioprincipios.com\/index.php\/2024\/02\/01\/consejos-para-el-uso-racional-del-agua-frente-a-temperaturas-extremas-y-mayor-demanda\/#breadcrumb"},"inLanguage":"es","potentialAction":[{"@type":"ReadAction","target":["https:\/\/diarioprincipios.com\/index.php\/2024\/02\/01\/consejos-para-el-uso-racional-del-agua-frente-a-temperaturas-extremas-y-mayor-demanda\/"]}]},{"@type":"ImageObject","inLanguage":"es","@id":"https:\/\/diarioprincipios.com\/index.php\/2024\/02\/01\/consejos-para-el-uso-racional-del-agua-frente-a-temperaturas-extremas-y-mayor-demanda\/#primaryimage","url":"https:\/\/diarioprincipios.com\/wp-content\/uploads\/2024\/02\/canilla.jpg","contentUrl":"https:\/\/diarioprincipios.com\/wp-content\/uploads\/2024\/02\/canilla.jpg","width":284,"height":178},{"@type":"BreadcrumbList","@id":"https:\/\/diarioprincipios.com\/index.php\/2024\/02\/01\/consejos-para-el-uso-racional-del-agua-frente-a-temperaturas-extremas-y-mayor-demanda\/#breadcrumb","itemListElement":[{"@type":"ListItem","position":1,"name":"Portada","item":"https:\/\/diarioprincipios.com\/"},{"@type":"ListItem","position":2,"name":"Consejos para el Uso Racional del Agua frente a Temperaturas Extremas y mayor demanda"}]},{"@type":"WebSite","@id":"https:\/\/diarioprincipios.com\/#website","url":"https:\/\/diarioprincipios.com\/","name":"Principios","description":"Principios Diario","publisher":{"@id":"https:\/\/diarioprincipios.com\/#organization"},"potentialAction":[{"@type":"SearchAction","target":{"@type":"EntryPoint","urlTemplate":"https:\/\/diarioprincipios.com\/?s={search_term_string}"},"query-input":{"@type":"PropertyValueSpecification","valueRequired":true,"valueName":"search_term_string"}}],"inLanguage":"es"},{"@type":"Organization","@id":"https:\/\/diarioprincipios.com\/#organization","name":"Principios","url":"https:\/\/diarioprincipios.com\/","logo":{"@type":"ImageObject","inLanguage":"es","@id":"https:\/\/diarioprincipios.com\/#\/schema\/logo\/image\/","url":"https:\/\/diarioprincipios.com\/wp-content\/uploads\/2024\/04\/cropped-www.diarioprincipios.com_-1.png","contentUrl":"https:\/\/diarioprincipios.com\/wp-content\/uploads\/2024\/04\/cropped-www.diarioprincipios.com_-1.png","width":5325,"height":1454,"caption":"Principios"},"image":{"@id":"https:\/\/diarioprincipios.com\/#\/schema\/logo\/image\/"}},{"@type":"Person","@id":"https:\/\/diarioprincipios.com\/#\/schema\/person\/436d5a1fd41a5e250e23ff5a6a7cb080","name":"Hern\u00e1n L\u00f3pez","image":{"@type":"ImageObject","inLanguage":"es","@id":"https:\/\/diarioprincipios.com\/wp-content\/litespeed\/avatar\/11ddfe5610ff3bd100522525b2571f48.jpg?ver=1777048341","url":"https:\/\/diarioprincipios.com\/wp-content\/litespeed\/avatar\/11ddfe5610ff3bd100522525b2571f48.jpg?ver=1777048341","contentUrl":"https:\/\/diarioprincipios.com\/wp-content\/litespeed\/avatar\/11ddfe5610ff3bd100522525b2571f48.jpg?ver=1777048341","caption":"Hern\u00e1n L\u00f3pez"},"url":"https:\/\/diarioprincipios.com\/index.php\/author\/hernan\/"}]}},"jetpack_featured_media_url":"https:\/\/diarioprincipios.com\/wp-content\/uploads\/2024\/02\/canilla.jpg","_links":{"self":[{"href":"https:\/\/diarioprincipios.com\/index.php\/wp-json\/wp\/v2\/posts\/20555","targetHints":{"allow":["GET"]}}],"collection":[{"href":"https:\/\/diarioprincipios.com\/index.php\/wp-json\/wp\/v2\/posts"}],"about":[{"href":"https:\/\/diarioprincipios.com\/index.php\/wp-json\/wp\/v2\/types\/post"}],"author":[{"embeddable":true,"href":"https:\/\/diarioprincipios.com\/index.php\/wp-json\/wp\/v2\/users\/2"}],"replies":[{"embeddable":true,"href":"https:\/\/diarioprincipios.com\/index.php\/wp-json\/wp\/v2\/comments?post=20555"}],"version-history":[{"count":1,"href":"https:\/\/diarioprincipios.com\/index.php\/wp-json\/wp\/v2\/posts\/20555\/revisions"}],"predecessor-version":[{"id":20557,"href":"https:\/\/diarioprincipios.com\/index.php\/wp-json\/wp\/v2\/posts\/20555\/revisions\/20557"}],"wp:featuredmedia":[{"embeddable":true,"href":"https:\/\/diarioprincipios.com\/index.php\/wp-json\/wp\/v2\/media\/20556"}],"wp:attachment":[{"href":"https:\/\/diarioprincipios.com\/index.php\/wp-json\/wp\/v2\/media?parent=20555"}],"wp:term":[{"taxonomy":"category","embeddable":true,"href":"https:\/\/diarioprincipios.com\/index.php\/wp-json\/wp\/v2\/categories?post=20555"},{"taxonomy":"post_tag","embeddable":true,"href":"https:\/\/diarioprincipios.com\/index.php\/wp-json\/wp\/v2\/tags?post=20555"}],"curies":[{"name":"wp","href":"https:\/\/api.w.org\/{rel}","templated":true}]}}