{"id":20552,"date":"2024-02-01T10:41:53","date_gmt":"2024-02-01T13:41:53","guid":{"rendered":"http:\/\/diarioprincipios.com\/?p=20552"},"modified":"2024-02-01T10:41:56","modified_gmt":"2024-02-01T13:41:56","slug":"autoridades-del-stmb-mantuvieron-reunion-de-trabajo-con-el-intendente-mussi","status":"publish","type":"post","link":"https:\/\/diarioprincipios.com\/index.php\/2024\/02\/01\/autoridades-del-stmb-mantuvieron-reunion-de-trabajo-con-el-intendente-mussi\/","title":{"rendered":"Autoridades del STMB mantuvieron reuni\u00f3n de trabajo con el Intendente Mussi"},"content":{"rendered":"\n<p>Autoridades del Sindicato de Trabajadores Municipales de Berazategui, encabezadas por su secretario general Gabriel Carril Campusano mantuvieron esta semana una reuni\u00f3n de trabajo con el Intendente Juan Jos\u00e9 Mussi, durante la cual abordaron una variedad de temas relacionados con los trabajadores municipales del distrito. El encuentro se llev\u00f3 a cabo en las instalaciones municipales y se prolong\u00f3 por m\u00e1s de una hora.<\/p>\n\n\n\n<p>\u00abDialogamos acerca de la cuesti\u00f3n salarial, considerando la actual coyuntura pol\u00edtico-econ\u00f3mica del pa\u00eds y su impacto directo en los sueldos municipales. Observamos con preocupaci\u00f3n esta situaci\u00f3n y nos comprometimos a mitigar sus efectos en las familias municipales de Berazategui\u00bb, revelaron desde el gremio. <\/p>\n\n\n\n<p>Destacaron adenas que \u00abAsimismo, analizamos los alcances de la Ley \u00d3mnibus y el Decreto de Necesidad y Urgencia (DNU) promovidos por el gobierno nacional, y c\u00f3mo afectan directamente a los trabajadores municipales del distrito\u00bb.<\/p>\n\n\n\n<p>Finalmente, informaron que \u00abiniciamos gestiones y presentamos una solicitud formal al municipio para la cesi\u00f3n de tierras, con el objetivo de llevar a cabo el proyecto institucional del STMB de contar con un camping propio. Esto permitir\u00e1 proporcionar mejores espacios de esparcimiento y ocio para nuestros afiliados\u00bb.<\/p>\n\n\n\n<p>Represent\u00e1ndonos estuvieron en la oportunidad nuestro Secretario General Gabriel Carril Campusano, junto a su Secretario Adjunto, Fabi\u00e1n Ardile, y el Secretario de Finanzas, Juan Carlos Miranda.<\/p>\n","protected":false},"excerpt":{"rendered":"<p>Autoridades del Sindicato de Trabajadores Municipales de Berazategui, encabezadas por su secretario general Gabriel Carril Campusano mantuvieron esta semana una reuni\u00f3n de trabajo con el Intendente Juan Jos\u00e9 Mussi, durante la cual abordaron una variedad de temas relacionados con los trabajadores municipales del distrito. El encuentro se llev\u00f3 a cabo en las instalaciones municipales y&#8230;<\/p>\n","protected":false},"author":2,"featured_media":20553,"comment_status":"open","ping_status":"open","sticky":false,"template":"","format":"standard","meta":{"footnotes":""},"categories":[3],"tags":[],"class_list":["post-20552","post","type-post","status-publish","format-standard","has-post-thumbnail","hentry","category-berazategui"],"featured_image_src":"https:\/\/diarioprincipios.com\/wp-content\/uploads\/2024\/02\/31-01-2024-Reunion-con-Mussi-1024x472.jpeg","blog_images":{"medium":"https:\/\/diarioprincipios.com\/wp-content\/uploads\/2024\/02\/31-01-2024-Reunion-con-Mussi-300x138.jpeg","large":"https:\/\/diarioprincipios.com\/wp-content\/uploads\/2024\/02\/31-01-2024-Reunion-con-Mussi-1024x472.jpeg"},"ams_acf":[],"yoast_head":"<!-- This site is optimized with the Yoast SEO plugin v27.3 - https:\/\/yoast.com\/product\/yoast-seo-wordpress\/ -->\n<title>Autoridades del STMB mantuvieron reuni\u00f3n de trabajo con el Intendente Mussi - Principios<\/title>\n<meta name=\"robots\" content=\"index, follow, max-snippet:-1, max-image-preview:large, max-video-preview:-1\" \/>\n<link rel=\"canonical\" href=\"https:\/\/diarioprincipios.com\/index.php\/2024\/02\/01\/autoridades-del-stmb-mantuvieron-reunion-de-trabajo-con-el-intendente-mussi\/\" \/>\n<meta property=\"og:locale\" content=\"es_ES\" \/>\n<meta property=\"og:type\" content=\"article\" \/>\n<meta property=\"og:title\" content=\"Autoridades del STMB mantuvieron reuni\u00f3n de trabajo con el Intendente Mussi - Principios\" \/>\n<meta property=\"og:description\" content=\"Autoridades del Sindicato de Trabajadores Municipales de Berazategui, encabezadas por su secretario general Gabriel Carril Campusano mantuvieron esta semana una reuni\u00f3n de trabajo con el Intendente Juan Jos\u00e9 Mussi, durante la cual abordaron una variedad de temas relacionados con los trabajadores municipales del distrito. El encuentro se llev\u00f3 a cabo en las instalaciones municipales y...\" \/>\n<meta property=\"og:url\" content=\"https:\/\/diarioprincipios.com\/index.php\/2024\/02\/01\/autoridades-del-stmb-mantuvieron-reunion-de-trabajo-con-el-intendente-mussi\/\" \/>\n<meta property=\"og:site_name\" content=\"Principios\" \/>\n<meta property=\"article:published_time\" content=\"2024-02-01T13:41:53+00:00\" \/>\n<meta property=\"article:modified_time\" content=\"2024-02-01T13:41:56+00:00\" \/>\n<meta property=\"og:image\" content=\"https:\/\/diarioprincipios.com\/wp-content\/uploads\/2024\/02\/31-01-2024-Reunion-con-Mussi.jpeg\" \/>\n\t<meta property=\"og:image:width\" content=\"1600\" \/>\n\t<meta property=\"og:image:height\" content=\"738\" \/>\n\t<meta property=\"og:image:type\" content=\"image\/jpeg\" \/>\n<meta name=\"author\" content=\"Hern\u00e1n L\u00f3pez\" \/>\n<meta name=\"twitter:card\" content=\"summary_large_image\" \/>\n<meta name=\"twitter:label1\" content=\"Escrito por\" \/>\n\t<meta name=\"twitter:data1\" content=\"Hern\u00e1n L\u00f3pez\" \/>\n\t<meta name=\"twitter:label2\" content=\"Tiempo de lectura\" \/>\n\t<meta name=\"twitter:data2\" content=\"1 minuto\" \/>\n<script type=\"application\/ld+json\" class=\"yoast-schema-graph\">{\"@context\":\"https:\\\/\\\/schema.org\",\"@graph\":[{\"@type\":\"Article\",\"@id\":\"https:\\\/\\\/diarioprincipios.com\\\/index.php\\\/2024\\\/02\\\/01\\\/autoridades-del-stmb-mantuvieron-reunion-de-trabajo-con-el-intendente-mussi\\\/#article\",\"isPartOf\":{\"@id\":\"https:\\\/\\\/diarioprincipios.com\\\/index.php\\\/2024\\\/02\\\/01\\\/autoridades-del-stmb-mantuvieron-reunion-de-trabajo-con-el-intendente-mussi\\\/\"},\"author\":{\"name\":\"Hern\u00e1n L\u00f3pez\",\"@id\":\"https:\\\/\\\/diarioprincipios.com\\\/#\\\/schema\\\/person\\\/436d5a1fd41a5e250e23ff5a6a7cb080\"},\"headline\":\"Autoridades del STMB mantuvieron reuni\u00f3n de trabajo con el Intendente Mussi\",\"datePublished\":\"2024-02-01T13:41:53+00:00\",\"dateModified\":\"2024-02-01T13:41:56+00:00\",\"mainEntityOfPage\":{\"@id\":\"https:\\\/\\\/diarioprincipios.com\\\/index.php\\\/2024\\\/02\\\/01\\\/autoridades-del-stmb-mantuvieron-reunion-de-trabajo-con-el-intendente-mussi\\\/\"},\"wordCount\":236,\"commentCount\":0,\"publisher\":{\"@id\":\"https:\\\/\\\/diarioprincipios.com\\\/#organization\"},\"image\":{\"@id\":\"https:\\\/\\\/diarioprincipios.com\\\/index.php\\\/2024\\\/02\\\/01\\\/autoridades-del-stmb-mantuvieron-reunion-de-trabajo-con-el-intendente-mussi\\\/#primaryimage\"},\"thumbnailUrl\":\"https:\\\/\\\/diarioprincipios.com\\\/wp-content\\\/uploads\\\/2024\\\/02\\\/31-01-2024-Reunion-con-Mussi.jpeg\",\"articleSection\":[\"Berazategui\"],\"inLanguage\":\"es\",\"potentialAction\":[{\"@type\":\"CommentAction\",\"name\":\"Comment\",\"target\":[\"https:\\\/\\\/diarioprincipios.com\\\/index.php\\\/2024\\\/02\\\/01\\\/autoridades-del-stmb-mantuvieron-reunion-de-trabajo-con-el-intendente-mussi\\\/#respond\"]}]},{\"@type\":\"WebPage\",\"@id\":\"https:\\\/\\\/diarioprincipios.com\\\/index.php\\\/2024\\\/02\\\/01\\\/autoridades-del-stmb-mantuvieron-reunion-de-trabajo-con-el-intendente-mussi\\\/\",\"url\":\"https:\\\/\\\/diarioprincipios.com\\\/index.php\\\/2024\\\/02\\\/01\\\/autoridades-del-stmb-mantuvieron-reunion-de-trabajo-con-el-intendente-mussi\\\/\",\"name\":\"Autoridades del STMB mantuvieron reuni\u00f3n de trabajo con el Intendente Mussi - Principios\",\"isPartOf\":{\"@id\":\"https:\\\/\\\/diarioprincipios.com\\\/#website\"},\"primaryImageOfPage\":{\"@id\":\"https:\\\/\\\/diarioprincipios.com\\\/index.php\\\/2024\\\/02\\\/01\\\/autoridades-del-stmb-mantuvieron-reunion-de-trabajo-con-el-intendente-mussi\\\/#primaryimage\"},\"image\":{\"@id\":\"https:\\\/\\\/diarioprincipios.com\\\/index.php\\\/2024\\\/02\\\/01\\\/autoridades-del-stmb-mantuvieron-reunion-de-trabajo-con-el-intendente-mussi\\\/#primaryimage\"},\"thumbnailUrl\":\"https:\\\/\\\/diarioprincipios.com\\\/wp-content\\\/uploads\\\/2024\\\/02\\\/31-01-2024-Reunion-con-Mussi.jpeg\",\"datePublished\":\"2024-02-01T13:41:53+00:00\",\"dateModified\":\"2024-02-01T13:41:56+00:00\",\"breadcrumb\":{\"@id\":\"https:\\\/\\\/diarioprincipios.com\\\/index.php\\\/2024\\\/02\\\/01\\\/autoridades-del-stmb-mantuvieron-reunion-de-trabajo-con-el-intendente-mussi\\\/#breadcrumb\"},\"inLanguage\":\"es\",\"potentialAction\":[{\"@type\":\"ReadAction\",\"target\":[\"https:\\\/\\\/diarioprincipios.com\\\/index.php\\\/2024\\\/02\\\/01\\\/autoridades-del-stmb-mantuvieron-reunion-de-trabajo-con-el-intendente-mussi\\\/\"]}]},{\"@type\":\"ImageObject\",\"inLanguage\":\"es\",\"@id\":\"https:\\\/\\\/diarioprincipios.com\\\/index.php\\\/2024\\\/02\\\/01\\\/autoridades-del-stmb-mantuvieron-reunion-de-trabajo-con-el-intendente-mussi\\\/#primaryimage\",\"url\":\"https:\\\/\\\/diarioprincipios.com\\\/wp-content\\\/uploads\\\/2024\\\/02\\\/31-01-2024-Reunion-con-Mussi.jpeg\",\"contentUrl\":\"https:\\\/\\\/diarioprincipios.com\\\/wp-content\\\/uploads\\\/2024\\\/02\\\/31-01-2024-Reunion-con-Mussi.jpeg\",\"width\":1600,\"height\":738},{\"@type\":\"BreadcrumbList\",\"@id\":\"https:\\\/\\\/diarioprincipios.com\\\/index.php\\\/2024\\\/02\\\/01\\\/autoridades-del-stmb-mantuvieron-reunion-de-trabajo-con-el-intendente-mussi\\\/#breadcrumb\",\"itemListElement\":[{\"@type\":\"ListItem\",\"position\":1,\"name\":\"Portada\",\"item\":\"https:\\\/\\\/diarioprincipios.com\\\/\"},{\"@type\":\"ListItem\",\"position\":2,\"name\":\"Autoridades del STMB mantuvieron reuni\u00f3n de trabajo con el Intendente Mussi\"}]},{\"@type\":\"WebSite\",\"@id\":\"https:\\\/\\\/diarioprincipios.com\\\/#website\",\"url\":\"https:\\\/\\\/diarioprincipios.com\\\/\",\"name\":\"Principios\",\"description\":\"Principios Diario\",\"publisher\":{\"@id\":\"https:\\\/\\\/diarioprincipios.com\\\/#organization\"},\"potentialAction\":[{\"@type\":\"SearchAction\",\"target\":{\"@type\":\"EntryPoint\",\"urlTemplate\":\"https:\\\/\\\/diarioprincipios.com\\\/?s={search_term_string}\"},\"query-input\":{\"@type\":\"PropertyValueSpecification\",\"valueRequired\":true,\"valueName\":\"search_term_string\"}}],\"inLanguage\":\"es\"},{\"@type\":\"Organization\",\"@id\":\"https:\\\/\\\/diarioprincipios.com\\\/#organization\",\"name\":\"Principios\",\"url\":\"https:\\\/\\\/diarioprincipios.com\\\/\",\"logo\":{\"@type\":\"ImageObject\",\"inLanguage\":\"es\",\"@id\":\"https:\\\/\\\/diarioprincipios.com\\\/#\\\/schema\\\/logo\\\/image\\\/\",\"url\":\"https:\\\/\\\/diarioprincipios.com\\\/wp-content\\\/uploads\\\/2024\\\/04\\\/cropped-www.diarioprincipios.com_-1.png\",\"contentUrl\":\"https:\\\/\\\/diarioprincipios.com\\\/wp-content\\\/uploads\\\/2024\\\/04\\\/cropped-www.diarioprincipios.com_-1.png\",\"width\":5325,\"height\":1454,\"caption\":\"Principios\"},\"image\":{\"@id\":\"https:\\\/\\\/diarioprincipios.com\\\/#\\\/schema\\\/logo\\\/image\\\/\"}},{\"@type\":\"Person\",\"@id\":\"https:\\\/\\\/diarioprincipios.com\\\/#\\\/schema\\\/person\\\/436d5a1fd41a5e250e23ff5a6a7cb080\",\"name\":\"Hern\u00e1n L\u00f3pez\",\"image\":{\"@type\":\"ImageObject\",\"inLanguage\":\"es\",\"@id\":\"https:\\\/\\\/diarioprincipios.com\\\/wp-content\\\/litespeed\\\/avatar\\\/11ddfe5610ff3bd100522525b2571f48.jpg?ver=1777048341\",\"url\":\"https:\\\/\\\/diarioprincipios.com\\\/wp-content\\\/litespeed\\\/avatar\\\/11ddfe5610ff3bd100522525b2571f48.jpg?ver=1777048341\",\"contentUrl\":\"https:\\\/\\\/diarioprincipios.com\\\/wp-content\\\/litespeed\\\/avatar\\\/11ddfe5610ff3bd100522525b2571f48.jpg?ver=1777048341\",\"caption\":\"Hern\u00e1n L\u00f3pez\"},\"url\":\"https:\\\/\\\/diarioprincipios.com\\\/index.php\\\/author\\\/hernan\\\/\"}]}<\/script>\n<!-- \/ Yoast SEO plugin. -->","yoast_head_json":{"title":"Autoridades del STMB mantuvieron reuni\u00f3n de trabajo con el Intendente Mussi - Principios","robots":{"index":"index","follow":"follow","max-snippet":"max-snippet:-1","max-image-preview":"max-image-preview:large","max-video-preview":"max-video-preview:-1"},"canonical":"https:\/\/diarioprincipios.com\/index.php\/2024\/02\/01\/autoridades-del-stmb-mantuvieron-reunion-de-trabajo-con-el-intendente-mussi\/","og_locale":"es_ES","og_type":"article","og_title":"Autoridades del STMB mantuvieron reuni\u00f3n de trabajo con el Intendente Mussi - Principios","og_description":"Autoridades del Sindicato de Trabajadores Municipales de Berazategui, encabezadas por su secretario general Gabriel Carril Campusano mantuvieron esta semana una reuni\u00f3n de trabajo con el Intendente Juan Jos\u00e9 Mussi, durante la cual abordaron una variedad de temas relacionados con los trabajadores municipales del distrito. El encuentro se llev\u00f3 a cabo en las instalaciones municipales y...","og_url":"https:\/\/diarioprincipios.com\/index.php\/2024\/02\/01\/autoridades-del-stmb-mantuvieron-reunion-de-trabajo-con-el-intendente-mussi\/","og_site_name":"Principios","article_published_time":"2024-02-01T13:41:53+00:00","article_modified_time":"2024-02-01T13:41:56+00:00","og_image":[{"width":1600,"height":738,"url":"https:\/\/diarioprincipios.com\/wp-content\/uploads\/2024\/02\/31-01-2024-Reunion-con-Mussi.jpeg","type":"image\/jpeg"}],"author":"Hern\u00e1n L\u00f3pez","twitter_card":"summary_large_image","twitter_misc":{"Escrito por":"Hern\u00e1n L\u00f3pez","Tiempo de lectura":"1 minuto"},"schema":{"@context":"https:\/\/schema.org","@graph":[{"@type":"Article","@id":"https:\/\/diarioprincipios.com\/index.php\/2024\/02\/01\/autoridades-del-stmb-mantuvieron-reunion-de-trabajo-con-el-intendente-mussi\/#article","isPartOf":{"@id":"https:\/\/diarioprincipios.com\/index.php\/2024\/02\/01\/autoridades-del-stmb-mantuvieron-reunion-de-trabajo-con-el-intendente-mussi\/"},"author":{"name":"Hern\u00e1n L\u00f3pez","@id":"https:\/\/diarioprincipios.com\/#\/schema\/person\/436d5a1fd41a5e250e23ff5a6a7cb080"},"headline":"Autoridades del STMB mantuvieron reuni\u00f3n de trabajo con el Intendente Mussi","datePublished":"2024-02-01T13:41:53+00:00","dateModified":"2024-02-01T13:41:56+00:00","mainEntityOfPage":{"@id":"https:\/\/diarioprincipios.com\/index.php\/2024\/02\/01\/autoridades-del-stmb-mantuvieron-reunion-de-trabajo-con-el-intendente-mussi\/"},"wordCount":236,"commentCount":0,"publisher":{"@id":"https:\/\/diarioprincipios.com\/#organization"},"image":{"@id":"https:\/\/diarioprincipios.com\/index.php\/2024\/02\/01\/autoridades-del-stmb-mantuvieron-reunion-de-trabajo-con-el-intendente-mussi\/#primaryimage"},"thumbnailUrl":"https:\/\/diarioprincipios.com\/wp-content\/uploads\/2024\/02\/31-01-2024-Reunion-con-Mussi.jpeg","articleSection":["Berazategui"],"inLanguage":"es","potentialAction":[{"@type":"CommentAction","name":"Comment","target":["https:\/\/diarioprincipios.com\/index.php\/2024\/02\/01\/autoridades-del-stmb-mantuvieron-reunion-de-trabajo-con-el-intendente-mussi\/#respond"]}]},{"@type":"WebPage","@id":"https:\/\/diarioprincipios.com\/index.php\/2024\/02\/01\/autoridades-del-stmb-mantuvieron-reunion-de-trabajo-con-el-intendente-mussi\/","url":"https:\/\/diarioprincipios.com\/index.php\/2024\/02\/01\/autoridades-del-stmb-mantuvieron-reunion-de-trabajo-con-el-intendente-mussi\/","name":"Autoridades del STMB mantuvieron reuni\u00f3n de trabajo con el Intendente Mussi - Principios","isPartOf":{"@id":"https:\/\/diarioprincipios.com\/#website"},"primaryImageOfPage":{"@id":"https:\/\/diarioprincipios.com\/index.php\/2024\/02\/01\/autoridades-del-stmb-mantuvieron-reunion-de-trabajo-con-el-intendente-mussi\/#primaryimage"},"image":{"@id":"https:\/\/diarioprincipios.com\/index.php\/2024\/02\/01\/autoridades-del-stmb-mantuvieron-reunion-de-trabajo-con-el-intendente-mussi\/#primaryimage"},"thumbnailUrl":"https:\/\/diarioprincipios.com\/wp-content\/uploads\/2024\/02\/31-01-2024-Reunion-con-Mussi.jpeg","datePublished":"2024-02-01T13:41:53+00:00","dateModified":"2024-02-01T13:41:56+00:00","breadcrumb":{"@id":"https:\/\/diarioprincipios.com\/index.php\/2024\/02\/01\/autoridades-del-stmb-mantuvieron-reunion-de-trabajo-con-el-intendente-mussi\/#breadcrumb"},"inLanguage":"es","potentialAction":[{"@type":"ReadAction","target":["https:\/\/diarioprincipios.com\/index.php\/2024\/02\/01\/autoridades-del-stmb-mantuvieron-reunion-de-trabajo-con-el-intendente-mussi\/"]}]},{"@type":"ImageObject","inLanguage":"es","@id":"https:\/\/diarioprincipios.com\/index.php\/2024\/02\/01\/autoridades-del-stmb-mantuvieron-reunion-de-trabajo-con-el-intendente-mussi\/#primaryimage","url":"https:\/\/diarioprincipios.com\/wp-content\/uploads\/2024\/02\/31-01-2024-Reunion-con-Mussi.jpeg","contentUrl":"https:\/\/diarioprincipios.com\/wp-content\/uploads\/2024\/02\/31-01-2024-Reunion-con-Mussi.jpeg","width":1600,"height":738},{"@type":"BreadcrumbList","@id":"https:\/\/diarioprincipios.com\/index.php\/2024\/02\/01\/autoridades-del-stmb-mantuvieron-reunion-de-trabajo-con-el-intendente-mussi\/#breadcrumb","itemListElement":[{"@type":"ListItem","position":1,"name":"Portada","item":"https:\/\/diarioprincipios.com\/"},{"@type":"ListItem","position":2,"name":"Autoridades del STMB mantuvieron reuni\u00f3n de trabajo con el Intendente Mussi"}]},{"@type":"WebSite","@id":"https:\/\/diarioprincipios.com\/#website","url":"https:\/\/diarioprincipios.com\/","name":"Principios","description":"Principios Diario","publisher":{"@id":"https:\/\/diarioprincipios.com\/#organization"},"potentialAction":[{"@type":"SearchAction","target":{"@type":"EntryPoint","urlTemplate":"https:\/\/diarioprincipios.com\/?s={search_term_string}"},"query-input":{"@type":"PropertyValueSpecification","valueRequired":true,"valueName":"search_term_string"}}],"inLanguage":"es"},{"@type":"Organization","@id":"https:\/\/diarioprincipios.com\/#organization","name":"Principios","url":"https:\/\/diarioprincipios.com\/","logo":{"@type":"ImageObject","inLanguage":"es","@id":"https:\/\/diarioprincipios.com\/#\/schema\/logo\/image\/","url":"https:\/\/diarioprincipios.com\/wp-content\/uploads\/2024\/04\/cropped-www.diarioprincipios.com_-1.png","contentUrl":"https:\/\/diarioprincipios.com\/wp-content\/uploads\/2024\/04\/cropped-www.diarioprincipios.com_-1.png","width":5325,"height":1454,"caption":"Principios"},"image":{"@id":"https:\/\/diarioprincipios.com\/#\/schema\/logo\/image\/"}},{"@type":"Person","@id":"https:\/\/diarioprincipios.com\/#\/schema\/person\/436d5a1fd41a5e250e23ff5a6a7cb080","name":"Hern\u00e1n L\u00f3pez","image":{"@type":"ImageObject","inLanguage":"es","@id":"https:\/\/diarioprincipios.com\/wp-content\/litespeed\/avatar\/11ddfe5610ff3bd100522525b2571f48.jpg?ver=1777048341","url":"https:\/\/diarioprincipios.com\/wp-content\/litespeed\/avatar\/11ddfe5610ff3bd100522525b2571f48.jpg?ver=1777048341","contentUrl":"https:\/\/diarioprincipios.com\/wp-content\/litespeed\/avatar\/11ddfe5610ff3bd100522525b2571f48.jpg?ver=1777048341","caption":"Hern\u00e1n L\u00f3pez"},"url":"https:\/\/diarioprincipios.com\/index.php\/author\/hernan\/"}]}},"jetpack_featured_media_url":"https:\/\/diarioprincipios.com\/wp-content\/uploads\/2024\/02\/31-01-2024-Reunion-con-Mussi.jpeg","_links":{"self":[{"href":"https:\/\/diarioprincipios.com\/index.php\/wp-json\/wp\/v2\/posts\/20552","targetHints":{"allow":["GET"]}}],"collection":[{"href":"https:\/\/diarioprincipios.com\/index.php\/wp-json\/wp\/v2\/posts"}],"about":[{"href":"https:\/\/diarioprincipios.com\/index.php\/wp-json\/wp\/v2\/types\/post"}],"author":[{"embeddable":true,"href":"https:\/\/diarioprincipios.com\/index.php\/wp-json\/wp\/v2\/users\/2"}],"replies":[{"embeddable":true,"href":"https:\/\/diarioprincipios.com\/index.php\/wp-json\/wp\/v2\/comments?post=20552"}],"version-history":[{"count":1,"href":"https:\/\/diarioprincipios.com\/index.php\/wp-json\/wp\/v2\/posts\/20552\/revisions"}],"predecessor-version":[{"id":20554,"href":"https:\/\/diarioprincipios.com\/index.php\/wp-json\/wp\/v2\/posts\/20552\/revisions\/20554"}],"wp:featuredmedia":[{"embeddable":true,"href":"https:\/\/diarioprincipios.com\/index.php\/wp-json\/wp\/v2\/media\/20553"}],"wp:attachment":[{"href":"https:\/\/diarioprincipios.com\/index.php\/wp-json\/wp\/v2\/media?parent=20552"}],"wp:term":[{"taxonomy":"category","embeddable":true,"href":"https:\/\/diarioprincipios.com\/index.php\/wp-json\/wp\/v2\/categories?post=20552"},{"taxonomy":"post_tag","embeddable":true,"href":"https:\/\/diarioprincipios.com\/index.php\/wp-json\/wp\/v2\/tags?post=20552"}],"curies":[{"name":"wp","href":"https:\/\/api.w.org\/{rel}","templated":true}]}}