{"id":20534,"date":"2024-01-30T17:02:26","date_gmt":"2024-01-30T20:02:26","guid":{"rendered":"http:\/\/diarioprincipios.com\/?p=20534"},"modified":"2024-01-30T17:02:27","modified_gmt":"2024-01-30T20:02:27","slug":"lanzaron-campana-de-seguridad-vial-en-el-peaje-de-hudson","status":"publish","type":"post","link":"https:\/\/diarioprincipios.com\/index.php\/2024\/01\/30\/lanzaron-campana-de-seguridad-vial-en-el-peaje-de-hudson\/","title":{"rendered":"Lanzaron Campa\u00f1a de Seguridad Vial en el Peaje de Hudson"},"content":{"rendered":"\n<p><strong>Transporte y AUBASA lanzaron una campa\u00f1a de seguridad vial centrada en los riesgos del uso del celular<\/strong><\/p>\n\n\n\n<p><em>El Ministerio comandado por Jorge D\u2019Onofrio y la empresa estatal bonaerense inauguraron los trabajos de concientizaci\u00f3n con un operativo conjunto en el Peaje de Hudson. La misi\u00f3n es promover una conducci\u00f3n m\u00e1s segura y libre de distracciones en las autov\u00edas de la provincia de Buenos Aires.<\/em><\/p>\n\n\n\n<figure class=\"wp-block-image size-large\"><img loading=\"lazy\" decoding=\"async\" width=\"1024\" height=\"682\" src=\"https:\/\/diarioprincipios.com\/wp-content\/uploads\/2024\/01\/b89432de-217a-4427-a8df-b78ba432eabb-1-1024x682.jpg\" alt=\"\" class=\"wp-image-20539\" srcset=\"https:\/\/diarioprincipios.com\/wp-content\/uploads\/2024\/01\/b89432de-217a-4427-a8df-b78ba432eabb-1-1024x682.jpg 1024w, https:\/\/diarioprincipios.com\/wp-content\/uploads\/2024\/01\/b89432de-217a-4427-a8df-b78ba432eabb-1-300x200.jpg 300w, https:\/\/diarioprincipios.com\/wp-content\/uploads\/2024\/01\/b89432de-217a-4427-a8df-b78ba432eabb-1-768x512.jpg 768w, https:\/\/diarioprincipios.com\/wp-content\/uploads\/2024\/01\/b89432de-217a-4427-a8df-b78ba432eabb-1-1536x1024.jpg 1536w, https:\/\/diarioprincipios.com\/wp-content\/uploads\/2024\/01\/b89432de-217a-4427-a8df-b78ba432eabb-1-2048x1365.jpg 2048w\" sizes=\"auto, (max-width: 1024px) 100vw, 1024px\" \/><\/figure>\n\n\n\n<p>Este martes en el Peaje de Hudson, el Ministerio de Transporte de la Provincia de Buenos Aires, a cargo de Jorge D\u2019Onofrio, y la empresa estatal bonaerense Autopistas de Buenos Aires S.A. (AUBASA) lanzaron la campa\u00f1a de seguridad vial para la concientizar sobre los riesgos del uso del celular al volante con un operativo de control vehicular a conductoras y conductores.<\/p>\n\n\n\n<p>El objetivo de la campa\u00f1a es dar a conocer a la ciudadan\u00eda sobre las consecuencias negativas de usar el celular al conducir, lo cual conlleva desatender el camino, y de no mantener una distancia prudente con los veh\u00edculos que circulan por delante. As\u00ed, se busca prevenir los siniestros viales que ocurren asiduamente en la autopista que conecta la capital bonaerense con la nacional, como tambi\u00e9n, en el resto de las carreteras provinciales.<\/p>\n\n\n\n<figure class=\"wp-block-image size-large\"><img loading=\"lazy\" decoding=\"async\" width=\"1024\" height=\"682\" src=\"https:\/\/diarioprincipios.com\/wp-content\/uploads\/2024\/01\/4e759620-7cc5-454e-ba29-b50d9574833c-1-1024x682.jpg\" alt=\"\" class=\"wp-image-20538\" srcset=\"https:\/\/diarioprincipios.com\/wp-content\/uploads\/2024\/01\/4e759620-7cc5-454e-ba29-b50d9574833c-1-1024x682.jpg 1024w, https:\/\/diarioprincipios.com\/wp-content\/uploads\/2024\/01\/4e759620-7cc5-454e-ba29-b50d9574833c-1-300x200.jpg 300w, https:\/\/diarioprincipios.com\/wp-content\/uploads\/2024\/01\/4e759620-7cc5-454e-ba29-b50d9574833c-1-768x512.jpg 768w, https:\/\/diarioprincipios.com\/wp-content\/uploads\/2024\/01\/4e759620-7cc5-454e-ba29-b50d9574833c-1-1536x1024.jpg 1536w, https:\/\/diarioprincipios.com\/wp-content\/uploads\/2024\/01\/4e759620-7cc5-454e-ba29-b50d9574833c-1-2048x1365.jpg 2048w\" sizes=\"auto, (max-width: 1024px) 100vw, 1024px\" \/><\/figure>\n\n\n\n<p>En este sentido, un estudio realizado por el Centro de Control y Monitoreo (CCM) y el Departamento de Asistencia Vial (BALP) de AUBASA reportaron un incremento de siniestros viales. Los m\u00e1s frecuentes se producen de tres formas: por \u201calcance\u201d, cuando un veh\u00edculo impacta a otro en su parte trasera; \u201cen cadena\u201d, por colisiones en las que se ven inmersos m\u00e1s de dos veh\u00edculos que circulen uno detr\u00e1s de otro o de modo similar; y por \u201cestrellamiento\u201d, cuando el impacto es contra un elemento fijo, por ejemplo, una defensa o un veh\u00edculo detenido.<\/p>\n\n\n\n<p>Respecto al uso del celular al volante o en motos, vale destacar que 9 de cada 10 conductores reconocen utilizarlo al manejar y 1 de cada 3 sufri\u00f3 un siniestro por hacerlo. Entre los efectos negativos que produce, al contestar una llamada al mismo tiempo que se circula a 100 km\/h, se recorren 135 metros a ciegas, o m\u00e1s de 600 al escribir un mensaje de texto, ya sea un \u201cOK\u201d o una reacci\u00f3n.<\/p>\n\n\n\n<p>Asimismo, usar el celular impide percibir el 40% de las se\u00f1ales de tr\u00e1nsito y baja la velocidad de respuesta un 12%, perdiendo la concentraci\u00f3n, el c\u00e1lculo de la distancia entre autos y la constancia en la velocidad del veh\u00edculo.<\/p>\n\n\n\n<figure class=\"wp-block-image size-large\"><img loading=\"lazy\" decoding=\"async\" width=\"1024\" height=\"719\" src=\"https:\/\/diarioprincipios.com\/wp-content\/uploads\/2024\/01\/c4339ede-1794-4a24-9dc1-e7628a4ca620-1024x719.jpg\" alt=\"\" class=\"wp-image-20537\" srcset=\"https:\/\/diarioprincipios.com\/wp-content\/uploads\/2024\/01\/c4339ede-1794-4a24-9dc1-e7628a4ca620-1024x719.jpg 1024w, https:\/\/diarioprincipios.com\/wp-content\/uploads\/2024\/01\/c4339ede-1794-4a24-9dc1-e7628a4ca620-300x211.jpg 300w, https:\/\/diarioprincipios.com\/wp-content\/uploads\/2024\/01\/c4339ede-1794-4a24-9dc1-e7628a4ca620-768x540.jpg 768w, https:\/\/diarioprincipios.com\/wp-content\/uploads\/2024\/01\/c4339ede-1794-4a24-9dc1-e7628a4ca620-1536x1079.jpg 1536w, https:\/\/diarioprincipios.com\/wp-content\/uploads\/2024\/01\/c4339ede-1794-4a24-9dc1-e7628a4ca620.jpg 1600w\" sizes=\"auto, (max-width: 1024px) 100vw, 1024px\" \/><\/figure>\n\n\n\n<p>\u201cAtenci\u00f3n al Volante\u201d, encabezada por Transporte y AUBASA, busca un cambio cultural para desalentar este mal h\u00e1bito arraigado entre conductores y conductoras, en una \u00e9poca de hiper conectividad, en conjunto con otras campa\u00f1as de concientizaci\u00f3n para un escenario vial seguro y emp\u00e1tico, como \u201cAlcohol Cero al Volante\u201d y el programa de contenidos para estudiantes de escuelas secundarias bonaerenses, \u201cLicencia Joven\u201d, entre otros esfuerzos y l\u00edneas de acci\u00f3n que desarrolla la repartici\u00f3n que lidera el Ministro D\u2019Onofrio desde que asumi\u00f3 la gesti\u00f3n.<\/p>\n\n\n\n<p>Cabe destacar que, por parte de AUBASA, acompa\u00f1aron la iniciativa el Gerente general, Juan Bonfiglio; el Subgerente de Relaciones Institucionales, Eduardo Rodr\u00edguez; y el Subgerente de Seguridad Patrimonial, Mauro Moreti.<\/p>\n","protected":false},"excerpt":{"rendered":"<p>Transporte y AUBASA lanzaron una campa\u00f1a de seguridad vial centrada en los riesgos del uso del celular El Ministerio comandado por Jorge D\u2019Onofrio y la empresa estatal bonaerense inauguraron los trabajos de concientizaci\u00f3n con un operativo conjunto en el Peaje de Hudson. La misi\u00f3n es promover una conducci\u00f3n m\u00e1s segura y libre de distracciones en&#8230;<\/p>\n","protected":false},"author":2,"featured_media":20540,"comment_status":"open","ping_status":"open","sticky":false,"template":"","format":"standard","meta":{"footnotes":""},"categories":[7],"tags":[],"class_list":["post-20534","post","type-post","status-publish","format-standard","has-post-thumbnail","hentry","category-provincia"],"featured_image_src":"https:\/\/diarioprincipios.com\/wp-content\/uploads\/2024\/01\/e1062b67-fc4a-41a2-a305-9997bf8bff0a-1024x682.jpg","blog_images":{"medium":"https:\/\/diarioprincipios.com\/wp-content\/uploads\/2024\/01\/e1062b67-fc4a-41a2-a305-9997bf8bff0a-300x200.jpg","large":"https:\/\/diarioprincipios.com\/wp-content\/uploads\/2024\/01\/e1062b67-fc4a-41a2-a305-9997bf8bff0a-1024x682.jpg"},"ams_acf":[],"yoast_head":"<!-- This site is optimized with the Yoast SEO plugin v27.3 - https:\/\/yoast.com\/product\/yoast-seo-wordpress\/ -->\n<title>Lanzaron Campa\u00f1a de Seguridad Vial en el Peaje de Hudson - Principios<\/title>\n<meta name=\"robots\" content=\"index, follow, max-snippet:-1, max-image-preview:large, max-video-preview:-1\" \/>\n<link rel=\"canonical\" href=\"https:\/\/diarioprincipios.com\/index.php\/2024\/01\/30\/lanzaron-campana-de-seguridad-vial-en-el-peaje-de-hudson\/\" \/>\n<meta property=\"og:locale\" content=\"es_ES\" \/>\n<meta property=\"og:type\" content=\"article\" \/>\n<meta property=\"og:title\" content=\"Lanzaron Campa\u00f1a de Seguridad Vial en el Peaje de Hudson - Principios\" \/>\n<meta property=\"og:description\" content=\"Transporte y AUBASA lanzaron una campa\u00f1a de seguridad vial centrada en los riesgos del uso del celular El Ministerio comandado por Jorge D\u2019Onofrio y la empresa estatal bonaerense inauguraron los trabajos de concientizaci\u00f3n con un operativo conjunto en el Peaje de Hudson. La misi\u00f3n es promover una conducci\u00f3n m\u00e1s segura y libre de distracciones en...\" \/>\n<meta property=\"og:url\" content=\"https:\/\/diarioprincipios.com\/index.php\/2024\/01\/30\/lanzaron-campana-de-seguridad-vial-en-el-peaje-de-hudson\/\" \/>\n<meta property=\"og:site_name\" content=\"Principios\" \/>\n<meta property=\"article:published_time\" content=\"2024-01-30T20:02:26+00:00\" \/>\n<meta property=\"article:modified_time\" content=\"2024-01-30T20:02:27+00:00\" \/>\n<meta property=\"og:image\" content=\"https:\/\/diarioprincipios.com\/wp-content\/uploads\/2024\/01\/e1062b67-fc4a-41a2-a305-9997bf8bff0a.jpg\" \/>\n\t<meta property=\"og:image:width\" content=\"1600\" \/>\n\t<meta property=\"og:image:height\" content=\"1066\" \/>\n\t<meta property=\"og:image:type\" content=\"image\/jpeg\" \/>\n<meta name=\"author\" content=\"Hern\u00e1n L\u00f3pez\" \/>\n<meta name=\"twitter:card\" content=\"summary_large_image\" \/>\n<meta name=\"twitter:label1\" content=\"Escrito por\" \/>\n\t<meta name=\"twitter:data1\" content=\"Hern\u00e1n L\u00f3pez\" \/>\n\t<meta name=\"twitter:label2\" content=\"Tiempo de lectura\" \/>\n\t<meta name=\"twitter:data2\" content=\"3 minutos\" \/>\n<script type=\"application\/ld+json\" class=\"yoast-schema-graph\">{\"@context\":\"https:\\\/\\\/schema.org\",\"@graph\":[{\"@type\":\"Article\",\"@id\":\"https:\\\/\\\/diarioprincipios.com\\\/index.php\\\/2024\\\/01\\\/30\\\/lanzaron-campana-de-seguridad-vial-en-el-peaje-de-hudson\\\/#article\",\"isPartOf\":{\"@id\":\"https:\\\/\\\/diarioprincipios.com\\\/index.php\\\/2024\\\/01\\\/30\\\/lanzaron-campana-de-seguridad-vial-en-el-peaje-de-hudson\\\/\"},\"author\":{\"name\":\"Hern\u00e1n L\u00f3pez\",\"@id\":\"https:\\\/\\\/diarioprincipios.com\\\/#\\\/schema\\\/person\\\/436d5a1fd41a5e250e23ff5a6a7cb080\"},\"headline\":\"Lanzaron Campa\u00f1a de Seguridad Vial en el Peaje de Hudson\",\"datePublished\":\"2024-01-30T20:02:26+00:00\",\"dateModified\":\"2024-01-30T20:02:27+00:00\",\"mainEntityOfPage\":{\"@id\":\"https:\\\/\\\/diarioprincipios.com\\\/index.php\\\/2024\\\/01\\\/30\\\/lanzaron-campana-de-seguridad-vial-en-el-peaje-de-hudson\\\/\"},\"wordCount\":554,\"commentCount\":0,\"publisher\":{\"@id\":\"https:\\\/\\\/diarioprincipios.com\\\/#organization\"},\"image\":{\"@id\":\"https:\\\/\\\/diarioprincipios.com\\\/index.php\\\/2024\\\/01\\\/30\\\/lanzaron-campana-de-seguridad-vial-en-el-peaje-de-hudson\\\/#primaryimage\"},\"thumbnailUrl\":\"https:\\\/\\\/diarioprincipios.com\\\/wp-content\\\/uploads\\\/2024\\\/01\\\/e1062b67-fc4a-41a2-a305-9997bf8bff0a.jpg\",\"articleSection\":[\"Provincia\"],\"inLanguage\":\"es\",\"potentialAction\":[{\"@type\":\"CommentAction\",\"name\":\"Comment\",\"target\":[\"https:\\\/\\\/diarioprincipios.com\\\/index.php\\\/2024\\\/01\\\/30\\\/lanzaron-campana-de-seguridad-vial-en-el-peaje-de-hudson\\\/#respond\"]}]},{\"@type\":\"WebPage\",\"@id\":\"https:\\\/\\\/diarioprincipios.com\\\/index.php\\\/2024\\\/01\\\/30\\\/lanzaron-campana-de-seguridad-vial-en-el-peaje-de-hudson\\\/\",\"url\":\"https:\\\/\\\/diarioprincipios.com\\\/index.php\\\/2024\\\/01\\\/30\\\/lanzaron-campana-de-seguridad-vial-en-el-peaje-de-hudson\\\/\",\"name\":\"Lanzaron Campa\u00f1a de Seguridad Vial en el Peaje de Hudson - Principios\",\"isPartOf\":{\"@id\":\"https:\\\/\\\/diarioprincipios.com\\\/#website\"},\"primaryImageOfPage\":{\"@id\":\"https:\\\/\\\/diarioprincipios.com\\\/index.php\\\/2024\\\/01\\\/30\\\/lanzaron-campana-de-seguridad-vial-en-el-peaje-de-hudson\\\/#primaryimage\"},\"image\":{\"@id\":\"https:\\\/\\\/diarioprincipios.com\\\/index.php\\\/2024\\\/01\\\/30\\\/lanzaron-campana-de-seguridad-vial-en-el-peaje-de-hudson\\\/#primaryimage\"},\"thumbnailUrl\":\"https:\\\/\\\/diarioprincipios.com\\\/wp-content\\\/uploads\\\/2024\\\/01\\\/e1062b67-fc4a-41a2-a305-9997bf8bff0a.jpg\",\"datePublished\":\"2024-01-30T20:02:26+00:00\",\"dateModified\":\"2024-01-30T20:02:27+00:00\",\"breadcrumb\":{\"@id\":\"https:\\\/\\\/diarioprincipios.com\\\/index.php\\\/2024\\\/01\\\/30\\\/lanzaron-campana-de-seguridad-vial-en-el-peaje-de-hudson\\\/#breadcrumb\"},\"inLanguage\":\"es\",\"potentialAction\":[{\"@type\":\"ReadAction\",\"target\":[\"https:\\\/\\\/diarioprincipios.com\\\/index.php\\\/2024\\\/01\\\/30\\\/lanzaron-campana-de-seguridad-vial-en-el-peaje-de-hudson\\\/\"]}]},{\"@type\":\"ImageObject\",\"inLanguage\":\"es\",\"@id\":\"https:\\\/\\\/diarioprincipios.com\\\/index.php\\\/2024\\\/01\\\/30\\\/lanzaron-campana-de-seguridad-vial-en-el-peaje-de-hudson\\\/#primaryimage\",\"url\":\"https:\\\/\\\/diarioprincipios.com\\\/wp-content\\\/uploads\\\/2024\\\/01\\\/e1062b67-fc4a-41a2-a305-9997bf8bff0a.jpg\",\"contentUrl\":\"https:\\\/\\\/diarioprincipios.com\\\/wp-content\\\/uploads\\\/2024\\\/01\\\/e1062b67-fc4a-41a2-a305-9997bf8bff0a.jpg\",\"width\":1600,\"height\":1066},{\"@type\":\"BreadcrumbList\",\"@id\":\"https:\\\/\\\/diarioprincipios.com\\\/index.php\\\/2024\\\/01\\\/30\\\/lanzaron-campana-de-seguridad-vial-en-el-peaje-de-hudson\\\/#breadcrumb\",\"itemListElement\":[{\"@type\":\"ListItem\",\"position\":1,\"name\":\"Portada\",\"item\":\"https:\\\/\\\/diarioprincipios.com\\\/\"},{\"@type\":\"ListItem\",\"position\":2,\"name\":\"Lanzaron Campa\u00f1a de Seguridad Vial en el Peaje de Hudson\"}]},{\"@type\":\"WebSite\",\"@id\":\"https:\\\/\\\/diarioprincipios.com\\\/#website\",\"url\":\"https:\\\/\\\/diarioprincipios.com\\\/\",\"name\":\"Principios\",\"description\":\"Principios Diario\",\"publisher\":{\"@id\":\"https:\\\/\\\/diarioprincipios.com\\\/#organization\"},\"potentialAction\":[{\"@type\":\"SearchAction\",\"target\":{\"@type\":\"EntryPoint\",\"urlTemplate\":\"https:\\\/\\\/diarioprincipios.com\\\/?s={search_term_string}\"},\"query-input\":{\"@type\":\"PropertyValueSpecification\",\"valueRequired\":true,\"valueName\":\"search_term_string\"}}],\"inLanguage\":\"es\"},{\"@type\":\"Organization\",\"@id\":\"https:\\\/\\\/diarioprincipios.com\\\/#organization\",\"name\":\"Principios\",\"url\":\"https:\\\/\\\/diarioprincipios.com\\\/\",\"logo\":{\"@type\":\"ImageObject\",\"inLanguage\":\"es\",\"@id\":\"https:\\\/\\\/diarioprincipios.com\\\/#\\\/schema\\\/logo\\\/image\\\/\",\"url\":\"https:\\\/\\\/diarioprincipios.com\\\/wp-content\\\/uploads\\\/2024\\\/04\\\/cropped-www.diarioprincipios.com_-1.png\",\"contentUrl\":\"https:\\\/\\\/diarioprincipios.com\\\/wp-content\\\/uploads\\\/2024\\\/04\\\/cropped-www.diarioprincipios.com_-1.png\",\"width\":5325,\"height\":1454,\"caption\":\"Principios\"},\"image\":{\"@id\":\"https:\\\/\\\/diarioprincipios.com\\\/#\\\/schema\\\/logo\\\/image\\\/\"}},{\"@type\":\"Person\",\"@id\":\"https:\\\/\\\/diarioprincipios.com\\\/#\\\/schema\\\/person\\\/436d5a1fd41a5e250e23ff5a6a7cb080\",\"name\":\"Hern\u00e1n L\u00f3pez\",\"image\":{\"@type\":\"ImageObject\",\"inLanguage\":\"es\",\"@id\":\"https:\\\/\\\/diarioprincipios.com\\\/wp-content\\\/litespeed\\\/avatar\\\/11ddfe5610ff3bd100522525b2571f48.jpg?ver=1777048341\",\"url\":\"https:\\\/\\\/diarioprincipios.com\\\/wp-content\\\/litespeed\\\/avatar\\\/11ddfe5610ff3bd100522525b2571f48.jpg?ver=1777048341\",\"contentUrl\":\"https:\\\/\\\/diarioprincipios.com\\\/wp-content\\\/litespeed\\\/avatar\\\/11ddfe5610ff3bd100522525b2571f48.jpg?ver=1777048341\",\"caption\":\"Hern\u00e1n L\u00f3pez\"},\"url\":\"https:\\\/\\\/diarioprincipios.com\\\/index.php\\\/author\\\/hernan\\\/\"}]}<\/script>\n<!-- \/ Yoast SEO plugin. -->","yoast_head_json":{"title":"Lanzaron Campa\u00f1a de Seguridad Vial en el Peaje de Hudson - Principios","robots":{"index":"index","follow":"follow","max-snippet":"max-snippet:-1","max-image-preview":"max-image-preview:large","max-video-preview":"max-video-preview:-1"},"canonical":"https:\/\/diarioprincipios.com\/index.php\/2024\/01\/30\/lanzaron-campana-de-seguridad-vial-en-el-peaje-de-hudson\/","og_locale":"es_ES","og_type":"article","og_title":"Lanzaron Campa\u00f1a de Seguridad Vial en el Peaje de Hudson - Principios","og_description":"Transporte y AUBASA lanzaron una campa\u00f1a de seguridad vial centrada en los riesgos del uso del celular El Ministerio comandado por Jorge D\u2019Onofrio y la empresa estatal bonaerense inauguraron los trabajos de concientizaci\u00f3n con un operativo conjunto en el Peaje de Hudson. La misi\u00f3n es promover una conducci\u00f3n m\u00e1s segura y libre de distracciones en...","og_url":"https:\/\/diarioprincipios.com\/index.php\/2024\/01\/30\/lanzaron-campana-de-seguridad-vial-en-el-peaje-de-hudson\/","og_site_name":"Principios","article_published_time":"2024-01-30T20:02:26+00:00","article_modified_time":"2024-01-30T20:02:27+00:00","og_image":[{"width":1600,"height":1066,"url":"https:\/\/diarioprincipios.com\/wp-content\/uploads\/2024\/01\/e1062b67-fc4a-41a2-a305-9997bf8bff0a.jpg","type":"image\/jpeg"}],"author":"Hern\u00e1n L\u00f3pez","twitter_card":"summary_large_image","twitter_misc":{"Escrito por":"Hern\u00e1n L\u00f3pez","Tiempo de lectura":"3 minutos"},"schema":{"@context":"https:\/\/schema.org","@graph":[{"@type":"Article","@id":"https:\/\/diarioprincipios.com\/index.php\/2024\/01\/30\/lanzaron-campana-de-seguridad-vial-en-el-peaje-de-hudson\/#article","isPartOf":{"@id":"https:\/\/diarioprincipios.com\/index.php\/2024\/01\/30\/lanzaron-campana-de-seguridad-vial-en-el-peaje-de-hudson\/"},"author":{"name":"Hern\u00e1n L\u00f3pez","@id":"https:\/\/diarioprincipios.com\/#\/schema\/person\/436d5a1fd41a5e250e23ff5a6a7cb080"},"headline":"Lanzaron Campa\u00f1a de Seguridad Vial en el Peaje de Hudson","datePublished":"2024-01-30T20:02:26+00:00","dateModified":"2024-01-30T20:02:27+00:00","mainEntityOfPage":{"@id":"https:\/\/diarioprincipios.com\/index.php\/2024\/01\/30\/lanzaron-campana-de-seguridad-vial-en-el-peaje-de-hudson\/"},"wordCount":554,"commentCount":0,"publisher":{"@id":"https:\/\/diarioprincipios.com\/#organization"},"image":{"@id":"https:\/\/diarioprincipios.com\/index.php\/2024\/01\/30\/lanzaron-campana-de-seguridad-vial-en-el-peaje-de-hudson\/#primaryimage"},"thumbnailUrl":"https:\/\/diarioprincipios.com\/wp-content\/uploads\/2024\/01\/e1062b67-fc4a-41a2-a305-9997bf8bff0a.jpg","articleSection":["Provincia"],"inLanguage":"es","potentialAction":[{"@type":"CommentAction","name":"Comment","target":["https:\/\/diarioprincipios.com\/index.php\/2024\/01\/30\/lanzaron-campana-de-seguridad-vial-en-el-peaje-de-hudson\/#respond"]}]},{"@type":"WebPage","@id":"https:\/\/diarioprincipios.com\/index.php\/2024\/01\/30\/lanzaron-campana-de-seguridad-vial-en-el-peaje-de-hudson\/","url":"https:\/\/diarioprincipios.com\/index.php\/2024\/01\/30\/lanzaron-campana-de-seguridad-vial-en-el-peaje-de-hudson\/","name":"Lanzaron Campa\u00f1a de Seguridad Vial en el Peaje de Hudson - Principios","isPartOf":{"@id":"https:\/\/diarioprincipios.com\/#website"},"primaryImageOfPage":{"@id":"https:\/\/diarioprincipios.com\/index.php\/2024\/01\/30\/lanzaron-campana-de-seguridad-vial-en-el-peaje-de-hudson\/#primaryimage"},"image":{"@id":"https:\/\/diarioprincipios.com\/index.php\/2024\/01\/30\/lanzaron-campana-de-seguridad-vial-en-el-peaje-de-hudson\/#primaryimage"},"thumbnailUrl":"https:\/\/diarioprincipios.com\/wp-content\/uploads\/2024\/01\/e1062b67-fc4a-41a2-a305-9997bf8bff0a.jpg","datePublished":"2024-01-30T20:02:26+00:00","dateModified":"2024-01-30T20:02:27+00:00","breadcrumb":{"@id":"https:\/\/diarioprincipios.com\/index.php\/2024\/01\/30\/lanzaron-campana-de-seguridad-vial-en-el-peaje-de-hudson\/#breadcrumb"},"inLanguage":"es","potentialAction":[{"@type":"ReadAction","target":["https:\/\/diarioprincipios.com\/index.php\/2024\/01\/30\/lanzaron-campana-de-seguridad-vial-en-el-peaje-de-hudson\/"]}]},{"@type":"ImageObject","inLanguage":"es","@id":"https:\/\/diarioprincipios.com\/index.php\/2024\/01\/30\/lanzaron-campana-de-seguridad-vial-en-el-peaje-de-hudson\/#primaryimage","url":"https:\/\/diarioprincipios.com\/wp-content\/uploads\/2024\/01\/e1062b67-fc4a-41a2-a305-9997bf8bff0a.jpg","contentUrl":"https:\/\/diarioprincipios.com\/wp-content\/uploads\/2024\/01\/e1062b67-fc4a-41a2-a305-9997bf8bff0a.jpg","width":1600,"height":1066},{"@type":"BreadcrumbList","@id":"https:\/\/diarioprincipios.com\/index.php\/2024\/01\/30\/lanzaron-campana-de-seguridad-vial-en-el-peaje-de-hudson\/#breadcrumb","itemListElement":[{"@type":"ListItem","position":1,"name":"Portada","item":"https:\/\/diarioprincipios.com\/"},{"@type":"ListItem","position":2,"name":"Lanzaron Campa\u00f1a de Seguridad Vial en el Peaje de Hudson"}]},{"@type":"WebSite","@id":"https:\/\/diarioprincipios.com\/#website","url":"https:\/\/diarioprincipios.com\/","name":"Principios","description":"Principios Diario","publisher":{"@id":"https:\/\/diarioprincipios.com\/#organization"},"potentialAction":[{"@type":"SearchAction","target":{"@type":"EntryPoint","urlTemplate":"https:\/\/diarioprincipios.com\/?s={search_term_string}"},"query-input":{"@type":"PropertyValueSpecification","valueRequired":true,"valueName":"search_term_string"}}],"inLanguage":"es"},{"@type":"Organization","@id":"https:\/\/diarioprincipios.com\/#organization","name":"Principios","url":"https:\/\/diarioprincipios.com\/","logo":{"@type":"ImageObject","inLanguage":"es","@id":"https:\/\/diarioprincipios.com\/#\/schema\/logo\/image\/","url":"https:\/\/diarioprincipios.com\/wp-content\/uploads\/2024\/04\/cropped-www.diarioprincipios.com_-1.png","contentUrl":"https:\/\/diarioprincipios.com\/wp-content\/uploads\/2024\/04\/cropped-www.diarioprincipios.com_-1.png","width":5325,"height":1454,"caption":"Principios"},"image":{"@id":"https:\/\/diarioprincipios.com\/#\/schema\/logo\/image\/"}},{"@type":"Person","@id":"https:\/\/diarioprincipios.com\/#\/schema\/person\/436d5a1fd41a5e250e23ff5a6a7cb080","name":"Hern\u00e1n L\u00f3pez","image":{"@type":"ImageObject","inLanguage":"es","@id":"https:\/\/diarioprincipios.com\/wp-content\/litespeed\/avatar\/11ddfe5610ff3bd100522525b2571f48.jpg?ver=1777048341","url":"https:\/\/diarioprincipios.com\/wp-content\/litespeed\/avatar\/11ddfe5610ff3bd100522525b2571f48.jpg?ver=1777048341","contentUrl":"https:\/\/diarioprincipios.com\/wp-content\/litespeed\/avatar\/11ddfe5610ff3bd100522525b2571f48.jpg?ver=1777048341","caption":"Hern\u00e1n L\u00f3pez"},"url":"https:\/\/diarioprincipios.com\/index.php\/author\/hernan\/"}]}},"jetpack_featured_media_url":"https:\/\/diarioprincipios.com\/wp-content\/uploads\/2024\/01\/e1062b67-fc4a-41a2-a305-9997bf8bff0a.jpg","_links":{"self":[{"href":"https:\/\/diarioprincipios.com\/index.php\/wp-json\/wp\/v2\/posts\/20534","targetHints":{"allow":["GET"]}}],"collection":[{"href":"https:\/\/diarioprincipios.com\/index.php\/wp-json\/wp\/v2\/posts"}],"about":[{"href":"https:\/\/diarioprincipios.com\/index.php\/wp-json\/wp\/v2\/types\/post"}],"author":[{"embeddable":true,"href":"https:\/\/diarioprincipios.com\/index.php\/wp-json\/wp\/v2\/users\/2"}],"replies":[{"embeddable":true,"href":"https:\/\/diarioprincipios.com\/index.php\/wp-json\/wp\/v2\/comments?post=20534"}],"version-history":[{"count":1,"href":"https:\/\/diarioprincipios.com\/index.php\/wp-json\/wp\/v2\/posts\/20534\/revisions"}],"predecessor-version":[{"id":20541,"href":"https:\/\/diarioprincipios.com\/index.php\/wp-json\/wp\/v2\/posts\/20534\/revisions\/20541"}],"wp:featuredmedia":[{"embeddable":true,"href":"https:\/\/diarioprincipios.com\/index.php\/wp-json\/wp\/v2\/media\/20540"}],"wp:attachment":[{"href":"https:\/\/diarioprincipios.com\/index.php\/wp-json\/wp\/v2\/media?parent=20534"}],"wp:term":[{"taxonomy":"category","embeddable":true,"href":"https:\/\/diarioprincipios.com\/index.php\/wp-json\/wp\/v2\/categories?post=20534"},{"taxonomy":"post_tag","embeddable":true,"href":"https:\/\/diarioprincipios.com\/index.php\/wp-json\/wp\/v2\/tags?post=20534"}],"curies":[{"name":"wp","href":"https:\/\/api.w.org\/{rel}","templated":true}]}}