{"id":20521,"date":"2024-01-29T11:16:01","date_gmt":"2024-01-29T14:16:01","guid":{"rendered":"http:\/\/diarioprincipios.com\/?p=20521"},"modified":"2024-01-29T11:16:04","modified_gmt":"2024-01-29T14:16:04","slug":"vacunacion-antirrabica-gratuita-en-el-pato","status":"publish","type":"post","link":"https:\/\/diarioprincipios.com\/index.php\/2024\/01\/29\/vacunacion-antirrabica-gratuita-en-el-pato\/","title":{"rendered":"Vacunaci\u00f3n Antirr\u00e1bica gratuita en El Pato"},"content":{"rendered":"\n<p><strong>Se desarrollar\u00e1n desde hoy nuevas jornadas de vacunaci\u00f3n antirr\u00e1bica y desparasitaci\u00f3n gratuitas en Berazategui. Esta vez, en la Sociedad de Fomento Barrio Nuevo (calle 532 y 633 A, El Pato), de 9.00 a 12.00, los siguientes d\u00edas:<\/strong><br>-Del lunes 29 de enero al viernes 2 de febrero.-Del lunes 5 al viernes 9 de febrero.-Del mi\u00e9rcoles 14 al viernes 16 de febrero.<br>De esta manera, los vecinos y vecinas podr\u00e1n acercar a sus animalitos de compa\u00f1\u00eda y aprovechar este servicio que presta la Municipalidad de Berazategui, a trav\u00e9s de profesionales de la Cl\u00ednica Veterinaria Municipal. Esta iniciativa forma parte de una serie de pol\u00edticas de promoci\u00f3n de la tenencia responsable de animales que impulsa el Municipio, con el objetivo de cuidarlos y proteger sus derechos.<br>Para conocer m\u00e1s acerca de los servicios disponibles, se puede ingresar en\u00a0<a href=\"http:\/\/corazondezonasur.com.ar\/servicios\" target=\"_blank\" rel=\"noreferrer noopener\">corazondezonasur.com.ar\/servicios<\/a>.<\/p>\n","protected":false},"excerpt":{"rendered":"<p>Se desarrollar\u00e1n desde hoy nuevas jornadas de vacunaci\u00f3n antirr\u00e1bica y desparasitaci\u00f3n gratuitas en Berazategui. Esta vez, en la Sociedad de Fomento Barrio Nuevo (calle 532 y 633 A, El Pato), de 9.00 a 12.00, los siguientes d\u00edas:-Del lunes 29 de enero al viernes 2 de febrero.-Del lunes 5 al viernes 9 de febrero.-Del mi\u00e9rcoles 14&#8230;<\/p>\n","protected":false},"author":2,"featured_media":20522,"comment_status":"open","ping_status":"open","sticky":false,"template":"","format":"standard","meta":{"footnotes":""},"categories":[3],"tags":[],"class_list":["post-20521","post","type-post","status-publish","format-standard","has-post-thumbnail","hentry","category-berazategui"],"featured_image_src":"https:\/\/diarioprincipios.com\/wp-content\/uploads\/2024\/01\/VACUNACION-ANTIRRABICA-GRATUITA-EN-EL-PATO2-1024x683.jpg","blog_images":{"medium":"https:\/\/diarioprincipios.com\/wp-content\/uploads\/2024\/01\/VACUNACION-ANTIRRABICA-GRATUITA-EN-EL-PATO2-300x200.jpg","large":"https:\/\/diarioprincipios.com\/wp-content\/uploads\/2024\/01\/VACUNACION-ANTIRRABICA-GRATUITA-EN-EL-PATO2-1024x683.jpg"},"ams_acf":[],"yoast_head":"<!-- This site is optimized with the Yoast SEO plugin v27.3 - https:\/\/yoast.com\/product\/yoast-seo-wordpress\/ -->\n<title>Vacunaci\u00f3n Antirr\u00e1bica gratuita en El Pato - Principios<\/title>\n<meta name=\"robots\" content=\"index, follow, max-snippet:-1, max-image-preview:large, max-video-preview:-1\" \/>\n<link rel=\"canonical\" href=\"https:\/\/diarioprincipios.com\/index.php\/2024\/01\/29\/vacunacion-antirrabica-gratuita-en-el-pato\/\" \/>\n<meta property=\"og:locale\" content=\"es_ES\" \/>\n<meta property=\"og:type\" content=\"article\" \/>\n<meta property=\"og:title\" content=\"Vacunaci\u00f3n Antirr\u00e1bica gratuita en El Pato - Principios\" \/>\n<meta property=\"og:description\" content=\"Se desarrollar\u00e1n desde hoy nuevas jornadas de vacunaci\u00f3n antirr\u00e1bica y desparasitaci\u00f3n gratuitas en Berazategui. Esta vez, en la Sociedad de Fomento Barrio Nuevo (calle 532 y 633 A, El Pato), de 9.00 a 12.00, los siguientes d\u00edas:-Del lunes 29 de enero al viernes 2 de febrero.-Del lunes 5 al viernes 9 de febrero.-Del mi\u00e9rcoles 14...\" \/>\n<meta property=\"og:url\" content=\"https:\/\/diarioprincipios.com\/index.php\/2024\/01\/29\/vacunacion-antirrabica-gratuita-en-el-pato\/\" \/>\n<meta property=\"og:site_name\" content=\"Principios\" \/>\n<meta property=\"article:published_time\" content=\"2024-01-29T14:16:01+00:00\" \/>\n<meta property=\"article:modified_time\" content=\"2024-01-29T14:16:04+00:00\" \/>\n<meta property=\"og:image\" content=\"https:\/\/diarioprincipios.com\/wp-content\/uploads\/2024\/01\/VACUNACION-ANTIRRABICA-GRATUITA-EN-EL-PATO2.jpg\" \/>\n\t<meta property=\"og:image:width\" content=\"1920\" \/>\n\t<meta property=\"og:image:height\" content=\"1280\" \/>\n\t<meta property=\"og:image:type\" content=\"image\/jpeg\" \/>\n<meta name=\"author\" content=\"Hern\u00e1n L\u00f3pez\" \/>\n<meta name=\"twitter:card\" content=\"summary_large_image\" \/>\n<meta name=\"twitter:label1\" content=\"Escrito por\" \/>\n\t<meta name=\"twitter:data1\" content=\"Hern\u00e1n L\u00f3pez\" \/>\n\t<meta name=\"twitter:label2\" content=\"Tiempo de lectura\" \/>\n\t<meta name=\"twitter:data2\" content=\"1 minuto\" \/>\n<script type=\"application\/ld+json\" class=\"yoast-schema-graph\">{\"@context\":\"https:\\\/\\\/schema.org\",\"@graph\":[{\"@type\":\"Article\",\"@id\":\"https:\\\/\\\/diarioprincipios.com\\\/index.php\\\/2024\\\/01\\\/29\\\/vacunacion-antirrabica-gratuita-en-el-pato\\\/#article\",\"isPartOf\":{\"@id\":\"https:\\\/\\\/diarioprincipios.com\\\/index.php\\\/2024\\\/01\\\/29\\\/vacunacion-antirrabica-gratuita-en-el-pato\\\/\"},\"author\":{\"name\":\"Hern\u00e1n L\u00f3pez\",\"@id\":\"https:\\\/\\\/diarioprincipios.com\\\/#\\\/schema\\\/person\\\/436d5a1fd41a5e250e23ff5a6a7cb080\"},\"headline\":\"Vacunaci\u00f3n Antirr\u00e1bica gratuita en El Pato\",\"datePublished\":\"2024-01-29T14:16:01+00:00\",\"dateModified\":\"2024-01-29T14:16:04+00:00\",\"mainEntityOfPage\":{\"@id\":\"https:\\\/\\\/diarioprincipios.com\\\/index.php\\\/2024\\\/01\\\/29\\\/vacunacion-antirrabica-gratuita-en-el-pato\\\/\"},\"wordCount\":153,\"commentCount\":0,\"publisher\":{\"@id\":\"https:\\\/\\\/diarioprincipios.com\\\/#organization\"},\"image\":{\"@id\":\"https:\\\/\\\/diarioprincipios.com\\\/index.php\\\/2024\\\/01\\\/29\\\/vacunacion-antirrabica-gratuita-en-el-pato\\\/#primaryimage\"},\"thumbnailUrl\":\"https:\\\/\\\/diarioprincipios.com\\\/wp-content\\\/uploads\\\/2024\\\/01\\\/VACUNACION-ANTIRRABICA-GRATUITA-EN-EL-PATO2.jpg\",\"articleSection\":[\"Berazategui\"],\"inLanguage\":\"es\",\"potentialAction\":[{\"@type\":\"CommentAction\",\"name\":\"Comment\",\"target\":[\"https:\\\/\\\/diarioprincipios.com\\\/index.php\\\/2024\\\/01\\\/29\\\/vacunacion-antirrabica-gratuita-en-el-pato\\\/#respond\"]}]},{\"@type\":\"WebPage\",\"@id\":\"https:\\\/\\\/diarioprincipios.com\\\/index.php\\\/2024\\\/01\\\/29\\\/vacunacion-antirrabica-gratuita-en-el-pato\\\/\",\"url\":\"https:\\\/\\\/diarioprincipios.com\\\/index.php\\\/2024\\\/01\\\/29\\\/vacunacion-antirrabica-gratuita-en-el-pato\\\/\",\"name\":\"Vacunaci\u00f3n Antirr\u00e1bica gratuita en El Pato - Principios\",\"isPartOf\":{\"@id\":\"https:\\\/\\\/diarioprincipios.com\\\/#website\"},\"primaryImageOfPage\":{\"@id\":\"https:\\\/\\\/diarioprincipios.com\\\/index.php\\\/2024\\\/01\\\/29\\\/vacunacion-antirrabica-gratuita-en-el-pato\\\/#primaryimage\"},\"image\":{\"@id\":\"https:\\\/\\\/diarioprincipios.com\\\/index.php\\\/2024\\\/01\\\/29\\\/vacunacion-antirrabica-gratuita-en-el-pato\\\/#primaryimage\"},\"thumbnailUrl\":\"https:\\\/\\\/diarioprincipios.com\\\/wp-content\\\/uploads\\\/2024\\\/01\\\/VACUNACION-ANTIRRABICA-GRATUITA-EN-EL-PATO2.jpg\",\"datePublished\":\"2024-01-29T14:16:01+00:00\",\"dateModified\":\"2024-01-29T14:16:04+00:00\",\"breadcrumb\":{\"@id\":\"https:\\\/\\\/diarioprincipios.com\\\/index.php\\\/2024\\\/01\\\/29\\\/vacunacion-antirrabica-gratuita-en-el-pato\\\/#breadcrumb\"},\"inLanguage\":\"es\",\"potentialAction\":[{\"@type\":\"ReadAction\",\"target\":[\"https:\\\/\\\/diarioprincipios.com\\\/index.php\\\/2024\\\/01\\\/29\\\/vacunacion-antirrabica-gratuita-en-el-pato\\\/\"]}]},{\"@type\":\"ImageObject\",\"inLanguage\":\"es\",\"@id\":\"https:\\\/\\\/diarioprincipios.com\\\/index.php\\\/2024\\\/01\\\/29\\\/vacunacion-antirrabica-gratuita-en-el-pato\\\/#primaryimage\",\"url\":\"https:\\\/\\\/diarioprincipios.com\\\/wp-content\\\/uploads\\\/2024\\\/01\\\/VACUNACION-ANTIRRABICA-GRATUITA-EN-EL-PATO2.jpg\",\"contentUrl\":\"https:\\\/\\\/diarioprincipios.com\\\/wp-content\\\/uploads\\\/2024\\\/01\\\/VACUNACION-ANTIRRABICA-GRATUITA-EN-EL-PATO2.jpg\",\"width\":1920,\"height\":1280},{\"@type\":\"BreadcrumbList\",\"@id\":\"https:\\\/\\\/diarioprincipios.com\\\/index.php\\\/2024\\\/01\\\/29\\\/vacunacion-antirrabica-gratuita-en-el-pato\\\/#breadcrumb\",\"itemListElement\":[{\"@type\":\"ListItem\",\"position\":1,\"name\":\"Portada\",\"item\":\"https:\\\/\\\/diarioprincipios.com\\\/\"},{\"@type\":\"ListItem\",\"position\":2,\"name\":\"Vacunaci\u00f3n Antirr\u00e1bica gratuita en El Pato\"}]},{\"@type\":\"WebSite\",\"@id\":\"https:\\\/\\\/diarioprincipios.com\\\/#website\",\"url\":\"https:\\\/\\\/diarioprincipios.com\\\/\",\"name\":\"Principios\",\"description\":\"Principios Diario\",\"publisher\":{\"@id\":\"https:\\\/\\\/diarioprincipios.com\\\/#organization\"},\"potentialAction\":[{\"@type\":\"SearchAction\",\"target\":{\"@type\":\"EntryPoint\",\"urlTemplate\":\"https:\\\/\\\/diarioprincipios.com\\\/?s={search_term_string}\"},\"query-input\":{\"@type\":\"PropertyValueSpecification\",\"valueRequired\":true,\"valueName\":\"search_term_string\"}}],\"inLanguage\":\"es\"},{\"@type\":\"Organization\",\"@id\":\"https:\\\/\\\/diarioprincipios.com\\\/#organization\",\"name\":\"Principios\",\"url\":\"https:\\\/\\\/diarioprincipios.com\\\/\",\"logo\":{\"@type\":\"ImageObject\",\"inLanguage\":\"es\",\"@id\":\"https:\\\/\\\/diarioprincipios.com\\\/#\\\/schema\\\/logo\\\/image\\\/\",\"url\":\"https:\\\/\\\/diarioprincipios.com\\\/wp-content\\\/uploads\\\/2024\\\/04\\\/cropped-www.diarioprincipios.com_-1.png\",\"contentUrl\":\"https:\\\/\\\/diarioprincipios.com\\\/wp-content\\\/uploads\\\/2024\\\/04\\\/cropped-www.diarioprincipios.com_-1.png\",\"width\":5325,\"height\":1454,\"caption\":\"Principios\"},\"image\":{\"@id\":\"https:\\\/\\\/diarioprincipios.com\\\/#\\\/schema\\\/logo\\\/image\\\/\"}},{\"@type\":\"Person\",\"@id\":\"https:\\\/\\\/diarioprincipios.com\\\/#\\\/schema\\\/person\\\/436d5a1fd41a5e250e23ff5a6a7cb080\",\"name\":\"Hern\u00e1n L\u00f3pez\",\"image\":{\"@type\":\"ImageObject\",\"inLanguage\":\"es\",\"@id\":\"https:\\\/\\\/diarioprincipios.com\\\/wp-content\\\/litespeed\\\/avatar\\\/11ddfe5610ff3bd100522525b2571f48.jpg?ver=1777048341\",\"url\":\"https:\\\/\\\/diarioprincipios.com\\\/wp-content\\\/litespeed\\\/avatar\\\/11ddfe5610ff3bd100522525b2571f48.jpg?ver=1777048341\",\"contentUrl\":\"https:\\\/\\\/diarioprincipios.com\\\/wp-content\\\/litespeed\\\/avatar\\\/11ddfe5610ff3bd100522525b2571f48.jpg?ver=1777048341\",\"caption\":\"Hern\u00e1n L\u00f3pez\"},\"url\":\"https:\\\/\\\/diarioprincipios.com\\\/index.php\\\/author\\\/hernan\\\/\"}]}<\/script>\n<!-- \/ Yoast SEO plugin. -->","yoast_head_json":{"title":"Vacunaci\u00f3n Antirr\u00e1bica gratuita en El Pato - Principios","robots":{"index":"index","follow":"follow","max-snippet":"max-snippet:-1","max-image-preview":"max-image-preview:large","max-video-preview":"max-video-preview:-1"},"canonical":"https:\/\/diarioprincipios.com\/index.php\/2024\/01\/29\/vacunacion-antirrabica-gratuita-en-el-pato\/","og_locale":"es_ES","og_type":"article","og_title":"Vacunaci\u00f3n Antirr\u00e1bica gratuita en El Pato - Principios","og_description":"Se desarrollar\u00e1n desde hoy nuevas jornadas de vacunaci\u00f3n antirr\u00e1bica y desparasitaci\u00f3n gratuitas en Berazategui. Esta vez, en la Sociedad de Fomento Barrio Nuevo (calle 532 y 633 A, El Pato), de 9.00 a 12.00, los siguientes d\u00edas:-Del lunes 29 de enero al viernes 2 de febrero.-Del lunes 5 al viernes 9 de febrero.-Del mi\u00e9rcoles 14...","og_url":"https:\/\/diarioprincipios.com\/index.php\/2024\/01\/29\/vacunacion-antirrabica-gratuita-en-el-pato\/","og_site_name":"Principios","article_published_time":"2024-01-29T14:16:01+00:00","article_modified_time":"2024-01-29T14:16:04+00:00","og_image":[{"width":1920,"height":1280,"url":"https:\/\/diarioprincipios.com\/wp-content\/uploads\/2024\/01\/VACUNACION-ANTIRRABICA-GRATUITA-EN-EL-PATO2.jpg","type":"image\/jpeg"}],"author":"Hern\u00e1n L\u00f3pez","twitter_card":"summary_large_image","twitter_misc":{"Escrito por":"Hern\u00e1n L\u00f3pez","Tiempo de lectura":"1 minuto"},"schema":{"@context":"https:\/\/schema.org","@graph":[{"@type":"Article","@id":"https:\/\/diarioprincipios.com\/index.php\/2024\/01\/29\/vacunacion-antirrabica-gratuita-en-el-pato\/#article","isPartOf":{"@id":"https:\/\/diarioprincipios.com\/index.php\/2024\/01\/29\/vacunacion-antirrabica-gratuita-en-el-pato\/"},"author":{"name":"Hern\u00e1n L\u00f3pez","@id":"https:\/\/diarioprincipios.com\/#\/schema\/person\/436d5a1fd41a5e250e23ff5a6a7cb080"},"headline":"Vacunaci\u00f3n Antirr\u00e1bica gratuita en El Pato","datePublished":"2024-01-29T14:16:01+00:00","dateModified":"2024-01-29T14:16:04+00:00","mainEntityOfPage":{"@id":"https:\/\/diarioprincipios.com\/index.php\/2024\/01\/29\/vacunacion-antirrabica-gratuita-en-el-pato\/"},"wordCount":153,"commentCount":0,"publisher":{"@id":"https:\/\/diarioprincipios.com\/#organization"},"image":{"@id":"https:\/\/diarioprincipios.com\/index.php\/2024\/01\/29\/vacunacion-antirrabica-gratuita-en-el-pato\/#primaryimage"},"thumbnailUrl":"https:\/\/diarioprincipios.com\/wp-content\/uploads\/2024\/01\/VACUNACION-ANTIRRABICA-GRATUITA-EN-EL-PATO2.jpg","articleSection":["Berazategui"],"inLanguage":"es","potentialAction":[{"@type":"CommentAction","name":"Comment","target":["https:\/\/diarioprincipios.com\/index.php\/2024\/01\/29\/vacunacion-antirrabica-gratuita-en-el-pato\/#respond"]}]},{"@type":"WebPage","@id":"https:\/\/diarioprincipios.com\/index.php\/2024\/01\/29\/vacunacion-antirrabica-gratuita-en-el-pato\/","url":"https:\/\/diarioprincipios.com\/index.php\/2024\/01\/29\/vacunacion-antirrabica-gratuita-en-el-pato\/","name":"Vacunaci\u00f3n Antirr\u00e1bica gratuita en El Pato - Principios","isPartOf":{"@id":"https:\/\/diarioprincipios.com\/#website"},"primaryImageOfPage":{"@id":"https:\/\/diarioprincipios.com\/index.php\/2024\/01\/29\/vacunacion-antirrabica-gratuita-en-el-pato\/#primaryimage"},"image":{"@id":"https:\/\/diarioprincipios.com\/index.php\/2024\/01\/29\/vacunacion-antirrabica-gratuita-en-el-pato\/#primaryimage"},"thumbnailUrl":"https:\/\/diarioprincipios.com\/wp-content\/uploads\/2024\/01\/VACUNACION-ANTIRRABICA-GRATUITA-EN-EL-PATO2.jpg","datePublished":"2024-01-29T14:16:01+00:00","dateModified":"2024-01-29T14:16:04+00:00","breadcrumb":{"@id":"https:\/\/diarioprincipios.com\/index.php\/2024\/01\/29\/vacunacion-antirrabica-gratuita-en-el-pato\/#breadcrumb"},"inLanguage":"es","potentialAction":[{"@type":"ReadAction","target":["https:\/\/diarioprincipios.com\/index.php\/2024\/01\/29\/vacunacion-antirrabica-gratuita-en-el-pato\/"]}]},{"@type":"ImageObject","inLanguage":"es","@id":"https:\/\/diarioprincipios.com\/index.php\/2024\/01\/29\/vacunacion-antirrabica-gratuita-en-el-pato\/#primaryimage","url":"https:\/\/diarioprincipios.com\/wp-content\/uploads\/2024\/01\/VACUNACION-ANTIRRABICA-GRATUITA-EN-EL-PATO2.jpg","contentUrl":"https:\/\/diarioprincipios.com\/wp-content\/uploads\/2024\/01\/VACUNACION-ANTIRRABICA-GRATUITA-EN-EL-PATO2.jpg","width":1920,"height":1280},{"@type":"BreadcrumbList","@id":"https:\/\/diarioprincipios.com\/index.php\/2024\/01\/29\/vacunacion-antirrabica-gratuita-en-el-pato\/#breadcrumb","itemListElement":[{"@type":"ListItem","position":1,"name":"Portada","item":"https:\/\/diarioprincipios.com\/"},{"@type":"ListItem","position":2,"name":"Vacunaci\u00f3n Antirr\u00e1bica gratuita en El Pato"}]},{"@type":"WebSite","@id":"https:\/\/diarioprincipios.com\/#website","url":"https:\/\/diarioprincipios.com\/","name":"Principios","description":"Principios Diario","publisher":{"@id":"https:\/\/diarioprincipios.com\/#organization"},"potentialAction":[{"@type":"SearchAction","target":{"@type":"EntryPoint","urlTemplate":"https:\/\/diarioprincipios.com\/?s={search_term_string}"},"query-input":{"@type":"PropertyValueSpecification","valueRequired":true,"valueName":"search_term_string"}}],"inLanguage":"es"},{"@type":"Organization","@id":"https:\/\/diarioprincipios.com\/#organization","name":"Principios","url":"https:\/\/diarioprincipios.com\/","logo":{"@type":"ImageObject","inLanguage":"es","@id":"https:\/\/diarioprincipios.com\/#\/schema\/logo\/image\/","url":"https:\/\/diarioprincipios.com\/wp-content\/uploads\/2024\/04\/cropped-www.diarioprincipios.com_-1.png","contentUrl":"https:\/\/diarioprincipios.com\/wp-content\/uploads\/2024\/04\/cropped-www.diarioprincipios.com_-1.png","width":5325,"height":1454,"caption":"Principios"},"image":{"@id":"https:\/\/diarioprincipios.com\/#\/schema\/logo\/image\/"}},{"@type":"Person","@id":"https:\/\/diarioprincipios.com\/#\/schema\/person\/436d5a1fd41a5e250e23ff5a6a7cb080","name":"Hern\u00e1n L\u00f3pez","image":{"@type":"ImageObject","inLanguage":"es","@id":"https:\/\/diarioprincipios.com\/wp-content\/litespeed\/avatar\/11ddfe5610ff3bd100522525b2571f48.jpg?ver=1777048341","url":"https:\/\/diarioprincipios.com\/wp-content\/litespeed\/avatar\/11ddfe5610ff3bd100522525b2571f48.jpg?ver=1777048341","contentUrl":"https:\/\/diarioprincipios.com\/wp-content\/litespeed\/avatar\/11ddfe5610ff3bd100522525b2571f48.jpg?ver=1777048341","caption":"Hern\u00e1n L\u00f3pez"},"url":"https:\/\/diarioprincipios.com\/index.php\/author\/hernan\/"}]}},"jetpack_featured_media_url":"https:\/\/diarioprincipios.com\/wp-content\/uploads\/2024\/01\/VACUNACION-ANTIRRABICA-GRATUITA-EN-EL-PATO2.jpg","_links":{"self":[{"href":"https:\/\/diarioprincipios.com\/index.php\/wp-json\/wp\/v2\/posts\/20521","targetHints":{"allow":["GET"]}}],"collection":[{"href":"https:\/\/diarioprincipios.com\/index.php\/wp-json\/wp\/v2\/posts"}],"about":[{"href":"https:\/\/diarioprincipios.com\/index.php\/wp-json\/wp\/v2\/types\/post"}],"author":[{"embeddable":true,"href":"https:\/\/diarioprincipios.com\/index.php\/wp-json\/wp\/v2\/users\/2"}],"replies":[{"embeddable":true,"href":"https:\/\/diarioprincipios.com\/index.php\/wp-json\/wp\/v2\/comments?post=20521"}],"version-history":[{"count":1,"href":"https:\/\/diarioprincipios.com\/index.php\/wp-json\/wp\/v2\/posts\/20521\/revisions"}],"predecessor-version":[{"id":20523,"href":"https:\/\/diarioprincipios.com\/index.php\/wp-json\/wp\/v2\/posts\/20521\/revisions\/20523"}],"wp:featuredmedia":[{"embeddable":true,"href":"https:\/\/diarioprincipios.com\/index.php\/wp-json\/wp\/v2\/media\/20522"}],"wp:attachment":[{"href":"https:\/\/diarioprincipios.com\/index.php\/wp-json\/wp\/v2\/media?parent=20521"}],"wp:term":[{"taxonomy":"category","embeddable":true,"href":"https:\/\/diarioprincipios.com\/index.php\/wp-json\/wp\/v2\/categories?post=20521"},{"taxonomy":"post_tag","embeddable":true,"href":"https:\/\/diarioprincipios.com\/index.php\/wp-json\/wp\/v2\/tags?post=20521"}],"curies":[{"name":"wp","href":"https:\/\/api.w.org\/{rel}","templated":true}]}}