{"id":20506,"date":"2024-01-26T12:45:54","date_gmt":"2024-01-26T15:45:54","guid":{"rendered":"http:\/\/diarioprincipios.com\/?p=20506"},"modified":"2024-01-26T12:45:57","modified_gmt":"2024-01-26T15:45:57","slug":"agenda-de-feria-emprender-en-febrero","status":"publish","type":"post","link":"https:\/\/diarioprincipios.com\/index.php\/2024\/01\/26\/agenda-de-feria-emprender-en-febrero\/","title":{"rendered":"Agenda de Feria Emprender en Febrero"},"content":{"rendered":"\n<p><strong>Vuelve la tradicional Feria Municipal Emprender a la Plaza Rigolleau (Av. 14 y Lisandro de la Torre), donde los vecinos y vecinas pueden adquirir productos artesanales berazateguenses para regalar o regalarse.<\/strong><br>Las jornadas previstas para febrero son los viernes 2, 9 y 16; y los s\u00e1bados 3, 10 y 17, de 11.00 a 20.00. Se suspenden en caso de lluvia.<\/p>\n\n\n\n<figure class=\"wp-block-image size-large\"><img loading=\"lazy\" decoding=\"async\" width=\"1024\" height=\"683\" src=\"https:\/\/diarioprincipios.com\/wp-content\/uploads\/2024\/01\/AGENDA-DE-FERIA-EMPRENDER-DE-BERAZATEGUI-EN-FEBRERO-1024x683.jpg\" alt=\"\" class=\"wp-image-20507\" srcset=\"https:\/\/diarioprincipios.com\/wp-content\/uploads\/2024\/01\/AGENDA-DE-FERIA-EMPRENDER-DE-BERAZATEGUI-EN-FEBRERO-1024x683.jpg 1024w, https:\/\/diarioprincipios.com\/wp-content\/uploads\/2024\/01\/AGENDA-DE-FERIA-EMPRENDER-DE-BERAZATEGUI-EN-FEBRERO-300x200.jpg 300w, https:\/\/diarioprincipios.com\/wp-content\/uploads\/2024\/01\/AGENDA-DE-FERIA-EMPRENDER-DE-BERAZATEGUI-EN-FEBRERO-768x512.jpg 768w, https:\/\/diarioprincipios.com\/wp-content\/uploads\/2024\/01\/AGENDA-DE-FERIA-EMPRENDER-DE-BERAZATEGUI-EN-FEBRERO-1536x1024.jpg 1536w, https:\/\/diarioprincipios.com\/wp-content\/uploads\/2024\/01\/AGENDA-DE-FERIA-EMPRENDER-DE-BERAZATEGUI-EN-FEBRERO.jpg 1920w\" sizes=\"auto, (max-width: 1024px) 100vw, 1024px\" \/><\/figure>\n\n\n\n<p><br>La Feria forma parte de las pol\u00edticas p\u00fablicas impulsadas por el intendente Juan Jos\u00e9 Mussi, para el desarrollo de las distintas ramas productivas de Berazategui. Esta iniciativa naci\u00f3 en 2015, como respuesta a la necesidad de los emprendedores locales de visibilizar y comercializar sus productos en la localidad.<br>En la actualidad, participan los siguientes rubros: bijouterie, calzado, cester\u00eda, cuero, cuidado personal, marroquiner\u00eda, mosaiquismo, metal, sublimaci\u00f3n, tejido, velas, vidrio y encuadernaci\u00f3n, entre otros.JC \/\/ SL<\/p>\n","protected":false},"excerpt":{"rendered":"<p>Vuelve la tradicional Feria Municipal Emprender a la Plaza Rigolleau (Av. 14 y Lisandro de la Torre), donde los vecinos y vecinas pueden adquirir productos artesanales berazateguenses para regalar o regalarse.Las jornadas previstas para febrero son los viernes 2, 9 y 16; y los s\u00e1bados 3, 10 y 17, de 11.00 a 20.00. Se suspenden&#8230;<\/p>\n","protected":false},"author":2,"featured_media":20508,"comment_status":"open","ping_status":"open","sticky":false,"template":"","format":"standard","meta":{"footnotes":""},"categories":[3],"tags":[],"class_list":["post-20506","post","type-post","status-publish","format-standard","has-post-thumbnail","hentry","category-berazategui"],"featured_image_src":"https:\/\/diarioprincipios.com\/wp-content\/uploads\/2024\/01\/AGENDA-DE-FERIA-EMPRENDER-DE-BERAZATEGUI-EN-FEBRERO2-1024x683.jpg","blog_images":{"medium":"https:\/\/diarioprincipios.com\/wp-content\/uploads\/2024\/01\/AGENDA-DE-FERIA-EMPRENDER-DE-BERAZATEGUI-EN-FEBRERO2-300x200.jpg","large":"https:\/\/diarioprincipios.com\/wp-content\/uploads\/2024\/01\/AGENDA-DE-FERIA-EMPRENDER-DE-BERAZATEGUI-EN-FEBRERO2-1024x683.jpg"},"ams_acf":[],"yoast_head":"<!-- This site is optimized with the Yoast SEO plugin v27.3 - https:\/\/yoast.com\/product\/yoast-seo-wordpress\/ -->\n<title>Agenda de Feria Emprender en Febrero - Principios<\/title>\n<meta name=\"robots\" content=\"index, follow, max-snippet:-1, max-image-preview:large, max-video-preview:-1\" \/>\n<link rel=\"canonical\" href=\"https:\/\/diarioprincipios.com\/index.php\/2024\/01\/26\/agenda-de-feria-emprender-en-febrero\/\" \/>\n<meta property=\"og:locale\" content=\"es_ES\" \/>\n<meta property=\"og:type\" content=\"article\" \/>\n<meta property=\"og:title\" content=\"Agenda de Feria Emprender en Febrero - Principios\" \/>\n<meta property=\"og:description\" content=\"Vuelve la tradicional Feria Municipal Emprender a la Plaza Rigolleau (Av. 14 y Lisandro de la Torre), donde los vecinos y vecinas pueden adquirir productos artesanales berazateguenses para regalar o regalarse.Las jornadas previstas para febrero son los viernes 2, 9 y 16; y los s\u00e1bados 3, 10 y 17, de 11.00 a 20.00. Se suspenden...\" \/>\n<meta property=\"og:url\" content=\"https:\/\/diarioprincipios.com\/index.php\/2024\/01\/26\/agenda-de-feria-emprender-en-febrero\/\" \/>\n<meta property=\"og:site_name\" content=\"Principios\" \/>\n<meta property=\"article:published_time\" content=\"2024-01-26T15:45:54+00:00\" \/>\n<meta property=\"article:modified_time\" content=\"2024-01-26T15:45:57+00:00\" \/>\n<meta property=\"og:image\" content=\"https:\/\/diarioprincipios.com\/wp-content\/uploads\/2024\/01\/AGENDA-DE-FERIA-EMPRENDER-DE-BERAZATEGUI-EN-FEBRERO2.jpg\" \/>\n\t<meta property=\"og:image:width\" content=\"1920\" \/>\n\t<meta property=\"og:image:height\" content=\"1280\" \/>\n\t<meta property=\"og:image:type\" content=\"image\/jpeg\" \/>\n<meta name=\"author\" content=\"Hern\u00e1n L\u00f3pez\" \/>\n<meta name=\"twitter:card\" content=\"summary_large_image\" \/>\n<meta name=\"twitter:label1\" content=\"Escrito por\" \/>\n\t<meta name=\"twitter:data1\" content=\"Hern\u00e1n L\u00f3pez\" \/>\n\t<meta name=\"twitter:label2\" content=\"Tiempo de lectura\" \/>\n\t<meta name=\"twitter:data2\" content=\"1 minuto\" \/>\n<script type=\"application\/ld+json\" class=\"yoast-schema-graph\">{\"@context\":\"https:\\\/\\\/schema.org\",\"@graph\":[{\"@type\":\"Article\",\"@id\":\"https:\\\/\\\/diarioprincipios.com\\\/index.php\\\/2024\\\/01\\\/26\\\/agenda-de-feria-emprender-en-febrero\\\/#article\",\"isPartOf\":{\"@id\":\"https:\\\/\\\/diarioprincipios.com\\\/index.php\\\/2024\\\/01\\\/26\\\/agenda-de-feria-emprender-en-febrero\\\/\"},\"author\":{\"name\":\"Hern\u00e1n L\u00f3pez\",\"@id\":\"https:\\\/\\\/diarioprincipios.com\\\/#\\\/schema\\\/person\\\/436d5a1fd41a5e250e23ff5a6a7cb080\"},\"headline\":\"Agenda de Feria Emprender en Febrero\",\"datePublished\":\"2024-01-26T15:45:54+00:00\",\"dateModified\":\"2024-01-26T15:45:57+00:00\",\"mainEntityOfPage\":{\"@id\":\"https:\\\/\\\/diarioprincipios.com\\\/index.php\\\/2024\\\/01\\\/26\\\/agenda-de-feria-emprender-en-febrero\\\/\"},\"wordCount\":137,\"commentCount\":0,\"publisher\":{\"@id\":\"https:\\\/\\\/diarioprincipios.com\\\/#organization\"},\"image\":{\"@id\":\"https:\\\/\\\/diarioprincipios.com\\\/index.php\\\/2024\\\/01\\\/26\\\/agenda-de-feria-emprender-en-febrero\\\/#primaryimage\"},\"thumbnailUrl\":\"https:\\\/\\\/diarioprincipios.com\\\/wp-content\\\/uploads\\\/2024\\\/01\\\/AGENDA-DE-FERIA-EMPRENDER-DE-BERAZATEGUI-EN-FEBRERO2.jpg\",\"articleSection\":[\"Berazategui\"],\"inLanguage\":\"es\",\"potentialAction\":[{\"@type\":\"CommentAction\",\"name\":\"Comment\",\"target\":[\"https:\\\/\\\/diarioprincipios.com\\\/index.php\\\/2024\\\/01\\\/26\\\/agenda-de-feria-emprender-en-febrero\\\/#respond\"]}]},{\"@type\":\"WebPage\",\"@id\":\"https:\\\/\\\/diarioprincipios.com\\\/index.php\\\/2024\\\/01\\\/26\\\/agenda-de-feria-emprender-en-febrero\\\/\",\"url\":\"https:\\\/\\\/diarioprincipios.com\\\/index.php\\\/2024\\\/01\\\/26\\\/agenda-de-feria-emprender-en-febrero\\\/\",\"name\":\"Agenda de Feria Emprender en Febrero - Principios\",\"isPartOf\":{\"@id\":\"https:\\\/\\\/diarioprincipios.com\\\/#website\"},\"primaryImageOfPage\":{\"@id\":\"https:\\\/\\\/diarioprincipios.com\\\/index.php\\\/2024\\\/01\\\/26\\\/agenda-de-feria-emprender-en-febrero\\\/#primaryimage\"},\"image\":{\"@id\":\"https:\\\/\\\/diarioprincipios.com\\\/index.php\\\/2024\\\/01\\\/26\\\/agenda-de-feria-emprender-en-febrero\\\/#primaryimage\"},\"thumbnailUrl\":\"https:\\\/\\\/diarioprincipios.com\\\/wp-content\\\/uploads\\\/2024\\\/01\\\/AGENDA-DE-FERIA-EMPRENDER-DE-BERAZATEGUI-EN-FEBRERO2.jpg\",\"datePublished\":\"2024-01-26T15:45:54+00:00\",\"dateModified\":\"2024-01-26T15:45:57+00:00\",\"breadcrumb\":{\"@id\":\"https:\\\/\\\/diarioprincipios.com\\\/index.php\\\/2024\\\/01\\\/26\\\/agenda-de-feria-emprender-en-febrero\\\/#breadcrumb\"},\"inLanguage\":\"es\",\"potentialAction\":[{\"@type\":\"ReadAction\",\"target\":[\"https:\\\/\\\/diarioprincipios.com\\\/index.php\\\/2024\\\/01\\\/26\\\/agenda-de-feria-emprender-en-febrero\\\/\"]}]},{\"@type\":\"ImageObject\",\"inLanguage\":\"es\",\"@id\":\"https:\\\/\\\/diarioprincipios.com\\\/index.php\\\/2024\\\/01\\\/26\\\/agenda-de-feria-emprender-en-febrero\\\/#primaryimage\",\"url\":\"https:\\\/\\\/diarioprincipios.com\\\/wp-content\\\/uploads\\\/2024\\\/01\\\/AGENDA-DE-FERIA-EMPRENDER-DE-BERAZATEGUI-EN-FEBRERO2.jpg\",\"contentUrl\":\"https:\\\/\\\/diarioprincipios.com\\\/wp-content\\\/uploads\\\/2024\\\/01\\\/AGENDA-DE-FERIA-EMPRENDER-DE-BERAZATEGUI-EN-FEBRERO2.jpg\",\"width\":1920,\"height\":1280},{\"@type\":\"BreadcrumbList\",\"@id\":\"https:\\\/\\\/diarioprincipios.com\\\/index.php\\\/2024\\\/01\\\/26\\\/agenda-de-feria-emprender-en-febrero\\\/#breadcrumb\",\"itemListElement\":[{\"@type\":\"ListItem\",\"position\":1,\"name\":\"Portada\",\"item\":\"https:\\\/\\\/diarioprincipios.com\\\/\"},{\"@type\":\"ListItem\",\"position\":2,\"name\":\"Agenda de Feria Emprender en Febrero\"}]},{\"@type\":\"WebSite\",\"@id\":\"https:\\\/\\\/diarioprincipios.com\\\/#website\",\"url\":\"https:\\\/\\\/diarioprincipios.com\\\/\",\"name\":\"Principios\",\"description\":\"Principios Diario\",\"publisher\":{\"@id\":\"https:\\\/\\\/diarioprincipios.com\\\/#organization\"},\"potentialAction\":[{\"@type\":\"SearchAction\",\"target\":{\"@type\":\"EntryPoint\",\"urlTemplate\":\"https:\\\/\\\/diarioprincipios.com\\\/?s={search_term_string}\"},\"query-input\":{\"@type\":\"PropertyValueSpecification\",\"valueRequired\":true,\"valueName\":\"search_term_string\"}}],\"inLanguage\":\"es\"},{\"@type\":\"Organization\",\"@id\":\"https:\\\/\\\/diarioprincipios.com\\\/#organization\",\"name\":\"Principios\",\"url\":\"https:\\\/\\\/diarioprincipios.com\\\/\",\"logo\":{\"@type\":\"ImageObject\",\"inLanguage\":\"es\",\"@id\":\"https:\\\/\\\/diarioprincipios.com\\\/#\\\/schema\\\/logo\\\/image\\\/\",\"url\":\"https:\\\/\\\/diarioprincipios.com\\\/wp-content\\\/uploads\\\/2024\\\/04\\\/cropped-www.diarioprincipios.com_-1.png\",\"contentUrl\":\"https:\\\/\\\/diarioprincipios.com\\\/wp-content\\\/uploads\\\/2024\\\/04\\\/cropped-www.diarioprincipios.com_-1.png\",\"width\":5325,\"height\":1454,\"caption\":\"Principios\"},\"image\":{\"@id\":\"https:\\\/\\\/diarioprincipios.com\\\/#\\\/schema\\\/logo\\\/image\\\/\"}},{\"@type\":\"Person\",\"@id\":\"https:\\\/\\\/diarioprincipios.com\\\/#\\\/schema\\\/person\\\/436d5a1fd41a5e250e23ff5a6a7cb080\",\"name\":\"Hern\u00e1n L\u00f3pez\",\"image\":{\"@type\":\"ImageObject\",\"inLanguage\":\"es\",\"@id\":\"https:\\\/\\\/diarioprincipios.com\\\/wp-content\\\/litespeed\\\/avatar\\\/11ddfe5610ff3bd100522525b2571f48.jpg?ver=1777048341\",\"url\":\"https:\\\/\\\/diarioprincipios.com\\\/wp-content\\\/litespeed\\\/avatar\\\/11ddfe5610ff3bd100522525b2571f48.jpg?ver=1777048341\",\"contentUrl\":\"https:\\\/\\\/diarioprincipios.com\\\/wp-content\\\/litespeed\\\/avatar\\\/11ddfe5610ff3bd100522525b2571f48.jpg?ver=1777048341\",\"caption\":\"Hern\u00e1n L\u00f3pez\"},\"url\":\"https:\\\/\\\/diarioprincipios.com\\\/index.php\\\/author\\\/hernan\\\/\"}]}<\/script>\n<!-- \/ Yoast SEO plugin. -->","yoast_head_json":{"title":"Agenda de Feria Emprender en Febrero - Principios","robots":{"index":"index","follow":"follow","max-snippet":"max-snippet:-1","max-image-preview":"max-image-preview:large","max-video-preview":"max-video-preview:-1"},"canonical":"https:\/\/diarioprincipios.com\/index.php\/2024\/01\/26\/agenda-de-feria-emprender-en-febrero\/","og_locale":"es_ES","og_type":"article","og_title":"Agenda de Feria Emprender en Febrero - Principios","og_description":"Vuelve la tradicional Feria Municipal Emprender a la Plaza Rigolleau (Av. 14 y Lisandro de la Torre), donde los vecinos y vecinas pueden adquirir productos artesanales berazateguenses para regalar o regalarse.Las jornadas previstas para febrero son los viernes 2, 9 y 16; y los s\u00e1bados 3, 10 y 17, de 11.00 a 20.00. Se suspenden...","og_url":"https:\/\/diarioprincipios.com\/index.php\/2024\/01\/26\/agenda-de-feria-emprender-en-febrero\/","og_site_name":"Principios","article_published_time":"2024-01-26T15:45:54+00:00","article_modified_time":"2024-01-26T15:45:57+00:00","og_image":[{"width":1920,"height":1280,"url":"https:\/\/diarioprincipios.com\/wp-content\/uploads\/2024\/01\/AGENDA-DE-FERIA-EMPRENDER-DE-BERAZATEGUI-EN-FEBRERO2.jpg","type":"image\/jpeg"}],"author":"Hern\u00e1n L\u00f3pez","twitter_card":"summary_large_image","twitter_misc":{"Escrito por":"Hern\u00e1n L\u00f3pez","Tiempo de lectura":"1 minuto"},"schema":{"@context":"https:\/\/schema.org","@graph":[{"@type":"Article","@id":"https:\/\/diarioprincipios.com\/index.php\/2024\/01\/26\/agenda-de-feria-emprender-en-febrero\/#article","isPartOf":{"@id":"https:\/\/diarioprincipios.com\/index.php\/2024\/01\/26\/agenda-de-feria-emprender-en-febrero\/"},"author":{"name":"Hern\u00e1n L\u00f3pez","@id":"https:\/\/diarioprincipios.com\/#\/schema\/person\/436d5a1fd41a5e250e23ff5a6a7cb080"},"headline":"Agenda de Feria Emprender en Febrero","datePublished":"2024-01-26T15:45:54+00:00","dateModified":"2024-01-26T15:45:57+00:00","mainEntityOfPage":{"@id":"https:\/\/diarioprincipios.com\/index.php\/2024\/01\/26\/agenda-de-feria-emprender-en-febrero\/"},"wordCount":137,"commentCount":0,"publisher":{"@id":"https:\/\/diarioprincipios.com\/#organization"},"image":{"@id":"https:\/\/diarioprincipios.com\/index.php\/2024\/01\/26\/agenda-de-feria-emprender-en-febrero\/#primaryimage"},"thumbnailUrl":"https:\/\/diarioprincipios.com\/wp-content\/uploads\/2024\/01\/AGENDA-DE-FERIA-EMPRENDER-DE-BERAZATEGUI-EN-FEBRERO2.jpg","articleSection":["Berazategui"],"inLanguage":"es","potentialAction":[{"@type":"CommentAction","name":"Comment","target":["https:\/\/diarioprincipios.com\/index.php\/2024\/01\/26\/agenda-de-feria-emprender-en-febrero\/#respond"]}]},{"@type":"WebPage","@id":"https:\/\/diarioprincipios.com\/index.php\/2024\/01\/26\/agenda-de-feria-emprender-en-febrero\/","url":"https:\/\/diarioprincipios.com\/index.php\/2024\/01\/26\/agenda-de-feria-emprender-en-febrero\/","name":"Agenda de Feria Emprender en Febrero - Principios","isPartOf":{"@id":"https:\/\/diarioprincipios.com\/#website"},"primaryImageOfPage":{"@id":"https:\/\/diarioprincipios.com\/index.php\/2024\/01\/26\/agenda-de-feria-emprender-en-febrero\/#primaryimage"},"image":{"@id":"https:\/\/diarioprincipios.com\/index.php\/2024\/01\/26\/agenda-de-feria-emprender-en-febrero\/#primaryimage"},"thumbnailUrl":"https:\/\/diarioprincipios.com\/wp-content\/uploads\/2024\/01\/AGENDA-DE-FERIA-EMPRENDER-DE-BERAZATEGUI-EN-FEBRERO2.jpg","datePublished":"2024-01-26T15:45:54+00:00","dateModified":"2024-01-26T15:45:57+00:00","breadcrumb":{"@id":"https:\/\/diarioprincipios.com\/index.php\/2024\/01\/26\/agenda-de-feria-emprender-en-febrero\/#breadcrumb"},"inLanguage":"es","potentialAction":[{"@type":"ReadAction","target":["https:\/\/diarioprincipios.com\/index.php\/2024\/01\/26\/agenda-de-feria-emprender-en-febrero\/"]}]},{"@type":"ImageObject","inLanguage":"es","@id":"https:\/\/diarioprincipios.com\/index.php\/2024\/01\/26\/agenda-de-feria-emprender-en-febrero\/#primaryimage","url":"https:\/\/diarioprincipios.com\/wp-content\/uploads\/2024\/01\/AGENDA-DE-FERIA-EMPRENDER-DE-BERAZATEGUI-EN-FEBRERO2.jpg","contentUrl":"https:\/\/diarioprincipios.com\/wp-content\/uploads\/2024\/01\/AGENDA-DE-FERIA-EMPRENDER-DE-BERAZATEGUI-EN-FEBRERO2.jpg","width":1920,"height":1280},{"@type":"BreadcrumbList","@id":"https:\/\/diarioprincipios.com\/index.php\/2024\/01\/26\/agenda-de-feria-emprender-en-febrero\/#breadcrumb","itemListElement":[{"@type":"ListItem","position":1,"name":"Portada","item":"https:\/\/diarioprincipios.com\/"},{"@type":"ListItem","position":2,"name":"Agenda de Feria Emprender en Febrero"}]},{"@type":"WebSite","@id":"https:\/\/diarioprincipios.com\/#website","url":"https:\/\/diarioprincipios.com\/","name":"Principios","description":"Principios Diario","publisher":{"@id":"https:\/\/diarioprincipios.com\/#organization"},"potentialAction":[{"@type":"SearchAction","target":{"@type":"EntryPoint","urlTemplate":"https:\/\/diarioprincipios.com\/?s={search_term_string}"},"query-input":{"@type":"PropertyValueSpecification","valueRequired":true,"valueName":"search_term_string"}}],"inLanguage":"es"},{"@type":"Organization","@id":"https:\/\/diarioprincipios.com\/#organization","name":"Principios","url":"https:\/\/diarioprincipios.com\/","logo":{"@type":"ImageObject","inLanguage":"es","@id":"https:\/\/diarioprincipios.com\/#\/schema\/logo\/image\/","url":"https:\/\/diarioprincipios.com\/wp-content\/uploads\/2024\/04\/cropped-www.diarioprincipios.com_-1.png","contentUrl":"https:\/\/diarioprincipios.com\/wp-content\/uploads\/2024\/04\/cropped-www.diarioprincipios.com_-1.png","width":5325,"height":1454,"caption":"Principios"},"image":{"@id":"https:\/\/diarioprincipios.com\/#\/schema\/logo\/image\/"}},{"@type":"Person","@id":"https:\/\/diarioprincipios.com\/#\/schema\/person\/436d5a1fd41a5e250e23ff5a6a7cb080","name":"Hern\u00e1n L\u00f3pez","image":{"@type":"ImageObject","inLanguage":"es","@id":"https:\/\/diarioprincipios.com\/wp-content\/litespeed\/avatar\/11ddfe5610ff3bd100522525b2571f48.jpg?ver=1777048341","url":"https:\/\/diarioprincipios.com\/wp-content\/litespeed\/avatar\/11ddfe5610ff3bd100522525b2571f48.jpg?ver=1777048341","contentUrl":"https:\/\/diarioprincipios.com\/wp-content\/litespeed\/avatar\/11ddfe5610ff3bd100522525b2571f48.jpg?ver=1777048341","caption":"Hern\u00e1n L\u00f3pez"},"url":"https:\/\/diarioprincipios.com\/index.php\/author\/hernan\/"}]}},"jetpack_featured_media_url":"https:\/\/diarioprincipios.com\/wp-content\/uploads\/2024\/01\/AGENDA-DE-FERIA-EMPRENDER-DE-BERAZATEGUI-EN-FEBRERO2.jpg","_links":{"self":[{"href":"https:\/\/diarioprincipios.com\/index.php\/wp-json\/wp\/v2\/posts\/20506","targetHints":{"allow":["GET"]}}],"collection":[{"href":"https:\/\/diarioprincipios.com\/index.php\/wp-json\/wp\/v2\/posts"}],"about":[{"href":"https:\/\/diarioprincipios.com\/index.php\/wp-json\/wp\/v2\/types\/post"}],"author":[{"embeddable":true,"href":"https:\/\/diarioprincipios.com\/index.php\/wp-json\/wp\/v2\/users\/2"}],"replies":[{"embeddable":true,"href":"https:\/\/diarioprincipios.com\/index.php\/wp-json\/wp\/v2\/comments?post=20506"}],"version-history":[{"count":1,"href":"https:\/\/diarioprincipios.com\/index.php\/wp-json\/wp\/v2\/posts\/20506\/revisions"}],"predecessor-version":[{"id":20509,"href":"https:\/\/diarioprincipios.com\/index.php\/wp-json\/wp\/v2\/posts\/20506\/revisions\/20509"}],"wp:featuredmedia":[{"embeddable":true,"href":"https:\/\/diarioprincipios.com\/index.php\/wp-json\/wp\/v2\/media\/20508"}],"wp:attachment":[{"href":"https:\/\/diarioprincipios.com\/index.php\/wp-json\/wp\/v2\/media?parent=20506"}],"wp:term":[{"taxonomy":"category","embeddable":true,"href":"https:\/\/diarioprincipios.com\/index.php\/wp-json\/wp\/v2\/categories?post=20506"},{"taxonomy":"post_tag","embeddable":true,"href":"https:\/\/diarioprincipios.com\/index.php\/wp-json\/wp\/v2\/tags?post=20506"}],"curies":[{"name":"wp","href":"https:\/\/api.w.org\/{rel}","templated":true}]}}