{"id":20502,"date":"2024-01-26T12:41:39","date_gmt":"2024-01-26T15:41:39","guid":{"rendered":"http:\/\/diarioprincipios.com\/?p=20502"},"modified":"2024-01-26T12:41:42","modified_gmt":"2024-01-26T15:41:42","slug":"piden-mayor-refuerzo-de-personal-obras-y-creacion-de-nuevas-comisarias-para-quilmes","status":"publish","type":"post","link":"https:\/\/diarioprincipios.com\/index.php\/2024\/01\/26\/piden-mayor-refuerzo-de-personal-obras-y-creacion-de-nuevas-comisarias-para-quilmes\/","title":{"rendered":"Piden mayor refuerzo de personal, obras y creaci\u00f3n de nuevas comisar\u00edas para Quilmes"},"content":{"rendered":"\n<p>La intendenta de Quilmes, Mayra Mendoza, se reuni\u00f3 este jueves con el ministro de Seguridad de la provincia de Buenos Aires, Javier Alonso, a quien le solicit\u00f3 para el distrito refuerzo del personal policial, la creaci\u00f3n de nuevas comisar\u00edas, la refacci\u00f3n de la planta alta de la seccional Quilmes 4\u00aa (San Francisco Solano) y un escuadr\u00f3n del Grupo de Prevenci\u00f3n Motorizado (GPM).<\/p>\n\n\n\n<p>\u201cNos reunimos con el ministro de Seguridad de la Provincia de Buenos Aires, Javier Alonso, con quien charlamos de la importante inversi\u00f3n que hicimos desde el Municipio en materia de prevenci\u00f3n del delito y los desaf\u00edos que tenemos por delante para que Quilmes sea m\u00e1s segura\u201d, indic\u00f3 Mayra.<\/p>\n\n\n\n<p>A su vez, la Jefa comunal detall\u00f3 que en el encuentro \u201cle solicitamos aumentar la cantidad de agentes de la Polic\u00eda Bonaerense en nuestra ciudad y adem\u00e1s, le mostramos el proyecto para construir dos nuevas comisar\u00edas, una en Don Bosco y otra en el barrio La Paz, sumado a la refacci\u00f3n de la comisar\u00eda Cuarta de Solano. La seguridad es nuestra prioridad y vamos a seguir trabajando junto al Gobierno provincial para que nuestros vecinos vivan mejor\u201d.<\/p>\n\n\n\n<figure class=\"wp-block-image size-large\"><img loading=\"lazy\" decoding=\"async\" width=\"1024\" height=\"682\" src=\"https:\/\/diarioprincipios.com\/wp-content\/uploads\/2024\/01\/MAYRA-MANTUVO-UN-ENCUENTRO-CON-EL-MINISTRO-DE-SEGURIDAD-PROVINCIAL-JAVIER-ALONSO-1-1024x682.jpg\" alt=\"\" class=\"wp-image-20503\" srcset=\"https:\/\/diarioprincipios.com\/wp-content\/uploads\/2024\/01\/MAYRA-MANTUVO-UN-ENCUENTRO-CON-EL-MINISTRO-DE-SEGURIDAD-PROVINCIAL-JAVIER-ALONSO-1-1024x682.jpg 1024w, https:\/\/diarioprincipios.com\/wp-content\/uploads\/2024\/01\/MAYRA-MANTUVO-UN-ENCUENTRO-CON-EL-MINISTRO-DE-SEGURIDAD-PROVINCIAL-JAVIER-ALONSO-1-300x200.jpg 300w, https:\/\/diarioprincipios.com\/wp-content\/uploads\/2024\/01\/MAYRA-MANTUVO-UN-ENCUENTRO-CON-EL-MINISTRO-DE-SEGURIDAD-PROVINCIAL-JAVIER-ALONSO-1-768x512.jpg 768w, https:\/\/diarioprincipios.com\/wp-content\/uploads\/2024\/01\/MAYRA-MANTUVO-UN-ENCUENTRO-CON-EL-MINISTRO-DE-SEGURIDAD-PROVINCIAL-JAVIER-ALONSO-1.jpg 1280w\" sizes=\"auto, (max-width: 1024px) 100vw, 1024px\" \/><\/figure>\n\n\n\n<p>Por su parte, Alonso sostuvo: \u201cEstuvimos con la intendenta Mayra Mendoza haciendo un balance del primer mes de gesti\u00f3n, fundamentalmente analizando los cambios con las nuevas autoridades policiales, estamos previendo el desarrollo de dos nuevas comisar\u00edas para el distrito, analizando el mapa del delito, fortaleciendo los puntos que necesitan patrullaje e integrando la visi\u00f3n de seguridad, que siempre es tan importante escuchar cuales son las urgencias de los vecinos, porque la Intendenta tiene esa escucha activa y nos se\u00f1ala cu\u00e1les son los puntos m\u00e1s cr\u00edticos que nosotros debemos atender\u201d.<\/p>\n\n\n\n<p>En esa l\u00ednea, el Ministro bonaerense resalt\u00f3 que \u201cel esfuerzo es compartido, nosotros tenemos la polic\u00eda provincial pero sin el trabajo de los intendentes y sin ese control que ellos hacen de la Polic\u00eda, sin la tarea que hacen mejorando los barrios, construyendo la seguridad desde una perspectiva integral, eso no lo vamos a poder desarrollar solos. Por eso es importante trabajar de manera integrada\u201d.<\/p>\n\n\n\n<p>En este marco, la Intendenta le solicit\u00f3 al Ministro que el personal policial recientemente egresado de la Escuela de Polic\u00eda sea asignado a Quilmes una vez que el mismo retorne del Operativo De Sol a Sol, ya que se necesita reforzar la planta de las comisar\u00edas locales, m\u00e1s agentes para el Comando de Patrullas y para la Polic\u00eda Local, a lo que se suma los efectivos para las nuevas comisar\u00edas.<\/p>\n\n\n\n<p>A su vez, se pidi\u00f3 el pronto inicio de obra de las futuras comisar\u00edas 10\u00aa (Don Bosco) y 11\u00aa (La Paz); la refacci\u00f3n de la planta superior de la seccional 4\u00aa de Solano, y la asignaci\u00f3n de un escuadr\u00f3n motorizado GPM para reprimir los delitos cometidos bajo la modalidad motochorros y para brindar mayor prevenci\u00f3n a centros comerciales de la localidad.<\/p>\n\n\n\n<p>Tambi\u00e9n participaron de la actividad el subsecretario de Seguridad Ciudadana quilme\u00f1o, Lucas Schuld; sus pares provinciales de Fiscalizaci\u00f3n y Control Policial, Andr\u00e9s Escudero, y de Participaci\u00f3n Ciudadana, Marcos Solange; y el superintendente de Seguridad de AMBA Sur I, comisario mayor Gregorio Mart\u00ednez.<\/p>\n","protected":false},"excerpt":{"rendered":"<p>La intendenta de Quilmes, Mayra Mendoza, se reuni\u00f3 este jueves con el ministro de Seguridad de la provincia de Buenos Aires, Javier Alonso, a quien le solicit\u00f3 para el distrito refuerzo del personal policial, la creaci\u00f3n de nuevas comisar\u00edas, la refacci\u00f3n de la planta alta de la seccional Quilmes 4\u00aa (San Francisco Solano) y un&#8230;<\/p>\n","protected":false},"author":2,"featured_media":20504,"comment_status":"open","ping_status":"open","sticky":false,"template":"","format":"standard","meta":{"footnotes":""},"categories":[4],"tags":[],"class_list":["post-20502","post","type-post","status-publish","format-standard","has-post-thumbnail","hentry","category-quilmes"],"featured_image_src":"https:\/\/diarioprincipios.com\/wp-content\/uploads\/2024\/01\/MAYRA-MANTUVO-UN-ENCUENTRO-CON-EL-MINISTRO-DE-SEGURIDAD-PROVINCIAL-JAVIER-ALONSO-3-1024x682.jpg","blog_images":{"medium":"https:\/\/diarioprincipios.com\/wp-content\/uploads\/2024\/01\/MAYRA-MANTUVO-UN-ENCUENTRO-CON-EL-MINISTRO-DE-SEGURIDAD-PROVINCIAL-JAVIER-ALONSO-3-300x200.jpg","large":"https:\/\/diarioprincipios.com\/wp-content\/uploads\/2024\/01\/MAYRA-MANTUVO-UN-ENCUENTRO-CON-EL-MINISTRO-DE-SEGURIDAD-PROVINCIAL-JAVIER-ALONSO-3-1024x682.jpg"},"ams_acf":[],"yoast_head":"<!-- This site is optimized with the Yoast SEO plugin v27.3 - https:\/\/yoast.com\/product\/yoast-seo-wordpress\/ -->\n<title>Piden mayor refuerzo de personal, obras y creaci\u00f3n de nuevas comisar\u00edas para Quilmes - Principios<\/title>\n<meta name=\"robots\" content=\"index, follow, max-snippet:-1, max-image-preview:large, max-video-preview:-1\" \/>\n<link rel=\"canonical\" href=\"https:\/\/diarioprincipios.com\/index.php\/2024\/01\/26\/piden-mayor-refuerzo-de-personal-obras-y-creacion-de-nuevas-comisarias-para-quilmes\/\" \/>\n<meta property=\"og:locale\" content=\"es_ES\" \/>\n<meta property=\"og:type\" content=\"article\" \/>\n<meta property=\"og:title\" content=\"Piden mayor refuerzo de personal, obras y creaci\u00f3n de nuevas comisar\u00edas para Quilmes - Principios\" \/>\n<meta property=\"og:description\" content=\"La intendenta de Quilmes, Mayra Mendoza, se reuni\u00f3 este jueves con el ministro de Seguridad de la provincia de Buenos Aires, Javier Alonso, a quien le solicit\u00f3 para el distrito refuerzo del personal policial, la creaci\u00f3n de nuevas comisar\u00edas, la refacci\u00f3n de la planta alta de la seccional Quilmes 4\u00aa (San Francisco Solano) y un...\" \/>\n<meta property=\"og:url\" content=\"https:\/\/diarioprincipios.com\/index.php\/2024\/01\/26\/piden-mayor-refuerzo-de-personal-obras-y-creacion-de-nuevas-comisarias-para-quilmes\/\" \/>\n<meta property=\"og:site_name\" content=\"Principios\" \/>\n<meta property=\"article:published_time\" content=\"2024-01-26T15:41:39+00:00\" \/>\n<meta property=\"article:modified_time\" content=\"2024-01-26T15:41:42+00:00\" \/>\n<meta property=\"og:image\" content=\"https:\/\/diarioprincipios.com\/wp-content\/uploads\/2024\/01\/MAYRA-MANTUVO-UN-ENCUENTRO-CON-EL-MINISTRO-DE-SEGURIDAD-PROVINCIAL-JAVIER-ALONSO-3.jpg\" \/>\n\t<meta property=\"og:image:width\" content=\"1280\" \/>\n\t<meta property=\"og:image:height\" content=\"853\" \/>\n\t<meta property=\"og:image:type\" content=\"image\/jpeg\" \/>\n<meta name=\"author\" content=\"Hern\u00e1n L\u00f3pez\" \/>\n<meta name=\"twitter:card\" content=\"summary_large_image\" \/>\n<meta name=\"twitter:label1\" content=\"Escrito por\" \/>\n\t<meta name=\"twitter:data1\" content=\"Hern\u00e1n L\u00f3pez\" \/>\n\t<meta name=\"twitter:label2\" content=\"Tiempo de lectura\" \/>\n\t<meta name=\"twitter:data2\" content=\"3 minutos\" \/>\n<script type=\"application\/ld+json\" class=\"yoast-schema-graph\">{\"@context\":\"https:\\\/\\\/schema.org\",\"@graph\":[{\"@type\":\"Article\",\"@id\":\"https:\\\/\\\/diarioprincipios.com\\\/index.php\\\/2024\\\/01\\\/26\\\/piden-mayor-refuerzo-de-personal-obras-y-creacion-de-nuevas-comisarias-para-quilmes\\\/#article\",\"isPartOf\":{\"@id\":\"https:\\\/\\\/diarioprincipios.com\\\/index.php\\\/2024\\\/01\\\/26\\\/piden-mayor-refuerzo-de-personal-obras-y-creacion-de-nuevas-comisarias-para-quilmes\\\/\"},\"author\":{\"name\":\"Hern\u00e1n L\u00f3pez\",\"@id\":\"https:\\\/\\\/diarioprincipios.com\\\/#\\\/schema\\\/person\\\/436d5a1fd41a5e250e23ff5a6a7cb080\"},\"headline\":\"Piden mayor refuerzo de personal, obras y creaci\u00f3n de nuevas comisar\u00edas para Quilmes\",\"datePublished\":\"2024-01-26T15:41:39+00:00\",\"dateModified\":\"2024-01-26T15:41:42+00:00\",\"mainEntityOfPage\":{\"@id\":\"https:\\\/\\\/diarioprincipios.com\\\/index.php\\\/2024\\\/01\\\/26\\\/piden-mayor-refuerzo-de-personal-obras-y-creacion-de-nuevas-comisarias-para-quilmes\\\/\"},\"wordCount\":565,\"commentCount\":0,\"publisher\":{\"@id\":\"https:\\\/\\\/diarioprincipios.com\\\/#organization\"},\"image\":{\"@id\":\"https:\\\/\\\/diarioprincipios.com\\\/index.php\\\/2024\\\/01\\\/26\\\/piden-mayor-refuerzo-de-personal-obras-y-creacion-de-nuevas-comisarias-para-quilmes\\\/#primaryimage\"},\"thumbnailUrl\":\"https:\\\/\\\/diarioprincipios.com\\\/wp-content\\\/uploads\\\/2024\\\/01\\\/MAYRA-MANTUVO-UN-ENCUENTRO-CON-EL-MINISTRO-DE-SEGURIDAD-PROVINCIAL-JAVIER-ALONSO-3.jpg\",\"articleSection\":[\"Quilmes\"],\"inLanguage\":\"es\",\"potentialAction\":[{\"@type\":\"CommentAction\",\"name\":\"Comment\",\"target\":[\"https:\\\/\\\/diarioprincipios.com\\\/index.php\\\/2024\\\/01\\\/26\\\/piden-mayor-refuerzo-de-personal-obras-y-creacion-de-nuevas-comisarias-para-quilmes\\\/#respond\"]}]},{\"@type\":\"WebPage\",\"@id\":\"https:\\\/\\\/diarioprincipios.com\\\/index.php\\\/2024\\\/01\\\/26\\\/piden-mayor-refuerzo-de-personal-obras-y-creacion-de-nuevas-comisarias-para-quilmes\\\/\",\"url\":\"https:\\\/\\\/diarioprincipios.com\\\/index.php\\\/2024\\\/01\\\/26\\\/piden-mayor-refuerzo-de-personal-obras-y-creacion-de-nuevas-comisarias-para-quilmes\\\/\",\"name\":\"Piden mayor refuerzo de personal, obras y creaci\u00f3n de nuevas comisar\u00edas para Quilmes - Principios\",\"isPartOf\":{\"@id\":\"https:\\\/\\\/diarioprincipios.com\\\/#website\"},\"primaryImageOfPage\":{\"@id\":\"https:\\\/\\\/diarioprincipios.com\\\/index.php\\\/2024\\\/01\\\/26\\\/piden-mayor-refuerzo-de-personal-obras-y-creacion-de-nuevas-comisarias-para-quilmes\\\/#primaryimage\"},\"image\":{\"@id\":\"https:\\\/\\\/diarioprincipios.com\\\/index.php\\\/2024\\\/01\\\/26\\\/piden-mayor-refuerzo-de-personal-obras-y-creacion-de-nuevas-comisarias-para-quilmes\\\/#primaryimage\"},\"thumbnailUrl\":\"https:\\\/\\\/diarioprincipios.com\\\/wp-content\\\/uploads\\\/2024\\\/01\\\/MAYRA-MANTUVO-UN-ENCUENTRO-CON-EL-MINISTRO-DE-SEGURIDAD-PROVINCIAL-JAVIER-ALONSO-3.jpg\",\"datePublished\":\"2024-01-26T15:41:39+00:00\",\"dateModified\":\"2024-01-26T15:41:42+00:00\",\"breadcrumb\":{\"@id\":\"https:\\\/\\\/diarioprincipios.com\\\/index.php\\\/2024\\\/01\\\/26\\\/piden-mayor-refuerzo-de-personal-obras-y-creacion-de-nuevas-comisarias-para-quilmes\\\/#breadcrumb\"},\"inLanguage\":\"es\",\"potentialAction\":[{\"@type\":\"ReadAction\",\"target\":[\"https:\\\/\\\/diarioprincipios.com\\\/index.php\\\/2024\\\/01\\\/26\\\/piden-mayor-refuerzo-de-personal-obras-y-creacion-de-nuevas-comisarias-para-quilmes\\\/\"]}]},{\"@type\":\"ImageObject\",\"inLanguage\":\"es\",\"@id\":\"https:\\\/\\\/diarioprincipios.com\\\/index.php\\\/2024\\\/01\\\/26\\\/piden-mayor-refuerzo-de-personal-obras-y-creacion-de-nuevas-comisarias-para-quilmes\\\/#primaryimage\",\"url\":\"https:\\\/\\\/diarioprincipios.com\\\/wp-content\\\/uploads\\\/2024\\\/01\\\/MAYRA-MANTUVO-UN-ENCUENTRO-CON-EL-MINISTRO-DE-SEGURIDAD-PROVINCIAL-JAVIER-ALONSO-3.jpg\",\"contentUrl\":\"https:\\\/\\\/diarioprincipios.com\\\/wp-content\\\/uploads\\\/2024\\\/01\\\/MAYRA-MANTUVO-UN-ENCUENTRO-CON-EL-MINISTRO-DE-SEGURIDAD-PROVINCIAL-JAVIER-ALONSO-3.jpg\",\"width\":1280,\"height\":853},{\"@type\":\"BreadcrumbList\",\"@id\":\"https:\\\/\\\/diarioprincipios.com\\\/index.php\\\/2024\\\/01\\\/26\\\/piden-mayor-refuerzo-de-personal-obras-y-creacion-de-nuevas-comisarias-para-quilmes\\\/#breadcrumb\",\"itemListElement\":[{\"@type\":\"ListItem\",\"position\":1,\"name\":\"Portada\",\"item\":\"https:\\\/\\\/diarioprincipios.com\\\/\"},{\"@type\":\"ListItem\",\"position\":2,\"name\":\"Piden mayor refuerzo de personal, obras y creaci\u00f3n de nuevas comisar\u00edas para Quilmes\"}]},{\"@type\":\"WebSite\",\"@id\":\"https:\\\/\\\/diarioprincipios.com\\\/#website\",\"url\":\"https:\\\/\\\/diarioprincipios.com\\\/\",\"name\":\"Principios\",\"description\":\"Principios Diario\",\"publisher\":{\"@id\":\"https:\\\/\\\/diarioprincipios.com\\\/#organization\"},\"potentialAction\":[{\"@type\":\"SearchAction\",\"target\":{\"@type\":\"EntryPoint\",\"urlTemplate\":\"https:\\\/\\\/diarioprincipios.com\\\/?s={search_term_string}\"},\"query-input\":{\"@type\":\"PropertyValueSpecification\",\"valueRequired\":true,\"valueName\":\"search_term_string\"}}],\"inLanguage\":\"es\"},{\"@type\":\"Organization\",\"@id\":\"https:\\\/\\\/diarioprincipios.com\\\/#organization\",\"name\":\"Principios\",\"url\":\"https:\\\/\\\/diarioprincipios.com\\\/\",\"logo\":{\"@type\":\"ImageObject\",\"inLanguage\":\"es\",\"@id\":\"https:\\\/\\\/diarioprincipios.com\\\/#\\\/schema\\\/logo\\\/image\\\/\",\"url\":\"https:\\\/\\\/diarioprincipios.com\\\/wp-content\\\/uploads\\\/2024\\\/04\\\/cropped-www.diarioprincipios.com_-1.png\",\"contentUrl\":\"https:\\\/\\\/diarioprincipios.com\\\/wp-content\\\/uploads\\\/2024\\\/04\\\/cropped-www.diarioprincipios.com_-1.png\",\"width\":5325,\"height\":1454,\"caption\":\"Principios\"},\"image\":{\"@id\":\"https:\\\/\\\/diarioprincipios.com\\\/#\\\/schema\\\/logo\\\/image\\\/\"}},{\"@type\":\"Person\",\"@id\":\"https:\\\/\\\/diarioprincipios.com\\\/#\\\/schema\\\/person\\\/436d5a1fd41a5e250e23ff5a6a7cb080\",\"name\":\"Hern\u00e1n L\u00f3pez\",\"image\":{\"@type\":\"ImageObject\",\"inLanguage\":\"es\",\"@id\":\"https:\\\/\\\/diarioprincipios.com\\\/wp-content\\\/litespeed\\\/avatar\\\/11ddfe5610ff3bd100522525b2571f48.jpg?ver=1777048341\",\"url\":\"https:\\\/\\\/diarioprincipios.com\\\/wp-content\\\/litespeed\\\/avatar\\\/11ddfe5610ff3bd100522525b2571f48.jpg?ver=1777048341\",\"contentUrl\":\"https:\\\/\\\/diarioprincipios.com\\\/wp-content\\\/litespeed\\\/avatar\\\/11ddfe5610ff3bd100522525b2571f48.jpg?ver=1777048341\",\"caption\":\"Hern\u00e1n L\u00f3pez\"},\"url\":\"https:\\\/\\\/diarioprincipios.com\\\/index.php\\\/author\\\/hernan\\\/\"}]}<\/script>\n<!-- \/ Yoast SEO plugin. -->","yoast_head_json":{"title":"Piden mayor refuerzo de personal, obras y creaci\u00f3n de nuevas comisar\u00edas para Quilmes - Principios","robots":{"index":"index","follow":"follow","max-snippet":"max-snippet:-1","max-image-preview":"max-image-preview:large","max-video-preview":"max-video-preview:-1"},"canonical":"https:\/\/diarioprincipios.com\/index.php\/2024\/01\/26\/piden-mayor-refuerzo-de-personal-obras-y-creacion-de-nuevas-comisarias-para-quilmes\/","og_locale":"es_ES","og_type":"article","og_title":"Piden mayor refuerzo de personal, obras y creaci\u00f3n de nuevas comisar\u00edas para Quilmes - Principios","og_description":"La intendenta de Quilmes, Mayra Mendoza, se reuni\u00f3 este jueves con el ministro de Seguridad de la provincia de Buenos Aires, Javier Alonso, a quien le solicit\u00f3 para el distrito refuerzo del personal policial, la creaci\u00f3n de nuevas comisar\u00edas, la refacci\u00f3n de la planta alta de la seccional Quilmes 4\u00aa (San Francisco Solano) y un...","og_url":"https:\/\/diarioprincipios.com\/index.php\/2024\/01\/26\/piden-mayor-refuerzo-de-personal-obras-y-creacion-de-nuevas-comisarias-para-quilmes\/","og_site_name":"Principios","article_published_time":"2024-01-26T15:41:39+00:00","article_modified_time":"2024-01-26T15:41:42+00:00","og_image":[{"width":1280,"height":853,"url":"https:\/\/diarioprincipios.com\/wp-content\/uploads\/2024\/01\/MAYRA-MANTUVO-UN-ENCUENTRO-CON-EL-MINISTRO-DE-SEGURIDAD-PROVINCIAL-JAVIER-ALONSO-3.jpg","type":"image\/jpeg"}],"author":"Hern\u00e1n L\u00f3pez","twitter_card":"summary_large_image","twitter_misc":{"Escrito por":"Hern\u00e1n L\u00f3pez","Tiempo de lectura":"3 minutos"},"schema":{"@context":"https:\/\/schema.org","@graph":[{"@type":"Article","@id":"https:\/\/diarioprincipios.com\/index.php\/2024\/01\/26\/piden-mayor-refuerzo-de-personal-obras-y-creacion-de-nuevas-comisarias-para-quilmes\/#article","isPartOf":{"@id":"https:\/\/diarioprincipios.com\/index.php\/2024\/01\/26\/piden-mayor-refuerzo-de-personal-obras-y-creacion-de-nuevas-comisarias-para-quilmes\/"},"author":{"name":"Hern\u00e1n L\u00f3pez","@id":"https:\/\/diarioprincipios.com\/#\/schema\/person\/436d5a1fd41a5e250e23ff5a6a7cb080"},"headline":"Piden mayor refuerzo de personal, obras y creaci\u00f3n de nuevas comisar\u00edas para Quilmes","datePublished":"2024-01-26T15:41:39+00:00","dateModified":"2024-01-26T15:41:42+00:00","mainEntityOfPage":{"@id":"https:\/\/diarioprincipios.com\/index.php\/2024\/01\/26\/piden-mayor-refuerzo-de-personal-obras-y-creacion-de-nuevas-comisarias-para-quilmes\/"},"wordCount":565,"commentCount":0,"publisher":{"@id":"https:\/\/diarioprincipios.com\/#organization"},"image":{"@id":"https:\/\/diarioprincipios.com\/index.php\/2024\/01\/26\/piden-mayor-refuerzo-de-personal-obras-y-creacion-de-nuevas-comisarias-para-quilmes\/#primaryimage"},"thumbnailUrl":"https:\/\/diarioprincipios.com\/wp-content\/uploads\/2024\/01\/MAYRA-MANTUVO-UN-ENCUENTRO-CON-EL-MINISTRO-DE-SEGURIDAD-PROVINCIAL-JAVIER-ALONSO-3.jpg","articleSection":["Quilmes"],"inLanguage":"es","potentialAction":[{"@type":"CommentAction","name":"Comment","target":["https:\/\/diarioprincipios.com\/index.php\/2024\/01\/26\/piden-mayor-refuerzo-de-personal-obras-y-creacion-de-nuevas-comisarias-para-quilmes\/#respond"]}]},{"@type":"WebPage","@id":"https:\/\/diarioprincipios.com\/index.php\/2024\/01\/26\/piden-mayor-refuerzo-de-personal-obras-y-creacion-de-nuevas-comisarias-para-quilmes\/","url":"https:\/\/diarioprincipios.com\/index.php\/2024\/01\/26\/piden-mayor-refuerzo-de-personal-obras-y-creacion-de-nuevas-comisarias-para-quilmes\/","name":"Piden mayor refuerzo de personal, obras y creaci\u00f3n de nuevas comisar\u00edas para Quilmes - Principios","isPartOf":{"@id":"https:\/\/diarioprincipios.com\/#website"},"primaryImageOfPage":{"@id":"https:\/\/diarioprincipios.com\/index.php\/2024\/01\/26\/piden-mayor-refuerzo-de-personal-obras-y-creacion-de-nuevas-comisarias-para-quilmes\/#primaryimage"},"image":{"@id":"https:\/\/diarioprincipios.com\/index.php\/2024\/01\/26\/piden-mayor-refuerzo-de-personal-obras-y-creacion-de-nuevas-comisarias-para-quilmes\/#primaryimage"},"thumbnailUrl":"https:\/\/diarioprincipios.com\/wp-content\/uploads\/2024\/01\/MAYRA-MANTUVO-UN-ENCUENTRO-CON-EL-MINISTRO-DE-SEGURIDAD-PROVINCIAL-JAVIER-ALONSO-3.jpg","datePublished":"2024-01-26T15:41:39+00:00","dateModified":"2024-01-26T15:41:42+00:00","breadcrumb":{"@id":"https:\/\/diarioprincipios.com\/index.php\/2024\/01\/26\/piden-mayor-refuerzo-de-personal-obras-y-creacion-de-nuevas-comisarias-para-quilmes\/#breadcrumb"},"inLanguage":"es","potentialAction":[{"@type":"ReadAction","target":["https:\/\/diarioprincipios.com\/index.php\/2024\/01\/26\/piden-mayor-refuerzo-de-personal-obras-y-creacion-de-nuevas-comisarias-para-quilmes\/"]}]},{"@type":"ImageObject","inLanguage":"es","@id":"https:\/\/diarioprincipios.com\/index.php\/2024\/01\/26\/piden-mayor-refuerzo-de-personal-obras-y-creacion-de-nuevas-comisarias-para-quilmes\/#primaryimage","url":"https:\/\/diarioprincipios.com\/wp-content\/uploads\/2024\/01\/MAYRA-MANTUVO-UN-ENCUENTRO-CON-EL-MINISTRO-DE-SEGURIDAD-PROVINCIAL-JAVIER-ALONSO-3.jpg","contentUrl":"https:\/\/diarioprincipios.com\/wp-content\/uploads\/2024\/01\/MAYRA-MANTUVO-UN-ENCUENTRO-CON-EL-MINISTRO-DE-SEGURIDAD-PROVINCIAL-JAVIER-ALONSO-3.jpg","width":1280,"height":853},{"@type":"BreadcrumbList","@id":"https:\/\/diarioprincipios.com\/index.php\/2024\/01\/26\/piden-mayor-refuerzo-de-personal-obras-y-creacion-de-nuevas-comisarias-para-quilmes\/#breadcrumb","itemListElement":[{"@type":"ListItem","position":1,"name":"Portada","item":"https:\/\/diarioprincipios.com\/"},{"@type":"ListItem","position":2,"name":"Piden mayor refuerzo de personal, obras y creaci\u00f3n de nuevas comisar\u00edas para Quilmes"}]},{"@type":"WebSite","@id":"https:\/\/diarioprincipios.com\/#website","url":"https:\/\/diarioprincipios.com\/","name":"Principios","description":"Principios Diario","publisher":{"@id":"https:\/\/diarioprincipios.com\/#organization"},"potentialAction":[{"@type":"SearchAction","target":{"@type":"EntryPoint","urlTemplate":"https:\/\/diarioprincipios.com\/?s={search_term_string}"},"query-input":{"@type":"PropertyValueSpecification","valueRequired":true,"valueName":"search_term_string"}}],"inLanguage":"es"},{"@type":"Organization","@id":"https:\/\/diarioprincipios.com\/#organization","name":"Principios","url":"https:\/\/diarioprincipios.com\/","logo":{"@type":"ImageObject","inLanguage":"es","@id":"https:\/\/diarioprincipios.com\/#\/schema\/logo\/image\/","url":"https:\/\/diarioprincipios.com\/wp-content\/uploads\/2024\/04\/cropped-www.diarioprincipios.com_-1.png","contentUrl":"https:\/\/diarioprincipios.com\/wp-content\/uploads\/2024\/04\/cropped-www.diarioprincipios.com_-1.png","width":5325,"height":1454,"caption":"Principios"},"image":{"@id":"https:\/\/diarioprincipios.com\/#\/schema\/logo\/image\/"}},{"@type":"Person","@id":"https:\/\/diarioprincipios.com\/#\/schema\/person\/436d5a1fd41a5e250e23ff5a6a7cb080","name":"Hern\u00e1n L\u00f3pez","image":{"@type":"ImageObject","inLanguage":"es","@id":"https:\/\/diarioprincipios.com\/wp-content\/litespeed\/avatar\/11ddfe5610ff3bd100522525b2571f48.jpg?ver=1777048341","url":"https:\/\/diarioprincipios.com\/wp-content\/litespeed\/avatar\/11ddfe5610ff3bd100522525b2571f48.jpg?ver=1777048341","contentUrl":"https:\/\/diarioprincipios.com\/wp-content\/litespeed\/avatar\/11ddfe5610ff3bd100522525b2571f48.jpg?ver=1777048341","caption":"Hern\u00e1n L\u00f3pez"},"url":"https:\/\/diarioprincipios.com\/index.php\/author\/hernan\/"}]}},"jetpack_featured_media_url":"https:\/\/diarioprincipios.com\/wp-content\/uploads\/2024\/01\/MAYRA-MANTUVO-UN-ENCUENTRO-CON-EL-MINISTRO-DE-SEGURIDAD-PROVINCIAL-JAVIER-ALONSO-3.jpg","_links":{"self":[{"href":"https:\/\/diarioprincipios.com\/index.php\/wp-json\/wp\/v2\/posts\/20502","targetHints":{"allow":["GET"]}}],"collection":[{"href":"https:\/\/diarioprincipios.com\/index.php\/wp-json\/wp\/v2\/posts"}],"about":[{"href":"https:\/\/diarioprincipios.com\/index.php\/wp-json\/wp\/v2\/types\/post"}],"author":[{"embeddable":true,"href":"https:\/\/diarioprincipios.com\/index.php\/wp-json\/wp\/v2\/users\/2"}],"replies":[{"embeddable":true,"href":"https:\/\/diarioprincipios.com\/index.php\/wp-json\/wp\/v2\/comments?post=20502"}],"version-history":[{"count":1,"href":"https:\/\/diarioprincipios.com\/index.php\/wp-json\/wp\/v2\/posts\/20502\/revisions"}],"predecessor-version":[{"id":20505,"href":"https:\/\/diarioprincipios.com\/index.php\/wp-json\/wp\/v2\/posts\/20502\/revisions\/20505"}],"wp:featuredmedia":[{"embeddable":true,"href":"https:\/\/diarioprincipios.com\/index.php\/wp-json\/wp\/v2\/media\/20504"}],"wp:attachment":[{"href":"https:\/\/diarioprincipios.com\/index.php\/wp-json\/wp\/v2\/media?parent=20502"}],"wp:term":[{"taxonomy":"category","embeddable":true,"href":"https:\/\/diarioprincipios.com\/index.php\/wp-json\/wp\/v2\/categories?post=20502"},{"taxonomy":"post_tag","embeddable":true,"href":"https:\/\/diarioprincipios.com\/index.php\/wp-json\/wp\/v2\/tags?post=20502"}],"curies":[{"name":"wp","href":"https:\/\/api.w.org\/{rel}","templated":true}]}}