{"id":20474,"date":"2024-01-24T10:53:47","date_gmt":"2024-01-24T13:53:47","guid":{"rendered":"http:\/\/diarioprincipios.com\/?p=20474"},"modified":"2024-01-24T10:53:50","modified_gmt":"2024-01-24T13:53:50","slug":"gabriel-carril-apoyamos-el-paro-y-la-movilizacion-de-este-miercoles","status":"publish","type":"post","link":"https:\/\/diarioprincipios.com\/index.php\/2024\/01\/24\/gabriel-carril-apoyamos-el-paro-y-la-movilizacion-de-este-miercoles\/","title":{"rendered":"Gabriel Carril: \u00abApoyamos el Paro y la Movilizaci\u00f3n de este mi\u00e9rcoles\u00bb"},"content":{"rendered":"\n<p>El Secretario General del Sindicato de Trabajadores Municipales de Berazategui, Gabriel Carril Campusano, dijo esta ma\u00f1ana a Principios que \u00abapoyamos el Paro y la Movilizaci\u00f3n convocado para hoy por la CGT, en rechazo al Decreto de Necesidad y Urgencia (DNU) emitido por el Poder Ejecutivo Nacional y al proyecto de Ley Omnibus\u00bb.<br>El reconocido dirigente gremial sostuvo que \u00abAmbas iniciativas promueven un ajuste desmedido que amenaza los derechos laborales y sociales del pueblo trabajador, y nosotros no podemos de ninguna manera acompa\u00f1ar eso\u00bb,<br>Campusano indic\u00f3 tambi\u00e9n que \u00abes necesario unirnos para resistir las pol\u00edticas de exclusi\u00f3n y velar siempre por la defensa de los derechos de los trabajadores\u00bb.<br>Tambi\u00e9n lament\u00f3 que \u00abel gobierno nacional en vez de sentarse con los trabajadores para ver como salir de la crisis y recuperar salario haya elegido el camino del ajuste y de un ajuste demasiado brutal para el bolsillo de cualquier trabajador, nosotros entendemos que las pol\u00edticas que el pa\u00eds necesitaba para salir de la situaci\u00f3n en la que est\u00e1 eran claramente otras, este no es el camino\u00bb.<\/p>\n\n\n\n<p>Nueva Recomposici\u00f3n para Municipales<\/p>\n\n\n\n<p>Por otra parte, el Secretario General de los Municipales agradeci\u00f3 \u00abla predisposici\u00f3n y la sensibilidad social del Intendente Dr. Juan Jos\u00e9 Mussi para seguir discutiendo mejoras salariales en un contexto nacional extremadamente d\u00edficil\u00bb, anunciando que \u00abse alcanz\u00f3 un acuerdo para que a fines de Enero todos los trabajadores municipales reciban en sus haberes un incremento del 10%, en todas las escalas, respecto al sueldo del mes de diciembre de 2023\u00bb.<br>Cerr\u00f3 destando que \u00abentendemos que es un esfuerzo enorme por parte del Municipio que entiende la situaci\u00f3n de los trabajadores y est\u00e1 dispuesto a seguir dialogando y buscando la manera de recomponer salario en un contexto nacional muy delicado\u00bb.<\/p>\n","protected":false},"excerpt":{"rendered":"<p>El Secretario General del Sindicato de Trabajadores Municipales de Berazategui, Gabriel Carril Campusano, dijo esta ma\u00f1ana a Principios que \u00abapoyamos el Paro y la Movilizaci\u00f3n convocado para hoy por la CGT, en rechazo al Decreto de Necesidad y Urgencia (DNU) emitido por el Poder Ejecutivo Nacional y al proyecto de Ley Omnibus\u00bb.El reconocido dirigente gremial&#8230;<\/p>\n","protected":false},"author":2,"featured_media":20473,"comment_status":"open","ping_status":"open","sticky":false,"template":"","format":"standard","meta":{"footnotes":""},"categories":[3],"tags":[],"class_list":["post-20474","post","type-post","status-publish","format-standard","has-post-thumbnail","hentry","category-berazategui"],"featured_image_src":"https:\/\/diarioprincipios.com\/wp-content\/uploads\/2024\/01\/20240123_110736-1024x1024.jpg","blog_images":{"medium":"https:\/\/diarioprincipios.com\/wp-content\/uploads\/2024\/01\/20240123_110736-300x300.jpg","large":"https:\/\/diarioprincipios.com\/wp-content\/uploads\/2024\/01\/20240123_110736-1024x1024.jpg"},"ams_acf":[],"yoast_head":"<!-- This site is optimized with the Yoast SEO plugin v27.3 - https:\/\/yoast.com\/product\/yoast-seo-wordpress\/ -->\n<title>Gabriel Carril: &quot;Apoyamos el Paro y la Movilizaci\u00f3n de este mi\u00e9rcoles&quot; - Principios<\/title>\n<meta name=\"robots\" content=\"index, follow, max-snippet:-1, max-image-preview:large, max-video-preview:-1\" \/>\n<link rel=\"canonical\" href=\"https:\/\/diarioprincipios.com\/index.php\/2024\/01\/24\/gabriel-carril-apoyamos-el-paro-y-la-movilizacion-de-este-miercoles\/\" \/>\n<meta property=\"og:locale\" content=\"es_ES\" \/>\n<meta property=\"og:type\" content=\"article\" \/>\n<meta property=\"og:title\" content=\"Gabriel Carril: &quot;Apoyamos el Paro y la Movilizaci\u00f3n de este mi\u00e9rcoles&quot; - Principios\" \/>\n<meta property=\"og:description\" content=\"El Secretario General del Sindicato de Trabajadores Municipales de Berazategui, Gabriel Carril Campusano, dijo esta ma\u00f1ana a Principios que \u00abapoyamos el Paro y la Movilizaci\u00f3n convocado para hoy por la CGT, en rechazo al Decreto de Necesidad y Urgencia (DNU) emitido por el Poder Ejecutivo Nacional y al proyecto de Ley Omnibus\u00bb.El reconocido dirigente gremial...\" \/>\n<meta property=\"og:url\" content=\"https:\/\/diarioprincipios.com\/index.php\/2024\/01\/24\/gabriel-carril-apoyamos-el-paro-y-la-movilizacion-de-este-miercoles\/\" \/>\n<meta property=\"og:site_name\" content=\"Principios\" \/>\n<meta property=\"article:published_time\" content=\"2024-01-24T13:53:47+00:00\" \/>\n<meta property=\"article:modified_time\" content=\"2024-01-24T13:53:50+00:00\" \/>\n<meta property=\"og:image\" content=\"https:\/\/diarioprincipios.com\/wp-content\/uploads\/2024\/01\/20240123_110736.jpg\" \/>\n\t<meta property=\"og:image:width\" content=\"1477\" \/>\n\t<meta property=\"og:image:height\" content=\"1477\" \/>\n\t<meta property=\"og:image:type\" content=\"image\/jpeg\" \/>\n<meta name=\"author\" content=\"Hern\u00e1n L\u00f3pez\" \/>\n<meta name=\"twitter:card\" content=\"summary_large_image\" \/>\n<meta name=\"twitter:label1\" content=\"Escrito por\" \/>\n\t<meta name=\"twitter:data1\" content=\"Hern\u00e1n L\u00f3pez\" \/>\n\t<meta name=\"twitter:label2\" content=\"Tiempo de lectura\" \/>\n\t<meta name=\"twitter:data2\" content=\"2 minutos\" \/>\n<script type=\"application\/ld+json\" class=\"yoast-schema-graph\">{\"@context\":\"https:\\\/\\\/schema.org\",\"@graph\":[{\"@type\":\"Article\",\"@id\":\"https:\\\/\\\/diarioprincipios.com\\\/index.php\\\/2024\\\/01\\\/24\\\/gabriel-carril-apoyamos-el-paro-y-la-movilizacion-de-este-miercoles\\\/#article\",\"isPartOf\":{\"@id\":\"https:\\\/\\\/diarioprincipios.com\\\/index.php\\\/2024\\\/01\\\/24\\\/gabriel-carril-apoyamos-el-paro-y-la-movilizacion-de-este-miercoles\\\/\"},\"author\":{\"name\":\"Hern\u00e1n L\u00f3pez\",\"@id\":\"https:\\\/\\\/diarioprincipios.com\\\/#\\\/schema\\\/person\\\/436d5a1fd41a5e250e23ff5a6a7cb080\"},\"headline\":\"Gabriel Carril: \u00abApoyamos el Paro y la Movilizaci\u00f3n de este mi\u00e9rcoles\u00bb\",\"datePublished\":\"2024-01-24T13:53:47+00:00\",\"dateModified\":\"2024-01-24T13:53:50+00:00\",\"mainEntityOfPage\":{\"@id\":\"https:\\\/\\\/diarioprincipios.com\\\/index.php\\\/2024\\\/01\\\/24\\\/gabriel-carril-apoyamos-el-paro-y-la-movilizacion-de-este-miercoles\\\/\"},\"wordCount\":313,\"commentCount\":0,\"publisher\":{\"@id\":\"https:\\\/\\\/diarioprincipios.com\\\/#organization\"},\"image\":{\"@id\":\"https:\\\/\\\/diarioprincipios.com\\\/index.php\\\/2024\\\/01\\\/24\\\/gabriel-carril-apoyamos-el-paro-y-la-movilizacion-de-este-miercoles\\\/#primaryimage\"},\"thumbnailUrl\":\"https:\\\/\\\/diarioprincipios.com\\\/wp-content\\\/uploads\\\/2024\\\/01\\\/20240123_110736.jpg\",\"articleSection\":[\"Berazategui\"],\"inLanguage\":\"es\",\"potentialAction\":[{\"@type\":\"CommentAction\",\"name\":\"Comment\",\"target\":[\"https:\\\/\\\/diarioprincipios.com\\\/index.php\\\/2024\\\/01\\\/24\\\/gabriel-carril-apoyamos-el-paro-y-la-movilizacion-de-este-miercoles\\\/#respond\"]}]},{\"@type\":\"WebPage\",\"@id\":\"https:\\\/\\\/diarioprincipios.com\\\/index.php\\\/2024\\\/01\\\/24\\\/gabriel-carril-apoyamos-el-paro-y-la-movilizacion-de-este-miercoles\\\/\",\"url\":\"https:\\\/\\\/diarioprincipios.com\\\/index.php\\\/2024\\\/01\\\/24\\\/gabriel-carril-apoyamos-el-paro-y-la-movilizacion-de-este-miercoles\\\/\",\"name\":\"Gabriel Carril: \\\"Apoyamos el Paro y la Movilizaci\u00f3n de este mi\u00e9rcoles\\\" - Principios\",\"isPartOf\":{\"@id\":\"https:\\\/\\\/diarioprincipios.com\\\/#website\"},\"primaryImageOfPage\":{\"@id\":\"https:\\\/\\\/diarioprincipios.com\\\/index.php\\\/2024\\\/01\\\/24\\\/gabriel-carril-apoyamos-el-paro-y-la-movilizacion-de-este-miercoles\\\/#primaryimage\"},\"image\":{\"@id\":\"https:\\\/\\\/diarioprincipios.com\\\/index.php\\\/2024\\\/01\\\/24\\\/gabriel-carril-apoyamos-el-paro-y-la-movilizacion-de-este-miercoles\\\/#primaryimage\"},\"thumbnailUrl\":\"https:\\\/\\\/diarioprincipios.com\\\/wp-content\\\/uploads\\\/2024\\\/01\\\/20240123_110736.jpg\",\"datePublished\":\"2024-01-24T13:53:47+00:00\",\"dateModified\":\"2024-01-24T13:53:50+00:00\",\"breadcrumb\":{\"@id\":\"https:\\\/\\\/diarioprincipios.com\\\/index.php\\\/2024\\\/01\\\/24\\\/gabriel-carril-apoyamos-el-paro-y-la-movilizacion-de-este-miercoles\\\/#breadcrumb\"},\"inLanguage\":\"es\",\"potentialAction\":[{\"@type\":\"ReadAction\",\"target\":[\"https:\\\/\\\/diarioprincipios.com\\\/index.php\\\/2024\\\/01\\\/24\\\/gabriel-carril-apoyamos-el-paro-y-la-movilizacion-de-este-miercoles\\\/\"]}]},{\"@type\":\"ImageObject\",\"inLanguage\":\"es\",\"@id\":\"https:\\\/\\\/diarioprincipios.com\\\/index.php\\\/2024\\\/01\\\/24\\\/gabriel-carril-apoyamos-el-paro-y-la-movilizacion-de-este-miercoles\\\/#primaryimage\",\"url\":\"https:\\\/\\\/diarioprincipios.com\\\/wp-content\\\/uploads\\\/2024\\\/01\\\/20240123_110736.jpg\",\"contentUrl\":\"https:\\\/\\\/diarioprincipios.com\\\/wp-content\\\/uploads\\\/2024\\\/01\\\/20240123_110736.jpg\",\"width\":1477,\"height\":1477},{\"@type\":\"BreadcrumbList\",\"@id\":\"https:\\\/\\\/diarioprincipios.com\\\/index.php\\\/2024\\\/01\\\/24\\\/gabriel-carril-apoyamos-el-paro-y-la-movilizacion-de-este-miercoles\\\/#breadcrumb\",\"itemListElement\":[{\"@type\":\"ListItem\",\"position\":1,\"name\":\"Portada\",\"item\":\"https:\\\/\\\/diarioprincipios.com\\\/\"},{\"@type\":\"ListItem\",\"position\":2,\"name\":\"Gabriel Carril: \u00abApoyamos el Paro y la Movilizaci\u00f3n de este mi\u00e9rcoles\u00bb\"}]},{\"@type\":\"WebSite\",\"@id\":\"https:\\\/\\\/diarioprincipios.com\\\/#website\",\"url\":\"https:\\\/\\\/diarioprincipios.com\\\/\",\"name\":\"Principios\",\"description\":\"Principios Diario\",\"publisher\":{\"@id\":\"https:\\\/\\\/diarioprincipios.com\\\/#organization\"},\"potentialAction\":[{\"@type\":\"SearchAction\",\"target\":{\"@type\":\"EntryPoint\",\"urlTemplate\":\"https:\\\/\\\/diarioprincipios.com\\\/?s={search_term_string}\"},\"query-input\":{\"@type\":\"PropertyValueSpecification\",\"valueRequired\":true,\"valueName\":\"search_term_string\"}}],\"inLanguage\":\"es\"},{\"@type\":\"Organization\",\"@id\":\"https:\\\/\\\/diarioprincipios.com\\\/#organization\",\"name\":\"Principios\",\"url\":\"https:\\\/\\\/diarioprincipios.com\\\/\",\"logo\":{\"@type\":\"ImageObject\",\"inLanguage\":\"es\",\"@id\":\"https:\\\/\\\/diarioprincipios.com\\\/#\\\/schema\\\/logo\\\/image\\\/\",\"url\":\"https:\\\/\\\/diarioprincipios.com\\\/wp-content\\\/uploads\\\/2024\\\/04\\\/cropped-www.diarioprincipios.com_-1.png\",\"contentUrl\":\"https:\\\/\\\/diarioprincipios.com\\\/wp-content\\\/uploads\\\/2024\\\/04\\\/cropped-www.diarioprincipios.com_-1.png\",\"width\":5325,\"height\":1454,\"caption\":\"Principios\"},\"image\":{\"@id\":\"https:\\\/\\\/diarioprincipios.com\\\/#\\\/schema\\\/logo\\\/image\\\/\"}},{\"@type\":\"Person\",\"@id\":\"https:\\\/\\\/diarioprincipios.com\\\/#\\\/schema\\\/person\\\/436d5a1fd41a5e250e23ff5a6a7cb080\",\"name\":\"Hern\u00e1n L\u00f3pez\",\"image\":{\"@type\":\"ImageObject\",\"inLanguage\":\"es\",\"@id\":\"https:\\\/\\\/diarioprincipios.com\\\/wp-content\\\/litespeed\\\/avatar\\\/11ddfe5610ff3bd100522525b2571f48.jpg?ver=1777653193\",\"url\":\"https:\\\/\\\/diarioprincipios.com\\\/wp-content\\\/litespeed\\\/avatar\\\/11ddfe5610ff3bd100522525b2571f48.jpg?ver=1777653193\",\"contentUrl\":\"https:\\\/\\\/diarioprincipios.com\\\/wp-content\\\/litespeed\\\/avatar\\\/11ddfe5610ff3bd100522525b2571f48.jpg?ver=1777653193\",\"caption\":\"Hern\u00e1n L\u00f3pez\"},\"url\":\"https:\\\/\\\/diarioprincipios.com\\\/index.php\\\/author\\\/hernan\\\/\"}]}<\/script>\n<!-- \/ Yoast SEO plugin. -->","yoast_head_json":{"title":"Gabriel Carril: \"Apoyamos el Paro y la Movilizaci\u00f3n de este mi\u00e9rcoles\" - Principios","robots":{"index":"index","follow":"follow","max-snippet":"max-snippet:-1","max-image-preview":"max-image-preview:large","max-video-preview":"max-video-preview:-1"},"canonical":"https:\/\/diarioprincipios.com\/index.php\/2024\/01\/24\/gabriel-carril-apoyamos-el-paro-y-la-movilizacion-de-este-miercoles\/","og_locale":"es_ES","og_type":"article","og_title":"Gabriel Carril: \"Apoyamos el Paro y la Movilizaci\u00f3n de este mi\u00e9rcoles\" - Principios","og_description":"El Secretario General del Sindicato de Trabajadores Municipales de Berazategui, Gabriel Carril Campusano, dijo esta ma\u00f1ana a Principios que \u00abapoyamos el Paro y la Movilizaci\u00f3n convocado para hoy por la CGT, en rechazo al Decreto de Necesidad y Urgencia (DNU) emitido por el Poder Ejecutivo Nacional y al proyecto de Ley Omnibus\u00bb.El reconocido dirigente gremial...","og_url":"https:\/\/diarioprincipios.com\/index.php\/2024\/01\/24\/gabriel-carril-apoyamos-el-paro-y-la-movilizacion-de-este-miercoles\/","og_site_name":"Principios","article_published_time":"2024-01-24T13:53:47+00:00","article_modified_time":"2024-01-24T13:53:50+00:00","og_image":[{"width":1477,"height":1477,"url":"https:\/\/diarioprincipios.com\/wp-content\/uploads\/2024\/01\/20240123_110736.jpg","type":"image\/jpeg"}],"author":"Hern\u00e1n L\u00f3pez","twitter_card":"summary_large_image","twitter_misc":{"Escrito por":"Hern\u00e1n L\u00f3pez","Tiempo de lectura":"2 minutos"},"schema":{"@context":"https:\/\/schema.org","@graph":[{"@type":"Article","@id":"https:\/\/diarioprincipios.com\/index.php\/2024\/01\/24\/gabriel-carril-apoyamos-el-paro-y-la-movilizacion-de-este-miercoles\/#article","isPartOf":{"@id":"https:\/\/diarioprincipios.com\/index.php\/2024\/01\/24\/gabriel-carril-apoyamos-el-paro-y-la-movilizacion-de-este-miercoles\/"},"author":{"name":"Hern\u00e1n L\u00f3pez","@id":"https:\/\/diarioprincipios.com\/#\/schema\/person\/436d5a1fd41a5e250e23ff5a6a7cb080"},"headline":"Gabriel Carril: \u00abApoyamos el Paro y la Movilizaci\u00f3n de este mi\u00e9rcoles\u00bb","datePublished":"2024-01-24T13:53:47+00:00","dateModified":"2024-01-24T13:53:50+00:00","mainEntityOfPage":{"@id":"https:\/\/diarioprincipios.com\/index.php\/2024\/01\/24\/gabriel-carril-apoyamos-el-paro-y-la-movilizacion-de-este-miercoles\/"},"wordCount":313,"commentCount":0,"publisher":{"@id":"https:\/\/diarioprincipios.com\/#organization"},"image":{"@id":"https:\/\/diarioprincipios.com\/index.php\/2024\/01\/24\/gabriel-carril-apoyamos-el-paro-y-la-movilizacion-de-este-miercoles\/#primaryimage"},"thumbnailUrl":"https:\/\/diarioprincipios.com\/wp-content\/uploads\/2024\/01\/20240123_110736.jpg","articleSection":["Berazategui"],"inLanguage":"es","potentialAction":[{"@type":"CommentAction","name":"Comment","target":["https:\/\/diarioprincipios.com\/index.php\/2024\/01\/24\/gabriel-carril-apoyamos-el-paro-y-la-movilizacion-de-este-miercoles\/#respond"]}]},{"@type":"WebPage","@id":"https:\/\/diarioprincipios.com\/index.php\/2024\/01\/24\/gabriel-carril-apoyamos-el-paro-y-la-movilizacion-de-este-miercoles\/","url":"https:\/\/diarioprincipios.com\/index.php\/2024\/01\/24\/gabriel-carril-apoyamos-el-paro-y-la-movilizacion-de-este-miercoles\/","name":"Gabriel Carril: \"Apoyamos el Paro y la Movilizaci\u00f3n de este mi\u00e9rcoles\" - Principios","isPartOf":{"@id":"https:\/\/diarioprincipios.com\/#website"},"primaryImageOfPage":{"@id":"https:\/\/diarioprincipios.com\/index.php\/2024\/01\/24\/gabriel-carril-apoyamos-el-paro-y-la-movilizacion-de-este-miercoles\/#primaryimage"},"image":{"@id":"https:\/\/diarioprincipios.com\/index.php\/2024\/01\/24\/gabriel-carril-apoyamos-el-paro-y-la-movilizacion-de-este-miercoles\/#primaryimage"},"thumbnailUrl":"https:\/\/diarioprincipios.com\/wp-content\/uploads\/2024\/01\/20240123_110736.jpg","datePublished":"2024-01-24T13:53:47+00:00","dateModified":"2024-01-24T13:53:50+00:00","breadcrumb":{"@id":"https:\/\/diarioprincipios.com\/index.php\/2024\/01\/24\/gabriel-carril-apoyamos-el-paro-y-la-movilizacion-de-este-miercoles\/#breadcrumb"},"inLanguage":"es","potentialAction":[{"@type":"ReadAction","target":["https:\/\/diarioprincipios.com\/index.php\/2024\/01\/24\/gabriel-carril-apoyamos-el-paro-y-la-movilizacion-de-este-miercoles\/"]}]},{"@type":"ImageObject","inLanguage":"es","@id":"https:\/\/diarioprincipios.com\/index.php\/2024\/01\/24\/gabriel-carril-apoyamos-el-paro-y-la-movilizacion-de-este-miercoles\/#primaryimage","url":"https:\/\/diarioprincipios.com\/wp-content\/uploads\/2024\/01\/20240123_110736.jpg","contentUrl":"https:\/\/diarioprincipios.com\/wp-content\/uploads\/2024\/01\/20240123_110736.jpg","width":1477,"height":1477},{"@type":"BreadcrumbList","@id":"https:\/\/diarioprincipios.com\/index.php\/2024\/01\/24\/gabriel-carril-apoyamos-el-paro-y-la-movilizacion-de-este-miercoles\/#breadcrumb","itemListElement":[{"@type":"ListItem","position":1,"name":"Portada","item":"https:\/\/diarioprincipios.com\/"},{"@type":"ListItem","position":2,"name":"Gabriel Carril: \u00abApoyamos el Paro y la Movilizaci\u00f3n de este mi\u00e9rcoles\u00bb"}]},{"@type":"WebSite","@id":"https:\/\/diarioprincipios.com\/#website","url":"https:\/\/diarioprincipios.com\/","name":"Principios","description":"Principios Diario","publisher":{"@id":"https:\/\/diarioprincipios.com\/#organization"},"potentialAction":[{"@type":"SearchAction","target":{"@type":"EntryPoint","urlTemplate":"https:\/\/diarioprincipios.com\/?s={search_term_string}"},"query-input":{"@type":"PropertyValueSpecification","valueRequired":true,"valueName":"search_term_string"}}],"inLanguage":"es"},{"@type":"Organization","@id":"https:\/\/diarioprincipios.com\/#organization","name":"Principios","url":"https:\/\/diarioprincipios.com\/","logo":{"@type":"ImageObject","inLanguage":"es","@id":"https:\/\/diarioprincipios.com\/#\/schema\/logo\/image\/","url":"https:\/\/diarioprincipios.com\/wp-content\/uploads\/2024\/04\/cropped-www.diarioprincipios.com_-1.png","contentUrl":"https:\/\/diarioprincipios.com\/wp-content\/uploads\/2024\/04\/cropped-www.diarioprincipios.com_-1.png","width":5325,"height":1454,"caption":"Principios"},"image":{"@id":"https:\/\/diarioprincipios.com\/#\/schema\/logo\/image\/"}},{"@type":"Person","@id":"https:\/\/diarioprincipios.com\/#\/schema\/person\/436d5a1fd41a5e250e23ff5a6a7cb080","name":"Hern\u00e1n L\u00f3pez","image":{"@type":"ImageObject","inLanguage":"es","@id":"https:\/\/diarioprincipios.com\/wp-content\/litespeed\/avatar\/11ddfe5610ff3bd100522525b2571f48.jpg?ver=1777653193","url":"https:\/\/diarioprincipios.com\/wp-content\/litespeed\/avatar\/11ddfe5610ff3bd100522525b2571f48.jpg?ver=1777653193","contentUrl":"https:\/\/diarioprincipios.com\/wp-content\/litespeed\/avatar\/11ddfe5610ff3bd100522525b2571f48.jpg?ver=1777653193","caption":"Hern\u00e1n L\u00f3pez"},"url":"https:\/\/diarioprincipios.com\/index.php\/author\/hernan\/"}]}},"jetpack_featured_media_url":"https:\/\/diarioprincipios.com\/wp-content\/uploads\/2024\/01\/20240123_110736.jpg","_links":{"self":[{"href":"https:\/\/diarioprincipios.com\/index.php\/wp-json\/wp\/v2\/posts\/20474","targetHints":{"allow":["GET"]}}],"collection":[{"href":"https:\/\/diarioprincipios.com\/index.php\/wp-json\/wp\/v2\/posts"}],"about":[{"href":"https:\/\/diarioprincipios.com\/index.php\/wp-json\/wp\/v2\/types\/post"}],"author":[{"embeddable":true,"href":"https:\/\/diarioprincipios.com\/index.php\/wp-json\/wp\/v2\/users\/2"}],"replies":[{"embeddable":true,"href":"https:\/\/diarioprincipios.com\/index.php\/wp-json\/wp\/v2\/comments?post=20474"}],"version-history":[{"count":1,"href":"https:\/\/diarioprincipios.com\/index.php\/wp-json\/wp\/v2\/posts\/20474\/revisions"}],"predecessor-version":[{"id":20476,"href":"https:\/\/diarioprincipios.com\/index.php\/wp-json\/wp\/v2\/posts\/20474\/revisions\/20476"}],"wp:featuredmedia":[{"embeddable":true,"href":"https:\/\/diarioprincipios.com\/index.php\/wp-json\/wp\/v2\/media\/20473"}],"wp:attachment":[{"href":"https:\/\/diarioprincipios.com\/index.php\/wp-json\/wp\/v2\/media?parent=20474"}],"wp:term":[{"taxonomy":"category","embeddable":true,"href":"https:\/\/diarioprincipios.com\/index.php\/wp-json\/wp\/v2\/categories?post=20474"},{"taxonomy":"post_tag","embeddable":true,"href":"https:\/\/diarioprincipios.com\/index.php\/wp-json\/wp\/v2\/tags?post=20474"}],"curies":[{"name":"wp","href":"https:\/\/api.w.org\/{rel}","templated":true}]}}