{"id":20466,"date":"2024-01-23T22:04:42","date_gmt":"2024-01-24T01:04:42","guid":{"rendered":"http:\/\/diarioprincipios.com\/?p=20466"},"modified":"2024-01-23T22:04:45","modified_gmt":"2024-01-24T01:04:45","slug":"tarde-folclorica-en-la-costa-de-hudson","status":"publish","type":"post","link":"https:\/\/diarioprincipios.com\/index.php\/2024\/01\/23\/tarde-folclorica-en-la-costa-de-hudson\/","title":{"rendered":"Tarde Folcl\u00f3rica en la Costa de Hudson"},"content":{"rendered":"\n<p><strong>El domingo pasado se llev\u00f3 a cabo el Festival de Folclore en la Costa de Hudson, donde tambi\u00e9n estuvo presente el Centro Cultural M\u00f3vil con sus juegos y talleres, como parte del Ciclo de Verano 2024. El intendente municipal, Juan Jos\u00e9 Mussi, recorri\u00f3 el lugar junto a vecinos y vecinas.<\/strong><\/p>\n\n\n\n<figure class=\"wp-block-image size-large\"><img loading=\"lazy\" decoding=\"async\" width=\"1024\" height=\"683\" src=\"https:\/\/diarioprincipios.com\/wp-content\/uploads\/2024\/01\/TARDE-FOLCLORICA-EN-LA-COSTA-DE-HUDSON3-1024x683.jpg\" alt=\"\" class=\"wp-image-20467\" srcset=\"https:\/\/diarioprincipios.com\/wp-content\/uploads\/2024\/01\/TARDE-FOLCLORICA-EN-LA-COSTA-DE-HUDSON3-1024x683.jpg 1024w, https:\/\/diarioprincipios.com\/wp-content\/uploads\/2024\/01\/TARDE-FOLCLORICA-EN-LA-COSTA-DE-HUDSON3-300x200.jpg 300w, https:\/\/diarioprincipios.com\/wp-content\/uploads\/2024\/01\/TARDE-FOLCLORICA-EN-LA-COSTA-DE-HUDSON3-768x512.jpg 768w, https:\/\/diarioprincipios.com\/wp-content\/uploads\/2024\/01\/TARDE-FOLCLORICA-EN-LA-COSTA-DE-HUDSON3-1536x1024.jpg 1536w, https:\/\/diarioprincipios.com\/wp-content\/uploads\/2024\/01\/TARDE-FOLCLORICA-EN-LA-COSTA-DE-HUDSON3.jpg 1920w\" sizes=\"auto, (max-width: 1024px) 100vw, 1024px\" \/><\/figure>\n\n\n\n<p><br>Con la presencia de cientos de berazateguenses, estuvieron en el escenario Manantial y La Surtida, que tocaron todo su repertorio folcl\u00f3rico. \u201cVine con mi compa\u00f1era a bailar y disfrutar el d\u00eda. Bailamos y pasamos una tarde hermosa en familia\u201d, se\u00f1al\u00f3 Graciela, una de las asistentes.<\/p>\n\n\n\n<figure class=\"wp-block-image size-large\"><img loading=\"lazy\" decoding=\"async\" width=\"1024\" height=\"683\" src=\"https:\/\/diarioprincipios.com\/wp-content\/uploads\/2024\/01\/TARDE-FOLCLORICA-EN-LA-COSTA-DE-HUDSON4-1024x683.jpg\" alt=\"\" class=\"wp-image-20468\" srcset=\"https:\/\/diarioprincipios.com\/wp-content\/uploads\/2024\/01\/TARDE-FOLCLORICA-EN-LA-COSTA-DE-HUDSON4-1024x683.jpg 1024w, https:\/\/diarioprincipios.com\/wp-content\/uploads\/2024\/01\/TARDE-FOLCLORICA-EN-LA-COSTA-DE-HUDSON4-300x200.jpg 300w, https:\/\/diarioprincipios.com\/wp-content\/uploads\/2024\/01\/TARDE-FOLCLORICA-EN-LA-COSTA-DE-HUDSON4-768x512.jpg 768w, https:\/\/diarioprincipios.com\/wp-content\/uploads\/2024\/01\/TARDE-FOLCLORICA-EN-LA-COSTA-DE-HUDSON4-1536x1024.jpg 1536w, https:\/\/diarioprincipios.com\/wp-content\/uploads\/2024\/01\/TARDE-FOLCLORICA-EN-LA-COSTA-DE-HUDSON4.jpg 1920w\" sizes=\"auto, (max-width: 1024px) 100vw, 1024px\" \/><\/figure>\n\n\n\n<p><br>Por su parte, el secretario de Cultura y Educaci\u00f3n, Federico L\u00f3pez, explic\u00f3: \u201cHoy recorrimos este espacio hermoso que tenemos en Berazategui, nuestra Costa, y disfrutamos de un festival de folclore con la visita del intendente Juan Jos\u00e9 Mussi. Esto es una fiesta, una actividad m\u00e1s que ofrece el Municipio para todos los vecinos y vecinas. Los invitamos a disfrutar un verano lleno de cultura en Berazategui\u201d.<\/p>\n\n\n\n<figure class=\"wp-block-image size-large\"><img loading=\"lazy\" decoding=\"async\" width=\"1024\" height=\"683\" src=\"https:\/\/diarioprincipios.com\/wp-content\/uploads\/2024\/01\/TARDE-FOLCLORICA-EN-LA-COSTA-DE-HUDSON6-1024x683.jpg\" alt=\"\" class=\"wp-image-20469\" srcset=\"https:\/\/diarioprincipios.com\/wp-content\/uploads\/2024\/01\/TARDE-FOLCLORICA-EN-LA-COSTA-DE-HUDSON6-1024x683.jpg 1024w, https:\/\/diarioprincipios.com\/wp-content\/uploads\/2024\/01\/TARDE-FOLCLORICA-EN-LA-COSTA-DE-HUDSON6-300x200.jpg 300w, https:\/\/diarioprincipios.com\/wp-content\/uploads\/2024\/01\/TARDE-FOLCLORICA-EN-LA-COSTA-DE-HUDSON6-768x512.jpg 768w, https:\/\/diarioprincipios.com\/wp-content\/uploads\/2024\/01\/TARDE-FOLCLORICA-EN-LA-COSTA-DE-HUDSON6-1536x1024.jpg 1536w, https:\/\/diarioprincipios.com\/wp-content\/uploads\/2024\/01\/TARDE-FOLCLORICA-EN-LA-COSTA-DE-HUDSON6.jpg 1920w\" sizes=\"auto, (max-width: 1024px) 100vw, 1024px\" \/><\/figure>\n\n\n\n<p><br>El Festival form\u00f3 parte del Ciclo de Verano 2024, que con este tipo de evento contin\u00faa el pr\u00f3ximo domingo 28 de enero, cuando en la Costa de Hudson sea el turno del Reggae y Ska. Para conocer el cronograma de actividades, se puede ingresar a\u00a0<a href=\"http:\/\/berazategui.gob.ar\/cultura\" target=\"_blank\" rel=\"noreferrer noopener\">berazategui.gob.ar\/cultura<\/a>\u00a0o a las redes sociales del Municipio (@MuniBerazategui).<\/p>\n","protected":false},"excerpt":{"rendered":"<p>El domingo pasado se llev\u00f3 a cabo el Festival de Folclore en la Costa de Hudson, donde tambi\u00e9n estuvo presente el Centro Cultural M\u00f3vil con sus juegos y talleres, como parte del Ciclo de Verano 2024. El intendente municipal, Juan Jos\u00e9 Mussi, recorri\u00f3 el lugar junto a vecinos y vecinas. Con la presencia de cientos&#8230;<\/p>\n","protected":false},"author":2,"featured_media":20470,"comment_status":"open","ping_status":"open","sticky":false,"template":"","format":"standard","meta":{"footnotes":""},"categories":[3],"tags":[],"class_list":["post-20466","post","type-post","status-publish","format-standard","has-post-thumbnail","hentry","category-berazategui"],"featured_image_src":"https:\/\/diarioprincipios.com\/wp-content\/uploads\/2024\/01\/TARDE-FOLCLORICA-EN-LA-COSTA-DE-HUDSON5-1024x683.jpg","blog_images":{"medium":"https:\/\/diarioprincipios.com\/wp-content\/uploads\/2024\/01\/TARDE-FOLCLORICA-EN-LA-COSTA-DE-HUDSON5-300x200.jpg","large":"https:\/\/diarioprincipios.com\/wp-content\/uploads\/2024\/01\/TARDE-FOLCLORICA-EN-LA-COSTA-DE-HUDSON5-1024x683.jpg"},"ams_acf":[],"yoast_head":"<!-- This site is optimized with the Yoast SEO plugin v27.3 - https:\/\/yoast.com\/product\/yoast-seo-wordpress\/ -->\n<title>Tarde Folcl\u00f3rica en la Costa de Hudson - Principios<\/title>\n<meta name=\"robots\" content=\"index, follow, max-snippet:-1, max-image-preview:large, max-video-preview:-1\" \/>\n<link rel=\"canonical\" href=\"https:\/\/diarioprincipios.com\/index.php\/2024\/01\/23\/tarde-folclorica-en-la-costa-de-hudson\/\" \/>\n<meta property=\"og:locale\" content=\"es_ES\" \/>\n<meta property=\"og:type\" content=\"article\" \/>\n<meta property=\"og:title\" content=\"Tarde Folcl\u00f3rica en la Costa de Hudson - Principios\" \/>\n<meta property=\"og:description\" content=\"El domingo pasado se llev\u00f3 a cabo el Festival de Folclore en la Costa de Hudson, donde tambi\u00e9n estuvo presente el Centro Cultural M\u00f3vil con sus juegos y talleres, como parte del Ciclo de Verano 2024. El intendente municipal, Juan Jos\u00e9 Mussi, recorri\u00f3 el lugar junto a vecinos y vecinas. Con la presencia de cientos...\" \/>\n<meta property=\"og:url\" content=\"https:\/\/diarioprincipios.com\/index.php\/2024\/01\/23\/tarde-folclorica-en-la-costa-de-hudson\/\" \/>\n<meta property=\"og:site_name\" content=\"Principios\" \/>\n<meta property=\"article:published_time\" content=\"2024-01-24T01:04:42+00:00\" \/>\n<meta property=\"article:modified_time\" content=\"2024-01-24T01:04:45+00:00\" \/>\n<meta property=\"og:image\" content=\"https:\/\/diarioprincipios.com\/wp-content\/uploads\/2024\/01\/TARDE-FOLCLORICA-EN-LA-COSTA-DE-HUDSON5.jpg\" \/>\n\t<meta property=\"og:image:width\" content=\"1920\" \/>\n\t<meta property=\"og:image:height\" content=\"1280\" \/>\n\t<meta property=\"og:image:type\" content=\"image\/jpeg\" \/>\n<meta name=\"author\" content=\"Hern\u00e1n L\u00f3pez\" \/>\n<meta name=\"twitter:card\" content=\"summary_large_image\" \/>\n<meta name=\"twitter:label1\" content=\"Escrito por\" \/>\n\t<meta name=\"twitter:data1\" content=\"Hern\u00e1n L\u00f3pez\" \/>\n\t<meta name=\"twitter:label2\" content=\"Tiempo de lectura\" \/>\n\t<meta name=\"twitter:data2\" content=\"2 minutos\" \/>\n<script type=\"application\/ld+json\" class=\"yoast-schema-graph\">{\"@context\":\"https:\\\/\\\/schema.org\",\"@graph\":[{\"@type\":\"Article\",\"@id\":\"https:\\\/\\\/diarioprincipios.com\\\/index.php\\\/2024\\\/01\\\/23\\\/tarde-folclorica-en-la-costa-de-hudson\\\/#article\",\"isPartOf\":{\"@id\":\"https:\\\/\\\/diarioprincipios.com\\\/index.php\\\/2024\\\/01\\\/23\\\/tarde-folclorica-en-la-costa-de-hudson\\\/\"},\"author\":{\"name\":\"Hern\u00e1n L\u00f3pez\",\"@id\":\"https:\\\/\\\/diarioprincipios.com\\\/#\\\/schema\\\/person\\\/436d5a1fd41a5e250e23ff5a6a7cb080\"},\"headline\":\"Tarde Folcl\u00f3rica en la Costa de Hudson\",\"datePublished\":\"2024-01-24T01:04:42+00:00\",\"dateModified\":\"2024-01-24T01:04:45+00:00\",\"mainEntityOfPage\":{\"@id\":\"https:\\\/\\\/diarioprincipios.com\\\/index.php\\\/2024\\\/01\\\/23\\\/tarde-folclorica-en-la-costa-de-hudson\\\/\"},\"wordCount\":234,\"commentCount\":0,\"publisher\":{\"@id\":\"https:\\\/\\\/diarioprincipios.com\\\/#organization\"},\"image\":{\"@id\":\"https:\\\/\\\/diarioprincipios.com\\\/index.php\\\/2024\\\/01\\\/23\\\/tarde-folclorica-en-la-costa-de-hudson\\\/#primaryimage\"},\"thumbnailUrl\":\"https:\\\/\\\/diarioprincipios.com\\\/wp-content\\\/uploads\\\/2024\\\/01\\\/TARDE-FOLCLORICA-EN-LA-COSTA-DE-HUDSON5.jpg\",\"articleSection\":[\"Berazategui\"],\"inLanguage\":\"es\",\"potentialAction\":[{\"@type\":\"CommentAction\",\"name\":\"Comment\",\"target\":[\"https:\\\/\\\/diarioprincipios.com\\\/index.php\\\/2024\\\/01\\\/23\\\/tarde-folclorica-en-la-costa-de-hudson\\\/#respond\"]}]},{\"@type\":\"WebPage\",\"@id\":\"https:\\\/\\\/diarioprincipios.com\\\/index.php\\\/2024\\\/01\\\/23\\\/tarde-folclorica-en-la-costa-de-hudson\\\/\",\"url\":\"https:\\\/\\\/diarioprincipios.com\\\/index.php\\\/2024\\\/01\\\/23\\\/tarde-folclorica-en-la-costa-de-hudson\\\/\",\"name\":\"Tarde Folcl\u00f3rica en la Costa de Hudson - Principios\",\"isPartOf\":{\"@id\":\"https:\\\/\\\/diarioprincipios.com\\\/#website\"},\"primaryImageOfPage\":{\"@id\":\"https:\\\/\\\/diarioprincipios.com\\\/index.php\\\/2024\\\/01\\\/23\\\/tarde-folclorica-en-la-costa-de-hudson\\\/#primaryimage\"},\"image\":{\"@id\":\"https:\\\/\\\/diarioprincipios.com\\\/index.php\\\/2024\\\/01\\\/23\\\/tarde-folclorica-en-la-costa-de-hudson\\\/#primaryimage\"},\"thumbnailUrl\":\"https:\\\/\\\/diarioprincipios.com\\\/wp-content\\\/uploads\\\/2024\\\/01\\\/TARDE-FOLCLORICA-EN-LA-COSTA-DE-HUDSON5.jpg\",\"datePublished\":\"2024-01-24T01:04:42+00:00\",\"dateModified\":\"2024-01-24T01:04:45+00:00\",\"breadcrumb\":{\"@id\":\"https:\\\/\\\/diarioprincipios.com\\\/index.php\\\/2024\\\/01\\\/23\\\/tarde-folclorica-en-la-costa-de-hudson\\\/#breadcrumb\"},\"inLanguage\":\"es\",\"potentialAction\":[{\"@type\":\"ReadAction\",\"target\":[\"https:\\\/\\\/diarioprincipios.com\\\/index.php\\\/2024\\\/01\\\/23\\\/tarde-folclorica-en-la-costa-de-hudson\\\/\"]}]},{\"@type\":\"ImageObject\",\"inLanguage\":\"es\",\"@id\":\"https:\\\/\\\/diarioprincipios.com\\\/index.php\\\/2024\\\/01\\\/23\\\/tarde-folclorica-en-la-costa-de-hudson\\\/#primaryimage\",\"url\":\"https:\\\/\\\/diarioprincipios.com\\\/wp-content\\\/uploads\\\/2024\\\/01\\\/TARDE-FOLCLORICA-EN-LA-COSTA-DE-HUDSON5.jpg\",\"contentUrl\":\"https:\\\/\\\/diarioprincipios.com\\\/wp-content\\\/uploads\\\/2024\\\/01\\\/TARDE-FOLCLORICA-EN-LA-COSTA-DE-HUDSON5.jpg\",\"width\":1920,\"height\":1280},{\"@type\":\"BreadcrumbList\",\"@id\":\"https:\\\/\\\/diarioprincipios.com\\\/index.php\\\/2024\\\/01\\\/23\\\/tarde-folclorica-en-la-costa-de-hudson\\\/#breadcrumb\",\"itemListElement\":[{\"@type\":\"ListItem\",\"position\":1,\"name\":\"Portada\",\"item\":\"https:\\\/\\\/diarioprincipios.com\\\/\"},{\"@type\":\"ListItem\",\"position\":2,\"name\":\"Tarde Folcl\u00f3rica en la Costa de Hudson\"}]},{\"@type\":\"WebSite\",\"@id\":\"https:\\\/\\\/diarioprincipios.com\\\/#website\",\"url\":\"https:\\\/\\\/diarioprincipios.com\\\/\",\"name\":\"Principios\",\"description\":\"Principios Diario\",\"publisher\":{\"@id\":\"https:\\\/\\\/diarioprincipios.com\\\/#organization\"},\"potentialAction\":[{\"@type\":\"SearchAction\",\"target\":{\"@type\":\"EntryPoint\",\"urlTemplate\":\"https:\\\/\\\/diarioprincipios.com\\\/?s={search_term_string}\"},\"query-input\":{\"@type\":\"PropertyValueSpecification\",\"valueRequired\":true,\"valueName\":\"search_term_string\"}}],\"inLanguage\":\"es\"},{\"@type\":\"Organization\",\"@id\":\"https:\\\/\\\/diarioprincipios.com\\\/#organization\",\"name\":\"Principios\",\"url\":\"https:\\\/\\\/diarioprincipios.com\\\/\",\"logo\":{\"@type\":\"ImageObject\",\"inLanguage\":\"es\",\"@id\":\"https:\\\/\\\/diarioprincipios.com\\\/#\\\/schema\\\/logo\\\/image\\\/\",\"url\":\"https:\\\/\\\/diarioprincipios.com\\\/wp-content\\\/uploads\\\/2024\\\/04\\\/cropped-www.diarioprincipios.com_-1.png\",\"contentUrl\":\"https:\\\/\\\/diarioprincipios.com\\\/wp-content\\\/uploads\\\/2024\\\/04\\\/cropped-www.diarioprincipios.com_-1.png\",\"width\":5325,\"height\":1454,\"caption\":\"Principios\"},\"image\":{\"@id\":\"https:\\\/\\\/diarioprincipios.com\\\/#\\\/schema\\\/logo\\\/image\\\/\"}},{\"@type\":\"Person\",\"@id\":\"https:\\\/\\\/diarioprincipios.com\\\/#\\\/schema\\\/person\\\/436d5a1fd41a5e250e23ff5a6a7cb080\",\"name\":\"Hern\u00e1n L\u00f3pez\",\"image\":{\"@type\":\"ImageObject\",\"inLanguage\":\"es\",\"@id\":\"https:\\\/\\\/diarioprincipios.com\\\/wp-content\\\/litespeed\\\/avatar\\\/11ddfe5610ff3bd100522525b2571f48.jpg?ver=1777048341\",\"url\":\"https:\\\/\\\/diarioprincipios.com\\\/wp-content\\\/litespeed\\\/avatar\\\/11ddfe5610ff3bd100522525b2571f48.jpg?ver=1777048341\",\"contentUrl\":\"https:\\\/\\\/diarioprincipios.com\\\/wp-content\\\/litespeed\\\/avatar\\\/11ddfe5610ff3bd100522525b2571f48.jpg?ver=1777048341\",\"caption\":\"Hern\u00e1n L\u00f3pez\"},\"url\":\"https:\\\/\\\/diarioprincipios.com\\\/index.php\\\/author\\\/hernan\\\/\"}]}<\/script>\n<!-- \/ Yoast SEO plugin. -->","yoast_head_json":{"title":"Tarde Folcl\u00f3rica en la Costa de Hudson - Principios","robots":{"index":"index","follow":"follow","max-snippet":"max-snippet:-1","max-image-preview":"max-image-preview:large","max-video-preview":"max-video-preview:-1"},"canonical":"https:\/\/diarioprincipios.com\/index.php\/2024\/01\/23\/tarde-folclorica-en-la-costa-de-hudson\/","og_locale":"es_ES","og_type":"article","og_title":"Tarde Folcl\u00f3rica en la Costa de Hudson - Principios","og_description":"El domingo pasado se llev\u00f3 a cabo el Festival de Folclore en la Costa de Hudson, donde tambi\u00e9n estuvo presente el Centro Cultural M\u00f3vil con sus juegos y talleres, como parte del Ciclo de Verano 2024. El intendente municipal, Juan Jos\u00e9 Mussi, recorri\u00f3 el lugar junto a vecinos y vecinas. Con la presencia de cientos...","og_url":"https:\/\/diarioprincipios.com\/index.php\/2024\/01\/23\/tarde-folclorica-en-la-costa-de-hudson\/","og_site_name":"Principios","article_published_time":"2024-01-24T01:04:42+00:00","article_modified_time":"2024-01-24T01:04:45+00:00","og_image":[{"width":1920,"height":1280,"url":"https:\/\/diarioprincipios.com\/wp-content\/uploads\/2024\/01\/TARDE-FOLCLORICA-EN-LA-COSTA-DE-HUDSON5.jpg","type":"image\/jpeg"}],"author":"Hern\u00e1n L\u00f3pez","twitter_card":"summary_large_image","twitter_misc":{"Escrito por":"Hern\u00e1n L\u00f3pez","Tiempo de lectura":"2 minutos"},"schema":{"@context":"https:\/\/schema.org","@graph":[{"@type":"Article","@id":"https:\/\/diarioprincipios.com\/index.php\/2024\/01\/23\/tarde-folclorica-en-la-costa-de-hudson\/#article","isPartOf":{"@id":"https:\/\/diarioprincipios.com\/index.php\/2024\/01\/23\/tarde-folclorica-en-la-costa-de-hudson\/"},"author":{"name":"Hern\u00e1n L\u00f3pez","@id":"https:\/\/diarioprincipios.com\/#\/schema\/person\/436d5a1fd41a5e250e23ff5a6a7cb080"},"headline":"Tarde Folcl\u00f3rica en la Costa de Hudson","datePublished":"2024-01-24T01:04:42+00:00","dateModified":"2024-01-24T01:04:45+00:00","mainEntityOfPage":{"@id":"https:\/\/diarioprincipios.com\/index.php\/2024\/01\/23\/tarde-folclorica-en-la-costa-de-hudson\/"},"wordCount":234,"commentCount":0,"publisher":{"@id":"https:\/\/diarioprincipios.com\/#organization"},"image":{"@id":"https:\/\/diarioprincipios.com\/index.php\/2024\/01\/23\/tarde-folclorica-en-la-costa-de-hudson\/#primaryimage"},"thumbnailUrl":"https:\/\/diarioprincipios.com\/wp-content\/uploads\/2024\/01\/TARDE-FOLCLORICA-EN-LA-COSTA-DE-HUDSON5.jpg","articleSection":["Berazategui"],"inLanguage":"es","potentialAction":[{"@type":"CommentAction","name":"Comment","target":["https:\/\/diarioprincipios.com\/index.php\/2024\/01\/23\/tarde-folclorica-en-la-costa-de-hudson\/#respond"]}]},{"@type":"WebPage","@id":"https:\/\/diarioprincipios.com\/index.php\/2024\/01\/23\/tarde-folclorica-en-la-costa-de-hudson\/","url":"https:\/\/diarioprincipios.com\/index.php\/2024\/01\/23\/tarde-folclorica-en-la-costa-de-hudson\/","name":"Tarde Folcl\u00f3rica en la Costa de Hudson - Principios","isPartOf":{"@id":"https:\/\/diarioprincipios.com\/#website"},"primaryImageOfPage":{"@id":"https:\/\/diarioprincipios.com\/index.php\/2024\/01\/23\/tarde-folclorica-en-la-costa-de-hudson\/#primaryimage"},"image":{"@id":"https:\/\/diarioprincipios.com\/index.php\/2024\/01\/23\/tarde-folclorica-en-la-costa-de-hudson\/#primaryimage"},"thumbnailUrl":"https:\/\/diarioprincipios.com\/wp-content\/uploads\/2024\/01\/TARDE-FOLCLORICA-EN-LA-COSTA-DE-HUDSON5.jpg","datePublished":"2024-01-24T01:04:42+00:00","dateModified":"2024-01-24T01:04:45+00:00","breadcrumb":{"@id":"https:\/\/diarioprincipios.com\/index.php\/2024\/01\/23\/tarde-folclorica-en-la-costa-de-hudson\/#breadcrumb"},"inLanguage":"es","potentialAction":[{"@type":"ReadAction","target":["https:\/\/diarioprincipios.com\/index.php\/2024\/01\/23\/tarde-folclorica-en-la-costa-de-hudson\/"]}]},{"@type":"ImageObject","inLanguage":"es","@id":"https:\/\/diarioprincipios.com\/index.php\/2024\/01\/23\/tarde-folclorica-en-la-costa-de-hudson\/#primaryimage","url":"https:\/\/diarioprincipios.com\/wp-content\/uploads\/2024\/01\/TARDE-FOLCLORICA-EN-LA-COSTA-DE-HUDSON5.jpg","contentUrl":"https:\/\/diarioprincipios.com\/wp-content\/uploads\/2024\/01\/TARDE-FOLCLORICA-EN-LA-COSTA-DE-HUDSON5.jpg","width":1920,"height":1280},{"@type":"BreadcrumbList","@id":"https:\/\/diarioprincipios.com\/index.php\/2024\/01\/23\/tarde-folclorica-en-la-costa-de-hudson\/#breadcrumb","itemListElement":[{"@type":"ListItem","position":1,"name":"Portada","item":"https:\/\/diarioprincipios.com\/"},{"@type":"ListItem","position":2,"name":"Tarde Folcl\u00f3rica en la Costa de Hudson"}]},{"@type":"WebSite","@id":"https:\/\/diarioprincipios.com\/#website","url":"https:\/\/diarioprincipios.com\/","name":"Principios","description":"Principios Diario","publisher":{"@id":"https:\/\/diarioprincipios.com\/#organization"},"potentialAction":[{"@type":"SearchAction","target":{"@type":"EntryPoint","urlTemplate":"https:\/\/diarioprincipios.com\/?s={search_term_string}"},"query-input":{"@type":"PropertyValueSpecification","valueRequired":true,"valueName":"search_term_string"}}],"inLanguage":"es"},{"@type":"Organization","@id":"https:\/\/diarioprincipios.com\/#organization","name":"Principios","url":"https:\/\/diarioprincipios.com\/","logo":{"@type":"ImageObject","inLanguage":"es","@id":"https:\/\/diarioprincipios.com\/#\/schema\/logo\/image\/","url":"https:\/\/diarioprincipios.com\/wp-content\/uploads\/2024\/04\/cropped-www.diarioprincipios.com_-1.png","contentUrl":"https:\/\/diarioprincipios.com\/wp-content\/uploads\/2024\/04\/cropped-www.diarioprincipios.com_-1.png","width":5325,"height":1454,"caption":"Principios"},"image":{"@id":"https:\/\/diarioprincipios.com\/#\/schema\/logo\/image\/"}},{"@type":"Person","@id":"https:\/\/diarioprincipios.com\/#\/schema\/person\/436d5a1fd41a5e250e23ff5a6a7cb080","name":"Hern\u00e1n L\u00f3pez","image":{"@type":"ImageObject","inLanguage":"es","@id":"https:\/\/diarioprincipios.com\/wp-content\/litespeed\/avatar\/11ddfe5610ff3bd100522525b2571f48.jpg?ver=1777048341","url":"https:\/\/diarioprincipios.com\/wp-content\/litespeed\/avatar\/11ddfe5610ff3bd100522525b2571f48.jpg?ver=1777048341","contentUrl":"https:\/\/diarioprincipios.com\/wp-content\/litespeed\/avatar\/11ddfe5610ff3bd100522525b2571f48.jpg?ver=1777048341","caption":"Hern\u00e1n L\u00f3pez"},"url":"https:\/\/diarioprincipios.com\/index.php\/author\/hernan\/"}]}},"jetpack_featured_media_url":"https:\/\/diarioprincipios.com\/wp-content\/uploads\/2024\/01\/TARDE-FOLCLORICA-EN-LA-COSTA-DE-HUDSON5.jpg","_links":{"self":[{"href":"https:\/\/diarioprincipios.com\/index.php\/wp-json\/wp\/v2\/posts\/20466","targetHints":{"allow":["GET"]}}],"collection":[{"href":"https:\/\/diarioprincipios.com\/index.php\/wp-json\/wp\/v2\/posts"}],"about":[{"href":"https:\/\/diarioprincipios.com\/index.php\/wp-json\/wp\/v2\/types\/post"}],"author":[{"embeddable":true,"href":"https:\/\/diarioprincipios.com\/index.php\/wp-json\/wp\/v2\/users\/2"}],"replies":[{"embeddable":true,"href":"https:\/\/diarioprincipios.com\/index.php\/wp-json\/wp\/v2\/comments?post=20466"}],"version-history":[{"count":1,"href":"https:\/\/diarioprincipios.com\/index.php\/wp-json\/wp\/v2\/posts\/20466\/revisions"}],"predecessor-version":[{"id":20471,"href":"https:\/\/diarioprincipios.com\/index.php\/wp-json\/wp\/v2\/posts\/20466\/revisions\/20471"}],"wp:featuredmedia":[{"embeddable":true,"href":"https:\/\/diarioprincipios.com\/index.php\/wp-json\/wp\/v2\/media\/20470"}],"wp:attachment":[{"href":"https:\/\/diarioprincipios.com\/index.php\/wp-json\/wp\/v2\/media?parent=20466"}],"wp:term":[{"taxonomy":"category","embeddable":true,"href":"https:\/\/diarioprincipios.com\/index.php\/wp-json\/wp\/v2\/categories?post=20466"},{"taxonomy":"post_tag","embeddable":true,"href":"https:\/\/diarioprincipios.com\/index.php\/wp-json\/wp\/v2\/tags?post=20466"}],"curies":[{"name":"wp","href":"https:\/\/api.w.org\/{rel}","templated":true}]}}