{"id":20453,"date":"2024-01-23T15:43:54","date_gmt":"2024-01-23T18:43:54","guid":{"rendered":"http:\/\/diarioprincipios.com\/?p=20453"},"modified":"2024-01-23T15:44:04","modified_gmt":"2024-01-23T18:44:04","slug":"berazategui-disfruto-del-tradicional-patio-de-tango-y-folclore","status":"publish","type":"post","link":"https:\/\/diarioprincipios.com\/index.php\/2024\/01\/23\/berazategui-disfruto-del-tradicional-patio-de-tango-y-folclore\/","title":{"rendered":"Berazategui disfrut\u00f3 del tradicional Patio de Tango y Folclore"},"content":{"rendered":"\n<p><strong>El Centro Municipal de Actividades Roberto De Vicenzo fue sede del Patio de Tango y Folclore en el marco del inicio del Ciclo de Verano 2024. El intendente Juan Jos\u00e9 Mussi particip\u00f3 del evento que cont\u00f3 con las presentaciones de la Orquesta Municipal de Tango y del show de \u201cBraian, El Cantor de los Fogones\u201d.<\/strong><\/p>\n\n\n\n<figure class=\"wp-block-image size-large\"><img loading=\"lazy\" decoding=\"async\" width=\"1024\" height=\"683\" src=\"https:\/\/diarioprincipios.com\/wp-content\/uploads\/2024\/01\/BERAZATEGUI-DISFRUTO-DEL-TRADICIONAL-PATIO-DE-TANGO-Y-FOLCLORE-1-1024x683.jpg\" alt=\"\" class=\"wp-image-20454\" srcset=\"https:\/\/diarioprincipios.com\/wp-content\/uploads\/2024\/01\/BERAZATEGUI-DISFRUTO-DEL-TRADICIONAL-PATIO-DE-TANGO-Y-FOLCLORE-1-1024x683.jpg 1024w, https:\/\/diarioprincipios.com\/wp-content\/uploads\/2024\/01\/BERAZATEGUI-DISFRUTO-DEL-TRADICIONAL-PATIO-DE-TANGO-Y-FOLCLORE-1-300x200.jpg 300w, https:\/\/diarioprincipios.com\/wp-content\/uploads\/2024\/01\/BERAZATEGUI-DISFRUTO-DEL-TRADICIONAL-PATIO-DE-TANGO-Y-FOLCLORE-1-768x512.jpg 768w, https:\/\/diarioprincipios.com\/wp-content\/uploads\/2024\/01\/BERAZATEGUI-DISFRUTO-DEL-TRADICIONAL-PATIO-DE-TANGO-Y-FOLCLORE-1-1536x1024.jpg 1536w, https:\/\/diarioprincipios.com\/wp-content\/uploads\/2024\/01\/BERAZATEGUI-DISFRUTO-DEL-TRADICIONAL-PATIO-DE-TANGO-Y-FOLCLORE-1.jpg 1920w\" sizes=\"auto, (max-width: 1024px) 100vw, 1024px\" \/><\/figure>\n\n\n\n<p>Ante los y las concurrentes que se acercaron a disfrutar de la velada, el Dr. Mussi expres\u00f3: \u201cHoy se inicia la temporada y pensamos que lo m\u00e1s importante es estar en los momentos dif\u00edciles; y en esos momentos hay cosas que en Berazategui no se van a caer, fundamentalmente la cultura. Queremos ofrecer estas propuestas gratuitas para que nuestros vecinos tengan la posibilidad de divertirse. Pensamos en dar alegr\u00eda a la gente, por eso vamos a seguir con estas cosas. Cuando proponemos algo y la gente nos acompa\u00f1a, nos sentimos mucho mejor y nos impulsa para seguir adelante\u201d.<\/p>\n\n\n\n<figure class=\"wp-block-image size-large\"><img loading=\"lazy\" decoding=\"async\" width=\"1024\" height=\"683\" src=\"https:\/\/diarioprincipios.com\/wp-content\/uploads\/2024\/01\/BERAZATEGUI-DISFRUTO-DEL-TRADICIONAL-PATIO-DE-TANGO-Y-FOLCLORE-6-1024x683.jpg\" alt=\"\" class=\"wp-image-20455\" srcset=\"https:\/\/diarioprincipios.com\/wp-content\/uploads\/2024\/01\/BERAZATEGUI-DISFRUTO-DEL-TRADICIONAL-PATIO-DE-TANGO-Y-FOLCLORE-6-1024x683.jpg 1024w, https:\/\/diarioprincipios.com\/wp-content\/uploads\/2024\/01\/BERAZATEGUI-DISFRUTO-DEL-TRADICIONAL-PATIO-DE-TANGO-Y-FOLCLORE-6-300x200.jpg 300w, https:\/\/diarioprincipios.com\/wp-content\/uploads\/2024\/01\/BERAZATEGUI-DISFRUTO-DEL-TRADICIONAL-PATIO-DE-TANGO-Y-FOLCLORE-6-768x512.jpg 768w, https:\/\/diarioprincipios.com\/wp-content\/uploads\/2024\/01\/BERAZATEGUI-DISFRUTO-DEL-TRADICIONAL-PATIO-DE-TANGO-Y-FOLCLORE-6-1536x1024.jpg 1536w, https:\/\/diarioprincipios.com\/wp-content\/uploads\/2024\/01\/BERAZATEGUI-DISFRUTO-DEL-TRADICIONAL-PATIO-DE-TANGO-Y-FOLCLORE-6.jpg 1920w\" sizes=\"auto, (max-width: 1024px) 100vw, 1024px\" \/><\/figure>\n\n\n\n<p>Por su parte, Federico L\u00f3pez resalt\u00f3: \u201cEn este primer Patio de Tango y Folclore del Ciclo de Verano estamos muy orgullosos. El Centro de Actividades Roberto De Vicenzo es un lugar muy querido. Como Estado municipal, generamos esta propuesta para encontrarnos, disfrutar y tener una alternativa cultural p\u00fablica, abierta y gratuita. Nuestro Intendente entiende que la cultura es una inversi\u00f3n, encuentro y construcci\u00f3n de comunidad e identidad. Este es un Patio m\u00e1s, tan querido por nosotros. Cada vez somos m\u00e1s, gracias por acompa\u00f1arnos\u201d.<\/p>\n\n\n\n<figure class=\"wp-block-image size-large\"><img loading=\"lazy\" decoding=\"async\" width=\"1024\" height=\"683\" src=\"https:\/\/diarioprincipios.com\/wp-content\/uploads\/2024\/01\/BERAZATEGUI-DISFRUTO-DEL-TRADICIONAL-PATIO-DE-TANGO-Y-FOLCLORE-4-1024x683.jpg\" alt=\"\" class=\"wp-image-20456\" srcset=\"https:\/\/diarioprincipios.com\/wp-content\/uploads\/2024\/01\/BERAZATEGUI-DISFRUTO-DEL-TRADICIONAL-PATIO-DE-TANGO-Y-FOLCLORE-4-1024x683.jpg 1024w, https:\/\/diarioprincipios.com\/wp-content\/uploads\/2024\/01\/BERAZATEGUI-DISFRUTO-DEL-TRADICIONAL-PATIO-DE-TANGO-Y-FOLCLORE-4-300x200.jpg 300w, https:\/\/diarioprincipios.com\/wp-content\/uploads\/2024\/01\/BERAZATEGUI-DISFRUTO-DEL-TRADICIONAL-PATIO-DE-TANGO-Y-FOLCLORE-4-768x512.jpg 768w, https:\/\/diarioprincipios.com\/wp-content\/uploads\/2024\/01\/BERAZATEGUI-DISFRUTO-DEL-TRADICIONAL-PATIO-DE-TANGO-Y-FOLCLORE-4-1536x1024.jpg 1536w, https:\/\/diarioprincipios.com\/wp-content\/uploads\/2024\/01\/BERAZATEGUI-DISFRUTO-DEL-TRADICIONAL-PATIO-DE-TANGO-Y-FOLCLORE-4.jpg 1920w\" sizes=\"auto, (max-width: 1024px) 100vw, 1024px\" \/><\/figure>\n\n\n\n<p>El Patio de Tango y Folclore comenz\u00f3 a realizarse en 2001 en el Complejo Cultural Municipal El Patio. Pero debido al \u00e9xito de la propuesta y la concurrencia masiva de vecinos y vecinas, en 2016 se traslad\u00f3 al Centro Municipal de Actividades Roberto De Vicenzo. A\u00f1o tras a\u00f1o danzan los pa\u00f1uelos naranjas en este espect\u00e1culo que ya es parte de la identidad de los y las berazateguenses, generando sentido de pertenencia y un espacio de encuentro y participaci\u00f3n, con la presentaci\u00f3n en vivo de artistas locales e invitados; adem\u00e1s de una variada propuesta gastron\u00f3mica a cargo de los food trucks. Este a\u00f1o, el Centro De Vicenzo fue reacondicionado \u00edntegramente por la Secretar\u00eda de Gobierno municipal, mediante tareas de pintura. Adem\u00e1s, en 2021 se ampli\u00f3 el sistema de sonido para los espect\u00e1culos.<\/p>\n\n\n\n<p>El Patio de Tango y Folclore se realizar\u00e1 todos los viernes de enero y febrero de 2024, con entrada libre y gratuita. Para conocer el cronograma completo, se puede ingresar a&nbsp;<a rel=\"noreferrer noopener\" target=\"_blank\" href=\"http:\/\/berazategui.gob.ar\/cultura\">berazategui.gob.ar\/cultura<\/a>&nbsp;o a las redes sociales de la Secretar\u00eda de Cultura y Educaci\u00f3n (@culturabe) y del Municipio (@MuniBerazategui).<\/p>\n","protected":false},"excerpt":{"rendered":"<p>El Centro Municipal de Actividades Roberto De Vicenzo fue sede del Patio de Tango y Folclore en el marco del inicio del Ciclo de Verano 2024. El intendente Juan Jos\u00e9 Mussi particip\u00f3 del evento que cont\u00f3 con las presentaciones de la Orquesta Municipal de Tango y del show de \u201cBraian, El Cantor de los Fogones\u201d&#8230;.<\/p>\n","protected":false},"author":2,"featured_media":20457,"comment_status":"open","ping_status":"open","sticky":false,"template":"","format":"standard","meta":{"footnotes":""},"categories":[3],"tags":[],"class_list":["post-20453","post","type-post","status-publish","format-standard","has-post-thumbnail","hentry","category-berazategui"],"featured_image_src":"https:\/\/diarioprincipios.com\/wp-content\/uploads\/2024\/01\/BERAZATEGUI-DISFRUTO-DEL-TRADICIONAL-PATIO-DE-TANGO-Y-FOLCLORE-2-1024x683.jpg","blog_images":{"medium":"https:\/\/diarioprincipios.com\/wp-content\/uploads\/2024\/01\/BERAZATEGUI-DISFRUTO-DEL-TRADICIONAL-PATIO-DE-TANGO-Y-FOLCLORE-2-300x200.jpg","large":"https:\/\/diarioprincipios.com\/wp-content\/uploads\/2024\/01\/BERAZATEGUI-DISFRUTO-DEL-TRADICIONAL-PATIO-DE-TANGO-Y-FOLCLORE-2-1024x683.jpg"},"ams_acf":[],"yoast_head":"<!-- This site is optimized with the Yoast SEO plugin v27.3 - https:\/\/yoast.com\/product\/yoast-seo-wordpress\/ -->\n<title>Berazategui disfrut\u00f3 del tradicional Patio de Tango y Folclore - Principios<\/title>\n<meta name=\"robots\" content=\"index, follow, max-snippet:-1, max-image-preview:large, max-video-preview:-1\" \/>\n<link rel=\"canonical\" href=\"https:\/\/diarioprincipios.com\/index.php\/2024\/01\/23\/berazategui-disfruto-del-tradicional-patio-de-tango-y-folclore\/\" \/>\n<meta property=\"og:locale\" content=\"es_ES\" \/>\n<meta property=\"og:type\" content=\"article\" \/>\n<meta property=\"og:title\" content=\"Berazategui disfrut\u00f3 del tradicional Patio de Tango y Folclore - Principios\" \/>\n<meta property=\"og:description\" content=\"El Centro Municipal de Actividades Roberto De Vicenzo fue sede del Patio de Tango y Folclore en el marco del inicio del Ciclo de Verano 2024. El intendente Juan Jos\u00e9 Mussi particip\u00f3 del evento que cont\u00f3 con las presentaciones de la Orquesta Municipal de Tango y del show de \u201cBraian, El Cantor de los Fogones\u201d....\" \/>\n<meta property=\"og:url\" content=\"https:\/\/diarioprincipios.com\/index.php\/2024\/01\/23\/berazategui-disfruto-del-tradicional-patio-de-tango-y-folclore\/\" \/>\n<meta property=\"og:site_name\" content=\"Principios\" \/>\n<meta property=\"article:published_time\" content=\"2024-01-23T18:43:54+00:00\" \/>\n<meta property=\"article:modified_time\" content=\"2024-01-23T18:44:04+00:00\" \/>\n<meta property=\"og:image\" content=\"https:\/\/diarioprincipios.com\/wp-content\/uploads\/2024\/01\/BERAZATEGUI-DISFRUTO-DEL-TRADICIONAL-PATIO-DE-TANGO-Y-FOLCLORE-2.jpg\" \/>\n\t<meta property=\"og:image:width\" content=\"1920\" \/>\n\t<meta property=\"og:image:height\" content=\"1280\" \/>\n\t<meta property=\"og:image:type\" content=\"image\/jpeg\" \/>\n<meta name=\"author\" content=\"Hern\u00e1n L\u00f3pez\" \/>\n<meta name=\"twitter:card\" content=\"summary_large_image\" \/>\n<meta name=\"twitter:label1\" content=\"Escrito por\" \/>\n\t<meta name=\"twitter:data1\" content=\"Hern\u00e1n L\u00f3pez\" \/>\n\t<meta name=\"twitter:label2\" content=\"Tiempo de lectura\" \/>\n\t<meta name=\"twitter:data2\" content=\"3 minutos\" \/>\n<script type=\"application\/ld+json\" class=\"yoast-schema-graph\">{\"@context\":\"https:\\\/\\\/schema.org\",\"@graph\":[{\"@type\":\"Article\",\"@id\":\"https:\\\/\\\/diarioprincipios.com\\\/index.php\\\/2024\\\/01\\\/23\\\/berazategui-disfruto-del-tradicional-patio-de-tango-y-folclore\\\/#article\",\"isPartOf\":{\"@id\":\"https:\\\/\\\/diarioprincipios.com\\\/index.php\\\/2024\\\/01\\\/23\\\/berazategui-disfruto-del-tradicional-patio-de-tango-y-folclore\\\/\"},\"author\":{\"name\":\"Hern\u00e1n L\u00f3pez\",\"@id\":\"https:\\\/\\\/diarioprincipios.com\\\/#\\\/schema\\\/person\\\/436d5a1fd41a5e250e23ff5a6a7cb080\"},\"headline\":\"Berazategui disfrut\u00f3 del tradicional Patio de Tango y Folclore\",\"datePublished\":\"2024-01-23T18:43:54+00:00\",\"dateModified\":\"2024-01-23T18:44:04+00:00\",\"mainEntityOfPage\":{\"@id\":\"https:\\\/\\\/diarioprincipios.com\\\/index.php\\\/2024\\\/01\\\/23\\\/berazategui-disfruto-del-tradicional-patio-de-tango-y-folclore\\\/\"},\"wordCount\":450,\"commentCount\":0,\"publisher\":{\"@id\":\"https:\\\/\\\/diarioprincipios.com\\\/#organization\"},\"image\":{\"@id\":\"https:\\\/\\\/diarioprincipios.com\\\/index.php\\\/2024\\\/01\\\/23\\\/berazategui-disfruto-del-tradicional-patio-de-tango-y-folclore\\\/#primaryimage\"},\"thumbnailUrl\":\"https:\\\/\\\/diarioprincipios.com\\\/wp-content\\\/uploads\\\/2024\\\/01\\\/BERAZATEGUI-DISFRUTO-DEL-TRADICIONAL-PATIO-DE-TANGO-Y-FOLCLORE-2.jpg\",\"articleSection\":[\"Berazategui\"],\"inLanguage\":\"es\",\"potentialAction\":[{\"@type\":\"CommentAction\",\"name\":\"Comment\",\"target\":[\"https:\\\/\\\/diarioprincipios.com\\\/index.php\\\/2024\\\/01\\\/23\\\/berazategui-disfruto-del-tradicional-patio-de-tango-y-folclore\\\/#respond\"]}]},{\"@type\":\"WebPage\",\"@id\":\"https:\\\/\\\/diarioprincipios.com\\\/index.php\\\/2024\\\/01\\\/23\\\/berazategui-disfruto-del-tradicional-patio-de-tango-y-folclore\\\/\",\"url\":\"https:\\\/\\\/diarioprincipios.com\\\/index.php\\\/2024\\\/01\\\/23\\\/berazategui-disfruto-del-tradicional-patio-de-tango-y-folclore\\\/\",\"name\":\"Berazategui disfrut\u00f3 del tradicional Patio de Tango y Folclore - Principios\",\"isPartOf\":{\"@id\":\"https:\\\/\\\/diarioprincipios.com\\\/#website\"},\"primaryImageOfPage\":{\"@id\":\"https:\\\/\\\/diarioprincipios.com\\\/index.php\\\/2024\\\/01\\\/23\\\/berazategui-disfruto-del-tradicional-patio-de-tango-y-folclore\\\/#primaryimage\"},\"image\":{\"@id\":\"https:\\\/\\\/diarioprincipios.com\\\/index.php\\\/2024\\\/01\\\/23\\\/berazategui-disfruto-del-tradicional-patio-de-tango-y-folclore\\\/#primaryimage\"},\"thumbnailUrl\":\"https:\\\/\\\/diarioprincipios.com\\\/wp-content\\\/uploads\\\/2024\\\/01\\\/BERAZATEGUI-DISFRUTO-DEL-TRADICIONAL-PATIO-DE-TANGO-Y-FOLCLORE-2.jpg\",\"datePublished\":\"2024-01-23T18:43:54+00:00\",\"dateModified\":\"2024-01-23T18:44:04+00:00\",\"breadcrumb\":{\"@id\":\"https:\\\/\\\/diarioprincipios.com\\\/index.php\\\/2024\\\/01\\\/23\\\/berazategui-disfruto-del-tradicional-patio-de-tango-y-folclore\\\/#breadcrumb\"},\"inLanguage\":\"es\",\"potentialAction\":[{\"@type\":\"ReadAction\",\"target\":[\"https:\\\/\\\/diarioprincipios.com\\\/index.php\\\/2024\\\/01\\\/23\\\/berazategui-disfruto-del-tradicional-patio-de-tango-y-folclore\\\/\"]}]},{\"@type\":\"ImageObject\",\"inLanguage\":\"es\",\"@id\":\"https:\\\/\\\/diarioprincipios.com\\\/index.php\\\/2024\\\/01\\\/23\\\/berazategui-disfruto-del-tradicional-patio-de-tango-y-folclore\\\/#primaryimage\",\"url\":\"https:\\\/\\\/diarioprincipios.com\\\/wp-content\\\/uploads\\\/2024\\\/01\\\/BERAZATEGUI-DISFRUTO-DEL-TRADICIONAL-PATIO-DE-TANGO-Y-FOLCLORE-2.jpg\",\"contentUrl\":\"https:\\\/\\\/diarioprincipios.com\\\/wp-content\\\/uploads\\\/2024\\\/01\\\/BERAZATEGUI-DISFRUTO-DEL-TRADICIONAL-PATIO-DE-TANGO-Y-FOLCLORE-2.jpg\",\"width\":1920,\"height\":1280},{\"@type\":\"BreadcrumbList\",\"@id\":\"https:\\\/\\\/diarioprincipios.com\\\/index.php\\\/2024\\\/01\\\/23\\\/berazategui-disfruto-del-tradicional-patio-de-tango-y-folclore\\\/#breadcrumb\",\"itemListElement\":[{\"@type\":\"ListItem\",\"position\":1,\"name\":\"Portada\",\"item\":\"https:\\\/\\\/diarioprincipios.com\\\/\"},{\"@type\":\"ListItem\",\"position\":2,\"name\":\"Berazategui disfrut\u00f3 del tradicional Patio de Tango y Folclore\"}]},{\"@type\":\"WebSite\",\"@id\":\"https:\\\/\\\/diarioprincipios.com\\\/#website\",\"url\":\"https:\\\/\\\/diarioprincipios.com\\\/\",\"name\":\"Principios\",\"description\":\"Principios Diario\",\"publisher\":{\"@id\":\"https:\\\/\\\/diarioprincipios.com\\\/#organization\"},\"potentialAction\":[{\"@type\":\"SearchAction\",\"target\":{\"@type\":\"EntryPoint\",\"urlTemplate\":\"https:\\\/\\\/diarioprincipios.com\\\/?s={search_term_string}\"},\"query-input\":{\"@type\":\"PropertyValueSpecification\",\"valueRequired\":true,\"valueName\":\"search_term_string\"}}],\"inLanguage\":\"es\"},{\"@type\":\"Organization\",\"@id\":\"https:\\\/\\\/diarioprincipios.com\\\/#organization\",\"name\":\"Principios\",\"url\":\"https:\\\/\\\/diarioprincipios.com\\\/\",\"logo\":{\"@type\":\"ImageObject\",\"inLanguage\":\"es\",\"@id\":\"https:\\\/\\\/diarioprincipios.com\\\/#\\\/schema\\\/logo\\\/image\\\/\",\"url\":\"https:\\\/\\\/diarioprincipios.com\\\/wp-content\\\/uploads\\\/2024\\\/04\\\/cropped-www.diarioprincipios.com_-1.png\",\"contentUrl\":\"https:\\\/\\\/diarioprincipios.com\\\/wp-content\\\/uploads\\\/2024\\\/04\\\/cropped-www.diarioprincipios.com_-1.png\",\"width\":5325,\"height\":1454,\"caption\":\"Principios\"},\"image\":{\"@id\":\"https:\\\/\\\/diarioprincipios.com\\\/#\\\/schema\\\/logo\\\/image\\\/\"}},{\"@type\":\"Person\",\"@id\":\"https:\\\/\\\/diarioprincipios.com\\\/#\\\/schema\\\/person\\\/436d5a1fd41a5e250e23ff5a6a7cb080\",\"name\":\"Hern\u00e1n L\u00f3pez\",\"image\":{\"@type\":\"ImageObject\",\"inLanguage\":\"es\",\"@id\":\"https:\\\/\\\/diarioprincipios.com\\\/wp-content\\\/litespeed\\\/avatar\\\/11ddfe5610ff3bd100522525b2571f48.jpg?ver=1777048341\",\"url\":\"https:\\\/\\\/diarioprincipios.com\\\/wp-content\\\/litespeed\\\/avatar\\\/11ddfe5610ff3bd100522525b2571f48.jpg?ver=1777048341\",\"contentUrl\":\"https:\\\/\\\/diarioprincipios.com\\\/wp-content\\\/litespeed\\\/avatar\\\/11ddfe5610ff3bd100522525b2571f48.jpg?ver=1777048341\",\"caption\":\"Hern\u00e1n L\u00f3pez\"},\"url\":\"https:\\\/\\\/diarioprincipios.com\\\/index.php\\\/author\\\/hernan\\\/\"}]}<\/script>\n<!-- \/ Yoast SEO plugin. -->","yoast_head_json":{"title":"Berazategui disfrut\u00f3 del tradicional Patio de Tango y Folclore - Principios","robots":{"index":"index","follow":"follow","max-snippet":"max-snippet:-1","max-image-preview":"max-image-preview:large","max-video-preview":"max-video-preview:-1"},"canonical":"https:\/\/diarioprincipios.com\/index.php\/2024\/01\/23\/berazategui-disfruto-del-tradicional-patio-de-tango-y-folclore\/","og_locale":"es_ES","og_type":"article","og_title":"Berazategui disfrut\u00f3 del tradicional Patio de Tango y Folclore - Principios","og_description":"El Centro Municipal de Actividades Roberto De Vicenzo fue sede del Patio de Tango y Folclore en el marco del inicio del Ciclo de Verano 2024. El intendente Juan Jos\u00e9 Mussi particip\u00f3 del evento que cont\u00f3 con las presentaciones de la Orquesta Municipal de Tango y del show de \u201cBraian, El Cantor de los Fogones\u201d....","og_url":"https:\/\/diarioprincipios.com\/index.php\/2024\/01\/23\/berazategui-disfruto-del-tradicional-patio-de-tango-y-folclore\/","og_site_name":"Principios","article_published_time":"2024-01-23T18:43:54+00:00","article_modified_time":"2024-01-23T18:44:04+00:00","og_image":[{"width":1920,"height":1280,"url":"https:\/\/diarioprincipios.com\/wp-content\/uploads\/2024\/01\/BERAZATEGUI-DISFRUTO-DEL-TRADICIONAL-PATIO-DE-TANGO-Y-FOLCLORE-2.jpg","type":"image\/jpeg"}],"author":"Hern\u00e1n L\u00f3pez","twitter_card":"summary_large_image","twitter_misc":{"Escrito por":"Hern\u00e1n L\u00f3pez","Tiempo de lectura":"3 minutos"},"schema":{"@context":"https:\/\/schema.org","@graph":[{"@type":"Article","@id":"https:\/\/diarioprincipios.com\/index.php\/2024\/01\/23\/berazategui-disfruto-del-tradicional-patio-de-tango-y-folclore\/#article","isPartOf":{"@id":"https:\/\/diarioprincipios.com\/index.php\/2024\/01\/23\/berazategui-disfruto-del-tradicional-patio-de-tango-y-folclore\/"},"author":{"name":"Hern\u00e1n L\u00f3pez","@id":"https:\/\/diarioprincipios.com\/#\/schema\/person\/436d5a1fd41a5e250e23ff5a6a7cb080"},"headline":"Berazategui disfrut\u00f3 del tradicional Patio de Tango y Folclore","datePublished":"2024-01-23T18:43:54+00:00","dateModified":"2024-01-23T18:44:04+00:00","mainEntityOfPage":{"@id":"https:\/\/diarioprincipios.com\/index.php\/2024\/01\/23\/berazategui-disfruto-del-tradicional-patio-de-tango-y-folclore\/"},"wordCount":450,"commentCount":0,"publisher":{"@id":"https:\/\/diarioprincipios.com\/#organization"},"image":{"@id":"https:\/\/diarioprincipios.com\/index.php\/2024\/01\/23\/berazategui-disfruto-del-tradicional-patio-de-tango-y-folclore\/#primaryimage"},"thumbnailUrl":"https:\/\/diarioprincipios.com\/wp-content\/uploads\/2024\/01\/BERAZATEGUI-DISFRUTO-DEL-TRADICIONAL-PATIO-DE-TANGO-Y-FOLCLORE-2.jpg","articleSection":["Berazategui"],"inLanguage":"es","potentialAction":[{"@type":"CommentAction","name":"Comment","target":["https:\/\/diarioprincipios.com\/index.php\/2024\/01\/23\/berazategui-disfruto-del-tradicional-patio-de-tango-y-folclore\/#respond"]}]},{"@type":"WebPage","@id":"https:\/\/diarioprincipios.com\/index.php\/2024\/01\/23\/berazategui-disfruto-del-tradicional-patio-de-tango-y-folclore\/","url":"https:\/\/diarioprincipios.com\/index.php\/2024\/01\/23\/berazategui-disfruto-del-tradicional-patio-de-tango-y-folclore\/","name":"Berazategui disfrut\u00f3 del tradicional Patio de Tango y Folclore - Principios","isPartOf":{"@id":"https:\/\/diarioprincipios.com\/#website"},"primaryImageOfPage":{"@id":"https:\/\/diarioprincipios.com\/index.php\/2024\/01\/23\/berazategui-disfruto-del-tradicional-patio-de-tango-y-folclore\/#primaryimage"},"image":{"@id":"https:\/\/diarioprincipios.com\/index.php\/2024\/01\/23\/berazategui-disfruto-del-tradicional-patio-de-tango-y-folclore\/#primaryimage"},"thumbnailUrl":"https:\/\/diarioprincipios.com\/wp-content\/uploads\/2024\/01\/BERAZATEGUI-DISFRUTO-DEL-TRADICIONAL-PATIO-DE-TANGO-Y-FOLCLORE-2.jpg","datePublished":"2024-01-23T18:43:54+00:00","dateModified":"2024-01-23T18:44:04+00:00","breadcrumb":{"@id":"https:\/\/diarioprincipios.com\/index.php\/2024\/01\/23\/berazategui-disfruto-del-tradicional-patio-de-tango-y-folclore\/#breadcrumb"},"inLanguage":"es","potentialAction":[{"@type":"ReadAction","target":["https:\/\/diarioprincipios.com\/index.php\/2024\/01\/23\/berazategui-disfruto-del-tradicional-patio-de-tango-y-folclore\/"]}]},{"@type":"ImageObject","inLanguage":"es","@id":"https:\/\/diarioprincipios.com\/index.php\/2024\/01\/23\/berazategui-disfruto-del-tradicional-patio-de-tango-y-folclore\/#primaryimage","url":"https:\/\/diarioprincipios.com\/wp-content\/uploads\/2024\/01\/BERAZATEGUI-DISFRUTO-DEL-TRADICIONAL-PATIO-DE-TANGO-Y-FOLCLORE-2.jpg","contentUrl":"https:\/\/diarioprincipios.com\/wp-content\/uploads\/2024\/01\/BERAZATEGUI-DISFRUTO-DEL-TRADICIONAL-PATIO-DE-TANGO-Y-FOLCLORE-2.jpg","width":1920,"height":1280},{"@type":"BreadcrumbList","@id":"https:\/\/diarioprincipios.com\/index.php\/2024\/01\/23\/berazategui-disfruto-del-tradicional-patio-de-tango-y-folclore\/#breadcrumb","itemListElement":[{"@type":"ListItem","position":1,"name":"Portada","item":"https:\/\/diarioprincipios.com\/"},{"@type":"ListItem","position":2,"name":"Berazategui disfrut\u00f3 del tradicional Patio de Tango y Folclore"}]},{"@type":"WebSite","@id":"https:\/\/diarioprincipios.com\/#website","url":"https:\/\/diarioprincipios.com\/","name":"Principios","description":"Principios Diario","publisher":{"@id":"https:\/\/diarioprincipios.com\/#organization"},"potentialAction":[{"@type":"SearchAction","target":{"@type":"EntryPoint","urlTemplate":"https:\/\/diarioprincipios.com\/?s={search_term_string}"},"query-input":{"@type":"PropertyValueSpecification","valueRequired":true,"valueName":"search_term_string"}}],"inLanguage":"es"},{"@type":"Organization","@id":"https:\/\/diarioprincipios.com\/#organization","name":"Principios","url":"https:\/\/diarioprincipios.com\/","logo":{"@type":"ImageObject","inLanguage":"es","@id":"https:\/\/diarioprincipios.com\/#\/schema\/logo\/image\/","url":"https:\/\/diarioprincipios.com\/wp-content\/uploads\/2024\/04\/cropped-www.diarioprincipios.com_-1.png","contentUrl":"https:\/\/diarioprincipios.com\/wp-content\/uploads\/2024\/04\/cropped-www.diarioprincipios.com_-1.png","width":5325,"height":1454,"caption":"Principios"},"image":{"@id":"https:\/\/diarioprincipios.com\/#\/schema\/logo\/image\/"}},{"@type":"Person","@id":"https:\/\/diarioprincipios.com\/#\/schema\/person\/436d5a1fd41a5e250e23ff5a6a7cb080","name":"Hern\u00e1n L\u00f3pez","image":{"@type":"ImageObject","inLanguage":"es","@id":"https:\/\/diarioprincipios.com\/wp-content\/litespeed\/avatar\/11ddfe5610ff3bd100522525b2571f48.jpg?ver=1777048341","url":"https:\/\/diarioprincipios.com\/wp-content\/litespeed\/avatar\/11ddfe5610ff3bd100522525b2571f48.jpg?ver=1777048341","contentUrl":"https:\/\/diarioprincipios.com\/wp-content\/litespeed\/avatar\/11ddfe5610ff3bd100522525b2571f48.jpg?ver=1777048341","caption":"Hern\u00e1n L\u00f3pez"},"url":"https:\/\/diarioprincipios.com\/index.php\/author\/hernan\/"}]}},"jetpack_featured_media_url":"https:\/\/diarioprincipios.com\/wp-content\/uploads\/2024\/01\/BERAZATEGUI-DISFRUTO-DEL-TRADICIONAL-PATIO-DE-TANGO-Y-FOLCLORE-2.jpg","_links":{"self":[{"href":"https:\/\/diarioprincipios.com\/index.php\/wp-json\/wp\/v2\/posts\/20453","targetHints":{"allow":["GET"]}}],"collection":[{"href":"https:\/\/diarioprincipios.com\/index.php\/wp-json\/wp\/v2\/posts"}],"about":[{"href":"https:\/\/diarioprincipios.com\/index.php\/wp-json\/wp\/v2\/types\/post"}],"author":[{"embeddable":true,"href":"https:\/\/diarioprincipios.com\/index.php\/wp-json\/wp\/v2\/users\/2"}],"replies":[{"embeddable":true,"href":"https:\/\/diarioprincipios.com\/index.php\/wp-json\/wp\/v2\/comments?post=20453"}],"version-history":[{"count":1,"href":"https:\/\/diarioprincipios.com\/index.php\/wp-json\/wp\/v2\/posts\/20453\/revisions"}],"predecessor-version":[{"id":20458,"href":"https:\/\/diarioprincipios.com\/index.php\/wp-json\/wp\/v2\/posts\/20453\/revisions\/20458"}],"wp:featuredmedia":[{"embeddable":true,"href":"https:\/\/diarioprincipios.com\/index.php\/wp-json\/wp\/v2\/media\/20457"}],"wp:attachment":[{"href":"https:\/\/diarioprincipios.com\/index.php\/wp-json\/wp\/v2\/media?parent=20453"}],"wp:term":[{"taxonomy":"category","embeddable":true,"href":"https:\/\/diarioprincipios.com\/index.php\/wp-json\/wp\/v2\/categories?post=20453"},{"taxonomy":"post_tag","embeddable":true,"href":"https:\/\/diarioprincipios.com\/index.php\/wp-json\/wp\/v2\/tags?post=20453"}],"curies":[{"name":"wp","href":"https:\/\/api.w.org\/{rel}","templated":true}]}}