{"id":20445,"date":"2024-01-23T12:05:41","date_gmt":"2024-01-23T15:05:41","guid":{"rendered":"http:\/\/diarioprincipios.com\/?p=20445"},"modified":"2024-01-23T12:05:43","modified_gmt":"2024-01-23T15:05:43","slug":"feria-agroecologica-de-berazategui-ideal-para-cuidar-el-bolsillo","status":"publish","type":"post","link":"https:\/\/diarioprincipios.com\/index.php\/2024\/01\/23\/feria-agroecologica-de-berazategui-ideal-para-cuidar-el-bolsillo\/","title":{"rendered":"Feria Agroecol\u00f3gica de Berazategui: Ideal para cuidar el bolsillo"},"content":{"rendered":"\n<p><strong>La Feria Agroecol\u00f3gica, organizada por la Municipalidad de Berazategui en la Plaza Julia C. de Tiscornia (Av. 14 y 132), se transform\u00f3 en una gran alternativa para los vecinos y vecinas de la zona, debido a su oferta de frutas y verduras producidas y cultivadas sin intervenci\u00f3n de agroqu\u00edmicos, fertilizantes, herbicidas ni pesticidas qu\u00edmicos; pero tambi\u00e9n por sus precios accesibles. Funciona todos los mi\u00e9rcoles, de 9.00 a 13.00.<\/strong><\/p>\n\n\n\n<figure class=\"wp-block-image size-large\"><img loading=\"lazy\" decoding=\"async\" width=\"1024\" height=\"682\" src=\"https:\/\/diarioprincipios.com\/wp-content\/uploads\/2024\/01\/FERIA-AGROECOLOGICA-DE-BERAZATEGUI-IDEAL-PARA-CUIDAR-EL-BOLSILLO1-3-1024x682.jpg\" alt=\"\" class=\"wp-image-20446\" srcset=\"https:\/\/diarioprincipios.com\/wp-content\/uploads\/2024\/01\/FERIA-AGROECOLOGICA-DE-BERAZATEGUI-IDEAL-PARA-CUIDAR-EL-BOLSILLO1-3-1024x682.jpg 1024w, https:\/\/diarioprincipios.com\/wp-content\/uploads\/2024\/01\/FERIA-AGROECOLOGICA-DE-BERAZATEGUI-IDEAL-PARA-CUIDAR-EL-BOLSILLO1-3-300x200.jpg 300w, https:\/\/diarioprincipios.com\/wp-content\/uploads\/2024\/01\/FERIA-AGROECOLOGICA-DE-BERAZATEGUI-IDEAL-PARA-CUIDAR-EL-BOLSILLO1-3-768x512.jpg 768w, https:\/\/diarioprincipios.com\/wp-content\/uploads\/2024\/01\/FERIA-AGROECOLOGICA-DE-BERAZATEGUI-IDEAL-PARA-CUIDAR-EL-BOLSILLO1-3-1536x1023.jpg 1536w, https:\/\/diarioprincipios.com\/wp-content\/uploads\/2024\/01\/FERIA-AGROECOLOGICA-DE-BERAZATEGUI-IDEAL-PARA-CUIDAR-EL-BOLSILLO1-3.jpg 1600w\" sizes=\"auto, (max-width: 1024px) 100vw, 1024px\" \/><\/figure>\n\n\n\n<p><br>Josu\u00e9 Trujillo, productor agropecuario del Centro Agr\u00edcola El Pato, se\u00f1al\u00f3: \u201cDespu\u00e9s de Navidad y A\u00f1o Nuevo se nota que est\u00e1 viniendo m\u00e1s gente; en muchos casos, por primera vez. Entre otras cosas, creemos que es por los precios, que son mucho m\u00e1s bajos que en los comercios. Por eso, tratamos de tener variedad de productos y responder a la demanda de la mejor manera y con el menor costo posible\u201d.<br>La Feria Agroecol\u00f3gica es organizada en conjunto por la Municipalidad de Berazategui y la Uni\u00f3n de Trabajadores de la Tierra (UTT). La oferta de productos tambi\u00e9n incluye shampoo y acondicionadores s\u00f3lidos, jabones, lociones corporales y pomadas hechos a base de ingredientes naturales. Asimismo, se pueden encontrar hierbas medicinales y mermeladas frutales caseras.<\/p>\n","protected":false},"excerpt":{"rendered":"<p>La Feria Agroecol\u00f3gica, organizada por la Municipalidad de Berazategui en la Plaza Julia C. de Tiscornia (Av. 14 y 132), se transform\u00f3 en una gran alternativa para los vecinos y vecinas de la zona, debido a su oferta de frutas y verduras producidas y cultivadas sin intervenci\u00f3n de agroqu\u00edmicos, fertilizantes, herbicidas ni pesticidas qu\u00edmicos; pero&#8230;<\/p>\n","protected":false},"author":2,"featured_media":20447,"comment_status":"open","ping_status":"open","sticky":false,"template":"","format":"standard","meta":{"footnotes":""},"categories":[3],"tags":[],"class_list":["post-20445","post","type-post","status-publish","format-standard","has-post-thumbnail","hentry","category-berazategui"],"featured_image_src":"https:\/\/diarioprincipios.com\/wp-content\/uploads\/2024\/01\/FERIA-AGROECOLOGICA-DE-BERAZATEGUI-IDEAL-PARA-CUIDAR-EL-BOLSILLO1-4-1024x682.jpg","blog_images":{"medium":"https:\/\/diarioprincipios.com\/wp-content\/uploads\/2024\/01\/FERIA-AGROECOLOGICA-DE-BERAZATEGUI-IDEAL-PARA-CUIDAR-EL-BOLSILLO1-4-300x200.jpg","large":"https:\/\/diarioprincipios.com\/wp-content\/uploads\/2024\/01\/FERIA-AGROECOLOGICA-DE-BERAZATEGUI-IDEAL-PARA-CUIDAR-EL-BOLSILLO1-4-1024x682.jpg"},"ams_acf":[],"yoast_head":"<!-- This site is optimized with the Yoast SEO plugin v27.3 - https:\/\/yoast.com\/product\/yoast-seo-wordpress\/ -->\n<title>Feria Agroecol\u00f3gica de Berazategui: Ideal para cuidar el bolsillo - Principios<\/title>\n<meta name=\"robots\" content=\"index, follow, max-snippet:-1, max-image-preview:large, max-video-preview:-1\" \/>\n<link rel=\"canonical\" href=\"https:\/\/diarioprincipios.com\/index.php\/2024\/01\/23\/feria-agroecologica-de-berazategui-ideal-para-cuidar-el-bolsillo\/\" \/>\n<meta property=\"og:locale\" content=\"es_ES\" \/>\n<meta property=\"og:type\" content=\"article\" \/>\n<meta property=\"og:title\" content=\"Feria Agroecol\u00f3gica de Berazategui: Ideal para cuidar el bolsillo - Principios\" \/>\n<meta property=\"og:description\" content=\"La Feria Agroecol\u00f3gica, organizada por la Municipalidad de Berazategui en la Plaza Julia C. de Tiscornia (Av. 14 y 132), se transform\u00f3 en una gran alternativa para los vecinos y vecinas de la zona, debido a su oferta de frutas y verduras producidas y cultivadas sin intervenci\u00f3n de agroqu\u00edmicos, fertilizantes, herbicidas ni pesticidas qu\u00edmicos; pero...\" \/>\n<meta property=\"og:url\" content=\"https:\/\/diarioprincipios.com\/index.php\/2024\/01\/23\/feria-agroecologica-de-berazategui-ideal-para-cuidar-el-bolsillo\/\" \/>\n<meta property=\"og:site_name\" content=\"Principios\" \/>\n<meta property=\"article:published_time\" content=\"2024-01-23T15:05:41+00:00\" \/>\n<meta property=\"article:modified_time\" content=\"2024-01-23T15:05:43+00:00\" \/>\n<meta property=\"og:image\" content=\"https:\/\/diarioprincipios.com\/wp-content\/uploads\/2024\/01\/FERIA-AGROECOLOGICA-DE-BERAZATEGUI-IDEAL-PARA-CUIDAR-EL-BOLSILLO1-4.jpg\" \/>\n\t<meta property=\"og:image:width\" content=\"1600\" \/>\n\t<meta property=\"og:image:height\" content=\"1066\" \/>\n\t<meta property=\"og:image:type\" content=\"image\/jpeg\" \/>\n<meta name=\"author\" content=\"Hern\u00e1n L\u00f3pez\" \/>\n<meta name=\"twitter:card\" content=\"summary_large_image\" \/>\n<meta name=\"twitter:label1\" content=\"Escrito por\" \/>\n\t<meta name=\"twitter:data1\" content=\"Hern\u00e1n L\u00f3pez\" \/>\n\t<meta name=\"twitter:label2\" content=\"Tiempo de lectura\" \/>\n\t<meta name=\"twitter:data2\" content=\"2 minutos\" \/>\n<script type=\"application\/ld+json\" class=\"yoast-schema-graph\">{\"@context\":\"https:\\\/\\\/schema.org\",\"@graph\":[{\"@type\":\"Article\",\"@id\":\"https:\\\/\\\/diarioprincipios.com\\\/index.php\\\/2024\\\/01\\\/23\\\/feria-agroecologica-de-berazategui-ideal-para-cuidar-el-bolsillo\\\/#article\",\"isPartOf\":{\"@id\":\"https:\\\/\\\/diarioprincipios.com\\\/index.php\\\/2024\\\/01\\\/23\\\/feria-agroecologica-de-berazategui-ideal-para-cuidar-el-bolsillo\\\/\"},\"author\":{\"name\":\"Hern\u00e1n L\u00f3pez\",\"@id\":\"https:\\\/\\\/diarioprincipios.com\\\/#\\\/schema\\\/person\\\/436d5a1fd41a5e250e23ff5a6a7cb080\"},\"headline\":\"Feria Agroecol\u00f3gica de Berazategui: Ideal para cuidar el bolsillo\",\"datePublished\":\"2024-01-23T15:05:41+00:00\",\"dateModified\":\"2024-01-23T15:05:43+00:00\",\"mainEntityOfPage\":{\"@id\":\"https:\\\/\\\/diarioprincipios.com\\\/index.php\\\/2024\\\/01\\\/23\\\/feria-agroecologica-de-berazategui-ideal-para-cuidar-el-bolsillo\\\/\"},\"wordCount\":212,\"commentCount\":0,\"publisher\":{\"@id\":\"https:\\\/\\\/diarioprincipios.com\\\/#organization\"},\"image\":{\"@id\":\"https:\\\/\\\/diarioprincipios.com\\\/index.php\\\/2024\\\/01\\\/23\\\/feria-agroecologica-de-berazategui-ideal-para-cuidar-el-bolsillo\\\/#primaryimage\"},\"thumbnailUrl\":\"https:\\\/\\\/diarioprincipios.com\\\/wp-content\\\/uploads\\\/2024\\\/01\\\/FERIA-AGROECOLOGICA-DE-BERAZATEGUI-IDEAL-PARA-CUIDAR-EL-BOLSILLO1-4.jpg\",\"articleSection\":[\"Berazategui\"],\"inLanguage\":\"es\",\"potentialAction\":[{\"@type\":\"CommentAction\",\"name\":\"Comment\",\"target\":[\"https:\\\/\\\/diarioprincipios.com\\\/index.php\\\/2024\\\/01\\\/23\\\/feria-agroecologica-de-berazategui-ideal-para-cuidar-el-bolsillo\\\/#respond\"]}]},{\"@type\":\"WebPage\",\"@id\":\"https:\\\/\\\/diarioprincipios.com\\\/index.php\\\/2024\\\/01\\\/23\\\/feria-agroecologica-de-berazategui-ideal-para-cuidar-el-bolsillo\\\/\",\"url\":\"https:\\\/\\\/diarioprincipios.com\\\/index.php\\\/2024\\\/01\\\/23\\\/feria-agroecologica-de-berazategui-ideal-para-cuidar-el-bolsillo\\\/\",\"name\":\"Feria Agroecol\u00f3gica de Berazategui: Ideal para cuidar el bolsillo - Principios\",\"isPartOf\":{\"@id\":\"https:\\\/\\\/diarioprincipios.com\\\/#website\"},\"primaryImageOfPage\":{\"@id\":\"https:\\\/\\\/diarioprincipios.com\\\/index.php\\\/2024\\\/01\\\/23\\\/feria-agroecologica-de-berazategui-ideal-para-cuidar-el-bolsillo\\\/#primaryimage\"},\"image\":{\"@id\":\"https:\\\/\\\/diarioprincipios.com\\\/index.php\\\/2024\\\/01\\\/23\\\/feria-agroecologica-de-berazategui-ideal-para-cuidar-el-bolsillo\\\/#primaryimage\"},\"thumbnailUrl\":\"https:\\\/\\\/diarioprincipios.com\\\/wp-content\\\/uploads\\\/2024\\\/01\\\/FERIA-AGROECOLOGICA-DE-BERAZATEGUI-IDEAL-PARA-CUIDAR-EL-BOLSILLO1-4.jpg\",\"datePublished\":\"2024-01-23T15:05:41+00:00\",\"dateModified\":\"2024-01-23T15:05:43+00:00\",\"breadcrumb\":{\"@id\":\"https:\\\/\\\/diarioprincipios.com\\\/index.php\\\/2024\\\/01\\\/23\\\/feria-agroecologica-de-berazategui-ideal-para-cuidar-el-bolsillo\\\/#breadcrumb\"},\"inLanguage\":\"es\",\"potentialAction\":[{\"@type\":\"ReadAction\",\"target\":[\"https:\\\/\\\/diarioprincipios.com\\\/index.php\\\/2024\\\/01\\\/23\\\/feria-agroecologica-de-berazategui-ideal-para-cuidar-el-bolsillo\\\/\"]}]},{\"@type\":\"ImageObject\",\"inLanguage\":\"es\",\"@id\":\"https:\\\/\\\/diarioprincipios.com\\\/index.php\\\/2024\\\/01\\\/23\\\/feria-agroecologica-de-berazategui-ideal-para-cuidar-el-bolsillo\\\/#primaryimage\",\"url\":\"https:\\\/\\\/diarioprincipios.com\\\/wp-content\\\/uploads\\\/2024\\\/01\\\/FERIA-AGROECOLOGICA-DE-BERAZATEGUI-IDEAL-PARA-CUIDAR-EL-BOLSILLO1-4.jpg\",\"contentUrl\":\"https:\\\/\\\/diarioprincipios.com\\\/wp-content\\\/uploads\\\/2024\\\/01\\\/FERIA-AGROECOLOGICA-DE-BERAZATEGUI-IDEAL-PARA-CUIDAR-EL-BOLSILLO1-4.jpg\",\"width\":1600,\"height\":1066},{\"@type\":\"BreadcrumbList\",\"@id\":\"https:\\\/\\\/diarioprincipios.com\\\/index.php\\\/2024\\\/01\\\/23\\\/feria-agroecologica-de-berazategui-ideal-para-cuidar-el-bolsillo\\\/#breadcrumb\",\"itemListElement\":[{\"@type\":\"ListItem\",\"position\":1,\"name\":\"Portada\",\"item\":\"https:\\\/\\\/diarioprincipios.com\\\/\"},{\"@type\":\"ListItem\",\"position\":2,\"name\":\"Feria Agroecol\u00f3gica de Berazategui: Ideal para cuidar el bolsillo\"}]},{\"@type\":\"WebSite\",\"@id\":\"https:\\\/\\\/diarioprincipios.com\\\/#website\",\"url\":\"https:\\\/\\\/diarioprincipios.com\\\/\",\"name\":\"Principios\",\"description\":\"Principios Diario\",\"publisher\":{\"@id\":\"https:\\\/\\\/diarioprincipios.com\\\/#organization\"},\"potentialAction\":[{\"@type\":\"SearchAction\",\"target\":{\"@type\":\"EntryPoint\",\"urlTemplate\":\"https:\\\/\\\/diarioprincipios.com\\\/?s={search_term_string}\"},\"query-input\":{\"@type\":\"PropertyValueSpecification\",\"valueRequired\":true,\"valueName\":\"search_term_string\"}}],\"inLanguage\":\"es\"},{\"@type\":\"Organization\",\"@id\":\"https:\\\/\\\/diarioprincipios.com\\\/#organization\",\"name\":\"Principios\",\"url\":\"https:\\\/\\\/diarioprincipios.com\\\/\",\"logo\":{\"@type\":\"ImageObject\",\"inLanguage\":\"es\",\"@id\":\"https:\\\/\\\/diarioprincipios.com\\\/#\\\/schema\\\/logo\\\/image\\\/\",\"url\":\"https:\\\/\\\/diarioprincipios.com\\\/wp-content\\\/uploads\\\/2024\\\/04\\\/cropped-www.diarioprincipios.com_-1.png\",\"contentUrl\":\"https:\\\/\\\/diarioprincipios.com\\\/wp-content\\\/uploads\\\/2024\\\/04\\\/cropped-www.diarioprincipios.com_-1.png\",\"width\":5325,\"height\":1454,\"caption\":\"Principios\"},\"image\":{\"@id\":\"https:\\\/\\\/diarioprincipios.com\\\/#\\\/schema\\\/logo\\\/image\\\/\"}},{\"@type\":\"Person\",\"@id\":\"https:\\\/\\\/diarioprincipios.com\\\/#\\\/schema\\\/person\\\/436d5a1fd41a5e250e23ff5a6a7cb080\",\"name\":\"Hern\u00e1n L\u00f3pez\",\"image\":{\"@type\":\"ImageObject\",\"inLanguage\":\"es\",\"@id\":\"https:\\\/\\\/diarioprincipios.com\\\/wp-content\\\/litespeed\\\/avatar\\\/11ddfe5610ff3bd100522525b2571f48.jpg?ver=1777048341\",\"url\":\"https:\\\/\\\/diarioprincipios.com\\\/wp-content\\\/litespeed\\\/avatar\\\/11ddfe5610ff3bd100522525b2571f48.jpg?ver=1777048341\",\"contentUrl\":\"https:\\\/\\\/diarioprincipios.com\\\/wp-content\\\/litespeed\\\/avatar\\\/11ddfe5610ff3bd100522525b2571f48.jpg?ver=1777048341\",\"caption\":\"Hern\u00e1n L\u00f3pez\"},\"url\":\"https:\\\/\\\/diarioprincipios.com\\\/index.php\\\/author\\\/hernan\\\/\"}]}<\/script>\n<!-- \/ Yoast SEO plugin. -->","yoast_head_json":{"title":"Feria Agroecol\u00f3gica de Berazategui: Ideal para cuidar el bolsillo - Principios","robots":{"index":"index","follow":"follow","max-snippet":"max-snippet:-1","max-image-preview":"max-image-preview:large","max-video-preview":"max-video-preview:-1"},"canonical":"https:\/\/diarioprincipios.com\/index.php\/2024\/01\/23\/feria-agroecologica-de-berazategui-ideal-para-cuidar-el-bolsillo\/","og_locale":"es_ES","og_type":"article","og_title":"Feria Agroecol\u00f3gica de Berazategui: Ideal para cuidar el bolsillo - Principios","og_description":"La Feria Agroecol\u00f3gica, organizada por la Municipalidad de Berazategui en la Plaza Julia C. de Tiscornia (Av. 14 y 132), se transform\u00f3 en una gran alternativa para los vecinos y vecinas de la zona, debido a su oferta de frutas y verduras producidas y cultivadas sin intervenci\u00f3n de agroqu\u00edmicos, fertilizantes, herbicidas ni pesticidas qu\u00edmicos; pero...","og_url":"https:\/\/diarioprincipios.com\/index.php\/2024\/01\/23\/feria-agroecologica-de-berazategui-ideal-para-cuidar-el-bolsillo\/","og_site_name":"Principios","article_published_time":"2024-01-23T15:05:41+00:00","article_modified_time":"2024-01-23T15:05:43+00:00","og_image":[{"width":1600,"height":1066,"url":"https:\/\/diarioprincipios.com\/wp-content\/uploads\/2024\/01\/FERIA-AGROECOLOGICA-DE-BERAZATEGUI-IDEAL-PARA-CUIDAR-EL-BOLSILLO1-4.jpg","type":"image\/jpeg"}],"author":"Hern\u00e1n L\u00f3pez","twitter_card":"summary_large_image","twitter_misc":{"Escrito por":"Hern\u00e1n L\u00f3pez","Tiempo de lectura":"2 minutos"},"schema":{"@context":"https:\/\/schema.org","@graph":[{"@type":"Article","@id":"https:\/\/diarioprincipios.com\/index.php\/2024\/01\/23\/feria-agroecologica-de-berazategui-ideal-para-cuidar-el-bolsillo\/#article","isPartOf":{"@id":"https:\/\/diarioprincipios.com\/index.php\/2024\/01\/23\/feria-agroecologica-de-berazategui-ideal-para-cuidar-el-bolsillo\/"},"author":{"name":"Hern\u00e1n L\u00f3pez","@id":"https:\/\/diarioprincipios.com\/#\/schema\/person\/436d5a1fd41a5e250e23ff5a6a7cb080"},"headline":"Feria Agroecol\u00f3gica de Berazategui: Ideal para cuidar el bolsillo","datePublished":"2024-01-23T15:05:41+00:00","dateModified":"2024-01-23T15:05:43+00:00","mainEntityOfPage":{"@id":"https:\/\/diarioprincipios.com\/index.php\/2024\/01\/23\/feria-agroecologica-de-berazategui-ideal-para-cuidar-el-bolsillo\/"},"wordCount":212,"commentCount":0,"publisher":{"@id":"https:\/\/diarioprincipios.com\/#organization"},"image":{"@id":"https:\/\/diarioprincipios.com\/index.php\/2024\/01\/23\/feria-agroecologica-de-berazategui-ideal-para-cuidar-el-bolsillo\/#primaryimage"},"thumbnailUrl":"https:\/\/diarioprincipios.com\/wp-content\/uploads\/2024\/01\/FERIA-AGROECOLOGICA-DE-BERAZATEGUI-IDEAL-PARA-CUIDAR-EL-BOLSILLO1-4.jpg","articleSection":["Berazategui"],"inLanguage":"es","potentialAction":[{"@type":"CommentAction","name":"Comment","target":["https:\/\/diarioprincipios.com\/index.php\/2024\/01\/23\/feria-agroecologica-de-berazategui-ideal-para-cuidar-el-bolsillo\/#respond"]}]},{"@type":"WebPage","@id":"https:\/\/diarioprincipios.com\/index.php\/2024\/01\/23\/feria-agroecologica-de-berazategui-ideal-para-cuidar-el-bolsillo\/","url":"https:\/\/diarioprincipios.com\/index.php\/2024\/01\/23\/feria-agroecologica-de-berazategui-ideal-para-cuidar-el-bolsillo\/","name":"Feria Agroecol\u00f3gica de Berazategui: Ideal para cuidar el bolsillo - Principios","isPartOf":{"@id":"https:\/\/diarioprincipios.com\/#website"},"primaryImageOfPage":{"@id":"https:\/\/diarioprincipios.com\/index.php\/2024\/01\/23\/feria-agroecologica-de-berazategui-ideal-para-cuidar-el-bolsillo\/#primaryimage"},"image":{"@id":"https:\/\/diarioprincipios.com\/index.php\/2024\/01\/23\/feria-agroecologica-de-berazategui-ideal-para-cuidar-el-bolsillo\/#primaryimage"},"thumbnailUrl":"https:\/\/diarioprincipios.com\/wp-content\/uploads\/2024\/01\/FERIA-AGROECOLOGICA-DE-BERAZATEGUI-IDEAL-PARA-CUIDAR-EL-BOLSILLO1-4.jpg","datePublished":"2024-01-23T15:05:41+00:00","dateModified":"2024-01-23T15:05:43+00:00","breadcrumb":{"@id":"https:\/\/diarioprincipios.com\/index.php\/2024\/01\/23\/feria-agroecologica-de-berazategui-ideal-para-cuidar-el-bolsillo\/#breadcrumb"},"inLanguage":"es","potentialAction":[{"@type":"ReadAction","target":["https:\/\/diarioprincipios.com\/index.php\/2024\/01\/23\/feria-agroecologica-de-berazategui-ideal-para-cuidar-el-bolsillo\/"]}]},{"@type":"ImageObject","inLanguage":"es","@id":"https:\/\/diarioprincipios.com\/index.php\/2024\/01\/23\/feria-agroecologica-de-berazategui-ideal-para-cuidar-el-bolsillo\/#primaryimage","url":"https:\/\/diarioprincipios.com\/wp-content\/uploads\/2024\/01\/FERIA-AGROECOLOGICA-DE-BERAZATEGUI-IDEAL-PARA-CUIDAR-EL-BOLSILLO1-4.jpg","contentUrl":"https:\/\/diarioprincipios.com\/wp-content\/uploads\/2024\/01\/FERIA-AGROECOLOGICA-DE-BERAZATEGUI-IDEAL-PARA-CUIDAR-EL-BOLSILLO1-4.jpg","width":1600,"height":1066},{"@type":"BreadcrumbList","@id":"https:\/\/diarioprincipios.com\/index.php\/2024\/01\/23\/feria-agroecologica-de-berazategui-ideal-para-cuidar-el-bolsillo\/#breadcrumb","itemListElement":[{"@type":"ListItem","position":1,"name":"Portada","item":"https:\/\/diarioprincipios.com\/"},{"@type":"ListItem","position":2,"name":"Feria Agroecol\u00f3gica de Berazategui: Ideal para cuidar el bolsillo"}]},{"@type":"WebSite","@id":"https:\/\/diarioprincipios.com\/#website","url":"https:\/\/diarioprincipios.com\/","name":"Principios","description":"Principios Diario","publisher":{"@id":"https:\/\/diarioprincipios.com\/#organization"},"potentialAction":[{"@type":"SearchAction","target":{"@type":"EntryPoint","urlTemplate":"https:\/\/diarioprincipios.com\/?s={search_term_string}"},"query-input":{"@type":"PropertyValueSpecification","valueRequired":true,"valueName":"search_term_string"}}],"inLanguage":"es"},{"@type":"Organization","@id":"https:\/\/diarioprincipios.com\/#organization","name":"Principios","url":"https:\/\/diarioprincipios.com\/","logo":{"@type":"ImageObject","inLanguage":"es","@id":"https:\/\/diarioprincipios.com\/#\/schema\/logo\/image\/","url":"https:\/\/diarioprincipios.com\/wp-content\/uploads\/2024\/04\/cropped-www.diarioprincipios.com_-1.png","contentUrl":"https:\/\/diarioprincipios.com\/wp-content\/uploads\/2024\/04\/cropped-www.diarioprincipios.com_-1.png","width":5325,"height":1454,"caption":"Principios"},"image":{"@id":"https:\/\/diarioprincipios.com\/#\/schema\/logo\/image\/"}},{"@type":"Person","@id":"https:\/\/diarioprincipios.com\/#\/schema\/person\/436d5a1fd41a5e250e23ff5a6a7cb080","name":"Hern\u00e1n L\u00f3pez","image":{"@type":"ImageObject","inLanguage":"es","@id":"https:\/\/diarioprincipios.com\/wp-content\/litespeed\/avatar\/11ddfe5610ff3bd100522525b2571f48.jpg?ver=1777048341","url":"https:\/\/diarioprincipios.com\/wp-content\/litespeed\/avatar\/11ddfe5610ff3bd100522525b2571f48.jpg?ver=1777048341","contentUrl":"https:\/\/diarioprincipios.com\/wp-content\/litespeed\/avatar\/11ddfe5610ff3bd100522525b2571f48.jpg?ver=1777048341","caption":"Hern\u00e1n L\u00f3pez"},"url":"https:\/\/diarioprincipios.com\/index.php\/author\/hernan\/"}]}},"jetpack_featured_media_url":"https:\/\/diarioprincipios.com\/wp-content\/uploads\/2024\/01\/FERIA-AGROECOLOGICA-DE-BERAZATEGUI-IDEAL-PARA-CUIDAR-EL-BOLSILLO1-4.jpg","_links":{"self":[{"href":"https:\/\/diarioprincipios.com\/index.php\/wp-json\/wp\/v2\/posts\/20445","targetHints":{"allow":["GET"]}}],"collection":[{"href":"https:\/\/diarioprincipios.com\/index.php\/wp-json\/wp\/v2\/posts"}],"about":[{"href":"https:\/\/diarioprincipios.com\/index.php\/wp-json\/wp\/v2\/types\/post"}],"author":[{"embeddable":true,"href":"https:\/\/diarioprincipios.com\/index.php\/wp-json\/wp\/v2\/users\/2"}],"replies":[{"embeddable":true,"href":"https:\/\/diarioprincipios.com\/index.php\/wp-json\/wp\/v2\/comments?post=20445"}],"version-history":[{"count":1,"href":"https:\/\/diarioprincipios.com\/index.php\/wp-json\/wp\/v2\/posts\/20445\/revisions"}],"predecessor-version":[{"id":20448,"href":"https:\/\/diarioprincipios.com\/index.php\/wp-json\/wp\/v2\/posts\/20445\/revisions\/20448"}],"wp:featuredmedia":[{"embeddable":true,"href":"https:\/\/diarioprincipios.com\/index.php\/wp-json\/wp\/v2\/media\/20447"}],"wp:attachment":[{"href":"https:\/\/diarioprincipios.com\/index.php\/wp-json\/wp\/v2\/media?parent=20445"}],"wp:term":[{"taxonomy":"category","embeddable":true,"href":"https:\/\/diarioprincipios.com\/index.php\/wp-json\/wp\/v2\/categories?post=20445"},{"taxonomy":"post_tag","embeddable":true,"href":"https:\/\/diarioprincipios.com\/index.php\/wp-json\/wp\/v2\/tags?post=20445"}],"curies":[{"name":"wp","href":"https:\/\/api.w.org\/{rel}","templated":true}]}}