{"id":20433,"date":"2024-01-22T15:22:22","date_gmt":"2024-01-22T18:22:22","guid":{"rendered":"http:\/\/diarioprincipios.com\/?p=20433"},"modified":"2024-01-22T15:22:24","modified_gmt":"2024-01-22T18:22:24","slug":"municipales-respaldan-el-paro-de-la-cgt","status":"publish","type":"post","link":"https:\/\/diarioprincipios.com\/index.php\/2024\/01\/22\/municipales-respaldan-el-paro-de-la-cgt\/","title":{"rendered":"Municipales respaldan el Paro de la CGT"},"content":{"rendered":"\n<p>Los Trabajadores Municipales de Berazategui expresaron su respaldo  al Paro General convocado por la CGT para el pr\u00f3ximo miercoles, 24 de Enero.<\/p>\n\n\n\n<p>\u00abEsta medida responde al rechazo del Decreto de Necesidad y Urgencia (DNU) emitido por el Poder Ejecutivo Nacional y al proyecto de Ley Omnibus. Amas iniciativas buscan socavar los principios de la Constituci\u00f3n Nacional, promoviendo un ajuste desmedido que \u00a0amenaza los derechos laborales y sociales del pueblo trabajador, y beneficiar exclusivamente a los sectores que ostentan el poder tanto a nivel local como internacional\u00bb, destacaron desde el Sindicato de Trabajadores Municipales de \u00a0Berazategui.<\/p>\n\n\n\n<p>Asimismo, expusieron que \u00abes imperativo unirnos para resistir las pol\u00edticas de exclusi\u00f3n impulsadas por el gobierno de Milei, velando por la defensa de las conquistas hist\u00f3ricas de los trabajadores argentinos. La solidaridad y la participaci\u00f3n activa de todos son fundamentales para enfrentar este escenario y garantizar un futuro m\u00e1s justo y equitativo para nuestra sociedad\u00bb.\u00a0<\/p>\n","protected":false},"excerpt":{"rendered":"<p>Los Trabajadores Municipales de Berazategui expresaron su respaldo al Paro General convocado por la CGT para el pr\u00f3ximo miercoles, 24 de Enero. \u00abEsta medida responde al rechazo del Decreto de Necesidad y Urgencia (DNU) emitido por el Poder Ejecutivo Nacional y al proyecto de Ley Omnibus. Amas iniciativas buscan socavar los principios de la Constituci\u00f3n&#8230;<\/p>\n","protected":false},"author":2,"featured_media":20434,"comment_status":"open","ping_status":"open","sticky":false,"template":"","format":"standard","meta":{"footnotes":""},"categories":[3],"tags":[],"class_list":["post-20433","post","type-post","status-publish","format-standard","has-post-thumbnail","hentry","category-berazategui"],"featured_image_src":"https:\/\/diarioprincipios.com\/wp-content\/uploads\/2024\/01\/1-1.jpg","blog_images":{"medium":"https:\/\/diarioprincipios.com\/wp-content\/uploads\/2024\/01\/1-1-300x273.jpg","large":"https:\/\/diarioprincipios.com\/wp-content\/uploads\/2024\/01\/1-1.jpg"},"ams_acf":[],"yoast_head":"<!-- This site is optimized with the Yoast SEO plugin v27.3 - https:\/\/yoast.com\/product\/yoast-seo-wordpress\/ -->\n<title>Municipales respaldan el Paro de la CGT - Principios<\/title>\n<meta name=\"robots\" content=\"index, follow, max-snippet:-1, max-image-preview:large, max-video-preview:-1\" \/>\n<link rel=\"canonical\" href=\"https:\/\/diarioprincipios.com\/index.php\/2024\/01\/22\/municipales-respaldan-el-paro-de-la-cgt\/\" \/>\n<meta property=\"og:locale\" content=\"es_ES\" \/>\n<meta property=\"og:type\" content=\"article\" \/>\n<meta property=\"og:title\" content=\"Municipales respaldan el Paro de la CGT - Principios\" \/>\n<meta property=\"og:description\" content=\"Los Trabajadores Municipales de Berazategui expresaron su respaldo al Paro General convocado por la CGT para el pr\u00f3ximo miercoles, 24 de Enero. \u00abEsta medida responde al rechazo del Decreto de Necesidad y Urgencia (DNU) emitido por el Poder Ejecutivo Nacional y al proyecto de Ley Omnibus. Amas iniciativas buscan socavar los principios de la Constituci\u00f3n...\" \/>\n<meta property=\"og:url\" content=\"https:\/\/diarioprincipios.com\/index.php\/2024\/01\/22\/municipales-respaldan-el-paro-de-la-cgt\/\" \/>\n<meta property=\"og:site_name\" content=\"Principios\" \/>\n<meta property=\"article:published_time\" content=\"2024-01-22T18:22:22+00:00\" \/>\n<meta property=\"article:modified_time\" content=\"2024-01-22T18:22:24+00:00\" \/>\n<meta property=\"og:image\" content=\"https:\/\/diarioprincipios.com\/wp-content\/uploads\/2024\/01\/1-1.jpg\" \/>\n\t<meta property=\"og:image:width\" content=\"884\" \/>\n\t<meta property=\"og:image:height\" content=\"804\" \/>\n\t<meta property=\"og:image:type\" content=\"image\/jpeg\" \/>\n<meta name=\"author\" content=\"Hern\u00e1n L\u00f3pez\" \/>\n<meta name=\"twitter:card\" content=\"summary_large_image\" \/>\n<meta name=\"twitter:label1\" content=\"Escrito por\" \/>\n\t<meta name=\"twitter:data1\" content=\"Hern\u00e1n L\u00f3pez\" \/>\n\t<meta name=\"twitter:label2\" content=\"Tiempo de lectura\" \/>\n\t<meta name=\"twitter:data2\" content=\"1 minuto\" \/>\n<script type=\"application\/ld+json\" class=\"yoast-schema-graph\">{\"@context\":\"https:\\\/\\\/schema.org\",\"@graph\":[{\"@type\":\"Article\",\"@id\":\"https:\\\/\\\/diarioprincipios.com\\\/index.php\\\/2024\\\/01\\\/22\\\/municipales-respaldan-el-paro-de-la-cgt\\\/#article\",\"isPartOf\":{\"@id\":\"https:\\\/\\\/diarioprincipios.com\\\/index.php\\\/2024\\\/01\\\/22\\\/municipales-respaldan-el-paro-de-la-cgt\\\/\"},\"author\":{\"name\":\"Hern\u00e1n L\u00f3pez\",\"@id\":\"https:\\\/\\\/diarioprincipios.com\\\/#\\\/schema\\\/person\\\/436d5a1fd41a5e250e23ff5a6a7cb080\"},\"headline\":\"Municipales respaldan el Paro de la CGT\",\"datePublished\":\"2024-01-22T18:22:22+00:00\",\"dateModified\":\"2024-01-22T18:22:24+00:00\",\"mainEntityOfPage\":{\"@id\":\"https:\\\/\\\/diarioprincipios.com\\\/index.php\\\/2024\\\/01\\\/22\\\/municipales-respaldan-el-paro-de-la-cgt\\\/\"},\"wordCount\":163,\"commentCount\":0,\"publisher\":{\"@id\":\"https:\\\/\\\/diarioprincipios.com\\\/#organization\"},\"image\":{\"@id\":\"https:\\\/\\\/diarioprincipios.com\\\/index.php\\\/2024\\\/01\\\/22\\\/municipales-respaldan-el-paro-de-la-cgt\\\/#primaryimage\"},\"thumbnailUrl\":\"https:\\\/\\\/diarioprincipios.com\\\/wp-content\\\/uploads\\\/2024\\\/01\\\/1-1.jpg\",\"articleSection\":[\"Berazategui\"],\"inLanguage\":\"es\",\"potentialAction\":[{\"@type\":\"CommentAction\",\"name\":\"Comment\",\"target\":[\"https:\\\/\\\/diarioprincipios.com\\\/index.php\\\/2024\\\/01\\\/22\\\/municipales-respaldan-el-paro-de-la-cgt\\\/#respond\"]}]},{\"@type\":\"WebPage\",\"@id\":\"https:\\\/\\\/diarioprincipios.com\\\/index.php\\\/2024\\\/01\\\/22\\\/municipales-respaldan-el-paro-de-la-cgt\\\/\",\"url\":\"https:\\\/\\\/diarioprincipios.com\\\/index.php\\\/2024\\\/01\\\/22\\\/municipales-respaldan-el-paro-de-la-cgt\\\/\",\"name\":\"Municipales respaldan el Paro de la CGT - Principios\",\"isPartOf\":{\"@id\":\"https:\\\/\\\/diarioprincipios.com\\\/#website\"},\"primaryImageOfPage\":{\"@id\":\"https:\\\/\\\/diarioprincipios.com\\\/index.php\\\/2024\\\/01\\\/22\\\/municipales-respaldan-el-paro-de-la-cgt\\\/#primaryimage\"},\"image\":{\"@id\":\"https:\\\/\\\/diarioprincipios.com\\\/index.php\\\/2024\\\/01\\\/22\\\/municipales-respaldan-el-paro-de-la-cgt\\\/#primaryimage\"},\"thumbnailUrl\":\"https:\\\/\\\/diarioprincipios.com\\\/wp-content\\\/uploads\\\/2024\\\/01\\\/1-1.jpg\",\"datePublished\":\"2024-01-22T18:22:22+00:00\",\"dateModified\":\"2024-01-22T18:22:24+00:00\",\"breadcrumb\":{\"@id\":\"https:\\\/\\\/diarioprincipios.com\\\/index.php\\\/2024\\\/01\\\/22\\\/municipales-respaldan-el-paro-de-la-cgt\\\/#breadcrumb\"},\"inLanguage\":\"es\",\"potentialAction\":[{\"@type\":\"ReadAction\",\"target\":[\"https:\\\/\\\/diarioprincipios.com\\\/index.php\\\/2024\\\/01\\\/22\\\/municipales-respaldan-el-paro-de-la-cgt\\\/\"]}]},{\"@type\":\"ImageObject\",\"inLanguage\":\"es\",\"@id\":\"https:\\\/\\\/diarioprincipios.com\\\/index.php\\\/2024\\\/01\\\/22\\\/municipales-respaldan-el-paro-de-la-cgt\\\/#primaryimage\",\"url\":\"https:\\\/\\\/diarioprincipios.com\\\/wp-content\\\/uploads\\\/2024\\\/01\\\/1-1.jpg\",\"contentUrl\":\"https:\\\/\\\/diarioprincipios.com\\\/wp-content\\\/uploads\\\/2024\\\/01\\\/1-1.jpg\",\"width\":884,\"height\":804},{\"@type\":\"BreadcrumbList\",\"@id\":\"https:\\\/\\\/diarioprincipios.com\\\/index.php\\\/2024\\\/01\\\/22\\\/municipales-respaldan-el-paro-de-la-cgt\\\/#breadcrumb\",\"itemListElement\":[{\"@type\":\"ListItem\",\"position\":1,\"name\":\"Portada\",\"item\":\"https:\\\/\\\/diarioprincipios.com\\\/\"},{\"@type\":\"ListItem\",\"position\":2,\"name\":\"Municipales respaldan el Paro de la CGT\"}]},{\"@type\":\"WebSite\",\"@id\":\"https:\\\/\\\/diarioprincipios.com\\\/#website\",\"url\":\"https:\\\/\\\/diarioprincipios.com\\\/\",\"name\":\"Principios\",\"description\":\"Principios Diario\",\"publisher\":{\"@id\":\"https:\\\/\\\/diarioprincipios.com\\\/#organization\"},\"potentialAction\":[{\"@type\":\"SearchAction\",\"target\":{\"@type\":\"EntryPoint\",\"urlTemplate\":\"https:\\\/\\\/diarioprincipios.com\\\/?s={search_term_string}\"},\"query-input\":{\"@type\":\"PropertyValueSpecification\",\"valueRequired\":true,\"valueName\":\"search_term_string\"}}],\"inLanguage\":\"es\"},{\"@type\":\"Organization\",\"@id\":\"https:\\\/\\\/diarioprincipios.com\\\/#organization\",\"name\":\"Principios\",\"url\":\"https:\\\/\\\/diarioprincipios.com\\\/\",\"logo\":{\"@type\":\"ImageObject\",\"inLanguage\":\"es\",\"@id\":\"https:\\\/\\\/diarioprincipios.com\\\/#\\\/schema\\\/logo\\\/image\\\/\",\"url\":\"https:\\\/\\\/diarioprincipios.com\\\/wp-content\\\/uploads\\\/2024\\\/04\\\/cropped-www.diarioprincipios.com_-1.png\",\"contentUrl\":\"https:\\\/\\\/diarioprincipios.com\\\/wp-content\\\/uploads\\\/2024\\\/04\\\/cropped-www.diarioprincipios.com_-1.png\",\"width\":5325,\"height\":1454,\"caption\":\"Principios\"},\"image\":{\"@id\":\"https:\\\/\\\/diarioprincipios.com\\\/#\\\/schema\\\/logo\\\/image\\\/\"}},{\"@type\":\"Person\",\"@id\":\"https:\\\/\\\/diarioprincipios.com\\\/#\\\/schema\\\/person\\\/436d5a1fd41a5e250e23ff5a6a7cb080\",\"name\":\"Hern\u00e1n L\u00f3pez\",\"image\":{\"@type\":\"ImageObject\",\"inLanguage\":\"es\",\"@id\":\"https:\\\/\\\/diarioprincipios.com\\\/wp-content\\\/litespeed\\\/avatar\\\/11ddfe5610ff3bd100522525b2571f48.jpg?ver=1777048341\",\"url\":\"https:\\\/\\\/diarioprincipios.com\\\/wp-content\\\/litespeed\\\/avatar\\\/11ddfe5610ff3bd100522525b2571f48.jpg?ver=1777048341\",\"contentUrl\":\"https:\\\/\\\/diarioprincipios.com\\\/wp-content\\\/litespeed\\\/avatar\\\/11ddfe5610ff3bd100522525b2571f48.jpg?ver=1777048341\",\"caption\":\"Hern\u00e1n L\u00f3pez\"},\"url\":\"https:\\\/\\\/diarioprincipios.com\\\/index.php\\\/author\\\/hernan\\\/\"}]}<\/script>\n<!-- \/ Yoast SEO plugin. -->","yoast_head_json":{"title":"Municipales respaldan el Paro de la CGT - Principios","robots":{"index":"index","follow":"follow","max-snippet":"max-snippet:-1","max-image-preview":"max-image-preview:large","max-video-preview":"max-video-preview:-1"},"canonical":"https:\/\/diarioprincipios.com\/index.php\/2024\/01\/22\/municipales-respaldan-el-paro-de-la-cgt\/","og_locale":"es_ES","og_type":"article","og_title":"Municipales respaldan el Paro de la CGT - Principios","og_description":"Los Trabajadores Municipales de Berazategui expresaron su respaldo al Paro General convocado por la CGT para el pr\u00f3ximo miercoles, 24 de Enero. \u00abEsta medida responde al rechazo del Decreto de Necesidad y Urgencia (DNU) emitido por el Poder Ejecutivo Nacional y al proyecto de Ley Omnibus. Amas iniciativas buscan socavar los principios de la Constituci\u00f3n...","og_url":"https:\/\/diarioprincipios.com\/index.php\/2024\/01\/22\/municipales-respaldan-el-paro-de-la-cgt\/","og_site_name":"Principios","article_published_time":"2024-01-22T18:22:22+00:00","article_modified_time":"2024-01-22T18:22:24+00:00","og_image":[{"width":884,"height":804,"url":"https:\/\/diarioprincipios.com\/wp-content\/uploads\/2024\/01\/1-1.jpg","type":"image\/jpeg"}],"author":"Hern\u00e1n L\u00f3pez","twitter_card":"summary_large_image","twitter_misc":{"Escrito por":"Hern\u00e1n L\u00f3pez","Tiempo de lectura":"1 minuto"},"schema":{"@context":"https:\/\/schema.org","@graph":[{"@type":"Article","@id":"https:\/\/diarioprincipios.com\/index.php\/2024\/01\/22\/municipales-respaldan-el-paro-de-la-cgt\/#article","isPartOf":{"@id":"https:\/\/diarioprincipios.com\/index.php\/2024\/01\/22\/municipales-respaldan-el-paro-de-la-cgt\/"},"author":{"name":"Hern\u00e1n L\u00f3pez","@id":"https:\/\/diarioprincipios.com\/#\/schema\/person\/436d5a1fd41a5e250e23ff5a6a7cb080"},"headline":"Municipales respaldan el Paro de la CGT","datePublished":"2024-01-22T18:22:22+00:00","dateModified":"2024-01-22T18:22:24+00:00","mainEntityOfPage":{"@id":"https:\/\/diarioprincipios.com\/index.php\/2024\/01\/22\/municipales-respaldan-el-paro-de-la-cgt\/"},"wordCount":163,"commentCount":0,"publisher":{"@id":"https:\/\/diarioprincipios.com\/#organization"},"image":{"@id":"https:\/\/diarioprincipios.com\/index.php\/2024\/01\/22\/municipales-respaldan-el-paro-de-la-cgt\/#primaryimage"},"thumbnailUrl":"https:\/\/diarioprincipios.com\/wp-content\/uploads\/2024\/01\/1-1.jpg","articleSection":["Berazategui"],"inLanguage":"es","potentialAction":[{"@type":"CommentAction","name":"Comment","target":["https:\/\/diarioprincipios.com\/index.php\/2024\/01\/22\/municipales-respaldan-el-paro-de-la-cgt\/#respond"]}]},{"@type":"WebPage","@id":"https:\/\/diarioprincipios.com\/index.php\/2024\/01\/22\/municipales-respaldan-el-paro-de-la-cgt\/","url":"https:\/\/diarioprincipios.com\/index.php\/2024\/01\/22\/municipales-respaldan-el-paro-de-la-cgt\/","name":"Municipales respaldan el Paro de la CGT - Principios","isPartOf":{"@id":"https:\/\/diarioprincipios.com\/#website"},"primaryImageOfPage":{"@id":"https:\/\/diarioprincipios.com\/index.php\/2024\/01\/22\/municipales-respaldan-el-paro-de-la-cgt\/#primaryimage"},"image":{"@id":"https:\/\/diarioprincipios.com\/index.php\/2024\/01\/22\/municipales-respaldan-el-paro-de-la-cgt\/#primaryimage"},"thumbnailUrl":"https:\/\/diarioprincipios.com\/wp-content\/uploads\/2024\/01\/1-1.jpg","datePublished":"2024-01-22T18:22:22+00:00","dateModified":"2024-01-22T18:22:24+00:00","breadcrumb":{"@id":"https:\/\/diarioprincipios.com\/index.php\/2024\/01\/22\/municipales-respaldan-el-paro-de-la-cgt\/#breadcrumb"},"inLanguage":"es","potentialAction":[{"@type":"ReadAction","target":["https:\/\/diarioprincipios.com\/index.php\/2024\/01\/22\/municipales-respaldan-el-paro-de-la-cgt\/"]}]},{"@type":"ImageObject","inLanguage":"es","@id":"https:\/\/diarioprincipios.com\/index.php\/2024\/01\/22\/municipales-respaldan-el-paro-de-la-cgt\/#primaryimage","url":"https:\/\/diarioprincipios.com\/wp-content\/uploads\/2024\/01\/1-1.jpg","contentUrl":"https:\/\/diarioprincipios.com\/wp-content\/uploads\/2024\/01\/1-1.jpg","width":884,"height":804},{"@type":"BreadcrumbList","@id":"https:\/\/diarioprincipios.com\/index.php\/2024\/01\/22\/municipales-respaldan-el-paro-de-la-cgt\/#breadcrumb","itemListElement":[{"@type":"ListItem","position":1,"name":"Portada","item":"https:\/\/diarioprincipios.com\/"},{"@type":"ListItem","position":2,"name":"Municipales respaldan el Paro de la CGT"}]},{"@type":"WebSite","@id":"https:\/\/diarioprincipios.com\/#website","url":"https:\/\/diarioprincipios.com\/","name":"Principios","description":"Principios Diario","publisher":{"@id":"https:\/\/diarioprincipios.com\/#organization"},"potentialAction":[{"@type":"SearchAction","target":{"@type":"EntryPoint","urlTemplate":"https:\/\/diarioprincipios.com\/?s={search_term_string}"},"query-input":{"@type":"PropertyValueSpecification","valueRequired":true,"valueName":"search_term_string"}}],"inLanguage":"es"},{"@type":"Organization","@id":"https:\/\/diarioprincipios.com\/#organization","name":"Principios","url":"https:\/\/diarioprincipios.com\/","logo":{"@type":"ImageObject","inLanguage":"es","@id":"https:\/\/diarioprincipios.com\/#\/schema\/logo\/image\/","url":"https:\/\/diarioprincipios.com\/wp-content\/uploads\/2024\/04\/cropped-www.diarioprincipios.com_-1.png","contentUrl":"https:\/\/diarioprincipios.com\/wp-content\/uploads\/2024\/04\/cropped-www.diarioprincipios.com_-1.png","width":5325,"height":1454,"caption":"Principios"},"image":{"@id":"https:\/\/diarioprincipios.com\/#\/schema\/logo\/image\/"}},{"@type":"Person","@id":"https:\/\/diarioprincipios.com\/#\/schema\/person\/436d5a1fd41a5e250e23ff5a6a7cb080","name":"Hern\u00e1n L\u00f3pez","image":{"@type":"ImageObject","inLanguage":"es","@id":"https:\/\/diarioprincipios.com\/wp-content\/litespeed\/avatar\/11ddfe5610ff3bd100522525b2571f48.jpg?ver=1777048341","url":"https:\/\/diarioprincipios.com\/wp-content\/litespeed\/avatar\/11ddfe5610ff3bd100522525b2571f48.jpg?ver=1777048341","contentUrl":"https:\/\/diarioprincipios.com\/wp-content\/litespeed\/avatar\/11ddfe5610ff3bd100522525b2571f48.jpg?ver=1777048341","caption":"Hern\u00e1n L\u00f3pez"},"url":"https:\/\/diarioprincipios.com\/index.php\/author\/hernan\/"}]}},"jetpack_featured_media_url":"https:\/\/diarioprincipios.com\/wp-content\/uploads\/2024\/01\/1-1.jpg","_links":{"self":[{"href":"https:\/\/diarioprincipios.com\/index.php\/wp-json\/wp\/v2\/posts\/20433","targetHints":{"allow":["GET"]}}],"collection":[{"href":"https:\/\/diarioprincipios.com\/index.php\/wp-json\/wp\/v2\/posts"}],"about":[{"href":"https:\/\/diarioprincipios.com\/index.php\/wp-json\/wp\/v2\/types\/post"}],"author":[{"embeddable":true,"href":"https:\/\/diarioprincipios.com\/index.php\/wp-json\/wp\/v2\/users\/2"}],"replies":[{"embeddable":true,"href":"https:\/\/diarioprincipios.com\/index.php\/wp-json\/wp\/v2\/comments?post=20433"}],"version-history":[{"count":1,"href":"https:\/\/diarioprincipios.com\/index.php\/wp-json\/wp\/v2\/posts\/20433\/revisions"}],"predecessor-version":[{"id":20435,"href":"https:\/\/diarioprincipios.com\/index.php\/wp-json\/wp\/v2\/posts\/20433\/revisions\/20435"}],"wp:featuredmedia":[{"embeddable":true,"href":"https:\/\/diarioprincipios.com\/index.php\/wp-json\/wp\/v2\/media\/20434"}],"wp:attachment":[{"href":"https:\/\/diarioprincipios.com\/index.php\/wp-json\/wp\/v2\/media?parent=20433"}],"wp:term":[{"taxonomy":"category","embeddable":true,"href":"https:\/\/diarioprincipios.com\/index.php\/wp-json\/wp\/v2\/categories?post=20433"},{"taxonomy":"post_tag","embeddable":true,"href":"https:\/\/diarioprincipios.com\/index.php\/wp-json\/wp\/v2\/tags?post=20433"}],"curies":[{"name":"wp","href":"https:\/\/api.w.org\/{rel}","templated":true}]}}