{"id":20429,"date":"2024-01-22T12:10:37","date_gmt":"2024-01-22T15:10:37","guid":{"rendered":"http:\/\/diarioprincipios.com\/?p=20429"},"modified":"2024-01-22T15:25:48","modified_gmt":"2024-01-22T18:25:48","slug":"la-multisectorial-berazategui-tendra-una-fuerte-presencia-en-la-movilizacion-al-congreso-contra-el-dnu-y-la-ley-omnibus","status":"publish","type":"post","link":"https:\/\/diarioprincipios.com\/index.php\/2024\/01\/22\/la-multisectorial-berazategui-tendra-una-fuerte-presencia-en-la-movilizacion-al-congreso-contra-el-dnu-y-la-ley-omnibus\/","title":{"rendered":"La Multisectorial Berazategui tendr\u00e1 una fuerte presencia en la Movilizaci\u00f3n al Congreso contra el DNU y la Ley \u00d3mnibus"},"content":{"rendered":"\n<p>La Multisectorial con representaci\u00f3n de m\u00e1s de 120 organizaciones pol\u00edticas, sociales, del comercio, industria y gremios entre otros, se concentrar\u00e1 este mi\u00e9rcoles a las 12 horas en N\u00e9stor Kirchner y Av. 14 desde donde marchar\u00e1n a la estaci\u00f3n para viajar en transporte p\u00fablico hasta el Congreso.<\/p>\n\n\n\n<p>En un encuentro de la Mesa de la Multisectorial llevado a cabo el viernes en la Sociedad de Fomento Pl\u00e1tanos se defini\u00f3 la participaci\u00f3n activa en contra del decreto y la ley \u00f3mnibus impulsados por Milei.<\/p>\n\n\n\n<figure class=\"wp-block-image size-large\"><img loading=\"lazy\" decoding=\"async\" width=\"1024\" height=\"768\" src=\"https:\/\/diarioprincipios.com\/wp-content\/uploads\/2024\/01\/ASAMBLEA-MULTISECTORIAL-DE-BERAZATEGUI-APOYA-EL-PARO-DE-LA-CGT-1-1024x768.jpeg\" alt=\"\" class=\"wp-image-20437\" srcset=\"https:\/\/diarioprincipios.com\/wp-content\/uploads\/2024\/01\/ASAMBLEA-MULTISECTORIAL-DE-BERAZATEGUI-APOYA-EL-PARO-DE-LA-CGT-1-1024x768.jpeg 1024w, https:\/\/diarioprincipios.com\/wp-content\/uploads\/2024\/01\/ASAMBLEA-MULTISECTORIAL-DE-BERAZATEGUI-APOYA-EL-PARO-DE-LA-CGT-1-300x225.jpeg 300w, https:\/\/diarioprincipios.com\/wp-content\/uploads\/2024\/01\/ASAMBLEA-MULTISECTORIAL-DE-BERAZATEGUI-APOYA-EL-PARO-DE-LA-CGT-1-768x576.jpeg 768w, https:\/\/diarioprincipios.com\/wp-content\/uploads\/2024\/01\/ASAMBLEA-MULTISECTORIAL-DE-BERAZATEGUI-APOYA-EL-PARO-DE-LA-CGT-1-1536x1152.jpeg 1536w, https:\/\/diarioprincipios.com\/wp-content\/uploads\/2024\/01\/ASAMBLEA-MULTISECTORIAL-DE-BERAZATEGUI-APOYA-EL-PARO-DE-LA-CGT-1.jpeg 1600w\" sizes=\"auto, (max-width: 1024px) 100vw, 1024px\" \/><\/figure>\n\n\n\n<p>Todo hace prever que una multitudinaria columna de manifestantes se trasladar\u00e1 el mi\u00e9rcoles al Congreso desde la ciudad  y seg\u00fan algunos trascendidos tambi\u00e9n habr\u00e1 un importante \u00abruidazo\u00bb  desde las 16 horas en Av. N\u00e9stor Kirchner y 14 con lo cual la voz de los trabajadores berazateguenses se har\u00e1 escuchar con fuerza.<\/p>\n\n\n\n<p>La Asamblea Multisectorial de Berazategui se conform\u00f3 el 3 de enero de 2024 y est\u00e1 compuesta por m\u00e1s de 120 integrantes de diferentes sectores de la comunidad: partidos pol\u00edticos, movimientos sociales, sindicatos, industriales, empresarios, centros comerciales, clubes, veteranos de Malvinas, juventudes, centros de jubilados, representantes eclesi\u00e1sticos y asociaciones profesionales.<\/p>\n\n\n\n<p>Esta Multisectorial ya expres\u00f3 su rechazo al DNU 70\/2023 y a la Ley \u00d3mnibus en reiteradas oportunidades. Una de ellas fue a trav\u00e9s de una presentaci\u00f3n en el Honorable Concejo Deliberante y, anteriormente, llev\u00f3 a cabo dos reuniones el 3 y 10 de enero. En todas ellas, los participantes coincidieron en la gravedad de las medidas del Ejecutivo Nacional y el impacto negativo en la calidad de vida de la poblaci\u00f3n.<\/p>\n","protected":false},"excerpt":{"rendered":"<p>La Multisectorial con representaci\u00f3n de m\u00e1s de 120 organizaciones pol\u00edticas, sociales, del comercio, industria y gremios entre otros, se concentrar\u00e1 este mi\u00e9rcoles a las 12 horas en N\u00e9stor Kirchner y Av. 14 desde donde marchar\u00e1n a la estaci\u00f3n para viajar en transporte p\u00fablico hasta el Congreso. En un encuentro de la Mesa de la Multisectorial&#8230;<\/p>\n","protected":false},"author":2,"featured_media":20431,"comment_status":"open","ping_status":"open","sticky":false,"template":"","format":"standard","meta":{"footnotes":""},"categories":[3],"tags":[],"class_list":["post-20429","post","type-post","status-publish","format-standard","has-post-thumbnail","hentry","category-berazategui"],"featured_image_src":"https:\/\/diarioprincipios.com\/wp-content\/uploads\/2024\/01\/Screenshot_20240122_115120_WhatsApp-1-1024x459.jpg","blog_images":{"medium":"https:\/\/diarioprincipios.com\/wp-content\/uploads\/2024\/01\/Screenshot_20240122_115120_WhatsApp-1-300x135.jpg","large":"https:\/\/diarioprincipios.com\/wp-content\/uploads\/2024\/01\/Screenshot_20240122_115120_WhatsApp-1-1024x459.jpg"},"ams_acf":[],"yoast_head":"<!-- This site is optimized with the Yoast SEO plugin v27.3 - https:\/\/yoast.com\/product\/yoast-seo-wordpress\/ -->\n<title>La Multisectorial Berazategui tendr\u00e1 una fuerte presencia en la Movilizaci\u00f3n al Congreso contra el DNU y la Ley \u00d3mnibus - Principios<\/title>\n<meta name=\"robots\" content=\"index, follow, max-snippet:-1, max-image-preview:large, max-video-preview:-1\" \/>\n<link rel=\"canonical\" href=\"https:\/\/diarioprincipios.com\/index.php\/2024\/01\/22\/la-multisectorial-berazategui-tendra-una-fuerte-presencia-en-la-movilizacion-al-congreso-contra-el-dnu-y-la-ley-omnibus\/\" \/>\n<meta property=\"og:locale\" content=\"es_ES\" \/>\n<meta property=\"og:type\" content=\"article\" \/>\n<meta property=\"og:title\" content=\"La Multisectorial Berazategui tendr\u00e1 una fuerte presencia en la Movilizaci\u00f3n al Congreso contra el DNU y la Ley \u00d3mnibus - Principios\" \/>\n<meta property=\"og:description\" content=\"La Multisectorial con representaci\u00f3n de m\u00e1s de 120 organizaciones pol\u00edticas, sociales, del comercio, industria y gremios entre otros, se concentrar\u00e1 este mi\u00e9rcoles a las 12 horas en N\u00e9stor Kirchner y Av. 14 desde donde marchar\u00e1n a la estaci\u00f3n para viajar en transporte p\u00fablico hasta el Congreso. En un encuentro de la Mesa de la Multisectorial...\" \/>\n<meta property=\"og:url\" content=\"https:\/\/diarioprincipios.com\/index.php\/2024\/01\/22\/la-multisectorial-berazategui-tendra-una-fuerte-presencia-en-la-movilizacion-al-congreso-contra-el-dnu-y-la-ley-omnibus\/\" \/>\n<meta property=\"og:site_name\" content=\"Principios\" \/>\n<meta property=\"article:published_time\" content=\"2024-01-22T15:10:37+00:00\" \/>\n<meta property=\"article:modified_time\" content=\"2024-01-22T18:25:48+00:00\" \/>\n<meta property=\"og:image\" content=\"https:\/\/diarioprincipios.com\/wp-content\/uploads\/2024\/01\/Screenshot_20240122_115120_WhatsApp-1.jpg\" \/>\n\t<meta property=\"og:image:width\" content=\"1079\" \/>\n\t<meta property=\"og:image:height\" content=\"484\" \/>\n\t<meta property=\"og:image:type\" content=\"image\/jpeg\" \/>\n<meta name=\"author\" content=\"Hern\u00e1n L\u00f3pez\" \/>\n<meta name=\"twitter:card\" content=\"summary_large_image\" \/>\n<meta name=\"twitter:label1\" content=\"Escrito por\" \/>\n\t<meta name=\"twitter:data1\" content=\"Hern\u00e1n L\u00f3pez\" \/>\n\t<meta name=\"twitter:label2\" content=\"Tiempo de lectura\" \/>\n\t<meta name=\"twitter:data2\" content=\"2 minutos\" \/>\n<script type=\"application\/ld+json\" class=\"yoast-schema-graph\">{\"@context\":\"https:\\\/\\\/schema.org\",\"@graph\":[{\"@type\":\"Article\",\"@id\":\"https:\\\/\\\/diarioprincipios.com\\\/index.php\\\/2024\\\/01\\\/22\\\/la-multisectorial-berazategui-tendra-una-fuerte-presencia-en-la-movilizacion-al-congreso-contra-el-dnu-y-la-ley-omnibus\\\/#article\",\"isPartOf\":{\"@id\":\"https:\\\/\\\/diarioprincipios.com\\\/index.php\\\/2024\\\/01\\\/22\\\/la-multisectorial-berazategui-tendra-una-fuerte-presencia-en-la-movilizacion-al-congreso-contra-el-dnu-y-la-ley-omnibus\\\/\"},\"author\":{\"name\":\"Hern\u00e1n L\u00f3pez\",\"@id\":\"https:\\\/\\\/diarioprincipios.com\\\/#\\\/schema\\\/person\\\/436d5a1fd41a5e250e23ff5a6a7cb080\"},\"headline\":\"La Multisectorial Berazategui tendr\u00e1 una fuerte presencia en la Movilizaci\u00f3n al Congreso contra el DNU y la Ley \u00d3mnibus\",\"datePublished\":\"2024-01-22T15:10:37+00:00\",\"dateModified\":\"2024-01-22T18:25:48+00:00\",\"mainEntityOfPage\":{\"@id\":\"https:\\\/\\\/diarioprincipios.com\\\/index.php\\\/2024\\\/01\\\/22\\\/la-multisectorial-berazategui-tendra-una-fuerte-presencia-en-la-movilizacion-al-congreso-contra-el-dnu-y-la-ley-omnibus\\\/\"},\"wordCount\":282,\"commentCount\":0,\"publisher\":{\"@id\":\"https:\\\/\\\/diarioprincipios.com\\\/#organization\"},\"image\":{\"@id\":\"https:\\\/\\\/diarioprincipios.com\\\/index.php\\\/2024\\\/01\\\/22\\\/la-multisectorial-berazategui-tendra-una-fuerte-presencia-en-la-movilizacion-al-congreso-contra-el-dnu-y-la-ley-omnibus\\\/#primaryimage\"},\"thumbnailUrl\":\"https:\\\/\\\/diarioprincipios.com\\\/wp-content\\\/uploads\\\/2024\\\/01\\\/Screenshot_20240122_115120_WhatsApp-1.jpg\",\"articleSection\":[\"Berazategui\"],\"inLanguage\":\"es\",\"potentialAction\":[{\"@type\":\"CommentAction\",\"name\":\"Comment\",\"target\":[\"https:\\\/\\\/diarioprincipios.com\\\/index.php\\\/2024\\\/01\\\/22\\\/la-multisectorial-berazategui-tendra-una-fuerte-presencia-en-la-movilizacion-al-congreso-contra-el-dnu-y-la-ley-omnibus\\\/#respond\"]}]},{\"@type\":\"WebPage\",\"@id\":\"https:\\\/\\\/diarioprincipios.com\\\/index.php\\\/2024\\\/01\\\/22\\\/la-multisectorial-berazategui-tendra-una-fuerte-presencia-en-la-movilizacion-al-congreso-contra-el-dnu-y-la-ley-omnibus\\\/\",\"url\":\"https:\\\/\\\/diarioprincipios.com\\\/index.php\\\/2024\\\/01\\\/22\\\/la-multisectorial-berazategui-tendra-una-fuerte-presencia-en-la-movilizacion-al-congreso-contra-el-dnu-y-la-ley-omnibus\\\/\",\"name\":\"La Multisectorial Berazategui tendr\u00e1 una fuerte presencia en la Movilizaci\u00f3n al Congreso contra el DNU y la Ley \u00d3mnibus - Principios\",\"isPartOf\":{\"@id\":\"https:\\\/\\\/diarioprincipios.com\\\/#website\"},\"primaryImageOfPage\":{\"@id\":\"https:\\\/\\\/diarioprincipios.com\\\/index.php\\\/2024\\\/01\\\/22\\\/la-multisectorial-berazategui-tendra-una-fuerte-presencia-en-la-movilizacion-al-congreso-contra-el-dnu-y-la-ley-omnibus\\\/#primaryimage\"},\"image\":{\"@id\":\"https:\\\/\\\/diarioprincipios.com\\\/index.php\\\/2024\\\/01\\\/22\\\/la-multisectorial-berazategui-tendra-una-fuerte-presencia-en-la-movilizacion-al-congreso-contra-el-dnu-y-la-ley-omnibus\\\/#primaryimage\"},\"thumbnailUrl\":\"https:\\\/\\\/diarioprincipios.com\\\/wp-content\\\/uploads\\\/2024\\\/01\\\/Screenshot_20240122_115120_WhatsApp-1.jpg\",\"datePublished\":\"2024-01-22T15:10:37+00:00\",\"dateModified\":\"2024-01-22T18:25:48+00:00\",\"breadcrumb\":{\"@id\":\"https:\\\/\\\/diarioprincipios.com\\\/index.php\\\/2024\\\/01\\\/22\\\/la-multisectorial-berazategui-tendra-una-fuerte-presencia-en-la-movilizacion-al-congreso-contra-el-dnu-y-la-ley-omnibus\\\/#breadcrumb\"},\"inLanguage\":\"es\",\"potentialAction\":[{\"@type\":\"ReadAction\",\"target\":[\"https:\\\/\\\/diarioprincipios.com\\\/index.php\\\/2024\\\/01\\\/22\\\/la-multisectorial-berazategui-tendra-una-fuerte-presencia-en-la-movilizacion-al-congreso-contra-el-dnu-y-la-ley-omnibus\\\/\"]}]},{\"@type\":\"ImageObject\",\"inLanguage\":\"es\",\"@id\":\"https:\\\/\\\/diarioprincipios.com\\\/index.php\\\/2024\\\/01\\\/22\\\/la-multisectorial-berazategui-tendra-una-fuerte-presencia-en-la-movilizacion-al-congreso-contra-el-dnu-y-la-ley-omnibus\\\/#primaryimage\",\"url\":\"https:\\\/\\\/diarioprincipios.com\\\/wp-content\\\/uploads\\\/2024\\\/01\\\/Screenshot_20240122_115120_WhatsApp-1.jpg\",\"contentUrl\":\"https:\\\/\\\/diarioprincipios.com\\\/wp-content\\\/uploads\\\/2024\\\/01\\\/Screenshot_20240122_115120_WhatsApp-1.jpg\",\"width\":1079,\"height\":484},{\"@type\":\"BreadcrumbList\",\"@id\":\"https:\\\/\\\/diarioprincipios.com\\\/index.php\\\/2024\\\/01\\\/22\\\/la-multisectorial-berazategui-tendra-una-fuerte-presencia-en-la-movilizacion-al-congreso-contra-el-dnu-y-la-ley-omnibus\\\/#breadcrumb\",\"itemListElement\":[{\"@type\":\"ListItem\",\"position\":1,\"name\":\"Portada\",\"item\":\"https:\\\/\\\/diarioprincipios.com\\\/\"},{\"@type\":\"ListItem\",\"position\":2,\"name\":\"La Multisectorial Berazategui tendr\u00e1 una fuerte presencia en la Movilizaci\u00f3n al Congreso contra el DNU y la Ley \u00d3mnibus\"}]},{\"@type\":\"WebSite\",\"@id\":\"https:\\\/\\\/diarioprincipios.com\\\/#website\",\"url\":\"https:\\\/\\\/diarioprincipios.com\\\/\",\"name\":\"Principios\",\"description\":\"Principios Diario\",\"publisher\":{\"@id\":\"https:\\\/\\\/diarioprincipios.com\\\/#organization\"},\"potentialAction\":[{\"@type\":\"SearchAction\",\"target\":{\"@type\":\"EntryPoint\",\"urlTemplate\":\"https:\\\/\\\/diarioprincipios.com\\\/?s={search_term_string}\"},\"query-input\":{\"@type\":\"PropertyValueSpecification\",\"valueRequired\":true,\"valueName\":\"search_term_string\"}}],\"inLanguage\":\"es\"},{\"@type\":\"Organization\",\"@id\":\"https:\\\/\\\/diarioprincipios.com\\\/#organization\",\"name\":\"Principios\",\"url\":\"https:\\\/\\\/diarioprincipios.com\\\/\",\"logo\":{\"@type\":\"ImageObject\",\"inLanguage\":\"es\",\"@id\":\"https:\\\/\\\/diarioprincipios.com\\\/#\\\/schema\\\/logo\\\/image\\\/\",\"url\":\"https:\\\/\\\/diarioprincipios.com\\\/wp-content\\\/uploads\\\/2024\\\/04\\\/cropped-www.diarioprincipios.com_-1.png\",\"contentUrl\":\"https:\\\/\\\/diarioprincipios.com\\\/wp-content\\\/uploads\\\/2024\\\/04\\\/cropped-www.diarioprincipios.com_-1.png\",\"width\":5325,\"height\":1454,\"caption\":\"Principios\"},\"image\":{\"@id\":\"https:\\\/\\\/diarioprincipios.com\\\/#\\\/schema\\\/logo\\\/image\\\/\"}},{\"@type\":\"Person\",\"@id\":\"https:\\\/\\\/diarioprincipios.com\\\/#\\\/schema\\\/person\\\/436d5a1fd41a5e250e23ff5a6a7cb080\",\"name\":\"Hern\u00e1n L\u00f3pez\",\"image\":{\"@type\":\"ImageObject\",\"inLanguage\":\"es\",\"@id\":\"https:\\\/\\\/diarioprincipios.com\\\/wp-content\\\/litespeed\\\/avatar\\\/11ddfe5610ff3bd100522525b2571f48.jpg?ver=1777048341\",\"url\":\"https:\\\/\\\/diarioprincipios.com\\\/wp-content\\\/litespeed\\\/avatar\\\/11ddfe5610ff3bd100522525b2571f48.jpg?ver=1777048341\",\"contentUrl\":\"https:\\\/\\\/diarioprincipios.com\\\/wp-content\\\/litespeed\\\/avatar\\\/11ddfe5610ff3bd100522525b2571f48.jpg?ver=1777048341\",\"caption\":\"Hern\u00e1n L\u00f3pez\"},\"url\":\"https:\\\/\\\/diarioprincipios.com\\\/index.php\\\/author\\\/hernan\\\/\"}]}<\/script>\n<!-- \/ Yoast SEO plugin. -->","yoast_head_json":{"title":"La Multisectorial Berazategui tendr\u00e1 una fuerte presencia en la Movilizaci\u00f3n al Congreso contra el DNU y la Ley \u00d3mnibus - Principios","robots":{"index":"index","follow":"follow","max-snippet":"max-snippet:-1","max-image-preview":"max-image-preview:large","max-video-preview":"max-video-preview:-1"},"canonical":"https:\/\/diarioprincipios.com\/index.php\/2024\/01\/22\/la-multisectorial-berazategui-tendra-una-fuerte-presencia-en-la-movilizacion-al-congreso-contra-el-dnu-y-la-ley-omnibus\/","og_locale":"es_ES","og_type":"article","og_title":"La Multisectorial Berazategui tendr\u00e1 una fuerte presencia en la Movilizaci\u00f3n al Congreso contra el DNU y la Ley \u00d3mnibus - Principios","og_description":"La Multisectorial con representaci\u00f3n de m\u00e1s de 120 organizaciones pol\u00edticas, sociales, del comercio, industria y gremios entre otros, se concentrar\u00e1 este mi\u00e9rcoles a las 12 horas en N\u00e9stor Kirchner y Av. 14 desde donde marchar\u00e1n a la estaci\u00f3n para viajar en transporte p\u00fablico hasta el Congreso. En un encuentro de la Mesa de la Multisectorial...","og_url":"https:\/\/diarioprincipios.com\/index.php\/2024\/01\/22\/la-multisectorial-berazategui-tendra-una-fuerte-presencia-en-la-movilizacion-al-congreso-contra-el-dnu-y-la-ley-omnibus\/","og_site_name":"Principios","article_published_time":"2024-01-22T15:10:37+00:00","article_modified_time":"2024-01-22T18:25:48+00:00","og_image":[{"width":1079,"height":484,"url":"https:\/\/diarioprincipios.com\/wp-content\/uploads\/2024\/01\/Screenshot_20240122_115120_WhatsApp-1.jpg","type":"image\/jpeg"}],"author":"Hern\u00e1n L\u00f3pez","twitter_card":"summary_large_image","twitter_misc":{"Escrito por":"Hern\u00e1n L\u00f3pez","Tiempo de lectura":"2 minutos"},"schema":{"@context":"https:\/\/schema.org","@graph":[{"@type":"Article","@id":"https:\/\/diarioprincipios.com\/index.php\/2024\/01\/22\/la-multisectorial-berazategui-tendra-una-fuerte-presencia-en-la-movilizacion-al-congreso-contra-el-dnu-y-la-ley-omnibus\/#article","isPartOf":{"@id":"https:\/\/diarioprincipios.com\/index.php\/2024\/01\/22\/la-multisectorial-berazategui-tendra-una-fuerte-presencia-en-la-movilizacion-al-congreso-contra-el-dnu-y-la-ley-omnibus\/"},"author":{"name":"Hern\u00e1n L\u00f3pez","@id":"https:\/\/diarioprincipios.com\/#\/schema\/person\/436d5a1fd41a5e250e23ff5a6a7cb080"},"headline":"La Multisectorial Berazategui tendr\u00e1 una fuerte presencia en la Movilizaci\u00f3n al Congreso contra el DNU y la Ley \u00d3mnibus","datePublished":"2024-01-22T15:10:37+00:00","dateModified":"2024-01-22T18:25:48+00:00","mainEntityOfPage":{"@id":"https:\/\/diarioprincipios.com\/index.php\/2024\/01\/22\/la-multisectorial-berazategui-tendra-una-fuerte-presencia-en-la-movilizacion-al-congreso-contra-el-dnu-y-la-ley-omnibus\/"},"wordCount":282,"commentCount":0,"publisher":{"@id":"https:\/\/diarioprincipios.com\/#organization"},"image":{"@id":"https:\/\/diarioprincipios.com\/index.php\/2024\/01\/22\/la-multisectorial-berazategui-tendra-una-fuerte-presencia-en-la-movilizacion-al-congreso-contra-el-dnu-y-la-ley-omnibus\/#primaryimage"},"thumbnailUrl":"https:\/\/diarioprincipios.com\/wp-content\/uploads\/2024\/01\/Screenshot_20240122_115120_WhatsApp-1.jpg","articleSection":["Berazategui"],"inLanguage":"es","potentialAction":[{"@type":"CommentAction","name":"Comment","target":["https:\/\/diarioprincipios.com\/index.php\/2024\/01\/22\/la-multisectorial-berazategui-tendra-una-fuerte-presencia-en-la-movilizacion-al-congreso-contra-el-dnu-y-la-ley-omnibus\/#respond"]}]},{"@type":"WebPage","@id":"https:\/\/diarioprincipios.com\/index.php\/2024\/01\/22\/la-multisectorial-berazategui-tendra-una-fuerte-presencia-en-la-movilizacion-al-congreso-contra-el-dnu-y-la-ley-omnibus\/","url":"https:\/\/diarioprincipios.com\/index.php\/2024\/01\/22\/la-multisectorial-berazategui-tendra-una-fuerte-presencia-en-la-movilizacion-al-congreso-contra-el-dnu-y-la-ley-omnibus\/","name":"La Multisectorial Berazategui tendr\u00e1 una fuerte presencia en la Movilizaci\u00f3n al Congreso contra el DNU y la Ley \u00d3mnibus - Principios","isPartOf":{"@id":"https:\/\/diarioprincipios.com\/#website"},"primaryImageOfPage":{"@id":"https:\/\/diarioprincipios.com\/index.php\/2024\/01\/22\/la-multisectorial-berazategui-tendra-una-fuerte-presencia-en-la-movilizacion-al-congreso-contra-el-dnu-y-la-ley-omnibus\/#primaryimage"},"image":{"@id":"https:\/\/diarioprincipios.com\/index.php\/2024\/01\/22\/la-multisectorial-berazategui-tendra-una-fuerte-presencia-en-la-movilizacion-al-congreso-contra-el-dnu-y-la-ley-omnibus\/#primaryimage"},"thumbnailUrl":"https:\/\/diarioprincipios.com\/wp-content\/uploads\/2024\/01\/Screenshot_20240122_115120_WhatsApp-1.jpg","datePublished":"2024-01-22T15:10:37+00:00","dateModified":"2024-01-22T18:25:48+00:00","breadcrumb":{"@id":"https:\/\/diarioprincipios.com\/index.php\/2024\/01\/22\/la-multisectorial-berazategui-tendra-una-fuerte-presencia-en-la-movilizacion-al-congreso-contra-el-dnu-y-la-ley-omnibus\/#breadcrumb"},"inLanguage":"es","potentialAction":[{"@type":"ReadAction","target":["https:\/\/diarioprincipios.com\/index.php\/2024\/01\/22\/la-multisectorial-berazategui-tendra-una-fuerte-presencia-en-la-movilizacion-al-congreso-contra-el-dnu-y-la-ley-omnibus\/"]}]},{"@type":"ImageObject","inLanguage":"es","@id":"https:\/\/diarioprincipios.com\/index.php\/2024\/01\/22\/la-multisectorial-berazategui-tendra-una-fuerte-presencia-en-la-movilizacion-al-congreso-contra-el-dnu-y-la-ley-omnibus\/#primaryimage","url":"https:\/\/diarioprincipios.com\/wp-content\/uploads\/2024\/01\/Screenshot_20240122_115120_WhatsApp-1.jpg","contentUrl":"https:\/\/diarioprincipios.com\/wp-content\/uploads\/2024\/01\/Screenshot_20240122_115120_WhatsApp-1.jpg","width":1079,"height":484},{"@type":"BreadcrumbList","@id":"https:\/\/diarioprincipios.com\/index.php\/2024\/01\/22\/la-multisectorial-berazategui-tendra-una-fuerte-presencia-en-la-movilizacion-al-congreso-contra-el-dnu-y-la-ley-omnibus\/#breadcrumb","itemListElement":[{"@type":"ListItem","position":1,"name":"Portada","item":"https:\/\/diarioprincipios.com\/"},{"@type":"ListItem","position":2,"name":"La Multisectorial Berazategui tendr\u00e1 una fuerte presencia en la Movilizaci\u00f3n al Congreso contra el DNU y la Ley \u00d3mnibus"}]},{"@type":"WebSite","@id":"https:\/\/diarioprincipios.com\/#website","url":"https:\/\/diarioprincipios.com\/","name":"Principios","description":"Principios Diario","publisher":{"@id":"https:\/\/diarioprincipios.com\/#organization"},"potentialAction":[{"@type":"SearchAction","target":{"@type":"EntryPoint","urlTemplate":"https:\/\/diarioprincipios.com\/?s={search_term_string}"},"query-input":{"@type":"PropertyValueSpecification","valueRequired":true,"valueName":"search_term_string"}}],"inLanguage":"es"},{"@type":"Organization","@id":"https:\/\/diarioprincipios.com\/#organization","name":"Principios","url":"https:\/\/diarioprincipios.com\/","logo":{"@type":"ImageObject","inLanguage":"es","@id":"https:\/\/diarioprincipios.com\/#\/schema\/logo\/image\/","url":"https:\/\/diarioprincipios.com\/wp-content\/uploads\/2024\/04\/cropped-www.diarioprincipios.com_-1.png","contentUrl":"https:\/\/diarioprincipios.com\/wp-content\/uploads\/2024\/04\/cropped-www.diarioprincipios.com_-1.png","width":5325,"height":1454,"caption":"Principios"},"image":{"@id":"https:\/\/diarioprincipios.com\/#\/schema\/logo\/image\/"}},{"@type":"Person","@id":"https:\/\/diarioprincipios.com\/#\/schema\/person\/436d5a1fd41a5e250e23ff5a6a7cb080","name":"Hern\u00e1n L\u00f3pez","image":{"@type":"ImageObject","inLanguage":"es","@id":"https:\/\/diarioprincipios.com\/wp-content\/litespeed\/avatar\/11ddfe5610ff3bd100522525b2571f48.jpg?ver=1777048341","url":"https:\/\/diarioprincipios.com\/wp-content\/litespeed\/avatar\/11ddfe5610ff3bd100522525b2571f48.jpg?ver=1777048341","contentUrl":"https:\/\/diarioprincipios.com\/wp-content\/litespeed\/avatar\/11ddfe5610ff3bd100522525b2571f48.jpg?ver=1777048341","caption":"Hern\u00e1n L\u00f3pez"},"url":"https:\/\/diarioprincipios.com\/index.php\/author\/hernan\/"}]}},"jetpack_featured_media_url":"https:\/\/diarioprincipios.com\/wp-content\/uploads\/2024\/01\/Screenshot_20240122_115120_WhatsApp-1.jpg","_links":{"self":[{"href":"https:\/\/diarioprincipios.com\/index.php\/wp-json\/wp\/v2\/posts\/20429","targetHints":{"allow":["GET"]}}],"collection":[{"href":"https:\/\/diarioprincipios.com\/index.php\/wp-json\/wp\/v2\/posts"}],"about":[{"href":"https:\/\/diarioprincipios.com\/index.php\/wp-json\/wp\/v2\/types\/post"}],"author":[{"embeddable":true,"href":"https:\/\/diarioprincipios.com\/index.php\/wp-json\/wp\/v2\/users\/2"}],"replies":[{"embeddable":true,"href":"https:\/\/diarioprincipios.com\/index.php\/wp-json\/wp\/v2\/comments?post=20429"}],"version-history":[{"count":3,"href":"https:\/\/diarioprincipios.com\/index.php\/wp-json\/wp\/v2\/posts\/20429\/revisions"}],"predecessor-version":[{"id":20439,"href":"https:\/\/diarioprincipios.com\/index.php\/wp-json\/wp\/v2\/posts\/20429\/revisions\/20439"}],"wp:featuredmedia":[{"embeddable":true,"href":"https:\/\/diarioprincipios.com\/index.php\/wp-json\/wp\/v2\/media\/20431"}],"wp:attachment":[{"href":"https:\/\/diarioprincipios.com\/index.php\/wp-json\/wp\/v2\/media?parent=20429"}],"wp:term":[{"taxonomy":"category","embeddable":true,"href":"https:\/\/diarioprincipios.com\/index.php\/wp-json\/wp\/v2\/categories?post=20429"},{"taxonomy":"post_tag","embeddable":true,"href":"https:\/\/diarioprincipios.com\/index.php\/wp-json\/wp\/v2\/tags?post=20429"}],"curies":[{"name":"wp","href":"https:\/\/api.w.org\/{rel}","templated":true}]}}