{"id":20405,"date":"2024-01-20T20:34:51","date_gmt":"2024-01-20T23:34:51","guid":{"rendered":"http:\/\/diarioprincipios.com\/?p=20405"},"modified":"2024-01-20T20:34:54","modified_gmt":"2024-01-20T23:34:54","slug":"el-centro-de-gestion-sustentable-trabaja-para-cuidar-el-medio-ambiente","status":"publish","type":"post","link":"https:\/\/diarioprincipios.com\/index.php\/2024\/01\/20\/el-centro-de-gestion-sustentable-trabaja-para-cuidar-el-medio-ambiente\/","title":{"rendered":"El Centro de Gesti\u00f3n Sustentable trabaja para cuidar el Medio Ambiente"},"content":{"rendered":"\n<p><strong>La Municipalidad de Berazategui recuerda a los vecinos y vecinas que los residuos voluminosos como ramas, escombros, tierra, muebles, chatarra y\/o aparatos electr\u00f3nicos se pueden acercar al Centro Municipal de Gesti\u00f3n Sustentable (CGS) en Av. Padre Mugica (33) y 162 (Pl\u00e1tanos Norte). All\u00ed recibir\u00e1n un tratamiento adecuado para poder ser reciclados. De esta manera, todos pueden colaborar por un Berazategui m\u00e1s lindo y limpio para un mayor disfrute de la comunidad.<\/strong><\/p>\n\n\n\n<figure class=\"wp-block-image size-large\"><img loading=\"lazy\" decoding=\"async\" width=\"1024\" height=\"682\" src=\"https:\/\/diarioprincipios.com\/wp-content\/uploads\/2024\/01\/EL-CENTRO-DE-GESTION-SUSTENTABLE-TRABAJA-PARA-CUIDAR-EL-MEDIO-AMBIENTE-2-1024x682.jpg\" alt=\"\" class=\"wp-image-20406\" srcset=\"https:\/\/diarioprincipios.com\/wp-content\/uploads\/2024\/01\/EL-CENTRO-DE-GESTION-SUSTENTABLE-TRABAJA-PARA-CUIDAR-EL-MEDIO-AMBIENTE-2-1024x682.jpg 1024w, https:\/\/diarioprincipios.com\/wp-content\/uploads\/2024\/01\/EL-CENTRO-DE-GESTION-SUSTENTABLE-TRABAJA-PARA-CUIDAR-EL-MEDIO-AMBIENTE-2-300x200.jpg 300w, https:\/\/diarioprincipios.com\/wp-content\/uploads\/2024\/01\/EL-CENTRO-DE-GESTION-SUSTENTABLE-TRABAJA-PARA-CUIDAR-EL-MEDIO-AMBIENTE-2-768x511.jpg 768w, https:\/\/diarioprincipios.com\/wp-content\/uploads\/2024\/01\/EL-CENTRO-DE-GESTION-SUSTENTABLE-TRABAJA-PARA-CUIDAR-EL-MEDIO-AMBIENTE-2.jpg 1280w\" sizes=\"auto, (max-width: 1024px) 100vw, 1024px\" \/><\/figure>\n\n\n\n<p><br>A trav\u00e9s de este espacio, la Municipalidad \u2013a cargo del Dr. Juan Jos\u00e9 Mussi- se encarga de darle un tratamiento adecuado a cada uno de esos elementos y objetos, sac\u00e1ndolos del espacio p\u00fablico y recicl\u00e1ndolos. De esta manera, se contribuye a disminuir la cantidad de basura que se lleva a CEAMSE; y tambi\u00e9n, a eliminar los puntos de arrojo que se generan en distintas zonas del partido.<\/p>\n\n\n\n<figure class=\"wp-block-image size-large\"><img loading=\"lazy\" decoding=\"async\" width=\"1024\" height=\"682\" src=\"https:\/\/diarioprincipios.com\/wp-content\/uploads\/2024\/01\/EL-CENTRO-DE-GESTION-SUSTENTABLE-TRABAJA-PARA-CUIDAR-EL-MEDIO-AMBIENTE-1-1024x682.jpg\" alt=\"\" class=\"wp-image-20407\" srcset=\"https:\/\/diarioprincipios.com\/wp-content\/uploads\/2024\/01\/EL-CENTRO-DE-GESTION-SUSTENTABLE-TRABAJA-PARA-CUIDAR-EL-MEDIO-AMBIENTE-1-1024x682.jpg 1024w, https:\/\/diarioprincipios.com\/wp-content\/uploads\/2024\/01\/EL-CENTRO-DE-GESTION-SUSTENTABLE-TRABAJA-PARA-CUIDAR-EL-MEDIO-AMBIENTE-1-300x200.jpg 300w, https:\/\/diarioprincipios.com\/wp-content\/uploads\/2024\/01\/EL-CENTRO-DE-GESTION-SUSTENTABLE-TRABAJA-PARA-CUIDAR-EL-MEDIO-AMBIENTE-1-768x512.jpg 768w, https:\/\/diarioprincipios.com\/wp-content\/uploads\/2024\/01\/EL-CENTRO-DE-GESTION-SUSTENTABLE-TRABAJA-PARA-CUIDAR-EL-MEDIO-AMBIENTE-1.jpg 1280w\" sizes=\"auto, (max-width: 1024px) 100vw, 1024px\" \/><\/figure>\n\n\n\n<p><br>El CGS recibe los desechos que no son basura convencional -como los ya mencionados-, para su posterior reciclaje, de lunes a viernes de 6.00 a 16.00 y s\u00e1bados de 8.00 a 13.00.\u00a0<\/p>\n","protected":false},"excerpt":{"rendered":"<p>La Municipalidad de Berazategui recuerda a los vecinos y vecinas que los residuos voluminosos como ramas, escombros, tierra, muebles, chatarra y\/o aparatos electr\u00f3nicos se pueden acercar al Centro Municipal de Gesti\u00f3n Sustentable (CGS) en Av. Padre Mugica (33) y 162 (Pl\u00e1tanos Norte). All\u00ed recibir\u00e1n un tratamiento adecuado para poder ser reciclados. De esta manera, todos&#8230;<\/p>\n","protected":false},"author":2,"featured_media":20408,"comment_status":"open","ping_status":"open","sticky":false,"template":"","format":"standard","meta":{"footnotes":""},"categories":[3],"tags":[],"class_list":["post-20405","post","type-post","status-publish","format-standard","has-post-thumbnail","hentry","category-berazategui"],"featured_image_src":"https:\/\/diarioprincipios.com\/wp-content\/uploads\/2024\/01\/EL-CENTRO-DE-GESTION-SUSTENTABLE-TRABAJA-PARA-CUIDAR-EL-MEDIO-AMBIENTE-3-1024x682.jpg","blog_images":{"medium":"https:\/\/diarioprincipios.com\/wp-content\/uploads\/2024\/01\/EL-CENTRO-DE-GESTION-SUSTENTABLE-TRABAJA-PARA-CUIDAR-EL-MEDIO-AMBIENTE-3-300x200.jpg","large":"https:\/\/diarioprincipios.com\/wp-content\/uploads\/2024\/01\/EL-CENTRO-DE-GESTION-SUSTENTABLE-TRABAJA-PARA-CUIDAR-EL-MEDIO-AMBIENTE-3-1024x682.jpg"},"ams_acf":[],"yoast_head":"<!-- This site is optimized with the Yoast SEO plugin v27.3 - https:\/\/yoast.com\/product\/yoast-seo-wordpress\/ -->\n<title>El Centro de Gesti\u00f3n Sustentable trabaja para cuidar el Medio Ambiente - Principios<\/title>\n<meta name=\"robots\" content=\"index, follow, max-snippet:-1, max-image-preview:large, max-video-preview:-1\" \/>\n<link rel=\"canonical\" href=\"https:\/\/diarioprincipios.com\/index.php\/2024\/01\/20\/el-centro-de-gestion-sustentable-trabaja-para-cuidar-el-medio-ambiente\/\" \/>\n<meta property=\"og:locale\" content=\"es_ES\" \/>\n<meta property=\"og:type\" content=\"article\" \/>\n<meta property=\"og:title\" content=\"El Centro de Gesti\u00f3n Sustentable trabaja para cuidar el Medio Ambiente - Principios\" \/>\n<meta property=\"og:description\" content=\"La Municipalidad de Berazategui recuerda a los vecinos y vecinas que los residuos voluminosos como ramas, escombros, tierra, muebles, chatarra y\/o aparatos electr\u00f3nicos se pueden acercar al Centro Municipal de Gesti\u00f3n Sustentable (CGS) en Av. Padre Mugica (33) y 162 (Pl\u00e1tanos Norte). All\u00ed recibir\u00e1n un tratamiento adecuado para poder ser reciclados. De esta manera, todos...\" \/>\n<meta property=\"og:url\" content=\"https:\/\/diarioprincipios.com\/index.php\/2024\/01\/20\/el-centro-de-gestion-sustentable-trabaja-para-cuidar-el-medio-ambiente\/\" \/>\n<meta property=\"og:site_name\" content=\"Principios\" \/>\n<meta property=\"article:published_time\" content=\"2024-01-20T23:34:51+00:00\" \/>\n<meta property=\"article:modified_time\" content=\"2024-01-20T23:34:54+00:00\" \/>\n<meta property=\"og:image\" content=\"https:\/\/diarioprincipios.com\/wp-content\/uploads\/2024\/01\/EL-CENTRO-DE-GESTION-SUSTENTABLE-TRABAJA-PARA-CUIDAR-EL-MEDIO-AMBIENTE-3.jpg\" \/>\n\t<meta property=\"og:image:width\" content=\"1280\" \/>\n\t<meta property=\"og:image:height\" content=\"853\" \/>\n\t<meta property=\"og:image:type\" content=\"image\/jpeg\" \/>\n<meta name=\"author\" content=\"Hern\u00e1n L\u00f3pez\" \/>\n<meta name=\"twitter:card\" content=\"summary_large_image\" \/>\n<meta name=\"twitter:label1\" content=\"Escrito por\" \/>\n\t<meta name=\"twitter:data1\" content=\"Hern\u00e1n L\u00f3pez\" \/>\n\t<meta name=\"twitter:label2\" content=\"Tiempo de lectura\" \/>\n\t<meta name=\"twitter:data2\" content=\"2 minutos\" \/>\n<script type=\"application\/ld+json\" class=\"yoast-schema-graph\">{\"@context\":\"https:\\\/\\\/schema.org\",\"@graph\":[{\"@type\":\"Article\",\"@id\":\"https:\\\/\\\/diarioprincipios.com\\\/index.php\\\/2024\\\/01\\\/20\\\/el-centro-de-gestion-sustentable-trabaja-para-cuidar-el-medio-ambiente\\\/#article\",\"isPartOf\":{\"@id\":\"https:\\\/\\\/diarioprincipios.com\\\/index.php\\\/2024\\\/01\\\/20\\\/el-centro-de-gestion-sustentable-trabaja-para-cuidar-el-medio-ambiente\\\/\"},\"author\":{\"name\":\"Hern\u00e1n L\u00f3pez\",\"@id\":\"https:\\\/\\\/diarioprincipios.com\\\/#\\\/schema\\\/person\\\/436d5a1fd41a5e250e23ff5a6a7cb080\"},\"headline\":\"El Centro de Gesti\u00f3n Sustentable trabaja para cuidar el Medio Ambiente\",\"datePublished\":\"2024-01-20T23:34:51+00:00\",\"dateModified\":\"2024-01-20T23:34:54+00:00\",\"mainEntityOfPage\":{\"@id\":\"https:\\\/\\\/diarioprincipios.com\\\/index.php\\\/2024\\\/01\\\/20\\\/el-centro-de-gestion-sustentable-trabaja-para-cuidar-el-medio-ambiente\\\/\"},\"wordCount\":188,\"commentCount\":0,\"publisher\":{\"@id\":\"https:\\\/\\\/diarioprincipios.com\\\/#organization\"},\"image\":{\"@id\":\"https:\\\/\\\/diarioprincipios.com\\\/index.php\\\/2024\\\/01\\\/20\\\/el-centro-de-gestion-sustentable-trabaja-para-cuidar-el-medio-ambiente\\\/#primaryimage\"},\"thumbnailUrl\":\"https:\\\/\\\/diarioprincipios.com\\\/wp-content\\\/uploads\\\/2024\\\/01\\\/EL-CENTRO-DE-GESTION-SUSTENTABLE-TRABAJA-PARA-CUIDAR-EL-MEDIO-AMBIENTE-3.jpg\",\"articleSection\":[\"Berazategui\"],\"inLanguage\":\"es\",\"potentialAction\":[{\"@type\":\"CommentAction\",\"name\":\"Comment\",\"target\":[\"https:\\\/\\\/diarioprincipios.com\\\/index.php\\\/2024\\\/01\\\/20\\\/el-centro-de-gestion-sustentable-trabaja-para-cuidar-el-medio-ambiente\\\/#respond\"]}]},{\"@type\":\"WebPage\",\"@id\":\"https:\\\/\\\/diarioprincipios.com\\\/index.php\\\/2024\\\/01\\\/20\\\/el-centro-de-gestion-sustentable-trabaja-para-cuidar-el-medio-ambiente\\\/\",\"url\":\"https:\\\/\\\/diarioprincipios.com\\\/index.php\\\/2024\\\/01\\\/20\\\/el-centro-de-gestion-sustentable-trabaja-para-cuidar-el-medio-ambiente\\\/\",\"name\":\"El Centro de Gesti\u00f3n Sustentable trabaja para cuidar el Medio Ambiente - Principios\",\"isPartOf\":{\"@id\":\"https:\\\/\\\/diarioprincipios.com\\\/#website\"},\"primaryImageOfPage\":{\"@id\":\"https:\\\/\\\/diarioprincipios.com\\\/index.php\\\/2024\\\/01\\\/20\\\/el-centro-de-gestion-sustentable-trabaja-para-cuidar-el-medio-ambiente\\\/#primaryimage\"},\"image\":{\"@id\":\"https:\\\/\\\/diarioprincipios.com\\\/index.php\\\/2024\\\/01\\\/20\\\/el-centro-de-gestion-sustentable-trabaja-para-cuidar-el-medio-ambiente\\\/#primaryimage\"},\"thumbnailUrl\":\"https:\\\/\\\/diarioprincipios.com\\\/wp-content\\\/uploads\\\/2024\\\/01\\\/EL-CENTRO-DE-GESTION-SUSTENTABLE-TRABAJA-PARA-CUIDAR-EL-MEDIO-AMBIENTE-3.jpg\",\"datePublished\":\"2024-01-20T23:34:51+00:00\",\"dateModified\":\"2024-01-20T23:34:54+00:00\",\"breadcrumb\":{\"@id\":\"https:\\\/\\\/diarioprincipios.com\\\/index.php\\\/2024\\\/01\\\/20\\\/el-centro-de-gestion-sustentable-trabaja-para-cuidar-el-medio-ambiente\\\/#breadcrumb\"},\"inLanguage\":\"es\",\"potentialAction\":[{\"@type\":\"ReadAction\",\"target\":[\"https:\\\/\\\/diarioprincipios.com\\\/index.php\\\/2024\\\/01\\\/20\\\/el-centro-de-gestion-sustentable-trabaja-para-cuidar-el-medio-ambiente\\\/\"]}]},{\"@type\":\"ImageObject\",\"inLanguage\":\"es\",\"@id\":\"https:\\\/\\\/diarioprincipios.com\\\/index.php\\\/2024\\\/01\\\/20\\\/el-centro-de-gestion-sustentable-trabaja-para-cuidar-el-medio-ambiente\\\/#primaryimage\",\"url\":\"https:\\\/\\\/diarioprincipios.com\\\/wp-content\\\/uploads\\\/2024\\\/01\\\/EL-CENTRO-DE-GESTION-SUSTENTABLE-TRABAJA-PARA-CUIDAR-EL-MEDIO-AMBIENTE-3.jpg\",\"contentUrl\":\"https:\\\/\\\/diarioprincipios.com\\\/wp-content\\\/uploads\\\/2024\\\/01\\\/EL-CENTRO-DE-GESTION-SUSTENTABLE-TRABAJA-PARA-CUIDAR-EL-MEDIO-AMBIENTE-3.jpg\",\"width\":1280,\"height\":853},{\"@type\":\"BreadcrumbList\",\"@id\":\"https:\\\/\\\/diarioprincipios.com\\\/index.php\\\/2024\\\/01\\\/20\\\/el-centro-de-gestion-sustentable-trabaja-para-cuidar-el-medio-ambiente\\\/#breadcrumb\",\"itemListElement\":[{\"@type\":\"ListItem\",\"position\":1,\"name\":\"Portada\",\"item\":\"https:\\\/\\\/diarioprincipios.com\\\/\"},{\"@type\":\"ListItem\",\"position\":2,\"name\":\"El Centro de Gesti\u00f3n Sustentable trabaja para cuidar el Medio Ambiente\"}]},{\"@type\":\"WebSite\",\"@id\":\"https:\\\/\\\/diarioprincipios.com\\\/#website\",\"url\":\"https:\\\/\\\/diarioprincipios.com\\\/\",\"name\":\"Principios\",\"description\":\"Principios Diario\",\"publisher\":{\"@id\":\"https:\\\/\\\/diarioprincipios.com\\\/#organization\"},\"potentialAction\":[{\"@type\":\"SearchAction\",\"target\":{\"@type\":\"EntryPoint\",\"urlTemplate\":\"https:\\\/\\\/diarioprincipios.com\\\/?s={search_term_string}\"},\"query-input\":{\"@type\":\"PropertyValueSpecification\",\"valueRequired\":true,\"valueName\":\"search_term_string\"}}],\"inLanguage\":\"es\"},{\"@type\":\"Organization\",\"@id\":\"https:\\\/\\\/diarioprincipios.com\\\/#organization\",\"name\":\"Principios\",\"url\":\"https:\\\/\\\/diarioprincipios.com\\\/\",\"logo\":{\"@type\":\"ImageObject\",\"inLanguage\":\"es\",\"@id\":\"https:\\\/\\\/diarioprincipios.com\\\/#\\\/schema\\\/logo\\\/image\\\/\",\"url\":\"https:\\\/\\\/diarioprincipios.com\\\/wp-content\\\/uploads\\\/2024\\\/04\\\/cropped-www.diarioprincipios.com_-1.png\",\"contentUrl\":\"https:\\\/\\\/diarioprincipios.com\\\/wp-content\\\/uploads\\\/2024\\\/04\\\/cropped-www.diarioprincipios.com_-1.png\",\"width\":5325,\"height\":1454,\"caption\":\"Principios\"},\"image\":{\"@id\":\"https:\\\/\\\/diarioprincipios.com\\\/#\\\/schema\\\/logo\\\/image\\\/\"}},{\"@type\":\"Person\",\"@id\":\"https:\\\/\\\/diarioprincipios.com\\\/#\\\/schema\\\/person\\\/436d5a1fd41a5e250e23ff5a6a7cb080\",\"name\":\"Hern\u00e1n L\u00f3pez\",\"image\":{\"@type\":\"ImageObject\",\"inLanguage\":\"es\",\"@id\":\"https:\\\/\\\/diarioprincipios.com\\\/wp-content\\\/litespeed\\\/avatar\\\/11ddfe5610ff3bd100522525b2571f48.jpg?ver=1777048341\",\"url\":\"https:\\\/\\\/diarioprincipios.com\\\/wp-content\\\/litespeed\\\/avatar\\\/11ddfe5610ff3bd100522525b2571f48.jpg?ver=1777048341\",\"contentUrl\":\"https:\\\/\\\/diarioprincipios.com\\\/wp-content\\\/litespeed\\\/avatar\\\/11ddfe5610ff3bd100522525b2571f48.jpg?ver=1777048341\",\"caption\":\"Hern\u00e1n L\u00f3pez\"},\"url\":\"https:\\\/\\\/diarioprincipios.com\\\/index.php\\\/author\\\/hernan\\\/\"}]}<\/script>\n<!-- \/ Yoast SEO plugin. -->","yoast_head_json":{"title":"El Centro de Gesti\u00f3n Sustentable trabaja para cuidar el Medio Ambiente - Principios","robots":{"index":"index","follow":"follow","max-snippet":"max-snippet:-1","max-image-preview":"max-image-preview:large","max-video-preview":"max-video-preview:-1"},"canonical":"https:\/\/diarioprincipios.com\/index.php\/2024\/01\/20\/el-centro-de-gestion-sustentable-trabaja-para-cuidar-el-medio-ambiente\/","og_locale":"es_ES","og_type":"article","og_title":"El Centro de Gesti\u00f3n Sustentable trabaja para cuidar el Medio Ambiente - Principios","og_description":"La Municipalidad de Berazategui recuerda a los vecinos y vecinas que los residuos voluminosos como ramas, escombros, tierra, muebles, chatarra y\/o aparatos electr\u00f3nicos se pueden acercar al Centro Municipal de Gesti\u00f3n Sustentable (CGS) en Av. Padre Mugica (33) y 162 (Pl\u00e1tanos Norte). All\u00ed recibir\u00e1n un tratamiento adecuado para poder ser reciclados. De esta manera, todos...","og_url":"https:\/\/diarioprincipios.com\/index.php\/2024\/01\/20\/el-centro-de-gestion-sustentable-trabaja-para-cuidar-el-medio-ambiente\/","og_site_name":"Principios","article_published_time":"2024-01-20T23:34:51+00:00","article_modified_time":"2024-01-20T23:34:54+00:00","og_image":[{"width":1280,"height":853,"url":"https:\/\/diarioprincipios.com\/wp-content\/uploads\/2024\/01\/EL-CENTRO-DE-GESTION-SUSTENTABLE-TRABAJA-PARA-CUIDAR-EL-MEDIO-AMBIENTE-3.jpg","type":"image\/jpeg"}],"author":"Hern\u00e1n L\u00f3pez","twitter_card":"summary_large_image","twitter_misc":{"Escrito por":"Hern\u00e1n L\u00f3pez","Tiempo de lectura":"2 minutos"},"schema":{"@context":"https:\/\/schema.org","@graph":[{"@type":"Article","@id":"https:\/\/diarioprincipios.com\/index.php\/2024\/01\/20\/el-centro-de-gestion-sustentable-trabaja-para-cuidar-el-medio-ambiente\/#article","isPartOf":{"@id":"https:\/\/diarioprincipios.com\/index.php\/2024\/01\/20\/el-centro-de-gestion-sustentable-trabaja-para-cuidar-el-medio-ambiente\/"},"author":{"name":"Hern\u00e1n L\u00f3pez","@id":"https:\/\/diarioprincipios.com\/#\/schema\/person\/436d5a1fd41a5e250e23ff5a6a7cb080"},"headline":"El Centro de Gesti\u00f3n Sustentable trabaja para cuidar el Medio Ambiente","datePublished":"2024-01-20T23:34:51+00:00","dateModified":"2024-01-20T23:34:54+00:00","mainEntityOfPage":{"@id":"https:\/\/diarioprincipios.com\/index.php\/2024\/01\/20\/el-centro-de-gestion-sustentable-trabaja-para-cuidar-el-medio-ambiente\/"},"wordCount":188,"commentCount":0,"publisher":{"@id":"https:\/\/diarioprincipios.com\/#organization"},"image":{"@id":"https:\/\/diarioprincipios.com\/index.php\/2024\/01\/20\/el-centro-de-gestion-sustentable-trabaja-para-cuidar-el-medio-ambiente\/#primaryimage"},"thumbnailUrl":"https:\/\/diarioprincipios.com\/wp-content\/uploads\/2024\/01\/EL-CENTRO-DE-GESTION-SUSTENTABLE-TRABAJA-PARA-CUIDAR-EL-MEDIO-AMBIENTE-3.jpg","articleSection":["Berazategui"],"inLanguage":"es","potentialAction":[{"@type":"CommentAction","name":"Comment","target":["https:\/\/diarioprincipios.com\/index.php\/2024\/01\/20\/el-centro-de-gestion-sustentable-trabaja-para-cuidar-el-medio-ambiente\/#respond"]}]},{"@type":"WebPage","@id":"https:\/\/diarioprincipios.com\/index.php\/2024\/01\/20\/el-centro-de-gestion-sustentable-trabaja-para-cuidar-el-medio-ambiente\/","url":"https:\/\/diarioprincipios.com\/index.php\/2024\/01\/20\/el-centro-de-gestion-sustentable-trabaja-para-cuidar-el-medio-ambiente\/","name":"El Centro de Gesti\u00f3n Sustentable trabaja para cuidar el Medio Ambiente - Principios","isPartOf":{"@id":"https:\/\/diarioprincipios.com\/#website"},"primaryImageOfPage":{"@id":"https:\/\/diarioprincipios.com\/index.php\/2024\/01\/20\/el-centro-de-gestion-sustentable-trabaja-para-cuidar-el-medio-ambiente\/#primaryimage"},"image":{"@id":"https:\/\/diarioprincipios.com\/index.php\/2024\/01\/20\/el-centro-de-gestion-sustentable-trabaja-para-cuidar-el-medio-ambiente\/#primaryimage"},"thumbnailUrl":"https:\/\/diarioprincipios.com\/wp-content\/uploads\/2024\/01\/EL-CENTRO-DE-GESTION-SUSTENTABLE-TRABAJA-PARA-CUIDAR-EL-MEDIO-AMBIENTE-3.jpg","datePublished":"2024-01-20T23:34:51+00:00","dateModified":"2024-01-20T23:34:54+00:00","breadcrumb":{"@id":"https:\/\/diarioprincipios.com\/index.php\/2024\/01\/20\/el-centro-de-gestion-sustentable-trabaja-para-cuidar-el-medio-ambiente\/#breadcrumb"},"inLanguage":"es","potentialAction":[{"@type":"ReadAction","target":["https:\/\/diarioprincipios.com\/index.php\/2024\/01\/20\/el-centro-de-gestion-sustentable-trabaja-para-cuidar-el-medio-ambiente\/"]}]},{"@type":"ImageObject","inLanguage":"es","@id":"https:\/\/diarioprincipios.com\/index.php\/2024\/01\/20\/el-centro-de-gestion-sustentable-trabaja-para-cuidar-el-medio-ambiente\/#primaryimage","url":"https:\/\/diarioprincipios.com\/wp-content\/uploads\/2024\/01\/EL-CENTRO-DE-GESTION-SUSTENTABLE-TRABAJA-PARA-CUIDAR-EL-MEDIO-AMBIENTE-3.jpg","contentUrl":"https:\/\/diarioprincipios.com\/wp-content\/uploads\/2024\/01\/EL-CENTRO-DE-GESTION-SUSTENTABLE-TRABAJA-PARA-CUIDAR-EL-MEDIO-AMBIENTE-3.jpg","width":1280,"height":853},{"@type":"BreadcrumbList","@id":"https:\/\/diarioprincipios.com\/index.php\/2024\/01\/20\/el-centro-de-gestion-sustentable-trabaja-para-cuidar-el-medio-ambiente\/#breadcrumb","itemListElement":[{"@type":"ListItem","position":1,"name":"Portada","item":"https:\/\/diarioprincipios.com\/"},{"@type":"ListItem","position":2,"name":"El Centro de Gesti\u00f3n Sustentable trabaja para cuidar el Medio Ambiente"}]},{"@type":"WebSite","@id":"https:\/\/diarioprincipios.com\/#website","url":"https:\/\/diarioprincipios.com\/","name":"Principios","description":"Principios Diario","publisher":{"@id":"https:\/\/diarioprincipios.com\/#organization"},"potentialAction":[{"@type":"SearchAction","target":{"@type":"EntryPoint","urlTemplate":"https:\/\/diarioprincipios.com\/?s={search_term_string}"},"query-input":{"@type":"PropertyValueSpecification","valueRequired":true,"valueName":"search_term_string"}}],"inLanguage":"es"},{"@type":"Organization","@id":"https:\/\/diarioprincipios.com\/#organization","name":"Principios","url":"https:\/\/diarioprincipios.com\/","logo":{"@type":"ImageObject","inLanguage":"es","@id":"https:\/\/diarioprincipios.com\/#\/schema\/logo\/image\/","url":"https:\/\/diarioprincipios.com\/wp-content\/uploads\/2024\/04\/cropped-www.diarioprincipios.com_-1.png","contentUrl":"https:\/\/diarioprincipios.com\/wp-content\/uploads\/2024\/04\/cropped-www.diarioprincipios.com_-1.png","width":5325,"height":1454,"caption":"Principios"},"image":{"@id":"https:\/\/diarioprincipios.com\/#\/schema\/logo\/image\/"}},{"@type":"Person","@id":"https:\/\/diarioprincipios.com\/#\/schema\/person\/436d5a1fd41a5e250e23ff5a6a7cb080","name":"Hern\u00e1n L\u00f3pez","image":{"@type":"ImageObject","inLanguage":"es","@id":"https:\/\/diarioprincipios.com\/wp-content\/litespeed\/avatar\/11ddfe5610ff3bd100522525b2571f48.jpg?ver=1777048341","url":"https:\/\/diarioprincipios.com\/wp-content\/litespeed\/avatar\/11ddfe5610ff3bd100522525b2571f48.jpg?ver=1777048341","contentUrl":"https:\/\/diarioprincipios.com\/wp-content\/litespeed\/avatar\/11ddfe5610ff3bd100522525b2571f48.jpg?ver=1777048341","caption":"Hern\u00e1n L\u00f3pez"},"url":"https:\/\/diarioprincipios.com\/index.php\/author\/hernan\/"}]}},"jetpack_featured_media_url":"https:\/\/diarioprincipios.com\/wp-content\/uploads\/2024\/01\/EL-CENTRO-DE-GESTION-SUSTENTABLE-TRABAJA-PARA-CUIDAR-EL-MEDIO-AMBIENTE-3.jpg","_links":{"self":[{"href":"https:\/\/diarioprincipios.com\/index.php\/wp-json\/wp\/v2\/posts\/20405","targetHints":{"allow":["GET"]}}],"collection":[{"href":"https:\/\/diarioprincipios.com\/index.php\/wp-json\/wp\/v2\/posts"}],"about":[{"href":"https:\/\/diarioprincipios.com\/index.php\/wp-json\/wp\/v2\/types\/post"}],"author":[{"embeddable":true,"href":"https:\/\/diarioprincipios.com\/index.php\/wp-json\/wp\/v2\/users\/2"}],"replies":[{"embeddable":true,"href":"https:\/\/diarioprincipios.com\/index.php\/wp-json\/wp\/v2\/comments?post=20405"}],"version-history":[{"count":1,"href":"https:\/\/diarioprincipios.com\/index.php\/wp-json\/wp\/v2\/posts\/20405\/revisions"}],"predecessor-version":[{"id":20409,"href":"https:\/\/diarioprincipios.com\/index.php\/wp-json\/wp\/v2\/posts\/20405\/revisions\/20409"}],"wp:featuredmedia":[{"embeddable":true,"href":"https:\/\/diarioprincipios.com\/index.php\/wp-json\/wp\/v2\/media\/20408"}],"wp:attachment":[{"href":"https:\/\/diarioprincipios.com\/index.php\/wp-json\/wp\/v2\/media?parent=20405"}],"wp:term":[{"taxonomy":"category","embeddable":true,"href":"https:\/\/diarioprincipios.com\/index.php\/wp-json\/wp\/v2\/categories?post=20405"},{"taxonomy":"post_tag","embeddable":true,"href":"https:\/\/diarioprincipios.com\/index.php\/wp-json\/wp\/v2\/tags?post=20405"}],"curies":[{"name":"wp","href":"https:\/\/api.w.org\/{rel}","templated":true}]}}