{"id":20398,"date":"2024-01-19T15:00:41","date_gmt":"2024-01-19T18:00:41","guid":{"rendered":"http:\/\/diarioprincipios.com\/?p=20398"},"modified":"2024-01-19T15:00:44","modified_gmt":"2024-01-19T18:00:44","slug":"solicitan-reforzar-la-vacunacion-contra-el-covid-19","status":"publish","type":"post","link":"https:\/\/diarioprincipios.com\/index.php\/2024\/01\/19\/solicitan-reforzar-la-vacunacion-contra-el-covid-19\/","title":{"rendered":"Solicitan reforzar la vacunaci\u00f3n contra el Covid-19"},"content":{"rendered":"\n<p><strong>Desde la Municipalidad de Berazategui se solicita a los vecinos que contin\u00faen aplic\u00e1ndose las vacunas de refuerzo contra el COVID-19, para mantener una protecci\u00f3n adecuada a fin de prevenir complicaciones, hospitalizaciones y fallecimientos por esta enfermedad.<\/strong><br>El esquema de vacunaci\u00f3n de cada grupo etario es el siguiente:<br>-Personas menores de 50 a\u00f1os con enfermedades cr\u00f3nicas u obesidad y personal de salud: Refuerzo a los 6 meses y, luego, un refuerzo cada a\u00f1o.<br>-Personas menores de 50 a\u00f1os sin enfermedades de base: un refuerzo cada a\u00f1o.<br>-Personas mayores de 50 a\u00f1os, gestantes o inmunocomprometidas: Refuerzos cada 6 meses (para quienes hayan recibido Sinopharm o tengan enfermedades con inmunocompromiso, el esquema primario es de tres dosis).<\/p>\n\n\n\n<figure class=\"wp-block-image size-large\"><img loading=\"lazy\" decoding=\"async\" width=\"1024\" height=\"683\" src=\"https:\/\/diarioprincipios.com\/wp-content\/uploads\/2024\/01\/SOLICITAN-REFORZAR-LA-VACUNACION-CONTRA-EL-COVID-19-2-1024x683.jpg\" alt=\"\" class=\"wp-image-20399\" srcset=\"https:\/\/diarioprincipios.com\/wp-content\/uploads\/2024\/01\/SOLICITAN-REFORZAR-LA-VACUNACION-CONTRA-EL-COVID-19-2-1024x683.jpg 1024w, https:\/\/diarioprincipios.com\/wp-content\/uploads\/2024\/01\/SOLICITAN-REFORZAR-LA-VACUNACION-CONTRA-EL-COVID-19-2-300x200.jpg 300w, https:\/\/diarioprincipios.com\/wp-content\/uploads\/2024\/01\/SOLICITAN-REFORZAR-LA-VACUNACION-CONTRA-EL-COVID-19-2-768x512.jpg 768w, https:\/\/diarioprincipios.com\/wp-content\/uploads\/2024\/01\/SOLICITAN-REFORZAR-LA-VACUNACION-CONTRA-EL-COVID-19-2-1536x1024.jpg 1536w, https:\/\/diarioprincipios.com\/wp-content\/uploads\/2024\/01\/SOLICITAN-REFORZAR-LA-VACUNACION-CONTRA-EL-COVID-19-2.jpg 1920w\" sizes=\"auto, (max-width: 1024px) 100vw, 1024px\" \/><\/figure>\n\n\n\n<p><br>En este sentido, con el objetivo de acercarle el servicio a la mayor cantidad de poblaci\u00f3n, la Municipalidad de Berazategui cuenta con tres Vacunatorios y una Posta fija en diferentes puntos del distrito:<br>Lunes a viernes de 8.00 a 16.00:<br>&#8211; CAPS N\u00b0 1 \u201cDr. Javier S\u00e1batto\u201d (Av. 14 e\/ 131 y 132, Berazategui Oeste).- CAPS N\u00b0 11 (calle 517 y 611, Ruta 36 km 38,5, El Pato).- Vacunatorio Mujeres de Malvinas (calle 52 B e\/ 134 y 135 A, Hudson).<br>Lunes, martes, jueves y viernes de 10.00 a 14.00 y s\u00e1bados de 10.00 a 13.00:<br>&#8211; Posta fija de Av. 14 y 147.<br>El \u00fanico requisito es asistir con DNI, libreta sanitaria y\/o certificado de vacunaci\u00f3n COVID-19 (este \u00faltimo en caso de ya tener alguna dosis aplicada).<br>Se puede consultar m\u00e1s informaci\u00f3n en\u00a0<a href=\"http:\/\/berazategui.gob.ar\/salud\" target=\"_blank\" rel=\"noreferrer noopener\">berazategui.gob.ar\/salud<\/a>.<\/p>\n","protected":false},"excerpt":{"rendered":"<p>Desde la Municipalidad de Berazategui se solicita a los vecinos que contin\u00faen aplic\u00e1ndose las vacunas de refuerzo contra el COVID-19, para mantener una protecci\u00f3n adecuada a fin de prevenir complicaciones, hospitalizaciones y fallecimientos por esta enfermedad.El esquema de vacunaci\u00f3n de cada grupo etario es el siguiente:-Personas menores de 50 a\u00f1os con enfermedades cr\u00f3nicas u obesidad&#8230;<\/p>\n","protected":false},"author":2,"featured_media":20400,"comment_status":"open","ping_status":"open","sticky":false,"template":"","format":"standard","meta":{"footnotes":""},"categories":[3],"tags":[],"class_list":["post-20398","post","type-post","status-publish","format-standard","has-post-thumbnail","hentry","category-berazategui"],"featured_image_src":"https:\/\/diarioprincipios.com\/wp-content\/uploads\/2024\/01\/SOLICITAN-REFORZAR-LA-VACUNACION-CONTRA-EL-COVID-19-1024x683.jpg","blog_images":{"medium":"https:\/\/diarioprincipios.com\/wp-content\/uploads\/2024\/01\/SOLICITAN-REFORZAR-LA-VACUNACION-CONTRA-EL-COVID-19-300x200.jpg","large":"https:\/\/diarioprincipios.com\/wp-content\/uploads\/2024\/01\/SOLICITAN-REFORZAR-LA-VACUNACION-CONTRA-EL-COVID-19-1024x683.jpg"},"ams_acf":[],"yoast_head":"<!-- This site is optimized with the Yoast SEO plugin v27.3 - https:\/\/yoast.com\/product\/yoast-seo-wordpress\/ -->\n<title>Solicitan reforzar la vacunaci\u00f3n contra el Covid-19 - Principios<\/title>\n<meta name=\"robots\" content=\"index, follow, max-snippet:-1, max-image-preview:large, max-video-preview:-1\" \/>\n<link rel=\"canonical\" href=\"https:\/\/diarioprincipios.com\/index.php\/2024\/01\/19\/solicitan-reforzar-la-vacunacion-contra-el-covid-19\/\" \/>\n<meta property=\"og:locale\" content=\"es_ES\" \/>\n<meta property=\"og:type\" content=\"article\" \/>\n<meta property=\"og:title\" content=\"Solicitan reforzar la vacunaci\u00f3n contra el Covid-19 - Principios\" \/>\n<meta property=\"og:description\" content=\"Desde la Municipalidad de Berazategui se solicita a los vecinos que contin\u00faen aplic\u00e1ndose las vacunas de refuerzo contra el COVID-19, para mantener una protecci\u00f3n adecuada a fin de prevenir complicaciones, hospitalizaciones y fallecimientos por esta enfermedad.El esquema de vacunaci\u00f3n de cada grupo etario es el siguiente:-Personas menores de 50 a\u00f1os con enfermedades cr\u00f3nicas u obesidad...\" \/>\n<meta property=\"og:url\" content=\"https:\/\/diarioprincipios.com\/index.php\/2024\/01\/19\/solicitan-reforzar-la-vacunacion-contra-el-covid-19\/\" \/>\n<meta property=\"og:site_name\" content=\"Principios\" \/>\n<meta property=\"article:published_time\" content=\"2024-01-19T18:00:41+00:00\" \/>\n<meta property=\"article:modified_time\" content=\"2024-01-19T18:00:44+00:00\" \/>\n<meta property=\"og:image\" content=\"https:\/\/diarioprincipios.com\/wp-content\/uploads\/2024\/01\/SOLICITAN-REFORZAR-LA-VACUNACION-CONTRA-EL-COVID-19.jpg\" \/>\n\t<meta property=\"og:image:width\" content=\"1920\" \/>\n\t<meta property=\"og:image:height\" content=\"1280\" \/>\n\t<meta property=\"og:image:type\" content=\"image\/jpeg\" \/>\n<meta name=\"author\" content=\"Hern\u00e1n L\u00f3pez\" \/>\n<meta name=\"twitter:card\" content=\"summary_large_image\" \/>\n<meta name=\"twitter:label1\" content=\"Escrito por\" \/>\n\t<meta name=\"twitter:data1\" content=\"Hern\u00e1n L\u00f3pez\" \/>\n\t<meta name=\"twitter:label2\" content=\"Tiempo de lectura\" \/>\n\t<meta name=\"twitter:data2\" content=\"2 minutos\" \/>\n<script type=\"application\/ld+json\" class=\"yoast-schema-graph\">{\"@context\":\"https:\\\/\\\/schema.org\",\"@graph\":[{\"@type\":\"Article\",\"@id\":\"https:\\\/\\\/diarioprincipios.com\\\/index.php\\\/2024\\\/01\\\/19\\\/solicitan-reforzar-la-vacunacion-contra-el-covid-19\\\/#article\",\"isPartOf\":{\"@id\":\"https:\\\/\\\/diarioprincipios.com\\\/index.php\\\/2024\\\/01\\\/19\\\/solicitan-reforzar-la-vacunacion-contra-el-covid-19\\\/\"},\"author\":{\"name\":\"Hern\u00e1n L\u00f3pez\",\"@id\":\"https:\\\/\\\/diarioprincipios.com\\\/#\\\/schema\\\/person\\\/436d5a1fd41a5e250e23ff5a6a7cb080\"},\"headline\":\"Solicitan reforzar la vacunaci\u00f3n contra el Covid-19\",\"datePublished\":\"2024-01-19T18:00:41+00:00\",\"dateModified\":\"2024-01-19T18:00:44+00:00\",\"mainEntityOfPage\":{\"@id\":\"https:\\\/\\\/diarioprincipios.com\\\/index.php\\\/2024\\\/01\\\/19\\\/solicitan-reforzar-la-vacunacion-contra-el-covid-19\\\/\"},\"wordCount\":254,\"commentCount\":0,\"publisher\":{\"@id\":\"https:\\\/\\\/diarioprincipios.com\\\/#organization\"},\"image\":{\"@id\":\"https:\\\/\\\/diarioprincipios.com\\\/index.php\\\/2024\\\/01\\\/19\\\/solicitan-reforzar-la-vacunacion-contra-el-covid-19\\\/#primaryimage\"},\"thumbnailUrl\":\"https:\\\/\\\/diarioprincipios.com\\\/wp-content\\\/uploads\\\/2024\\\/01\\\/SOLICITAN-REFORZAR-LA-VACUNACION-CONTRA-EL-COVID-19.jpg\",\"articleSection\":[\"Berazategui\"],\"inLanguage\":\"es\",\"potentialAction\":[{\"@type\":\"CommentAction\",\"name\":\"Comment\",\"target\":[\"https:\\\/\\\/diarioprincipios.com\\\/index.php\\\/2024\\\/01\\\/19\\\/solicitan-reforzar-la-vacunacion-contra-el-covid-19\\\/#respond\"]}]},{\"@type\":\"WebPage\",\"@id\":\"https:\\\/\\\/diarioprincipios.com\\\/index.php\\\/2024\\\/01\\\/19\\\/solicitan-reforzar-la-vacunacion-contra-el-covid-19\\\/\",\"url\":\"https:\\\/\\\/diarioprincipios.com\\\/index.php\\\/2024\\\/01\\\/19\\\/solicitan-reforzar-la-vacunacion-contra-el-covid-19\\\/\",\"name\":\"Solicitan reforzar la vacunaci\u00f3n contra el Covid-19 - Principios\",\"isPartOf\":{\"@id\":\"https:\\\/\\\/diarioprincipios.com\\\/#website\"},\"primaryImageOfPage\":{\"@id\":\"https:\\\/\\\/diarioprincipios.com\\\/index.php\\\/2024\\\/01\\\/19\\\/solicitan-reforzar-la-vacunacion-contra-el-covid-19\\\/#primaryimage\"},\"image\":{\"@id\":\"https:\\\/\\\/diarioprincipios.com\\\/index.php\\\/2024\\\/01\\\/19\\\/solicitan-reforzar-la-vacunacion-contra-el-covid-19\\\/#primaryimage\"},\"thumbnailUrl\":\"https:\\\/\\\/diarioprincipios.com\\\/wp-content\\\/uploads\\\/2024\\\/01\\\/SOLICITAN-REFORZAR-LA-VACUNACION-CONTRA-EL-COVID-19.jpg\",\"datePublished\":\"2024-01-19T18:00:41+00:00\",\"dateModified\":\"2024-01-19T18:00:44+00:00\",\"breadcrumb\":{\"@id\":\"https:\\\/\\\/diarioprincipios.com\\\/index.php\\\/2024\\\/01\\\/19\\\/solicitan-reforzar-la-vacunacion-contra-el-covid-19\\\/#breadcrumb\"},\"inLanguage\":\"es\",\"potentialAction\":[{\"@type\":\"ReadAction\",\"target\":[\"https:\\\/\\\/diarioprincipios.com\\\/index.php\\\/2024\\\/01\\\/19\\\/solicitan-reforzar-la-vacunacion-contra-el-covid-19\\\/\"]}]},{\"@type\":\"ImageObject\",\"inLanguage\":\"es\",\"@id\":\"https:\\\/\\\/diarioprincipios.com\\\/index.php\\\/2024\\\/01\\\/19\\\/solicitan-reforzar-la-vacunacion-contra-el-covid-19\\\/#primaryimage\",\"url\":\"https:\\\/\\\/diarioprincipios.com\\\/wp-content\\\/uploads\\\/2024\\\/01\\\/SOLICITAN-REFORZAR-LA-VACUNACION-CONTRA-EL-COVID-19.jpg\",\"contentUrl\":\"https:\\\/\\\/diarioprincipios.com\\\/wp-content\\\/uploads\\\/2024\\\/01\\\/SOLICITAN-REFORZAR-LA-VACUNACION-CONTRA-EL-COVID-19.jpg\",\"width\":1920,\"height\":1280},{\"@type\":\"BreadcrumbList\",\"@id\":\"https:\\\/\\\/diarioprincipios.com\\\/index.php\\\/2024\\\/01\\\/19\\\/solicitan-reforzar-la-vacunacion-contra-el-covid-19\\\/#breadcrumb\",\"itemListElement\":[{\"@type\":\"ListItem\",\"position\":1,\"name\":\"Portada\",\"item\":\"https:\\\/\\\/diarioprincipios.com\\\/\"},{\"@type\":\"ListItem\",\"position\":2,\"name\":\"Solicitan reforzar la vacunaci\u00f3n contra el Covid-19\"}]},{\"@type\":\"WebSite\",\"@id\":\"https:\\\/\\\/diarioprincipios.com\\\/#website\",\"url\":\"https:\\\/\\\/diarioprincipios.com\\\/\",\"name\":\"Principios\",\"description\":\"Principios Diario\",\"publisher\":{\"@id\":\"https:\\\/\\\/diarioprincipios.com\\\/#organization\"},\"potentialAction\":[{\"@type\":\"SearchAction\",\"target\":{\"@type\":\"EntryPoint\",\"urlTemplate\":\"https:\\\/\\\/diarioprincipios.com\\\/?s={search_term_string}\"},\"query-input\":{\"@type\":\"PropertyValueSpecification\",\"valueRequired\":true,\"valueName\":\"search_term_string\"}}],\"inLanguage\":\"es\"},{\"@type\":\"Organization\",\"@id\":\"https:\\\/\\\/diarioprincipios.com\\\/#organization\",\"name\":\"Principios\",\"url\":\"https:\\\/\\\/diarioprincipios.com\\\/\",\"logo\":{\"@type\":\"ImageObject\",\"inLanguage\":\"es\",\"@id\":\"https:\\\/\\\/diarioprincipios.com\\\/#\\\/schema\\\/logo\\\/image\\\/\",\"url\":\"https:\\\/\\\/diarioprincipios.com\\\/wp-content\\\/uploads\\\/2024\\\/04\\\/cropped-www.diarioprincipios.com_-1.png\",\"contentUrl\":\"https:\\\/\\\/diarioprincipios.com\\\/wp-content\\\/uploads\\\/2024\\\/04\\\/cropped-www.diarioprincipios.com_-1.png\",\"width\":5325,\"height\":1454,\"caption\":\"Principios\"},\"image\":{\"@id\":\"https:\\\/\\\/diarioprincipios.com\\\/#\\\/schema\\\/logo\\\/image\\\/\"}},{\"@type\":\"Person\",\"@id\":\"https:\\\/\\\/diarioprincipios.com\\\/#\\\/schema\\\/person\\\/436d5a1fd41a5e250e23ff5a6a7cb080\",\"name\":\"Hern\u00e1n L\u00f3pez\",\"image\":{\"@type\":\"ImageObject\",\"inLanguage\":\"es\",\"@id\":\"https:\\\/\\\/diarioprincipios.com\\\/wp-content\\\/litespeed\\\/avatar\\\/11ddfe5610ff3bd100522525b2571f48.jpg?ver=1777048341\",\"url\":\"https:\\\/\\\/diarioprincipios.com\\\/wp-content\\\/litespeed\\\/avatar\\\/11ddfe5610ff3bd100522525b2571f48.jpg?ver=1777048341\",\"contentUrl\":\"https:\\\/\\\/diarioprincipios.com\\\/wp-content\\\/litespeed\\\/avatar\\\/11ddfe5610ff3bd100522525b2571f48.jpg?ver=1777048341\",\"caption\":\"Hern\u00e1n L\u00f3pez\"},\"url\":\"https:\\\/\\\/diarioprincipios.com\\\/index.php\\\/author\\\/hernan\\\/\"}]}<\/script>\n<!-- \/ Yoast SEO plugin. -->","yoast_head_json":{"title":"Solicitan reforzar la vacunaci\u00f3n contra el Covid-19 - Principios","robots":{"index":"index","follow":"follow","max-snippet":"max-snippet:-1","max-image-preview":"max-image-preview:large","max-video-preview":"max-video-preview:-1"},"canonical":"https:\/\/diarioprincipios.com\/index.php\/2024\/01\/19\/solicitan-reforzar-la-vacunacion-contra-el-covid-19\/","og_locale":"es_ES","og_type":"article","og_title":"Solicitan reforzar la vacunaci\u00f3n contra el Covid-19 - Principios","og_description":"Desde la Municipalidad de Berazategui se solicita a los vecinos que contin\u00faen aplic\u00e1ndose las vacunas de refuerzo contra el COVID-19, para mantener una protecci\u00f3n adecuada a fin de prevenir complicaciones, hospitalizaciones y fallecimientos por esta enfermedad.El esquema de vacunaci\u00f3n de cada grupo etario es el siguiente:-Personas menores de 50 a\u00f1os con enfermedades cr\u00f3nicas u obesidad...","og_url":"https:\/\/diarioprincipios.com\/index.php\/2024\/01\/19\/solicitan-reforzar-la-vacunacion-contra-el-covid-19\/","og_site_name":"Principios","article_published_time":"2024-01-19T18:00:41+00:00","article_modified_time":"2024-01-19T18:00:44+00:00","og_image":[{"width":1920,"height":1280,"url":"https:\/\/diarioprincipios.com\/wp-content\/uploads\/2024\/01\/SOLICITAN-REFORZAR-LA-VACUNACION-CONTRA-EL-COVID-19.jpg","type":"image\/jpeg"}],"author":"Hern\u00e1n L\u00f3pez","twitter_card":"summary_large_image","twitter_misc":{"Escrito por":"Hern\u00e1n L\u00f3pez","Tiempo de lectura":"2 minutos"},"schema":{"@context":"https:\/\/schema.org","@graph":[{"@type":"Article","@id":"https:\/\/diarioprincipios.com\/index.php\/2024\/01\/19\/solicitan-reforzar-la-vacunacion-contra-el-covid-19\/#article","isPartOf":{"@id":"https:\/\/diarioprincipios.com\/index.php\/2024\/01\/19\/solicitan-reforzar-la-vacunacion-contra-el-covid-19\/"},"author":{"name":"Hern\u00e1n L\u00f3pez","@id":"https:\/\/diarioprincipios.com\/#\/schema\/person\/436d5a1fd41a5e250e23ff5a6a7cb080"},"headline":"Solicitan reforzar la vacunaci\u00f3n contra el Covid-19","datePublished":"2024-01-19T18:00:41+00:00","dateModified":"2024-01-19T18:00:44+00:00","mainEntityOfPage":{"@id":"https:\/\/diarioprincipios.com\/index.php\/2024\/01\/19\/solicitan-reforzar-la-vacunacion-contra-el-covid-19\/"},"wordCount":254,"commentCount":0,"publisher":{"@id":"https:\/\/diarioprincipios.com\/#organization"},"image":{"@id":"https:\/\/diarioprincipios.com\/index.php\/2024\/01\/19\/solicitan-reforzar-la-vacunacion-contra-el-covid-19\/#primaryimage"},"thumbnailUrl":"https:\/\/diarioprincipios.com\/wp-content\/uploads\/2024\/01\/SOLICITAN-REFORZAR-LA-VACUNACION-CONTRA-EL-COVID-19.jpg","articleSection":["Berazategui"],"inLanguage":"es","potentialAction":[{"@type":"CommentAction","name":"Comment","target":["https:\/\/diarioprincipios.com\/index.php\/2024\/01\/19\/solicitan-reforzar-la-vacunacion-contra-el-covid-19\/#respond"]}]},{"@type":"WebPage","@id":"https:\/\/diarioprincipios.com\/index.php\/2024\/01\/19\/solicitan-reforzar-la-vacunacion-contra-el-covid-19\/","url":"https:\/\/diarioprincipios.com\/index.php\/2024\/01\/19\/solicitan-reforzar-la-vacunacion-contra-el-covid-19\/","name":"Solicitan reforzar la vacunaci\u00f3n contra el Covid-19 - Principios","isPartOf":{"@id":"https:\/\/diarioprincipios.com\/#website"},"primaryImageOfPage":{"@id":"https:\/\/diarioprincipios.com\/index.php\/2024\/01\/19\/solicitan-reforzar-la-vacunacion-contra-el-covid-19\/#primaryimage"},"image":{"@id":"https:\/\/diarioprincipios.com\/index.php\/2024\/01\/19\/solicitan-reforzar-la-vacunacion-contra-el-covid-19\/#primaryimage"},"thumbnailUrl":"https:\/\/diarioprincipios.com\/wp-content\/uploads\/2024\/01\/SOLICITAN-REFORZAR-LA-VACUNACION-CONTRA-EL-COVID-19.jpg","datePublished":"2024-01-19T18:00:41+00:00","dateModified":"2024-01-19T18:00:44+00:00","breadcrumb":{"@id":"https:\/\/diarioprincipios.com\/index.php\/2024\/01\/19\/solicitan-reforzar-la-vacunacion-contra-el-covid-19\/#breadcrumb"},"inLanguage":"es","potentialAction":[{"@type":"ReadAction","target":["https:\/\/diarioprincipios.com\/index.php\/2024\/01\/19\/solicitan-reforzar-la-vacunacion-contra-el-covid-19\/"]}]},{"@type":"ImageObject","inLanguage":"es","@id":"https:\/\/diarioprincipios.com\/index.php\/2024\/01\/19\/solicitan-reforzar-la-vacunacion-contra-el-covid-19\/#primaryimage","url":"https:\/\/diarioprincipios.com\/wp-content\/uploads\/2024\/01\/SOLICITAN-REFORZAR-LA-VACUNACION-CONTRA-EL-COVID-19.jpg","contentUrl":"https:\/\/diarioprincipios.com\/wp-content\/uploads\/2024\/01\/SOLICITAN-REFORZAR-LA-VACUNACION-CONTRA-EL-COVID-19.jpg","width":1920,"height":1280},{"@type":"BreadcrumbList","@id":"https:\/\/diarioprincipios.com\/index.php\/2024\/01\/19\/solicitan-reforzar-la-vacunacion-contra-el-covid-19\/#breadcrumb","itemListElement":[{"@type":"ListItem","position":1,"name":"Portada","item":"https:\/\/diarioprincipios.com\/"},{"@type":"ListItem","position":2,"name":"Solicitan reforzar la vacunaci\u00f3n contra el Covid-19"}]},{"@type":"WebSite","@id":"https:\/\/diarioprincipios.com\/#website","url":"https:\/\/diarioprincipios.com\/","name":"Principios","description":"Principios Diario","publisher":{"@id":"https:\/\/diarioprincipios.com\/#organization"},"potentialAction":[{"@type":"SearchAction","target":{"@type":"EntryPoint","urlTemplate":"https:\/\/diarioprincipios.com\/?s={search_term_string}"},"query-input":{"@type":"PropertyValueSpecification","valueRequired":true,"valueName":"search_term_string"}}],"inLanguage":"es"},{"@type":"Organization","@id":"https:\/\/diarioprincipios.com\/#organization","name":"Principios","url":"https:\/\/diarioprincipios.com\/","logo":{"@type":"ImageObject","inLanguage":"es","@id":"https:\/\/diarioprincipios.com\/#\/schema\/logo\/image\/","url":"https:\/\/diarioprincipios.com\/wp-content\/uploads\/2024\/04\/cropped-www.diarioprincipios.com_-1.png","contentUrl":"https:\/\/diarioprincipios.com\/wp-content\/uploads\/2024\/04\/cropped-www.diarioprincipios.com_-1.png","width":5325,"height":1454,"caption":"Principios"},"image":{"@id":"https:\/\/diarioprincipios.com\/#\/schema\/logo\/image\/"}},{"@type":"Person","@id":"https:\/\/diarioprincipios.com\/#\/schema\/person\/436d5a1fd41a5e250e23ff5a6a7cb080","name":"Hern\u00e1n L\u00f3pez","image":{"@type":"ImageObject","inLanguage":"es","@id":"https:\/\/diarioprincipios.com\/wp-content\/litespeed\/avatar\/11ddfe5610ff3bd100522525b2571f48.jpg?ver=1777048341","url":"https:\/\/diarioprincipios.com\/wp-content\/litespeed\/avatar\/11ddfe5610ff3bd100522525b2571f48.jpg?ver=1777048341","contentUrl":"https:\/\/diarioprincipios.com\/wp-content\/litespeed\/avatar\/11ddfe5610ff3bd100522525b2571f48.jpg?ver=1777048341","caption":"Hern\u00e1n L\u00f3pez"},"url":"https:\/\/diarioprincipios.com\/index.php\/author\/hernan\/"}]}},"jetpack_featured_media_url":"https:\/\/diarioprincipios.com\/wp-content\/uploads\/2024\/01\/SOLICITAN-REFORZAR-LA-VACUNACION-CONTRA-EL-COVID-19.jpg","_links":{"self":[{"href":"https:\/\/diarioprincipios.com\/index.php\/wp-json\/wp\/v2\/posts\/20398","targetHints":{"allow":["GET"]}}],"collection":[{"href":"https:\/\/diarioprincipios.com\/index.php\/wp-json\/wp\/v2\/posts"}],"about":[{"href":"https:\/\/diarioprincipios.com\/index.php\/wp-json\/wp\/v2\/types\/post"}],"author":[{"embeddable":true,"href":"https:\/\/diarioprincipios.com\/index.php\/wp-json\/wp\/v2\/users\/2"}],"replies":[{"embeddable":true,"href":"https:\/\/diarioprincipios.com\/index.php\/wp-json\/wp\/v2\/comments?post=20398"}],"version-history":[{"count":1,"href":"https:\/\/diarioprincipios.com\/index.php\/wp-json\/wp\/v2\/posts\/20398\/revisions"}],"predecessor-version":[{"id":20401,"href":"https:\/\/diarioprincipios.com\/index.php\/wp-json\/wp\/v2\/posts\/20398\/revisions\/20401"}],"wp:featuredmedia":[{"embeddable":true,"href":"https:\/\/diarioprincipios.com\/index.php\/wp-json\/wp\/v2\/media\/20400"}],"wp:attachment":[{"href":"https:\/\/diarioprincipios.com\/index.php\/wp-json\/wp\/v2\/media?parent=20398"}],"wp:term":[{"taxonomy":"category","embeddable":true,"href":"https:\/\/diarioprincipios.com\/index.php\/wp-json\/wp\/v2\/categories?post=20398"},{"taxonomy":"post_tag","embeddable":true,"href":"https:\/\/diarioprincipios.com\/index.php\/wp-json\/wp\/v2\/tags?post=20398"}],"curies":[{"name":"wp","href":"https:\/\/api.w.org\/{rel}","templated":true}]}}