{"id":20393,"date":"2024-01-19T14:51:07","date_gmt":"2024-01-19T17:51:07","guid":{"rendered":"http:\/\/diarioprincipios.com\/?p=20393"},"modified":"2024-01-19T14:51:09","modified_gmt":"2024-01-19T17:51:09","slug":"ferraresi-visito-la-colonia-inclusiva-de-avellaneda","status":"publish","type":"post","link":"https:\/\/diarioprincipios.com\/index.php\/2024\/01\/19\/ferraresi-visito-la-colonia-inclusiva-de-avellaneda\/","title":{"rendered":"Ferraresi visit\u00f3 la Colonia Inclusiva de Avellaneda"},"content":{"rendered":"\n<p>Cada d\u00eda, m\u00e1s de 300 personas con discapacidad concurren al Parque Dom\u00ednico.<\/p>\n\n\n\n<p>El intendente de Avellaneda, Jorge Ferraresi, visit\u00f3 hoy a los chicos, adolescentes y adultos que concurren a la colonia inclusiva, una iniciativa municipal que invita a disfrutar el verano en la ciudad.<\/p>\n\n\n\n<figure class=\"wp-block-image size-large\"><img loading=\"lazy\" decoding=\"async\" width=\"1024\" height=\"681\" src=\"https:\/\/diarioprincipios.com\/wp-content\/uploads\/2024\/01\/044-1024x681.jpeg\" alt=\"\" class=\"wp-image-20394\" srcset=\"https:\/\/diarioprincipios.com\/wp-content\/uploads\/2024\/01\/044-1024x681.jpeg 1024w, https:\/\/diarioprincipios.com\/wp-content\/uploads\/2024\/01\/044-300x199.jpeg 300w, https:\/\/diarioprincipios.com\/wp-content\/uploads\/2024\/01\/044-768x511.jpeg 768w, https:\/\/diarioprincipios.com\/wp-content\/uploads\/2024\/01\/044.jpeg 1280w\" sizes=\"auto, (max-width: 1024px) 100vw, 1024px\" \/><\/figure>\n\n\n\n<p>En compa\u00f1\u00eda del secretario de Deportes, Sebasti\u00e1n Vidal; la directora general de Inclusi\u00f3n de Personas con Discapacidad, Melisa Chedufau; y el subsecretario de Deporte Inclusivo, Mart\u00edn Batistti, Jorge Ferraresi recorri\u00f3 las instalaciones, convers\u00f3 con los coordinadores y salud\u00f3 a las personas que participan de esta propuesta gratuita.<\/p>\n\n\n\n<figure class=\"wp-block-image size-large\"><img loading=\"lazy\" decoding=\"async\" width=\"1024\" height=\"681\" src=\"https:\/\/diarioprincipios.com\/wp-content\/uploads\/2024\/01\/011-1024x681.jpeg\" alt=\"\" class=\"wp-image-20395\" srcset=\"https:\/\/diarioprincipios.com\/wp-content\/uploads\/2024\/01\/011-1024x681.jpeg 1024w, https:\/\/diarioprincipios.com\/wp-content\/uploads\/2024\/01\/011-300x199.jpeg 300w, https:\/\/diarioprincipios.com\/wp-content\/uploads\/2024\/01\/011-768x511.jpeg 768w, https:\/\/diarioprincipios.com\/wp-content\/uploads\/2024\/01\/011.jpeg 1280w\" sizes=\"auto, (max-width: 1024px) 100vw, 1024px\" \/><\/figure>\n\n\n\n<p>Diariamente, m\u00e1s de 300 personas con discapacidad concurren a la colonia. All\u00ed, realizan actividades deportivas, recreativas y culturales.<\/p>\n\n\n\n<p>Luego, el Intendente visit\u00f3 la colonia infantil municipal que tambi\u00e9n funciona en el Parque Dom\u00ednico. Se trata de una de las trece sedes que funcionan en el distrito. En este caso, la colonia de verano&nbsp;est\u00e1 destinada a ni\u00f1os y ni\u00f1as de 6 a 12 a\u00f1os con domicilio en el municipio.<\/p>\n","protected":false},"excerpt":{"rendered":"<p>Cada d\u00eda, m\u00e1s de 300 personas con discapacidad concurren al Parque Dom\u00ednico. El intendente de Avellaneda, Jorge Ferraresi, visit\u00f3 hoy a los chicos, adolescentes y adultos que concurren a la colonia inclusiva, una iniciativa municipal que invita a disfrutar el verano en la ciudad. En compa\u00f1\u00eda del secretario de Deportes, Sebasti\u00e1n Vidal; la directora general&#8230;<\/p>\n","protected":false},"author":2,"featured_media":20396,"comment_status":"open","ping_status":"open","sticky":false,"template":"","format":"standard","meta":{"footnotes":""},"categories":[5],"tags":[],"class_list":["post-20393","post","type-post","status-publish","format-standard","has-post-thumbnail","hentry","category-avellaneda"],"featured_image_src":"https:\/\/diarioprincipios.com\/wp-content\/uploads\/2024\/01\/077-1024x681.jpeg","blog_images":{"medium":"https:\/\/diarioprincipios.com\/wp-content\/uploads\/2024\/01\/077-300x199.jpeg","large":"https:\/\/diarioprincipios.com\/wp-content\/uploads\/2024\/01\/077-1024x681.jpeg"},"ams_acf":[],"yoast_head":"<!-- This site is optimized with the Yoast SEO plugin v27.3 - https:\/\/yoast.com\/product\/yoast-seo-wordpress\/ -->\n<title>Ferraresi visit\u00f3 la Colonia Inclusiva de Avellaneda - Principios<\/title>\n<meta name=\"robots\" content=\"index, follow, max-snippet:-1, max-image-preview:large, max-video-preview:-1\" \/>\n<link rel=\"canonical\" href=\"https:\/\/diarioprincipios.com\/index.php\/2024\/01\/19\/ferraresi-visito-la-colonia-inclusiva-de-avellaneda\/\" \/>\n<meta property=\"og:locale\" content=\"es_ES\" \/>\n<meta property=\"og:type\" content=\"article\" \/>\n<meta property=\"og:title\" content=\"Ferraresi visit\u00f3 la Colonia Inclusiva de Avellaneda - Principios\" \/>\n<meta property=\"og:description\" content=\"Cada d\u00eda, m\u00e1s de 300 personas con discapacidad concurren al Parque Dom\u00ednico. El intendente de Avellaneda, Jorge Ferraresi, visit\u00f3 hoy a los chicos, adolescentes y adultos que concurren a la colonia inclusiva, una iniciativa municipal que invita a disfrutar el verano en la ciudad. En compa\u00f1\u00eda del secretario de Deportes, Sebasti\u00e1n Vidal; la directora general...\" \/>\n<meta property=\"og:url\" content=\"https:\/\/diarioprincipios.com\/index.php\/2024\/01\/19\/ferraresi-visito-la-colonia-inclusiva-de-avellaneda\/\" \/>\n<meta property=\"og:site_name\" content=\"Principios\" \/>\n<meta property=\"article:published_time\" content=\"2024-01-19T17:51:07+00:00\" \/>\n<meta property=\"article:modified_time\" content=\"2024-01-19T17:51:09+00:00\" \/>\n<meta property=\"og:image\" content=\"https:\/\/diarioprincipios.com\/wp-content\/uploads\/2024\/01\/077.jpeg\" \/>\n\t<meta property=\"og:image:width\" content=\"1280\" \/>\n\t<meta property=\"og:image:height\" content=\"851\" \/>\n\t<meta property=\"og:image:type\" content=\"image\/jpeg\" \/>\n<meta name=\"author\" content=\"Hern\u00e1n L\u00f3pez\" \/>\n<meta name=\"twitter:card\" content=\"summary_large_image\" \/>\n<meta name=\"twitter:label1\" content=\"Escrito por\" \/>\n\t<meta name=\"twitter:data1\" content=\"Hern\u00e1n L\u00f3pez\" \/>\n\t<meta name=\"twitter:label2\" content=\"Tiempo de lectura\" \/>\n\t<meta name=\"twitter:data2\" content=\"2 minutos\" \/>\n<script type=\"application\/ld+json\" class=\"yoast-schema-graph\">{\"@context\":\"https:\\\/\\\/schema.org\",\"@graph\":[{\"@type\":\"Article\",\"@id\":\"https:\\\/\\\/diarioprincipios.com\\\/index.php\\\/2024\\\/01\\\/19\\\/ferraresi-visito-la-colonia-inclusiva-de-avellaneda\\\/#article\",\"isPartOf\":{\"@id\":\"https:\\\/\\\/diarioprincipios.com\\\/index.php\\\/2024\\\/01\\\/19\\\/ferraresi-visito-la-colonia-inclusiva-de-avellaneda\\\/\"},\"author\":{\"name\":\"Hern\u00e1n L\u00f3pez\",\"@id\":\"https:\\\/\\\/diarioprincipios.com\\\/#\\\/schema\\\/person\\\/436d5a1fd41a5e250e23ff5a6a7cb080\"},\"headline\":\"Ferraresi visit\u00f3 la Colonia Inclusiva de Avellaneda\",\"datePublished\":\"2024-01-19T17:51:07+00:00\",\"dateModified\":\"2024-01-19T17:51:09+00:00\",\"mainEntityOfPage\":{\"@id\":\"https:\\\/\\\/diarioprincipios.com\\\/index.php\\\/2024\\\/01\\\/19\\\/ferraresi-visito-la-colonia-inclusiva-de-avellaneda\\\/\"},\"wordCount\":177,\"commentCount\":0,\"publisher\":{\"@id\":\"https:\\\/\\\/diarioprincipios.com\\\/#organization\"},\"image\":{\"@id\":\"https:\\\/\\\/diarioprincipios.com\\\/index.php\\\/2024\\\/01\\\/19\\\/ferraresi-visito-la-colonia-inclusiva-de-avellaneda\\\/#primaryimage\"},\"thumbnailUrl\":\"https:\\\/\\\/diarioprincipios.com\\\/wp-content\\\/uploads\\\/2024\\\/01\\\/077.jpeg\",\"articleSection\":[\"Avellaneda\"],\"inLanguage\":\"es\",\"potentialAction\":[{\"@type\":\"CommentAction\",\"name\":\"Comment\",\"target\":[\"https:\\\/\\\/diarioprincipios.com\\\/index.php\\\/2024\\\/01\\\/19\\\/ferraresi-visito-la-colonia-inclusiva-de-avellaneda\\\/#respond\"]}]},{\"@type\":\"WebPage\",\"@id\":\"https:\\\/\\\/diarioprincipios.com\\\/index.php\\\/2024\\\/01\\\/19\\\/ferraresi-visito-la-colonia-inclusiva-de-avellaneda\\\/\",\"url\":\"https:\\\/\\\/diarioprincipios.com\\\/index.php\\\/2024\\\/01\\\/19\\\/ferraresi-visito-la-colonia-inclusiva-de-avellaneda\\\/\",\"name\":\"Ferraresi visit\u00f3 la Colonia Inclusiva de Avellaneda - Principios\",\"isPartOf\":{\"@id\":\"https:\\\/\\\/diarioprincipios.com\\\/#website\"},\"primaryImageOfPage\":{\"@id\":\"https:\\\/\\\/diarioprincipios.com\\\/index.php\\\/2024\\\/01\\\/19\\\/ferraresi-visito-la-colonia-inclusiva-de-avellaneda\\\/#primaryimage\"},\"image\":{\"@id\":\"https:\\\/\\\/diarioprincipios.com\\\/index.php\\\/2024\\\/01\\\/19\\\/ferraresi-visito-la-colonia-inclusiva-de-avellaneda\\\/#primaryimage\"},\"thumbnailUrl\":\"https:\\\/\\\/diarioprincipios.com\\\/wp-content\\\/uploads\\\/2024\\\/01\\\/077.jpeg\",\"datePublished\":\"2024-01-19T17:51:07+00:00\",\"dateModified\":\"2024-01-19T17:51:09+00:00\",\"breadcrumb\":{\"@id\":\"https:\\\/\\\/diarioprincipios.com\\\/index.php\\\/2024\\\/01\\\/19\\\/ferraresi-visito-la-colonia-inclusiva-de-avellaneda\\\/#breadcrumb\"},\"inLanguage\":\"es\",\"potentialAction\":[{\"@type\":\"ReadAction\",\"target\":[\"https:\\\/\\\/diarioprincipios.com\\\/index.php\\\/2024\\\/01\\\/19\\\/ferraresi-visito-la-colonia-inclusiva-de-avellaneda\\\/\"]}]},{\"@type\":\"ImageObject\",\"inLanguage\":\"es\",\"@id\":\"https:\\\/\\\/diarioprincipios.com\\\/index.php\\\/2024\\\/01\\\/19\\\/ferraresi-visito-la-colonia-inclusiva-de-avellaneda\\\/#primaryimage\",\"url\":\"https:\\\/\\\/diarioprincipios.com\\\/wp-content\\\/uploads\\\/2024\\\/01\\\/077.jpeg\",\"contentUrl\":\"https:\\\/\\\/diarioprincipios.com\\\/wp-content\\\/uploads\\\/2024\\\/01\\\/077.jpeg\",\"width\":1280,\"height\":851},{\"@type\":\"BreadcrumbList\",\"@id\":\"https:\\\/\\\/diarioprincipios.com\\\/index.php\\\/2024\\\/01\\\/19\\\/ferraresi-visito-la-colonia-inclusiva-de-avellaneda\\\/#breadcrumb\",\"itemListElement\":[{\"@type\":\"ListItem\",\"position\":1,\"name\":\"Portada\",\"item\":\"https:\\\/\\\/diarioprincipios.com\\\/\"},{\"@type\":\"ListItem\",\"position\":2,\"name\":\"Ferraresi visit\u00f3 la Colonia Inclusiva de Avellaneda\"}]},{\"@type\":\"WebSite\",\"@id\":\"https:\\\/\\\/diarioprincipios.com\\\/#website\",\"url\":\"https:\\\/\\\/diarioprincipios.com\\\/\",\"name\":\"Principios\",\"description\":\"Principios Diario\",\"publisher\":{\"@id\":\"https:\\\/\\\/diarioprincipios.com\\\/#organization\"},\"potentialAction\":[{\"@type\":\"SearchAction\",\"target\":{\"@type\":\"EntryPoint\",\"urlTemplate\":\"https:\\\/\\\/diarioprincipios.com\\\/?s={search_term_string}\"},\"query-input\":{\"@type\":\"PropertyValueSpecification\",\"valueRequired\":true,\"valueName\":\"search_term_string\"}}],\"inLanguage\":\"es\"},{\"@type\":\"Organization\",\"@id\":\"https:\\\/\\\/diarioprincipios.com\\\/#organization\",\"name\":\"Principios\",\"url\":\"https:\\\/\\\/diarioprincipios.com\\\/\",\"logo\":{\"@type\":\"ImageObject\",\"inLanguage\":\"es\",\"@id\":\"https:\\\/\\\/diarioprincipios.com\\\/#\\\/schema\\\/logo\\\/image\\\/\",\"url\":\"https:\\\/\\\/diarioprincipios.com\\\/wp-content\\\/uploads\\\/2024\\\/04\\\/cropped-www.diarioprincipios.com_-1.png\",\"contentUrl\":\"https:\\\/\\\/diarioprincipios.com\\\/wp-content\\\/uploads\\\/2024\\\/04\\\/cropped-www.diarioprincipios.com_-1.png\",\"width\":5325,\"height\":1454,\"caption\":\"Principios\"},\"image\":{\"@id\":\"https:\\\/\\\/diarioprincipios.com\\\/#\\\/schema\\\/logo\\\/image\\\/\"}},{\"@type\":\"Person\",\"@id\":\"https:\\\/\\\/diarioprincipios.com\\\/#\\\/schema\\\/person\\\/436d5a1fd41a5e250e23ff5a6a7cb080\",\"name\":\"Hern\u00e1n L\u00f3pez\",\"image\":{\"@type\":\"ImageObject\",\"inLanguage\":\"es\",\"@id\":\"https:\\\/\\\/diarioprincipios.com\\\/wp-content\\\/litespeed\\\/avatar\\\/11ddfe5610ff3bd100522525b2571f48.jpg?ver=1777048341\",\"url\":\"https:\\\/\\\/diarioprincipios.com\\\/wp-content\\\/litespeed\\\/avatar\\\/11ddfe5610ff3bd100522525b2571f48.jpg?ver=1777048341\",\"contentUrl\":\"https:\\\/\\\/diarioprincipios.com\\\/wp-content\\\/litespeed\\\/avatar\\\/11ddfe5610ff3bd100522525b2571f48.jpg?ver=1777048341\",\"caption\":\"Hern\u00e1n L\u00f3pez\"},\"url\":\"https:\\\/\\\/diarioprincipios.com\\\/index.php\\\/author\\\/hernan\\\/\"}]}<\/script>\n<!-- \/ Yoast SEO plugin. -->","yoast_head_json":{"title":"Ferraresi visit\u00f3 la Colonia Inclusiva de Avellaneda - Principios","robots":{"index":"index","follow":"follow","max-snippet":"max-snippet:-1","max-image-preview":"max-image-preview:large","max-video-preview":"max-video-preview:-1"},"canonical":"https:\/\/diarioprincipios.com\/index.php\/2024\/01\/19\/ferraresi-visito-la-colonia-inclusiva-de-avellaneda\/","og_locale":"es_ES","og_type":"article","og_title":"Ferraresi visit\u00f3 la Colonia Inclusiva de Avellaneda - Principios","og_description":"Cada d\u00eda, m\u00e1s de 300 personas con discapacidad concurren al Parque Dom\u00ednico. El intendente de Avellaneda, Jorge Ferraresi, visit\u00f3 hoy a los chicos, adolescentes y adultos que concurren a la colonia inclusiva, una iniciativa municipal que invita a disfrutar el verano en la ciudad. En compa\u00f1\u00eda del secretario de Deportes, Sebasti\u00e1n Vidal; la directora general...","og_url":"https:\/\/diarioprincipios.com\/index.php\/2024\/01\/19\/ferraresi-visito-la-colonia-inclusiva-de-avellaneda\/","og_site_name":"Principios","article_published_time":"2024-01-19T17:51:07+00:00","article_modified_time":"2024-01-19T17:51:09+00:00","og_image":[{"width":1280,"height":851,"url":"https:\/\/diarioprincipios.com\/wp-content\/uploads\/2024\/01\/077.jpeg","type":"image\/jpeg"}],"author":"Hern\u00e1n L\u00f3pez","twitter_card":"summary_large_image","twitter_misc":{"Escrito por":"Hern\u00e1n L\u00f3pez","Tiempo de lectura":"2 minutos"},"schema":{"@context":"https:\/\/schema.org","@graph":[{"@type":"Article","@id":"https:\/\/diarioprincipios.com\/index.php\/2024\/01\/19\/ferraresi-visito-la-colonia-inclusiva-de-avellaneda\/#article","isPartOf":{"@id":"https:\/\/diarioprincipios.com\/index.php\/2024\/01\/19\/ferraresi-visito-la-colonia-inclusiva-de-avellaneda\/"},"author":{"name":"Hern\u00e1n L\u00f3pez","@id":"https:\/\/diarioprincipios.com\/#\/schema\/person\/436d5a1fd41a5e250e23ff5a6a7cb080"},"headline":"Ferraresi visit\u00f3 la Colonia Inclusiva de Avellaneda","datePublished":"2024-01-19T17:51:07+00:00","dateModified":"2024-01-19T17:51:09+00:00","mainEntityOfPage":{"@id":"https:\/\/diarioprincipios.com\/index.php\/2024\/01\/19\/ferraresi-visito-la-colonia-inclusiva-de-avellaneda\/"},"wordCount":177,"commentCount":0,"publisher":{"@id":"https:\/\/diarioprincipios.com\/#organization"},"image":{"@id":"https:\/\/diarioprincipios.com\/index.php\/2024\/01\/19\/ferraresi-visito-la-colonia-inclusiva-de-avellaneda\/#primaryimage"},"thumbnailUrl":"https:\/\/diarioprincipios.com\/wp-content\/uploads\/2024\/01\/077.jpeg","articleSection":["Avellaneda"],"inLanguage":"es","potentialAction":[{"@type":"CommentAction","name":"Comment","target":["https:\/\/diarioprincipios.com\/index.php\/2024\/01\/19\/ferraresi-visito-la-colonia-inclusiva-de-avellaneda\/#respond"]}]},{"@type":"WebPage","@id":"https:\/\/diarioprincipios.com\/index.php\/2024\/01\/19\/ferraresi-visito-la-colonia-inclusiva-de-avellaneda\/","url":"https:\/\/diarioprincipios.com\/index.php\/2024\/01\/19\/ferraresi-visito-la-colonia-inclusiva-de-avellaneda\/","name":"Ferraresi visit\u00f3 la Colonia Inclusiva de Avellaneda - Principios","isPartOf":{"@id":"https:\/\/diarioprincipios.com\/#website"},"primaryImageOfPage":{"@id":"https:\/\/diarioprincipios.com\/index.php\/2024\/01\/19\/ferraresi-visito-la-colonia-inclusiva-de-avellaneda\/#primaryimage"},"image":{"@id":"https:\/\/diarioprincipios.com\/index.php\/2024\/01\/19\/ferraresi-visito-la-colonia-inclusiva-de-avellaneda\/#primaryimage"},"thumbnailUrl":"https:\/\/diarioprincipios.com\/wp-content\/uploads\/2024\/01\/077.jpeg","datePublished":"2024-01-19T17:51:07+00:00","dateModified":"2024-01-19T17:51:09+00:00","breadcrumb":{"@id":"https:\/\/diarioprincipios.com\/index.php\/2024\/01\/19\/ferraresi-visito-la-colonia-inclusiva-de-avellaneda\/#breadcrumb"},"inLanguage":"es","potentialAction":[{"@type":"ReadAction","target":["https:\/\/diarioprincipios.com\/index.php\/2024\/01\/19\/ferraresi-visito-la-colonia-inclusiva-de-avellaneda\/"]}]},{"@type":"ImageObject","inLanguage":"es","@id":"https:\/\/diarioprincipios.com\/index.php\/2024\/01\/19\/ferraresi-visito-la-colonia-inclusiva-de-avellaneda\/#primaryimage","url":"https:\/\/diarioprincipios.com\/wp-content\/uploads\/2024\/01\/077.jpeg","contentUrl":"https:\/\/diarioprincipios.com\/wp-content\/uploads\/2024\/01\/077.jpeg","width":1280,"height":851},{"@type":"BreadcrumbList","@id":"https:\/\/diarioprincipios.com\/index.php\/2024\/01\/19\/ferraresi-visito-la-colonia-inclusiva-de-avellaneda\/#breadcrumb","itemListElement":[{"@type":"ListItem","position":1,"name":"Portada","item":"https:\/\/diarioprincipios.com\/"},{"@type":"ListItem","position":2,"name":"Ferraresi visit\u00f3 la Colonia Inclusiva de Avellaneda"}]},{"@type":"WebSite","@id":"https:\/\/diarioprincipios.com\/#website","url":"https:\/\/diarioprincipios.com\/","name":"Principios","description":"Principios Diario","publisher":{"@id":"https:\/\/diarioprincipios.com\/#organization"},"potentialAction":[{"@type":"SearchAction","target":{"@type":"EntryPoint","urlTemplate":"https:\/\/diarioprincipios.com\/?s={search_term_string}"},"query-input":{"@type":"PropertyValueSpecification","valueRequired":true,"valueName":"search_term_string"}}],"inLanguage":"es"},{"@type":"Organization","@id":"https:\/\/diarioprincipios.com\/#organization","name":"Principios","url":"https:\/\/diarioprincipios.com\/","logo":{"@type":"ImageObject","inLanguage":"es","@id":"https:\/\/diarioprincipios.com\/#\/schema\/logo\/image\/","url":"https:\/\/diarioprincipios.com\/wp-content\/uploads\/2024\/04\/cropped-www.diarioprincipios.com_-1.png","contentUrl":"https:\/\/diarioprincipios.com\/wp-content\/uploads\/2024\/04\/cropped-www.diarioprincipios.com_-1.png","width":5325,"height":1454,"caption":"Principios"},"image":{"@id":"https:\/\/diarioprincipios.com\/#\/schema\/logo\/image\/"}},{"@type":"Person","@id":"https:\/\/diarioprincipios.com\/#\/schema\/person\/436d5a1fd41a5e250e23ff5a6a7cb080","name":"Hern\u00e1n L\u00f3pez","image":{"@type":"ImageObject","inLanguage":"es","@id":"https:\/\/diarioprincipios.com\/wp-content\/litespeed\/avatar\/11ddfe5610ff3bd100522525b2571f48.jpg?ver=1777048341","url":"https:\/\/diarioprincipios.com\/wp-content\/litespeed\/avatar\/11ddfe5610ff3bd100522525b2571f48.jpg?ver=1777048341","contentUrl":"https:\/\/diarioprincipios.com\/wp-content\/litespeed\/avatar\/11ddfe5610ff3bd100522525b2571f48.jpg?ver=1777048341","caption":"Hern\u00e1n L\u00f3pez"},"url":"https:\/\/diarioprincipios.com\/index.php\/author\/hernan\/"}]}},"jetpack_featured_media_url":"https:\/\/diarioprincipios.com\/wp-content\/uploads\/2024\/01\/077.jpeg","_links":{"self":[{"href":"https:\/\/diarioprincipios.com\/index.php\/wp-json\/wp\/v2\/posts\/20393","targetHints":{"allow":["GET"]}}],"collection":[{"href":"https:\/\/diarioprincipios.com\/index.php\/wp-json\/wp\/v2\/posts"}],"about":[{"href":"https:\/\/diarioprincipios.com\/index.php\/wp-json\/wp\/v2\/types\/post"}],"author":[{"embeddable":true,"href":"https:\/\/diarioprincipios.com\/index.php\/wp-json\/wp\/v2\/users\/2"}],"replies":[{"embeddable":true,"href":"https:\/\/diarioprincipios.com\/index.php\/wp-json\/wp\/v2\/comments?post=20393"}],"version-history":[{"count":1,"href":"https:\/\/diarioprincipios.com\/index.php\/wp-json\/wp\/v2\/posts\/20393\/revisions"}],"predecessor-version":[{"id":20397,"href":"https:\/\/diarioprincipios.com\/index.php\/wp-json\/wp\/v2\/posts\/20393\/revisions\/20397"}],"wp:featuredmedia":[{"embeddable":true,"href":"https:\/\/diarioprincipios.com\/index.php\/wp-json\/wp\/v2\/media\/20396"}],"wp:attachment":[{"href":"https:\/\/diarioprincipios.com\/index.php\/wp-json\/wp\/v2\/media?parent=20393"}],"wp:term":[{"taxonomy":"category","embeddable":true,"href":"https:\/\/diarioprincipios.com\/index.php\/wp-json\/wp\/v2\/categories?post=20393"},{"taxonomy":"post_tag","embeddable":true,"href":"https:\/\/diarioprincipios.com\/index.php\/wp-json\/wp\/v2\/tags?post=20393"}],"curies":[{"name":"wp","href":"https:\/\/api.w.org\/{rel}","templated":true}]}}