{"id":20362,"date":"2024-01-12T15:36:59","date_gmt":"2024-01-12T18:36:59","guid":{"rendered":"http:\/\/diarioprincipios.com\/?p=20362"},"modified":"2024-01-12T15:37:02","modified_gmt":"2024-01-12T18:37:02","slug":"el-concejo-deliberante-de-berazategui-se-pronuncio-contra-el-dnu-de-milei","status":"publish","type":"post","link":"https:\/\/diarioprincipios.com\/index.php\/2024\/01\/12\/el-concejo-deliberante-de-berazategui-se-pronuncio-contra-el-dnu-de-milei\/","title":{"rendered":"El Concejo Deliberante de Berazategui se pronunci\u00f3 contra el DNU de Milei"},"content":{"rendered":"\n<p>En una sesi\u00f3n extraordinaria que cont\u00f3 con la participaci\u00f3n del Intendente Juan Jos\u00e9 Mussi y numerosos actores de la sociedad, el Honorable Concejo Deliberante de Berazategui\u00a0 se pronunci\u00f3 este viernes \u00abpor la ilegalidad, insanable nulidad e inconstitucionalidad manifiestas en el Decreto de Necesidad y Urgencia N\u00b0 70\/23 del Poder Ejecutivo Nacional, por atentar contra el principio constitucional de divisi\u00f3n de poderes en perjuicio del sistema republicano de gobierno, poniendo en riesgo el Estado de Derecho y el Sistema Democr\u00e1tico\u00bb.<\/p>\n\n\n\n<p>En la misma \u00abse exhorta al Congreso de la Naci\u00f3n a que, en funci\u00f3n de lo dispuesto en el Art\u00edculo 29 de la Constituci\u00f3n Nacional de inmediato se proceda a rechazar&nbsp; el DNU de menci\u00f3n\u00bb.<\/p>\n\n\n\n<p>\u00abTenemos que hacer sentir nuestra voz, porque esto nos va a perjudicar a todos. Por eso nos solidarizamos con la iniciativa de la Multisectorial\u00bb, se\u00f1al\u00f3 el Intendente Juan Jos\u00e9 Mussi.<\/p>\n\n\n\n<p>La Multisectorial, que present\u00f3 la iniciativa al HCD, est\u00e1 compuesta por diversas asociaciones ( m\u00e1s de 120) de vecinos, empresarios, peque\u00f1as y medianas empresas, docentes, profesionales, asociaciones sindicales, comerciantes, clubes de barrio, sectores de la cultura y derechos humanos, organizaciones religiosas, organizaciones sociales, que han elaborado un documento en rechazo al DNU 70\/2023 del Poder Ejecutivo Nacional y decirle No al Ajuste.&nbsp;<\/p>\n\n\n\n<figure class=\"wp-block-image size-large\"><img loading=\"lazy\" decoding=\"async\" width=\"1024\" height=\"768\" src=\"https:\/\/diarioprincipios.com\/wp-content\/uploads\/2024\/01\/2222-1024x768.jpg\" alt=\"\" class=\"wp-image-20363\" srcset=\"https:\/\/diarioprincipios.com\/wp-content\/uploads\/2024\/01\/2222-1024x768.jpg 1024w, https:\/\/diarioprincipios.com\/wp-content\/uploads\/2024\/01\/2222-300x225.jpg 300w, https:\/\/diarioprincipios.com\/wp-content\/uploads\/2024\/01\/2222-768x576.jpg 768w, https:\/\/diarioprincipios.com\/wp-content\/uploads\/2024\/01\/2222.jpg 1280w\" sizes=\"auto, (max-width: 1024px) 100vw, 1024px\" \/><\/figure>\n\n\n\n<p><strong>La nota presentada por la Multisectorial<\/strong><\/p>\n\n\n\n<p>A: Sra. Presidenta del Honorable Concejo Deliberante Cdora. Andrea Elizabeth Canestro<\/p>\n\n\n\n<p>A los 10 d\u00edas del mes de enero del corriente a\u00f1o la Multisectorial de Berazategui se dirige a usted a fin de solicitarle que el Organismo legislativo del distrito se expida sobre el decreto de necesidad y urgencia 70\/2023 del Poder Ejecutivo Nacional<\/p>\n\n\n\n<p>La multisectorial de Berazategui se pronuncia por la ilegalidad e inconstitucionalidad del decreto de necesidad y urgencia 70\/2023. Frente a esto manifiesta:<\/p>\n\n\n\n<p>Que el DNU 70\/2023 atenta contra el principio constitucional de la divisi\u00f3n de poderes en perjuicio del sistema republicano de gobierno poniendo en riesgo el Estado de derecho y el sistema democr\u00e1tico violando nuestra Carta Magna.<\/p>\n\n\n\n<p>Gran parte de los art\u00edculos del mismo perjudican los derechos y libertades individuales y colectivas de nuestro pueblo, minimizando al Estado Nacional y su rol en pos de la contenci\u00f3n de qui\u00e9nes m\u00e1s necesitan su asistencia.<\/p>\n\n\n\n<p>Por otra parte, se viola la Constituci\u00f3n Nacional en su art\u00edculo 99 inciso 3 que plantea la ilegalidad del DNU por su intromisi\u00f3n en materia econ\u00f3mica, de seguridad, electoral y de partidos pol\u00edticos. Entendemos que es necesario el tratamiento de todos los puntos respetando las atribuciones de cada poder del Estado, presentando las diferentes reformas en proyectos de ley que puedan discutirse en las respectivas comisiones de las Honorables C\u00e1maras de Diputados y Senadores de la Naci\u00f3n.<\/p>\n\n\n\n<p>Desde la Multisectorial de Berazategui comprendemos la situaci\u00f3n pol\u00edtica, social y econ\u00f3mica que atraviesa nuestro pa\u00eds, sin embargo, creemos que el presente DNU no resuelve ni da respuesta a ninguna de las necesidades preexistentes. No consideramos que esta sea la manera de afrontar las complejidades de nuestra Argentina y qu\u00e9, a su vez, se justifique la supresi\u00f3n de la tarea legislativa otorg\u00e1ndole facultades extraordinarias al actual Presidente.<\/p>\n\n\n\n<p>Este Decreto representa volver al pasado en materia laboral, modificando derechos y garant\u00edas establecidas en los convenios colectivos de trabajo y la Constituci\u00f3n Nacional. Propone, mediante este mismo, unas medidas sin precedentes, pero que es clara muestra del modelo de pa\u00eds y del modelo de desarrollo productivo que la derecha neoliberal siempre tuvo. Debilitar la capacidad de producci\u00f3n de nuestras pymes y debilitar, a su vez los mecanismos de lucha que los trabajadores tienen, a trav\u00e9s de la criminalizaci\u00f3n de la protesta y la criminalizaci\u00f3n de las organizaciones sindicales. Entendemos la necesidad de actualizar el sistema laboral e integrarlo a las nuevas tecnolog\u00edas existentes, pero de ninguna manera podemos aceptar que este sea el modo de hacerlo<\/p>\n\n\n\n<p>La apertura indiscriminada del comercio exterior, como se plantea, afecta de manera brutal sobre las fuentes de empleo de nuestros compatriotas, exponiendo a nuestro pa\u00eds, a un incremento del desempleo a niveles escandalosos&nbsp;<\/p>\n\n\n\n<p>Por otra parte, atenta contra los derechos de los jubilados, siendo completamente ignorados e invisibilizados por este DNU, vi\u00e9ndose afectado su derecho al acceso a la salud y a un ingreso digno, imposibilitando, entre tantas otras cosas, su acceso a medicamentos esenciales para sus tratamientos. Consideramos que el Fondo de Garant\u00eda de Sustentabilidad es intocable y el presente DNU pone en jaque, con su posible eliminaci\u00f3n, el futuro de los jubilados. Los ingresos de los jubilados no pueden ser considerados parte del gasto p\u00fablico, deben ser el reconocimiento a la gran cantidad de aportes y a\u00f1os trabajados por parte de ellos.<\/p>\n\n\n\n<p>Entre los m\u00e1s de 900 art\u00edculos planteados en esta reforma constitucional, tambi\u00e9n se encuentra la derogaci\u00f3n de la Ley de Sociedades preparando el escenario propicio que permita la instauraci\u00f3n de las Sociedades An\u00f3nimas Deportivas para transformar a nuestros clubes en empresas, desconociendo por completo el rol de Asociaci\u00f3n Civil, los objetivos de contenci\u00f3n e integraci\u00f3n social que tienen nuestros clubes de barrio y eximiendo de total responsabilidad al Estado Nacional frente a la promoci\u00f3n del deporte y la cultura que nuestro pa\u00eds necesita. No existe ninguna necesidad ni urgencia en decretar esta intromisi\u00f3n que pretende, \u00fanicamente beneficiar los negociados de unos pocos, en detrimento de los intereses de nuestro pueblo.<\/p>\n\n\n\n<p>Dentro de este DNU hay un apartado que pone en vilo a la gran mayor\u00eda de las familias argentinas, derogando la ley de alquileres, y haciendo prevalecer la posici\u00f3n de los sectores inmobiliarios por sobre la de los inquilinos, dejando sin capacidad de contenci\u00f3n a estos \u00faltimos frente a las negociaciones de renovaci\u00f3n de contratos de locaci\u00f3n&nbsp;<\/p>\n\n\n\n<p>Sumado a este decreto, que corrompe la institucionalidad de nuestra democracia, se encuentra el proyecto de \u201cLey \u00d3mnibus\u201d que tambi\u00e9n plantea un sinf\u00edn de retrocesos y ajustes que perjudicar\u00e1n el nivel y la calidad de vida de cada argentino.<\/p>\n\n\n\n<p>Por todo lo anunciado y otros cientos de motivos, nos oponemos a la aprobaci\u00f3n del Decreto de Necesidad y Urgencia esperando fervientemente que la Comisi\u00f3n Bicameral que lo discute en estos d\u00edas, lo rechace de manera categ\u00f3rica.<\/p>\n\n\n\n<p>A 40 a\u00f1os de la vuelta y la recuperaci\u00f3n de la democracia nos parece inadmisible el avasallamiento sobre la institucionalidad que tanto nos cost\u00f3 restaurar y que tanta lucha le ha costado a nuestra Pueblo<\/p>\n\n\n\n<p>Queremos agradecerles su predisposici\u00f3n y la del Cuerpo en general, ante nuestras inquietudes y propuestas. Sin m\u00e1s saludamos atentamente<\/p>\n\n\n\n<p><\/p>\n","protected":false},"excerpt":{"rendered":"<p>En una sesi\u00f3n extraordinaria que cont\u00f3 con la participaci\u00f3n del Intendente Juan Jos\u00e9 Mussi y numerosos actores de la sociedad, el Honorable Concejo Deliberante de Berazategui\u00a0 se pronunci\u00f3 este viernes \u00abpor la ilegalidad, insanable nulidad e inconstitucionalidad manifiestas en el Decreto de Necesidad y Urgencia N\u00b0 70\/23 del Poder Ejecutivo Nacional, por atentar contra el&#8230;<\/p>\n","protected":false},"author":2,"featured_media":20364,"comment_status":"open","ping_status":"open","sticky":false,"template":"","format":"standard","meta":{"footnotes":""},"categories":[3],"tags":[],"class_list":["post-20362","post","type-post","status-publish","format-standard","has-post-thumbnail","hentry","category-berazategui"],"featured_image_src":"https:\/\/diarioprincipios.com\/wp-content\/uploads\/2024\/01\/1-1024x768.jpg","blog_images":{"medium":"https:\/\/diarioprincipios.com\/wp-content\/uploads\/2024\/01\/1-300x225.jpg","large":"https:\/\/diarioprincipios.com\/wp-content\/uploads\/2024\/01\/1-1024x768.jpg"},"ams_acf":[],"yoast_head":"<!-- This site is optimized with the Yoast SEO plugin v27.3 - https:\/\/yoast.com\/product\/yoast-seo-wordpress\/ -->\n<title>El Concejo Deliberante de Berazategui se pronunci\u00f3 contra el DNU de Milei - Principios<\/title>\n<meta name=\"robots\" content=\"index, follow, max-snippet:-1, max-image-preview:large, max-video-preview:-1\" \/>\n<link rel=\"canonical\" href=\"https:\/\/diarioprincipios.com\/index.php\/2024\/01\/12\/el-concejo-deliberante-de-berazategui-se-pronuncio-contra-el-dnu-de-milei\/\" \/>\n<meta property=\"og:locale\" content=\"es_ES\" \/>\n<meta property=\"og:type\" content=\"article\" \/>\n<meta property=\"og:title\" content=\"El Concejo Deliberante de Berazategui se pronunci\u00f3 contra el DNU de Milei - Principios\" \/>\n<meta property=\"og:description\" content=\"En una sesi\u00f3n extraordinaria que cont\u00f3 con la participaci\u00f3n del Intendente Juan Jos\u00e9 Mussi y numerosos actores de la sociedad, el Honorable Concejo Deliberante de Berazategui\u00a0 se pronunci\u00f3 este viernes \u00abpor la ilegalidad, insanable nulidad e inconstitucionalidad manifiestas en el Decreto de Necesidad y Urgencia N\u00b0 70\/23 del Poder Ejecutivo Nacional, por atentar contra el...\" \/>\n<meta property=\"og:url\" content=\"https:\/\/diarioprincipios.com\/index.php\/2024\/01\/12\/el-concejo-deliberante-de-berazategui-se-pronuncio-contra-el-dnu-de-milei\/\" \/>\n<meta property=\"og:site_name\" content=\"Principios\" \/>\n<meta property=\"article:published_time\" content=\"2024-01-12T18:36:59+00:00\" \/>\n<meta property=\"article:modified_time\" content=\"2024-01-12T18:37:02+00:00\" \/>\n<meta property=\"og:image\" content=\"https:\/\/diarioprincipios.com\/wp-content\/uploads\/2024\/01\/1.jpg\" \/>\n\t<meta property=\"og:image:width\" content=\"1280\" \/>\n\t<meta property=\"og:image:height\" content=\"960\" \/>\n\t<meta property=\"og:image:type\" content=\"image\/jpeg\" \/>\n<meta name=\"author\" content=\"Hern\u00e1n L\u00f3pez\" \/>\n<meta name=\"twitter:card\" content=\"summary_large_image\" \/>\n<meta name=\"twitter:label1\" content=\"Escrito por\" \/>\n\t<meta name=\"twitter:data1\" content=\"Hern\u00e1n L\u00f3pez\" \/>\n\t<meta name=\"twitter:label2\" content=\"Tiempo de lectura\" \/>\n\t<meta name=\"twitter:data2\" content=\"6 minutos\" \/>\n<script type=\"application\/ld+json\" class=\"yoast-schema-graph\">{\"@context\":\"https:\\\/\\\/schema.org\",\"@graph\":[{\"@type\":\"Article\",\"@id\":\"https:\\\/\\\/diarioprincipios.com\\\/index.php\\\/2024\\\/01\\\/12\\\/el-concejo-deliberante-de-berazategui-se-pronuncio-contra-el-dnu-de-milei\\\/#article\",\"isPartOf\":{\"@id\":\"https:\\\/\\\/diarioprincipios.com\\\/index.php\\\/2024\\\/01\\\/12\\\/el-concejo-deliberante-de-berazategui-se-pronuncio-contra-el-dnu-de-milei\\\/\"},\"author\":{\"name\":\"Hern\u00e1n L\u00f3pez\",\"@id\":\"https:\\\/\\\/diarioprincipios.com\\\/#\\\/schema\\\/person\\\/436d5a1fd41a5e250e23ff5a6a7cb080\"},\"headline\":\"El Concejo Deliberante de Berazategui se pronunci\u00f3 contra el DNU de Milei\",\"datePublished\":\"2024-01-12T18:36:59+00:00\",\"dateModified\":\"2024-01-12T18:37:02+00:00\",\"mainEntityOfPage\":{\"@id\":\"https:\\\/\\\/diarioprincipios.com\\\/index.php\\\/2024\\\/01\\\/12\\\/el-concejo-deliberante-de-berazategui-se-pronuncio-contra-el-dnu-de-milei\\\/\"},\"wordCount\":1130,\"commentCount\":0,\"publisher\":{\"@id\":\"https:\\\/\\\/diarioprincipios.com\\\/#organization\"},\"image\":{\"@id\":\"https:\\\/\\\/diarioprincipios.com\\\/index.php\\\/2024\\\/01\\\/12\\\/el-concejo-deliberante-de-berazategui-se-pronuncio-contra-el-dnu-de-milei\\\/#primaryimage\"},\"thumbnailUrl\":\"https:\\\/\\\/diarioprincipios.com\\\/wp-content\\\/uploads\\\/2024\\\/01\\\/1.jpg\",\"articleSection\":[\"Berazategui\"],\"inLanguage\":\"es\",\"potentialAction\":[{\"@type\":\"CommentAction\",\"name\":\"Comment\",\"target\":[\"https:\\\/\\\/diarioprincipios.com\\\/index.php\\\/2024\\\/01\\\/12\\\/el-concejo-deliberante-de-berazategui-se-pronuncio-contra-el-dnu-de-milei\\\/#respond\"]}]},{\"@type\":\"WebPage\",\"@id\":\"https:\\\/\\\/diarioprincipios.com\\\/index.php\\\/2024\\\/01\\\/12\\\/el-concejo-deliberante-de-berazategui-se-pronuncio-contra-el-dnu-de-milei\\\/\",\"url\":\"https:\\\/\\\/diarioprincipios.com\\\/index.php\\\/2024\\\/01\\\/12\\\/el-concejo-deliberante-de-berazategui-se-pronuncio-contra-el-dnu-de-milei\\\/\",\"name\":\"El Concejo Deliberante de Berazategui se pronunci\u00f3 contra el DNU de Milei - Principios\",\"isPartOf\":{\"@id\":\"https:\\\/\\\/diarioprincipios.com\\\/#website\"},\"primaryImageOfPage\":{\"@id\":\"https:\\\/\\\/diarioprincipios.com\\\/index.php\\\/2024\\\/01\\\/12\\\/el-concejo-deliberante-de-berazategui-se-pronuncio-contra-el-dnu-de-milei\\\/#primaryimage\"},\"image\":{\"@id\":\"https:\\\/\\\/diarioprincipios.com\\\/index.php\\\/2024\\\/01\\\/12\\\/el-concejo-deliberante-de-berazategui-se-pronuncio-contra-el-dnu-de-milei\\\/#primaryimage\"},\"thumbnailUrl\":\"https:\\\/\\\/diarioprincipios.com\\\/wp-content\\\/uploads\\\/2024\\\/01\\\/1.jpg\",\"datePublished\":\"2024-01-12T18:36:59+00:00\",\"dateModified\":\"2024-01-12T18:37:02+00:00\",\"breadcrumb\":{\"@id\":\"https:\\\/\\\/diarioprincipios.com\\\/index.php\\\/2024\\\/01\\\/12\\\/el-concejo-deliberante-de-berazategui-se-pronuncio-contra-el-dnu-de-milei\\\/#breadcrumb\"},\"inLanguage\":\"es\",\"potentialAction\":[{\"@type\":\"ReadAction\",\"target\":[\"https:\\\/\\\/diarioprincipios.com\\\/index.php\\\/2024\\\/01\\\/12\\\/el-concejo-deliberante-de-berazategui-se-pronuncio-contra-el-dnu-de-milei\\\/\"]}]},{\"@type\":\"ImageObject\",\"inLanguage\":\"es\",\"@id\":\"https:\\\/\\\/diarioprincipios.com\\\/index.php\\\/2024\\\/01\\\/12\\\/el-concejo-deliberante-de-berazategui-se-pronuncio-contra-el-dnu-de-milei\\\/#primaryimage\",\"url\":\"https:\\\/\\\/diarioprincipios.com\\\/wp-content\\\/uploads\\\/2024\\\/01\\\/1.jpg\",\"contentUrl\":\"https:\\\/\\\/diarioprincipios.com\\\/wp-content\\\/uploads\\\/2024\\\/01\\\/1.jpg\",\"width\":1280,\"height\":960},{\"@type\":\"BreadcrumbList\",\"@id\":\"https:\\\/\\\/diarioprincipios.com\\\/index.php\\\/2024\\\/01\\\/12\\\/el-concejo-deliberante-de-berazategui-se-pronuncio-contra-el-dnu-de-milei\\\/#breadcrumb\",\"itemListElement\":[{\"@type\":\"ListItem\",\"position\":1,\"name\":\"Portada\",\"item\":\"https:\\\/\\\/diarioprincipios.com\\\/\"},{\"@type\":\"ListItem\",\"position\":2,\"name\":\"El Concejo Deliberante de Berazategui se pronunci\u00f3 contra el DNU de Milei\"}]},{\"@type\":\"WebSite\",\"@id\":\"https:\\\/\\\/diarioprincipios.com\\\/#website\",\"url\":\"https:\\\/\\\/diarioprincipios.com\\\/\",\"name\":\"Principios\",\"description\":\"Principios Diario\",\"publisher\":{\"@id\":\"https:\\\/\\\/diarioprincipios.com\\\/#organization\"},\"potentialAction\":[{\"@type\":\"SearchAction\",\"target\":{\"@type\":\"EntryPoint\",\"urlTemplate\":\"https:\\\/\\\/diarioprincipios.com\\\/?s={search_term_string}\"},\"query-input\":{\"@type\":\"PropertyValueSpecification\",\"valueRequired\":true,\"valueName\":\"search_term_string\"}}],\"inLanguage\":\"es\"},{\"@type\":\"Organization\",\"@id\":\"https:\\\/\\\/diarioprincipios.com\\\/#organization\",\"name\":\"Principios\",\"url\":\"https:\\\/\\\/diarioprincipios.com\\\/\",\"logo\":{\"@type\":\"ImageObject\",\"inLanguage\":\"es\",\"@id\":\"https:\\\/\\\/diarioprincipios.com\\\/#\\\/schema\\\/logo\\\/image\\\/\",\"url\":\"https:\\\/\\\/diarioprincipios.com\\\/wp-content\\\/uploads\\\/2024\\\/04\\\/cropped-www.diarioprincipios.com_-1.png\",\"contentUrl\":\"https:\\\/\\\/diarioprincipios.com\\\/wp-content\\\/uploads\\\/2024\\\/04\\\/cropped-www.diarioprincipios.com_-1.png\",\"width\":5325,\"height\":1454,\"caption\":\"Principios\"},\"image\":{\"@id\":\"https:\\\/\\\/diarioprincipios.com\\\/#\\\/schema\\\/logo\\\/image\\\/\"}},{\"@type\":\"Person\",\"@id\":\"https:\\\/\\\/diarioprincipios.com\\\/#\\\/schema\\\/person\\\/436d5a1fd41a5e250e23ff5a6a7cb080\",\"name\":\"Hern\u00e1n L\u00f3pez\",\"image\":{\"@type\":\"ImageObject\",\"inLanguage\":\"es\",\"@id\":\"https:\\\/\\\/diarioprincipios.com\\\/wp-content\\\/litespeed\\\/avatar\\\/11ddfe5610ff3bd100522525b2571f48.jpg?ver=1777048341\",\"url\":\"https:\\\/\\\/diarioprincipios.com\\\/wp-content\\\/litespeed\\\/avatar\\\/11ddfe5610ff3bd100522525b2571f48.jpg?ver=1777048341\",\"contentUrl\":\"https:\\\/\\\/diarioprincipios.com\\\/wp-content\\\/litespeed\\\/avatar\\\/11ddfe5610ff3bd100522525b2571f48.jpg?ver=1777048341\",\"caption\":\"Hern\u00e1n L\u00f3pez\"},\"url\":\"https:\\\/\\\/diarioprincipios.com\\\/index.php\\\/author\\\/hernan\\\/\"}]}<\/script>\n<!-- \/ Yoast SEO plugin. -->","yoast_head_json":{"title":"El Concejo Deliberante de Berazategui se pronunci\u00f3 contra el DNU de Milei - Principios","robots":{"index":"index","follow":"follow","max-snippet":"max-snippet:-1","max-image-preview":"max-image-preview:large","max-video-preview":"max-video-preview:-1"},"canonical":"https:\/\/diarioprincipios.com\/index.php\/2024\/01\/12\/el-concejo-deliberante-de-berazategui-se-pronuncio-contra-el-dnu-de-milei\/","og_locale":"es_ES","og_type":"article","og_title":"El Concejo Deliberante de Berazategui se pronunci\u00f3 contra el DNU de Milei - Principios","og_description":"En una sesi\u00f3n extraordinaria que cont\u00f3 con la participaci\u00f3n del Intendente Juan Jos\u00e9 Mussi y numerosos actores de la sociedad, el Honorable Concejo Deliberante de Berazategui\u00a0 se pronunci\u00f3 este viernes \u00abpor la ilegalidad, insanable nulidad e inconstitucionalidad manifiestas en el Decreto de Necesidad y Urgencia N\u00b0 70\/23 del Poder Ejecutivo Nacional, por atentar contra el...","og_url":"https:\/\/diarioprincipios.com\/index.php\/2024\/01\/12\/el-concejo-deliberante-de-berazategui-se-pronuncio-contra-el-dnu-de-milei\/","og_site_name":"Principios","article_published_time":"2024-01-12T18:36:59+00:00","article_modified_time":"2024-01-12T18:37:02+00:00","og_image":[{"width":1280,"height":960,"url":"https:\/\/diarioprincipios.com\/wp-content\/uploads\/2024\/01\/1.jpg","type":"image\/jpeg"}],"author":"Hern\u00e1n L\u00f3pez","twitter_card":"summary_large_image","twitter_misc":{"Escrito por":"Hern\u00e1n L\u00f3pez","Tiempo de lectura":"6 minutos"},"schema":{"@context":"https:\/\/schema.org","@graph":[{"@type":"Article","@id":"https:\/\/diarioprincipios.com\/index.php\/2024\/01\/12\/el-concejo-deliberante-de-berazategui-se-pronuncio-contra-el-dnu-de-milei\/#article","isPartOf":{"@id":"https:\/\/diarioprincipios.com\/index.php\/2024\/01\/12\/el-concejo-deliberante-de-berazategui-se-pronuncio-contra-el-dnu-de-milei\/"},"author":{"name":"Hern\u00e1n L\u00f3pez","@id":"https:\/\/diarioprincipios.com\/#\/schema\/person\/436d5a1fd41a5e250e23ff5a6a7cb080"},"headline":"El Concejo Deliberante de Berazategui se pronunci\u00f3 contra el DNU de Milei","datePublished":"2024-01-12T18:36:59+00:00","dateModified":"2024-01-12T18:37:02+00:00","mainEntityOfPage":{"@id":"https:\/\/diarioprincipios.com\/index.php\/2024\/01\/12\/el-concejo-deliberante-de-berazategui-se-pronuncio-contra-el-dnu-de-milei\/"},"wordCount":1130,"commentCount":0,"publisher":{"@id":"https:\/\/diarioprincipios.com\/#organization"},"image":{"@id":"https:\/\/diarioprincipios.com\/index.php\/2024\/01\/12\/el-concejo-deliberante-de-berazategui-se-pronuncio-contra-el-dnu-de-milei\/#primaryimage"},"thumbnailUrl":"https:\/\/diarioprincipios.com\/wp-content\/uploads\/2024\/01\/1.jpg","articleSection":["Berazategui"],"inLanguage":"es","potentialAction":[{"@type":"CommentAction","name":"Comment","target":["https:\/\/diarioprincipios.com\/index.php\/2024\/01\/12\/el-concejo-deliberante-de-berazategui-se-pronuncio-contra-el-dnu-de-milei\/#respond"]}]},{"@type":"WebPage","@id":"https:\/\/diarioprincipios.com\/index.php\/2024\/01\/12\/el-concejo-deliberante-de-berazategui-se-pronuncio-contra-el-dnu-de-milei\/","url":"https:\/\/diarioprincipios.com\/index.php\/2024\/01\/12\/el-concejo-deliberante-de-berazategui-se-pronuncio-contra-el-dnu-de-milei\/","name":"El Concejo Deliberante de Berazategui se pronunci\u00f3 contra el DNU de Milei - Principios","isPartOf":{"@id":"https:\/\/diarioprincipios.com\/#website"},"primaryImageOfPage":{"@id":"https:\/\/diarioprincipios.com\/index.php\/2024\/01\/12\/el-concejo-deliberante-de-berazategui-se-pronuncio-contra-el-dnu-de-milei\/#primaryimage"},"image":{"@id":"https:\/\/diarioprincipios.com\/index.php\/2024\/01\/12\/el-concejo-deliberante-de-berazategui-se-pronuncio-contra-el-dnu-de-milei\/#primaryimage"},"thumbnailUrl":"https:\/\/diarioprincipios.com\/wp-content\/uploads\/2024\/01\/1.jpg","datePublished":"2024-01-12T18:36:59+00:00","dateModified":"2024-01-12T18:37:02+00:00","breadcrumb":{"@id":"https:\/\/diarioprincipios.com\/index.php\/2024\/01\/12\/el-concejo-deliberante-de-berazategui-se-pronuncio-contra-el-dnu-de-milei\/#breadcrumb"},"inLanguage":"es","potentialAction":[{"@type":"ReadAction","target":["https:\/\/diarioprincipios.com\/index.php\/2024\/01\/12\/el-concejo-deliberante-de-berazategui-se-pronuncio-contra-el-dnu-de-milei\/"]}]},{"@type":"ImageObject","inLanguage":"es","@id":"https:\/\/diarioprincipios.com\/index.php\/2024\/01\/12\/el-concejo-deliberante-de-berazategui-se-pronuncio-contra-el-dnu-de-milei\/#primaryimage","url":"https:\/\/diarioprincipios.com\/wp-content\/uploads\/2024\/01\/1.jpg","contentUrl":"https:\/\/diarioprincipios.com\/wp-content\/uploads\/2024\/01\/1.jpg","width":1280,"height":960},{"@type":"BreadcrumbList","@id":"https:\/\/diarioprincipios.com\/index.php\/2024\/01\/12\/el-concejo-deliberante-de-berazategui-se-pronuncio-contra-el-dnu-de-milei\/#breadcrumb","itemListElement":[{"@type":"ListItem","position":1,"name":"Portada","item":"https:\/\/diarioprincipios.com\/"},{"@type":"ListItem","position":2,"name":"El Concejo Deliberante de Berazategui se pronunci\u00f3 contra el DNU de Milei"}]},{"@type":"WebSite","@id":"https:\/\/diarioprincipios.com\/#website","url":"https:\/\/diarioprincipios.com\/","name":"Principios","description":"Principios Diario","publisher":{"@id":"https:\/\/diarioprincipios.com\/#organization"},"potentialAction":[{"@type":"SearchAction","target":{"@type":"EntryPoint","urlTemplate":"https:\/\/diarioprincipios.com\/?s={search_term_string}"},"query-input":{"@type":"PropertyValueSpecification","valueRequired":true,"valueName":"search_term_string"}}],"inLanguage":"es"},{"@type":"Organization","@id":"https:\/\/diarioprincipios.com\/#organization","name":"Principios","url":"https:\/\/diarioprincipios.com\/","logo":{"@type":"ImageObject","inLanguage":"es","@id":"https:\/\/diarioprincipios.com\/#\/schema\/logo\/image\/","url":"https:\/\/diarioprincipios.com\/wp-content\/uploads\/2024\/04\/cropped-www.diarioprincipios.com_-1.png","contentUrl":"https:\/\/diarioprincipios.com\/wp-content\/uploads\/2024\/04\/cropped-www.diarioprincipios.com_-1.png","width":5325,"height":1454,"caption":"Principios"},"image":{"@id":"https:\/\/diarioprincipios.com\/#\/schema\/logo\/image\/"}},{"@type":"Person","@id":"https:\/\/diarioprincipios.com\/#\/schema\/person\/436d5a1fd41a5e250e23ff5a6a7cb080","name":"Hern\u00e1n L\u00f3pez","image":{"@type":"ImageObject","inLanguage":"es","@id":"https:\/\/diarioprincipios.com\/wp-content\/litespeed\/avatar\/11ddfe5610ff3bd100522525b2571f48.jpg?ver=1777048341","url":"https:\/\/diarioprincipios.com\/wp-content\/litespeed\/avatar\/11ddfe5610ff3bd100522525b2571f48.jpg?ver=1777048341","contentUrl":"https:\/\/diarioprincipios.com\/wp-content\/litespeed\/avatar\/11ddfe5610ff3bd100522525b2571f48.jpg?ver=1777048341","caption":"Hern\u00e1n L\u00f3pez"},"url":"https:\/\/diarioprincipios.com\/index.php\/author\/hernan\/"}]}},"jetpack_featured_media_url":"https:\/\/diarioprincipios.com\/wp-content\/uploads\/2024\/01\/1.jpg","_links":{"self":[{"href":"https:\/\/diarioprincipios.com\/index.php\/wp-json\/wp\/v2\/posts\/20362","targetHints":{"allow":["GET"]}}],"collection":[{"href":"https:\/\/diarioprincipios.com\/index.php\/wp-json\/wp\/v2\/posts"}],"about":[{"href":"https:\/\/diarioprincipios.com\/index.php\/wp-json\/wp\/v2\/types\/post"}],"author":[{"embeddable":true,"href":"https:\/\/diarioprincipios.com\/index.php\/wp-json\/wp\/v2\/users\/2"}],"replies":[{"embeddable":true,"href":"https:\/\/diarioprincipios.com\/index.php\/wp-json\/wp\/v2\/comments?post=20362"}],"version-history":[{"count":1,"href":"https:\/\/diarioprincipios.com\/index.php\/wp-json\/wp\/v2\/posts\/20362\/revisions"}],"predecessor-version":[{"id":20365,"href":"https:\/\/diarioprincipios.com\/index.php\/wp-json\/wp\/v2\/posts\/20362\/revisions\/20365"}],"wp:featuredmedia":[{"embeddable":true,"href":"https:\/\/diarioprincipios.com\/index.php\/wp-json\/wp\/v2\/media\/20364"}],"wp:attachment":[{"href":"https:\/\/diarioprincipios.com\/index.php\/wp-json\/wp\/v2\/media?parent=20362"}],"wp:term":[{"taxonomy":"category","embeddable":true,"href":"https:\/\/diarioprincipios.com\/index.php\/wp-json\/wp\/v2\/categories?post=20362"},{"taxonomy":"post_tag","embeddable":true,"href":"https:\/\/diarioprincipios.com\/index.php\/wp-json\/wp\/v2\/tags?post=20362"}],"curies":[{"name":"wp","href":"https:\/\/api.w.org\/{rel}","templated":true}]}}