{"id":20358,"date":"2024-01-12T14:16:35","date_gmt":"2024-01-12T17:16:35","guid":{"rendered":"http:\/\/diarioprincipios.com\/?p=20358"},"modified":"2024-01-12T14:16:38","modified_gmt":"2024-01-12T17:16:38","slug":"continua-el-avance-de-la-obra-de-la-nueva-traza-del-acceso-sudeste","status":"publish","type":"post","link":"https:\/\/diarioprincipios.com\/index.php\/2024\/01\/12\/continua-el-avance-de-la-obra-de-la-nueva-traza-del-acceso-sudeste\/","title":{"rendered":"Contin\u00faa el avance de la obra de la nueva traza del Acceso Sudeste"},"content":{"rendered":"\n<p>El Municipio de Quilmes informa que avanza a buen ritmo la obra de la nueva traza del Acceso Sudeste, con la finalidad de unificar ese espacio con el renovado Tri\u00e1ngulo de Bernal y continuar con la puesta en valor de los ingresos y egresos de la ciudad.<\/p>\n\n\n\n<p>Durante los \u00faltimos d\u00edas, los trabajadores, coordinados por la Secretar\u00eda de Desarrollo Urbano y Obra P\u00fablica, a cargo de Ceci Soler, comenzaron con las tareas de montaje del nuevo puente peatonal que cruzar\u00e1 la traza principal del Acceso Sudeste en las proximidades de la avenida San Mart\u00edn. Con las bases ya finalizadas, se prosigui\u00f3 con el armado de la estructura que fue prefabricada en un taller de hormig\u00f3n a medida, seg\u00fan los requerimientos del lugar de emplazamiento.<\/p>\n\n\n\n<figure class=\"wp-block-image size-large\"><img loading=\"lazy\" decoding=\"async\" width=\"1024\" height=\"683\" src=\"https:\/\/diarioprincipios.com\/wp-content\/uploads\/2024\/01\/CONTINUA-EL-AVANCE-DE-LA-OBRA-DE-LA-NUEVA-TRAZA-DEL-ACCESO-SUDESTE-2-1024x683.jpg\" alt=\"\" class=\"wp-image-20359\" srcset=\"https:\/\/diarioprincipios.com\/wp-content\/uploads\/2024\/01\/CONTINUA-EL-AVANCE-DE-LA-OBRA-DE-LA-NUEVA-TRAZA-DEL-ACCESO-SUDESTE-2-1024x683.jpg 1024w, https:\/\/diarioprincipios.com\/wp-content\/uploads\/2024\/01\/CONTINUA-EL-AVANCE-DE-LA-OBRA-DE-LA-NUEVA-TRAZA-DEL-ACCESO-SUDESTE-2-300x200.jpg 300w, https:\/\/diarioprincipios.com\/wp-content\/uploads\/2024\/01\/CONTINUA-EL-AVANCE-DE-LA-OBRA-DE-LA-NUEVA-TRAZA-DEL-ACCESO-SUDESTE-2-768x512.jpg 768w, https:\/\/diarioprincipios.com\/wp-content\/uploads\/2024\/01\/CONTINUA-EL-AVANCE-DE-LA-OBRA-DE-LA-NUEVA-TRAZA-DEL-ACCESO-SUDESTE-2.jpg 1280w\" sizes=\"auto, (max-width: 1024px) 100vw, 1024px\" \/><\/figure>\n\n\n\n<p>A su vez, se iniciaron las tareas de instalaci\u00f3n de las columnas y en coordinaci\u00f3n con la Direcci\u00f3n General de Tr\u00e1nsito, se logr\u00f3 montar un operativo para despejar la circulaci\u00f3n de los veh\u00edculos en la zona de montaje y, de esa forma, poder izar y colocar en el lugar el tablero principal del puente. Por otro lado, para la semana entrante est\u00e1 proyectado el montaje final de las barandas para que el puente peatonal quede funcional.<\/p>\n\n\n\n<p>Cabe destacar que la nueva traza del Acceso Sudeste es una importante obra de infraestructura vial que permitir\u00e1 mejorar las condiciones de circulaci\u00f3n en el acceso a Quilmes por Bernal Oeste. Se categoriza como autopista con control total de accesos e incluye obras b\u00e1sicas, calzadas principales y vinculaciones con colectoras pavimentadas, alcantarillas, obras de desag\u00fce, puentes y muros de sostenimiento, se\u00f1alamientos e iluminaci\u00f3n.<\/p>\n\n\n\n<p>Esta iniciativa se ejecuta a trav\u00e9s de Vialidad Nacional y forma parte de un Plan de Conectividad y Puesta en Valor de los Ingresos que impuls\u00f3 el Municipio desde el inicio de la gesti\u00f3n de la intendenta Mayra Mendoza.<\/p>\n","protected":false},"excerpt":{"rendered":"<p>El Municipio de Quilmes informa que avanza a buen ritmo la obra de la nueva traza del Acceso Sudeste, con la finalidad de unificar ese espacio con el renovado Tri\u00e1ngulo de Bernal y continuar con la puesta en valor de los ingresos y egresos de la ciudad. Durante los \u00faltimos d\u00edas, los trabajadores, coordinados por&#8230;<\/p>\n","protected":false},"author":2,"featured_media":20360,"comment_status":"open","ping_status":"open","sticky":false,"template":"","format":"standard","meta":{"footnotes":""},"categories":[4],"tags":[],"class_list":["post-20358","post","type-post","status-publish","format-standard","has-post-thumbnail","hentry","category-quilmes"],"featured_image_src":"https:\/\/diarioprincipios.com\/wp-content\/uploads\/2024\/01\/CONTINUA-EL-AVANCE-DE-LA-OBRA-DE-LA-NUEVA-TRAZA-DEL-ACCESO-SUDESTE-3-1024x682.jpg","blog_images":{"medium":"https:\/\/diarioprincipios.com\/wp-content\/uploads\/2024\/01\/CONTINUA-EL-AVANCE-DE-LA-OBRA-DE-LA-NUEVA-TRAZA-DEL-ACCESO-SUDESTE-3-300x200.jpg","large":"https:\/\/diarioprincipios.com\/wp-content\/uploads\/2024\/01\/CONTINUA-EL-AVANCE-DE-LA-OBRA-DE-LA-NUEVA-TRAZA-DEL-ACCESO-SUDESTE-3-1024x682.jpg"},"ams_acf":[],"yoast_head":"<!-- This site is optimized with the Yoast SEO plugin v27.3 - https:\/\/yoast.com\/product\/yoast-seo-wordpress\/ -->\n<title>Contin\u00faa el avance de la obra de la nueva traza del Acceso Sudeste - Principios<\/title>\n<meta name=\"robots\" content=\"index, follow, max-snippet:-1, max-image-preview:large, max-video-preview:-1\" \/>\n<link rel=\"canonical\" href=\"https:\/\/diarioprincipios.com\/index.php\/2024\/01\/12\/continua-el-avance-de-la-obra-de-la-nueva-traza-del-acceso-sudeste\/\" \/>\n<meta property=\"og:locale\" content=\"es_ES\" \/>\n<meta property=\"og:type\" content=\"article\" \/>\n<meta property=\"og:title\" content=\"Contin\u00faa el avance de la obra de la nueva traza del Acceso Sudeste - Principios\" \/>\n<meta property=\"og:description\" content=\"El Municipio de Quilmes informa que avanza a buen ritmo la obra de la nueva traza del Acceso Sudeste, con la finalidad de unificar ese espacio con el renovado Tri\u00e1ngulo de Bernal y continuar con la puesta en valor de los ingresos y egresos de la ciudad. Durante los \u00faltimos d\u00edas, los trabajadores, coordinados por...\" \/>\n<meta property=\"og:url\" content=\"https:\/\/diarioprincipios.com\/index.php\/2024\/01\/12\/continua-el-avance-de-la-obra-de-la-nueva-traza-del-acceso-sudeste\/\" \/>\n<meta property=\"og:site_name\" content=\"Principios\" \/>\n<meta property=\"article:published_time\" content=\"2024-01-12T17:16:35+00:00\" \/>\n<meta property=\"article:modified_time\" content=\"2024-01-12T17:16:38+00:00\" \/>\n<meta property=\"og:image\" content=\"https:\/\/diarioprincipios.com\/wp-content\/uploads\/2024\/01\/CONTINUA-EL-AVANCE-DE-LA-OBRA-DE-LA-NUEVA-TRAZA-DEL-ACCESO-SUDESTE-3.jpg\" \/>\n\t<meta property=\"og:image:width\" content=\"1280\" \/>\n\t<meta property=\"og:image:height\" content=\"853\" \/>\n\t<meta property=\"og:image:type\" content=\"image\/jpeg\" \/>\n<meta name=\"author\" content=\"Hern\u00e1n L\u00f3pez\" \/>\n<meta name=\"twitter:card\" content=\"summary_large_image\" \/>\n<meta name=\"twitter:label1\" content=\"Escrito por\" \/>\n\t<meta name=\"twitter:data1\" content=\"Hern\u00e1n L\u00f3pez\" \/>\n\t<meta name=\"twitter:label2\" content=\"Tiempo de lectura\" \/>\n\t<meta name=\"twitter:data2\" content=\"2 minutos\" \/>\n<script type=\"application\/ld+json\" class=\"yoast-schema-graph\">{\"@context\":\"https:\\\/\\\/schema.org\",\"@graph\":[{\"@type\":\"Article\",\"@id\":\"https:\\\/\\\/diarioprincipios.com\\\/index.php\\\/2024\\\/01\\\/12\\\/continua-el-avance-de-la-obra-de-la-nueva-traza-del-acceso-sudeste\\\/#article\",\"isPartOf\":{\"@id\":\"https:\\\/\\\/diarioprincipios.com\\\/index.php\\\/2024\\\/01\\\/12\\\/continua-el-avance-de-la-obra-de-la-nueva-traza-del-acceso-sudeste\\\/\"},\"author\":{\"name\":\"Hern\u00e1n L\u00f3pez\",\"@id\":\"https:\\\/\\\/diarioprincipios.com\\\/#\\\/schema\\\/person\\\/436d5a1fd41a5e250e23ff5a6a7cb080\"},\"headline\":\"Contin\u00faa el avance de la obra de la nueva traza del Acceso Sudeste\",\"datePublished\":\"2024-01-12T17:16:35+00:00\",\"dateModified\":\"2024-01-12T17:16:38+00:00\",\"mainEntityOfPage\":{\"@id\":\"https:\\\/\\\/diarioprincipios.com\\\/index.php\\\/2024\\\/01\\\/12\\\/continua-el-avance-de-la-obra-de-la-nueva-traza-del-acceso-sudeste\\\/\"},\"wordCount\":336,\"commentCount\":0,\"publisher\":{\"@id\":\"https:\\\/\\\/diarioprincipios.com\\\/#organization\"},\"image\":{\"@id\":\"https:\\\/\\\/diarioprincipios.com\\\/index.php\\\/2024\\\/01\\\/12\\\/continua-el-avance-de-la-obra-de-la-nueva-traza-del-acceso-sudeste\\\/#primaryimage\"},\"thumbnailUrl\":\"https:\\\/\\\/diarioprincipios.com\\\/wp-content\\\/uploads\\\/2024\\\/01\\\/CONTINUA-EL-AVANCE-DE-LA-OBRA-DE-LA-NUEVA-TRAZA-DEL-ACCESO-SUDESTE-3.jpg\",\"articleSection\":[\"Quilmes\"],\"inLanguage\":\"es\",\"potentialAction\":[{\"@type\":\"CommentAction\",\"name\":\"Comment\",\"target\":[\"https:\\\/\\\/diarioprincipios.com\\\/index.php\\\/2024\\\/01\\\/12\\\/continua-el-avance-de-la-obra-de-la-nueva-traza-del-acceso-sudeste\\\/#respond\"]}]},{\"@type\":\"WebPage\",\"@id\":\"https:\\\/\\\/diarioprincipios.com\\\/index.php\\\/2024\\\/01\\\/12\\\/continua-el-avance-de-la-obra-de-la-nueva-traza-del-acceso-sudeste\\\/\",\"url\":\"https:\\\/\\\/diarioprincipios.com\\\/index.php\\\/2024\\\/01\\\/12\\\/continua-el-avance-de-la-obra-de-la-nueva-traza-del-acceso-sudeste\\\/\",\"name\":\"Contin\u00faa el avance de la obra de la nueva traza del Acceso Sudeste - Principios\",\"isPartOf\":{\"@id\":\"https:\\\/\\\/diarioprincipios.com\\\/#website\"},\"primaryImageOfPage\":{\"@id\":\"https:\\\/\\\/diarioprincipios.com\\\/index.php\\\/2024\\\/01\\\/12\\\/continua-el-avance-de-la-obra-de-la-nueva-traza-del-acceso-sudeste\\\/#primaryimage\"},\"image\":{\"@id\":\"https:\\\/\\\/diarioprincipios.com\\\/index.php\\\/2024\\\/01\\\/12\\\/continua-el-avance-de-la-obra-de-la-nueva-traza-del-acceso-sudeste\\\/#primaryimage\"},\"thumbnailUrl\":\"https:\\\/\\\/diarioprincipios.com\\\/wp-content\\\/uploads\\\/2024\\\/01\\\/CONTINUA-EL-AVANCE-DE-LA-OBRA-DE-LA-NUEVA-TRAZA-DEL-ACCESO-SUDESTE-3.jpg\",\"datePublished\":\"2024-01-12T17:16:35+00:00\",\"dateModified\":\"2024-01-12T17:16:38+00:00\",\"breadcrumb\":{\"@id\":\"https:\\\/\\\/diarioprincipios.com\\\/index.php\\\/2024\\\/01\\\/12\\\/continua-el-avance-de-la-obra-de-la-nueva-traza-del-acceso-sudeste\\\/#breadcrumb\"},\"inLanguage\":\"es\",\"potentialAction\":[{\"@type\":\"ReadAction\",\"target\":[\"https:\\\/\\\/diarioprincipios.com\\\/index.php\\\/2024\\\/01\\\/12\\\/continua-el-avance-de-la-obra-de-la-nueva-traza-del-acceso-sudeste\\\/\"]}]},{\"@type\":\"ImageObject\",\"inLanguage\":\"es\",\"@id\":\"https:\\\/\\\/diarioprincipios.com\\\/index.php\\\/2024\\\/01\\\/12\\\/continua-el-avance-de-la-obra-de-la-nueva-traza-del-acceso-sudeste\\\/#primaryimage\",\"url\":\"https:\\\/\\\/diarioprincipios.com\\\/wp-content\\\/uploads\\\/2024\\\/01\\\/CONTINUA-EL-AVANCE-DE-LA-OBRA-DE-LA-NUEVA-TRAZA-DEL-ACCESO-SUDESTE-3.jpg\",\"contentUrl\":\"https:\\\/\\\/diarioprincipios.com\\\/wp-content\\\/uploads\\\/2024\\\/01\\\/CONTINUA-EL-AVANCE-DE-LA-OBRA-DE-LA-NUEVA-TRAZA-DEL-ACCESO-SUDESTE-3.jpg\",\"width\":1280,\"height\":853},{\"@type\":\"BreadcrumbList\",\"@id\":\"https:\\\/\\\/diarioprincipios.com\\\/index.php\\\/2024\\\/01\\\/12\\\/continua-el-avance-de-la-obra-de-la-nueva-traza-del-acceso-sudeste\\\/#breadcrumb\",\"itemListElement\":[{\"@type\":\"ListItem\",\"position\":1,\"name\":\"Portada\",\"item\":\"https:\\\/\\\/diarioprincipios.com\\\/\"},{\"@type\":\"ListItem\",\"position\":2,\"name\":\"Contin\u00faa el avance de la obra de la nueva traza del Acceso Sudeste\"}]},{\"@type\":\"WebSite\",\"@id\":\"https:\\\/\\\/diarioprincipios.com\\\/#website\",\"url\":\"https:\\\/\\\/diarioprincipios.com\\\/\",\"name\":\"Principios\",\"description\":\"Principios Diario\",\"publisher\":{\"@id\":\"https:\\\/\\\/diarioprincipios.com\\\/#organization\"},\"potentialAction\":[{\"@type\":\"SearchAction\",\"target\":{\"@type\":\"EntryPoint\",\"urlTemplate\":\"https:\\\/\\\/diarioprincipios.com\\\/?s={search_term_string}\"},\"query-input\":{\"@type\":\"PropertyValueSpecification\",\"valueRequired\":true,\"valueName\":\"search_term_string\"}}],\"inLanguage\":\"es\"},{\"@type\":\"Organization\",\"@id\":\"https:\\\/\\\/diarioprincipios.com\\\/#organization\",\"name\":\"Principios\",\"url\":\"https:\\\/\\\/diarioprincipios.com\\\/\",\"logo\":{\"@type\":\"ImageObject\",\"inLanguage\":\"es\",\"@id\":\"https:\\\/\\\/diarioprincipios.com\\\/#\\\/schema\\\/logo\\\/image\\\/\",\"url\":\"https:\\\/\\\/diarioprincipios.com\\\/wp-content\\\/uploads\\\/2024\\\/04\\\/cropped-www.diarioprincipios.com_-1.png\",\"contentUrl\":\"https:\\\/\\\/diarioprincipios.com\\\/wp-content\\\/uploads\\\/2024\\\/04\\\/cropped-www.diarioprincipios.com_-1.png\",\"width\":5325,\"height\":1454,\"caption\":\"Principios\"},\"image\":{\"@id\":\"https:\\\/\\\/diarioprincipios.com\\\/#\\\/schema\\\/logo\\\/image\\\/\"}},{\"@type\":\"Person\",\"@id\":\"https:\\\/\\\/diarioprincipios.com\\\/#\\\/schema\\\/person\\\/436d5a1fd41a5e250e23ff5a6a7cb080\",\"name\":\"Hern\u00e1n L\u00f3pez\",\"image\":{\"@type\":\"ImageObject\",\"inLanguage\":\"es\",\"@id\":\"https:\\\/\\\/diarioprincipios.com\\\/wp-content\\\/litespeed\\\/avatar\\\/11ddfe5610ff3bd100522525b2571f48.jpg?ver=1777048341\",\"url\":\"https:\\\/\\\/diarioprincipios.com\\\/wp-content\\\/litespeed\\\/avatar\\\/11ddfe5610ff3bd100522525b2571f48.jpg?ver=1777048341\",\"contentUrl\":\"https:\\\/\\\/diarioprincipios.com\\\/wp-content\\\/litespeed\\\/avatar\\\/11ddfe5610ff3bd100522525b2571f48.jpg?ver=1777048341\",\"caption\":\"Hern\u00e1n L\u00f3pez\"},\"url\":\"https:\\\/\\\/diarioprincipios.com\\\/index.php\\\/author\\\/hernan\\\/\"}]}<\/script>\n<!-- \/ Yoast SEO plugin. -->","yoast_head_json":{"title":"Contin\u00faa el avance de la obra de la nueva traza del Acceso Sudeste - Principios","robots":{"index":"index","follow":"follow","max-snippet":"max-snippet:-1","max-image-preview":"max-image-preview:large","max-video-preview":"max-video-preview:-1"},"canonical":"https:\/\/diarioprincipios.com\/index.php\/2024\/01\/12\/continua-el-avance-de-la-obra-de-la-nueva-traza-del-acceso-sudeste\/","og_locale":"es_ES","og_type":"article","og_title":"Contin\u00faa el avance de la obra de la nueva traza del Acceso Sudeste - Principios","og_description":"El Municipio de Quilmes informa que avanza a buen ritmo la obra de la nueva traza del Acceso Sudeste, con la finalidad de unificar ese espacio con el renovado Tri\u00e1ngulo de Bernal y continuar con la puesta en valor de los ingresos y egresos de la ciudad. Durante los \u00faltimos d\u00edas, los trabajadores, coordinados por...","og_url":"https:\/\/diarioprincipios.com\/index.php\/2024\/01\/12\/continua-el-avance-de-la-obra-de-la-nueva-traza-del-acceso-sudeste\/","og_site_name":"Principios","article_published_time":"2024-01-12T17:16:35+00:00","article_modified_time":"2024-01-12T17:16:38+00:00","og_image":[{"width":1280,"height":853,"url":"https:\/\/diarioprincipios.com\/wp-content\/uploads\/2024\/01\/CONTINUA-EL-AVANCE-DE-LA-OBRA-DE-LA-NUEVA-TRAZA-DEL-ACCESO-SUDESTE-3.jpg","type":"image\/jpeg"}],"author":"Hern\u00e1n L\u00f3pez","twitter_card":"summary_large_image","twitter_misc":{"Escrito por":"Hern\u00e1n L\u00f3pez","Tiempo de lectura":"2 minutos"},"schema":{"@context":"https:\/\/schema.org","@graph":[{"@type":"Article","@id":"https:\/\/diarioprincipios.com\/index.php\/2024\/01\/12\/continua-el-avance-de-la-obra-de-la-nueva-traza-del-acceso-sudeste\/#article","isPartOf":{"@id":"https:\/\/diarioprincipios.com\/index.php\/2024\/01\/12\/continua-el-avance-de-la-obra-de-la-nueva-traza-del-acceso-sudeste\/"},"author":{"name":"Hern\u00e1n L\u00f3pez","@id":"https:\/\/diarioprincipios.com\/#\/schema\/person\/436d5a1fd41a5e250e23ff5a6a7cb080"},"headline":"Contin\u00faa el avance de la obra de la nueva traza del Acceso Sudeste","datePublished":"2024-01-12T17:16:35+00:00","dateModified":"2024-01-12T17:16:38+00:00","mainEntityOfPage":{"@id":"https:\/\/diarioprincipios.com\/index.php\/2024\/01\/12\/continua-el-avance-de-la-obra-de-la-nueva-traza-del-acceso-sudeste\/"},"wordCount":336,"commentCount":0,"publisher":{"@id":"https:\/\/diarioprincipios.com\/#organization"},"image":{"@id":"https:\/\/diarioprincipios.com\/index.php\/2024\/01\/12\/continua-el-avance-de-la-obra-de-la-nueva-traza-del-acceso-sudeste\/#primaryimage"},"thumbnailUrl":"https:\/\/diarioprincipios.com\/wp-content\/uploads\/2024\/01\/CONTINUA-EL-AVANCE-DE-LA-OBRA-DE-LA-NUEVA-TRAZA-DEL-ACCESO-SUDESTE-3.jpg","articleSection":["Quilmes"],"inLanguage":"es","potentialAction":[{"@type":"CommentAction","name":"Comment","target":["https:\/\/diarioprincipios.com\/index.php\/2024\/01\/12\/continua-el-avance-de-la-obra-de-la-nueva-traza-del-acceso-sudeste\/#respond"]}]},{"@type":"WebPage","@id":"https:\/\/diarioprincipios.com\/index.php\/2024\/01\/12\/continua-el-avance-de-la-obra-de-la-nueva-traza-del-acceso-sudeste\/","url":"https:\/\/diarioprincipios.com\/index.php\/2024\/01\/12\/continua-el-avance-de-la-obra-de-la-nueva-traza-del-acceso-sudeste\/","name":"Contin\u00faa el avance de la obra de la nueva traza del Acceso Sudeste - Principios","isPartOf":{"@id":"https:\/\/diarioprincipios.com\/#website"},"primaryImageOfPage":{"@id":"https:\/\/diarioprincipios.com\/index.php\/2024\/01\/12\/continua-el-avance-de-la-obra-de-la-nueva-traza-del-acceso-sudeste\/#primaryimage"},"image":{"@id":"https:\/\/diarioprincipios.com\/index.php\/2024\/01\/12\/continua-el-avance-de-la-obra-de-la-nueva-traza-del-acceso-sudeste\/#primaryimage"},"thumbnailUrl":"https:\/\/diarioprincipios.com\/wp-content\/uploads\/2024\/01\/CONTINUA-EL-AVANCE-DE-LA-OBRA-DE-LA-NUEVA-TRAZA-DEL-ACCESO-SUDESTE-3.jpg","datePublished":"2024-01-12T17:16:35+00:00","dateModified":"2024-01-12T17:16:38+00:00","breadcrumb":{"@id":"https:\/\/diarioprincipios.com\/index.php\/2024\/01\/12\/continua-el-avance-de-la-obra-de-la-nueva-traza-del-acceso-sudeste\/#breadcrumb"},"inLanguage":"es","potentialAction":[{"@type":"ReadAction","target":["https:\/\/diarioprincipios.com\/index.php\/2024\/01\/12\/continua-el-avance-de-la-obra-de-la-nueva-traza-del-acceso-sudeste\/"]}]},{"@type":"ImageObject","inLanguage":"es","@id":"https:\/\/diarioprincipios.com\/index.php\/2024\/01\/12\/continua-el-avance-de-la-obra-de-la-nueva-traza-del-acceso-sudeste\/#primaryimage","url":"https:\/\/diarioprincipios.com\/wp-content\/uploads\/2024\/01\/CONTINUA-EL-AVANCE-DE-LA-OBRA-DE-LA-NUEVA-TRAZA-DEL-ACCESO-SUDESTE-3.jpg","contentUrl":"https:\/\/diarioprincipios.com\/wp-content\/uploads\/2024\/01\/CONTINUA-EL-AVANCE-DE-LA-OBRA-DE-LA-NUEVA-TRAZA-DEL-ACCESO-SUDESTE-3.jpg","width":1280,"height":853},{"@type":"BreadcrumbList","@id":"https:\/\/diarioprincipios.com\/index.php\/2024\/01\/12\/continua-el-avance-de-la-obra-de-la-nueva-traza-del-acceso-sudeste\/#breadcrumb","itemListElement":[{"@type":"ListItem","position":1,"name":"Portada","item":"https:\/\/diarioprincipios.com\/"},{"@type":"ListItem","position":2,"name":"Contin\u00faa el avance de la obra de la nueva traza del Acceso Sudeste"}]},{"@type":"WebSite","@id":"https:\/\/diarioprincipios.com\/#website","url":"https:\/\/diarioprincipios.com\/","name":"Principios","description":"Principios Diario","publisher":{"@id":"https:\/\/diarioprincipios.com\/#organization"},"potentialAction":[{"@type":"SearchAction","target":{"@type":"EntryPoint","urlTemplate":"https:\/\/diarioprincipios.com\/?s={search_term_string}"},"query-input":{"@type":"PropertyValueSpecification","valueRequired":true,"valueName":"search_term_string"}}],"inLanguage":"es"},{"@type":"Organization","@id":"https:\/\/diarioprincipios.com\/#organization","name":"Principios","url":"https:\/\/diarioprincipios.com\/","logo":{"@type":"ImageObject","inLanguage":"es","@id":"https:\/\/diarioprincipios.com\/#\/schema\/logo\/image\/","url":"https:\/\/diarioprincipios.com\/wp-content\/uploads\/2024\/04\/cropped-www.diarioprincipios.com_-1.png","contentUrl":"https:\/\/diarioprincipios.com\/wp-content\/uploads\/2024\/04\/cropped-www.diarioprincipios.com_-1.png","width":5325,"height":1454,"caption":"Principios"},"image":{"@id":"https:\/\/diarioprincipios.com\/#\/schema\/logo\/image\/"}},{"@type":"Person","@id":"https:\/\/diarioprincipios.com\/#\/schema\/person\/436d5a1fd41a5e250e23ff5a6a7cb080","name":"Hern\u00e1n L\u00f3pez","image":{"@type":"ImageObject","inLanguage":"es","@id":"https:\/\/diarioprincipios.com\/wp-content\/litespeed\/avatar\/11ddfe5610ff3bd100522525b2571f48.jpg?ver=1777048341","url":"https:\/\/diarioprincipios.com\/wp-content\/litespeed\/avatar\/11ddfe5610ff3bd100522525b2571f48.jpg?ver=1777048341","contentUrl":"https:\/\/diarioprincipios.com\/wp-content\/litespeed\/avatar\/11ddfe5610ff3bd100522525b2571f48.jpg?ver=1777048341","caption":"Hern\u00e1n L\u00f3pez"},"url":"https:\/\/diarioprincipios.com\/index.php\/author\/hernan\/"}]}},"jetpack_featured_media_url":"https:\/\/diarioprincipios.com\/wp-content\/uploads\/2024\/01\/CONTINUA-EL-AVANCE-DE-LA-OBRA-DE-LA-NUEVA-TRAZA-DEL-ACCESO-SUDESTE-3.jpg","_links":{"self":[{"href":"https:\/\/diarioprincipios.com\/index.php\/wp-json\/wp\/v2\/posts\/20358","targetHints":{"allow":["GET"]}}],"collection":[{"href":"https:\/\/diarioprincipios.com\/index.php\/wp-json\/wp\/v2\/posts"}],"about":[{"href":"https:\/\/diarioprincipios.com\/index.php\/wp-json\/wp\/v2\/types\/post"}],"author":[{"embeddable":true,"href":"https:\/\/diarioprincipios.com\/index.php\/wp-json\/wp\/v2\/users\/2"}],"replies":[{"embeddable":true,"href":"https:\/\/diarioprincipios.com\/index.php\/wp-json\/wp\/v2\/comments?post=20358"}],"version-history":[{"count":1,"href":"https:\/\/diarioprincipios.com\/index.php\/wp-json\/wp\/v2\/posts\/20358\/revisions"}],"predecessor-version":[{"id":20361,"href":"https:\/\/diarioprincipios.com\/index.php\/wp-json\/wp\/v2\/posts\/20358\/revisions\/20361"}],"wp:featuredmedia":[{"embeddable":true,"href":"https:\/\/diarioprincipios.com\/index.php\/wp-json\/wp\/v2\/media\/20360"}],"wp:attachment":[{"href":"https:\/\/diarioprincipios.com\/index.php\/wp-json\/wp\/v2\/media?parent=20358"}],"wp:term":[{"taxonomy":"category","embeddable":true,"href":"https:\/\/diarioprincipios.com\/index.php\/wp-json\/wp\/v2\/categories?post=20358"},{"taxonomy":"post_tag","embeddable":true,"href":"https:\/\/diarioprincipios.com\/index.php\/wp-json\/wp\/v2\/tags?post=20358"}],"curies":[{"name":"wp","href":"https:\/\/api.w.org\/{rel}","templated":true}]}}