{"id":20354,"date":"2024-01-10T13:01:30","date_gmt":"2024-01-10T16:01:30","guid":{"rendered":"http:\/\/diarioprincipios.com\/?p=20354"},"modified":"2024-01-10T13:01:33","modified_gmt":"2024-01-10T16:01:33","slug":"se-firmo-el-acta-de-inicio-de-obras-en-sarandi","status":"publish","type":"post","link":"https:\/\/diarioprincipios.com\/index.php\/2024\/01\/10\/se-firmo-el-acta-de-inicio-de-obras-en-sarandi\/","title":{"rendered":"Se firm\u00f3 el acta de inicio de obras en Sarand\u00ed"},"content":{"rendered":"\n<p>Incluye puentes y obras viales, entre otras mejoras.<\/p>\n\n\n\n<p>El intendente de Avellaneda, Jorge Ferraresi, realiz\u00f3 esta ma\u00f1ana la firma del acta de inicio de obra de los puentes sobre el arroyo Sarand\u00ed.<\/p>\n\n\n\n<p>La r\u00fabrica se desarroll\u00f3 durante una audiencia en el Palacio Comunal que cont\u00f3 con la presencia del secretario de Planificaci\u00f3n, Guillermo Pesce; el director del proyecto, Orlando Ruarte e integrantes de la Unidad Coordinadora del Proyecto de Desarrollo Sustentable de la Cuenca Matanza-Riachuelo.<\/p>\n\n\n\n<p>El proyecto incluye obras viales, rotondas distribuidoras y otros trabajos complementarios para agilizar el tr\u00e1nsito en la zona.<\/p>\n","protected":false},"excerpt":{"rendered":"<p>Incluye puentes y obras viales, entre otras mejoras. El intendente de Avellaneda, Jorge Ferraresi, realiz\u00f3 esta ma\u00f1ana la firma del acta de inicio de obra de los puentes sobre el arroyo Sarand\u00ed. La r\u00fabrica se desarroll\u00f3 durante una audiencia en el Palacio Comunal que cont\u00f3 con la presencia del secretario de Planificaci\u00f3n, Guillermo Pesce; el&#8230;<\/p>\n","protected":false},"author":2,"featured_media":20355,"comment_status":"open","ping_status":"open","sticky":false,"template":"","format":"standard","meta":{"footnotes":""},"categories":[5],"tags":[],"class_list":["post-20354","post","type-post","status-publish","format-standard","has-post-thumbnail","hentry","category-avellaneda"],"featured_image_src":"https:\/\/diarioprincipios.com\/wp-content\/uploads\/2024\/01\/418986134_921507409335328_2958180599391121005_n-1024x681.jpg","blog_images":{"medium":"https:\/\/diarioprincipios.com\/wp-content\/uploads\/2024\/01\/418986134_921507409335328_2958180599391121005_n-300x200.jpg","large":"https:\/\/diarioprincipios.com\/wp-content\/uploads\/2024\/01\/418986134_921507409335328_2958180599391121005_n-1024x681.jpg"},"ams_acf":[],"yoast_head":"<!-- This site is optimized with the Yoast SEO plugin v27.3 - https:\/\/yoast.com\/product\/yoast-seo-wordpress\/ -->\n<title>Se firm\u00f3 el acta de inicio de obras en Sarand\u00ed - Principios<\/title>\n<meta name=\"robots\" content=\"index, follow, max-snippet:-1, max-image-preview:large, max-video-preview:-1\" \/>\n<link rel=\"canonical\" href=\"https:\/\/diarioprincipios.com\/index.php\/2024\/01\/10\/se-firmo-el-acta-de-inicio-de-obras-en-sarandi\/\" \/>\n<meta property=\"og:locale\" content=\"es_ES\" \/>\n<meta property=\"og:type\" content=\"article\" \/>\n<meta property=\"og:title\" content=\"Se firm\u00f3 el acta de inicio de obras en Sarand\u00ed - Principios\" \/>\n<meta property=\"og:description\" content=\"Incluye puentes y obras viales, entre otras mejoras. El intendente de Avellaneda, Jorge Ferraresi, realiz\u00f3 esta ma\u00f1ana la firma del acta de inicio de obra de los puentes sobre el arroyo Sarand\u00ed. La r\u00fabrica se desarroll\u00f3 durante una audiencia en el Palacio Comunal que cont\u00f3 con la presencia del secretario de Planificaci\u00f3n, Guillermo Pesce; el...\" \/>\n<meta property=\"og:url\" content=\"https:\/\/diarioprincipios.com\/index.php\/2024\/01\/10\/se-firmo-el-acta-de-inicio-de-obras-en-sarandi\/\" \/>\n<meta property=\"og:site_name\" content=\"Principios\" \/>\n<meta property=\"article:published_time\" content=\"2024-01-10T16:01:30+00:00\" \/>\n<meta property=\"article:modified_time\" content=\"2024-01-10T16:01:33+00:00\" \/>\n<meta property=\"og:image\" content=\"https:\/\/diarioprincipios.com\/wp-content\/uploads\/2024\/01\/418986134_921507409335328_2958180599391121005_n.jpg\" \/>\n\t<meta property=\"og:image:width\" content=\"1600\" \/>\n\t<meta property=\"og:image:height\" content=\"1064\" \/>\n\t<meta property=\"og:image:type\" content=\"image\/jpeg\" \/>\n<meta name=\"author\" content=\"Hern\u00e1n L\u00f3pez\" \/>\n<meta name=\"twitter:card\" content=\"summary_large_image\" \/>\n<meta name=\"twitter:label1\" content=\"Escrito por\" \/>\n\t<meta name=\"twitter:data1\" content=\"Hern\u00e1n L\u00f3pez\" \/>\n\t<meta name=\"twitter:label2\" content=\"Tiempo de lectura\" \/>\n\t<meta name=\"twitter:data2\" content=\"1 minuto\" \/>\n<script type=\"application\/ld+json\" class=\"yoast-schema-graph\">{\"@context\":\"https:\\\/\\\/schema.org\",\"@graph\":[{\"@type\":\"Article\",\"@id\":\"https:\\\/\\\/diarioprincipios.com\\\/index.php\\\/2024\\\/01\\\/10\\\/se-firmo-el-acta-de-inicio-de-obras-en-sarandi\\\/#article\",\"isPartOf\":{\"@id\":\"https:\\\/\\\/diarioprincipios.com\\\/index.php\\\/2024\\\/01\\\/10\\\/se-firmo-el-acta-de-inicio-de-obras-en-sarandi\\\/\"},\"author\":{\"name\":\"Hern\u00e1n L\u00f3pez\",\"@id\":\"https:\\\/\\\/diarioprincipios.com\\\/#\\\/schema\\\/person\\\/436d5a1fd41a5e250e23ff5a6a7cb080\"},\"headline\":\"Se firm\u00f3 el acta de inicio de obras en Sarand\u00ed\",\"datePublished\":\"2024-01-10T16:01:30+00:00\",\"dateModified\":\"2024-01-10T16:01:33+00:00\",\"mainEntityOfPage\":{\"@id\":\"https:\\\/\\\/diarioprincipios.com\\\/index.php\\\/2024\\\/01\\\/10\\\/se-firmo-el-acta-de-inicio-de-obras-en-sarandi\\\/\"},\"wordCount\":107,\"commentCount\":0,\"publisher\":{\"@id\":\"https:\\\/\\\/diarioprincipios.com\\\/#organization\"},\"image\":{\"@id\":\"https:\\\/\\\/diarioprincipios.com\\\/index.php\\\/2024\\\/01\\\/10\\\/se-firmo-el-acta-de-inicio-de-obras-en-sarandi\\\/#primaryimage\"},\"thumbnailUrl\":\"https:\\\/\\\/diarioprincipios.com\\\/wp-content\\\/uploads\\\/2024\\\/01\\\/418986134_921507409335328_2958180599391121005_n.jpg\",\"articleSection\":[\"Avellaneda\"],\"inLanguage\":\"es\",\"potentialAction\":[{\"@type\":\"CommentAction\",\"name\":\"Comment\",\"target\":[\"https:\\\/\\\/diarioprincipios.com\\\/index.php\\\/2024\\\/01\\\/10\\\/se-firmo-el-acta-de-inicio-de-obras-en-sarandi\\\/#respond\"]}]},{\"@type\":\"WebPage\",\"@id\":\"https:\\\/\\\/diarioprincipios.com\\\/index.php\\\/2024\\\/01\\\/10\\\/se-firmo-el-acta-de-inicio-de-obras-en-sarandi\\\/\",\"url\":\"https:\\\/\\\/diarioprincipios.com\\\/index.php\\\/2024\\\/01\\\/10\\\/se-firmo-el-acta-de-inicio-de-obras-en-sarandi\\\/\",\"name\":\"Se firm\u00f3 el acta de inicio de obras en Sarand\u00ed - Principios\",\"isPartOf\":{\"@id\":\"https:\\\/\\\/diarioprincipios.com\\\/#website\"},\"primaryImageOfPage\":{\"@id\":\"https:\\\/\\\/diarioprincipios.com\\\/index.php\\\/2024\\\/01\\\/10\\\/se-firmo-el-acta-de-inicio-de-obras-en-sarandi\\\/#primaryimage\"},\"image\":{\"@id\":\"https:\\\/\\\/diarioprincipios.com\\\/index.php\\\/2024\\\/01\\\/10\\\/se-firmo-el-acta-de-inicio-de-obras-en-sarandi\\\/#primaryimage\"},\"thumbnailUrl\":\"https:\\\/\\\/diarioprincipios.com\\\/wp-content\\\/uploads\\\/2024\\\/01\\\/418986134_921507409335328_2958180599391121005_n.jpg\",\"datePublished\":\"2024-01-10T16:01:30+00:00\",\"dateModified\":\"2024-01-10T16:01:33+00:00\",\"breadcrumb\":{\"@id\":\"https:\\\/\\\/diarioprincipios.com\\\/index.php\\\/2024\\\/01\\\/10\\\/se-firmo-el-acta-de-inicio-de-obras-en-sarandi\\\/#breadcrumb\"},\"inLanguage\":\"es\",\"potentialAction\":[{\"@type\":\"ReadAction\",\"target\":[\"https:\\\/\\\/diarioprincipios.com\\\/index.php\\\/2024\\\/01\\\/10\\\/se-firmo-el-acta-de-inicio-de-obras-en-sarandi\\\/\"]}]},{\"@type\":\"ImageObject\",\"inLanguage\":\"es\",\"@id\":\"https:\\\/\\\/diarioprincipios.com\\\/index.php\\\/2024\\\/01\\\/10\\\/se-firmo-el-acta-de-inicio-de-obras-en-sarandi\\\/#primaryimage\",\"url\":\"https:\\\/\\\/diarioprincipios.com\\\/wp-content\\\/uploads\\\/2024\\\/01\\\/418986134_921507409335328_2958180599391121005_n.jpg\",\"contentUrl\":\"https:\\\/\\\/diarioprincipios.com\\\/wp-content\\\/uploads\\\/2024\\\/01\\\/418986134_921507409335328_2958180599391121005_n.jpg\",\"width\":1600,\"height\":1064},{\"@type\":\"BreadcrumbList\",\"@id\":\"https:\\\/\\\/diarioprincipios.com\\\/index.php\\\/2024\\\/01\\\/10\\\/se-firmo-el-acta-de-inicio-de-obras-en-sarandi\\\/#breadcrumb\",\"itemListElement\":[{\"@type\":\"ListItem\",\"position\":1,\"name\":\"Portada\",\"item\":\"https:\\\/\\\/diarioprincipios.com\\\/\"},{\"@type\":\"ListItem\",\"position\":2,\"name\":\"Se firm\u00f3 el acta de inicio de obras en Sarand\u00ed\"}]},{\"@type\":\"WebSite\",\"@id\":\"https:\\\/\\\/diarioprincipios.com\\\/#website\",\"url\":\"https:\\\/\\\/diarioprincipios.com\\\/\",\"name\":\"Principios\",\"description\":\"Principios Diario\",\"publisher\":{\"@id\":\"https:\\\/\\\/diarioprincipios.com\\\/#organization\"},\"potentialAction\":[{\"@type\":\"SearchAction\",\"target\":{\"@type\":\"EntryPoint\",\"urlTemplate\":\"https:\\\/\\\/diarioprincipios.com\\\/?s={search_term_string}\"},\"query-input\":{\"@type\":\"PropertyValueSpecification\",\"valueRequired\":true,\"valueName\":\"search_term_string\"}}],\"inLanguage\":\"es\"},{\"@type\":\"Organization\",\"@id\":\"https:\\\/\\\/diarioprincipios.com\\\/#organization\",\"name\":\"Principios\",\"url\":\"https:\\\/\\\/diarioprincipios.com\\\/\",\"logo\":{\"@type\":\"ImageObject\",\"inLanguage\":\"es\",\"@id\":\"https:\\\/\\\/diarioprincipios.com\\\/#\\\/schema\\\/logo\\\/image\\\/\",\"url\":\"https:\\\/\\\/diarioprincipios.com\\\/wp-content\\\/uploads\\\/2024\\\/04\\\/cropped-www.diarioprincipios.com_-1.png\",\"contentUrl\":\"https:\\\/\\\/diarioprincipios.com\\\/wp-content\\\/uploads\\\/2024\\\/04\\\/cropped-www.diarioprincipios.com_-1.png\",\"width\":5325,\"height\":1454,\"caption\":\"Principios\"},\"image\":{\"@id\":\"https:\\\/\\\/diarioprincipios.com\\\/#\\\/schema\\\/logo\\\/image\\\/\"}},{\"@type\":\"Person\",\"@id\":\"https:\\\/\\\/diarioprincipios.com\\\/#\\\/schema\\\/person\\\/436d5a1fd41a5e250e23ff5a6a7cb080\",\"name\":\"Hern\u00e1n L\u00f3pez\",\"image\":{\"@type\":\"ImageObject\",\"inLanguage\":\"es\",\"@id\":\"https:\\\/\\\/diarioprincipios.com\\\/wp-content\\\/litespeed\\\/avatar\\\/11ddfe5610ff3bd100522525b2571f48.jpg?ver=1777048341\",\"url\":\"https:\\\/\\\/diarioprincipios.com\\\/wp-content\\\/litespeed\\\/avatar\\\/11ddfe5610ff3bd100522525b2571f48.jpg?ver=1777048341\",\"contentUrl\":\"https:\\\/\\\/diarioprincipios.com\\\/wp-content\\\/litespeed\\\/avatar\\\/11ddfe5610ff3bd100522525b2571f48.jpg?ver=1777048341\",\"caption\":\"Hern\u00e1n L\u00f3pez\"},\"url\":\"https:\\\/\\\/diarioprincipios.com\\\/index.php\\\/author\\\/hernan\\\/\"}]}<\/script>\n<!-- \/ Yoast SEO plugin. -->","yoast_head_json":{"title":"Se firm\u00f3 el acta de inicio de obras en Sarand\u00ed - Principios","robots":{"index":"index","follow":"follow","max-snippet":"max-snippet:-1","max-image-preview":"max-image-preview:large","max-video-preview":"max-video-preview:-1"},"canonical":"https:\/\/diarioprincipios.com\/index.php\/2024\/01\/10\/se-firmo-el-acta-de-inicio-de-obras-en-sarandi\/","og_locale":"es_ES","og_type":"article","og_title":"Se firm\u00f3 el acta de inicio de obras en Sarand\u00ed - Principios","og_description":"Incluye puentes y obras viales, entre otras mejoras. El intendente de Avellaneda, Jorge Ferraresi, realiz\u00f3 esta ma\u00f1ana la firma del acta de inicio de obra de los puentes sobre el arroyo Sarand\u00ed. La r\u00fabrica se desarroll\u00f3 durante una audiencia en el Palacio Comunal que cont\u00f3 con la presencia del secretario de Planificaci\u00f3n, Guillermo Pesce; el...","og_url":"https:\/\/diarioprincipios.com\/index.php\/2024\/01\/10\/se-firmo-el-acta-de-inicio-de-obras-en-sarandi\/","og_site_name":"Principios","article_published_time":"2024-01-10T16:01:30+00:00","article_modified_time":"2024-01-10T16:01:33+00:00","og_image":[{"width":1600,"height":1064,"url":"https:\/\/diarioprincipios.com\/wp-content\/uploads\/2024\/01\/418986134_921507409335328_2958180599391121005_n.jpg","type":"image\/jpeg"}],"author":"Hern\u00e1n L\u00f3pez","twitter_card":"summary_large_image","twitter_misc":{"Escrito por":"Hern\u00e1n L\u00f3pez","Tiempo de lectura":"1 minuto"},"schema":{"@context":"https:\/\/schema.org","@graph":[{"@type":"Article","@id":"https:\/\/diarioprincipios.com\/index.php\/2024\/01\/10\/se-firmo-el-acta-de-inicio-de-obras-en-sarandi\/#article","isPartOf":{"@id":"https:\/\/diarioprincipios.com\/index.php\/2024\/01\/10\/se-firmo-el-acta-de-inicio-de-obras-en-sarandi\/"},"author":{"name":"Hern\u00e1n L\u00f3pez","@id":"https:\/\/diarioprincipios.com\/#\/schema\/person\/436d5a1fd41a5e250e23ff5a6a7cb080"},"headline":"Se firm\u00f3 el acta de inicio de obras en Sarand\u00ed","datePublished":"2024-01-10T16:01:30+00:00","dateModified":"2024-01-10T16:01:33+00:00","mainEntityOfPage":{"@id":"https:\/\/diarioprincipios.com\/index.php\/2024\/01\/10\/se-firmo-el-acta-de-inicio-de-obras-en-sarandi\/"},"wordCount":107,"commentCount":0,"publisher":{"@id":"https:\/\/diarioprincipios.com\/#organization"},"image":{"@id":"https:\/\/diarioprincipios.com\/index.php\/2024\/01\/10\/se-firmo-el-acta-de-inicio-de-obras-en-sarandi\/#primaryimage"},"thumbnailUrl":"https:\/\/diarioprincipios.com\/wp-content\/uploads\/2024\/01\/418986134_921507409335328_2958180599391121005_n.jpg","articleSection":["Avellaneda"],"inLanguage":"es","potentialAction":[{"@type":"CommentAction","name":"Comment","target":["https:\/\/diarioprincipios.com\/index.php\/2024\/01\/10\/se-firmo-el-acta-de-inicio-de-obras-en-sarandi\/#respond"]}]},{"@type":"WebPage","@id":"https:\/\/diarioprincipios.com\/index.php\/2024\/01\/10\/se-firmo-el-acta-de-inicio-de-obras-en-sarandi\/","url":"https:\/\/diarioprincipios.com\/index.php\/2024\/01\/10\/se-firmo-el-acta-de-inicio-de-obras-en-sarandi\/","name":"Se firm\u00f3 el acta de inicio de obras en Sarand\u00ed - Principios","isPartOf":{"@id":"https:\/\/diarioprincipios.com\/#website"},"primaryImageOfPage":{"@id":"https:\/\/diarioprincipios.com\/index.php\/2024\/01\/10\/se-firmo-el-acta-de-inicio-de-obras-en-sarandi\/#primaryimage"},"image":{"@id":"https:\/\/diarioprincipios.com\/index.php\/2024\/01\/10\/se-firmo-el-acta-de-inicio-de-obras-en-sarandi\/#primaryimage"},"thumbnailUrl":"https:\/\/diarioprincipios.com\/wp-content\/uploads\/2024\/01\/418986134_921507409335328_2958180599391121005_n.jpg","datePublished":"2024-01-10T16:01:30+00:00","dateModified":"2024-01-10T16:01:33+00:00","breadcrumb":{"@id":"https:\/\/diarioprincipios.com\/index.php\/2024\/01\/10\/se-firmo-el-acta-de-inicio-de-obras-en-sarandi\/#breadcrumb"},"inLanguage":"es","potentialAction":[{"@type":"ReadAction","target":["https:\/\/diarioprincipios.com\/index.php\/2024\/01\/10\/se-firmo-el-acta-de-inicio-de-obras-en-sarandi\/"]}]},{"@type":"ImageObject","inLanguage":"es","@id":"https:\/\/diarioprincipios.com\/index.php\/2024\/01\/10\/se-firmo-el-acta-de-inicio-de-obras-en-sarandi\/#primaryimage","url":"https:\/\/diarioprincipios.com\/wp-content\/uploads\/2024\/01\/418986134_921507409335328_2958180599391121005_n.jpg","contentUrl":"https:\/\/diarioprincipios.com\/wp-content\/uploads\/2024\/01\/418986134_921507409335328_2958180599391121005_n.jpg","width":1600,"height":1064},{"@type":"BreadcrumbList","@id":"https:\/\/diarioprincipios.com\/index.php\/2024\/01\/10\/se-firmo-el-acta-de-inicio-de-obras-en-sarandi\/#breadcrumb","itemListElement":[{"@type":"ListItem","position":1,"name":"Portada","item":"https:\/\/diarioprincipios.com\/"},{"@type":"ListItem","position":2,"name":"Se firm\u00f3 el acta de inicio de obras en Sarand\u00ed"}]},{"@type":"WebSite","@id":"https:\/\/diarioprincipios.com\/#website","url":"https:\/\/diarioprincipios.com\/","name":"Principios","description":"Principios Diario","publisher":{"@id":"https:\/\/diarioprincipios.com\/#organization"},"potentialAction":[{"@type":"SearchAction","target":{"@type":"EntryPoint","urlTemplate":"https:\/\/diarioprincipios.com\/?s={search_term_string}"},"query-input":{"@type":"PropertyValueSpecification","valueRequired":true,"valueName":"search_term_string"}}],"inLanguage":"es"},{"@type":"Organization","@id":"https:\/\/diarioprincipios.com\/#organization","name":"Principios","url":"https:\/\/diarioprincipios.com\/","logo":{"@type":"ImageObject","inLanguage":"es","@id":"https:\/\/diarioprincipios.com\/#\/schema\/logo\/image\/","url":"https:\/\/diarioprincipios.com\/wp-content\/uploads\/2024\/04\/cropped-www.diarioprincipios.com_-1.png","contentUrl":"https:\/\/diarioprincipios.com\/wp-content\/uploads\/2024\/04\/cropped-www.diarioprincipios.com_-1.png","width":5325,"height":1454,"caption":"Principios"},"image":{"@id":"https:\/\/diarioprincipios.com\/#\/schema\/logo\/image\/"}},{"@type":"Person","@id":"https:\/\/diarioprincipios.com\/#\/schema\/person\/436d5a1fd41a5e250e23ff5a6a7cb080","name":"Hern\u00e1n L\u00f3pez","image":{"@type":"ImageObject","inLanguage":"es","@id":"https:\/\/diarioprincipios.com\/wp-content\/litespeed\/avatar\/11ddfe5610ff3bd100522525b2571f48.jpg?ver=1777048341","url":"https:\/\/diarioprincipios.com\/wp-content\/litespeed\/avatar\/11ddfe5610ff3bd100522525b2571f48.jpg?ver=1777048341","contentUrl":"https:\/\/diarioprincipios.com\/wp-content\/litespeed\/avatar\/11ddfe5610ff3bd100522525b2571f48.jpg?ver=1777048341","caption":"Hern\u00e1n L\u00f3pez"},"url":"https:\/\/diarioprincipios.com\/index.php\/author\/hernan\/"}]}},"jetpack_featured_media_url":"https:\/\/diarioprincipios.com\/wp-content\/uploads\/2024\/01\/418986134_921507409335328_2958180599391121005_n.jpg","_links":{"self":[{"href":"https:\/\/diarioprincipios.com\/index.php\/wp-json\/wp\/v2\/posts\/20354","targetHints":{"allow":["GET"]}}],"collection":[{"href":"https:\/\/diarioprincipios.com\/index.php\/wp-json\/wp\/v2\/posts"}],"about":[{"href":"https:\/\/diarioprincipios.com\/index.php\/wp-json\/wp\/v2\/types\/post"}],"author":[{"embeddable":true,"href":"https:\/\/diarioprincipios.com\/index.php\/wp-json\/wp\/v2\/users\/2"}],"replies":[{"embeddable":true,"href":"https:\/\/diarioprincipios.com\/index.php\/wp-json\/wp\/v2\/comments?post=20354"}],"version-history":[{"count":1,"href":"https:\/\/diarioprincipios.com\/index.php\/wp-json\/wp\/v2\/posts\/20354\/revisions"}],"predecessor-version":[{"id":20356,"href":"https:\/\/diarioprincipios.com\/index.php\/wp-json\/wp\/v2\/posts\/20354\/revisions\/20356"}],"wp:featuredmedia":[{"embeddable":true,"href":"https:\/\/diarioprincipios.com\/index.php\/wp-json\/wp\/v2\/media\/20355"}],"wp:attachment":[{"href":"https:\/\/diarioprincipios.com\/index.php\/wp-json\/wp\/v2\/media?parent=20354"}],"wp:term":[{"taxonomy":"category","embeddable":true,"href":"https:\/\/diarioprincipios.com\/index.php\/wp-json\/wp\/v2\/categories?post=20354"},{"taxonomy":"post_tag","embeddable":true,"href":"https:\/\/diarioprincipios.com\/index.php\/wp-json\/wp\/v2\/tags?post=20354"}],"curies":[{"name":"wp","href":"https:\/\/api.w.org\/{rel}","templated":true}]}}