{"id":20306,"date":"2024-01-06T22:02:03","date_gmt":"2024-01-07T01:02:03","guid":{"rendered":"http:\/\/diarioprincipios.com\/?p=20306"},"modified":"2024-01-06T22:02:05","modified_gmt":"2024-01-07T01:02:05","slug":"contundente-aprobacion-de-la-asamblea-general-de-memoria-y-balance-de-los-empleados-de-comercio","status":"publish","type":"post","link":"https:\/\/diarioprincipios.com\/index.php\/2024\/01\/06\/contundente-aprobacion-de-la-asamblea-general-de-memoria-y-balance-de-los-empleados-de-comercio\/","title":{"rendered":"Contundente aprobaci\u00f3n de la Asamblea General de Memoria y Balance de los Empleados de Comercio"},"content":{"rendered":"\n<p>El d\u00eda jueves&nbsp;04 de enero de 2024, el Centro de Empleados de Comercio de Quilmes, encabezado por su Secretario General, Roberto \u201cMata\u201d Rodr\u00edguez,&nbsp;llev\u00f3 adelante la Asamblea General Ordinaria para aprobaci\u00f3n de Memoria y Balance del ejercicio comprendido entre el 1 de Noviembre de 2022 y el 31 de Octubre de 2023, en el Complejo Recreativo \u201cRibera de Quilmes\u201d ubicado en la Localidad de Quilmes.<\/p>\n\n\n\n<p>Con la concurrencia de cientos de trabajadores, bajo la supervisi\u00f3n del Ministerio de Trabajo, la presencia del cuerpo de delegados y la compa\u00f1\u00eda de un hermoso d\u00eda de verano con vista al majestuoso Rio de La Plata, los empleados de comercio dieron visto bueno a lo realizado en el pasado ejercicio y presenciaron con alegr\u00eda la puesta en funcionamiento de los muchos proyectos en los que se ven\u00eda trabajando y que hoy son una realidad efectiva.\u00a0<\/p>\n\n\n\n<figure class=\"wp-block-image size-large\"><img loading=\"lazy\" decoding=\"async\" width=\"1024\" height=\"649\" src=\"https:\/\/diarioprincipios.com\/wp-content\/uploads\/2024\/01\/IMG-20240105-WA0009-1024x649.jpg\" alt=\"\" class=\"wp-image-20307\" srcset=\"https:\/\/diarioprincipios.com\/wp-content\/uploads\/2024\/01\/IMG-20240105-WA0009-1024x649.jpg 1024w, https:\/\/diarioprincipios.com\/wp-content\/uploads\/2024\/01\/IMG-20240105-WA0009-300x190.jpg 300w, https:\/\/diarioprincipios.com\/wp-content\/uploads\/2024\/01\/IMG-20240105-WA0009-768x487.jpg 768w, https:\/\/diarioprincipios.com\/wp-content\/uploads\/2024\/01\/IMG-20240105-WA0009.jpg 1215w\" sizes=\"auto, (max-width: 1024px) 100vw, 1024px\" \/><\/figure>\n\n\n\n<p>Es que no restaba m\u00e1s que levantar la vista para poder apreciar el enorme avance logrado en el Predio de la Ribera de Quilmes, donde se ampli\u00f3 considerablemente el espacio acondicionado con la construcci\u00f3n de dos invernaderos interactivos y sus respectivas huertas org\u00e1nicas, se renov\u00f3 la iluminaci\u00f3n, alambrados y tendidos de agua y servicios.<\/p>\n\n\n\n<p>No falto el comentario sobre los destrozos causados en el predio por la \u00faltima tormenta vivida, y el reconocimiento a los trabajadores del Gremio que, en un enorme esfuerzo, colaboraron para devolverle al espacio su esplendor, en el menor tiempo posible.&nbsp;<\/p>\n\n\n\n<p>En el mismo sentido, y con gran orgullo, el \u201cMata\u201d Rodr\u00edguez hizo gran hincapi\u00e9 en la finalizaci\u00f3n de la obra del nuevo edificio para el Instituto de Formaci\u00f3n Laboral N\u00ba402 que funciona en el Parque Industrial y Tecnol\u00f3gico de Quilmes, donde anualmente transitan su camino de formaci\u00f3n m\u00e1s de 1000 alumnos y donde se construyen paulatinamente opciones de futuro para los empleados de comercio y sus familias, as\u00ed como para los vecinos y vecinas que se acercan en busca de oficios con r\u00e1pida salida laboral.\u00a0<\/p>\n\n\n\n<figure class=\"wp-block-image size-large\"><img loading=\"lazy\" decoding=\"async\" width=\"1024\" height=\"591\" src=\"https:\/\/diarioprincipios.com\/wp-content\/uploads\/2024\/01\/IMG-20240105-WA0012-1024x591.jpg\" alt=\"\" class=\"wp-image-20308\" srcset=\"https:\/\/diarioprincipios.com\/wp-content\/uploads\/2024\/01\/IMG-20240105-WA0012-1024x591.jpg 1024w, https:\/\/diarioprincipios.com\/wp-content\/uploads\/2024\/01\/IMG-20240105-WA0012-300x173.jpg 300w, https:\/\/diarioprincipios.com\/wp-content\/uploads\/2024\/01\/IMG-20240105-WA0012-768x443.jpg 768w, https:\/\/diarioprincipios.com\/wp-content\/uploads\/2024\/01\/IMG-20240105-WA0012.jpg 1498w\" sizes=\"auto, (max-width: 1024px) 100vw, 1024px\" \/><\/figure>\n\n\n\n<p>En este marco, y haciendo especial menci\u00f3n, el Secretario General comparti\u00f3 con los presentes un video donde un ex alumno del CFL N\u00ba402 agradec\u00eda a la instituci\u00f3n el acompa\u00f1amiento y la formaci\u00f3n Laboral que le permitieron estar prestando tareas como soldador combinado en la Obra de \u201cVaca Muerta\u201d.<\/p>\n\n\n\n<p>De la misma manera, inform\u00f3 a los presentes de la inminente finalizaci\u00f3n de la obra de la nueva Delegaci\u00f3n Fcio. Varela, obra esta, que promete asegurar mayores servicios y comodidades a los trabajadores y vecinos varelenses, y que acompa\u00f1a el enorme crecimiento que se viene registrando en la zona.&nbsp;<\/p>\n\n\n\n<p>Acompa\u00f1ado por un video institucional que mostraba a los presentes las im\u00e1genes de lo realizado, y luego de evaluar la coyuntura pol\u00edtica actual, el \u201cMata\u201d, pormenorizo cada beneficio otorgado y cada avance logrado por la instituci\u00f3n, se\u00f1alando el enorme orgullo que siente al ver el estado de pertenencia que poseen los empleados de comercio con su gremio y el cuidado y amor que demuestran diariamente con los espacios y servicios que poseen y agradeciendo profundamente el acompa\u00f1amiento y el apoyo.&nbsp;<\/p>\n","protected":false},"excerpt":{"rendered":"<p>El d\u00eda jueves&nbsp;04 de enero de 2024, el Centro de Empleados de Comercio de Quilmes, encabezado por su Secretario General, Roberto \u201cMata\u201d Rodr\u00edguez,&nbsp;llev\u00f3 adelante la Asamblea General Ordinaria para aprobaci\u00f3n de Memoria y Balance del ejercicio comprendido entre el 1 de Noviembre de 2022 y el 31 de Octubre de 2023, en el Complejo Recreativo&#8230;<\/p>\n","protected":false},"author":2,"featured_media":20309,"comment_status":"open","ping_status":"open","sticky":false,"template":"","format":"standard","meta":{"footnotes":""},"categories":[4],"tags":[],"class_list":["post-20306","post","type-post","status-publish","format-standard","has-post-thumbnail","hentry","category-quilmes"],"featured_image_src":"https:\/\/diarioprincipios.com\/wp-content\/uploads\/2024\/01\/IMG-20240105-WA0013-1024x603.jpg","blog_images":{"medium":"https:\/\/diarioprincipios.com\/wp-content\/uploads\/2024\/01\/IMG-20240105-WA0013-300x177.jpg","large":"https:\/\/diarioprincipios.com\/wp-content\/uploads\/2024\/01\/IMG-20240105-WA0013-1024x603.jpg"},"ams_acf":[],"yoast_head":"<!-- This site is optimized with the Yoast SEO plugin v27.3 - https:\/\/yoast.com\/product\/yoast-seo-wordpress\/ -->\n<title>Contundente aprobaci\u00f3n de la Asamblea General de Memoria y Balance de los Empleados de Comercio - Principios<\/title>\n<meta name=\"robots\" content=\"index, follow, max-snippet:-1, max-image-preview:large, max-video-preview:-1\" \/>\n<link rel=\"canonical\" href=\"https:\/\/diarioprincipios.com\/index.php\/2024\/01\/06\/contundente-aprobacion-de-la-asamblea-general-de-memoria-y-balance-de-los-empleados-de-comercio\/\" \/>\n<meta property=\"og:locale\" content=\"es_ES\" \/>\n<meta property=\"og:type\" content=\"article\" \/>\n<meta property=\"og:title\" content=\"Contundente aprobaci\u00f3n de la Asamblea General de Memoria y Balance de los Empleados de Comercio - Principios\" \/>\n<meta property=\"og:description\" content=\"El d\u00eda jueves&nbsp;04 de enero de 2024, el Centro de Empleados de Comercio de Quilmes, encabezado por su Secretario General, Roberto \u201cMata\u201d Rodr\u00edguez,&nbsp;llev\u00f3 adelante la Asamblea General Ordinaria para aprobaci\u00f3n de Memoria y Balance del ejercicio comprendido entre el 1 de Noviembre de 2022 y el 31 de Octubre de 2023, en el Complejo Recreativo...\" \/>\n<meta property=\"og:url\" content=\"https:\/\/diarioprincipios.com\/index.php\/2024\/01\/06\/contundente-aprobacion-de-la-asamblea-general-de-memoria-y-balance-de-los-empleados-de-comercio\/\" \/>\n<meta property=\"og:site_name\" content=\"Principios\" \/>\n<meta property=\"article:published_time\" content=\"2024-01-07T01:02:03+00:00\" \/>\n<meta property=\"article:modified_time\" content=\"2024-01-07T01:02:05+00:00\" \/>\n<meta property=\"og:image\" content=\"https:\/\/diarioprincipios.com\/wp-content\/uploads\/2024\/01\/IMG-20240105-WA0013.jpg\" \/>\n\t<meta property=\"og:image:width\" content=\"1440\" \/>\n\t<meta property=\"og:image:height\" content=\"848\" \/>\n\t<meta property=\"og:image:type\" content=\"image\/jpeg\" \/>\n<meta name=\"author\" content=\"Hern\u00e1n L\u00f3pez\" \/>\n<meta name=\"twitter:card\" content=\"summary_large_image\" \/>\n<meta name=\"twitter:label1\" content=\"Escrito por\" \/>\n\t<meta name=\"twitter:data1\" content=\"Hern\u00e1n L\u00f3pez\" \/>\n\t<meta name=\"twitter:label2\" content=\"Tiempo de lectura\" \/>\n\t<meta name=\"twitter:data2\" content=\"3 minutos\" \/>\n<script type=\"application\/ld+json\" class=\"yoast-schema-graph\">{\"@context\":\"https:\\\/\\\/schema.org\",\"@graph\":[{\"@type\":\"Article\",\"@id\":\"https:\\\/\\\/diarioprincipios.com\\\/index.php\\\/2024\\\/01\\\/06\\\/contundente-aprobacion-de-la-asamblea-general-de-memoria-y-balance-de-los-empleados-de-comercio\\\/#article\",\"isPartOf\":{\"@id\":\"https:\\\/\\\/diarioprincipios.com\\\/index.php\\\/2024\\\/01\\\/06\\\/contundente-aprobacion-de-la-asamblea-general-de-memoria-y-balance-de-los-empleados-de-comercio\\\/\"},\"author\":{\"name\":\"Hern\u00e1n L\u00f3pez\",\"@id\":\"https:\\\/\\\/diarioprincipios.com\\\/#\\\/schema\\\/person\\\/436d5a1fd41a5e250e23ff5a6a7cb080\"},\"headline\":\"Contundente aprobaci\u00f3n de la Asamblea General de Memoria y Balance de los Empleados de Comercio\",\"datePublished\":\"2024-01-07T01:02:03+00:00\",\"dateModified\":\"2024-01-07T01:02:05+00:00\",\"mainEntityOfPage\":{\"@id\":\"https:\\\/\\\/diarioprincipios.com\\\/index.php\\\/2024\\\/01\\\/06\\\/contundente-aprobacion-de-la-asamblea-general-de-memoria-y-balance-de-los-empleados-de-comercio\\\/\"},\"wordCount\":546,\"commentCount\":0,\"publisher\":{\"@id\":\"https:\\\/\\\/diarioprincipios.com\\\/#organization\"},\"image\":{\"@id\":\"https:\\\/\\\/diarioprincipios.com\\\/index.php\\\/2024\\\/01\\\/06\\\/contundente-aprobacion-de-la-asamblea-general-de-memoria-y-balance-de-los-empleados-de-comercio\\\/#primaryimage\"},\"thumbnailUrl\":\"https:\\\/\\\/diarioprincipios.com\\\/wp-content\\\/uploads\\\/2024\\\/01\\\/IMG-20240105-WA0013.jpg\",\"articleSection\":[\"Quilmes\"],\"inLanguage\":\"es\",\"potentialAction\":[{\"@type\":\"CommentAction\",\"name\":\"Comment\",\"target\":[\"https:\\\/\\\/diarioprincipios.com\\\/index.php\\\/2024\\\/01\\\/06\\\/contundente-aprobacion-de-la-asamblea-general-de-memoria-y-balance-de-los-empleados-de-comercio\\\/#respond\"]}]},{\"@type\":\"WebPage\",\"@id\":\"https:\\\/\\\/diarioprincipios.com\\\/index.php\\\/2024\\\/01\\\/06\\\/contundente-aprobacion-de-la-asamblea-general-de-memoria-y-balance-de-los-empleados-de-comercio\\\/\",\"url\":\"https:\\\/\\\/diarioprincipios.com\\\/index.php\\\/2024\\\/01\\\/06\\\/contundente-aprobacion-de-la-asamblea-general-de-memoria-y-balance-de-los-empleados-de-comercio\\\/\",\"name\":\"Contundente aprobaci\u00f3n de la Asamblea General de Memoria y Balance de los Empleados de Comercio - Principios\",\"isPartOf\":{\"@id\":\"https:\\\/\\\/diarioprincipios.com\\\/#website\"},\"primaryImageOfPage\":{\"@id\":\"https:\\\/\\\/diarioprincipios.com\\\/index.php\\\/2024\\\/01\\\/06\\\/contundente-aprobacion-de-la-asamblea-general-de-memoria-y-balance-de-los-empleados-de-comercio\\\/#primaryimage\"},\"image\":{\"@id\":\"https:\\\/\\\/diarioprincipios.com\\\/index.php\\\/2024\\\/01\\\/06\\\/contundente-aprobacion-de-la-asamblea-general-de-memoria-y-balance-de-los-empleados-de-comercio\\\/#primaryimage\"},\"thumbnailUrl\":\"https:\\\/\\\/diarioprincipios.com\\\/wp-content\\\/uploads\\\/2024\\\/01\\\/IMG-20240105-WA0013.jpg\",\"datePublished\":\"2024-01-07T01:02:03+00:00\",\"dateModified\":\"2024-01-07T01:02:05+00:00\",\"breadcrumb\":{\"@id\":\"https:\\\/\\\/diarioprincipios.com\\\/index.php\\\/2024\\\/01\\\/06\\\/contundente-aprobacion-de-la-asamblea-general-de-memoria-y-balance-de-los-empleados-de-comercio\\\/#breadcrumb\"},\"inLanguage\":\"es\",\"potentialAction\":[{\"@type\":\"ReadAction\",\"target\":[\"https:\\\/\\\/diarioprincipios.com\\\/index.php\\\/2024\\\/01\\\/06\\\/contundente-aprobacion-de-la-asamblea-general-de-memoria-y-balance-de-los-empleados-de-comercio\\\/\"]}]},{\"@type\":\"ImageObject\",\"inLanguage\":\"es\",\"@id\":\"https:\\\/\\\/diarioprincipios.com\\\/index.php\\\/2024\\\/01\\\/06\\\/contundente-aprobacion-de-la-asamblea-general-de-memoria-y-balance-de-los-empleados-de-comercio\\\/#primaryimage\",\"url\":\"https:\\\/\\\/diarioprincipios.com\\\/wp-content\\\/uploads\\\/2024\\\/01\\\/IMG-20240105-WA0013.jpg\",\"contentUrl\":\"https:\\\/\\\/diarioprincipios.com\\\/wp-content\\\/uploads\\\/2024\\\/01\\\/IMG-20240105-WA0013.jpg\",\"width\":1440,\"height\":848},{\"@type\":\"BreadcrumbList\",\"@id\":\"https:\\\/\\\/diarioprincipios.com\\\/index.php\\\/2024\\\/01\\\/06\\\/contundente-aprobacion-de-la-asamblea-general-de-memoria-y-balance-de-los-empleados-de-comercio\\\/#breadcrumb\",\"itemListElement\":[{\"@type\":\"ListItem\",\"position\":1,\"name\":\"Portada\",\"item\":\"https:\\\/\\\/diarioprincipios.com\\\/\"},{\"@type\":\"ListItem\",\"position\":2,\"name\":\"Contundente aprobaci\u00f3n de la Asamblea General de Memoria y Balance de los Empleados de Comercio\"}]},{\"@type\":\"WebSite\",\"@id\":\"https:\\\/\\\/diarioprincipios.com\\\/#website\",\"url\":\"https:\\\/\\\/diarioprincipios.com\\\/\",\"name\":\"Principios\",\"description\":\"Principios Diario\",\"publisher\":{\"@id\":\"https:\\\/\\\/diarioprincipios.com\\\/#organization\"},\"potentialAction\":[{\"@type\":\"SearchAction\",\"target\":{\"@type\":\"EntryPoint\",\"urlTemplate\":\"https:\\\/\\\/diarioprincipios.com\\\/?s={search_term_string}\"},\"query-input\":{\"@type\":\"PropertyValueSpecification\",\"valueRequired\":true,\"valueName\":\"search_term_string\"}}],\"inLanguage\":\"es\"},{\"@type\":\"Organization\",\"@id\":\"https:\\\/\\\/diarioprincipios.com\\\/#organization\",\"name\":\"Principios\",\"url\":\"https:\\\/\\\/diarioprincipios.com\\\/\",\"logo\":{\"@type\":\"ImageObject\",\"inLanguage\":\"es\",\"@id\":\"https:\\\/\\\/diarioprincipios.com\\\/#\\\/schema\\\/logo\\\/image\\\/\",\"url\":\"https:\\\/\\\/diarioprincipios.com\\\/wp-content\\\/uploads\\\/2024\\\/04\\\/cropped-www.diarioprincipios.com_-1.png\",\"contentUrl\":\"https:\\\/\\\/diarioprincipios.com\\\/wp-content\\\/uploads\\\/2024\\\/04\\\/cropped-www.diarioprincipios.com_-1.png\",\"width\":5325,\"height\":1454,\"caption\":\"Principios\"},\"image\":{\"@id\":\"https:\\\/\\\/diarioprincipios.com\\\/#\\\/schema\\\/logo\\\/image\\\/\"}},{\"@type\":\"Person\",\"@id\":\"https:\\\/\\\/diarioprincipios.com\\\/#\\\/schema\\\/person\\\/436d5a1fd41a5e250e23ff5a6a7cb080\",\"name\":\"Hern\u00e1n L\u00f3pez\",\"image\":{\"@type\":\"ImageObject\",\"inLanguage\":\"es\",\"@id\":\"https:\\\/\\\/diarioprincipios.com\\\/wp-content\\\/litespeed\\\/avatar\\\/11ddfe5610ff3bd100522525b2571f48.jpg?ver=1777048341\",\"url\":\"https:\\\/\\\/diarioprincipios.com\\\/wp-content\\\/litespeed\\\/avatar\\\/11ddfe5610ff3bd100522525b2571f48.jpg?ver=1777048341\",\"contentUrl\":\"https:\\\/\\\/diarioprincipios.com\\\/wp-content\\\/litespeed\\\/avatar\\\/11ddfe5610ff3bd100522525b2571f48.jpg?ver=1777048341\",\"caption\":\"Hern\u00e1n L\u00f3pez\"},\"url\":\"https:\\\/\\\/diarioprincipios.com\\\/index.php\\\/author\\\/hernan\\\/\"}]}<\/script>\n<!-- \/ Yoast SEO plugin. -->","yoast_head_json":{"title":"Contundente aprobaci\u00f3n de la Asamblea General de Memoria y Balance de los Empleados de Comercio - Principios","robots":{"index":"index","follow":"follow","max-snippet":"max-snippet:-1","max-image-preview":"max-image-preview:large","max-video-preview":"max-video-preview:-1"},"canonical":"https:\/\/diarioprincipios.com\/index.php\/2024\/01\/06\/contundente-aprobacion-de-la-asamblea-general-de-memoria-y-balance-de-los-empleados-de-comercio\/","og_locale":"es_ES","og_type":"article","og_title":"Contundente aprobaci\u00f3n de la Asamblea General de Memoria y Balance de los Empleados de Comercio - Principios","og_description":"El d\u00eda jueves&nbsp;04 de enero de 2024, el Centro de Empleados de Comercio de Quilmes, encabezado por su Secretario General, Roberto \u201cMata\u201d Rodr\u00edguez,&nbsp;llev\u00f3 adelante la Asamblea General Ordinaria para aprobaci\u00f3n de Memoria y Balance del ejercicio comprendido entre el 1 de Noviembre de 2022 y el 31 de Octubre de 2023, en el Complejo Recreativo...","og_url":"https:\/\/diarioprincipios.com\/index.php\/2024\/01\/06\/contundente-aprobacion-de-la-asamblea-general-de-memoria-y-balance-de-los-empleados-de-comercio\/","og_site_name":"Principios","article_published_time":"2024-01-07T01:02:03+00:00","article_modified_time":"2024-01-07T01:02:05+00:00","og_image":[{"width":1440,"height":848,"url":"https:\/\/diarioprincipios.com\/wp-content\/uploads\/2024\/01\/IMG-20240105-WA0013.jpg","type":"image\/jpeg"}],"author":"Hern\u00e1n L\u00f3pez","twitter_card":"summary_large_image","twitter_misc":{"Escrito por":"Hern\u00e1n L\u00f3pez","Tiempo de lectura":"3 minutos"},"schema":{"@context":"https:\/\/schema.org","@graph":[{"@type":"Article","@id":"https:\/\/diarioprincipios.com\/index.php\/2024\/01\/06\/contundente-aprobacion-de-la-asamblea-general-de-memoria-y-balance-de-los-empleados-de-comercio\/#article","isPartOf":{"@id":"https:\/\/diarioprincipios.com\/index.php\/2024\/01\/06\/contundente-aprobacion-de-la-asamblea-general-de-memoria-y-balance-de-los-empleados-de-comercio\/"},"author":{"name":"Hern\u00e1n L\u00f3pez","@id":"https:\/\/diarioprincipios.com\/#\/schema\/person\/436d5a1fd41a5e250e23ff5a6a7cb080"},"headline":"Contundente aprobaci\u00f3n de la Asamblea General de Memoria y Balance de los Empleados de Comercio","datePublished":"2024-01-07T01:02:03+00:00","dateModified":"2024-01-07T01:02:05+00:00","mainEntityOfPage":{"@id":"https:\/\/diarioprincipios.com\/index.php\/2024\/01\/06\/contundente-aprobacion-de-la-asamblea-general-de-memoria-y-balance-de-los-empleados-de-comercio\/"},"wordCount":546,"commentCount":0,"publisher":{"@id":"https:\/\/diarioprincipios.com\/#organization"},"image":{"@id":"https:\/\/diarioprincipios.com\/index.php\/2024\/01\/06\/contundente-aprobacion-de-la-asamblea-general-de-memoria-y-balance-de-los-empleados-de-comercio\/#primaryimage"},"thumbnailUrl":"https:\/\/diarioprincipios.com\/wp-content\/uploads\/2024\/01\/IMG-20240105-WA0013.jpg","articleSection":["Quilmes"],"inLanguage":"es","potentialAction":[{"@type":"CommentAction","name":"Comment","target":["https:\/\/diarioprincipios.com\/index.php\/2024\/01\/06\/contundente-aprobacion-de-la-asamblea-general-de-memoria-y-balance-de-los-empleados-de-comercio\/#respond"]}]},{"@type":"WebPage","@id":"https:\/\/diarioprincipios.com\/index.php\/2024\/01\/06\/contundente-aprobacion-de-la-asamblea-general-de-memoria-y-balance-de-los-empleados-de-comercio\/","url":"https:\/\/diarioprincipios.com\/index.php\/2024\/01\/06\/contundente-aprobacion-de-la-asamblea-general-de-memoria-y-balance-de-los-empleados-de-comercio\/","name":"Contundente aprobaci\u00f3n de la Asamblea General de Memoria y Balance de los Empleados de Comercio - Principios","isPartOf":{"@id":"https:\/\/diarioprincipios.com\/#website"},"primaryImageOfPage":{"@id":"https:\/\/diarioprincipios.com\/index.php\/2024\/01\/06\/contundente-aprobacion-de-la-asamblea-general-de-memoria-y-balance-de-los-empleados-de-comercio\/#primaryimage"},"image":{"@id":"https:\/\/diarioprincipios.com\/index.php\/2024\/01\/06\/contundente-aprobacion-de-la-asamblea-general-de-memoria-y-balance-de-los-empleados-de-comercio\/#primaryimage"},"thumbnailUrl":"https:\/\/diarioprincipios.com\/wp-content\/uploads\/2024\/01\/IMG-20240105-WA0013.jpg","datePublished":"2024-01-07T01:02:03+00:00","dateModified":"2024-01-07T01:02:05+00:00","breadcrumb":{"@id":"https:\/\/diarioprincipios.com\/index.php\/2024\/01\/06\/contundente-aprobacion-de-la-asamblea-general-de-memoria-y-balance-de-los-empleados-de-comercio\/#breadcrumb"},"inLanguage":"es","potentialAction":[{"@type":"ReadAction","target":["https:\/\/diarioprincipios.com\/index.php\/2024\/01\/06\/contundente-aprobacion-de-la-asamblea-general-de-memoria-y-balance-de-los-empleados-de-comercio\/"]}]},{"@type":"ImageObject","inLanguage":"es","@id":"https:\/\/diarioprincipios.com\/index.php\/2024\/01\/06\/contundente-aprobacion-de-la-asamblea-general-de-memoria-y-balance-de-los-empleados-de-comercio\/#primaryimage","url":"https:\/\/diarioprincipios.com\/wp-content\/uploads\/2024\/01\/IMG-20240105-WA0013.jpg","contentUrl":"https:\/\/diarioprincipios.com\/wp-content\/uploads\/2024\/01\/IMG-20240105-WA0013.jpg","width":1440,"height":848},{"@type":"BreadcrumbList","@id":"https:\/\/diarioprincipios.com\/index.php\/2024\/01\/06\/contundente-aprobacion-de-la-asamblea-general-de-memoria-y-balance-de-los-empleados-de-comercio\/#breadcrumb","itemListElement":[{"@type":"ListItem","position":1,"name":"Portada","item":"https:\/\/diarioprincipios.com\/"},{"@type":"ListItem","position":2,"name":"Contundente aprobaci\u00f3n de la Asamblea General de Memoria y Balance de los Empleados de Comercio"}]},{"@type":"WebSite","@id":"https:\/\/diarioprincipios.com\/#website","url":"https:\/\/diarioprincipios.com\/","name":"Principios","description":"Principios Diario","publisher":{"@id":"https:\/\/diarioprincipios.com\/#organization"},"potentialAction":[{"@type":"SearchAction","target":{"@type":"EntryPoint","urlTemplate":"https:\/\/diarioprincipios.com\/?s={search_term_string}"},"query-input":{"@type":"PropertyValueSpecification","valueRequired":true,"valueName":"search_term_string"}}],"inLanguage":"es"},{"@type":"Organization","@id":"https:\/\/diarioprincipios.com\/#organization","name":"Principios","url":"https:\/\/diarioprincipios.com\/","logo":{"@type":"ImageObject","inLanguage":"es","@id":"https:\/\/diarioprincipios.com\/#\/schema\/logo\/image\/","url":"https:\/\/diarioprincipios.com\/wp-content\/uploads\/2024\/04\/cropped-www.diarioprincipios.com_-1.png","contentUrl":"https:\/\/diarioprincipios.com\/wp-content\/uploads\/2024\/04\/cropped-www.diarioprincipios.com_-1.png","width":5325,"height":1454,"caption":"Principios"},"image":{"@id":"https:\/\/diarioprincipios.com\/#\/schema\/logo\/image\/"}},{"@type":"Person","@id":"https:\/\/diarioprincipios.com\/#\/schema\/person\/436d5a1fd41a5e250e23ff5a6a7cb080","name":"Hern\u00e1n L\u00f3pez","image":{"@type":"ImageObject","inLanguage":"es","@id":"https:\/\/diarioprincipios.com\/wp-content\/litespeed\/avatar\/11ddfe5610ff3bd100522525b2571f48.jpg?ver=1777048341","url":"https:\/\/diarioprincipios.com\/wp-content\/litespeed\/avatar\/11ddfe5610ff3bd100522525b2571f48.jpg?ver=1777048341","contentUrl":"https:\/\/diarioprincipios.com\/wp-content\/litespeed\/avatar\/11ddfe5610ff3bd100522525b2571f48.jpg?ver=1777048341","caption":"Hern\u00e1n L\u00f3pez"},"url":"https:\/\/diarioprincipios.com\/index.php\/author\/hernan\/"}]}},"jetpack_featured_media_url":"https:\/\/diarioprincipios.com\/wp-content\/uploads\/2024\/01\/IMG-20240105-WA0013.jpg","_links":{"self":[{"href":"https:\/\/diarioprincipios.com\/index.php\/wp-json\/wp\/v2\/posts\/20306","targetHints":{"allow":["GET"]}}],"collection":[{"href":"https:\/\/diarioprincipios.com\/index.php\/wp-json\/wp\/v2\/posts"}],"about":[{"href":"https:\/\/diarioprincipios.com\/index.php\/wp-json\/wp\/v2\/types\/post"}],"author":[{"embeddable":true,"href":"https:\/\/diarioprincipios.com\/index.php\/wp-json\/wp\/v2\/users\/2"}],"replies":[{"embeddable":true,"href":"https:\/\/diarioprincipios.com\/index.php\/wp-json\/wp\/v2\/comments?post=20306"}],"version-history":[{"count":1,"href":"https:\/\/diarioprincipios.com\/index.php\/wp-json\/wp\/v2\/posts\/20306\/revisions"}],"predecessor-version":[{"id":20310,"href":"https:\/\/diarioprincipios.com\/index.php\/wp-json\/wp\/v2\/posts\/20306\/revisions\/20310"}],"wp:featuredmedia":[{"embeddable":true,"href":"https:\/\/diarioprincipios.com\/index.php\/wp-json\/wp\/v2\/media\/20309"}],"wp:attachment":[{"href":"https:\/\/diarioprincipios.com\/index.php\/wp-json\/wp\/v2\/media?parent=20306"}],"wp:term":[{"taxonomy":"category","embeddable":true,"href":"https:\/\/diarioprincipios.com\/index.php\/wp-json\/wp\/v2\/categories?post=20306"},{"taxonomy":"post_tag","embeddable":true,"href":"https:\/\/diarioprincipios.com\/index.php\/wp-json\/wp\/v2\/tags?post=20306"}],"curies":[{"name":"wp","href":"https:\/\/api.w.org\/{rel}","templated":true}]}}