{"id":20272,"date":"2024-01-04T11:10:38","date_gmt":"2024-01-04T14:10:38","guid":{"rendered":"http:\/\/diarioprincipios.com\/?p=20272"},"modified":"2024-01-04T11:11:14","modified_gmt":"2024-01-04T14:11:14","slug":"nuevos-valores-para-el-sistema-de-estacionamiento-medido-en-el-centro","status":"publish","type":"post","link":"https:\/\/diarioprincipios.com\/index.php\/2024\/01\/04\/nuevos-valores-para-el-sistema-de-estacionamiento-medido-en-el-centro\/","title":{"rendered":"Nuevos valores para el sistema de Estacionamiento Medido en el Centro"},"content":{"rendered":"\n<p><strong>Desde el lunes 1 de enero se aplican los nuevos valores en el sistema de estacionamiento medido que funciona en la zona c\u00e9ntrica de la ciudad.<\/strong><\/p>\n\n\n\n<p>El valor de la hora de estacionamiento es de $75; el de la segunda hora $100; y el de la tercera, $150. A partir de entonces, este \u00faltimo valor se mantiene por cada hora que transcurra, de manera acumulativa. Las zonas del casco c\u00e9ntrico comprendidas en el sistema son: desde la calle 10 hasta la 17, entre Av. Mitre (Pte. N\u00e9stor Kirchner) y las v\u00edas del ferrocarril; y desde 13 hasta 15, entre las v\u00edas y 143. El mismo rige de lunes a viernes de 9.00 a 20.00 y los s\u00e1bados de 9.00 a 13.00.<\/p>\n\n\n\n<figure class=\"wp-block-image size-large\"><img loading=\"lazy\" decoding=\"async\" width=\"819\" height=\"1024\" src=\"https:\/\/diarioprincipios.com\/wp-content\/uploads\/2024\/01\/ESTACIONAMIENTO-MEDIDO-EN-EL-CENTRO-DE-BERAZATEGUI-1-819x1024.jpg\" alt=\"\" class=\"wp-image-20273\" srcset=\"https:\/\/diarioprincipios.com\/wp-content\/uploads\/2024\/01\/ESTACIONAMIENTO-MEDIDO-EN-EL-CENTRO-DE-BERAZATEGUI-1-819x1024.jpg 819w, https:\/\/diarioprincipios.com\/wp-content\/uploads\/2024\/01\/ESTACIONAMIENTO-MEDIDO-EN-EL-CENTRO-DE-BERAZATEGUI-1-240x300.jpg 240w, https:\/\/diarioprincipios.com\/wp-content\/uploads\/2024\/01\/ESTACIONAMIENTO-MEDIDO-EN-EL-CENTRO-DE-BERAZATEGUI-1-768x960.jpg 768w, https:\/\/diarioprincipios.com\/wp-content\/uploads\/2024\/01\/ESTACIONAMIENTO-MEDIDO-EN-EL-CENTRO-DE-BERAZATEGUI-1-1229x1536.jpg 1229w, https:\/\/diarioprincipios.com\/wp-content\/uploads\/2024\/01\/ESTACIONAMIENTO-MEDIDO-EN-EL-CENTRO-DE-BERAZATEGUI-1-1638x2048.jpg 1638w, https:\/\/diarioprincipios.com\/wp-content\/uploads\/2024\/01\/ESTACIONAMIENTO-MEDIDO-EN-EL-CENTRO-DE-BERAZATEGUI-1-scaled.jpg 2048w\" sizes=\"auto, (max-width: 819px) 100vw, 819px\" \/><\/figure>\n\n\n\n<p>Desde el a\u00f1o 2021, Estacionamiento Medido funciona a trav\u00e9s de la App SEM Berazategui (para sistema Android) y SEM MOBILE (para sistema iOS), disponibles en Play Store y App Store; as\u00ed como a trav\u00e9s de la p\u00e1gina web&nbsp;<a rel=\"noreferrer noopener\" target=\"_blank\" href=\"http:\/\/estacionamientos.berazategui.gov.ar\/\">estacionamientos.berazategui.gov.ar<\/a>. Este sistema moderno busca brindarle mayor comodidad a los vecinos. Adem\u00e1s, agiliza tanto el tr\u00e1nsito como el estacionamiento en las calles del Centro.<\/p>\n\n\n\n<p>Es importante recordar que gran parte del dinero recaudado se destina a la Asociaci\u00f3n Cooperadora del Centro de Atenci\u00f3n Primaria de Salud N\u00b0 1 \u00abDr. Javier S\u00e1batto\u00bb.<\/p>\n","protected":false},"excerpt":{"rendered":"<p>Desde el lunes 1 de enero se aplican los nuevos valores en el sistema de estacionamiento medido que funciona en la zona c\u00e9ntrica de la ciudad. El valor de la hora de estacionamiento es de $75; el de la segunda hora $100; y el de la tercera, $150. A partir de entonces, este \u00faltimo valor&#8230;<\/p>\n","protected":false},"author":2,"featured_media":20274,"comment_status":"open","ping_status":"open","sticky":false,"template":"","format":"standard","meta":{"footnotes":""},"categories":[3],"tags":[],"class_list":["post-20272","post","type-post","status-publish","format-standard","has-post-thumbnail","hentry","category-berazategui"],"featured_image_src":"https:\/\/diarioprincipios.com\/wp-content\/uploads\/2024\/01\/medido.jpg","blog_images":{"medium":"https:\/\/diarioprincipios.com\/wp-content\/uploads\/2024\/01\/medido.jpg","large":"https:\/\/diarioprincipios.com\/wp-content\/uploads\/2024\/01\/medido.jpg"},"ams_acf":[],"yoast_head":"<!-- This site is optimized with the Yoast SEO plugin v27.3 - https:\/\/yoast.com\/product\/yoast-seo-wordpress\/ -->\n<title>Nuevos valores para el sistema de Estacionamiento Medido en el Centro - Principios<\/title>\n<meta name=\"robots\" content=\"index, follow, max-snippet:-1, max-image-preview:large, max-video-preview:-1\" \/>\n<link rel=\"canonical\" href=\"https:\/\/diarioprincipios.com\/index.php\/2024\/01\/04\/nuevos-valores-para-el-sistema-de-estacionamiento-medido-en-el-centro\/\" \/>\n<meta property=\"og:locale\" content=\"es_ES\" \/>\n<meta property=\"og:type\" content=\"article\" \/>\n<meta property=\"og:title\" content=\"Nuevos valores para el sistema de Estacionamiento Medido en el Centro - Principios\" \/>\n<meta property=\"og:description\" content=\"Desde el lunes 1 de enero se aplican los nuevos valores en el sistema de estacionamiento medido que funciona en la zona c\u00e9ntrica de la ciudad. El valor de la hora de estacionamiento es de $75; el de la segunda hora $100; y el de la tercera, $150. A partir de entonces, este \u00faltimo valor...\" \/>\n<meta property=\"og:url\" content=\"https:\/\/diarioprincipios.com\/index.php\/2024\/01\/04\/nuevos-valores-para-el-sistema-de-estacionamiento-medido-en-el-centro\/\" \/>\n<meta property=\"og:site_name\" content=\"Principios\" \/>\n<meta property=\"article:published_time\" content=\"2024-01-04T14:10:38+00:00\" \/>\n<meta property=\"article:modified_time\" content=\"2024-01-04T14:11:14+00:00\" \/>\n<meta property=\"og:image\" content=\"https:\/\/diarioprincipios.com\/wp-content\/uploads\/2024\/01\/medido.jpg\" \/>\n\t<meta property=\"og:image:width\" content=\"222\" \/>\n\t<meta property=\"og:image:height\" content=\"227\" \/>\n\t<meta property=\"og:image:type\" content=\"image\/jpeg\" \/>\n<meta name=\"author\" content=\"Hern\u00e1n L\u00f3pez\" \/>\n<meta name=\"twitter:card\" content=\"summary_large_image\" \/>\n<meta name=\"twitter:label1\" content=\"Escrito por\" \/>\n\t<meta name=\"twitter:data1\" content=\"Hern\u00e1n L\u00f3pez\" \/>\n\t<meta name=\"twitter:label2\" content=\"Tiempo de lectura\" \/>\n\t<meta name=\"twitter:data2\" content=\"2 minutos\" \/>\n<script type=\"application\/ld+json\" class=\"yoast-schema-graph\">{\"@context\":\"https:\\\/\\\/schema.org\",\"@graph\":[{\"@type\":\"Article\",\"@id\":\"https:\\\/\\\/diarioprincipios.com\\\/index.php\\\/2024\\\/01\\\/04\\\/nuevos-valores-para-el-sistema-de-estacionamiento-medido-en-el-centro\\\/#article\",\"isPartOf\":{\"@id\":\"https:\\\/\\\/diarioprincipios.com\\\/index.php\\\/2024\\\/01\\\/04\\\/nuevos-valores-para-el-sistema-de-estacionamiento-medido-en-el-centro\\\/\"},\"author\":{\"name\":\"Hern\u00e1n L\u00f3pez\",\"@id\":\"https:\\\/\\\/diarioprincipios.com\\\/#\\\/schema\\\/person\\\/436d5a1fd41a5e250e23ff5a6a7cb080\"},\"headline\":\"Nuevos valores para el sistema de Estacionamiento Medido en el Centro\",\"datePublished\":\"2024-01-04T14:10:38+00:00\",\"dateModified\":\"2024-01-04T14:11:14+00:00\",\"mainEntityOfPage\":{\"@id\":\"https:\\\/\\\/diarioprincipios.com\\\/index.php\\\/2024\\\/01\\\/04\\\/nuevos-valores-para-el-sistema-de-estacionamiento-medido-en-el-centro\\\/\"},\"wordCount\":225,\"commentCount\":0,\"publisher\":{\"@id\":\"https:\\\/\\\/diarioprincipios.com\\\/#organization\"},\"image\":{\"@id\":\"https:\\\/\\\/diarioprincipios.com\\\/index.php\\\/2024\\\/01\\\/04\\\/nuevos-valores-para-el-sistema-de-estacionamiento-medido-en-el-centro\\\/#primaryimage\"},\"thumbnailUrl\":\"https:\\\/\\\/diarioprincipios.com\\\/wp-content\\\/uploads\\\/2024\\\/01\\\/medido.jpg\",\"articleSection\":[\"Berazategui\"],\"inLanguage\":\"es\",\"potentialAction\":[{\"@type\":\"CommentAction\",\"name\":\"Comment\",\"target\":[\"https:\\\/\\\/diarioprincipios.com\\\/index.php\\\/2024\\\/01\\\/04\\\/nuevos-valores-para-el-sistema-de-estacionamiento-medido-en-el-centro\\\/#respond\"]}]},{\"@type\":\"WebPage\",\"@id\":\"https:\\\/\\\/diarioprincipios.com\\\/index.php\\\/2024\\\/01\\\/04\\\/nuevos-valores-para-el-sistema-de-estacionamiento-medido-en-el-centro\\\/\",\"url\":\"https:\\\/\\\/diarioprincipios.com\\\/index.php\\\/2024\\\/01\\\/04\\\/nuevos-valores-para-el-sistema-de-estacionamiento-medido-en-el-centro\\\/\",\"name\":\"Nuevos valores para el sistema de Estacionamiento Medido en el Centro - Principios\",\"isPartOf\":{\"@id\":\"https:\\\/\\\/diarioprincipios.com\\\/#website\"},\"primaryImageOfPage\":{\"@id\":\"https:\\\/\\\/diarioprincipios.com\\\/index.php\\\/2024\\\/01\\\/04\\\/nuevos-valores-para-el-sistema-de-estacionamiento-medido-en-el-centro\\\/#primaryimage\"},\"image\":{\"@id\":\"https:\\\/\\\/diarioprincipios.com\\\/index.php\\\/2024\\\/01\\\/04\\\/nuevos-valores-para-el-sistema-de-estacionamiento-medido-en-el-centro\\\/#primaryimage\"},\"thumbnailUrl\":\"https:\\\/\\\/diarioprincipios.com\\\/wp-content\\\/uploads\\\/2024\\\/01\\\/medido.jpg\",\"datePublished\":\"2024-01-04T14:10:38+00:00\",\"dateModified\":\"2024-01-04T14:11:14+00:00\",\"breadcrumb\":{\"@id\":\"https:\\\/\\\/diarioprincipios.com\\\/index.php\\\/2024\\\/01\\\/04\\\/nuevos-valores-para-el-sistema-de-estacionamiento-medido-en-el-centro\\\/#breadcrumb\"},\"inLanguage\":\"es\",\"potentialAction\":[{\"@type\":\"ReadAction\",\"target\":[\"https:\\\/\\\/diarioprincipios.com\\\/index.php\\\/2024\\\/01\\\/04\\\/nuevos-valores-para-el-sistema-de-estacionamiento-medido-en-el-centro\\\/\"]}]},{\"@type\":\"ImageObject\",\"inLanguage\":\"es\",\"@id\":\"https:\\\/\\\/diarioprincipios.com\\\/index.php\\\/2024\\\/01\\\/04\\\/nuevos-valores-para-el-sistema-de-estacionamiento-medido-en-el-centro\\\/#primaryimage\",\"url\":\"https:\\\/\\\/diarioprincipios.com\\\/wp-content\\\/uploads\\\/2024\\\/01\\\/medido.jpg\",\"contentUrl\":\"https:\\\/\\\/diarioprincipios.com\\\/wp-content\\\/uploads\\\/2024\\\/01\\\/medido.jpg\",\"width\":222,\"height\":227},{\"@type\":\"BreadcrumbList\",\"@id\":\"https:\\\/\\\/diarioprincipios.com\\\/index.php\\\/2024\\\/01\\\/04\\\/nuevos-valores-para-el-sistema-de-estacionamiento-medido-en-el-centro\\\/#breadcrumb\",\"itemListElement\":[{\"@type\":\"ListItem\",\"position\":1,\"name\":\"Portada\",\"item\":\"https:\\\/\\\/diarioprincipios.com\\\/\"},{\"@type\":\"ListItem\",\"position\":2,\"name\":\"Nuevos valores para el sistema de Estacionamiento Medido en el Centro\"}]},{\"@type\":\"WebSite\",\"@id\":\"https:\\\/\\\/diarioprincipios.com\\\/#website\",\"url\":\"https:\\\/\\\/diarioprincipios.com\\\/\",\"name\":\"Principios\",\"description\":\"Principios Diario\",\"publisher\":{\"@id\":\"https:\\\/\\\/diarioprincipios.com\\\/#organization\"},\"potentialAction\":[{\"@type\":\"SearchAction\",\"target\":{\"@type\":\"EntryPoint\",\"urlTemplate\":\"https:\\\/\\\/diarioprincipios.com\\\/?s={search_term_string}\"},\"query-input\":{\"@type\":\"PropertyValueSpecification\",\"valueRequired\":true,\"valueName\":\"search_term_string\"}}],\"inLanguage\":\"es\"},{\"@type\":\"Organization\",\"@id\":\"https:\\\/\\\/diarioprincipios.com\\\/#organization\",\"name\":\"Principios\",\"url\":\"https:\\\/\\\/diarioprincipios.com\\\/\",\"logo\":{\"@type\":\"ImageObject\",\"inLanguage\":\"es\",\"@id\":\"https:\\\/\\\/diarioprincipios.com\\\/#\\\/schema\\\/logo\\\/image\\\/\",\"url\":\"https:\\\/\\\/diarioprincipios.com\\\/wp-content\\\/uploads\\\/2024\\\/04\\\/cropped-www.diarioprincipios.com_-1.png\",\"contentUrl\":\"https:\\\/\\\/diarioprincipios.com\\\/wp-content\\\/uploads\\\/2024\\\/04\\\/cropped-www.diarioprincipios.com_-1.png\",\"width\":5325,\"height\":1454,\"caption\":\"Principios\"},\"image\":{\"@id\":\"https:\\\/\\\/diarioprincipios.com\\\/#\\\/schema\\\/logo\\\/image\\\/\"}},{\"@type\":\"Person\",\"@id\":\"https:\\\/\\\/diarioprincipios.com\\\/#\\\/schema\\\/person\\\/436d5a1fd41a5e250e23ff5a6a7cb080\",\"name\":\"Hern\u00e1n L\u00f3pez\",\"image\":{\"@type\":\"ImageObject\",\"inLanguage\":\"es\",\"@id\":\"https:\\\/\\\/diarioprincipios.com\\\/wp-content\\\/litespeed\\\/avatar\\\/11ddfe5610ff3bd100522525b2571f48.jpg?ver=1777048341\",\"url\":\"https:\\\/\\\/diarioprincipios.com\\\/wp-content\\\/litespeed\\\/avatar\\\/11ddfe5610ff3bd100522525b2571f48.jpg?ver=1777048341\",\"contentUrl\":\"https:\\\/\\\/diarioprincipios.com\\\/wp-content\\\/litespeed\\\/avatar\\\/11ddfe5610ff3bd100522525b2571f48.jpg?ver=1777048341\",\"caption\":\"Hern\u00e1n L\u00f3pez\"},\"url\":\"https:\\\/\\\/diarioprincipios.com\\\/index.php\\\/author\\\/hernan\\\/\"}]}<\/script>\n<!-- \/ Yoast SEO plugin. -->","yoast_head_json":{"title":"Nuevos valores para el sistema de Estacionamiento Medido en el Centro - Principios","robots":{"index":"index","follow":"follow","max-snippet":"max-snippet:-1","max-image-preview":"max-image-preview:large","max-video-preview":"max-video-preview:-1"},"canonical":"https:\/\/diarioprincipios.com\/index.php\/2024\/01\/04\/nuevos-valores-para-el-sistema-de-estacionamiento-medido-en-el-centro\/","og_locale":"es_ES","og_type":"article","og_title":"Nuevos valores para el sistema de Estacionamiento Medido en el Centro - Principios","og_description":"Desde el lunes 1 de enero se aplican los nuevos valores en el sistema de estacionamiento medido que funciona en la zona c\u00e9ntrica de la ciudad. El valor de la hora de estacionamiento es de $75; el de la segunda hora $100; y el de la tercera, $150. A partir de entonces, este \u00faltimo valor...","og_url":"https:\/\/diarioprincipios.com\/index.php\/2024\/01\/04\/nuevos-valores-para-el-sistema-de-estacionamiento-medido-en-el-centro\/","og_site_name":"Principios","article_published_time":"2024-01-04T14:10:38+00:00","article_modified_time":"2024-01-04T14:11:14+00:00","og_image":[{"width":222,"height":227,"url":"https:\/\/diarioprincipios.com\/wp-content\/uploads\/2024\/01\/medido.jpg","type":"image\/jpeg"}],"author":"Hern\u00e1n L\u00f3pez","twitter_card":"summary_large_image","twitter_misc":{"Escrito por":"Hern\u00e1n L\u00f3pez","Tiempo de lectura":"2 minutos"},"schema":{"@context":"https:\/\/schema.org","@graph":[{"@type":"Article","@id":"https:\/\/diarioprincipios.com\/index.php\/2024\/01\/04\/nuevos-valores-para-el-sistema-de-estacionamiento-medido-en-el-centro\/#article","isPartOf":{"@id":"https:\/\/diarioprincipios.com\/index.php\/2024\/01\/04\/nuevos-valores-para-el-sistema-de-estacionamiento-medido-en-el-centro\/"},"author":{"name":"Hern\u00e1n L\u00f3pez","@id":"https:\/\/diarioprincipios.com\/#\/schema\/person\/436d5a1fd41a5e250e23ff5a6a7cb080"},"headline":"Nuevos valores para el sistema de Estacionamiento Medido en el Centro","datePublished":"2024-01-04T14:10:38+00:00","dateModified":"2024-01-04T14:11:14+00:00","mainEntityOfPage":{"@id":"https:\/\/diarioprincipios.com\/index.php\/2024\/01\/04\/nuevos-valores-para-el-sistema-de-estacionamiento-medido-en-el-centro\/"},"wordCount":225,"commentCount":0,"publisher":{"@id":"https:\/\/diarioprincipios.com\/#organization"},"image":{"@id":"https:\/\/diarioprincipios.com\/index.php\/2024\/01\/04\/nuevos-valores-para-el-sistema-de-estacionamiento-medido-en-el-centro\/#primaryimage"},"thumbnailUrl":"https:\/\/diarioprincipios.com\/wp-content\/uploads\/2024\/01\/medido.jpg","articleSection":["Berazategui"],"inLanguage":"es","potentialAction":[{"@type":"CommentAction","name":"Comment","target":["https:\/\/diarioprincipios.com\/index.php\/2024\/01\/04\/nuevos-valores-para-el-sistema-de-estacionamiento-medido-en-el-centro\/#respond"]}]},{"@type":"WebPage","@id":"https:\/\/diarioprincipios.com\/index.php\/2024\/01\/04\/nuevos-valores-para-el-sistema-de-estacionamiento-medido-en-el-centro\/","url":"https:\/\/diarioprincipios.com\/index.php\/2024\/01\/04\/nuevos-valores-para-el-sistema-de-estacionamiento-medido-en-el-centro\/","name":"Nuevos valores para el sistema de Estacionamiento Medido en el Centro - Principios","isPartOf":{"@id":"https:\/\/diarioprincipios.com\/#website"},"primaryImageOfPage":{"@id":"https:\/\/diarioprincipios.com\/index.php\/2024\/01\/04\/nuevos-valores-para-el-sistema-de-estacionamiento-medido-en-el-centro\/#primaryimage"},"image":{"@id":"https:\/\/diarioprincipios.com\/index.php\/2024\/01\/04\/nuevos-valores-para-el-sistema-de-estacionamiento-medido-en-el-centro\/#primaryimage"},"thumbnailUrl":"https:\/\/diarioprincipios.com\/wp-content\/uploads\/2024\/01\/medido.jpg","datePublished":"2024-01-04T14:10:38+00:00","dateModified":"2024-01-04T14:11:14+00:00","breadcrumb":{"@id":"https:\/\/diarioprincipios.com\/index.php\/2024\/01\/04\/nuevos-valores-para-el-sistema-de-estacionamiento-medido-en-el-centro\/#breadcrumb"},"inLanguage":"es","potentialAction":[{"@type":"ReadAction","target":["https:\/\/diarioprincipios.com\/index.php\/2024\/01\/04\/nuevos-valores-para-el-sistema-de-estacionamiento-medido-en-el-centro\/"]}]},{"@type":"ImageObject","inLanguage":"es","@id":"https:\/\/diarioprincipios.com\/index.php\/2024\/01\/04\/nuevos-valores-para-el-sistema-de-estacionamiento-medido-en-el-centro\/#primaryimage","url":"https:\/\/diarioprincipios.com\/wp-content\/uploads\/2024\/01\/medido.jpg","contentUrl":"https:\/\/diarioprincipios.com\/wp-content\/uploads\/2024\/01\/medido.jpg","width":222,"height":227},{"@type":"BreadcrumbList","@id":"https:\/\/diarioprincipios.com\/index.php\/2024\/01\/04\/nuevos-valores-para-el-sistema-de-estacionamiento-medido-en-el-centro\/#breadcrumb","itemListElement":[{"@type":"ListItem","position":1,"name":"Portada","item":"https:\/\/diarioprincipios.com\/"},{"@type":"ListItem","position":2,"name":"Nuevos valores para el sistema de Estacionamiento Medido en el Centro"}]},{"@type":"WebSite","@id":"https:\/\/diarioprincipios.com\/#website","url":"https:\/\/diarioprincipios.com\/","name":"Principios","description":"Principios Diario","publisher":{"@id":"https:\/\/diarioprincipios.com\/#organization"},"potentialAction":[{"@type":"SearchAction","target":{"@type":"EntryPoint","urlTemplate":"https:\/\/diarioprincipios.com\/?s={search_term_string}"},"query-input":{"@type":"PropertyValueSpecification","valueRequired":true,"valueName":"search_term_string"}}],"inLanguage":"es"},{"@type":"Organization","@id":"https:\/\/diarioprincipios.com\/#organization","name":"Principios","url":"https:\/\/diarioprincipios.com\/","logo":{"@type":"ImageObject","inLanguage":"es","@id":"https:\/\/diarioprincipios.com\/#\/schema\/logo\/image\/","url":"https:\/\/diarioprincipios.com\/wp-content\/uploads\/2024\/04\/cropped-www.diarioprincipios.com_-1.png","contentUrl":"https:\/\/diarioprincipios.com\/wp-content\/uploads\/2024\/04\/cropped-www.diarioprincipios.com_-1.png","width":5325,"height":1454,"caption":"Principios"},"image":{"@id":"https:\/\/diarioprincipios.com\/#\/schema\/logo\/image\/"}},{"@type":"Person","@id":"https:\/\/diarioprincipios.com\/#\/schema\/person\/436d5a1fd41a5e250e23ff5a6a7cb080","name":"Hern\u00e1n L\u00f3pez","image":{"@type":"ImageObject","inLanguage":"es","@id":"https:\/\/diarioprincipios.com\/wp-content\/litespeed\/avatar\/11ddfe5610ff3bd100522525b2571f48.jpg?ver=1777048341","url":"https:\/\/diarioprincipios.com\/wp-content\/litespeed\/avatar\/11ddfe5610ff3bd100522525b2571f48.jpg?ver=1777048341","contentUrl":"https:\/\/diarioprincipios.com\/wp-content\/litespeed\/avatar\/11ddfe5610ff3bd100522525b2571f48.jpg?ver=1777048341","caption":"Hern\u00e1n L\u00f3pez"},"url":"https:\/\/diarioprincipios.com\/index.php\/author\/hernan\/"}]}},"jetpack_featured_media_url":"https:\/\/diarioprincipios.com\/wp-content\/uploads\/2024\/01\/medido.jpg","_links":{"self":[{"href":"https:\/\/diarioprincipios.com\/index.php\/wp-json\/wp\/v2\/posts\/20272","targetHints":{"allow":["GET"]}}],"collection":[{"href":"https:\/\/diarioprincipios.com\/index.php\/wp-json\/wp\/v2\/posts"}],"about":[{"href":"https:\/\/diarioprincipios.com\/index.php\/wp-json\/wp\/v2\/types\/post"}],"author":[{"embeddable":true,"href":"https:\/\/diarioprincipios.com\/index.php\/wp-json\/wp\/v2\/users\/2"}],"replies":[{"embeddable":true,"href":"https:\/\/diarioprincipios.com\/index.php\/wp-json\/wp\/v2\/comments?post=20272"}],"version-history":[{"count":1,"href":"https:\/\/diarioprincipios.com\/index.php\/wp-json\/wp\/v2\/posts\/20272\/revisions"}],"predecessor-version":[{"id":20275,"href":"https:\/\/diarioprincipios.com\/index.php\/wp-json\/wp\/v2\/posts\/20272\/revisions\/20275"}],"wp:featuredmedia":[{"embeddable":true,"href":"https:\/\/diarioprincipios.com\/index.php\/wp-json\/wp\/v2\/media\/20274"}],"wp:attachment":[{"href":"https:\/\/diarioprincipios.com\/index.php\/wp-json\/wp\/v2\/media?parent=20272"}],"wp:term":[{"taxonomy":"category","embeddable":true,"href":"https:\/\/diarioprincipios.com\/index.php\/wp-json\/wp\/v2\/categories?post=20272"},{"taxonomy":"post_tag","embeddable":true,"href":"https:\/\/diarioprincipios.com\/index.php\/wp-json\/wp\/v2\/tags?post=20272"}],"curies":[{"name":"wp","href":"https:\/\/api.w.org\/{rel}","templated":true}]}}