{"id":20267,"date":"2024-01-03T22:50:20","date_gmt":"2024-01-04T01:50:20","guid":{"rendered":"http:\/\/diarioprincipios.com\/?p=20267"},"modified":"2024-01-03T22:50:23","modified_gmt":"2024-01-04T01:50:23","slug":"las-escuelas-de-berazategui-colaboran-con-el-cuidado-del-ambiente","status":"publish","type":"post","link":"https:\/\/diarioprincipios.com\/index.php\/2024\/01\/03\/las-escuelas-de-berazategui-colaboran-con-el-cuidado-del-ambiente\/","title":{"rendered":"Las Escuelas de Berazategui colaboran con el Cuidado del Ambiente"},"content":{"rendered":"\n<p><strong>El Programa Municipal Berazategui Recicla -de la Secretar\u00eda de Organizaciones No Gubernamentales- articula con escuelas p\u00fablicas y privadas para emplear acciones conjuntas para el cuidado de la sustentabilidad y el ambiente.\u00a0<\/strong><\/p>\n\n\n\n<figure class=\"wp-block-image size-large\"><img loading=\"lazy\" decoding=\"async\" width=\"1024\" height=\"682\" src=\"https:\/\/diarioprincipios.com\/wp-content\/uploads\/2024\/01\/LAS-ESCUELAS-DE-BERAZATEGUI-COLABORAN-CON-EL-CUIDADO-DEL-AMBIENTE2-1024x682.jpg\" alt=\"\" class=\"wp-image-20268\" srcset=\"https:\/\/diarioprincipios.com\/wp-content\/uploads\/2024\/01\/LAS-ESCUELAS-DE-BERAZATEGUI-COLABORAN-CON-EL-CUIDADO-DEL-AMBIENTE2-1024x682.jpg 1024w, https:\/\/diarioprincipios.com\/wp-content\/uploads\/2024\/01\/LAS-ESCUELAS-DE-BERAZATEGUI-COLABORAN-CON-EL-CUIDADO-DEL-AMBIENTE2-300x200.jpg 300w, https:\/\/diarioprincipios.com\/wp-content\/uploads\/2024\/01\/LAS-ESCUELAS-DE-BERAZATEGUI-COLABORAN-CON-EL-CUIDADO-DEL-AMBIENTE2-768x512.jpg 768w, https:\/\/diarioprincipios.com\/wp-content\/uploads\/2024\/01\/LAS-ESCUELAS-DE-BERAZATEGUI-COLABORAN-CON-EL-CUIDADO-DEL-AMBIENTE2.jpg 1280w\" sizes=\"auto, (max-width: 1024px) 100vw, 1024px\" \/><\/figure>\n\n\n\n<p><br>Al respecto, la coordinadora de Berazategui Recicla, Ana G\u00f3mez, expres\u00f3: \u201cEn el marco del Programa Conociendo Mi Ciudad -de la Secretar\u00eda de Desarrollo Social y Comunitario, Recreaci\u00f3n, Turismo y Deportes-, en el Centro de Acopio y Selecci\u00f3n de R\u00edo Encantado recibimos a los chicos y chicas de 4to a\u00f1o de las instituciones educativas p\u00fablicas y privadas del distrito. Les brindamos informaci\u00f3n para que aprendan a reutilizar, reciclar y reducir los residuos. Adem\u00e1s, les mostramos el Centro donde desarrollamos nuestros proyectos de compost\u201d.<\/p>\n\n\n\n<figure class=\"wp-block-image size-large\"><img loading=\"lazy\" decoding=\"async\" width=\"1024\" height=\"683\" src=\"https:\/\/diarioprincipios.com\/wp-content\/uploads\/2024\/01\/LAS-ESCUELAS-DE-BERAZATEGUI-COLABORAN-CON-EL-CUIDADO-DEL-AMBIENTE1-1024x683.jpg\" alt=\"\" class=\"wp-image-20270\" srcset=\"https:\/\/diarioprincipios.com\/wp-content\/uploads\/2024\/01\/LAS-ESCUELAS-DE-BERAZATEGUI-COLABORAN-CON-EL-CUIDADO-DEL-AMBIENTE1-1024x683.jpg 1024w, https:\/\/diarioprincipios.com\/wp-content\/uploads\/2024\/01\/LAS-ESCUELAS-DE-BERAZATEGUI-COLABORAN-CON-EL-CUIDADO-DEL-AMBIENTE1-300x200.jpg 300w, https:\/\/diarioprincipios.com\/wp-content\/uploads\/2024\/01\/LAS-ESCUELAS-DE-BERAZATEGUI-COLABORAN-CON-EL-CUIDADO-DEL-AMBIENTE1-768x512.jpg 768w, https:\/\/diarioprincipios.com\/wp-content\/uploads\/2024\/01\/LAS-ESCUELAS-DE-BERAZATEGUI-COLABORAN-CON-EL-CUIDADO-DEL-AMBIENTE1-1536x1024.jpg 1536w, https:\/\/diarioprincipios.com\/wp-content\/uploads\/2024\/01\/LAS-ESCUELAS-DE-BERAZATEGUI-COLABORAN-CON-EL-CUIDADO-DEL-AMBIENTE1.jpg 1920w\" sizes=\"auto, (max-width: 1024px) 100vw, 1024px\" \/><\/figure>\n\n\n\n<p><br>\u201cA su vez, articulamos con 136 escuelas a las que nos acercamos para que conozcan m\u00e1s sobre las iniciativas que llevamos a cabo y colaborar con sus programas de compostaje. Este Programa -impulsado por el intendente Juan Jos\u00e9 Mussi -comenz\u00f3 en 2016 y, desde entonces, hemos notado un crecimiento del compromiso que tienen los vecinos y vecinas con el cuidado del ambiente\u201d, finaliza G\u00f3mez.<br>Para m\u00e1s informaci\u00f3n, se puede ingresar en\u00a0<a href=\"http:\/\/berazategui.gob.ar\/recicla\" target=\"_blank\" rel=\"noreferrer noopener\">berazategui.gob.ar\/recicla<\/a>.<\/p>\n","protected":false},"excerpt":{"rendered":"<p>El Programa Municipal Berazategui Recicla -de la Secretar\u00eda de Organizaciones No Gubernamentales- articula con escuelas p\u00fablicas y privadas para emplear acciones conjuntas para el cuidado de la sustentabilidad y el ambiente.\u00a0 Al respecto, la coordinadora de Berazategui Recicla, Ana G\u00f3mez, expres\u00f3: \u201cEn el marco del Programa Conociendo Mi Ciudad -de la Secretar\u00eda de Desarrollo Social&#8230;<\/p>\n","protected":false},"author":2,"featured_media":20269,"comment_status":"open","ping_status":"open","sticky":false,"template":"","format":"standard","meta":{"footnotes":""},"categories":[3],"tags":[],"class_list":["post-20267","post","type-post","status-publish","format-standard","has-post-thumbnail","hentry","category-berazategui"],"featured_image_src":"https:\/\/diarioprincipios.com\/wp-content\/uploads\/2024\/01\/LAS-ESCUELAS-DE-BERAZATEGUI-COLABORAN-CON-EL-CUIDADO-DEL-AMBIENTE3-1024x683.jpg","blog_images":{"medium":"https:\/\/diarioprincipios.com\/wp-content\/uploads\/2024\/01\/LAS-ESCUELAS-DE-BERAZATEGUI-COLABORAN-CON-EL-CUIDADO-DEL-AMBIENTE3-300x200.jpg","large":"https:\/\/diarioprincipios.com\/wp-content\/uploads\/2024\/01\/LAS-ESCUELAS-DE-BERAZATEGUI-COLABORAN-CON-EL-CUIDADO-DEL-AMBIENTE3-1024x683.jpg"},"ams_acf":[],"yoast_head":"<!-- This site is optimized with the Yoast SEO plugin v27.3 - https:\/\/yoast.com\/product\/yoast-seo-wordpress\/ -->\n<title>Las Escuelas de Berazategui colaboran con el Cuidado del Ambiente - Principios<\/title>\n<meta name=\"robots\" content=\"index, follow, max-snippet:-1, max-image-preview:large, max-video-preview:-1\" \/>\n<link rel=\"canonical\" href=\"https:\/\/diarioprincipios.com\/index.php\/2024\/01\/03\/las-escuelas-de-berazategui-colaboran-con-el-cuidado-del-ambiente\/\" \/>\n<meta property=\"og:locale\" content=\"es_ES\" \/>\n<meta property=\"og:type\" content=\"article\" \/>\n<meta property=\"og:title\" content=\"Las Escuelas de Berazategui colaboran con el Cuidado del Ambiente - Principios\" \/>\n<meta property=\"og:description\" content=\"El Programa Municipal Berazategui Recicla -de la Secretar\u00eda de Organizaciones No Gubernamentales- articula con escuelas p\u00fablicas y privadas para emplear acciones conjuntas para el cuidado de la sustentabilidad y el ambiente.\u00a0 Al respecto, la coordinadora de Berazategui Recicla, Ana G\u00f3mez, expres\u00f3: \u201cEn el marco del Programa Conociendo Mi Ciudad -de la Secretar\u00eda de Desarrollo Social...\" \/>\n<meta property=\"og:url\" content=\"https:\/\/diarioprincipios.com\/index.php\/2024\/01\/03\/las-escuelas-de-berazategui-colaboran-con-el-cuidado-del-ambiente\/\" \/>\n<meta property=\"og:site_name\" content=\"Principios\" \/>\n<meta property=\"article:published_time\" content=\"2024-01-04T01:50:20+00:00\" \/>\n<meta property=\"article:modified_time\" content=\"2024-01-04T01:50:23+00:00\" \/>\n<meta property=\"og:image\" content=\"https:\/\/diarioprincipios.com\/wp-content\/uploads\/2024\/01\/LAS-ESCUELAS-DE-BERAZATEGUI-COLABORAN-CON-EL-CUIDADO-DEL-AMBIENTE3.jpg\" \/>\n\t<meta property=\"og:image:width\" content=\"1920\" \/>\n\t<meta property=\"og:image:height\" content=\"1280\" \/>\n\t<meta property=\"og:image:type\" content=\"image\/jpeg\" \/>\n<meta name=\"author\" content=\"Hern\u00e1n L\u00f3pez\" \/>\n<meta name=\"twitter:card\" content=\"summary_large_image\" \/>\n<meta name=\"twitter:label1\" content=\"Escrito por\" \/>\n\t<meta name=\"twitter:data1\" content=\"Hern\u00e1n L\u00f3pez\" \/>\n\t<meta name=\"twitter:label2\" content=\"Tiempo de lectura\" \/>\n\t<meta name=\"twitter:data2\" content=\"2 minutos\" \/>\n<script type=\"application\/ld+json\" class=\"yoast-schema-graph\">{\"@context\":\"https:\\\/\\\/schema.org\",\"@graph\":[{\"@type\":\"Article\",\"@id\":\"https:\\\/\\\/diarioprincipios.com\\\/index.php\\\/2024\\\/01\\\/03\\\/las-escuelas-de-berazategui-colaboran-con-el-cuidado-del-ambiente\\\/#article\",\"isPartOf\":{\"@id\":\"https:\\\/\\\/diarioprincipios.com\\\/index.php\\\/2024\\\/01\\\/03\\\/las-escuelas-de-berazategui-colaboran-con-el-cuidado-del-ambiente\\\/\"},\"author\":{\"name\":\"Hern\u00e1n L\u00f3pez\",\"@id\":\"https:\\\/\\\/diarioprincipios.com\\\/#\\\/schema\\\/person\\\/436d5a1fd41a5e250e23ff5a6a7cb080\"},\"headline\":\"Las Escuelas de Berazategui colaboran con el Cuidado del Ambiente\",\"datePublished\":\"2024-01-04T01:50:20+00:00\",\"dateModified\":\"2024-01-04T01:50:23+00:00\",\"mainEntityOfPage\":{\"@id\":\"https:\\\/\\\/diarioprincipios.com\\\/index.php\\\/2024\\\/01\\\/03\\\/las-escuelas-de-berazategui-colaboran-con-el-cuidado-del-ambiente\\\/\"},\"wordCount\":211,\"commentCount\":0,\"publisher\":{\"@id\":\"https:\\\/\\\/diarioprincipios.com\\\/#organization\"},\"image\":{\"@id\":\"https:\\\/\\\/diarioprincipios.com\\\/index.php\\\/2024\\\/01\\\/03\\\/las-escuelas-de-berazategui-colaboran-con-el-cuidado-del-ambiente\\\/#primaryimage\"},\"thumbnailUrl\":\"https:\\\/\\\/diarioprincipios.com\\\/wp-content\\\/uploads\\\/2024\\\/01\\\/LAS-ESCUELAS-DE-BERAZATEGUI-COLABORAN-CON-EL-CUIDADO-DEL-AMBIENTE3.jpg\",\"articleSection\":[\"Berazategui\"],\"inLanguage\":\"es\",\"potentialAction\":[{\"@type\":\"CommentAction\",\"name\":\"Comment\",\"target\":[\"https:\\\/\\\/diarioprincipios.com\\\/index.php\\\/2024\\\/01\\\/03\\\/las-escuelas-de-berazategui-colaboran-con-el-cuidado-del-ambiente\\\/#respond\"]}]},{\"@type\":\"WebPage\",\"@id\":\"https:\\\/\\\/diarioprincipios.com\\\/index.php\\\/2024\\\/01\\\/03\\\/las-escuelas-de-berazategui-colaboran-con-el-cuidado-del-ambiente\\\/\",\"url\":\"https:\\\/\\\/diarioprincipios.com\\\/index.php\\\/2024\\\/01\\\/03\\\/las-escuelas-de-berazategui-colaboran-con-el-cuidado-del-ambiente\\\/\",\"name\":\"Las Escuelas de Berazategui colaboran con el Cuidado del Ambiente - Principios\",\"isPartOf\":{\"@id\":\"https:\\\/\\\/diarioprincipios.com\\\/#website\"},\"primaryImageOfPage\":{\"@id\":\"https:\\\/\\\/diarioprincipios.com\\\/index.php\\\/2024\\\/01\\\/03\\\/las-escuelas-de-berazategui-colaboran-con-el-cuidado-del-ambiente\\\/#primaryimage\"},\"image\":{\"@id\":\"https:\\\/\\\/diarioprincipios.com\\\/index.php\\\/2024\\\/01\\\/03\\\/las-escuelas-de-berazategui-colaboran-con-el-cuidado-del-ambiente\\\/#primaryimage\"},\"thumbnailUrl\":\"https:\\\/\\\/diarioprincipios.com\\\/wp-content\\\/uploads\\\/2024\\\/01\\\/LAS-ESCUELAS-DE-BERAZATEGUI-COLABORAN-CON-EL-CUIDADO-DEL-AMBIENTE3.jpg\",\"datePublished\":\"2024-01-04T01:50:20+00:00\",\"dateModified\":\"2024-01-04T01:50:23+00:00\",\"breadcrumb\":{\"@id\":\"https:\\\/\\\/diarioprincipios.com\\\/index.php\\\/2024\\\/01\\\/03\\\/las-escuelas-de-berazategui-colaboran-con-el-cuidado-del-ambiente\\\/#breadcrumb\"},\"inLanguage\":\"es\",\"potentialAction\":[{\"@type\":\"ReadAction\",\"target\":[\"https:\\\/\\\/diarioprincipios.com\\\/index.php\\\/2024\\\/01\\\/03\\\/las-escuelas-de-berazategui-colaboran-con-el-cuidado-del-ambiente\\\/\"]}]},{\"@type\":\"ImageObject\",\"inLanguage\":\"es\",\"@id\":\"https:\\\/\\\/diarioprincipios.com\\\/index.php\\\/2024\\\/01\\\/03\\\/las-escuelas-de-berazategui-colaboran-con-el-cuidado-del-ambiente\\\/#primaryimage\",\"url\":\"https:\\\/\\\/diarioprincipios.com\\\/wp-content\\\/uploads\\\/2024\\\/01\\\/LAS-ESCUELAS-DE-BERAZATEGUI-COLABORAN-CON-EL-CUIDADO-DEL-AMBIENTE3.jpg\",\"contentUrl\":\"https:\\\/\\\/diarioprincipios.com\\\/wp-content\\\/uploads\\\/2024\\\/01\\\/LAS-ESCUELAS-DE-BERAZATEGUI-COLABORAN-CON-EL-CUIDADO-DEL-AMBIENTE3.jpg\",\"width\":1920,\"height\":1280},{\"@type\":\"BreadcrumbList\",\"@id\":\"https:\\\/\\\/diarioprincipios.com\\\/index.php\\\/2024\\\/01\\\/03\\\/las-escuelas-de-berazategui-colaboran-con-el-cuidado-del-ambiente\\\/#breadcrumb\",\"itemListElement\":[{\"@type\":\"ListItem\",\"position\":1,\"name\":\"Portada\",\"item\":\"https:\\\/\\\/diarioprincipios.com\\\/\"},{\"@type\":\"ListItem\",\"position\":2,\"name\":\"Las Escuelas de Berazategui colaboran con el Cuidado del Ambiente\"}]},{\"@type\":\"WebSite\",\"@id\":\"https:\\\/\\\/diarioprincipios.com\\\/#website\",\"url\":\"https:\\\/\\\/diarioprincipios.com\\\/\",\"name\":\"Principios\",\"description\":\"Principios Diario\",\"publisher\":{\"@id\":\"https:\\\/\\\/diarioprincipios.com\\\/#organization\"},\"potentialAction\":[{\"@type\":\"SearchAction\",\"target\":{\"@type\":\"EntryPoint\",\"urlTemplate\":\"https:\\\/\\\/diarioprincipios.com\\\/?s={search_term_string}\"},\"query-input\":{\"@type\":\"PropertyValueSpecification\",\"valueRequired\":true,\"valueName\":\"search_term_string\"}}],\"inLanguage\":\"es\"},{\"@type\":\"Organization\",\"@id\":\"https:\\\/\\\/diarioprincipios.com\\\/#organization\",\"name\":\"Principios\",\"url\":\"https:\\\/\\\/diarioprincipios.com\\\/\",\"logo\":{\"@type\":\"ImageObject\",\"inLanguage\":\"es\",\"@id\":\"https:\\\/\\\/diarioprincipios.com\\\/#\\\/schema\\\/logo\\\/image\\\/\",\"url\":\"https:\\\/\\\/diarioprincipios.com\\\/wp-content\\\/uploads\\\/2024\\\/04\\\/cropped-www.diarioprincipios.com_-1.png\",\"contentUrl\":\"https:\\\/\\\/diarioprincipios.com\\\/wp-content\\\/uploads\\\/2024\\\/04\\\/cropped-www.diarioprincipios.com_-1.png\",\"width\":5325,\"height\":1454,\"caption\":\"Principios\"},\"image\":{\"@id\":\"https:\\\/\\\/diarioprincipios.com\\\/#\\\/schema\\\/logo\\\/image\\\/\"}},{\"@type\":\"Person\",\"@id\":\"https:\\\/\\\/diarioprincipios.com\\\/#\\\/schema\\\/person\\\/436d5a1fd41a5e250e23ff5a6a7cb080\",\"name\":\"Hern\u00e1n L\u00f3pez\",\"image\":{\"@type\":\"ImageObject\",\"inLanguage\":\"es\",\"@id\":\"https:\\\/\\\/diarioprincipios.com\\\/wp-content\\\/litespeed\\\/avatar\\\/11ddfe5610ff3bd100522525b2571f48.jpg?ver=1777048341\",\"url\":\"https:\\\/\\\/diarioprincipios.com\\\/wp-content\\\/litespeed\\\/avatar\\\/11ddfe5610ff3bd100522525b2571f48.jpg?ver=1777048341\",\"contentUrl\":\"https:\\\/\\\/diarioprincipios.com\\\/wp-content\\\/litespeed\\\/avatar\\\/11ddfe5610ff3bd100522525b2571f48.jpg?ver=1777048341\",\"caption\":\"Hern\u00e1n L\u00f3pez\"},\"url\":\"https:\\\/\\\/diarioprincipios.com\\\/index.php\\\/author\\\/hernan\\\/\"}]}<\/script>\n<!-- \/ Yoast SEO plugin. -->","yoast_head_json":{"title":"Las Escuelas de Berazategui colaboran con el Cuidado del Ambiente - Principios","robots":{"index":"index","follow":"follow","max-snippet":"max-snippet:-1","max-image-preview":"max-image-preview:large","max-video-preview":"max-video-preview:-1"},"canonical":"https:\/\/diarioprincipios.com\/index.php\/2024\/01\/03\/las-escuelas-de-berazategui-colaboran-con-el-cuidado-del-ambiente\/","og_locale":"es_ES","og_type":"article","og_title":"Las Escuelas de Berazategui colaboran con el Cuidado del Ambiente - Principios","og_description":"El Programa Municipal Berazategui Recicla -de la Secretar\u00eda de Organizaciones No Gubernamentales- articula con escuelas p\u00fablicas y privadas para emplear acciones conjuntas para el cuidado de la sustentabilidad y el ambiente.\u00a0 Al respecto, la coordinadora de Berazategui Recicla, Ana G\u00f3mez, expres\u00f3: \u201cEn el marco del Programa Conociendo Mi Ciudad -de la Secretar\u00eda de Desarrollo Social...","og_url":"https:\/\/diarioprincipios.com\/index.php\/2024\/01\/03\/las-escuelas-de-berazategui-colaboran-con-el-cuidado-del-ambiente\/","og_site_name":"Principios","article_published_time":"2024-01-04T01:50:20+00:00","article_modified_time":"2024-01-04T01:50:23+00:00","og_image":[{"width":1920,"height":1280,"url":"https:\/\/diarioprincipios.com\/wp-content\/uploads\/2024\/01\/LAS-ESCUELAS-DE-BERAZATEGUI-COLABORAN-CON-EL-CUIDADO-DEL-AMBIENTE3.jpg","type":"image\/jpeg"}],"author":"Hern\u00e1n L\u00f3pez","twitter_card":"summary_large_image","twitter_misc":{"Escrito por":"Hern\u00e1n L\u00f3pez","Tiempo de lectura":"2 minutos"},"schema":{"@context":"https:\/\/schema.org","@graph":[{"@type":"Article","@id":"https:\/\/diarioprincipios.com\/index.php\/2024\/01\/03\/las-escuelas-de-berazategui-colaboran-con-el-cuidado-del-ambiente\/#article","isPartOf":{"@id":"https:\/\/diarioprincipios.com\/index.php\/2024\/01\/03\/las-escuelas-de-berazategui-colaboran-con-el-cuidado-del-ambiente\/"},"author":{"name":"Hern\u00e1n L\u00f3pez","@id":"https:\/\/diarioprincipios.com\/#\/schema\/person\/436d5a1fd41a5e250e23ff5a6a7cb080"},"headline":"Las Escuelas de Berazategui colaboran con el Cuidado del Ambiente","datePublished":"2024-01-04T01:50:20+00:00","dateModified":"2024-01-04T01:50:23+00:00","mainEntityOfPage":{"@id":"https:\/\/diarioprincipios.com\/index.php\/2024\/01\/03\/las-escuelas-de-berazategui-colaboran-con-el-cuidado-del-ambiente\/"},"wordCount":211,"commentCount":0,"publisher":{"@id":"https:\/\/diarioprincipios.com\/#organization"},"image":{"@id":"https:\/\/diarioprincipios.com\/index.php\/2024\/01\/03\/las-escuelas-de-berazategui-colaboran-con-el-cuidado-del-ambiente\/#primaryimage"},"thumbnailUrl":"https:\/\/diarioprincipios.com\/wp-content\/uploads\/2024\/01\/LAS-ESCUELAS-DE-BERAZATEGUI-COLABORAN-CON-EL-CUIDADO-DEL-AMBIENTE3.jpg","articleSection":["Berazategui"],"inLanguage":"es","potentialAction":[{"@type":"CommentAction","name":"Comment","target":["https:\/\/diarioprincipios.com\/index.php\/2024\/01\/03\/las-escuelas-de-berazategui-colaboran-con-el-cuidado-del-ambiente\/#respond"]}]},{"@type":"WebPage","@id":"https:\/\/diarioprincipios.com\/index.php\/2024\/01\/03\/las-escuelas-de-berazategui-colaboran-con-el-cuidado-del-ambiente\/","url":"https:\/\/diarioprincipios.com\/index.php\/2024\/01\/03\/las-escuelas-de-berazategui-colaboran-con-el-cuidado-del-ambiente\/","name":"Las Escuelas de Berazategui colaboran con el Cuidado del Ambiente - Principios","isPartOf":{"@id":"https:\/\/diarioprincipios.com\/#website"},"primaryImageOfPage":{"@id":"https:\/\/diarioprincipios.com\/index.php\/2024\/01\/03\/las-escuelas-de-berazategui-colaboran-con-el-cuidado-del-ambiente\/#primaryimage"},"image":{"@id":"https:\/\/diarioprincipios.com\/index.php\/2024\/01\/03\/las-escuelas-de-berazategui-colaboran-con-el-cuidado-del-ambiente\/#primaryimage"},"thumbnailUrl":"https:\/\/diarioprincipios.com\/wp-content\/uploads\/2024\/01\/LAS-ESCUELAS-DE-BERAZATEGUI-COLABORAN-CON-EL-CUIDADO-DEL-AMBIENTE3.jpg","datePublished":"2024-01-04T01:50:20+00:00","dateModified":"2024-01-04T01:50:23+00:00","breadcrumb":{"@id":"https:\/\/diarioprincipios.com\/index.php\/2024\/01\/03\/las-escuelas-de-berazategui-colaboran-con-el-cuidado-del-ambiente\/#breadcrumb"},"inLanguage":"es","potentialAction":[{"@type":"ReadAction","target":["https:\/\/diarioprincipios.com\/index.php\/2024\/01\/03\/las-escuelas-de-berazategui-colaboran-con-el-cuidado-del-ambiente\/"]}]},{"@type":"ImageObject","inLanguage":"es","@id":"https:\/\/diarioprincipios.com\/index.php\/2024\/01\/03\/las-escuelas-de-berazategui-colaboran-con-el-cuidado-del-ambiente\/#primaryimage","url":"https:\/\/diarioprincipios.com\/wp-content\/uploads\/2024\/01\/LAS-ESCUELAS-DE-BERAZATEGUI-COLABORAN-CON-EL-CUIDADO-DEL-AMBIENTE3.jpg","contentUrl":"https:\/\/diarioprincipios.com\/wp-content\/uploads\/2024\/01\/LAS-ESCUELAS-DE-BERAZATEGUI-COLABORAN-CON-EL-CUIDADO-DEL-AMBIENTE3.jpg","width":1920,"height":1280},{"@type":"BreadcrumbList","@id":"https:\/\/diarioprincipios.com\/index.php\/2024\/01\/03\/las-escuelas-de-berazategui-colaboran-con-el-cuidado-del-ambiente\/#breadcrumb","itemListElement":[{"@type":"ListItem","position":1,"name":"Portada","item":"https:\/\/diarioprincipios.com\/"},{"@type":"ListItem","position":2,"name":"Las Escuelas de Berazategui colaboran con el Cuidado del Ambiente"}]},{"@type":"WebSite","@id":"https:\/\/diarioprincipios.com\/#website","url":"https:\/\/diarioprincipios.com\/","name":"Principios","description":"Principios Diario","publisher":{"@id":"https:\/\/diarioprincipios.com\/#organization"},"potentialAction":[{"@type":"SearchAction","target":{"@type":"EntryPoint","urlTemplate":"https:\/\/diarioprincipios.com\/?s={search_term_string}"},"query-input":{"@type":"PropertyValueSpecification","valueRequired":true,"valueName":"search_term_string"}}],"inLanguage":"es"},{"@type":"Organization","@id":"https:\/\/diarioprincipios.com\/#organization","name":"Principios","url":"https:\/\/diarioprincipios.com\/","logo":{"@type":"ImageObject","inLanguage":"es","@id":"https:\/\/diarioprincipios.com\/#\/schema\/logo\/image\/","url":"https:\/\/diarioprincipios.com\/wp-content\/uploads\/2024\/04\/cropped-www.diarioprincipios.com_-1.png","contentUrl":"https:\/\/diarioprincipios.com\/wp-content\/uploads\/2024\/04\/cropped-www.diarioprincipios.com_-1.png","width":5325,"height":1454,"caption":"Principios"},"image":{"@id":"https:\/\/diarioprincipios.com\/#\/schema\/logo\/image\/"}},{"@type":"Person","@id":"https:\/\/diarioprincipios.com\/#\/schema\/person\/436d5a1fd41a5e250e23ff5a6a7cb080","name":"Hern\u00e1n L\u00f3pez","image":{"@type":"ImageObject","inLanguage":"es","@id":"https:\/\/diarioprincipios.com\/wp-content\/litespeed\/avatar\/11ddfe5610ff3bd100522525b2571f48.jpg?ver=1777048341","url":"https:\/\/diarioprincipios.com\/wp-content\/litespeed\/avatar\/11ddfe5610ff3bd100522525b2571f48.jpg?ver=1777048341","contentUrl":"https:\/\/diarioprincipios.com\/wp-content\/litespeed\/avatar\/11ddfe5610ff3bd100522525b2571f48.jpg?ver=1777048341","caption":"Hern\u00e1n L\u00f3pez"},"url":"https:\/\/diarioprincipios.com\/index.php\/author\/hernan\/"}]}},"jetpack_featured_media_url":"https:\/\/diarioprincipios.com\/wp-content\/uploads\/2024\/01\/LAS-ESCUELAS-DE-BERAZATEGUI-COLABORAN-CON-EL-CUIDADO-DEL-AMBIENTE3.jpg","_links":{"self":[{"href":"https:\/\/diarioprincipios.com\/index.php\/wp-json\/wp\/v2\/posts\/20267","targetHints":{"allow":["GET"]}}],"collection":[{"href":"https:\/\/diarioprincipios.com\/index.php\/wp-json\/wp\/v2\/posts"}],"about":[{"href":"https:\/\/diarioprincipios.com\/index.php\/wp-json\/wp\/v2\/types\/post"}],"author":[{"embeddable":true,"href":"https:\/\/diarioprincipios.com\/index.php\/wp-json\/wp\/v2\/users\/2"}],"replies":[{"embeddable":true,"href":"https:\/\/diarioprincipios.com\/index.php\/wp-json\/wp\/v2\/comments?post=20267"}],"version-history":[{"count":1,"href":"https:\/\/diarioprincipios.com\/index.php\/wp-json\/wp\/v2\/posts\/20267\/revisions"}],"predecessor-version":[{"id":20271,"href":"https:\/\/diarioprincipios.com\/index.php\/wp-json\/wp\/v2\/posts\/20267\/revisions\/20271"}],"wp:featuredmedia":[{"embeddable":true,"href":"https:\/\/diarioprincipios.com\/index.php\/wp-json\/wp\/v2\/media\/20269"}],"wp:attachment":[{"href":"https:\/\/diarioprincipios.com\/index.php\/wp-json\/wp\/v2\/media?parent=20267"}],"wp:term":[{"taxonomy":"category","embeddable":true,"href":"https:\/\/diarioprincipios.com\/index.php\/wp-json\/wp\/v2\/categories?post=20267"},{"taxonomy":"post_tag","embeddable":true,"href":"https:\/\/diarioprincipios.com\/index.php\/wp-json\/wp\/v2\/tags?post=20267"}],"curies":[{"name":"wp","href":"https:\/\/api.w.org\/{rel}","templated":true}]}}